{"id":143433,"date":"2023-11-14T13:56:24","date_gmt":"2023-11-14T16:56:24","guid":{"rendered":"https:\/\/folhapopular.info\/?p=143433"},"modified":"2023-11-14T13:56:27","modified_gmt":"2023-11-14T16:56:27","slug":"experiencia-de-consumo-pauta-ultimo-cafe-de-2023-do-forum-da-mulher-empresaria-da-acil","status":"publish","type":"post","link":"https:\/\/folhapopular.info\/index.php\/2023\/11\/14\/experiencia-de-consumo-pauta-ultimo-cafe-de-2023-do-forum-da-mulher-empresaria-da-acil\/","title":{"rendered":"Experi\u00eancia de consumo pauta \u00faltimo caf\u00e9 de 2023 do F\u00f3rum da Mulher Empres\u00e1ria da Acil"},"content":{"rendered":"\n<p>\u201cIndependente se for com\u00e9rcio ou presta\u00e7\u00e3o de servi\u00e7o. O importante \u00e9 provocar experi\u00eancias que encantem e fidelizem o consumidor\u201d. A dica foi dada na manh\u00e3 desta ter\u00e7a-feira (14\/11) durante caf\u00e9 da manh\u00e3 promovido pelo F\u00f3rum da Mulher Empres\u00e1ria (FME), da Associa\u00e7\u00e3o Comercial e Industrial de Lajeado (Acil). Com o tema \u201cA pot\u00eancia do consumo local\u201d, a \u00faltima programa\u00e7\u00e3o de 2023 realizada pelo grupo contou com a participa\u00e7\u00e3o de cerca de 80 pessoas.<\/p>\n\n\n\n<p>Trazendo informa\u00e7\u00f5es sobre a movimenta\u00e7\u00e3o do com\u00e9rcio na regi\u00e3o e orienta\u00e7\u00f5es de como atrair mais clientes diante de um cen\u00e1rio cada vez mais competitivo, o evento contou com exposi\u00e7\u00e3o da diretora executiva da Sicredi Integra\u00e7\u00e3o RS\/MG, Graziela Reis Bogorni, da contadora, consultora financeira e propriet\u00e1ria da Dicont Contabilidade, Diandra Castioni e da propriet\u00e1ria da Vov\u00f3 Faz Bolo, Bianca Trevisol.<\/p>\n\n\n\n<p>Graziela iniciou sua exposi\u00e7\u00e3o falando sobre a cooperativa. De acordo com ela, o Sicredi busca oferecer um servi\u00e7o diferenciado para seus s\u00f3cios. \u201cCom a chegada do digital, algumas pessoas n\u00e3o querem mais se deslocar at\u00e9 uma ag\u00eancia para resolver algumas situa\u00e7\u00f5es. N\u00f3s aprimoramos nosso aplicativo e hoje todos os nossos servi\u00e7os est\u00e3o dispon\u00edveis por l\u00e1\u201d, comentou. Al\u00e9m de contar com as facilidades do atendimento digital, a cooperativa conta com as ag\u00eancias que oferecem atendimento personalizado para todos os cooperados.<\/p>\n\n\n\n<p>Na sequ\u00eancia, Diandra falou sobre o comportamento do consumidor. Grande parte dos consumidores, segundo ela, est\u00e3o dispostos a pagar mais caro em estabelecimentos que ofere\u00e7am uma experi\u00eancia de compra. \u201cA experi\u00eancia se tornou o novo produto do com\u00e9rcio. Hoje em dia, ela torna-se quase mais importante do que a pr\u00f3pria mercadoria\u201d, destacou. Segundo a empres\u00e1ria, os estabelecimentos que apresentam crescimento s\u00e3o aqueles que provocam sensa\u00e7\u00f5es no consumidor que o fa\u00e7am retornar.<\/p>\n\n\n\n<p>Bianca apresentou o <em>case<\/em> da Vov\u00f3 Faz Bolo. A empresa familiar nasceu em 2012 e tem como miss\u00e3o resgatar o sabor da inf\u00e2ncia nos clientes. De acordo com Bianca, a empresa prioriza o atendimento e qualidade dos produtos. \u201cSe o cliente est\u00e1 satisfeito, n\u00f3s estamos satisfeitos\u201d, comentou. Segundo a empres\u00e1ria, os <em>feedbacks<\/em> vindos dos clientes s\u00e3o levados em considera\u00e7\u00e3o na hora de produzir os produtos. \u201cN\u00f3s queremos que eles estejam \u00e0 vontade para opinar e deixar sua sugest\u00e3o de melhoria, pois com isso sabemos que ele vai voltar\u201d, concluiu.<\/p>\n\n\n\n<p>As palestrantes refor\u00e7aram tamb\u00e9m a import\u00e2ncia do relacionamento para fortalecer os neg\u00f3cios. \u201cAl\u00e9m de participar de grupos para trocar experi\u00eancias, temos que estar sempre abertas para inovar. Seja na condu\u00e7\u00e3o dos neg\u00f3cios ou at\u00e9 mesmo na forma de atender. O bom atendimento \u00e9 fundamental para promover o nosso com\u00e9rcio\u201d, conclu\u00edram.<\/p>\n","protected":false},"excerpt":{"rendered":"<p>\u201cIndependente se for com\u00e9rcio ou presta\u00e7\u00e3o de servi\u00e7o. O importante \u00e9 provocar experi\u00eancias que encantem e fidelizem o consumidor\u201d. A dica foi dada na manh\u00e3 desta ter\u00e7a-feira (14\/11) durante caf\u00e9 da manh\u00e3 promovido pelo F\u00f3rum da Mulher Empres\u00e1ria (FME), da Associa\u00e7\u00e3o Comercial e Industrial de Lajeado (Acil). Com o tema \u201cA pot\u00eancia do consumo local\u201d, [&hellip;]<\/p>\n","protected":false},"author":8,"featured_media":143434,"comment_status":"open","ping_status":"open","sticky":false,"template":"","format":"standard","meta":{"pmpro_default_level":"","_jetpack_memberships_contains_paid_content":false,"footnotes":""},"categories":[2,10991,10993],"tags":[214,10880,9932],"class_list":{"0":"post-143433","1":"post","2":"type-post","3":"status-publish","4":"format-standard","5":"has-post-thumbnail","7":"category-featured","8":"category-economia","9":"category-empreender","10":"tag-acil","11":"tag-consumo","12":"tag-forum-da-mulher-empresaria","13":"pmpro-has-access"},"yoast_head":"<!-- This site is optimized with the Yoast SEO plugin v27.4 - https:\/\/yoast.com\/product\/yoast-seo-wordpress\/ -->\n<title>Experi\u00eancia de consumo pauta \u00faltimo caf\u00e9 de 2023 do F\u00f3rum da Mulher Empres\u00e1ria da Acil - Folha Popular<\/title>\n<meta name=\"robots\" content=\"index, follow, max-snippet:-1, max-image-preview:large, max-video-preview:-1\" \/>\n<link rel=\"canonical\" href=\"https:\/\/folhapopular.info\/index.php\/2023\/11\/14\/experiencia-de-consumo-pauta-ultimo-cafe-de-2023-do-forum-da-mulher-empresaria-da-acil\/\" \/>\n<meta property=\"og:locale\" content=\"pt_BR\" \/>\n<meta property=\"og:type\" content=\"article\" \/>\n<meta property=\"og:title\" content=\"Experi\u00eancia de consumo pauta \u00faltimo caf\u00e9 de 2023 do F\u00f3rum da Mulher Empres\u00e1ria da Acil - Folha Popular\" \/>\n<meta property=\"og:description\" content=\"\u201cIndependente se for com\u00e9rcio ou presta\u00e7\u00e3o de servi\u00e7o. O importante \u00e9 provocar experi\u00eancias que encantem e fidelizem o consumidor\u201d. A dica foi dada na manh\u00e3 desta ter\u00e7a-feira (14\/11) durante caf\u00e9 da manh\u00e3 promovido pelo F\u00f3rum da Mulher Empres\u00e1ria (FME), da Associa\u00e7\u00e3o Comercial e Industrial de Lajeado (Acil). Com o tema \u201cA pot\u00eancia do consumo local\u201d, [&hellip;]\" \/>\n<meta property=\"og:url\" content=\"https:\/\/folhapopular.info\/index.php\/2023\/11\/14\/experiencia-de-consumo-pauta-ultimo-cafe-de-2023-do-forum-da-mulher-empresaria-da-acil\/\" \/>\n<meta property=\"og:site_name\" content=\"Folha Popular\" \/>\n<meta property=\"article:published_time\" content=\"2023-11-14T16:56:24+00:00\" \/>\n<meta property=\"article:modified_time\" content=\"2023-11-14T16:56:27+00:00\" \/>\n<meta property=\"og:image\" content=\"http:\/\/folhapopular.info\/wp-content\/uploads\/2023\/11\/IMG_9594-e1699980892779.jpeg\" \/>\n\t<meta property=\"og:image:width\" content=\"1822\" \/>\n\t<meta property=\"og:image:height\" content=\"1029\" \/>\n\t<meta property=\"og:image:type\" content=\"image\/jpeg\" \/>\n<meta name=\"author\" content=\"Reda\u00e7\u00e3o Folha Popular\" \/>\n<meta name=\"twitter:card\" content=\"summary_large_image\" \/>\n<meta name=\"twitter:label1\" content=\"Escrito por\" \/>\n\t<meta name=\"twitter:data1\" content=\"Reda\u00e7\u00e3o Folha Popular\" \/>\n\t<meta name=\"twitter:label2\" content=\"Est. tempo de leitura\" \/>\n\t<meta name=\"twitter:data2\" content=\"3 minutos\" \/>\n<script type=\"application\/ld+json\" class=\"yoast-schema-graph\">{\"@context\":\"https:\\\/\\\/schema.org\",\"@graph\":[{\"@type\":\"Article\",\"@id\":\"https:\\\/\\\/folhapopular.info\\\/index.php\\\/2023\\\/11\\\/14\\\/experiencia-de-consumo-pauta-ultimo-cafe-de-2023-do-forum-da-mulher-empresaria-da-acil\\\/#article\",\"isPartOf\":{\"@id\":\"https:\\\/\\\/folhapopular.info\\\/index.php\\\/2023\\\/11\\\/14\\\/experiencia-de-consumo-pauta-ultimo-cafe-de-2023-do-forum-da-mulher-empresaria-da-acil\\\/\"},\"author\":{\"name\":\"Reda\u00e7\u00e3o Folha Popular\",\"@id\":\"https:\\\/\\\/folhapopular.info\\\/#\\\/schema\\\/person\\\/2814e8a0df7643585a9ca38bc6eb9d4b\"},\"headline\":\"Experi\u00eancia de consumo pauta \u00faltimo caf\u00e9 de 2023 do F\u00f3rum da Mulher Empres\u00e1ria da Acil\",\"datePublished\":\"2023-11-14T16:56:24+00:00\",\"dateModified\":\"2023-11-14T16:56:27+00:00\",\"mainEntityOfPage\":{\"@id\":\"https:\\\/\\\/folhapopular.info\\\/index.php\\\/2023\\\/11\\\/14\\\/experiencia-de-consumo-pauta-ultimo-cafe-de-2023-do-forum-da-mulher-empresaria-da-acil\\\/\"},\"wordCount\":493,\"commentCount\":0,\"image\":{\"@id\":\"https:\\\/\\\/folhapopular.info\\\/index.php\\\/2023\\\/11\\\/14\\\/experiencia-de-consumo-pauta-ultimo-cafe-de-2023-do-forum-da-mulher-empresaria-da-acil\\\/#primaryimage\"},\"thumbnailUrl\":\"https:\\\/\\\/folhapopular.info\\\/wp-content\\\/uploads\\\/2023\\\/11\\\/IMG_9594-e1699980892779.jpeg\",\"keywords\":[\"Acil\",\"Consumo\",\"F\u00f3rum da Mulher Empres\u00e1ria\"],\"articleSection\":[\"Destaques\",\"Economia\",\"Empreender\"],\"inLanguage\":\"pt-BR\",\"potentialAction\":[{\"@type\":\"CommentAction\",\"name\":\"Comment\",\"target\":[\"https:\\\/\\\/folhapopular.info\\\/index.php\\\/2023\\\/11\\\/14\\\/experiencia-de-consumo-pauta-ultimo-cafe-de-2023-do-forum-da-mulher-empresaria-da-acil\\\/#respond\"]}]},{\"@type\":\"WebPage\",\"@id\":\"https:\\\/\\\/folhapopular.info\\\/index.php\\\/2023\\\/11\\\/14\\\/experiencia-de-consumo-pauta-ultimo-cafe-de-2023-do-forum-da-mulher-empresaria-da-acil\\\/\",\"url\":\"https:\\\/\\\/folhapopular.info\\\/index.php\\\/2023\\\/11\\\/14\\\/experiencia-de-consumo-pauta-ultimo-cafe-de-2023-do-forum-da-mulher-empresaria-da-acil\\\/\",\"name\":\"Experi\u00eancia de consumo pauta \u00faltimo caf\u00e9 de 2023 do F\u00f3rum da Mulher Empres\u00e1ria da Acil - Folha Popular\",\"isPartOf\":{\"@id\":\"https:\\\/\\\/folhapopular.info\\\/#website\"},\"primaryImageOfPage\":{\"@id\":\"https:\\\/\\\/folhapopular.info\\\/index.php\\\/2023\\\/11\\\/14\\\/experiencia-de-consumo-pauta-ultimo-cafe-de-2023-do-forum-da-mulher-empresaria-da-acil\\\/#primaryimage\"},\"image\":{\"@id\":\"https:\\\/\\\/folhapopular.info\\\/index.php\\\/2023\\\/11\\\/14\\\/experiencia-de-consumo-pauta-ultimo-cafe-de-2023-do-forum-da-mulher-empresaria-da-acil\\\/#primaryimage\"},\"thumbnailUrl\":\"https:\\\/\\\/folhapopular.info\\\/wp-content\\\/uploads\\\/2023\\\/11\\\/IMG_9594-e1699980892779.jpeg\",\"datePublished\":\"2023-11-14T16:56:24+00:00\",\"dateModified\":\"2023-11-14T16:56:27+00:00\",\"author\":{\"@id\":\"https:\\\/\\\/folhapopular.info\\\/#\\\/schema\\\/person\\\/2814e8a0df7643585a9ca38bc6eb9d4b\"},\"breadcrumb\":{\"@id\":\"https:\\\/\\\/folhapopular.info\\\/index.php\\\/2023\\\/11\\\/14\\\/experiencia-de-consumo-pauta-ultimo-cafe-de-2023-do-forum-da-mulher-empresaria-da-acil\\\/#breadcrumb\"},\"inLanguage\":\"pt-BR\",\"potentialAction\":[{\"@type\":\"ReadAction\",\"target\":[\"https:\\\/\\\/folhapopular.info\\\/index.php\\\/2023\\\/11\\\/14\\\/experiencia-de-consumo-pauta-ultimo-cafe-de-2023-do-forum-da-mulher-empresaria-da-acil\\\/\"]}]},{\"@type\":\"ImageObject\",\"inLanguage\":\"pt-BR\",\"@id\":\"https:\\\/\\\/folhapopular.info\\\/index.php\\\/2023\\\/11\\\/14\\\/experiencia-de-consumo-pauta-ultimo-cafe-de-2023-do-forum-da-mulher-empresaria-da-acil\\\/#primaryimage\",\"url\":\"https:\\\/\\\/folhapopular.info\\\/wp-content\\\/uploads\\\/2023\\\/11\\\/IMG_9594-e1699980892779.jpeg\",\"contentUrl\":\"https:\\\/\\\/folhapopular.info\\\/wp-content\\\/uploads\\\/2023\\\/11\\\/IMG_9594-e1699980892779.jpeg\",\"width\":1822,\"height\":1029,\"caption\":\"Cr\u00e9dito: Camille Lenz da Silva\"},{\"@type\":\"BreadcrumbList\",\"@id\":\"https:\\\/\\\/folhapopular.info\\\/index.php\\\/2023\\\/11\\\/14\\\/experiencia-de-consumo-pauta-ultimo-cafe-de-2023-do-forum-da-mulher-empresaria-da-acil\\\/#breadcrumb\",\"itemListElement\":[{\"@type\":\"ListItem\",\"position\":1,\"name\":\"In\u00edcio\",\"item\":\"https:\\\/\\\/folhapopular.info\\\/\"},{\"@type\":\"ListItem\",\"position\":2,\"name\":\"Experi\u00eancia de consumo pauta \u00faltimo caf\u00e9 de 2023 do F\u00f3rum da Mulher Empres\u00e1ria da Acil\"}]},{\"@type\":\"WebSite\",\"@id\":\"https:\\\/\\\/folhapopular.info\\\/#website\",\"url\":\"https:\\\/\\\/folhapopular.info\\\/\",\"name\":\"Folha Popular\",\"description\":\"Onde voc\u00ea tem vez e voz\",\"potentialAction\":[{\"@type\":\"SearchAction\",\"target\":{\"@type\":\"EntryPoint\",\"urlTemplate\":\"https:\\\/\\\/folhapopular.info\\\/?s={search_term_string}\"},\"query-input\":{\"@type\":\"PropertyValueSpecification\",\"valueRequired\":true,\"valueName\":\"search_term_string\"}}],\"inLanguage\":\"pt-BR\"},{\"@type\":\"Person\",\"@id\":\"https:\\\/\\\/folhapopular.info\\\/#\\\/schema\\\/person\\\/2814e8a0df7643585a9ca38bc6eb9d4b\",\"name\":\"Reda\u00e7\u00e3o Folha Popular\",\"image\":{\"@type\":\"ImageObject\",\"inLanguage\":\"pt-BR\",\"@id\":\"https:\\\/\\\/folhapopular.info\\\/wp-content\\\/uploads\\\/2026\\\/04\\\/Folha-1.webp\",\"url\":\"https:\\\/\\\/folhapopular.info\\\/wp-content\\\/uploads\\\/2026\\\/04\\\/Folha-1.webp\",\"contentUrl\":\"https:\\\/\\\/folhapopular.info\\\/wp-content\\\/uploads\\\/2026\\\/04\\\/Folha-1.webp\",\"caption\":\"Reda\u00e7\u00e3o Folha Popular\"},\"url\":\"https:\\\/\\\/folhapopular.info\\\/index.php\\\/author\\\/redacao\\\/\"}]}<\/script>\n<!-- \/ Yoast SEO plugin. -->","yoast_head_json":{"title":"Experi\u00eancia de consumo pauta \u00faltimo caf\u00e9 de 2023 do F\u00f3rum da Mulher Empres\u00e1ria da Acil - Folha Popular","robots":{"index":"index","follow":"follow","max-snippet":"max-snippet:-1","max-image-preview":"max-image-preview:large","max-video-preview":"max-video-preview:-1"},"canonical":"https:\/\/folhapopular.info\/index.php\/2023\/11\/14\/experiencia-de-consumo-pauta-ultimo-cafe-de-2023-do-forum-da-mulher-empresaria-da-acil\/","og_locale":"pt_BR","og_type":"article","og_title":"Experi\u00eancia de consumo pauta \u00faltimo caf\u00e9 de 2023 do F\u00f3rum da Mulher Empres\u00e1ria da Acil - Folha Popular","og_description":"\u201cIndependente se for com\u00e9rcio ou presta\u00e7\u00e3o de servi\u00e7o. O importante \u00e9 provocar experi\u00eancias que encantem e fidelizem o consumidor\u201d. A dica foi dada na manh\u00e3 desta ter\u00e7a-feira (14\/11) durante caf\u00e9 da manh\u00e3 promovido pelo F\u00f3rum da Mulher Empres\u00e1ria (FME), da Associa\u00e7\u00e3o Comercial e Industrial de Lajeado (Acil). Com o tema \u201cA pot\u00eancia do consumo local\u201d, [&hellip;]","og_url":"https:\/\/folhapopular.info\/index.php\/2023\/11\/14\/experiencia-de-consumo-pauta-ultimo-cafe-de-2023-do-forum-da-mulher-empresaria-da-acil\/","og_site_name":"Folha Popular","article_published_time":"2023-11-14T16:56:24+00:00","article_modified_time":"2023-11-14T16:56:27+00:00","og_image":[{"width":1822,"height":1029,"url":"http:\/\/folhapopular.info\/wp-content\/uploads\/2023\/11\/IMG_9594-e1699980892779.jpeg","type":"image\/jpeg"}],"author":"Reda\u00e7\u00e3o Folha Popular","twitter_card":"summary_large_image","twitter_misc":{"Escrito por":"Reda\u00e7\u00e3o Folha Popular","Est. tempo de leitura":"3 minutos"},"schema":{"@context":"https:\/\/schema.org","@graph":[{"@type":"Article","@id":"https:\/\/folhapopular.info\/index.php\/2023\/11\/14\/experiencia-de-consumo-pauta-ultimo-cafe-de-2023-do-forum-da-mulher-empresaria-da-acil\/#article","isPartOf":{"@id":"https:\/\/folhapopular.info\/index.php\/2023\/11\/14\/experiencia-de-consumo-pauta-ultimo-cafe-de-2023-do-forum-da-mulher-empresaria-da-acil\/"},"author":{"name":"Reda\u00e7\u00e3o Folha Popular","@id":"https:\/\/folhapopular.info\/#\/schema\/person\/2814e8a0df7643585a9ca38bc6eb9d4b"},"headline":"Experi\u00eancia de consumo pauta \u00faltimo caf\u00e9 de 2023 do F\u00f3rum da Mulher Empres\u00e1ria da Acil","datePublished":"2023-11-14T16:56:24+00:00","dateModified":"2023-11-14T16:56:27+00:00","mainEntityOfPage":{"@id":"https:\/\/folhapopular.info\/index.php\/2023\/11\/14\/experiencia-de-consumo-pauta-ultimo-cafe-de-2023-do-forum-da-mulher-empresaria-da-acil\/"},"wordCount":493,"commentCount":0,"image":{"@id":"https:\/\/folhapopular.info\/index.php\/2023\/11\/14\/experiencia-de-consumo-pauta-ultimo-cafe-de-2023-do-forum-da-mulher-empresaria-da-acil\/#primaryimage"},"thumbnailUrl":"https:\/\/folhapopular.info\/wp-content\/uploads\/2023\/11\/IMG_9594-e1699980892779.jpeg","keywords":["Acil","Consumo","F\u00f3rum da Mulher Empres\u00e1ria"],"articleSection":["Destaques","Economia","Empreender"],"inLanguage":"pt-BR","potentialAction":[{"@type":"CommentAction","name":"Comment","target":["https:\/\/folhapopular.info\/index.php\/2023\/11\/14\/experiencia-de-consumo-pauta-ultimo-cafe-de-2023-do-forum-da-mulher-empresaria-da-acil\/#respond"]}]},{"@type":"WebPage","@id":"https:\/\/folhapopular.info\/index.php\/2023\/11\/14\/experiencia-de-consumo-pauta-ultimo-cafe-de-2023-do-forum-da-mulher-empresaria-da-acil\/","url":"https:\/\/folhapopular.info\/index.php\/2023\/11\/14\/experiencia-de-consumo-pauta-ultimo-cafe-de-2023-do-forum-da-mulher-empresaria-da-acil\/","name":"Experi\u00eancia de consumo pauta \u00faltimo caf\u00e9 de 2023 do F\u00f3rum da Mulher Empres\u00e1ria da Acil - Folha Popular","isPartOf":{"@id":"https:\/\/folhapopular.info\/#website"},"primaryImageOfPage":{"@id":"https:\/\/folhapopular.info\/index.php\/2023\/11\/14\/experiencia-de-consumo-pauta-ultimo-cafe-de-2023-do-forum-da-mulher-empresaria-da-acil\/#primaryimage"},"image":{"@id":"https:\/\/folhapopular.info\/index.php\/2023\/11\/14\/experiencia-de-consumo-pauta-ultimo-cafe-de-2023-do-forum-da-mulher-empresaria-da-acil\/#primaryimage"},"thumbnailUrl":"https:\/\/folhapopular.info\/wp-content\/uploads\/2023\/11\/IMG_9594-e1699980892779.jpeg","datePublished":"2023-11-14T16:56:24+00:00","dateModified":"2023-11-14T16:56:27+00:00","author":{"@id":"https:\/\/folhapopular.info\/#\/schema\/person\/2814e8a0df7643585a9ca38bc6eb9d4b"},"breadcrumb":{"@id":"https:\/\/folhapopular.info\/index.php\/2023\/11\/14\/experiencia-de-consumo-pauta-ultimo-cafe-de-2023-do-forum-da-mulher-empresaria-da-acil\/#breadcrumb"},"inLanguage":"pt-BR","potentialAction":[{"@type":"ReadAction","target":["https:\/\/folhapopular.info\/index.php\/2023\/11\/14\/experiencia-de-consumo-pauta-ultimo-cafe-de-2023-do-forum-da-mulher-empresaria-da-acil\/"]}]},{"@type":"ImageObject","inLanguage":"pt-BR","@id":"https:\/\/folhapopular.info\/index.php\/2023\/11\/14\/experiencia-de-consumo-pauta-ultimo-cafe-de-2023-do-forum-da-mulher-empresaria-da-acil\/#primaryimage","url":"https:\/\/folhapopular.info\/wp-content\/uploads\/2023\/11\/IMG_9594-e1699980892779.jpeg","contentUrl":"https:\/\/folhapopular.info\/wp-content\/uploads\/2023\/11\/IMG_9594-e1699980892779.jpeg","width":1822,"height":1029,"caption":"Cr\u00e9dito: Camille Lenz da Silva"},{"@type":"BreadcrumbList","@id":"https:\/\/folhapopular.info\/index.php\/2023\/11\/14\/experiencia-de-consumo-pauta-ultimo-cafe-de-2023-do-forum-da-mulher-empresaria-da-acil\/#breadcrumb","itemListElement":[{"@type":"ListItem","position":1,"name":"In\u00edcio","item":"https:\/\/folhapopular.info\/"},{"@type":"ListItem","position":2,"name":"Experi\u00eancia de consumo pauta \u00faltimo caf\u00e9 de 2023 do F\u00f3rum da Mulher Empres\u00e1ria da Acil"}]},{"@type":"WebSite","@id":"https:\/\/folhapopular.info\/#website","url":"https:\/\/folhapopular.info\/","name":"Folha Popular","description":"Onde voc\u00ea tem vez e voz","potentialAction":[{"@type":"SearchAction","target":{"@type":"EntryPoint","urlTemplate":"https:\/\/folhapopular.info\/?s={search_term_string}"},"query-input":{"@type":"PropertyValueSpecification","valueRequired":true,"valueName":"search_term_string"}}],"inLanguage":"pt-BR"},{"@type":"Person","@id":"https:\/\/folhapopular.info\/#\/schema\/person\/2814e8a0df7643585a9ca38bc6eb9d4b","name":"Reda\u00e7\u00e3o Folha Popular","image":{"@type":"ImageObject","inLanguage":"pt-BR","@id":"https:\/\/folhapopular.info\/wp-content\/uploads\/2026\/04\/Folha-1.webp","url":"https:\/\/folhapopular.info\/wp-content\/uploads\/2026\/04\/Folha-1.webp","contentUrl":"https:\/\/folhapopular.info\/wp-content\/uploads\/2026\/04\/Folha-1.webp","caption":"Reda\u00e7\u00e3o Folha Popular"},"url":"https:\/\/folhapopular.info\/index.php\/author\/redacao\/"}]}},"jetpack_featured_media_url":"https:\/\/folhapopular.info\/wp-content\/uploads\/2023\/11\/IMG_9594-e1699980892779.jpeg","jetpack_sharing_enabled":true,"amp_enabled":true,"_links":{"self":[{"href":"https:\/\/folhapopular.info\/index.php\/wp-json\/wp\/v2\/posts\/143433","targetHints":{"allow":["GET"]}}],"collection":[{"href":"https:\/\/folhapopular.info\/index.php\/wp-json\/wp\/v2\/posts"}],"about":[{"href":"https:\/\/folhapopular.info\/index.php\/wp-json\/wp\/v2\/types\/post"}],"author":[{"embeddable":true,"href":"https:\/\/folhapopular.info\/index.php\/wp-json\/wp\/v2\/users\/8"}],"replies":[{"embeddable":true,"href":"https:\/\/folhapopular.info\/index.php\/wp-json\/wp\/v2\/comments?post=143433"}],"version-history":[{"count":0,"href":"https:\/\/folhapopular.info\/index.php\/wp-json\/wp\/v2\/posts\/143433\/revisions"}],"wp:featuredmedia":[{"embeddable":true,"href":"https:\/\/folhapopular.info\/index.php\/wp-json\/wp\/v2\/media\/143434"}],"wp:attachment":[{"href":"https:\/\/folhapopular.info\/index.php\/wp-json\/wp\/v2\/media?parent=143433"}],"wp:term":[{"taxonomy":"category","embeddable":true,"href":"https:\/\/folhapopular.info\/index.php\/wp-json\/wp\/v2\/categories?post=143433"},{"taxonomy":"post_tag","embeddable":true,"href":"https:\/\/folhapopular.info\/index.php\/wp-json\/wp\/v2\/tags?post=143433"}],"curies":[{"name":"wp","href":"https:\/\/api.w.org\/{rel}","templated":true}]}}