{"id":143492,"date":"2023-11-15T11:25:39","date_gmt":"2023-11-15T14:25:39","guid":{"rendered":"https:\/\/folhapopular.info\/?p=143492"},"modified":"2023-11-16T14:55:44","modified_gmt":"2023-11-16T17:55:44","slug":"aslivata-reuniu-semifinalistas-da-serie-a-do-regional","status":"publish","type":"post","link":"https:\/\/folhapopular.info\/index.php\/2023\/11\/15\/aslivata-reuniu-semifinalistas-da-serie-a-do-regional\/","title":{"rendered":"Aslivata reuniu semifinalistas da S\u00e9rie A do Regional"},"content":{"rendered":"\n<p>A Associa\u00e7\u00e3o de Ligas dos Vales do Taquari (Aslivata) e a Associa\u00e7\u00e3o Regional de \u00c1rbitros (ARA) reuniram os semifinalistas da S\u00e9rie A do Regional da Aslivata \u2013 Copa Certel Sicredi \u2013 na manh\u00e3 desta quarta-feira (15\/11), na sede da entidade em Lajeado.\u00a0O objetivo foi avaliar pontos da fase anterior para melhorar para as semifinais.<\/p>\n\n\n\n<p>A entidade abriu espa\u00e7o para cada clube avaliar a arbitragem e sugerir pontos de melhoria. Dirigentes do Serrano de Encantado, Estudiantes de Lajeado, Juventude de Westf\u00e1lia e Fluminense de Mato Leit\u00e3o falaram sobre o tema. &#8220;Importante estes pontos para melhorar o campeonato. N\u00f3s queremos que d\u00ea certo e vamos trazer o que temos de melhor na arbitragem. Ser\u00e3o 2 trios por campo, um para os Aspirantes e outro para os Titulares&#8221;, destacou o presidente da ARA, Jorge de Freitas.<\/p>\n\n\n\n<p>Os dirigentes dos clubes tamb\u00e9m reconheceram a relev\u00e2ncia dos jogadores contribu\u00edrem para o bom andamento dos jogos. &#8220;Os dirigentes precisam apaziguar. E a integra\u00e7\u00e3o entre as comunidades deve prevalecer&#8221;, foram pontos abordados pelos representantes dos clubes.<\/p>\n\n\n\n<p>O presidente da Aslivata, Vianei Batista Hammes, informou a manuten\u00e7\u00e3o dos jogos nas pra\u00e7as esportivas dos clubes classificados. Os hor\u00e1rios de in\u00edcio dos jogos ser\u00e3o mantidos para 14h (Aspirantes) e 16h (Titulares) no jogo de ida; a partida de volta ser\u00e1 13h30 (Aspirantes) e 15h30 (Titulares).<\/p>\n\n\n\n<p>Os cart\u00f5es amarelos foram zerados ap\u00f3s a fase anterior. O valor do ingresso ser\u00e1 de R$ 15,00. Outros pontos j\u00e1 observados nas fases anteriores receberam refor\u00e7o: bebida sem garrafa de vidro, divis\u00e3o das torcidas e seguran\u00e7a.<\/p>\n\n\n\n<p>Uma novidade \u00e9 a mudan\u00e7a da seguran\u00e7a, que dever\u00e1 ser contratada: oito pessoas, tr\u00eas em cada torcida e dois dentro de campo. O nome e CNPJ da empresa devem constar na s\u00famula. Dois seguran\u00e7as volunt\u00e1rios do clube podem ficar como seguran\u00e7a do port\u00e3o. &#8220;Vamos cuidar e conter os \u00e2nimos para evitar multas, perda de mando de campo e at\u00e9 elimina\u00e7\u00e3o do campeonato, conforme previsto no regulamento&#8221;, afirmou Hammes.<\/p>\n\n\n\n<p>O tesoureiro Moacir Mantovani refor\u00e7ou a relev\u00e2ncia da lideran\u00e7a na comunidade. &#8220;Quando voc\u00eas veem algo foge do controle, que voc\u00eas sejam os primeiros a acalmar. Tudo est\u00e1 se encaminhando para termos semifinais e finais de qualidade e tranquilas. Cumprimentar a todos e desejar sucesso aos quatro clubes. A gente trabalha para se dedicar para o bem do nosso futebol amador&#8221;, afirmou.<\/p>\n","protected":false},"excerpt":{"rendered":"<p>A Associa\u00e7\u00e3o de Ligas dos Vales do Taquari (Aslivata) e a Associa\u00e7\u00e3o Regional de \u00c1rbitros (ARA) reuniram os semifinalistas da S\u00e9rie A do Regional da Aslivata \u2013 Copa Certel Sicredi \u2013 na manh\u00e3 desta quarta-feira (15\/11), na sede da entidade em Lajeado.\u00a0O objetivo foi avaliar pontos da fase anterior para melhorar para as semifinais. A [&hellip;]<\/p>\n","protected":false},"author":7,"featured_media":143493,"comment_status":"open","ping_status":"open","sticky":false,"template":"","format":"standard","meta":{"pmpro_default_level":"","_jetpack_memberships_contains_paid_content":false,"footnotes":""},"categories":[5,240,288],"tags":[466,27,4663,156,25],"class_list":{"0":"post-143492","1":"post","2":"type-post","3":"status-publish","4":"format-standard","5":"has-post-thumbnail","7":"category-esportes","8":"category-futebol-amador","9":"category-regional-da-aslivata","10":"tag-encantado","11":"tag-lajeado","12":"tag-mato-leitao","13":"tag-vale-do-taquari","14":"tag-westfalia","15":"pmpro-has-access"},"yoast_head":"<!-- This site is optimized with the Yoast SEO plugin v27.5 - https:\/\/yoast.com\/product\/yoast-seo-wordpress\/ -->\n<title>Aslivata reuniu semifinalistas da S\u00e9rie A do Regional - Folha Popular<\/title>\n<meta name=\"robots\" content=\"index, follow, max-snippet:-1, max-image-preview:large, max-video-preview:-1\" \/>\n<link rel=\"canonical\" href=\"https:\/\/folhapopular.info\/index.php\/2023\/11\/15\/aslivata-reuniu-semifinalistas-da-serie-a-do-regional\/\" \/>\n<meta property=\"og:locale\" content=\"pt_BR\" \/>\n<meta property=\"og:type\" content=\"article\" \/>\n<meta property=\"og:title\" content=\"Aslivata reuniu semifinalistas da S\u00e9rie A do Regional - Folha Popular\" \/>\n<meta property=\"og:description\" content=\"A Associa\u00e7\u00e3o de Ligas dos Vales do Taquari (Aslivata) e a Associa\u00e7\u00e3o Regional de \u00c1rbitros (ARA) reuniram os semifinalistas da S\u00e9rie A do Regional da Aslivata \u2013 Copa Certel Sicredi \u2013 na manh\u00e3 desta quarta-feira (15\/11), na sede da entidade em Lajeado.\u00a0O objetivo foi avaliar pontos da fase anterior para melhorar para as semifinais. A [&hellip;]\" \/>\n<meta property=\"og:url\" content=\"https:\/\/folhapopular.info\/index.php\/2023\/11\/15\/aslivata-reuniu-semifinalistas-da-serie-a-do-regional\/\" \/>\n<meta property=\"og:site_name\" content=\"Folha Popular\" \/>\n<meta property=\"article:published_time\" content=\"2023-11-15T14:25:39+00:00\" \/>\n<meta property=\"article:modified_time\" content=\"2023-11-16T17:55:44+00:00\" \/>\n<meta property=\"og:image\" content=\"http:\/\/folhapopular.info\/wp-content\/uploads\/2023\/11\/WhatsApp-Image-2023-11-15-at-10.33.24.jpeg\" \/>\n\t<meta property=\"og:image:width\" content=\"1024\" \/>\n\t<meta property=\"og:image:height\" content=\"768\" \/>\n\t<meta property=\"og:image:type\" content=\"image\/jpeg\" \/>\n<meta name=\"author\" content=\"Lucas Leandro Brune\" \/>\n<meta name=\"twitter:card\" content=\"summary_large_image\" \/>\n<meta name=\"twitter:label1\" content=\"Escrito por\" \/>\n\t<meta name=\"twitter:data1\" content=\"Lucas Leandro Brune\" \/>\n\t<meta name=\"twitter:label2\" content=\"Est. tempo de leitura\" \/>\n\t<meta name=\"twitter:data2\" content=\"3 minutos\" \/>\n<script type=\"application\/ld+json\" class=\"yoast-schema-graph\">{\"@context\":\"https:\\\/\\\/schema.org\",\"@graph\":[{\"@type\":\"Article\",\"@id\":\"https:\\\/\\\/folhapopular.info\\\/index.php\\\/2023\\\/11\\\/15\\\/aslivata-reuniu-semifinalistas-da-serie-a-do-regional\\\/#article\",\"isPartOf\":{\"@id\":\"https:\\\/\\\/folhapopular.info\\\/index.php\\\/2023\\\/11\\\/15\\\/aslivata-reuniu-semifinalistas-da-serie-a-do-regional\\\/\"},\"author\":{\"name\":\"Lucas Leandro Brune\",\"@id\":\"https:\\\/\\\/folhapopular.info\\\/#\\\/schema\\\/person\\\/533a15f60cd49e81ab3a90b4ca33cb36\"},\"headline\":\"Aslivata reuniu semifinalistas da S\u00e9rie A do Regional\",\"datePublished\":\"2023-11-15T14:25:39+00:00\",\"dateModified\":\"2023-11-16T17:55:44+00:00\",\"mainEntityOfPage\":{\"@id\":\"https:\\\/\\\/folhapopular.info\\\/index.php\\\/2023\\\/11\\\/15\\\/aslivata-reuniu-semifinalistas-da-serie-a-do-regional\\\/\"},\"wordCount\":420,\"commentCount\":0,\"image\":{\"@id\":\"https:\\\/\\\/folhapopular.info\\\/index.php\\\/2023\\\/11\\\/15\\\/aslivata-reuniu-semifinalistas-da-serie-a-do-regional\\\/#primaryimage\"},\"thumbnailUrl\":\"https:\\\/\\\/folhapopular.info\\\/wp-content\\\/uploads\\\/2023\\\/11\\\/WhatsApp-Image-2023-11-15-at-10.33.24.jpeg\",\"keywords\":[\"Encantado\",\"Lajeado\",\"Mato Leit\u00e3o\",\"Vale do Taquari\",\"Westf\u00e1lia\"],\"articleSection\":[\"Esportes\",\"Futebol Amador\",\"Regional da Aslivata\"],\"inLanguage\":\"pt-BR\",\"potentialAction\":[{\"@type\":\"CommentAction\",\"name\":\"Comment\",\"target\":[\"https:\\\/\\\/folhapopular.info\\\/index.php\\\/2023\\\/11\\\/15\\\/aslivata-reuniu-semifinalistas-da-serie-a-do-regional\\\/#respond\"]}]},{\"@type\":\"WebPage\",\"@id\":\"https:\\\/\\\/folhapopular.info\\\/index.php\\\/2023\\\/11\\\/15\\\/aslivata-reuniu-semifinalistas-da-serie-a-do-regional\\\/\",\"url\":\"https:\\\/\\\/folhapopular.info\\\/index.php\\\/2023\\\/11\\\/15\\\/aslivata-reuniu-semifinalistas-da-serie-a-do-regional\\\/\",\"name\":\"Aslivata reuniu semifinalistas da S\u00e9rie A do Regional - Folha Popular\",\"isPartOf\":{\"@id\":\"https:\\\/\\\/folhapopular.info\\\/#website\"},\"primaryImageOfPage\":{\"@id\":\"https:\\\/\\\/folhapopular.info\\\/index.php\\\/2023\\\/11\\\/15\\\/aslivata-reuniu-semifinalistas-da-serie-a-do-regional\\\/#primaryimage\"},\"image\":{\"@id\":\"https:\\\/\\\/folhapopular.info\\\/index.php\\\/2023\\\/11\\\/15\\\/aslivata-reuniu-semifinalistas-da-serie-a-do-regional\\\/#primaryimage\"},\"thumbnailUrl\":\"https:\\\/\\\/folhapopular.info\\\/wp-content\\\/uploads\\\/2023\\\/11\\\/WhatsApp-Image-2023-11-15-at-10.33.24.jpeg\",\"datePublished\":\"2023-11-15T14:25:39+00:00\",\"dateModified\":\"2023-11-16T17:55:44+00:00\",\"author\":{\"@id\":\"https:\\\/\\\/folhapopular.info\\\/#\\\/schema\\\/person\\\/533a15f60cd49e81ab3a90b4ca33cb36\"},\"breadcrumb\":{\"@id\":\"https:\\\/\\\/folhapopular.info\\\/index.php\\\/2023\\\/11\\\/15\\\/aslivata-reuniu-semifinalistas-da-serie-a-do-regional\\\/#breadcrumb\"},\"inLanguage\":\"pt-BR\",\"potentialAction\":[{\"@type\":\"ReadAction\",\"target\":[\"https:\\\/\\\/folhapopular.info\\\/index.php\\\/2023\\\/11\\\/15\\\/aslivata-reuniu-semifinalistas-da-serie-a-do-regional\\\/\"]}]},{\"@type\":\"ImageObject\",\"inLanguage\":\"pt-BR\",\"@id\":\"https:\\\/\\\/folhapopular.info\\\/index.php\\\/2023\\\/11\\\/15\\\/aslivata-reuniu-semifinalistas-da-serie-a-do-regional\\\/#primaryimage\",\"url\":\"https:\\\/\\\/folhapopular.info\\\/wp-content\\\/uploads\\\/2023\\\/11\\\/WhatsApp-Image-2023-11-15-at-10.33.24.jpeg\",\"contentUrl\":\"https:\\\/\\\/folhapopular.info\\\/wp-content\\\/uploads\\\/2023\\\/11\\\/WhatsApp-Image-2023-11-15-at-10.33.24.jpeg\",\"width\":1024,\"height\":768,\"caption\":\"Clubes puderam expor aspectos a melhorar para a pr\u00f3xima fase \\\/\\\/ Cr\u00e9dito: Lucas Leandro Brune\"},{\"@type\":\"BreadcrumbList\",\"@id\":\"https:\\\/\\\/folhapopular.info\\\/index.php\\\/2023\\\/11\\\/15\\\/aslivata-reuniu-semifinalistas-da-serie-a-do-regional\\\/#breadcrumb\",\"itemListElement\":[{\"@type\":\"ListItem\",\"position\":1,\"name\":\"In\u00edcio\",\"item\":\"https:\\\/\\\/folhapopular.info\\\/\"},{\"@type\":\"ListItem\",\"position\":2,\"name\":\"Aslivata reuniu semifinalistas da S\u00e9rie A do Regional\"}]},{\"@type\":\"WebSite\",\"@id\":\"https:\\\/\\\/folhapopular.info\\\/#website\",\"url\":\"https:\\\/\\\/folhapopular.info\\\/\",\"name\":\"Folha Popular\",\"description\":\"Onde voc\u00ea tem vez e voz\",\"potentialAction\":[{\"@type\":\"SearchAction\",\"target\":{\"@type\":\"EntryPoint\",\"urlTemplate\":\"https:\\\/\\\/folhapopular.info\\\/?s={search_term_string}\"},\"query-input\":{\"@type\":\"PropertyValueSpecification\",\"valueRequired\":true,\"valueName\":\"search_term_string\"}}],\"inLanguage\":\"pt-BR\"},{\"@type\":\"Person\",\"@id\":\"https:\\\/\\\/folhapopular.info\\\/#\\\/schema\\\/person\\\/533a15f60cd49e81ab3a90b4ca33cb36\",\"name\":\"Lucas Leandro Brune\",\"image\":{\"@type\":\"ImageObject\",\"inLanguage\":\"pt-BR\",\"@id\":\"https:\\\/\\\/folhapopular.info\\\/wp-content\\\/uploads\\\/2026\\\/04\\\/LUCAS-1-1.webp\",\"url\":\"https:\\\/\\\/folhapopular.info\\\/wp-content\\\/uploads\\\/2026\\\/04\\\/LUCAS-1-1.webp\",\"contentUrl\":\"https:\\\/\\\/folhapopular.info\\\/wp-content\\\/uploads\\\/2026\\\/04\\\/LUCAS-1-1.webp\",\"caption\":\"Lucas Leandro Brune\"},\"description\":\"Jornalista Profissional Diplomado MTB\\\/RS 14.333\",\"url\":\"https:\\\/\\\/folhapopular.info\\\/index.php\\\/author\\\/lucas-brune\\\/\"}]}<\/script>\n<!-- \/ Yoast SEO plugin. -->","yoast_head_json":{"title":"Aslivata reuniu semifinalistas da S\u00e9rie A do Regional - Folha Popular","robots":{"index":"index","follow":"follow","max-snippet":"max-snippet:-1","max-image-preview":"max-image-preview:large","max-video-preview":"max-video-preview:-1"},"canonical":"https:\/\/folhapopular.info\/index.php\/2023\/11\/15\/aslivata-reuniu-semifinalistas-da-serie-a-do-regional\/","og_locale":"pt_BR","og_type":"article","og_title":"Aslivata reuniu semifinalistas da S\u00e9rie A do Regional - Folha Popular","og_description":"A Associa\u00e7\u00e3o de Ligas dos Vales do Taquari (Aslivata) e a Associa\u00e7\u00e3o Regional de \u00c1rbitros (ARA) reuniram os semifinalistas da S\u00e9rie A do Regional da Aslivata \u2013 Copa Certel Sicredi \u2013 na manh\u00e3 desta quarta-feira (15\/11), na sede da entidade em Lajeado.\u00a0O objetivo foi avaliar pontos da fase anterior para melhorar para as semifinais. A [&hellip;]","og_url":"https:\/\/folhapopular.info\/index.php\/2023\/11\/15\/aslivata-reuniu-semifinalistas-da-serie-a-do-regional\/","og_site_name":"Folha Popular","article_published_time":"2023-11-15T14:25:39+00:00","article_modified_time":"2023-11-16T17:55:44+00:00","og_image":[{"width":1024,"height":768,"url":"http:\/\/folhapopular.info\/wp-content\/uploads\/2023\/11\/WhatsApp-Image-2023-11-15-at-10.33.24.jpeg","type":"image\/jpeg"}],"author":"Lucas Leandro Brune","twitter_card":"summary_large_image","twitter_misc":{"Escrito por":"Lucas Leandro Brune","Est. tempo de leitura":"3 minutos"},"schema":{"@context":"https:\/\/schema.org","@graph":[{"@type":"Article","@id":"https:\/\/folhapopular.info\/index.php\/2023\/11\/15\/aslivata-reuniu-semifinalistas-da-serie-a-do-regional\/#article","isPartOf":{"@id":"https:\/\/folhapopular.info\/index.php\/2023\/11\/15\/aslivata-reuniu-semifinalistas-da-serie-a-do-regional\/"},"author":{"name":"Lucas Leandro Brune","@id":"https:\/\/folhapopular.info\/#\/schema\/person\/533a15f60cd49e81ab3a90b4ca33cb36"},"headline":"Aslivata reuniu semifinalistas da S\u00e9rie A do Regional","datePublished":"2023-11-15T14:25:39+00:00","dateModified":"2023-11-16T17:55:44+00:00","mainEntityOfPage":{"@id":"https:\/\/folhapopular.info\/index.php\/2023\/11\/15\/aslivata-reuniu-semifinalistas-da-serie-a-do-regional\/"},"wordCount":420,"commentCount":0,"image":{"@id":"https:\/\/folhapopular.info\/index.php\/2023\/11\/15\/aslivata-reuniu-semifinalistas-da-serie-a-do-regional\/#primaryimage"},"thumbnailUrl":"https:\/\/folhapopular.info\/wp-content\/uploads\/2023\/11\/WhatsApp-Image-2023-11-15-at-10.33.24.jpeg","keywords":["Encantado","Lajeado","Mato Leit\u00e3o","Vale do Taquari","Westf\u00e1lia"],"articleSection":["Esportes","Futebol Amador","Regional da Aslivata"],"inLanguage":"pt-BR","potentialAction":[{"@type":"CommentAction","name":"Comment","target":["https:\/\/folhapopular.info\/index.php\/2023\/11\/15\/aslivata-reuniu-semifinalistas-da-serie-a-do-regional\/#respond"]}]},{"@type":"WebPage","@id":"https:\/\/folhapopular.info\/index.php\/2023\/11\/15\/aslivata-reuniu-semifinalistas-da-serie-a-do-regional\/","url":"https:\/\/folhapopular.info\/index.php\/2023\/11\/15\/aslivata-reuniu-semifinalistas-da-serie-a-do-regional\/","name":"Aslivata reuniu semifinalistas da S\u00e9rie A do Regional - Folha Popular","isPartOf":{"@id":"https:\/\/folhapopular.info\/#website"},"primaryImageOfPage":{"@id":"https:\/\/folhapopular.info\/index.php\/2023\/11\/15\/aslivata-reuniu-semifinalistas-da-serie-a-do-regional\/#primaryimage"},"image":{"@id":"https:\/\/folhapopular.info\/index.php\/2023\/11\/15\/aslivata-reuniu-semifinalistas-da-serie-a-do-regional\/#primaryimage"},"thumbnailUrl":"https:\/\/folhapopular.info\/wp-content\/uploads\/2023\/11\/WhatsApp-Image-2023-11-15-at-10.33.24.jpeg","datePublished":"2023-11-15T14:25:39+00:00","dateModified":"2023-11-16T17:55:44+00:00","author":{"@id":"https:\/\/folhapopular.info\/#\/schema\/person\/533a15f60cd49e81ab3a90b4ca33cb36"},"breadcrumb":{"@id":"https:\/\/folhapopular.info\/index.php\/2023\/11\/15\/aslivata-reuniu-semifinalistas-da-serie-a-do-regional\/#breadcrumb"},"inLanguage":"pt-BR","potentialAction":[{"@type":"ReadAction","target":["https:\/\/folhapopular.info\/index.php\/2023\/11\/15\/aslivata-reuniu-semifinalistas-da-serie-a-do-regional\/"]}]},{"@type":"ImageObject","inLanguage":"pt-BR","@id":"https:\/\/folhapopular.info\/index.php\/2023\/11\/15\/aslivata-reuniu-semifinalistas-da-serie-a-do-regional\/#primaryimage","url":"https:\/\/folhapopular.info\/wp-content\/uploads\/2023\/11\/WhatsApp-Image-2023-11-15-at-10.33.24.jpeg","contentUrl":"https:\/\/folhapopular.info\/wp-content\/uploads\/2023\/11\/WhatsApp-Image-2023-11-15-at-10.33.24.jpeg","width":1024,"height":768,"caption":"Clubes puderam expor aspectos a melhorar para a pr\u00f3xima fase \/\/ Cr\u00e9dito: Lucas Leandro Brune"},{"@type":"BreadcrumbList","@id":"https:\/\/folhapopular.info\/index.php\/2023\/11\/15\/aslivata-reuniu-semifinalistas-da-serie-a-do-regional\/#breadcrumb","itemListElement":[{"@type":"ListItem","position":1,"name":"In\u00edcio","item":"https:\/\/folhapopular.info\/"},{"@type":"ListItem","position":2,"name":"Aslivata reuniu semifinalistas da S\u00e9rie A do Regional"}]},{"@type":"WebSite","@id":"https:\/\/folhapopular.info\/#website","url":"https:\/\/folhapopular.info\/","name":"Folha Popular","description":"Onde voc\u00ea tem vez e voz","potentialAction":[{"@type":"SearchAction","target":{"@type":"EntryPoint","urlTemplate":"https:\/\/folhapopular.info\/?s={search_term_string}"},"query-input":{"@type":"PropertyValueSpecification","valueRequired":true,"valueName":"search_term_string"}}],"inLanguage":"pt-BR"},{"@type":"Person","@id":"https:\/\/folhapopular.info\/#\/schema\/person\/533a15f60cd49e81ab3a90b4ca33cb36","name":"Lucas Leandro Brune","image":{"@type":"ImageObject","inLanguage":"pt-BR","@id":"https:\/\/folhapopular.info\/wp-content\/uploads\/2026\/04\/LUCAS-1-1.webp","url":"https:\/\/folhapopular.info\/wp-content\/uploads\/2026\/04\/LUCAS-1-1.webp","contentUrl":"https:\/\/folhapopular.info\/wp-content\/uploads\/2026\/04\/LUCAS-1-1.webp","caption":"Lucas Leandro Brune"},"description":"Jornalista Profissional Diplomado MTB\/RS 14.333","url":"https:\/\/folhapopular.info\/index.php\/author\/lucas-brune\/"}]}},"jetpack_featured_media_url":"https:\/\/folhapopular.info\/wp-content\/uploads\/2023\/11\/WhatsApp-Image-2023-11-15-at-10.33.24.jpeg","jetpack_sharing_enabled":true,"amp_enabled":true,"_links":{"self":[{"href":"https:\/\/folhapopular.info\/index.php\/wp-json\/wp\/v2\/posts\/143492","targetHints":{"allow":["GET"]}}],"collection":[{"href":"https:\/\/folhapopular.info\/index.php\/wp-json\/wp\/v2\/posts"}],"about":[{"href":"https:\/\/folhapopular.info\/index.php\/wp-json\/wp\/v2\/types\/post"}],"author":[{"embeddable":true,"href":"https:\/\/folhapopular.info\/index.php\/wp-json\/wp\/v2\/users\/7"}],"replies":[{"embeddable":true,"href":"https:\/\/folhapopular.info\/index.php\/wp-json\/wp\/v2\/comments?post=143492"}],"version-history":[{"count":0,"href":"https:\/\/folhapopular.info\/index.php\/wp-json\/wp\/v2\/posts\/143492\/revisions"}],"wp:featuredmedia":[{"embeddable":true,"href":"https:\/\/folhapopular.info\/index.php\/wp-json\/wp\/v2\/media\/143493"}],"wp:attachment":[{"href":"https:\/\/folhapopular.info\/index.php\/wp-json\/wp\/v2\/media?parent=143492"}],"wp:term":[{"taxonomy":"category","embeddable":true,"href":"https:\/\/folhapopular.info\/index.php\/wp-json\/wp\/v2\/categories?post=143492"},{"taxonomy":"post_tag","embeddable":true,"href":"https:\/\/folhapopular.info\/index.php\/wp-json\/wp\/v2\/tags?post=143492"}],"curies":[{"name":"wp","href":"https:\/\/api.w.org\/{rel}","templated":true}]}}