{"id":143497,"date":"2023-11-15T12:01:13","date_gmt":"2023-11-15T15:01:13","guid":{"rendered":"https:\/\/folhapopular.info\/?p=143497"},"modified":"2023-11-16T14:56:38","modified_gmt":"2023-11-16T17:56:38","slug":"juventude-de-brochier-e-11-amigos-se-preparam-para-final-da-copa-vale-do-boa-vista","status":"publish","type":"post","link":"https:\/\/folhapopular.info\/index.php\/2023\/11\/15\/juventude-de-brochier-e-11-amigos-se-preparam-para-final-da-copa-vale-do-boa-vista\/","title":{"rendered":"Juventude de Brochier e 11 Amigos se preparam para final da Copa Vale do Boa Vista"},"content":{"rendered":"\n<p>Os dois finalistas da Copa Vale do Boa Vista foram reunidos pela Aslivata e pela ARA no fim da manh\u00e3 desta quarta-feira (15\/11), na sede da Aslivata em Lajeado. O objetivo foi preparar os detalhes para a decis\u00e3o do campeonato v\u00e1lido pela Copa Certel Sicredi 2023. Juventude de Brochier e 11 Amigos de Po\u00e7o das Antas decidir\u00e3o o t\u00edtulo nas duas categorias.<\/p>\n\n\n\n<p>Os jogos ficaram marcados para dias 19 de novembro em Brochier e 3 de dezembro em Po\u00e7o das Antas. No dia 26 de novembro n\u00e3o h\u00e1 possibilidade de jogar em Boa Vista &#8211; Po\u00e7o das Antas, porque \u00e9 a festa da Comunidade local. S\u00f3 haver\u00e1 jogo dia 26 de novembro caso ocorra o adiamento do primeiro jogo.<\/p>\n\n\n\n<p>Os hor\u00e1rios de in\u00edcio dos jogos ser\u00e3o mantidos para 14h (Aspirantes) e 16h (Titulares) no jogo de ida; a partida de volta ser\u00e1 13h30 (Aspirantes) e 15h30 (Titulares).<\/p>\n\n\n\n<p>O valor do ingresso ser\u00e1 mantido em R$ 10,00. Outros pontos j\u00e1 observados nas fases anteriores receberam refor\u00e7o: bebida sem garrafa de vidro, divis\u00e3o das torcidas e seguran\u00e7a. As entidades oportunizaram para cada clube avaliar a arbitragem e sugerir pontos de melhoria. A arbitragem tamb\u00e9m ser\u00e1 com dois trios.<\/p>\n\n\n\n<p>Uma novidade \u00e9 a mudan\u00e7a da seguran\u00e7a, que dever\u00e1 ser contratada: quatro pessoas, dois dentro do campo e dois do lado de fora. O nome e CNPJ da empresa devem constar na s\u00famula. &#8220;O jogo n\u00e3o vai come\u00e7ar enquanto n\u00e3o estiverem os seguran\u00e7as contratados pela empresa. \u00c9 para a seguran\u00e7a do jogo&#8221;, enfatizou o presidente da Aslivata, Vianei Batista Hammes. Ainda haver\u00e1 mais cinco locat\u00e1rios, quatro para circular nas torcidas e um no port\u00e3o.<\/p>\n","protected":false},"excerpt":{"rendered":"<p>Os dois finalistas da Copa Vale do Boa Vista foram reunidos pela Aslivata e pela ARA no fim da manh\u00e3 desta quarta-feira (15\/11), na sede da Aslivata em Lajeado. O objetivo foi preparar os detalhes para a decis\u00e3o do campeonato v\u00e1lido pela Copa Certel Sicredi 2023. Juventude de Brochier e 11 Amigos de Po\u00e7o das [&hellip;]<\/p>\n","protected":false},"author":7,"featured_media":143500,"comment_status":"open","ping_status":"open","sticky":false,"template":"","format":"standard","meta":{"pmpro_default_level":"","_jetpack_memberships_contains_paid_content":false,"footnotes":""},"categories":[5,240,288],"tags":[2435,40,156],"class_list":{"0":"post-143497","1":"post","2":"type-post","3":"status-publish","4":"format-standard","5":"has-post-thumbnail","7":"category-esportes","8":"category-futebol-amador","9":"category-regional-da-aslivata","10":"tag-brochier","11":"tag-poco-das-antas","12":"tag-vale-do-taquari","13":"pmpro-has-access"},"yoast_head":"<!-- This site is optimized with the Yoast SEO plugin v27.5 - https:\/\/yoast.com\/product\/yoast-seo-wordpress\/ -->\n<title>Juventude de Brochier e 11 Amigos se preparam para final da Copa Vale do Boa Vista - Folha Popular<\/title>\n<meta name=\"robots\" content=\"index, follow, max-snippet:-1, max-image-preview:large, max-video-preview:-1\" \/>\n<link rel=\"canonical\" href=\"https:\/\/folhapopular.info\/index.php\/2023\/11\/15\/juventude-de-brochier-e-11-amigos-se-preparam-para-final-da-copa-vale-do-boa-vista\/\" \/>\n<meta property=\"og:locale\" content=\"pt_BR\" \/>\n<meta property=\"og:type\" content=\"article\" \/>\n<meta property=\"og:title\" content=\"Juventude de Brochier e 11 Amigos se preparam para final da Copa Vale do Boa Vista - Folha Popular\" \/>\n<meta property=\"og:description\" content=\"Os dois finalistas da Copa Vale do Boa Vista foram reunidos pela Aslivata e pela ARA no fim da manh\u00e3 desta quarta-feira (15\/11), na sede da Aslivata em Lajeado. O objetivo foi preparar os detalhes para a decis\u00e3o do campeonato v\u00e1lido pela Copa Certel Sicredi 2023. Juventude de Brochier e 11 Amigos de Po\u00e7o das [&hellip;]\" \/>\n<meta property=\"og:url\" content=\"https:\/\/folhapopular.info\/index.php\/2023\/11\/15\/juventude-de-brochier-e-11-amigos-se-preparam-para-final-da-copa-vale-do-boa-vista\/\" \/>\n<meta property=\"og:site_name\" content=\"Folha Popular\" \/>\n<meta property=\"article:published_time\" content=\"2023-11-15T15:01:13+00:00\" \/>\n<meta property=\"article:modified_time\" content=\"2023-11-16T17:56:38+00:00\" \/>\n<meta property=\"og:image\" content=\"http:\/\/folhapopular.info\/wp-content\/uploads\/2023\/11\/WhatsApp-Image-2023-11-15-at-11.25.37.jpeg\" \/>\n\t<meta property=\"og:image:width\" content=\"1024\" \/>\n\t<meta property=\"og:image:height\" content=\"768\" \/>\n\t<meta property=\"og:image:type\" content=\"image\/jpeg\" \/>\n<meta name=\"author\" content=\"Lucas Leandro Brune\" \/>\n<meta name=\"twitter:card\" content=\"summary_large_image\" \/>\n<meta name=\"twitter:label1\" content=\"Escrito por\" \/>\n\t<meta name=\"twitter:data1\" content=\"Lucas Leandro Brune\" \/>\n\t<meta name=\"twitter:label2\" content=\"Est. tempo de leitura\" \/>\n\t<meta name=\"twitter:data2\" content=\"2 minutos\" \/>\n<script type=\"application\/ld+json\" class=\"yoast-schema-graph\">{\"@context\":\"https:\\\/\\\/schema.org\",\"@graph\":[{\"@type\":\"Article\",\"@id\":\"https:\\\/\\\/folhapopular.info\\\/index.php\\\/2023\\\/11\\\/15\\\/juventude-de-brochier-e-11-amigos-se-preparam-para-final-da-copa-vale-do-boa-vista\\\/#article\",\"isPartOf\":{\"@id\":\"https:\\\/\\\/folhapopular.info\\\/index.php\\\/2023\\\/11\\\/15\\\/juventude-de-brochier-e-11-amigos-se-preparam-para-final-da-copa-vale-do-boa-vista\\\/\"},\"author\":{\"name\":\"Lucas Leandro Brune\",\"@id\":\"https:\\\/\\\/folhapopular.info\\\/#\\\/schema\\\/person\\\/533a15f60cd49e81ab3a90b4ca33cb36\"},\"headline\":\"Juventude de Brochier e 11 Amigos se preparam para final da Copa Vale do Boa Vista\",\"datePublished\":\"2023-11-15T15:01:13+00:00\",\"dateModified\":\"2023-11-16T17:56:38+00:00\",\"mainEntityOfPage\":{\"@id\":\"https:\\\/\\\/folhapopular.info\\\/index.php\\\/2023\\\/11\\\/15\\\/juventude-de-brochier-e-11-amigos-se-preparam-para-final-da-copa-vale-do-boa-vista\\\/\"},\"wordCount\":299,\"commentCount\":0,\"image\":{\"@id\":\"https:\\\/\\\/folhapopular.info\\\/index.php\\\/2023\\\/11\\\/15\\\/juventude-de-brochier-e-11-amigos-se-preparam-para-final-da-copa-vale-do-boa-vista\\\/#primaryimage\"},\"thumbnailUrl\":\"https:\\\/\\\/folhapopular.info\\\/wp-content\\\/uploads\\\/2023\\\/11\\\/WhatsApp-Image-2023-11-15-at-11.25.37.jpeg\",\"keywords\":[\"Brochier\",\"Po\u00e7o das Antas\",\"Vale do Taquari\"],\"articleSection\":[\"Esportes\",\"Futebol Amador\",\"Regional da Aslivata\"],\"inLanguage\":\"pt-BR\",\"potentialAction\":[{\"@type\":\"CommentAction\",\"name\":\"Comment\",\"target\":[\"https:\\\/\\\/folhapopular.info\\\/index.php\\\/2023\\\/11\\\/15\\\/juventude-de-brochier-e-11-amigos-se-preparam-para-final-da-copa-vale-do-boa-vista\\\/#respond\"]}]},{\"@type\":\"WebPage\",\"@id\":\"https:\\\/\\\/folhapopular.info\\\/index.php\\\/2023\\\/11\\\/15\\\/juventude-de-brochier-e-11-amigos-se-preparam-para-final-da-copa-vale-do-boa-vista\\\/\",\"url\":\"https:\\\/\\\/folhapopular.info\\\/index.php\\\/2023\\\/11\\\/15\\\/juventude-de-brochier-e-11-amigos-se-preparam-para-final-da-copa-vale-do-boa-vista\\\/\",\"name\":\"Juventude de Brochier e 11 Amigos se preparam para final da Copa Vale do Boa Vista - Folha Popular\",\"isPartOf\":{\"@id\":\"https:\\\/\\\/folhapopular.info\\\/#website\"},\"primaryImageOfPage\":{\"@id\":\"https:\\\/\\\/folhapopular.info\\\/index.php\\\/2023\\\/11\\\/15\\\/juventude-de-brochier-e-11-amigos-se-preparam-para-final-da-copa-vale-do-boa-vista\\\/#primaryimage\"},\"image\":{\"@id\":\"https:\\\/\\\/folhapopular.info\\\/index.php\\\/2023\\\/11\\\/15\\\/juventude-de-brochier-e-11-amigos-se-preparam-para-final-da-copa-vale-do-boa-vista\\\/#primaryimage\"},\"thumbnailUrl\":\"https:\\\/\\\/folhapopular.info\\\/wp-content\\\/uploads\\\/2023\\\/11\\\/WhatsApp-Image-2023-11-15-at-11.25.37.jpeg\",\"datePublished\":\"2023-11-15T15:01:13+00:00\",\"dateModified\":\"2023-11-16T17:56:38+00:00\",\"author\":{\"@id\":\"https:\\\/\\\/folhapopular.info\\\/#\\\/schema\\\/person\\\/533a15f60cd49e81ab3a90b4ca33cb36\"},\"breadcrumb\":{\"@id\":\"https:\\\/\\\/folhapopular.info\\\/index.php\\\/2023\\\/11\\\/15\\\/juventude-de-brochier-e-11-amigos-se-preparam-para-final-da-copa-vale-do-boa-vista\\\/#breadcrumb\"},\"inLanguage\":\"pt-BR\",\"potentialAction\":[{\"@type\":\"ReadAction\",\"target\":[\"https:\\\/\\\/folhapopular.info\\\/index.php\\\/2023\\\/11\\\/15\\\/juventude-de-brochier-e-11-amigos-se-preparam-para-final-da-copa-vale-do-boa-vista\\\/\"]}]},{\"@type\":\"ImageObject\",\"inLanguage\":\"pt-BR\",\"@id\":\"https:\\\/\\\/folhapopular.info\\\/index.php\\\/2023\\\/11\\\/15\\\/juventude-de-brochier-e-11-amigos-se-preparam-para-final-da-copa-vale-do-boa-vista\\\/#primaryimage\",\"url\":\"https:\\\/\\\/folhapopular.info\\\/wp-content\\\/uploads\\\/2023\\\/11\\\/WhatsApp-Image-2023-11-15-at-11.25.37.jpeg\",\"contentUrl\":\"https:\\\/\\\/folhapopular.info\\\/wp-content\\\/uploads\\\/2023\\\/11\\\/WhatsApp-Image-2023-11-15-at-11.25.37.jpeg\",\"width\":1024,\"height\":768,\"caption\":\"Finalistas da Copa Vale do Boa Vista tamb\u00e9m se reuniram com a dire\u00e7\u00e3o \\\/\\\/ Cr\u00e9dito: Lucas Leandro Brune\"},{\"@type\":\"BreadcrumbList\",\"@id\":\"https:\\\/\\\/folhapopular.info\\\/index.php\\\/2023\\\/11\\\/15\\\/juventude-de-brochier-e-11-amigos-se-preparam-para-final-da-copa-vale-do-boa-vista\\\/#breadcrumb\",\"itemListElement\":[{\"@type\":\"ListItem\",\"position\":1,\"name\":\"In\u00edcio\",\"item\":\"https:\\\/\\\/folhapopular.info\\\/\"},{\"@type\":\"ListItem\",\"position\":2,\"name\":\"Juventude de Brochier e 11 Amigos se preparam para final da Copa Vale do Boa Vista\"}]},{\"@type\":\"WebSite\",\"@id\":\"https:\\\/\\\/folhapopular.info\\\/#website\",\"url\":\"https:\\\/\\\/folhapopular.info\\\/\",\"name\":\"Folha Popular\",\"description\":\"Onde voc\u00ea tem vez e voz\",\"potentialAction\":[{\"@type\":\"SearchAction\",\"target\":{\"@type\":\"EntryPoint\",\"urlTemplate\":\"https:\\\/\\\/folhapopular.info\\\/?s={search_term_string}\"},\"query-input\":{\"@type\":\"PropertyValueSpecification\",\"valueRequired\":true,\"valueName\":\"search_term_string\"}}],\"inLanguage\":\"pt-BR\"},{\"@type\":\"Person\",\"@id\":\"https:\\\/\\\/folhapopular.info\\\/#\\\/schema\\\/person\\\/533a15f60cd49e81ab3a90b4ca33cb36\",\"name\":\"Lucas Leandro Brune\",\"image\":{\"@type\":\"ImageObject\",\"inLanguage\":\"pt-BR\",\"@id\":\"https:\\\/\\\/folhapopular.info\\\/wp-content\\\/uploads\\\/2026\\\/04\\\/LUCAS-1-1.webp\",\"url\":\"https:\\\/\\\/folhapopular.info\\\/wp-content\\\/uploads\\\/2026\\\/04\\\/LUCAS-1-1.webp\",\"contentUrl\":\"https:\\\/\\\/folhapopular.info\\\/wp-content\\\/uploads\\\/2026\\\/04\\\/LUCAS-1-1.webp\",\"caption\":\"Lucas Leandro Brune\"},\"description\":\"Jornalista Profissional Diplomado MTB\\\/RS 14.333\",\"url\":\"https:\\\/\\\/folhapopular.info\\\/index.php\\\/author\\\/lucas-brune\\\/\"}]}<\/script>\n<!-- \/ Yoast SEO plugin. -->","yoast_head_json":{"title":"Juventude de Brochier e 11 Amigos se preparam para final da Copa Vale do Boa Vista - Folha Popular","robots":{"index":"index","follow":"follow","max-snippet":"max-snippet:-1","max-image-preview":"max-image-preview:large","max-video-preview":"max-video-preview:-1"},"canonical":"https:\/\/folhapopular.info\/index.php\/2023\/11\/15\/juventude-de-brochier-e-11-amigos-se-preparam-para-final-da-copa-vale-do-boa-vista\/","og_locale":"pt_BR","og_type":"article","og_title":"Juventude de Brochier e 11 Amigos se preparam para final da Copa Vale do Boa Vista - Folha Popular","og_description":"Os dois finalistas da Copa Vale do Boa Vista foram reunidos pela Aslivata e pela ARA no fim da manh\u00e3 desta quarta-feira (15\/11), na sede da Aslivata em Lajeado. O objetivo foi preparar os detalhes para a decis\u00e3o do campeonato v\u00e1lido pela Copa Certel Sicredi 2023. Juventude de Brochier e 11 Amigos de Po\u00e7o das [&hellip;]","og_url":"https:\/\/folhapopular.info\/index.php\/2023\/11\/15\/juventude-de-brochier-e-11-amigos-se-preparam-para-final-da-copa-vale-do-boa-vista\/","og_site_name":"Folha Popular","article_published_time":"2023-11-15T15:01:13+00:00","article_modified_time":"2023-11-16T17:56:38+00:00","og_image":[{"width":1024,"height":768,"url":"http:\/\/folhapopular.info\/wp-content\/uploads\/2023\/11\/WhatsApp-Image-2023-11-15-at-11.25.37.jpeg","type":"image\/jpeg"}],"author":"Lucas Leandro Brune","twitter_card":"summary_large_image","twitter_misc":{"Escrito por":"Lucas Leandro Brune","Est. tempo de leitura":"2 minutos"},"schema":{"@context":"https:\/\/schema.org","@graph":[{"@type":"Article","@id":"https:\/\/folhapopular.info\/index.php\/2023\/11\/15\/juventude-de-brochier-e-11-amigos-se-preparam-para-final-da-copa-vale-do-boa-vista\/#article","isPartOf":{"@id":"https:\/\/folhapopular.info\/index.php\/2023\/11\/15\/juventude-de-brochier-e-11-amigos-se-preparam-para-final-da-copa-vale-do-boa-vista\/"},"author":{"name":"Lucas Leandro Brune","@id":"https:\/\/folhapopular.info\/#\/schema\/person\/533a15f60cd49e81ab3a90b4ca33cb36"},"headline":"Juventude de Brochier e 11 Amigos se preparam para final da Copa Vale do Boa Vista","datePublished":"2023-11-15T15:01:13+00:00","dateModified":"2023-11-16T17:56:38+00:00","mainEntityOfPage":{"@id":"https:\/\/folhapopular.info\/index.php\/2023\/11\/15\/juventude-de-brochier-e-11-amigos-se-preparam-para-final-da-copa-vale-do-boa-vista\/"},"wordCount":299,"commentCount":0,"image":{"@id":"https:\/\/folhapopular.info\/index.php\/2023\/11\/15\/juventude-de-brochier-e-11-amigos-se-preparam-para-final-da-copa-vale-do-boa-vista\/#primaryimage"},"thumbnailUrl":"https:\/\/folhapopular.info\/wp-content\/uploads\/2023\/11\/WhatsApp-Image-2023-11-15-at-11.25.37.jpeg","keywords":["Brochier","Po\u00e7o das Antas","Vale do Taquari"],"articleSection":["Esportes","Futebol Amador","Regional da Aslivata"],"inLanguage":"pt-BR","potentialAction":[{"@type":"CommentAction","name":"Comment","target":["https:\/\/folhapopular.info\/index.php\/2023\/11\/15\/juventude-de-brochier-e-11-amigos-se-preparam-para-final-da-copa-vale-do-boa-vista\/#respond"]}]},{"@type":"WebPage","@id":"https:\/\/folhapopular.info\/index.php\/2023\/11\/15\/juventude-de-brochier-e-11-amigos-se-preparam-para-final-da-copa-vale-do-boa-vista\/","url":"https:\/\/folhapopular.info\/index.php\/2023\/11\/15\/juventude-de-brochier-e-11-amigos-se-preparam-para-final-da-copa-vale-do-boa-vista\/","name":"Juventude de Brochier e 11 Amigos se preparam para final da Copa Vale do Boa Vista - Folha Popular","isPartOf":{"@id":"https:\/\/folhapopular.info\/#website"},"primaryImageOfPage":{"@id":"https:\/\/folhapopular.info\/index.php\/2023\/11\/15\/juventude-de-brochier-e-11-amigos-se-preparam-para-final-da-copa-vale-do-boa-vista\/#primaryimage"},"image":{"@id":"https:\/\/folhapopular.info\/index.php\/2023\/11\/15\/juventude-de-brochier-e-11-amigos-se-preparam-para-final-da-copa-vale-do-boa-vista\/#primaryimage"},"thumbnailUrl":"https:\/\/folhapopular.info\/wp-content\/uploads\/2023\/11\/WhatsApp-Image-2023-11-15-at-11.25.37.jpeg","datePublished":"2023-11-15T15:01:13+00:00","dateModified":"2023-11-16T17:56:38+00:00","author":{"@id":"https:\/\/folhapopular.info\/#\/schema\/person\/533a15f60cd49e81ab3a90b4ca33cb36"},"breadcrumb":{"@id":"https:\/\/folhapopular.info\/index.php\/2023\/11\/15\/juventude-de-brochier-e-11-amigos-se-preparam-para-final-da-copa-vale-do-boa-vista\/#breadcrumb"},"inLanguage":"pt-BR","potentialAction":[{"@type":"ReadAction","target":["https:\/\/folhapopular.info\/index.php\/2023\/11\/15\/juventude-de-brochier-e-11-amigos-se-preparam-para-final-da-copa-vale-do-boa-vista\/"]}]},{"@type":"ImageObject","inLanguage":"pt-BR","@id":"https:\/\/folhapopular.info\/index.php\/2023\/11\/15\/juventude-de-brochier-e-11-amigos-se-preparam-para-final-da-copa-vale-do-boa-vista\/#primaryimage","url":"https:\/\/folhapopular.info\/wp-content\/uploads\/2023\/11\/WhatsApp-Image-2023-11-15-at-11.25.37.jpeg","contentUrl":"https:\/\/folhapopular.info\/wp-content\/uploads\/2023\/11\/WhatsApp-Image-2023-11-15-at-11.25.37.jpeg","width":1024,"height":768,"caption":"Finalistas da Copa Vale do Boa Vista tamb\u00e9m se reuniram com a dire\u00e7\u00e3o \/\/ Cr\u00e9dito: Lucas Leandro Brune"},{"@type":"BreadcrumbList","@id":"https:\/\/folhapopular.info\/index.php\/2023\/11\/15\/juventude-de-brochier-e-11-amigos-se-preparam-para-final-da-copa-vale-do-boa-vista\/#breadcrumb","itemListElement":[{"@type":"ListItem","position":1,"name":"In\u00edcio","item":"https:\/\/folhapopular.info\/"},{"@type":"ListItem","position":2,"name":"Juventude de Brochier e 11 Amigos se preparam para final da Copa Vale do Boa Vista"}]},{"@type":"WebSite","@id":"https:\/\/folhapopular.info\/#website","url":"https:\/\/folhapopular.info\/","name":"Folha Popular","description":"Onde voc\u00ea tem vez e voz","potentialAction":[{"@type":"SearchAction","target":{"@type":"EntryPoint","urlTemplate":"https:\/\/folhapopular.info\/?s={search_term_string}"},"query-input":{"@type":"PropertyValueSpecification","valueRequired":true,"valueName":"search_term_string"}}],"inLanguage":"pt-BR"},{"@type":"Person","@id":"https:\/\/folhapopular.info\/#\/schema\/person\/533a15f60cd49e81ab3a90b4ca33cb36","name":"Lucas Leandro Brune","image":{"@type":"ImageObject","inLanguage":"pt-BR","@id":"https:\/\/folhapopular.info\/wp-content\/uploads\/2026\/04\/LUCAS-1-1.webp","url":"https:\/\/folhapopular.info\/wp-content\/uploads\/2026\/04\/LUCAS-1-1.webp","contentUrl":"https:\/\/folhapopular.info\/wp-content\/uploads\/2026\/04\/LUCAS-1-1.webp","caption":"Lucas Leandro Brune"},"description":"Jornalista Profissional Diplomado MTB\/RS 14.333","url":"https:\/\/folhapopular.info\/index.php\/author\/lucas-brune\/"}]}},"jetpack_featured_media_url":"https:\/\/folhapopular.info\/wp-content\/uploads\/2023\/11\/WhatsApp-Image-2023-11-15-at-11.25.37.jpeg","jetpack_sharing_enabled":true,"amp_enabled":true,"_links":{"self":[{"href":"https:\/\/folhapopular.info\/index.php\/wp-json\/wp\/v2\/posts\/143497","targetHints":{"allow":["GET"]}}],"collection":[{"href":"https:\/\/folhapopular.info\/index.php\/wp-json\/wp\/v2\/posts"}],"about":[{"href":"https:\/\/folhapopular.info\/index.php\/wp-json\/wp\/v2\/types\/post"}],"author":[{"embeddable":true,"href":"https:\/\/folhapopular.info\/index.php\/wp-json\/wp\/v2\/users\/7"}],"replies":[{"embeddable":true,"href":"https:\/\/folhapopular.info\/index.php\/wp-json\/wp\/v2\/comments?post=143497"}],"version-history":[{"count":0,"href":"https:\/\/folhapopular.info\/index.php\/wp-json\/wp\/v2\/posts\/143497\/revisions"}],"wp:featuredmedia":[{"embeddable":true,"href":"https:\/\/folhapopular.info\/index.php\/wp-json\/wp\/v2\/media\/143500"}],"wp:attachment":[{"href":"https:\/\/folhapopular.info\/index.php\/wp-json\/wp\/v2\/media?parent=143497"}],"wp:term":[{"taxonomy":"category","embeddable":true,"href":"https:\/\/folhapopular.info\/index.php\/wp-json\/wp\/v2\/categories?post=143497"},{"taxonomy":"post_tag","embeddable":true,"href":"https:\/\/folhapopular.info\/index.php\/wp-json\/wp\/v2\/tags?post=143497"}],"curies":[{"name":"wp","href":"https:\/\/api.w.org\/{rel}","templated":true}]}}