{"id":143699,"date":"2023-11-18T20:47:17","date_gmt":"2023-11-18T23:47:17","guid":{"rendered":"https:\/\/folhapopular.info\/?p=143699"},"modified":"2023-11-18T20:47:20","modified_gmt":"2023-11-18T23:47:20","slug":"regional-de-veteranos-tem-semifinal-adiada","status":"publish","type":"post","link":"https:\/\/folhapopular.info\/index.php\/2023\/11\/18\/regional-de-veteranos-tem-semifinal-adiada\/","title":{"rendered":"Regional de Veteranos tem semifinal adiada"},"content":{"rendered":"\n<p>As partidas de ida das semifinais do Regional de Veteranos &#8211; Copa Certel Sicredi 2023 &#8211; foram transferidas pelo segundo fim de semana consecutivo. A Aslivata tomou a decis\u00e3o na tarde deste s\u00e1bado (18\/11), por conta das condi\u00e7\u00f5es das duas pra\u00e7as esportivas que sediar\u00e3o os jogos: Penharol de Lajeado e S\u00e3o Jos\u00e9 de Taquari.<\/p>\n\n\n\n<p>Em Taquari, o quarto colocado S\u00e3o Jos\u00e9 receber\u00e1 o Canarinho de Cruzeiro do Sul, que fez a melhor campanha na fase classificat\u00f3ria. Em Lajeado, o terceiro colocado Penharol reencontra o S\u00e3o Luiz, de Santa Em\u00edlia \u2013 Ven\u00e2ncio Aires. Com esta mudan\u00e7a, os jogos de ida ser\u00e3o no dia 26.<\/p>\n\n\n\n<p>A S\u00e9rie A do Regional da Aslivata e a Copa Vale do Boa Vista tem suas partidas ainda confirmadas pela organiza\u00e7\u00e3o. A defini\u00e7\u00e3o ser\u00e1 na manh\u00e3 deste domingo (19\/11). A S\u00e9rie A tem os jogos de ida da fase semifinal, em Conventos &#8211; Lajeado e Mato Leit\u00e3o. A Vale do Boa Vista programa a primeira final entre Juventude de Brochier e 11 Amigos, no Est\u00e1dio Ol\u00e1vio Fetzner, em Brochier. A Aslivata pretende consultar as equipes, especialmente os locat\u00e1rios, na manh\u00e3 deste domingo.<\/p>\n","protected":false},"excerpt":{"rendered":"<p>As partidas de ida das semifinais do Regional de Veteranos &#8211; Copa Certel Sicredi 2023 &#8211; foram transferidas pelo segundo fim de semana consecutivo. A Aslivata tomou a decis\u00e3o na tarde deste s\u00e1bado (18\/11), por conta das condi\u00e7\u00f5es das duas pra\u00e7as esportivas que sediar\u00e3o os jogos: Penharol de Lajeado e S\u00e3o Jos\u00e9 de Taquari. Em [&hellip;]<\/p>\n","protected":false},"author":7,"featured_media":89234,"comment_status":"open","ping_status":"open","sticky":false,"template":"","format":"standard","meta":{"pmpro_default_level":"","_jetpack_memberships_contains_paid_content":false,"footnotes":""},"categories":[5,240,288],"tags":[318,147,156],"class_list":{"0":"post-143699","1":"post","2":"type-post","3":"status-publish","4":"format-standard","5":"has-post-thumbnail","7":"category-esportes","8":"category-futebol-amador","9":"category-regional-da-aslivata","10":"tag-copa-certel-sicredi","11":"tag-futebol-amador","12":"tag-vale-do-taquari","13":"pmpro-has-access"},"yoast_head":"<!-- This site is optimized with the Yoast SEO plugin v27.5 - https:\/\/yoast.com\/product\/yoast-seo-wordpress\/ -->\n<title>Regional de Veteranos tem semifinal adiada - Folha Popular<\/title>\n<meta name=\"robots\" content=\"index, follow, max-snippet:-1, max-image-preview:large, max-video-preview:-1\" \/>\n<link rel=\"canonical\" href=\"https:\/\/folhapopular.info\/index.php\/2023\/11\/18\/regional-de-veteranos-tem-semifinal-adiada\/\" \/>\n<meta property=\"og:locale\" content=\"pt_BR\" \/>\n<meta property=\"og:type\" content=\"article\" \/>\n<meta property=\"og:title\" content=\"Regional de Veteranos tem semifinal adiada - Folha Popular\" \/>\n<meta property=\"og:description\" content=\"As partidas de ida das semifinais do Regional de Veteranos &#8211; Copa Certel Sicredi 2023 &#8211; foram transferidas pelo segundo fim de semana consecutivo. A Aslivata tomou a decis\u00e3o na tarde deste s\u00e1bado (18\/11), por conta das condi\u00e7\u00f5es das duas pra\u00e7as esportivas que sediar\u00e3o os jogos: Penharol de Lajeado e S\u00e3o Jos\u00e9 de Taquari. Em [&hellip;]\" \/>\n<meta property=\"og:url\" content=\"https:\/\/folhapopular.info\/index.php\/2023\/11\/18\/regional-de-veteranos-tem-semifinal-adiada\/\" \/>\n<meta property=\"og:site_name\" content=\"Folha Popular\" \/>\n<meta property=\"article:published_time\" content=\"2023-11-18T23:47:17+00:00\" \/>\n<meta property=\"article:modified_time\" content=\"2023-11-18T23:47:20+00:00\" \/>\n<meta property=\"og:image\" content=\"http:\/\/folhapopular.info\/wp-content\/uploads\/2021\/09\/futebol-e1497908572695-696x414-1.jpg\" \/>\n\t<meta property=\"og:image:width\" content=\"696\" \/>\n\t<meta property=\"og:image:height\" content=\"414\" \/>\n\t<meta property=\"og:image:type\" content=\"image\/jpeg\" \/>\n<meta name=\"author\" content=\"Lucas Leandro Brune\" \/>\n<meta name=\"twitter:card\" content=\"summary_large_image\" \/>\n<meta name=\"twitter:label1\" content=\"Escrito por\" \/>\n\t<meta name=\"twitter:data1\" content=\"Lucas Leandro Brune\" \/>\n\t<meta name=\"twitter:label2\" content=\"Est. tempo de leitura\" \/>\n\t<meta name=\"twitter:data2\" content=\"1 minuto\" \/>\n<script type=\"application\/ld+json\" class=\"yoast-schema-graph\">{\"@context\":\"https:\\\/\\\/schema.org\",\"@graph\":[{\"@type\":\"Article\",\"@id\":\"https:\\\/\\\/folhapopular.info\\\/index.php\\\/2023\\\/11\\\/18\\\/regional-de-veteranos-tem-semifinal-adiada\\\/#article\",\"isPartOf\":{\"@id\":\"https:\\\/\\\/folhapopular.info\\\/index.php\\\/2023\\\/11\\\/18\\\/regional-de-veteranos-tem-semifinal-adiada\\\/\"},\"author\":{\"name\":\"Lucas Leandro Brune\",\"@id\":\"https:\\\/\\\/folhapopular.info\\\/#\\\/schema\\\/person\\\/533a15f60cd49e81ab3a90b4ca33cb36\"},\"headline\":\"Regional de Veteranos tem semifinal adiada\",\"datePublished\":\"2023-11-18T23:47:17+00:00\",\"dateModified\":\"2023-11-18T23:47:20+00:00\",\"mainEntityOfPage\":{\"@id\":\"https:\\\/\\\/folhapopular.info\\\/index.php\\\/2023\\\/11\\\/18\\\/regional-de-veteranos-tem-semifinal-adiada\\\/\"},\"wordCount\":206,\"commentCount\":0,\"image\":{\"@id\":\"https:\\\/\\\/folhapopular.info\\\/index.php\\\/2023\\\/11\\\/18\\\/regional-de-veteranos-tem-semifinal-adiada\\\/#primaryimage\"},\"thumbnailUrl\":\"https:\\\/\\\/folhapopular.info\\\/wp-content\\\/uploads\\\/2021\\\/09\\\/futebol-e1497908572695-696x414-1.jpg\",\"keywords\":[\"Copa Certel Sicredi\",\"futebol amador\",\"Vale do Taquari\"],\"articleSection\":[\"Esportes\",\"Futebol Amador\",\"Regional da Aslivata\"],\"inLanguage\":\"pt-BR\",\"potentialAction\":[{\"@type\":\"CommentAction\",\"name\":\"Comment\",\"target\":[\"https:\\\/\\\/folhapopular.info\\\/index.php\\\/2023\\\/11\\\/18\\\/regional-de-veteranos-tem-semifinal-adiada\\\/#respond\"]}]},{\"@type\":\"WebPage\",\"@id\":\"https:\\\/\\\/folhapopular.info\\\/index.php\\\/2023\\\/11\\\/18\\\/regional-de-veteranos-tem-semifinal-adiada\\\/\",\"url\":\"https:\\\/\\\/folhapopular.info\\\/index.php\\\/2023\\\/11\\\/18\\\/regional-de-veteranos-tem-semifinal-adiada\\\/\",\"name\":\"Regional de Veteranos tem semifinal adiada - Folha Popular\",\"isPartOf\":{\"@id\":\"https:\\\/\\\/folhapopular.info\\\/#website\"},\"primaryImageOfPage\":{\"@id\":\"https:\\\/\\\/folhapopular.info\\\/index.php\\\/2023\\\/11\\\/18\\\/regional-de-veteranos-tem-semifinal-adiada\\\/#primaryimage\"},\"image\":{\"@id\":\"https:\\\/\\\/folhapopular.info\\\/index.php\\\/2023\\\/11\\\/18\\\/regional-de-veteranos-tem-semifinal-adiada\\\/#primaryimage\"},\"thumbnailUrl\":\"https:\\\/\\\/folhapopular.info\\\/wp-content\\\/uploads\\\/2021\\\/09\\\/futebol-e1497908572695-696x414-1.jpg\",\"datePublished\":\"2023-11-18T23:47:17+00:00\",\"dateModified\":\"2023-11-18T23:47:20+00:00\",\"author\":{\"@id\":\"https:\\\/\\\/folhapopular.info\\\/#\\\/schema\\\/person\\\/533a15f60cd49e81ab3a90b4ca33cb36\"},\"breadcrumb\":{\"@id\":\"https:\\\/\\\/folhapopular.info\\\/index.php\\\/2023\\\/11\\\/18\\\/regional-de-veteranos-tem-semifinal-adiada\\\/#breadcrumb\"},\"inLanguage\":\"pt-BR\",\"potentialAction\":[{\"@type\":\"ReadAction\",\"target\":[\"https:\\\/\\\/folhapopular.info\\\/index.php\\\/2023\\\/11\\\/18\\\/regional-de-veteranos-tem-semifinal-adiada\\\/\"]}]},{\"@type\":\"ImageObject\",\"inLanguage\":\"pt-BR\",\"@id\":\"https:\\\/\\\/folhapopular.info\\\/index.php\\\/2023\\\/11\\\/18\\\/regional-de-veteranos-tem-semifinal-adiada\\\/#primaryimage\",\"url\":\"https:\\\/\\\/folhapopular.info\\\/wp-content\\\/uploads\\\/2021\\\/09\\\/futebol-e1497908572695-696x414-1.jpg\",\"contentUrl\":\"https:\\\/\\\/folhapopular.info\\\/wp-content\\\/uploads\\\/2021\\\/09\\\/futebol-e1497908572695-696x414-1.jpg\",\"width\":696,\"height\":414,\"caption\":\"Cr\u00e9dito: Divulga\u00e7\u00e3o\"},{\"@type\":\"BreadcrumbList\",\"@id\":\"https:\\\/\\\/folhapopular.info\\\/index.php\\\/2023\\\/11\\\/18\\\/regional-de-veteranos-tem-semifinal-adiada\\\/#breadcrumb\",\"itemListElement\":[{\"@type\":\"ListItem\",\"position\":1,\"name\":\"In\u00edcio\",\"item\":\"https:\\\/\\\/folhapopular.info\\\/\"},{\"@type\":\"ListItem\",\"position\":2,\"name\":\"Regional de Veteranos tem semifinal adiada\"}]},{\"@type\":\"WebSite\",\"@id\":\"https:\\\/\\\/folhapopular.info\\\/#website\",\"url\":\"https:\\\/\\\/folhapopular.info\\\/\",\"name\":\"Folha Popular\",\"description\":\"Onde voc\u00ea tem vez e voz\",\"potentialAction\":[{\"@type\":\"SearchAction\",\"target\":{\"@type\":\"EntryPoint\",\"urlTemplate\":\"https:\\\/\\\/folhapopular.info\\\/?s={search_term_string}\"},\"query-input\":{\"@type\":\"PropertyValueSpecification\",\"valueRequired\":true,\"valueName\":\"search_term_string\"}}],\"inLanguage\":\"pt-BR\"},{\"@type\":\"Person\",\"@id\":\"https:\\\/\\\/folhapopular.info\\\/#\\\/schema\\\/person\\\/533a15f60cd49e81ab3a90b4ca33cb36\",\"name\":\"Lucas Leandro Brune\",\"image\":{\"@type\":\"ImageObject\",\"inLanguage\":\"pt-BR\",\"@id\":\"https:\\\/\\\/folhapopular.info\\\/wp-content\\\/uploads\\\/2026\\\/04\\\/LUCAS-1-1.webp\",\"url\":\"https:\\\/\\\/folhapopular.info\\\/wp-content\\\/uploads\\\/2026\\\/04\\\/LUCAS-1-1.webp\",\"contentUrl\":\"https:\\\/\\\/folhapopular.info\\\/wp-content\\\/uploads\\\/2026\\\/04\\\/LUCAS-1-1.webp\",\"caption\":\"Lucas Leandro Brune\"},\"description\":\"Jornalista Profissional Diplomado MTB\\\/RS 14.333\",\"url\":\"https:\\\/\\\/folhapopular.info\\\/index.php\\\/author\\\/lucas-brune\\\/\"}]}<\/script>\n<!-- \/ Yoast SEO plugin. -->","yoast_head_json":{"title":"Regional de Veteranos tem semifinal adiada - Folha Popular","robots":{"index":"index","follow":"follow","max-snippet":"max-snippet:-1","max-image-preview":"max-image-preview:large","max-video-preview":"max-video-preview:-1"},"canonical":"https:\/\/folhapopular.info\/index.php\/2023\/11\/18\/regional-de-veteranos-tem-semifinal-adiada\/","og_locale":"pt_BR","og_type":"article","og_title":"Regional de Veteranos tem semifinal adiada - Folha Popular","og_description":"As partidas de ida das semifinais do Regional de Veteranos &#8211; Copa Certel Sicredi 2023 &#8211; foram transferidas pelo segundo fim de semana consecutivo. A Aslivata tomou a decis\u00e3o na tarde deste s\u00e1bado (18\/11), por conta das condi\u00e7\u00f5es das duas pra\u00e7as esportivas que sediar\u00e3o os jogos: Penharol de Lajeado e S\u00e3o Jos\u00e9 de Taquari. Em [&hellip;]","og_url":"https:\/\/folhapopular.info\/index.php\/2023\/11\/18\/regional-de-veteranos-tem-semifinal-adiada\/","og_site_name":"Folha Popular","article_published_time":"2023-11-18T23:47:17+00:00","article_modified_time":"2023-11-18T23:47:20+00:00","og_image":[{"width":696,"height":414,"url":"http:\/\/folhapopular.info\/wp-content\/uploads\/2021\/09\/futebol-e1497908572695-696x414-1.jpg","type":"image\/jpeg"}],"author":"Lucas Leandro Brune","twitter_card":"summary_large_image","twitter_misc":{"Escrito por":"Lucas Leandro Brune","Est. tempo de leitura":"1 minuto"},"schema":{"@context":"https:\/\/schema.org","@graph":[{"@type":"Article","@id":"https:\/\/folhapopular.info\/index.php\/2023\/11\/18\/regional-de-veteranos-tem-semifinal-adiada\/#article","isPartOf":{"@id":"https:\/\/folhapopular.info\/index.php\/2023\/11\/18\/regional-de-veteranos-tem-semifinal-adiada\/"},"author":{"name":"Lucas Leandro Brune","@id":"https:\/\/folhapopular.info\/#\/schema\/person\/533a15f60cd49e81ab3a90b4ca33cb36"},"headline":"Regional de Veteranos tem semifinal adiada","datePublished":"2023-11-18T23:47:17+00:00","dateModified":"2023-11-18T23:47:20+00:00","mainEntityOfPage":{"@id":"https:\/\/folhapopular.info\/index.php\/2023\/11\/18\/regional-de-veteranos-tem-semifinal-adiada\/"},"wordCount":206,"commentCount":0,"image":{"@id":"https:\/\/folhapopular.info\/index.php\/2023\/11\/18\/regional-de-veteranos-tem-semifinal-adiada\/#primaryimage"},"thumbnailUrl":"https:\/\/folhapopular.info\/wp-content\/uploads\/2021\/09\/futebol-e1497908572695-696x414-1.jpg","keywords":["Copa Certel Sicredi","futebol amador","Vale do Taquari"],"articleSection":["Esportes","Futebol Amador","Regional da Aslivata"],"inLanguage":"pt-BR","potentialAction":[{"@type":"CommentAction","name":"Comment","target":["https:\/\/folhapopular.info\/index.php\/2023\/11\/18\/regional-de-veteranos-tem-semifinal-adiada\/#respond"]}]},{"@type":"WebPage","@id":"https:\/\/folhapopular.info\/index.php\/2023\/11\/18\/regional-de-veteranos-tem-semifinal-adiada\/","url":"https:\/\/folhapopular.info\/index.php\/2023\/11\/18\/regional-de-veteranos-tem-semifinal-adiada\/","name":"Regional de Veteranos tem semifinal adiada - Folha Popular","isPartOf":{"@id":"https:\/\/folhapopular.info\/#website"},"primaryImageOfPage":{"@id":"https:\/\/folhapopular.info\/index.php\/2023\/11\/18\/regional-de-veteranos-tem-semifinal-adiada\/#primaryimage"},"image":{"@id":"https:\/\/folhapopular.info\/index.php\/2023\/11\/18\/regional-de-veteranos-tem-semifinal-adiada\/#primaryimage"},"thumbnailUrl":"https:\/\/folhapopular.info\/wp-content\/uploads\/2021\/09\/futebol-e1497908572695-696x414-1.jpg","datePublished":"2023-11-18T23:47:17+00:00","dateModified":"2023-11-18T23:47:20+00:00","author":{"@id":"https:\/\/folhapopular.info\/#\/schema\/person\/533a15f60cd49e81ab3a90b4ca33cb36"},"breadcrumb":{"@id":"https:\/\/folhapopular.info\/index.php\/2023\/11\/18\/regional-de-veteranos-tem-semifinal-adiada\/#breadcrumb"},"inLanguage":"pt-BR","potentialAction":[{"@type":"ReadAction","target":["https:\/\/folhapopular.info\/index.php\/2023\/11\/18\/regional-de-veteranos-tem-semifinal-adiada\/"]}]},{"@type":"ImageObject","inLanguage":"pt-BR","@id":"https:\/\/folhapopular.info\/index.php\/2023\/11\/18\/regional-de-veteranos-tem-semifinal-adiada\/#primaryimage","url":"https:\/\/folhapopular.info\/wp-content\/uploads\/2021\/09\/futebol-e1497908572695-696x414-1.jpg","contentUrl":"https:\/\/folhapopular.info\/wp-content\/uploads\/2021\/09\/futebol-e1497908572695-696x414-1.jpg","width":696,"height":414,"caption":"Cr\u00e9dito: Divulga\u00e7\u00e3o"},{"@type":"BreadcrumbList","@id":"https:\/\/folhapopular.info\/index.php\/2023\/11\/18\/regional-de-veteranos-tem-semifinal-adiada\/#breadcrumb","itemListElement":[{"@type":"ListItem","position":1,"name":"In\u00edcio","item":"https:\/\/folhapopular.info\/"},{"@type":"ListItem","position":2,"name":"Regional de Veteranos tem semifinal adiada"}]},{"@type":"WebSite","@id":"https:\/\/folhapopular.info\/#website","url":"https:\/\/folhapopular.info\/","name":"Folha Popular","description":"Onde voc\u00ea tem vez e voz","potentialAction":[{"@type":"SearchAction","target":{"@type":"EntryPoint","urlTemplate":"https:\/\/folhapopular.info\/?s={search_term_string}"},"query-input":{"@type":"PropertyValueSpecification","valueRequired":true,"valueName":"search_term_string"}}],"inLanguage":"pt-BR"},{"@type":"Person","@id":"https:\/\/folhapopular.info\/#\/schema\/person\/533a15f60cd49e81ab3a90b4ca33cb36","name":"Lucas Leandro Brune","image":{"@type":"ImageObject","inLanguage":"pt-BR","@id":"https:\/\/folhapopular.info\/wp-content\/uploads\/2026\/04\/LUCAS-1-1.webp","url":"https:\/\/folhapopular.info\/wp-content\/uploads\/2026\/04\/LUCAS-1-1.webp","contentUrl":"https:\/\/folhapopular.info\/wp-content\/uploads\/2026\/04\/LUCAS-1-1.webp","caption":"Lucas Leandro Brune"},"description":"Jornalista Profissional Diplomado MTB\/RS 14.333","url":"https:\/\/folhapopular.info\/index.php\/author\/lucas-brune\/"}]}},"jetpack_featured_media_url":"https:\/\/folhapopular.info\/wp-content\/uploads\/2021\/09\/futebol-e1497908572695-696x414-1.jpg","jetpack_sharing_enabled":true,"amp_enabled":true,"_links":{"self":[{"href":"https:\/\/folhapopular.info\/index.php\/wp-json\/wp\/v2\/posts\/143699","targetHints":{"allow":["GET"]}}],"collection":[{"href":"https:\/\/folhapopular.info\/index.php\/wp-json\/wp\/v2\/posts"}],"about":[{"href":"https:\/\/folhapopular.info\/index.php\/wp-json\/wp\/v2\/types\/post"}],"author":[{"embeddable":true,"href":"https:\/\/folhapopular.info\/index.php\/wp-json\/wp\/v2\/users\/7"}],"replies":[{"embeddable":true,"href":"https:\/\/folhapopular.info\/index.php\/wp-json\/wp\/v2\/comments?post=143699"}],"version-history":[{"count":0,"href":"https:\/\/folhapopular.info\/index.php\/wp-json\/wp\/v2\/posts\/143699\/revisions"}],"wp:featuredmedia":[{"embeddable":true,"href":"https:\/\/folhapopular.info\/index.php\/wp-json\/wp\/v2\/media\/89234"}],"wp:attachment":[{"href":"https:\/\/folhapopular.info\/index.php\/wp-json\/wp\/v2\/media?parent=143699"}],"wp:term":[{"taxonomy":"category","embeddable":true,"href":"https:\/\/folhapopular.info\/index.php\/wp-json\/wp\/v2\/categories?post=143699"},{"taxonomy":"post_tag","embeddable":true,"href":"https:\/\/folhapopular.info\/index.php\/wp-json\/wp\/v2\/tags?post=143699"}],"curies":[{"name":"wp","href":"https:\/\/api.w.org\/{rel}","templated":true}]}}