{"id":143720,"date":"2023-11-19T11:14:57","date_gmt":"2023-11-19T14:14:57","guid":{"rendered":"https:\/\/folhapopular.info\/?p=143720"},"modified":"2023-11-19T11:15:01","modified_gmt":"2023-11-19T14:15:01","slug":"quatro-campeoes-de-grupo-definirao-os-finalistas-da-serie-a-do-regional-da-aslivata","status":"publish","type":"post","link":"https:\/\/folhapopular.info\/index.php\/2023\/11\/19\/quatro-campeoes-de-grupo-definirao-os-finalistas-da-serie-a-do-regional-da-aslivata\/","title":{"rendered":"Quatro \u201ccampe\u00f5es\u201d de grupo definir\u00e3o os finalistas da S\u00e9rie A do Regional da Aslivata"},"content":{"rendered":"\n<p>O primeiro colocado de cada uma das quatro chaves da primeira fase est\u00e1 na semifinal da S\u00e9rie A do Campeonato Regional da Aslivata \u2013 Copa Certel Sicredi 2023. Juventude de Westf\u00e1lia, Serrano de Encantado, Fluminense de Mato Leit\u00e3o e Estudiantes de Lajeado iniciam a luta por vagas na decis\u00e3o a partir deste domingo (19\/11). <strong>A rodada foi confirmada pela Aslivata na manh\u00e3 de hoje.<\/strong> Os quatro clubes classificaram as duas categorias para a pr\u00f3xima etapa da competi\u00e7\u00e3o.<\/p>\n\n\n\n<p>O Fluminense receber\u00e1 o Serrano no Est\u00e1dio da Montanha, em Mato Leit\u00e3o. O Flu conseguiu a vit\u00f3ria sobre o Estudiantes pelo escore m\u00ednimo e venceu nos p\u00eanaltis. A vaga do tricolor o coloca em terceiro geral. O Serrano goleou o Juventude de Guapor\u00e9, manteve-se invicto e com a segunda melhor campanha \u2013 por isso, decide a vaga em casa.<\/p>\n\n\n\n<p>O Estudiantes de Lajeado entrou como o perdedor de melhor campanha e ficou com a quarta posi\u00e7\u00e3o no ranking. Jogar\u00e1 a primeira semifinal em casa diante do Juventude da Berlim \u2013 Westf\u00e1lia. O Ju est\u00e1 com a melhor campanha ap\u00f3s derrotar o Minuano de Canudos do Vale por 4 a 0. Os dois clubes possuem grandes elencos e tudo pode acontecer neste enfrentamento.<\/p>\n\n\n\n<p>A Aslivata manteve os jogos desta fase nas pra\u00e7as esportivas dos clubes classificados, pelo bom andamento disciplinar. Os hor\u00e1rios de in\u00edcio ser\u00e3o mantidos para 14h (Aspirantes) e 16h (Titulares) no jogo de ida; a partida de volta ser\u00e1 13h30 (Aspirantes) e 15h30 (Titulares). Para as finais, a entidade avaliar\u00e1 os locais dos jogos.<\/p>\n\n\n\n<p>Os cart\u00f5es amarelos foram zerados ap\u00f3s a fase anterior, o que garante equipes completas e com for\u00e7a m\u00e1xima para dois grandes jogos. O valor do ingresso ser\u00e1 de R$ 15,00. Outros pontos j\u00e1 observados nas fases anteriores receberam refor\u00e7o: bebida sem garrafa de vidro, divis\u00e3o das torcidas e seguran\u00e7a.<\/p>\n\n\n\n<h2 class=\"wp-block-heading\"><strong>Campanha dos semifinalistas &#8211; TITULARES<\/strong><\/h2>\n\n\n\n<figure class=\"wp-block-table is-style-stripes\"><table><tbody><tr><td><strong>CHAVE N<\/strong><\/td><td>PG<\/td><td>J<\/td><td>V<\/td><td>E<\/td><td>D<\/td><td>GP<\/td><td>GS<\/td><td>SG<\/td><td>%<\/td><td>DI<\/td><\/tr><tr><td>Juventude Berlim<\/td><td>28<\/td><td>10<\/td><td>9<\/td><td>1<\/td><td>0<\/td><td>25<\/td><td>7<\/td><td>18<\/td><td>93<\/td><td>260<\/td><\/tr><tr><td>Estudiantes<\/td><td>21<\/td><td>10<\/td><td>6<\/td><td>3<\/td><td>1<\/td><td>24<\/td><td>6<\/td><td>18<\/td><td>70<\/td><td>560<\/td><\/tr><tr><td><strong>CHAVE O<\/strong><\/td><td>PG<\/td><td>J<\/td><td>V<\/td><td>E<\/td><td>D<\/td><td>GP<\/td><td>GS<\/td><td>SG<\/td><td>%<\/td><td>DI<\/td><\/tr><tr><td>Serrano<\/td><td>26<\/td><td>10<\/td><td>8<\/td><td>2<\/td><td>0<\/td><td>27<\/td><td>6<\/td><td>21<\/td><td>87<\/td><td>300<\/td><\/tr><tr><td>Fluminense<\/td><td>22<\/td><td>10<\/td><td>7<\/td><td>1<\/td><td>2<\/td><td>22<\/td><td>17<\/td><td>5<\/td><td>73<\/td><td>360<\/td><\/tr><\/tbody><\/table><\/figure>\n\n\n\n<h2 class=\"wp-block-heading\"><strong>Campanha dos semifinalistas &#8211; ASPIRANTES<\/strong><\/h2>\n\n\n\n<figure class=\"wp-block-table is-style-stripes\"><table><tbody><tr><td><strong>CHAVE N<\/strong><\/td><td>PG<\/td><td>J<\/td><td>V<\/td><td>E<\/td><td>D<\/td><td>GP<\/td><td>GS<\/td><td>SG<\/td><td>%<\/td><td>DI<\/td><\/tr><tr><td>Estudiantes<\/td><td>26<\/td><td>10<\/td><td>8<\/td><td>2<\/td><td>0<\/td><td>29<\/td><td>3<\/td><td>26<\/td><td>87<\/td><td>320<\/td><\/tr><tr><td>Juventude Berlim<\/td><td>13<\/td><td>10<\/td><td>3<\/td><td>4<\/td><td>3<\/td><td>22<\/td><td>15<\/td><td>7<\/td><td>43<\/td><td>470<\/td><\/tr><tr><td><strong>CHAVE O<\/strong><\/td><td>PG<\/td><td>J<\/td><td>V<\/td><td>E<\/td><td>D<\/td><td>GP<\/td><td>GS<\/td><td>SG<\/td><td>%<\/td><td>DI<\/td><\/tr><tr><td>Serrano<\/td><td>22<\/td><td>10<\/td><td>6<\/td><td>4<\/td><td>0<\/td><td>19<\/td><td>5<\/td><td>14<\/td><td>73<\/td><td>290<\/td><\/tr><tr><td>Fluminense<\/td><td>21<\/td><td>10<\/td><td>6<\/td><td>3<\/td><td>1<\/td><td>17<\/td><td>10<\/td><td>7<\/td><td>70<\/td><td>450<\/td><\/tr><\/tbody><\/table><\/figure>\n\n\n\n<h2 class=\"wp-block-heading\"><strong>Jogos Semifinais<\/strong><\/h2>\n\n\n\n<p><strong>Jogo de IDA &#8211; 19\/11 &#8211; 14h Aspirantes e 16h Titulares<\/strong><\/p>\n\n\n\n<figure class=\"wp-block-table is-style-stripes\"><table><tbody><tr><td>Chave<\/td><td>Cidade<\/td><td><\/td><td colspan=\"3\">Jogos<\/td><td><\/td><\/tr><tr><td>N<\/td><td>Lajeado<\/td><td>Estudiantes<\/td><td><\/td><td>x<\/td><td><\/td><td>Juventude-We<\/td><\/tr><tr><td>O<\/td><td>Mato Leit\u00e3o<\/td><td>Fluminense<\/td><td><\/td><td>x<\/td><td><\/td><td>Serrano<\/td><\/tr><\/tbody><\/table><\/figure>\n","protected":false},"excerpt":{"rendered":"<p>O primeiro colocado de cada uma das quatro chaves da primeira fase est\u00e1 na semifinal da S\u00e9rie A do Campeonato Regional da Aslivata \u2013 Copa Certel Sicredi 2023. Juventude de Westf\u00e1lia, Serrano de Encantado, Fluminense de Mato Leit\u00e3o e Estudiantes de Lajeado iniciam a luta por vagas na decis\u00e3o a partir deste domingo (19\/11). A [&hellip;]<\/p>\n","protected":false},"author":7,"featured_media":143721,"comment_status":"open","ping_status":"open","sticky":false,"template":"","format":"standard","meta":{"pmpro_default_level":"","_jetpack_memberships_contains_paid_content":false,"footnotes":""},"categories":[5,240,288],"tags":[318,147,27,4663,156],"class_list":{"0":"post-143720","1":"post","2":"type-post","3":"status-publish","4":"format-standard","5":"has-post-thumbnail","7":"category-esportes","8":"category-futebol-amador","9":"category-regional-da-aslivata","10":"tag-copa-certel-sicredi","11":"tag-futebol-amador","12":"tag-lajeado","13":"tag-mato-leitao","14":"tag-vale-do-taquari","15":"pmpro-has-access"},"yoast_head":"<!-- This site is optimized with the Yoast SEO plugin v27.5 - https:\/\/yoast.com\/product\/yoast-seo-wordpress\/ -->\n<title>Quatro \u201ccampe\u00f5es\u201d de grupo definir\u00e3o os finalistas da S\u00e9rie A do Regional da Aslivata - Folha Popular<\/title>\n<meta name=\"robots\" content=\"index, follow, max-snippet:-1, max-image-preview:large, max-video-preview:-1\" \/>\n<link rel=\"canonical\" href=\"https:\/\/folhapopular.info\/index.php\/2023\/11\/19\/quatro-campeoes-de-grupo-definirao-os-finalistas-da-serie-a-do-regional-da-aslivata\/\" \/>\n<meta property=\"og:locale\" content=\"pt_BR\" \/>\n<meta property=\"og:type\" content=\"article\" \/>\n<meta property=\"og:title\" content=\"Quatro \u201ccampe\u00f5es\u201d de grupo definir\u00e3o os finalistas da S\u00e9rie A do Regional da Aslivata - Folha Popular\" \/>\n<meta property=\"og:description\" content=\"O primeiro colocado de cada uma das quatro chaves da primeira fase est\u00e1 na semifinal da S\u00e9rie A do Campeonato Regional da Aslivata \u2013 Copa Certel Sicredi 2023. Juventude de Westf\u00e1lia, Serrano de Encantado, Fluminense de Mato Leit\u00e3o e Estudiantes de Lajeado iniciam a luta por vagas na decis\u00e3o a partir deste domingo (19\/11). A [&hellip;]\" \/>\n<meta property=\"og:url\" content=\"https:\/\/folhapopular.info\/index.php\/2023\/11\/19\/quatro-campeoes-de-grupo-definirao-os-finalistas-da-serie-a-do-regional-da-aslivata\/\" \/>\n<meta property=\"og:site_name\" content=\"Folha Popular\" \/>\n<meta property=\"article:published_time\" content=\"2023-11-19T14:14:57+00:00\" \/>\n<meta property=\"article:modified_time\" content=\"2023-11-19T14:15:01+00:00\" \/>\n<meta property=\"og:image\" content=\"http:\/\/folhapopular.info\/wp-content\/uploads\/2023\/11\/WhatsApp-Image-2023-11-12-at-15.49.18.jpeg\" \/>\n\t<meta property=\"og:image:width\" content=\"1600\" \/>\n\t<meta property=\"og:image:height\" content=\"1197\" \/>\n\t<meta property=\"og:image:type\" content=\"image\/jpeg\" \/>\n<meta name=\"author\" content=\"Lucas Leandro Brune\" \/>\n<meta name=\"twitter:card\" content=\"summary_large_image\" \/>\n<meta name=\"twitter:label1\" content=\"Escrito por\" \/>\n\t<meta name=\"twitter:data1\" content=\"Lucas Leandro Brune\" \/>\n\t<meta name=\"twitter:label2\" content=\"Est. tempo de leitura\" \/>\n\t<meta name=\"twitter:data2\" content=\"3 minutos\" \/>\n<script type=\"application\/ld+json\" class=\"yoast-schema-graph\">{\"@context\":\"https:\\\/\\\/schema.org\",\"@graph\":[{\"@type\":\"Article\",\"@id\":\"https:\\\/\\\/folhapopular.info\\\/index.php\\\/2023\\\/11\\\/19\\\/quatro-campeoes-de-grupo-definirao-os-finalistas-da-serie-a-do-regional-da-aslivata\\\/#article\",\"isPartOf\":{\"@id\":\"https:\\\/\\\/folhapopular.info\\\/index.php\\\/2023\\\/11\\\/19\\\/quatro-campeoes-de-grupo-definirao-os-finalistas-da-serie-a-do-regional-da-aslivata\\\/\"},\"author\":{\"name\":\"Lucas Leandro Brune\",\"@id\":\"https:\\\/\\\/folhapopular.info\\\/#\\\/schema\\\/person\\\/533a15f60cd49e81ab3a90b4ca33cb36\"},\"headline\":\"Quatro \u201ccampe\u00f5es\u201d de grupo definir\u00e3o os finalistas da S\u00e9rie A do Regional da Aslivata\",\"datePublished\":\"2023-11-19T14:14:57+00:00\",\"dateModified\":\"2023-11-19T14:15:01+00:00\",\"mainEntityOfPage\":{\"@id\":\"https:\\\/\\\/folhapopular.info\\\/index.php\\\/2023\\\/11\\\/19\\\/quatro-campeoes-de-grupo-definirao-os-finalistas-da-serie-a-do-regional-da-aslivata\\\/\"},\"wordCount\":426,\"commentCount\":0,\"image\":{\"@id\":\"https:\\\/\\\/folhapopular.info\\\/index.php\\\/2023\\\/11\\\/19\\\/quatro-campeoes-de-grupo-definirao-os-finalistas-da-serie-a-do-regional-da-aslivata\\\/#primaryimage\"},\"thumbnailUrl\":\"https:\\\/\\\/folhapopular.info\\\/wp-content\\\/uploads\\\/2023\\\/11\\\/WhatsApp-Image-2023-11-12-at-15.49.18.jpeg\",\"keywords\":[\"Copa Certel Sicredi\",\"futebol amador\",\"Lajeado\",\"Mato Leit\u00e3o\",\"Vale do Taquari\"],\"articleSection\":[\"Esportes\",\"Futebol Amador\",\"Regional da Aslivata\"],\"inLanguage\":\"pt-BR\",\"potentialAction\":[{\"@type\":\"CommentAction\",\"name\":\"Comment\",\"target\":[\"https:\\\/\\\/folhapopular.info\\\/index.php\\\/2023\\\/11\\\/19\\\/quatro-campeoes-de-grupo-definirao-os-finalistas-da-serie-a-do-regional-da-aslivata\\\/#respond\"]}]},{\"@type\":\"WebPage\",\"@id\":\"https:\\\/\\\/folhapopular.info\\\/index.php\\\/2023\\\/11\\\/19\\\/quatro-campeoes-de-grupo-definirao-os-finalistas-da-serie-a-do-regional-da-aslivata\\\/\",\"url\":\"https:\\\/\\\/folhapopular.info\\\/index.php\\\/2023\\\/11\\\/19\\\/quatro-campeoes-de-grupo-definirao-os-finalistas-da-serie-a-do-regional-da-aslivata\\\/\",\"name\":\"Quatro \u201ccampe\u00f5es\u201d de grupo definir\u00e3o os finalistas da S\u00e9rie A do Regional da Aslivata - Folha Popular\",\"isPartOf\":{\"@id\":\"https:\\\/\\\/folhapopular.info\\\/#website\"},\"primaryImageOfPage\":{\"@id\":\"https:\\\/\\\/folhapopular.info\\\/index.php\\\/2023\\\/11\\\/19\\\/quatro-campeoes-de-grupo-definirao-os-finalistas-da-serie-a-do-regional-da-aslivata\\\/#primaryimage\"},\"image\":{\"@id\":\"https:\\\/\\\/folhapopular.info\\\/index.php\\\/2023\\\/11\\\/19\\\/quatro-campeoes-de-grupo-definirao-os-finalistas-da-serie-a-do-regional-da-aslivata\\\/#primaryimage\"},\"thumbnailUrl\":\"https:\\\/\\\/folhapopular.info\\\/wp-content\\\/uploads\\\/2023\\\/11\\\/WhatsApp-Image-2023-11-12-at-15.49.18.jpeg\",\"datePublished\":\"2023-11-19T14:14:57+00:00\",\"dateModified\":\"2023-11-19T14:15:01+00:00\",\"author\":{\"@id\":\"https:\\\/\\\/folhapopular.info\\\/#\\\/schema\\\/person\\\/533a15f60cd49e81ab3a90b4ca33cb36\"},\"breadcrumb\":{\"@id\":\"https:\\\/\\\/folhapopular.info\\\/index.php\\\/2023\\\/11\\\/19\\\/quatro-campeoes-de-grupo-definirao-os-finalistas-da-serie-a-do-regional-da-aslivata\\\/#breadcrumb\"},\"inLanguage\":\"pt-BR\",\"potentialAction\":[{\"@type\":\"ReadAction\",\"target\":[\"https:\\\/\\\/folhapopular.info\\\/index.php\\\/2023\\\/11\\\/19\\\/quatro-campeoes-de-grupo-definirao-os-finalistas-da-serie-a-do-regional-da-aslivata\\\/\"]}]},{\"@type\":\"ImageObject\",\"inLanguage\":\"pt-BR\",\"@id\":\"https:\\\/\\\/folhapopular.info\\\/index.php\\\/2023\\\/11\\\/19\\\/quatro-campeoes-de-grupo-definirao-os-finalistas-da-serie-a-do-regional-da-aslivata\\\/#primaryimage\",\"url\":\"https:\\\/\\\/folhapopular.info\\\/wp-content\\\/uploads\\\/2023\\\/11\\\/WhatsApp-Image-2023-11-12-at-15.49.18.jpeg\",\"contentUrl\":\"https:\\\/\\\/folhapopular.info\\\/wp-content\\\/uploads\\\/2023\\\/11\\\/WhatsApp-Image-2023-11-12-at-15.49.18.jpeg\",\"width\":1600,\"height\":1197,\"caption\":\"Fluminense (branco) e Estudiantes (preto) jogar\u00e3o a primeira partida em casa na fase semifinal \\\/\\\/ Cr\u00e9dito: \u00c9derson da Rocha \\\/ Especial FP\"},{\"@type\":\"BreadcrumbList\",\"@id\":\"https:\\\/\\\/folhapopular.info\\\/index.php\\\/2023\\\/11\\\/19\\\/quatro-campeoes-de-grupo-definirao-os-finalistas-da-serie-a-do-regional-da-aslivata\\\/#breadcrumb\",\"itemListElement\":[{\"@type\":\"ListItem\",\"position\":1,\"name\":\"In\u00edcio\",\"item\":\"https:\\\/\\\/folhapopular.info\\\/\"},{\"@type\":\"ListItem\",\"position\":2,\"name\":\"Quatro \u201ccampe\u00f5es\u201d de grupo definir\u00e3o os finalistas da S\u00e9rie A do Regional da Aslivata\"}]},{\"@type\":\"WebSite\",\"@id\":\"https:\\\/\\\/folhapopular.info\\\/#website\",\"url\":\"https:\\\/\\\/folhapopular.info\\\/\",\"name\":\"Folha Popular\",\"description\":\"Onde voc\u00ea tem vez e voz\",\"potentialAction\":[{\"@type\":\"SearchAction\",\"target\":{\"@type\":\"EntryPoint\",\"urlTemplate\":\"https:\\\/\\\/folhapopular.info\\\/?s={search_term_string}\"},\"query-input\":{\"@type\":\"PropertyValueSpecification\",\"valueRequired\":true,\"valueName\":\"search_term_string\"}}],\"inLanguage\":\"pt-BR\"},{\"@type\":\"Person\",\"@id\":\"https:\\\/\\\/folhapopular.info\\\/#\\\/schema\\\/person\\\/533a15f60cd49e81ab3a90b4ca33cb36\",\"name\":\"Lucas Leandro Brune\",\"image\":{\"@type\":\"ImageObject\",\"inLanguage\":\"pt-BR\",\"@id\":\"https:\\\/\\\/folhapopular.info\\\/wp-content\\\/uploads\\\/2026\\\/04\\\/LUCAS-1-1.webp\",\"url\":\"https:\\\/\\\/folhapopular.info\\\/wp-content\\\/uploads\\\/2026\\\/04\\\/LUCAS-1-1.webp\",\"contentUrl\":\"https:\\\/\\\/folhapopular.info\\\/wp-content\\\/uploads\\\/2026\\\/04\\\/LUCAS-1-1.webp\",\"caption\":\"Lucas Leandro Brune\"},\"description\":\"Jornalista Profissional Diplomado MTB\\\/RS 14.333\",\"url\":\"https:\\\/\\\/folhapopular.info\\\/index.php\\\/author\\\/lucas-brune\\\/\"}]}<\/script>\n<!-- \/ Yoast SEO plugin. -->","yoast_head_json":{"title":"Quatro \u201ccampe\u00f5es\u201d de grupo definir\u00e3o os finalistas da S\u00e9rie A do Regional da Aslivata - Folha Popular","robots":{"index":"index","follow":"follow","max-snippet":"max-snippet:-1","max-image-preview":"max-image-preview:large","max-video-preview":"max-video-preview:-1"},"canonical":"https:\/\/folhapopular.info\/index.php\/2023\/11\/19\/quatro-campeoes-de-grupo-definirao-os-finalistas-da-serie-a-do-regional-da-aslivata\/","og_locale":"pt_BR","og_type":"article","og_title":"Quatro \u201ccampe\u00f5es\u201d de grupo definir\u00e3o os finalistas da S\u00e9rie A do Regional da Aslivata - Folha Popular","og_description":"O primeiro colocado de cada uma das quatro chaves da primeira fase est\u00e1 na semifinal da S\u00e9rie A do Campeonato Regional da Aslivata \u2013 Copa Certel Sicredi 2023. Juventude de Westf\u00e1lia, Serrano de Encantado, Fluminense de Mato Leit\u00e3o e Estudiantes de Lajeado iniciam a luta por vagas na decis\u00e3o a partir deste domingo (19\/11). A [&hellip;]","og_url":"https:\/\/folhapopular.info\/index.php\/2023\/11\/19\/quatro-campeoes-de-grupo-definirao-os-finalistas-da-serie-a-do-regional-da-aslivata\/","og_site_name":"Folha Popular","article_published_time":"2023-11-19T14:14:57+00:00","article_modified_time":"2023-11-19T14:15:01+00:00","og_image":[{"width":1600,"height":1197,"url":"http:\/\/folhapopular.info\/wp-content\/uploads\/2023\/11\/WhatsApp-Image-2023-11-12-at-15.49.18.jpeg","type":"image\/jpeg"}],"author":"Lucas Leandro Brune","twitter_card":"summary_large_image","twitter_misc":{"Escrito por":"Lucas Leandro Brune","Est. tempo de leitura":"3 minutos"},"schema":{"@context":"https:\/\/schema.org","@graph":[{"@type":"Article","@id":"https:\/\/folhapopular.info\/index.php\/2023\/11\/19\/quatro-campeoes-de-grupo-definirao-os-finalistas-da-serie-a-do-regional-da-aslivata\/#article","isPartOf":{"@id":"https:\/\/folhapopular.info\/index.php\/2023\/11\/19\/quatro-campeoes-de-grupo-definirao-os-finalistas-da-serie-a-do-regional-da-aslivata\/"},"author":{"name":"Lucas Leandro Brune","@id":"https:\/\/folhapopular.info\/#\/schema\/person\/533a15f60cd49e81ab3a90b4ca33cb36"},"headline":"Quatro \u201ccampe\u00f5es\u201d de grupo definir\u00e3o os finalistas da S\u00e9rie A do Regional da Aslivata","datePublished":"2023-11-19T14:14:57+00:00","dateModified":"2023-11-19T14:15:01+00:00","mainEntityOfPage":{"@id":"https:\/\/folhapopular.info\/index.php\/2023\/11\/19\/quatro-campeoes-de-grupo-definirao-os-finalistas-da-serie-a-do-regional-da-aslivata\/"},"wordCount":426,"commentCount":0,"image":{"@id":"https:\/\/folhapopular.info\/index.php\/2023\/11\/19\/quatro-campeoes-de-grupo-definirao-os-finalistas-da-serie-a-do-regional-da-aslivata\/#primaryimage"},"thumbnailUrl":"https:\/\/folhapopular.info\/wp-content\/uploads\/2023\/11\/WhatsApp-Image-2023-11-12-at-15.49.18.jpeg","keywords":["Copa Certel Sicredi","futebol amador","Lajeado","Mato Leit\u00e3o","Vale do Taquari"],"articleSection":["Esportes","Futebol Amador","Regional da Aslivata"],"inLanguage":"pt-BR","potentialAction":[{"@type":"CommentAction","name":"Comment","target":["https:\/\/folhapopular.info\/index.php\/2023\/11\/19\/quatro-campeoes-de-grupo-definirao-os-finalistas-da-serie-a-do-regional-da-aslivata\/#respond"]}]},{"@type":"WebPage","@id":"https:\/\/folhapopular.info\/index.php\/2023\/11\/19\/quatro-campeoes-de-grupo-definirao-os-finalistas-da-serie-a-do-regional-da-aslivata\/","url":"https:\/\/folhapopular.info\/index.php\/2023\/11\/19\/quatro-campeoes-de-grupo-definirao-os-finalistas-da-serie-a-do-regional-da-aslivata\/","name":"Quatro \u201ccampe\u00f5es\u201d de grupo definir\u00e3o os finalistas da S\u00e9rie A do Regional da Aslivata - Folha Popular","isPartOf":{"@id":"https:\/\/folhapopular.info\/#website"},"primaryImageOfPage":{"@id":"https:\/\/folhapopular.info\/index.php\/2023\/11\/19\/quatro-campeoes-de-grupo-definirao-os-finalistas-da-serie-a-do-regional-da-aslivata\/#primaryimage"},"image":{"@id":"https:\/\/folhapopular.info\/index.php\/2023\/11\/19\/quatro-campeoes-de-grupo-definirao-os-finalistas-da-serie-a-do-regional-da-aslivata\/#primaryimage"},"thumbnailUrl":"https:\/\/folhapopular.info\/wp-content\/uploads\/2023\/11\/WhatsApp-Image-2023-11-12-at-15.49.18.jpeg","datePublished":"2023-11-19T14:14:57+00:00","dateModified":"2023-11-19T14:15:01+00:00","author":{"@id":"https:\/\/folhapopular.info\/#\/schema\/person\/533a15f60cd49e81ab3a90b4ca33cb36"},"breadcrumb":{"@id":"https:\/\/folhapopular.info\/index.php\/2023\/11\/19\/quatro-campeoes-de-grupo-definirao-os-finalistas-da-serie-a-do-regional-da-aslivata\/#breadcrumb"},"inLanguage":"pt-BR","potentialAction":[{"@type":"ReadAction","target":["https:\/\/folhapopular.info\/index.php\/2023\/11\/19\/quatro-campeoes-de-grupo-definirao-os-finalistas-da-serie-a-do-regional-da-aslivata\/"]}]},{"@type":"ImageObject","inLanguage":"pt-BR","@id":"https:\/\/folhapopular.info\/index.php\/2023\/11\/19\/quatro-campeoes-de-grupo-definirao-os-finalistas-da-serie-a-do-regional-da-aslivata\/#primaryimage","url":"https:\/\/folhapopular.info\/wp-content\/uploads\/2023\/11\/WhatsApp-Image-2023-11-12-at-15.49.18.jpeg","contentUrl":"https:\/\/folhapopular.info\/wp-content\/uploads\/2023\/11\/WhatsApp-Image-2023-11-12-at-15.49.18.jpeg","width":1600,"height":1197,"caption":"Fluminense (branco) e Estudiantes (preto) jogar\u00e3o a primeira partida em casa na fase semifinal \/\/ Cr\u00e9dito: \u00c9derson da Rocha \/ Especial FP"},{"@type":"BreadcrumbList","@id":"https:\/\/folhapopular.info\/index.php\/2023\/11\/19\/quatro-campeoes-de-grupo-definirao-os-finalistas-da-serie-a-do-regional-da-aslivata\/#breadcrumb","itemListElement":[{"@type":"ListItem","position":1,"name":"In\u00edcio","item":"https:\/\/folhapopular.info\/"},{"@type":"ListItem","position":2,"name":"Quatro \u201ccampe\u00f5es\u201d de grupo definir\u00e3o os finalistas da S\u00e9rie A do Regional da Aslivata"}]},{"@type":"WebSite","@id":"https:\/\/folhapopular.info\/#website","url":"https:\/\/folhapopular.info\/","name":"Folha Popular","description":"Onde voc\u00ea tem vez e voz","potentialAction":[{"@type":"SearchAction","target":{"@type":"EntryPoint","urlTemplate":"https:\/\/folhapopular.info\/?s={search_term_string}"},"query-input":{"@type":"PropertyValueSpecification","valueRequired":true,"valueName":"search_term_string"}}],"inLanguage":"pt-BR"},{"@type":"Person","@id":"https:\/\/folhapopular.info\/#\/schema\/person\/533a15f60cd49e81ab3a90b4ca33cb36","name":"Lucas Leandro Brune","image":{"@type":"ImageObject","inLanguage":"pt-BR","@id":"https:\/\/folhapopular.info\/wp-content\/uploads\/2026\/04\/LUCAS-1-1.webp","url":"https:\/\/folhapopular.info\/wp-content\/uploads\/2026\/04\/LUCAS-1-1.webp","contentUrl":"https:\/\/folhapopular.info\/wp-content\/uploads\/2026\/04\/LUCAS-1-1.webp","caption":"Lucas Leandro Brune"},"description":"Jornalista Profissional Diplomado MTB\/RS 14.333","url":"https:\/\/folhapopular.info\/index.php\/author\/lucas-brune\/"}]}},"jetpack_featured_media_url":"https:\/\/folhapopular.info\/wp-content\/uploads\/2023\/11\/WhatsApp-Image-2023-11-12-at-15.49.18.jpeg","jetpack_sharing_enabled":true,"amp_enabled":true,"_links":{"self":[{"href":"https:\/\/folhapopular.info\/index.php\/wp-json\/wp\/v2\/posts\/143720","targetHints":{"allow":["GET"]}}],"collection":[{"href":"https:\/\/folhapopular.info\/index.php\/wp-json\/wp\/v2\/posts"}],"about":[{"href":"https:\/\/folhapopular.info\/index.php\/wp-json\/wp\/v2\/types\/post"}],"author":[{"embeddable":true,"href":"https:\/\/folhapopular.info\/index.php\/wp-json\/wp\/v2\/users\/7"}],"replies":[{"embeddable":true,"href":"https:\/\/folhapopular.info\/index.php\/wp-json\/wp\/v2\/comments?post=143720"}],"version-history":[{"count":0,"href":"https:\/\/folhapopular.info\/index.php\/wp-json\/wp\/v2\/posts\/143720\/revisions"}],"wp:featuredmedia":[{"embeddable":true,"href":"https:\/\/folhapopular.info\/index.php\/wp-json\/wp\/v2\/media\/143721"}],"wp:attachment":[{"href":"https:\/\/folhapopular.info\/index.php\/wp-json\/wp\/v2\/media?parent=143720"}],"wp:term":[{"taxonomy":"category","embeddable":true,"href":"https:\/\/folhapopular.info\/index.php\/wp-json\/wp\/v2\/categories?post=143720"},{"taxonomy":"post_tag","embeddable":true,"href":"https:\/\/folhapopular.info\/index.php\/wp-json\/wp\/v2\/tags?post=143720"}],"curies":[{"name":"wp","href":"https:\/\/api.w.org\/{rel}","templated":true}]}}