{"id":143726,"date":"2023-11-19T16:07:52","date_gmt":"2023-11-19T19:07:52","guid":{"rendered":"https:\/\/folhapopular.info\/?p=143726"},"modified":"2023-11-19T17:36:42","modified_gmt":"2023-11-19T20:36:42","slug":"estudiantes-e-serrano-arrancam-com-vitoria-nas-semifinais-dos-aspirantes-da-serie-a","status":"publish","type":"post","link":"https:\/\/folhapopular.info\/index.php\/2023\/11\/19\/estudiantes-e-serrano-arrancam-com-vitoria-nas-semifinais-dos-aspirantes-da-serie-a\/","title":{"rendered":"Estudiantes e Serrano arrancam com vit\u00f3ria nas semifinais dos Aspirantes da S\u00e9rie A"},"content":{"rendered":"\n<p>As duas equipes conquistaram os tr\u00eas pontos no jogo de ida das Semifinais da S\u00e9rie A do Regional da Aslivata &#8211; categoria Aspirantes &#8211; na tarde deste domingo (19\/11). Estudiantes de Lajeado e Serrano de Encantado venceram e agora jogam pelo empate. Juventude de Westf\u00e1lia e Fluminense de Mato Leit\u00e3o ter\u00e3o que vencer o jogo de volta para for\u00e7ar p\u00eanaltis.<\/p>\n\n\n\n<p>Em Lajeado, o Estudiantes resolveu o placar nos primeiros 10min30, quando o centroavante Gabriel Faia fez o Hat trick, tr\u00eas gols &#8211; a 1min, 7min30 e 10min30. O Juventude descontou o placar aos 46min, com gol de Lucca Menegussi. Na segunda etapa, o placar n\u00e3o foi movimentado.<\/p>\n\n\n\n<p>Em Mato Leit\u00e3o, o primeiro tempo ficou zerado. Por volta dos 20min da segunda etapa, Jonas abriu o marcador para o Serrano e fez o \u00fanico gol na vit\u00f3ria do time de Encantado por 1 a 0 diante do Fluminense.<\/p>\n\n\n\n<div class=\"wp-block-jetpack-slideshow aligncenter\" data-effect=\"slide\"><div class=\"wp-block-jetpack-slideshow_container swiper-container\"><ul class=\"wp-block-jetpack-slideshow_swiper-wrapper swiper-wrapper\"><li class=\"wp-block-jetpack-slideshow_slide swiper-slide\"><figure><img loading=\"lazy\" decoding=\"async\" width=\"1024\" height=\"766\" alt=\"\" class=\"wp-block-jetpack-slideshow_image wp-image-143729\" data-id=\"143729\" src=\"https:\/\/folhapopular.info\/wp-content\/uploads\/2023\/11\/WhatsApp-Image-2023-11-19-at-14.36.21-1024x766.jpeg\" srcset=\"https:\/\/folhapopular.info\/wp-content\/uploads\/2023\/11\/WhatsApp-Image-2023-11-19-at-14.36.21-1024x766.jpeg 1024w, https:\/\/folhapopular.info\/wp-content\/uploads\/2023\/11\/WhatsApp-Image-2023-11-19-at-14.36.21-300x224.jpeg 300w, https:\/\/folhapopular.info\/wp-content\/uploads\/2023\/11\/WhatsApp-Image-2023-11-19-at-14.36.21-768x575.jpeg 768w, https:\/\/folhapopular.info\/wp-content\/uploads\/2023\/11\/WhatsApp-Image-2023-11-19-at-14.36.21-1536x1149.jpeg 1536w, https:\/\/folhapopular.info\/wp-content\/uploads\/2023\/11\/WhatsApp-Image-2023-11-19-at-14.36.21-696x521.jpeg 696w, https:\/\/folhapopular.info\/wp-content\/uploads\/2023\/11\/WhatsApp-Image-2023-11-19-at-14.36.21-1068x799.jpeg 1068w, https:\/\/folhapopular.info\/wp-content\/uploads\/2023\/11\/WhatsApp-Image-2023-11-19-at-14.36.21.jpeg 1600w\" sizes=\"(max-width: 1024px) 100vw, 1024px\" \/><figcaption class=\"wp-block-jetpack-slideshow_caption gallery-caption\">Em Mato Leit\u00e3o, Serrano derrotou o Fluminense por 1 a 0 \/\/ Cr\u00e9dito: \u00c9derson da Rocha \/ Especial FP<\/figcaption><\/figure><\/li><li class=\"wp-block-jetpack-slideshow_slide swiper-slide\"><figure><img loading=\"lazy\" decoding=\"async\" width=\"1024\" height=\"768\" alt=\"\" class=\"wp-block-jetpack-slideshow_image wp-image-143730\" data-id=\"143730\" src=\"https:\/\/folhapopular.info\/wp-content\/uploads\/2023\/11\/WhatsApp-Image-2023-11-19-at-15.59.20-1024x768.jpeg\" srcset=\"https:\/\/folhapopular.info\/wp-content\/uploads\/2023\/11\/WhatsApp-Image-2023-11-19-at-15.59.20-1024x768.jpeg 1024w, https:\/\/folhapopular.info\/wp-content\/uploads\/2023\/11\/WhatsApp-Image-2023-11-19-at-15.59.20-300x225.jpeg 300w, https:\/\/folhapopular.info\/wp-content\/uploads\/2023\/11\/WhatsApp-Image-2023-11-19-at-15.59.20-768x576.jpeg 768w, https:\/\/folhapopular.info\/wp-content\/uploads\/2023\/11\/WhatsApp-Image-2023-11-19-at-15.59.20-1536x1152.jpeg 1536w, https:\/\/folhapopular.info\/wp-content\/uploads\/2023\/11\/WhatsApp-Image-2023-11-19-at-15.59.20-696x522.jpeg 696w, https:\/\/folhapopular.info\/wp-content\/uploads\/2023\/11\/WhatsApp-Image-2023-11-19-at-15.59.20-1068x801.jpeg 1068w, https:\/\/folhapopular.info\/wp-content\/uploads\/2023\/11\/WhatsApp-Image-2023-11-19-at-15.59.20.jpeg 1600w\" sizes=\"(max-width: 1024px) 100vw, 1024px\" \/><figcaption class=\"wp-block-jetpack-slideshow_caption gallery-caption\">Gabriel Faia marcou os tr\u00eas gols da vit\u00f3ria do Estudiantes \/\/ Cr\u00e9dito: Rudimar Thomas \/ Especial FP<\/figcaption><\/figure><\/li><li class=\"wp-block-jetpack-slideshow_slide swiper-slide\"><figure><img loading=\"lazy\" decoding=\"async\" width=\"766\" height=\"1024\" alt=\"\" class=\"wp-block-jetpack-slideshow_image wp-image-143736\" data-id=\"143736\" src=\"https:\/\/folhapopular.info\/wp-content\/uploads\/2023\/11\/Jonas-autor-do-gol-do-Serrano-no-Aspirante_Ederson-da-Rocha-766x1024.jpeg\" srcset=\"https:\/\/folhapopular.info\/wp-content\/uploads\/2023\/11\/Jonas-autor-do-gol-do-Serrano-no-Aspirante_Ederson-da-Rocha-766x1024.jpeg 766w, https:\/\/folhapopular.info\/wp-content\/uploads\/2023\/11\/Jonas-autor-do-gol-do-Serrano-no-Aspirante_Ederson-da-Rocha-224x300.jpeg 224w, https:\/\/folhapopular.info\/wp-content\/uploads\/2023\/11\/Jonas-autor-do-gol-do-Serrano-no-Aspirante_Ederson-da-Rocha-768x1027.jpeg 768w, https:\/\/folhapopular.info\/wp-content\/uploads\/2023\/11\/Jonas-autor-do-gol-do-Serrano-no-Aspirante_Ederson-da-Rocha-1149x1536.jpeg 1149w, https:\/\/folhapopular.info\/wp-content\/uploads\/2023\/11\/Jonas-autor-do-gol-do-Serrano-no-Aspirante_Ederson-da-Rocha-696x930.jpeg 696w, https:\/\/folhapopular.info\/wp-content\/uploads\/2023\/11\/Jonas-autor-do-gol-do-Serrano-no-Aspirante_Ederson-da-Rocha-1068x1428.jpeg 1068w, https:\/\/folhapopular.info\/wp-content\/uploads\/2023\/11\/Jonas-autor-do-gol-do-Serrano-no-Aspirante_Ederson-da-Rocha.jpeg 1197w\" sizes=\"(max-width: 766px) 100vw, 766px\" \/><figcaption class=\"wp-block-jetpack-slideshow_caption gallery-caption\">Jonas, autor do gol do Serrano no Aspirante \/\/ Cr\u00e9dito: \u00c9derson da Rocha \/ Especial FP<\/figcaption><\/figure><\/li><\/ul><a class=\"wp-block-jetpack-slideshow_button-prev swiper-button-prev swiper-button-white\" role=\"button\"><\/a><a class=\"wp-block-jetpack-slideshow_button-next swiper-button-next swiper-button-white\" role=\"button\"><\/a><a aria-label=\"Pause Slideshow\" class=\"wp-block-jetpack-slideshow_button-pause\" role=\"button\"><\/a><div class=\"wp-block-jetpack-slideshow_pagination swiper-pagination swiper-pagination-white\"><\/div><\/div><\/div>\n","protected":false},"excerpt":{"rendered":"<p>As duas equipes conquistaram os tr\u00eas pontos no jogo de ida das Semifinais da S\u00e9rie A do Regional da Aslivata &#8211; categoria Aspirantes &#8211; na tarde deste domingo (19\/11). Estudiantes de Lajeado e Serrano de Encantado venceram e agora jogam pelo empate. Juventude de Westf\u00e1lia e Fluminense de Mato Leit\u00e3o ter\u00e3o que vencer o jogo [&hellip;]<\/p>\n","protected":false},"author":7,"featured_media":143728,"comment_status":"open","ping_status":"open","sticky":false,"template":"","format":"standard","meta":{"pmpro_default_level":"","_jetpack_memberships_contains_paid_content":false,"footnotes":""},"categories":[5,240,288],"tags":[318,27,4663,156],"class_list":{"0":"post-143726","1":"post","2":"type-post","3":"status-publish","4":"format-standard","5":"has-post-thumbnail","7":"category-esportes","8":"category-futebol-amador","9":"category-regional-da-aslivata","10":"tag-copa-certel-sicredi","11":"tag-lajeado","12":"tag-mato-leitao","13":"tag-vale-do-taquari","14":"pmpro-has-access"},"yoast_head":"<!-- This site is optimized with the Yoast SEO plugin v27.5 - https:\/\/yoast.com\/product\/yoast-seo-wordpress\/ -->\n<title>Estudiantes e Serrano arrancam com vit\u00f3ria nas semifinais dos Aspirantes da S\u00e9rie A - Folha Popular<\/title>\n<meta name=\"robots\" content=\"index, follow, max-snippet:-1, max-image-preview:large, max-video-preview:-1\" \/>\n<link rel=\"canonical\" href=\"https:\/\/folhapopular.info\/index.php\/2023\/11\/19\/estudiantes-e-serrano-arrancam-com-vitoria-nas-semifinais-dos-aspirantes-da-serie-a\/\" \/>\n<meta property=\"og:locale\" content=\"pt_BR\" \/>\n<meta property=\"og:type\" content=\"article\" \/>\n<meta property=\"og:title\" content=\"Estudiantes e Serrano arrancam com vit\u00f3ria nas semifinais dos Aspirantes da S\u00e9rie A - Folha Popular\" \/>\n<meta property=\"og:description\" content=\"As duas equipes conquistaram os tr\u00eas pontos no jogo de ida das Semifinais da S\u00e9rie A do Regional da Aslivata &#8211; categoria Aspirantes &#8211; na tarde deste domingo (19\/11). Estudiantes de Lajeado e Serrano de Encantado venceram e agora jogam pelo empate. Juventude de Westf\u00e1lia e Fluminense de Mato Leit\u00e3o ter\u00e3o que vencer o jogo [&hellip;]\" \/>\n<meta property=\"og:url\" content=\"https:\/\/folhapopular.info\/index.php\/2023\/11\/19\/estudiantes-e-serrano-arrancam-com-vitoria-nas-semifinais-dos-aspirantes-da-serie-a\/\" \/>\n<meta property=\"og:site_name\" content=\"Folha Popular\" \/>\n<meta property=\"article:published_time\" content=\"2023-11-19T19:07:52+00:00\" \/>\n<meta property=\"article:modified_time\" content=\"2023-11-19T20:36:42+00:00\" \/>\n<meta property=\"og:image\" content=\"http:\/\/folhapopular.info\/wp-content\/uploads\/2023\/11\/WhatsApp-Image-2023-11-19-at-14.09.26.jpeg\" \/>\n\t<meta property=\"og:image:width\" content=\"900\" \/>\n\t<meta property=\"og:image:height\" content=\"1600\" \/>\n\t<meta property=\"og:image:type\" content=\"image\/jpeg\" \/>\n<meta name=\"author\" content=\"Lucas Leandro Brune\" \/>\n<meta name=\"twitter:card\" content=\"summary_large_image\" \/>\n<meta name=\"twitter:label1\" content=\"Escrito por\" \/>\n\t<meta name=\"twitter:data1\" content=\"Lucas Leandro Brune\" \/>\n\t<meta name=\"twitter:label2\" content=\"Est. tempo de leitura\" \/>\n\t<meta name=\"twitter:data2\" content=\"2 minutos\" \/>\n<script type=\"application\/ld+json\" class=\"yoast-schema-graph\">{\"@context\":\"https:\\\/\\\/schema.org\",\"@graph\":[{\"@type\":\"Article\",\"@id\":\"https:\\\/\\\/folhapopular.info\\\/index.php\\\/2023\\\/11\\\/19\\\/estudiantes-e-serrano-arrancam-com-vitoria-nas-semifinais-dos-aspirantes-da-serie-a\\\/#article\",\"isPartOf\":{\"@id\":\"https:\\\/\\\/folhapopular.info\\\/index.php\\\/2023\\\/11\\\/19\\\/estudiantes-e-serrano-arrancam-com-vitoria-nas-semifinais-dos-aspirantes-da-serie-a\\\/\"},\"author\":{\"name\":\"Lucas Leandro Brune\",\"@id\":\"https:\\\/\\\/folhapopular.info\\\/#\\\/schema\\\/person\\\/533a15f60cd49e81ab3a90b4ca33cb36\"},\"headline\":\"Estudiantes e Serrano arrancam com vit\u00f3ria nas semifinais dos Aspirantes da S\u00e9rie A\",\"datePublished\":\"2023-11-19T19:07:52+00:00\",\"dateModified\":\"2023-11-19T20:36:42+00:00\",\"mainEntityOfPage\":{\"@id\":\"https:\\\/\\\/folhapopular.info\\\/index.php\\\/2023\\\/11\\\/19\\\/estudiantes-e-serrano-arrancam-com-vitoria-nas-semifinais-dos-aspirantes-da-serie-a\\\/\"},\"wordCount\":220,\"commentCount\":0,\"image\":{\"@id\":\"https:\\\/\\\/folhapopular.info\\\/index.php\\\/2023\\\/11\\\/19\\\/estudiantes-e-serrano-arrancam-com-vitoria-nas-semifinais-dos-aspirantes-da-serie-a\\\/#primaryimage\"},\"thumbnailUrl\":\"https:\\\/\\\/folhapopular.info\\\/wp-content\\\/uploads\\\/2023\\\/11\\\/WhatsApp-Image-2023-11-19-at-14.09.26.jpeg\",\"keywords\":[\"Copa Certel Sicredi\",\"Lajeado\",\"Mato Leit\u00e3o\",\"Vale do Taquari\"],\"articleSection\":[\"Esportes\",\"Futebol Amador\",\"Regional da Aslivata\"],\"inLanguage\":\"pt-BR\",\"potentialAction\":[{\"@type\":\"CommentAction\",\"name\":\"Comment\",\"target\":[\"https:\\\/\\\/folhapopular.info\\\/index.php\\\/2023\\\/11\\\/19\\\/estudiantes-e-serrano-arrancam-com-vitoria-nas-semifinais-dos-aspirantes-da-serie-a\\\/#respond\"]}]},{\"@type\":\"WebPage\",\"@id\":\"https:\\\/\\\/folhapopular.info\\\/index.php\\\/2023\\\/11\\\/19\\\/estudiantes-e-serrano-arrancam-com-vitoria-nas-semifinais-dos-aspirantes-da-serie-a\\\/\",\"url\":\"https:\\\/\\\/folhapopular.info\\\/index.php\\\/2023\\\/11\\\/19\\\/estudiantes-e-serrano-arrancam-com-vitoria-nas-semifinais-dos-aspirantes-da-serie-a\\\/\",\"name\":\"Estudiantes e Serrano arrancam com vit\u00f3ria nas semifinais dos Aspirantes da S\u00e9rie A - Folha Popular\",\"isPartOf\":{\"@id\":\"https:\\\/\\\/folhapopular.info\\\/#website\"},\"primaryImageOfPage\":{\"@id\":\"https:\\\/\\\/folhapopular.info\\\/index.php\\\/2023\\\/11\\\/19\\\/estudiantes-e-serrano-arrancam-com-vitoria-nas-semifinais-dos-aspirantes-da-serie-a\\\/#primaryimage\"},\"image\":{\"@id\":\"https:\\\/\\\/folhapopular.info\\\/index.php\\\/2023\\\/11\\\/19\\\/estudiantes-e-serrano-arrancam-com-vitoria-nas-semifinais-dos-aspirantes-da-serie-a\\\/#primaryimage\"},\"thumbnailUrl\":\"https:\\\/\\\/folhapopular.info\\\/wp-content\\\/uploads\\\/2023\\\/11\\\/WhatsApp-Image-2023-11-19-at-14.09.26.jpeg\",\"datePublished\":\"2023-11-19T19:07:52+00:00\",\"dateModified\":\"2023-11-19T20:36:42+00:00\",\"author\":{\"@id\":\"https:\\\/\\\/folhapopular.info\\\/#\\\/schema\\\/person\\\/533a15f60cd49e81ab3a90b4ca33cb36\"},\"breadcrumb\":{\"@id\":\"https:\\\/\\\/folhapopular.info\\\/index.php\\\/2023\\\/11\\\/19\\\/estudiantes-e-serrano-arrancam-com-vitoria-nas-semifinais-dos-aspirantes-da-serie-a\\\/#breadcrumb\"},\"inLanguage\":\"pt-BR\",\"potentialAction\":[{\"@type\":\"ReadAction\",\"target\":[\"https:\\\/\\\/folhapopular.info\\\/index.php\\\/2023\\\/11\\\/19\\\/estudiantes-e-serrano-arrancam-com-vitoria-nas-semifinais-dos-aspirantes-da-serie-a\\\/\"]}]},{\"@type\":\"ImageObject\",\"inLanguage\":\"pt-BR\",\"@id\":\"https:\\\/\\\/folhapopular.info\\\/index.php\\\/2023\\\/11\\\/19\\\/estudiantes-e-serrano-arrancam-com-vitoria-nas-semifinais-dos-aspirantes-da-serie-a\\\/#primaryimage\",\"url\":\"https:\\\/\\\/folhapopular.info\\\/wp-content\\\/uploads\\\/2023\\\/11\\\/WhatsApp-Image-2023-11-19-at-14.09.26.jpeg\",\"contentUrl\":\"https:\\\/\\\/folhapopular.info\\\/wp-content\\\/uploads\\\/2023\\\/11\\\/WhatsApp-Image-2023-11-19-at-14.09.26.jpeg\",\"width\":900,\"height\":1600,\"caption\":\"Em Lajeado, Estudiantes venceu o Juventude por 3 a 1 \\\/\\\/ Cr\u00e9dito: Bianca Let\u00edcia Fritscher \\\/ Especial FP\"},{\"@type\":\"BreadcrumbList\",\"@id\":\"https:\\\/\\\/folhapopular.info\\\/index.php\\\/2023\\\/11\\\/19\\\/estudiantes-e-serrano-arrancam-com-vitoria-nas-semifinais-dos-aspirantes-da-serie-a\\\/#breadcrumb\",\"itemListElement\":[{\"@type\":\"ListItem\",\"position\":1,\"name\":\"In\u00edcio\",\"item\":\"https:\\\/\\\/folhapopular.info\\\/\"},{\"@type\":\"ListItem\",\"position\":2,\"name\":\"Estudiantes e Serrano arrancam com vit\u00f3ria nas semifinais dos Aspirantes da S\u00e9rie A\"}]},{\"@type\":\"WebSite\",\"@id\":\"https:\\\/\\\/folhapopular.info\\\/#website\",\"url\":\"https:\\\/\\\/folhapopular.info\\\/\",\"name\":\"Folha Popular\",\"description\":\"Onde voc\u00ea tem vez e voz\",\"potentialAction\":[{\"@type\":\"SearchAction\",\"target\":{\"@type\":\"EntryPoint\",\"urlTemplate\":\"https:\\\/\\\/folhapopular.info\\\/?s={search_term_string}\"},\"query-input\":{\"@type\":\"PropertyValueSpecification\",\"valueRequired\":true,\"valueName\":\"search_term_string\"}}],\"inLanguage\":\"pt-BR\"},{\"@type\":\"Person\",\"@id\":\"https:\\\/\\\/folhapopular.info\\\/#\\\/schema\\\/person\\\/533a15f60cd49e81ab3a90b4ca33cb36\",\"name\":\"Lucas Leandro Brune\",\"image\":{\"@type\":\"ImageObject\",\"inLanguage\":\"pt-BR\",\"@id\":\"https:\\\/\\\/folhapopular.info\\\/wp-content\\\/uploads\\\/2026\\\/04\\\/LUCAS-1-1.webp\",\"url\":\"https:\\\/\\\/folhapopular.info\\\/wp-content\\\/uploads\\\/2026\\\/04\\\/LUCAS-1-1.webp\",\"contentUrl\":\"https:\\\/\\\/folhapopular.info\\\/wp-content\\\/uploads\\\/2026\\\/04\\\/LUCAS-1-1.webp\",\"caption\":\"Lucas Leandro Brune\"},\"description\":\"Jornalista Profissional Diplomado MTB\\\/RS 14.333\",\"url\":\"https:\\\/\\\/folhapopular.info\\\/index.php\\\/author\\\/lucas-brune\\\/\"}]}<\/script>\n<!-- \/ Yoast SEO plugin. -->","yoast_head_json":{"title":"Estudiantes e Serrano arrancam com vit\u00f3ria nas semifinais dos Aspirantes da S\u00e9rie A - Folha Popular","robots":{"index":"index","follow":"follow","max-snippet":"max-snippet:-1","max-image-preview":"max-image-preview:large","max-video-preview":"max-video-preview:-1"},"canonical":"https:\/\/folhapopular.info\/index.php\/2023\/11\/19\/estudiantes-e-serrano-arrancam-com-vitoria-nas-semifinais-dos-aspirantes-da-serie-a\/","og_locale":"pt_BR","og_type":"article","og_title":"Estudiantes e Serrano arrancam com vit\u00f3ria nas semifinais dos Aspirantes da S\u00e9rie A - Folha Popular","og_description":"As duas equipes conquistaram os tr\u00eas pontos no jogo de ida das Semifinais da S\u00e9rie A do Regional da Aslivata &#8211; categoria Aspirantes &#8211; na tarde deste domingo (19\/11). Estudiantes de Lajeado e Serrano de Encantado venceram e agora jogam pelo empate. Juventude de Westf\u00e1lia e Fluminense de Mato Leit\u00e3o ter\u00e3o que vencer o jogo [&hellip;]","og_url":"https:\/\/folhapopular.info\/index.php\/2023\/11\/19\/estudiantes-e-serrano-arrancam-com-vitoria-nas-semifinais-dos-aspirantes-da-serie-a\/","og_site_name":"Folha Popular","article_published_time":"2023-11-19T19:07:52+00:00","article_modified_time":"2023-11-19T20:36:42+00:00","og_image":[{"width":900,"height":1600,"url":"http:\/\/folhapopular.info\/wp-content\/uploads\/2023\/11\/WhatsApp-Image-2023-11-19-at-14.09.26.jpeg","type":"image\/jpeg"}],"author":"Lucas Leandro Brune","twitter_card":"summary_large_image","twitter_misc":{"Escrito por":"Lucas Leandro Brune","Est. tempo de leitura":"2 minutos"},"schema":{"@context":"https:\/\/schema.org","@graph":[{"@type":"Article","@id":"https:\/\/folhapopular.info\/index.php\/2023\/11\/19\/estudiantes-e-serrano-arrancam-com-vitoria-nas-semifinais-dos-aspirantes-da-serie-a\/#article","isPartOf":{"@id":"https:\/\/folhapopular.info\/index.php\/2023\/11\/19\/estudiantes-e-serrano-arrancam-com-vitoria-nas-semifinais-dos-aspirantes-da-serie-a\/"},"author":{"name":"Lucas Leandro Brune","@id":"https:\/\/folhapopular.info\/#\/schema\/person\/533a15f60cd49e81ab3a90b4ca33cb36"},"headline":"Estudiantes e Serrano arrancam com vit\u00f3ria nas semifinais dos Aspirantes da S\u00e9rie A","datePublished":"2023-11-19T19:07:52+00:00","dateModified":"2023-11-19T20:36:42+00:00","mainEntityOfPage":{"@id":"https:\/\/folhapopular.info\/index.php\/2023\/11\/19\/estudiantes-e-serrano-arrancam-com-vitoria-nas-semifinais-dos-aspirantes-da-serie-a\/"},"wordCount":220,"commentCount":0,"image":{"@id":"https:\/\/folhapopular.info\/index.php\/2023\/11\/19\/estudiantes-e-serrano-arrancam-com-vitoria-nas-semifinais-dos-aspirantes-da-serie-a\/#primaryimage"},"thumbnailUrl":"https:\/\/folhapopular.info\/wp-content\/uploads\/2023\/11\/WhatsApp-Image-2023-11-19-at-14.09.26.jpeg","keywords":["Copa Certel Sicredi","Lajeado","Mato Leit\u00e3o","Vale do Taquari"],"articleSection":["Esportes","Futebol Amador","Regional da Aslivata"],"inLanguage":"pt-BR","potentialAction":[{"@type":"CommentAction","name":"Comment","target":["https:\/\/folhapopular.info\/index.php\/2023\/11\/19\/estudiantes-e-serrano-arrancam-com-vitoria-nas-semifinais-dos-aspirantes-da-serie-a\/#respond"]}]},{"@type":"WebPage","@id":"https:\/\/folhapopular.info\/index.php\/2023\/11\/19\/estudiantes-e-serrano-arrancam-com-vitoria-nas-semifinais-dos-aspirantes-da-serie-a\/","url":"https:\/\/folhapopular.info\/index.php\/2023\/11\/19\/estudiantes-e-serrano-arrancam-com-vitoria-nas-semifinais-dos-aspirantes-da-serie-a\/","name":"Estudiantes e Serrano arrancam com vit\u00f3ria nas semifinais dos Aspirantes da S\u00e9rie A - Folha Popular","isPartOf":{"@id":"https:\/\/folhapopular.info\/#website"},"primaryImageOfPage":{"@id":"https:\/\/folhapopular.info\/index.php\/2023\/11\/19\/estudiantes-e-serrano-arrancam-com-vitoria-nas-semifinais-dos-aspirantes-da-serie-a\/#primaryimage"},"image":{"@id":"https:\/\/folhapopular.info\/index.php\/2023\/11\/19\/estudiantes-e-serrano-arrancam-com-vitoria-nas-semifinais-dos-aspirantes-da-serie-a\/#primaryimage"},"thumbnailUrl":"https:\/\/folhapopular.info\/wp-content\/uploads\/2023\/11\/WhatsApp-Image-2023-11-19-at-14.09.26.jpeg","datePublished":"2023-11-19T19:07:52+00:00","dateModified":"2023-11-19T20:36:42+00:00","author":{"@id":"https:\/\/folhapopular.info\/#\/schema\/person\/533a15f60cd49e81ab3a90b4ca33cb36"},"breadcrumb":{"@id":"https:\/\/folhapopular.info\/index.php\/2023\/11\/19\/estudiantes-e-serrano-arrancam-com-vitoria-nas-semifinais-dos-aspirantes-da-serie-a\/#breadcrumb"},"inLanguage":"pt-BR","potentialAction":[{"@type":"ReadAction","target":["https:\/\/folhapopular.info\/index.php\/2023\/11\/19\/estudiantes-e-serrano-arrancam-com-vitoria-nas-semifinais-dos-aspirantes-da-serie-a\/"]}]},{"@type":"ImageObject","inLanguage":"pt-BR","@id":"https:\/\/folhapopular.info\/index.php\/2023\/11\/19\/estudiantes-e-serrano-arrancam-com-vitoria-nas-semifinais-dos-aspirantes-da-serie-a\/#primaryimage","url":"https:\/\/folhapopular.info\/wp-content\/uploads\/2023\/11\/WhatsApp-Image-2023-11-19-at-14.09.26.jpeg","contentUrl":"https:\/\/folhapopular.info\/wp-content\/uploads\/2023\/11\/WhatsApp-Image-2023-11-19-at-14.09.26.jpeg","width":900,"height":1600,"caption":"Em Lajeado, Estudiantes venceu o Juventude por 3 a 1 \/\/ Cr\u00e9dito: Bianca Let\u00edcia Fritscher \/ Especial FP"},{"@type":"BreadcrumbList","@id":"https:\/\/folhapopular.info\/index.php\/2023\/11\/19\/estudiantes-e-serrano-arrancam-com-vitoria-nas-semifinais-dos-aspirantes-da-serie-a\/#breadcrumb","itemListElement":[{"@type":"ListItem","position":1,"name":"In\u00edcio","item":"https:\/\/folhapopular.info\/"},{"@type":"ListItem","position":2,"name":"Estudiantes e Serrano arrancam com vit\u00f3ria nas semifinais dos Aspirantes da S\u00e9rie A"}]},{"@type":"WebSite","@id":"https:\/\/folhapopular.info\/#website","url":"https:\/\/folhapopular.info\/","name":"Folha Popular","description":"Onde voc\u00ea tem vez e voz","potentialAction":[{"@type":"SearchAction","target":{"@type":"EntryPoint","urlTemplate":"https:\/\/folhapopular.info\/?s={search_term_string}"},"query-input":{"@type":"PropertyValueSpecification","valueRequired":true,"valueName":"search_term_string"}}],"inLanguage":"pt-BR"},{"@type":"Person","@id":"https:\/\/folhapopular.info\/#\/schema\/person\/533a15f60cd49e81ab3a90b4ca33cb36","name":"Lucas Leandro Brune","image":{"@type":"ImageObject","inLanguage":"pt-BR","@id":"https:\/\/folhapopular.info\/wp-content\/uploads\/2026\/04\/LUCAS-1-1.webp","url":"https:\/\/folhapopular.info\/wp-content\/uploads\/2026\/04\/LUCAS-1-1.webp","contentUrl":"https:\/\/folhapopular.info\/wp-content\/uploads\/2026\/04\/LUCAS-1-1.webp","caption":"Lucas Leandro Brune"},"description":"Jornalista Profissional Diplomado MTB\/RS 14.333","url":"https:\/\/folhapopular.info\/index.php\/author\/lucas-brune\/"}]}},"jetpack_featured_media_url":"https:\/\/folhapopular.info\/wp-content\/uploads\/2023\/11\/WhatsApp-Image-2023-11-19-at-14.09.26.jpeg","jetpack_sharing_enabled":true,"amp_enabled":true,"_links":{"self":[{"href":"https:\/\/folhapopular.info\/index.php\/wp-json\/wp\/v2\/posts\/143726","targetHints":{"allow":["GET"]}}],"collection":[{"href":"https:\/\/folhapopular.info\/index.php\/wp-json\/wp\/v2\/posts"}],"about":[{"href":"https:\/\/folhapopular.info\/index.php\/wp-json\/wp\/v2\/types\/post"}],"author":[{"embeddable":true,"href":"https:\/\/folhapopular.info\/index.php\/wp-json\/wp\/v2\/users\/7"}],"replies":[{"embeddable":true,"href":"https:\/\/folhapopular.info\/index.php\/wp-json\/wp\/v2\/comments?post=143726"}],"version-history":[{"count":0,"href":"https:\/\/folhapopular.info\/index.php\/wp-json\/wp\/v2\/posts\/143726\/revisions"}],"wp:featuredmedia":[{"embeddable":true,"href":"https:\/\/folhapopular.info\/index.php\/wp-json\/wp\/v2\/media\/143728"}],"wp:attachment":[{"href":"https:\/\/folhapopular.info\/index.php\/wp-json\/wp\/v2\/media?parent=143726"}],"wp:term":[{"taxonomy":"category","embeddable":true,"href":"https:\/\/folhapopular.info\/index.php\/wp-json\/wp\/v2\/categories?post=143726"},{"taxonomy":"post_tag","embeddable":true,"href":"https:\/\/folhapopular.info\/index.php\/wp-json\/wp\/v2\/tags?post=143726"}],"curies":[{"name":"wp","href":"https:\/\/api.w.org\/{rel}","templated":true}]}}