{"id":143797,"date":"2023-11-20T15:15:31","date_gmt":"2023-11-20T18:15:31","guid":{"rendered":"https:\/\/folhapopular.info\/?p=143797"},"modified":"2023-11-20T15:15:37","modified_gmt":"2023-11-20T18:15:37","slug":"imigrante-trabalha-na-reconstrucao-da-cidade-e-liberacao-de-acessos","status":"publish","type":"post","link":"https:\/\/folhapopular.info\/index.php\/2023\/11\/20\/imigrante-trabalha-na-reconstrucao-da-cidade-e-liberacao-de-acessos\/","title":{"rendered":"Imigrante trabalha na reconstru\u00e7\u00e3o da cidade e libera\u00e7\u00e3o de acessos"},"content":{"rendered":"\n<p>A Secretaria Municipal de Obras e Mobilidade Urbana de Imigrante trabalha desde a noite de sexta-feira (17\/11) na limpeza de ruas e bueiros, libera\u00e7\u00e3o de estradas vicinais e de pontes. O munic\u00edpio possui cerca de 200 quil\u00f4metros de estradas de ch\u00e3o e todas foram destru\u00eddas pelas enxurradas.<\/p>\n\n\n\n<p>O ponto central dos trabalhos da tarde desta segunda-feira (20\/11) \u00e9 a ponte da Seca Baixa, na altura da Latic\u00ednios do Sul. Os esfor\u00e7os se concentram para que o acesso seja liberado at\u00e9 a noite. \u201cNeste momento, estamos trabalhando para liberar os acessos de propriedades e localidades que est\u00e3o totalmente isoladas. Pedimos a compreens\u00e3o da comunidade, pois estamos atendendo os pedidos mais urgentes. T\u00e3o logo seja poss\u00edvel, retomaremos as demandas normalmente\u201d, declarou o vice-prefeito e secret\u00e1rio de Obras, Fabiano Acadroli.<\/p>\n\n\n\n<h2 class=\"wp-block-heading\">Reuni\u00e3o<\/h2>\n\n\n\n<p>O prefeito Germano Stevens reuniu, na parte da manh\u00e3, a sua equipe em fun\u00e7\u00e3o do temporal e enxurradas que atingiram o munic\u00edpio. A reuni\u00e3o contou com a participa\u00e7\u00e3o dos secret\u00e1rios municipais, setor de Engenharia, Defesa Civil Municipal, Emater e Cras para realizar o levantamento das situa\u00e7\u00f5es mais urgentes dos atingidos e a\u00e7\u00f5es para desbloqueio de ruas e acessos, al\u00e9m do levantamento de perdas para o Decreto de Emerg\u00eancia.<\/p>\n\n\n\n<figure class=\"wp-block-image size-full\"><img loading=\"lazy\" decoding=\"async\" width=\"842\" height=\"375\" src=\"https:\/\/folhapopular.info\/wp-content\/uploads\/2023\/11\/IMIGRANTE2.png\" alt=\"\" class=\"wp-image-143799\" srcset=\"https:\/\/folhapopular.info\/wp-content\/uploads\/2023\/11\/IMIGRANTE2.png 842w, https:\/\/folhapopular.info\/wp-content\/uploads\/2023\/11\/IMIGRANTE2-300x134.png 300w, https:\/\/folhapopular.info\/wp-content\/uploads\/2023\/11\/IMIGRANTE2-768x342.png 768w, https:\/\/folhapopular.info\/wp-content\/uploads\/2023\/11\/IMIGRANTE2-696x310.png 696w\" sizes=\"auto, (max-width: 842px) 100vw, 842px\" \/><figcaption class=\"wp-element-caption\">Cr\u00e9dito: Divulga\u00e7\u00e3o<\/figcaption><\/figure>\n\n\n\n<p>\u201cA situa\u00e7\u00e3o do munic\u00edpio est\u00e1 ca\u00f3tica, mas neste momento temos que manter a serenidade e priorizar os atendimentos de urg\u00eancia, como liberar os acessos ao munic\u00edpio, \u00e0s comunidades e dos produtores, pois precisamos escoar a produ\u00e7\u00e3o. As equipes est\u00e3o fazendo os levantamentos dos estragos e o atendimento \u00e0s fam\u00edlias. Pe\u00e7o a compreens\u00e3o\u00a0da comunidade. Nossas equipes est\u00e3o trabalhando incansavelmente para atender a todos, e os servi\u00e7os devem ser restabelecidos o mais breve poss\u00edvel\u201d, destaca Stevens.<\/p>\n\n\n\n<p>Em conversa com o Secret\u00e1rio de Log\u00edstica e Transportes do Rio Grande do Sul, Juvir Costella, o prefeito recebeu a confirma\u00e7\u00e3o de que na tarde de hoje o Estado dar\u00e1 in\u00edcio \u00e0 desobstru\u00e7\u00e3o da VRS-863, rodovia que liga o munic\u00edpio \u00e0 Rota do Sol.<\/p>\n","protected":false},"excerpt":{"rendered":"<p>A Secretaria Municipal de Obras e Mobilidade Urbana de Imigrante trabalha desde a noite de sexta-feira (17\/11) na limpeza de ruas e bueiros, libera\u00e7\u00e3o de estradas vicinais e de pontes. O munic\u00edpio possui cerca de 200 quil\u00f4metros de estradas de ch\u00e3o e todas foram destru\u00eddas pelas enxurradas. O ponto central dos trabalhos da tarde desta [&hellip;]<\/p>\n","protected":false},"author":8,"featured_media":143798,"comment_status":"open","ping_status":"open","sticky":false,"template":"","format":"standard","meta":{"pmpro_default_level":"","_jetpack_memberships_contains_paid_content":false,"footnotes":""},"categories":[2,3],"tags":[13245,4170,34],"class_list":{"0":"post-143797","1":"post","2":"type-post","3":"status-publish","4":"format-standard","5":"has-post-thumbnail","7":"category-featured","8":"category-geral","9":"tag-acessos","10":"tag-enchente","11":"tag-imigrante","12":"pmpro-has-access"},"yoast_head":"<!-- This site is optimized with the Yoast SEO plugin v27.5 - https:\/\/yoast.com\/product\/yoast-seo-wordpress\/ -->\n<title>Imigrante trabalha na reconstru\u00e7\u00e3o da cidade e libera\u00e7\u00e3o de acessos - Folha Popular<\/title>\n<meta name=\"robots\" content=\"index, follow, max-snippet:-1, max-image-preview:large, max-video-preview:-1\" \/>\n<link rel=\"canonical\" href=\"https:\/\/folhapopular.info\/index.php\/2023\/11\/20\/imigrante-trabalha-na-reconstrucao-da-cidade-e-liberacao-de-acessos\/\" \/>\n<meta property=\"og:locale\" content=\"pt_BR\" \/>\n<meta property=\"og:type\" content=\"article\" \/>\n<meta property=\"og:title\" content=\"Imigrante trabalha na reconstru\u00e7\u00e3o da cidade e libera\u00e7\u00e3o de acessos - Folha Popular\" \/>\n<meta property=\"og:description\" content=\"A Secretaria Municipal de Obras e Mobilidade Urbana de Imigrante trabalha desde a noite de sexta-feira (17\/11) na limpeza de ruas e bueiros, libera\u00e7\u00e3o de estradas vicinais e de pontes. O munic\u00edpio possui cerca de 200 quil\u00f4metros de estradas de ch\u00e3o e todas foram destru\u00eddas pelas enxurradas. O ponto central dos trabalhos da tarde desta [&hellip;]\" \/>\n<meta property=\"og:url\" content=\"https:\/\/folhapopular.info\/index.php\/2023\/11\/20\/imigrante-trabalha-na-reconstrucao-da-cidade-e-liberacao-de-acessos\/\" \/>\n<meta property=\"og:site_name\" content=\"Folha Popular\" \/>\n<meta property=\"article:published_time\" content=\"2023-11-20T18:15:31+00:00\" \/>\n<meta property=\"article:modified_time\" content=\"2023-11-20T18:15:37+00:00\" \/>\n<meta property=\"og:image\" content=\"http:\/\/folhapopular.info\/wp-content\/uploads\/2023\/11\/imigrante-1.png\" \/>\n\t<meta property=\"og:image:width\" content=\"841\" \/>\n\t<meta property=\"og:image:height\" content=\"656\" \/>\n\t<meta property=\"og:image:type\" content=\"image\/png\" \/>\n<meta name=\"author\" content=\"Reda\u00e7\u00e3o Folha Popular\" \/>\n<meta name=\"twitter:card\" content=\"summary_large_image\" \/>\n<meta name=\"twitter:label1\" content=\"Escrito por\" \/>\n\t<meta name=\"twitter:data1\" content=\"Reda\u00e7\u00e3o Folha Popular\" \/>\n\t<meta name=\"twitter:label2\" content=\"Est. tempo de leitura\" \/>\n\t<meta name=\"twitter:data2\" content=\"2 minutos\" \/>\n<script type=\"application\/ld+json\" class=\"yoast-schema-graph\">{\"@context\":\"https:\\\/\\\/schema.org\",\"@graph\":[{\"@type\":\"Article\",\"@id\":\"https:\\\/\\\/folhapopular.info\\\/index.php\\\/2023\\\/11\\\/20\\\/imigrante-trabalha-na-reconstrucao-da-cidade-e-liberacao-de-acessos\\\/#article\",\"isPartOf\":{\"@id\":\"https:\\\/\\\/folhapopular.info\\\/index.php\\\/2023\\\/11\\\/20\\\/imigrante-trabalha-na-reconstrucao-da-cidade-e-liberacao-de-acessos\\\/\"},\"author\":{\"name\":\"Reda\u00e7\u00e3o Folha Popular\",\"@id\":\"https:\\\/\\\/folhapopular.info\\\/#\\\/schema\\\/person\\\/2814e8a0df7643585a9ca38bc6eb9d4b\"},\"headline\":\"Imigrante trabalha na reconstru\u00e7\u00e3o da cidade e libera\u00e7\u00e3o de acessos\",\"datePublished\":\"2023-11-20T18:15:31+00:00\",\"dateModified\":\"2023-11-20T18:15:37+00:00\",\"mainEntityOfPage\":{\"@id\":\"https:\\\/\\\/folhapopular.info\\\/index.php\\\/2023\\\/11\\\/20\\\/imigrante-trabalha-na-reconstrucao-da-cidade-e-liberacao-de-acessos\\\/\"},\"wordCount\":366,\"commentCount\":0,\"image\":{\"@id\":\"https:\\\/\\\/folhapopular.info\\\/index.php\\\/2023\\\/11\\\/20\\\/imigrante-trabalha-na-reconstrucao-da-cidade-e-liberacao-de-acessos\\\/#primaryimage\"},\"thumbnailUrl\":\"https:\\\/\\\/folhapopular.info\\\/wp-content\\\/uploads\\\/2023\\\/11\\\/imigrante-1.png\",\"keywords\":[\"Acessos\",\"Enchente\",\"Imigrante\"],\"articleSection\":[\"Destaques\",\"Geral\"],\"inLanguage\":\"pt-BR\",\"potentialAction\":[{\"@type\":\"CommentAction\",\"name\":\"Comment\",\"target\":[\"https:\\\/\\\/folhapopular.info\\\/index.php\\\/2023\\\/11\\\/20\\\/imigrante-trabalha-na-reconstrucao-da-cidade-e-liberacao-de-acessos\\\/#respond\"]}]},{\"@type\":\"WebPage\",\"@id\":\"https:\\\/\\\/folhapopular.info\\\/index.php\\\/2023\\\/11\\\/20\\\/imigrante-trabalha-na-reconstrucao-da-cidade-e-liberacao-de-acessos\\\/\",\"url\":\"https:\\\/\\\/folhapopular.info\\\/index.php\\\/2023\\\/11\\\/20\\\/imigrante-trabalha-na-reconstrucao-da-cidade-e-liberacao-de-acessos\\\/\",\"name\":\"Imigrante trabalha na reconstru\u00e7\u00e3o da cidade e libera\u00e7\u00e3o de acessos - Folha Popular\",\"isPartOf\":{\"@id\":\"https:\\\/\\\/folhapopular.info\\\/#website\"},\"primaryImageOfPage\":{\"@id\":\"https:\\\/\\\/folhapopular.info\\\/index.php\\\/2023\\\/11\\\/20\\\/imigrante-trabalha-na-reconstrucao-da-cidade-e-liberacao-de-acessos\\\/#primaryimage\"},\"image\":{\"@id\":\"https:\\\/\\\/folhapopular.info\\\/index.php\\\/2023\\\/11\\\/20\\\/imigrante-trabalha-na-reconstrucao-da-cidade-e-liberacao-de-acessos\\\/#primaryimage\"},\"thumbnailUrl\":\"https:\\\/\\\/folhapopular.info\\\/wp-content\\\/uploads\\\/2023\\\/11\\\/imigrante-1.png\",\"datePublished\":\"2023-11-20T18:15:31+00:00\",\"dateModified\":\"2023-11-20T18:15:37+00:00\",\"author\":{\"@id\":\"https:\\\/\\\/folhapopular.info\\\/#\\\/schema\\\/person\\\/2814e8a0df7643585a9ca38bc6eb9d4b\"},\"breadcrumb\":{\"@id\":\"https:\\\/\\\/folhapopular.info\\\/index.php\\\/2023\\\/11\\\/20\\\/imigrante-trabalha-na-reconstrucao-da-cidade-e-liberacao-de-acessos\\\/#breadcrumb\"},\"inLanguage\":\"pt-BR\",\"potentialAction\":[{\"@type\":\"ReadAction\",\"target\":[\"https:\\\/\\\/folhapopular.info\\\/index.php\\\/2023\\\/11\\\/20\\\/imigrante-trabalha-na-reconstrucao-da-cidade-e-liberacao-de-acessos\\\/\"]}]},{\"@type\":\"ImageObject\",\"inLanguage\":\"pt-BR\",\"@id\":\"https:\\\/\\\/folhapopular.info\\\/index.php\\\/2023\\\/11\\\/20\\\/imigrante-trabalha-na-reconstrucao-da-cidade-e-liberacao-de-acessos\\\/#primaryimage\",\"url\":\"https:\\\/\\\/folhapopular.info\\\/wp-content\\\/uploads\\\/2023\\\/11\\\/imigrante-1.png\",\"contentUrl\":\"https:\\\/\\\/folhapopular.info\\\/wp-content\\\/uploads\\\/2023\\\/11\\\/imigrante-1.png\",\"width\":841,\"height\":656,\"caption\":\"Cr\u00e9dito: Divulga\u00e7\u00e3o\"},{\"@type\":\"BreadcrumbList\",\"@id\":\"https:\\\/\\\/folhapopular.info\\\/index.php\\\/2023\\\/11\\\/20\\\/imigrante-trabalha-na-reconstrucao-da-cidade-e-liberacao-de-acessos\\\/#breadcrumb\",\"itemListElement\":[{\"@type\":\"ListItem\",\"position\":1,\"name\":\"In\u00edcio\",\"item\":\"https:\\\/\\\/folhapopular.info\\\/\"},{\"@type\":\"ListItem\",\"position\":2,\"name\":\"Imigrante trabalha na reconstru\u00e7\u00e3o da cidade e libera\u00e7\u00e3o de acessos\"}]},{\"@type\":\"WebSite\",\"@id\":\"https:\\\/\\\/folhapopular.info\\\/#website\",\"url\":\"https:\\\/\\\/folhapopular.info\\\/\",\"name\":\"Folha Popular\",\"description\":\"Onde voc\u00ea tem vez e voz\",\"potentialAction\":[{\"@type\":\"SearchAction\",\"target\":{\"@type\":\"EntryPoint\",\"urlTemplate\":\"https:\\\/\\\/folhapopular.info\\\/?s={search_term_string}\"},\"query-input\":{\"@type\":\"PropertyValueSpecification\",\"valueRequired\":true,\"valueName\":\"search_term_string\"}}],\"inLanguage\":\"pt-BR\"},{\"@type\":\"Person\",\"@id\":\"https:\\\/\\\/folhapopular.info\\\/#\\\/schema\\\/person\\\/2814e8a0df7643585a9ca38bc6eb9d4b\",\"name\":\"Reda\u00e7\u00e3o Folha Popular\",\"image\":{\"@type\":\"ImageObject\",\"inLanguage\":\"pt-BR\",\"@id\":\"https:\\\/\\\/folhapopular.info\\\/wp-content\\\/uploads\\\/2026\\\/04\\\/Folha-1.webp\",\"url\":\"https:\\\/\\\/folhapopular.info\\\/wp-content\\\/uploads\\\/2026\\\/04\\\/Folha-1.webp\",\"contentUrl\":\"https:\\\/\\\/folhapopular.info\\\/wp-content\\\/uploads\\\/2026\\\/04\\\/Folha-1.webp\",\"caption\":\"Reda\u00e7\u00e3o Folha Popular\"},\"url\":\"https:\\\/\\\/folhapopular.info\\\/index.php\\\/author\\\/redacao\\\/\"}]}<\/script>\n<!-- \/ Yoast SEO plugin. -->","yoast_head_json":{"title":"Imigrante trabalha na reconstru\u00e7\u00e3o da cidade e libera\u00e7\u00e3o de acessos - Folha Popular","robots":{"index":"index","follow":"follow","max-snippet":"max-snippet:-1","max-image-preview":"max-image-preview:large","max-video-preview":"max-video-preview:-1"},"canonical":"https:\/\/folhapopular.info\/index.php\/2023\/11\/20\/imigrante-trabalha-na-reconstrucao-da-cidade-e-liberacao-de-acessos\/","og_locale":"pt_BR","og_type":"article","og_title":"Imigrante trabalha na reconstru\u00e7\u00e3o da cidade e libera\u00e7\u00e3o de acessos - Folha Popular","og_description":"A Secretaria Municipal de Obras e Mobilidade Urbana de Imigrante trabalha desde a noite de sexta-feira (17\/11) na limpeza de ruas e bueiros, libera\u00e7\u00e3o de estradas vicinais e de pontes. O munic\u00edpio possui cerca de 200 quil\u00f4metros de estradas de ch\u00e3o e todas foram destru\u00eddas pelas enxurradas. O ponto central dos trabalhos da tarde desta [&hellip;]","og_url":"https:\/\/folhapopular.info\/index.php\/2023\/11\/20\/imigrante-trabalha-na-reconstrucao-da-cidade-e-liberacao-de-acessos\/","og_site_name":"Folha Popular","article_published_time":"2023-11-20T18:15:31+00:00","article_modified_time":"2023-11-20T18:15:37+00:00","og_image":[{"width":841,"height":656,"url":"http:\/\/folhapopular.info\/wp-content\/uploads\/2023\/11\/imigrante-1.png","type":"image\/png"}],"author":"Reda\u00e7\u00e3o Folha Popular","twitter_card":"summary_large_image","twitter_misc":{"Escrito por":"Reda\u00e7\u00e3o Folha Popular","Est. tempo de leitura":"2 minutos"},"schema":{"@context":"https:\/\/schema.org","@graph":[{"@type":"Article","@id":"https:\/\/folhapopular.info\/index.php\/2023\/11\/20\/imigrante-trabalha-na-reconstrucao-da-cidade-e-liberacao-de-acessos\/#article","isPartOf":{"@id":"https:\/\/folhapopular.info\/index.php\/2023\/11\/20\/imigrante-trabalha-na-reconstrucao-da-cidade-e-liberacao-de-acessos\/"},"author":{"name":"Reda\u00e7\u00e3o Folha Popular","@id":"https:\/\/folhapopular.info\/#\/schema\/person\/2814e8a0df7643585a9ca38bc6eb9d4b"},"headline":"Imigrante trabalha na reconstru\u00e7\u00e3o da cidade e libera\u00e7\u00e3o de acessos","datePublished":"2023-11-20T18:15:31+00:00","dateModified":"2023-11-20T18:15:37+00:00","mainEntityOfPage":{"@id":"https:\/\/folhapopular.info\/index.php\/2023\/11\/20\/imigrante-trabalha-na-reconstrucao-da-cidade-e-liberacao-de-acessos\/"},"wordCount":366,"commentCount":0,"image":{"@id":"https:\/\/folhapopular.info\/index.php\/2023\/11\/20\/imigrante-trabalha-na-reconstrucao-da-cidade-e-liberacao-de-acessos\/#primaryimage"},"thumbnailUrl":"https:\/\/folhapopular.info\/wp-content\/uploads\/2023\/11\/imigrante-1.png","keywords":["Acessos","Enchente","Imigrante"],"articleSection":["Destaques","Geral"],"inLanguage":"pt-BR","potentialAction":[{"@type":"CommentAction","name":"Comment","target":["https:\/\/folhapopular.info\/index.php\/2023\/11\/20\/imigrante-trabalha-na-reconstrucao-da-cidade-e-liberacao-de-acessos\/#respond"]}]},{"@type":"WebPage","@id":"https:\/\/folhapopular.info\/index.php\/2023\/11\/20\/imigrante-trabalha-na-reconstrucao-da-cidade-e-liberacao-de-acessos\/","url":"https:\/\/folhapopular.info\/index.php\/2023\/11\/20\/imigrante-trabalha-na-reconstrucao-da-cidade-e-liberacao-de-acessos\/","name":"Imigrante trabalha na reconstru\u00e7\u00e3o da cidade e libera\u00e7\u00e3o de acessos - Folha Popular","isPartOf":{"@id":"https:\/\/folhapopular.info\/#website"},"primaryImageOfPage":{"@id":"https:\/\/folhapopular.info\/index.php\/2023\/11\/20\/imigrante-trabalha-na-reconstrucao-da-cidade-e-liberacao-de-acessos\/#primaryimage"},"image":{"@id":"https:\/\/folhapopular.info\/index.php\/2023\/11\/20\/imigrante-trabalha-na-reconstrucao-da-cidade-e-liberacao-de-acessos\/#primaryimage"},"thumbnailUrl":"https:\/\/folhapopular.info\/wp-content\/uploads\/2023\/11\/imigrante-1.png","datePublished":"2023-11-20T18:15:31+00:00","dateModified":"2023-11-20T18:15:37+00:00","author":{"@id":"https:\/\/folhapopular.info\/#\/schema\/person\/2814e8a0df7643585a9ca38bc6eb9d4b"},"breadcrumb":{"@id":"https:\/\/folhapopular.info\/index.php\/2023\/11\/20\/imigrante-trabalha-na-reconstrucao-da-cidade-e-liberacao-de-acessos\/#breadcrumb"},"inLanguage":"pt-BR","potentialAction":[{"@type":"ReadAction","target":["https:\/\/folhapopular.info\/index.php\/2023\/11\/20\/imigrante-trabalha-na-reconstrucao-da-cidade-e-liberacao-de-acessos\/"]}]},{"@type":"ImageObject","inLanguage":"pt-BR","@id":"https:\/\/folhapopular.info\/index.php\/2023\/11\/20\/imigrante-trabalha-na-reconstrucao-da-cidade-e-liberacao-de-acessos\/#primaryimage","url":"https:\/\/folhapopular.info\/wp-content\/uploads\/2023\/11\/imigrante-1.png","contentUrl":"https:\/\/folhapopular.info\/wp-content\/uploads\/2023\/11\/imigrante-1.png","width":841,"height":656,"caption":"Cr\u00e9dito: Divulga\u00e7\u00e3o"},{"@type":"BreadcrumbList","@id":"https:\/\/folhapopular.info\/index.php\/2023\/11\/20\/imigrante-trabalha-na-reconstrucao-da-cidade-e-liberacao-de-acessos\/#breadcrumb","itemListElement":[{"@type":"ListItem","position":1,"name":"In\u00edcio","item":"https:\/\/folhapopular.info\/"},{"@type":"ListItem","position":2,"name":"Imigrante trabalha na reconstru\u00e7\u00e3o da cidade e libera\u00e7\u00e3o de acessos"}]},{"@type":"WebSite","@id":"https:\/\/folhapopular.info\/#website","url":"https:\/\/folhapopular.info\/","name":"Folha Popular","description":"Onde voc\u00ea tem vez e voz","potentialAction":[{"@type":"SearchAction","target":{"@type":"EntryPoint","urlTemplate":"https:\/\/folhapopular.info\/?s={search_term_string}"},"query-input":{"@type":"PropertyValueSpecification","valueRequired":true,"valueName":"search_term_string"}}],"inLanguage":"pt-BR"},{"@type":"Person","@id":"https:\/\/folhapopular.info\/#\/schema\/person\/2814e8a0df7643585a9ca38bc6eb9d4b","name":"Reda\u00e7\u00e3o Folha Popular","image":{"@type":"ImageObject","inLanguage":"pt-BR","@id":"https:\/\/folhapopular.info\/wp-content\/uploads\/2026\/04\/Folha-1.webp","url":"https:\/\/folhapopular.info\/wp-content\/uploads\/2026\/04\/Folha-1.webp","contentUrl":"https:\/\/folhapopular.info\/wp-content\/uploads\/2026\/04\/Folha-1.webp","caption":"Reda\u00e7\u00e3o Folha Popular"},"url":"https:\/\/folhapopular.info\/index.php\/author\/redacao\/"}]}},"jetpack_featured_media_url":"https:\/\/folhapopular.info\/wp-content\/uploads\/2023\/11\/imigrante-1.png","jetpack_sharing_enabled":true,"amp_enabled":true,"_links":{"self":[{"href":"https:\/\/folhapopular.info\/index.php\/wp-json\/wp\/v2\/posts\/143797","targetHints":{"allow":["GET"]}}],"collection":[{"href":"https:\/\/folhapopular.info\/index.php\/wp-json\/wp\/v2\/posts"}],"about":[{"href":"https:\/\/folhapopular.info\/index.php\/wp-json\/wp\/v2\/types\/post"}],"author":[{"embeddable":true,"href":"https:\/\/folhapopular.info\/index.php\/wp-json\/wp\/v2\/users\/8"}],"replies":[{"embeddable":true,"href":"https:\/\/folhapopular.info\/index.php\/wp-json\/wp\/v2\/comments?post=143797"}],"version-history":[{"count":0,"href":"https:\/\/folhapopular.info\/index.php\/wp-json\/wp\/v2\/posts\/143797\/revisions"}],"wp:featuredmedia":[{"embeddable":true,"href":"https:\/\/folhapopular.info\/index.php\/wp-json\/wp\/v2\/media\/143798"}],"wp:attachment":[{"href":"https:\/\/folhapopular.info\/index.php\/wp-json\/wp\/v2\/media?parent=143797"}],"wp:term":[{"taxonomy":"category","embeddable":true,"href":"https:\/\/folhapopular.info\/index.php\/wp-json\/wp\/v2\/categories?post=143797"},{"taxonomy":"post_tag","embeddable":true,"href":"https:\/\/folhapopular.info\/index.php\/wp-json\/wp\/v2\/tags?post=143797"}],"curies":[{"name":"wp","href":"https:\/\/api.w.org\/{rel}","templated":true}]}}