{"id":143892,"date":"2023-11-22T14:24:58","date_gmt":"2023-11-22T17:24:58","guid":{"rendered":"https:\/\/folhapopular.info\/?p=143892"},"modified":"2023-11-22T14:25:03","modified_gmt":"2023-11-22T17:25:03","slug":"teutonienses-sobem-ao-podio-no-estadual-de-bocha-paralimpica","status":"publish","type":"post","link":"https:\/\/folhapopular.info\/index.php\/2023\/11\/22\/teutonienses-sobem-ao-podio-no-estadual-de-bocha-paralimpica\/","title":{"rendered":"Teutonienses sobem ao p\u00f3dio no Estadual de Bocha Paral\u00edmpica"},"content":{"rendered":"\n<p class=\"wp-block-paragraph\">Nos dias 16, 17 e 18 de novembro, benefici\u00e1rios do Projeto Inclus\u00e3o pelo Esporte APAE Teut\u00f4nia participaram do 3\u00ba Campeonato Estadual de Bocha Paral\u00edmpica do Rio Grande do Sul. O evento foi realizado pela APAE de Port\u00e3o e Federa\u00e7\u00e3o Estadual das APAES do RS e reuniu 69 atletas de todo o estado. Al\u00e9m de toda integra\u00e7\u00e3o proporcionada pelo esporte, oito atletas que participaram da disputa em suas respectivas classes funcionais trouxeram grandes resultados para a regi\u00e3o conquistando p\u00f3dio em praticamente todas as classes:<\/p>\n\n\n\n<p class=\"wp-block-paragraph\"><br>Kethlin M\u00fcller Formemtini &#8211; 2\u00ba lugar Classe BC2\/ feminino<br>Jhonattan Rafael Tischer &#8211; 3\u00ba lugar Classe BC2\/masculino<br>Lurdes Claudete Warken &#8211; 1\u00ba lugar Classe BC3\/feminino<br>Giovanna Locatelli Lopes &#8211; 3\u00ba lugar Classe BC3\/feminino<br>Igor Samuel Schneider Beutler &#8211; 3\u00ba lugar Classe BC3\/masculino<br>Roseneide Wolfart &#8211; 1\u00ba lugar Classe BC4\/feminino<\/p>\n\n\n\n<p class=\"wp-block-paragraph\"><br>&#8220;Agradecemos todo apoio e confian\u00e7a depositados em nossos atletas, profissionais e institui\u00e7\u00e3o para que momentos como este se tornem poss\u00edvel&#8221;, destaca a Apae.<\/p>\n\n\n\n<p class=\"wp-block-paragraph\">O Projeto Inclus\u00e3o pelo Esporte APAE Teut\u00f4nia &#8211; 3\u00aa edi\u00e7\u00e3o \u00e9 viabilizado atrav\u00e9s da Lei de Incentivo ao Esporte (LIE), do Minist\u00e9rio do Esporte e Governo Federal, sendo realizado pela APAE Teut\u00f4nia, com patroc\u00ednio das empresas Panatl\u00e2ntica, Tubospan, Benoit, Goemil, Beira Rio e Herval.<\/p>\n","protected":false},"excerpt":{"rendered":"<p>Nos dias 16, 17 e 18 de novembro, benefici\u00e1rios do Projeto Inclus\u00e3o pelo Esporte APAE Teut\u00f4nia participaram do 3\u00ba Campeonato Estadual de Bocha Paral\u00edmpica do Rio Grande do Sul. O evento foi realizado pela APAE de Port\u00e3o e Federa\u00e7\u00e3o Estadual das APAES do RS e reuniu 69 atletas de todo o estado. Al\u00e9m de toda [&hellip;]<\/p>\n","protected":false},"author":8,"featured_media":143893,"comment_status":"open","ping_status":"open","sticky":false,"template":"","format":"standard","meta":{"pmpro_default_level":"","_jetpack_memberships_contains_paid_content":false,"footnotes":""},"categories":[5],"tags":[],"class_list":["post-143892","post","type-post","status-publish","format-standard","has-post-thumbnail","category-esportes","pmpro-has-access"],"yoast_head":"<!-- This site is optimized with the Yoast SEO plugin v28.3 - https:\/\/yoast.com\/product\/yoast-seo-wordpress\/ -->\n<title>Teutonienses sobem ao p\u00f3dio no Estadual de Bocha Paral\u00edmpica - Folha Popular<\/title>\n<meta name=\"robots\" content=\"index, follow, max-snippet:-1, max-image-preview:large, max-video-preview:-1\" \/>\n<link rel=\"canonical\" href=\"https:\/\/folhapopular.info\/index.php\/2023\/11\/22\/teutonienses-sobem-ao-podio-no-estadual-de-bocha-paralimpica\/\" \/>\n<meta property=\"og:locale\" content=\"pt_BR\" \/>\n<meta property=\"og:type\" content=\"article\" \/>\n<meta property=\"og:title\" content=\"Teutonienses sobem ao p\u00f3dio no Estadual de Bocha Paral\u00edmpica - Folha Popular\" \/>\n<meta property=\"og:description\" content=\"Nos dias 16, 17 e 18 de novembro, benefici\u00e1rios do Projeto Inclus\u00e3o pelo Esporte APAE Teut\u00f4nia participaram do 3\u00ba Campeonato Estadual de Bocha Paral\u00edmpica do Rio Grande do Sul. O evento foi realizado pela APAE de Port\u00e3o e Federa\u00e7\u00e3o Estadual das APAES do RS e reuniu 69 atletas de todo o estado. Al\u00e9m de toda [&hellip;]\" \/>\n<meta property=\"og:url\" content=\"https:\/\/folhapopular.info\/index.php\/2023\/11\/22\/teutonienses-sobem-ao-podio-no-estadual-de-bocha-paralimpica\/\" \/>\n<meta property=\"og:site_name\" content=\"Folha Popular\" \/>\n<meta property=\"article:published_time\" content=\"2023-11-22T17:24:58+00:00\" \/>\n<meta property=\"article:modified_time\" content=\"2023-11-22T17:25:03+00:00\" \/>\n<meta property=\"og:image\" content=\"http:\/\/folhapopular.info\/wp-content\/uploads\/2023\/11\/WhatsApp-Image-2023-11-21-at-07.48.43.jpeg\" \/>\n\t<meta property=\"og:image:width\" content=\"940\" \/>\n\t<meta property=\"og:image:height\" content=\"788\" \/>\n\t<meta property=\"og:image:type\" content=\"image\/jpeg\" \/>\n<meta name=\"author\" content=\"Reda\u00e7\u00e3o Folha Popular\" \/>\n<meta name=\"twitter:card\" content=\"summary_large_image\" \/>\n<meta name=\"twitter:label1\" content=\"Escrito por\" \/>\n\t<meta name=\"twitter:data1\" content=\"Reda\u00e7\u00e3o Folha Popular\" \/>\n\t<meta name=\"twitter:label2\" content=\"Est. tempo de leitura\" \/>\n\t<meta name=\"twitter:data2\" content=\"2 minutos\" \/>\n<script type=\"application\/ld+json\" class=\"yoast-schema-graph\">{\"@context\":\"https:\\\/\\\/schema.org\",\"@graph\":[{\"@type\":\"Article\",\"@id\":\"https:\\\/\\\/folhapopular.info\\\/index.php\\\/2023\\\/11\\\/22\\\/teutonienses-sobem-ao-podio-no-estadual-de-bocha-paralimpica\\\/#article\",\"isPartOf\":{\"@id\":\"https:\\\/\\\/folhapopular.info\\\/index.php\\\/2023\\\/11\\\/22\\\/teutonienses-sobem-ao-podio-no-estadual-de-bocha-paralimpica\\\/\"},\"author\":{\"name\":\"Reda\u00e7\u00e3o Folha Popular\",\"@id\":\"https:\\\/\\\/folhapopular.info\\\/#\\\/schema\\\/person\\\/2814e8a0df7643585a9ca38bc6eb9d4b\"},\"headline\":\"Teutonienses sobem ao p\u00f3dio no Estadual de Bocha Paral\u00edmpica\",\"datePublished\":\"2023-11-22T17:24:58+00:00\",\"dateModified\":\"2023-11-22T17:25:03+00:00\",\"mainEntityOfPage\":{\"@id\":\"https:\\\/\\\/folhapopular.info\\\/index.php\\\/2023\\\/11\\\/22\\\/teutonienses-sobem-ao-podio-no-estadual-de-bocha-paralimpica\\\/\"},\"wordCount\":219,\"commentCount\":0,\"image\":{\"@id\":\"https:\\\/\\\/folhapopular.info\\\/index.php\\\/2023\\\/11\\\/22\\\/teutonienses-sobem-ao-podio-no-estadual-de-bocha-paralimpica\\\/#primaryimage\"},\"thumbnailUrl\":\"https:\\\/\\\/folhapopular.info\\\/wp-content\\\/uploads\\\/2023\\\/11\\\/WhatsApp-Image-2023-11-21-at-07.48.43.jpeg\",\"articleSection\":[\"Esportes\"],\"inLanguage\":\"pt-BR\",\"potentialAction\":[{\"@type\":\"CommentAction\",\"name\":\"Comment\",\"target\":[\"https:\\\/\\\/folhapopular.info\\\/index.php\\\/2023\\\/11\\\/22\\\/teutonienses-sobem-ao-podio-no-estadual-de-bocha-paralimpica\\\/#respond\"]}]},{\"@type\":\"WebPage\",\"@id\":\"https:\\\/\\\/folhapopular.info\\\/index.php\\\/2023\\\/11\\\/22\\\/teutonienses-sobem-ao-podio-no-estadual-de-bocha-paralimpica\\\/\",\"url\":\"https:\\\/\\\/folhapopular.info\\\/index.php\\\/2023\\\/11\\\/22\\\/teutonienses-sobem-ao-podio-no-estadual-de-bocha-paralimpica\\\/\",\"name\":\"Teutonienses sobem ao p\u00f3dio no Estadual de Bocha Paral\u00edmpica - Folha Popular\",\"isPartOf\":{\"@id\":\"https:\\\/\\\/folhapopular.info\\\/#website\"},\"primaryImageOfPage\":{\"@id\":\"https:\\\/\\\/folhapopular.info\\\/index.php\\\/2023\\\/11\\\/22\\\/teutonienses-sobem-ao-podio-no-estadual-de-bocha-paralimpica\\\/#primaryimage\"},\"image\":{\"@id\":\"https:\\\/\\\/folhapopular.info\\\/index.php\\\/2023\\\/11\\\/22\\\/teutonienses-sobem-ao-podio-no-estadual-de-bocha-paralimpica\\\/#primaryimage\"},\"thumbnailUrl\":\"https:\\\/\\\/folhapopular.info\\\/wp-content\\\/uploads\\\/2023\\\/11\\\/WhatsApp-Image-2023-11-21-at-07.48.43.jpeg\",\"datePublished\":\"2023-11-22T17:24:58+00:00\",\"dateModified\":\"2023-11-22T17:25:03+00:00\",\"author\":{\"@id\":\"https:\\\/\\\/folhapopular.info\\\/#\\\/schema\\\/person\\\/2814e8a0df7643585a9ca38bc6eb9d4b\"},\"breadcrumb\":{\"@id\":\"https:\\\/\\\/folhapopular.info\\\/index.php\\\/2023\\\/11\\\/22\\\/teutonienses-sobem-ao-podio-no-estadual-de-bocha-paralimpica\\\/#breadcrumb\"},\"inLanguage\":\"pt-BR\",\"potentialAction\":[{\"@type\":\"ReadAction\",\"target\":[\"https:\\\/\\\/folhapopular.info\\\/index.php\\\/2023\\\/11\\\/22\\\/teutonienses-sobem-ao-podio-no-estadual-de-bocha-paralimpica\\\/\"]}]},{\"@type\":\"ImageObject\",\"inLanguage\":\"pt-BR\",\"@id\":\"https:\\\/\\\/folhapopular.info\\\/index.php\\\/2023\\\/11\\\/22\\\/teutonienses-sobem-ao-podio-no-estadual-de-bocha-paralimpica\\\/#primaryimage\",\"url\":\"https:\\\/\\\/folhapopular.info\\\/wp-content\\\/uploads\\\/2023\\\/11\\\/WhatsApp-Image-2023-11-21-at-07.48.43.jpeg\",\"contentUrl\":\"https:\\\/\\\/folhapopular.info\\\/wp-content\\\/uploads\\\/2023\\\/11\\\/WhatsApp-Image-2023-11-21-at-07.48.43.jpeg\",\"width\":940,\"height\":788,\"caption\":\"Cr\u00e9dito: Divulga\u00e7\u00e3o\"},{\"@type\":\"BreadcrumbList\",\"@id\":\"https:\\\/\\\/folhapopular.info\\\/index.php\\\/2023\\\/11\\\/22\\\/teutonienses-sobem-ao-podio-no-estadual-de-bocha-paralimpica\\\/#breadcrumb\",\"itemListElement\":[{\"@type\":\"ListItem\",\"position\":1,\"name\":\"In\u00edcio\",\"item\":\"https:\\\/\\\/folhapopular.info\\\/\"},{\"@type\":\"ListItem\",\"position\":2,\"name\":\"Teutonienses sobem ao p\u00f3dio no Estadual de Bocha Paral\u00edmpica\"}]},{\"@type\":\"WebSite\",\"@id\":\"https:\\\/\\\/folhapopular.info\\\/#website\",\"url\":\"https:\\\/\\\/folhapopular.info\\\/\",\"name\":\"Folha Popular\",\"description\":\"Onde voc\u00ea tem vez e voz\",\"potentialAction\":[{\"@type\":\"SearchAction\",\"target\":{\"@type\":\"EntryPoint\",\"urlTemplate\":\"https:\\\/\\\/folhapopular.info\\\/?s={search_term_string}\"},\"query-input\":{\"@type\":\"PropertyValueSpecification\",\"valueRequired\":true,\"valueName\":\"search_term_string\"}}],\"inLanguage\":\"pt-BR\"},{\"@type\":\"Person\",\"@id\":\"https:\\\/\\\/folhapopular.info\\\/#\\\/schema\\\/person\\\/2814e8a0df7643585a9ca38bc6eb9d4b\",\"name\":\"Reda\u00e7\u00e3o Folha Popular\",\"image\":{\"@type\":\"ImageObject\",\"inLanguage\":\"pt-BR\",\"@id\":\"https:\\\/\\\/folhapopular.info\\\/wp-content\\\/uploads\\\/2026\\\/04\\\/Folha-1.webp\",\"url\":\"https:\\\/\\\/folhapopular.info\\\/wp-content\\\/uploads\\\/2026\\\/04\\\/Folha-1.webp\",\"contentUrl\":\"https:\\\/\\\/folhapopular.info\\\/wp-content\\\/uploads\\\/2026\\\/04\\\/Folha-1.webp\",\"caption\":\"Reda\u00e7\u00e3o Folha Popular\"},\"url\":\"https:\\\/\\\/folhapopular.info\\\/index.php\\\/author\\\/redacao\\\/\"}]}<\/script>\n<!-- \/ Yoast SEO plugin. -->","yoast_head_json":{"title":"Teutonienses sobem ao p\u00f3dio no Estadual de Bocha Paral\u00edmpica - Folha Popular","robots":{"index":"index","follow":"follow","max-snippet":"max-snippet:-1","max-image-preview":"max-image-preview:large","max-video-preview":"max-video-preview:-1"},"canonical":"https:\/\/folhapopular.info\/index.php\/2023\/11\/22\/teutonienses-sobem-ao-podio-no-estadual-de-bocha-paralimpica\/","og_locale":"pt_BR","og_type":"article","og_title":"Teutonienses sobem ao p\u00f3dio no Estadual de Bocha Paral\u00edmpica - Folha Popular","og_description":"Nos dias 16, 17 e 18 de novembro, benefici\u00e1rios do Projeto Inclus\u00e3o pelo Esporte APAE Teut\u00f4nia participaram do 3\u00ba Campeonato Estadual de Bocha Paral\u00edmpica do Rio Grande do Sul. O evento foi realizado pela APAE de Port\u00e3o e Federa\u00e7\u00e3o Estadual das APAES do RS e reuniu 69 atletas de todo o estado. Al\u00e9m de toda [&hellip;]","og_url":"https:\/\/folhapopular.info\/index.php\/2023\/11\/22\/teutonienses-sobem-ao-podio-no-estadual-de-bocha-paralimpica\/","og_site_name":"Folha Popular","article_published_time":"2023-11-22T17:24:58+00:00","article_modified_time":"2023-11-22T17:25:03+00:00","og_image":[{"width":940,"height":788,"url":"http:\/\/folhapopular.info\/wp-content\/uploads\/2023\/11\/WhatsApp-Image-2023-11-21-at-07.48.43.jpeg","type":"image\/jpeg"}],"author":"Reda\u00e7\u00e3o Folha Popular","twitter_card":"summary_large_image","twitter_misc":{"Escrito por":"Reda\u00e7\u00e3o Folha Popular","Est. tempo de leitura":"2 minutos"},"schema":{"@context":"https:\/\/schema.org","@graph":[{"@type":"Article","@id":"https:\/\/folhapopular.info\/index.php\/2023\/11\/22\/teutonienses-sobem-ao-podio-no-estadual-de-bocha-paralimpica\/#article","isPartOf":{"@id":"https:\/\/folhapopular.info\/index.php\/2023\/11\/22\/teutonienses-sobem-ao-podio-no-estadual-de-bocha-paralimpica\/"},"author":{"name":"Reda\u00e7\u00e3o Folha Popular","@id":"https:\/\/folhapopular.info\/#\/schema\/person\/2814e8a0df7643585a9ca38bc6eb9d4b"},"headline":"Teutonienses sobem ao p\u00f3dio no Estadual de Bocha Paral\u00edmpica","datePublished":"2023-11-22T17:24:58+00:00","dateModified":"2023-11-22T17:25:03+00:00","mainEntityOfPage":{"@id":"https:\/\/folhapopular.info\/index.php\/2023\/11\/22\/teutonienses-sobem-ao-podio-no-estadual-de-bocha-paralimpica\/"},"wordCount":219,"commentCount":0,"image":{"@id":"https:\/\/folhapopular.info\/index.php\/2023\/11\/22\/teutonienses-sobem-ao-podio-no-estadual-de-bocha-paralimpica\/#primaryimage"},"thumbnailUrl":"https:\/\/folhapopular.info\/wp-content\/uploads\/2023\/11\/WhatsApp-Image-2023-11-21-at-07.48.43.jpeg","articleSection":["Esportes"],"inLanguage":"pt-BR","potentialAction":[{"@type":"CommentAction","name":"Comment","target":["https:\/\/folhapopular.info\/index.php\/2023\/11\/22\/teutonienses-sobem-ao-podio-no-estadual-de-bocha-paralimpica\/#respond"]}]},{"@type":"WebPage","@id":"https:\/\/folhapopular.info\/index.php\/2023\/11\/22\/teutonienses-sobem-ao-podio-no-estadual-de-bocha-paralimpica\/","url":"https:\/\/folhapopular.info\/index.php\/2023\/11\/22\/teutonienses-sobem-ao-podio-no-estadual-de-bocha-paralimpica\/","name":"Teutonienses sobem ao p\u00f3dio no Estadual de Bocha Paral\u00edmpica - Folha Popular","isPartOf":{"@id":"https:\/\/folhapopular.info\/#website"},"primaryImageOfPage":{"@id":"https:\/\/folhapopular.info\/index.php\/2023\/11\/22\/teutonienses-sobem-ao-podio-no-estadual-de-bocha-paralimpica\/#primaryimage"},"image":{"@id":"https:\/\/folhapopular.info\/index.php\/2023\/11\/22\/teutonienses-sobem-ao-podio-no-estadual-de-bocha-paralimpica\/#primaryimage"},"thumbnailUrl":"https:\/\/folhapopular.info\/wp-content\/uploads\/2023\/11\/WhatsApp-Image-2023-11-21-at-07.48.43.jpeg","datePublished":"2023-11-22T17:24:58+00:00","dateModified":"2023-11-22T17:25:03+00:00","author":{"@id":"https:\/\/folhapopular.info\/#\/schema\/person\/2814e8a0df7643585a9ca38bc6eb9d4b"},"breadcrumb":{"@id":"https:\/\/folhapopular.info\/index.php\/2023\/11\/22\/teutonienses-sobem-ao-podio-no-estadual-de-bocha-paralimpica\/#breadcrumb"},"inLanguage":"pt-BR","potentialAction":[{"@type":"ReadAction","target":["https:\/\/folhapopular.info\/index.php\/2023\/11\/22\/teutonienses-sobem-ao-podio-no-estadual-de-bocha-paralimpica\/"]}]},{"@type":"ImageObject","inLanguage":"pt-BR","@id":"https:\/\/folhapopular.info\/index.php\/2023\/11\/22\/teutonienses-sobem-ao-podio-no-estadual-de-bocha-paralimpica\/#primaryimage","url":"https:\/\/folhapopular.info\/wp-content\/uploads\/2023\/11\/WhatsApp-Image-2023-11-21-at-07.48.43.jpeg","contentUrl":"https:\/\/folhapopular.info\/wp-content\/uploads\/2023\/11\/WhatsApp-Image-2023-11-21-at-07.48.43.jpeg","width":940,"height":788,"caption":"Cr\u00e9dito: Divulga\u00e7\u00e3o"},{"@type":"BreadcrumbList","@id":"https:\/\/folhapopular.info\/index.php\/2023\/11\/22\/teutonienses-sobem-ao-podio-no-estadual-de-bocha-paralimpica\/#breadcrumb","itemListElement":[{"@type":"ListItem","position":1,"name":"In\u00edcio","item":"https:\/\/folhapopular.info\/"},{"@type":"ListItem","position":2,"name":"Teutonienses sobem ao p\u00f3dio no Estadual de Bocha Paral\u00edmpica"}]},{"@type":"WebSite","@id":"https:\/\/folhapopular.info\/#website","url":"https:\/\/folhapopular.info\/","name":"Folha Popular","description":"Onde voc\u00ea tem vez e voz","potentialAction":[{"@type":"SearchAction","target":{"@type":"EntryPoint","urlTemplate":"https:\/\/folhapopular.info\/?s={search_term_string}"},"query-input":{"@type":"PropertyValueSpecification","valueRequired":true,"valueName":"search_term_string"}}],"inLanguage":"pt-BR"},{"@type":"Person","@id":"https:\/\/folhapopular.info\/#\/schema\/person\/2814e8a0df7643585a9ca38bc6eb9d4b","name":"Reda\u00e7\u00e3o Folha Popular","image":{"@type":"ImageObject","inLanguage":"pt-BR","@id":"https:\/\/folhapopular.info\/wp-content\/uploads\/2026\/04\/Folha-1.webp","url":"https:\/\/folhapopular.info\/wp-content\/uploads\/2026\/04\/Folha-1.webp","contentUrl":"https:\/\/folhapopular.info\/wp-content\/uploads\/2026\/04\/Folha-1.webp","caption":"Reda\u00e7\u00e3o Folha Popular"},"url":"https:\/\/folhapopular.info\/index.php\/author\/redacao\/"}]}},"jetpack_sharing_enabled":true,"amp_enabled":true,"jetpack_featured_media_url":"https:\/\/folhapopular.info\/wp-content\/uploads\/2023\/11\/WhatsApp-Image-2023-11-21-at-07.48.43.jpeg","_links":{"self":[{"href":"https:\/\/folhapopular.info\/index.php\/wp-json\/wp\/v2\/posts\/143892","targetHints":{"allow":["GET"]}}],"collection":[{"href":"https:\/\/folhapopular.info\/index.php\/wp-json\/wp\/v2\/posts"}],"about":[{"href":"https:\/\/folhapopular.info\/index.php\/wp-json\/wp\/v2\/types\/post"}],"author":[{"embeddable":true,"href":"https:\/\/folhapopular.info\/index.php\/wp-json\/wp\/v2\/users\/8"}],"replies":[{"embeddable":true,"href":"https:\/\/folhapopular.info\/index.php\/wp-json\/wp\/v2\/comments?post=143892"}],"version-history":[{"count":0,"href":"https:\/\/folhapopular.info\/index.php\/wp-json\/wp\/v2\/posts\/143892\/revisions"}],"wp:featuredmedia":[{"embeddable":true,"href":"https:\/\/folhapopular.info\/index.php\/wp-json\/wp\/v2\/media\/143893"}],"wp:attachment":[{"href":"https:\/\/folhapopular.info\/index.php\/wp-json\/wp\/v2\/media?parent=143892"}],"wp:term":[{"taxonomy":"category","embeddable":true,"href":"https:\/\/folhapopular.info\/index.php\/wp-json\/wp\/v2\/categories?post=143892"},{"taxonomy":"post_tag","embeddable":true,"href":"https:\/\/folhapopular.info\/index.php\/wp-json\/wp\/v2\/tags?post=143892"}],"curies":[{"name":"wp","href":"https:\/\/api.w.org\/{rel}","templated":true}]}}