{"id":143912,"date":"2023-11-23T08:35:23","date_gmt":"2023-11-23T11:35:23","guid":{"rendered":"https:\/\/folhapopular.info\/?p=143912"},"modified":"2023-11-23T08:35:27","modified_gmt":"2023-11-23T11:35:27","slug":"bombeiros-voluntarios-imicol-recebem-veiculo-da-frota-estadual","status":"publish","type":"post","link":"https:\/\/folhapopular.info\/index.php\/2023\/11\/23\/bombeiros-voluntarios-imicol-recebem-veiculo-da-frota-estadual\/","title":{"rendered":"Bombeiros Volunt\u00e1rios Imicol recebem ve\u00edculo da frota estadual"},"content":{"rendered":"\n<p>Imigrante est\u00e1 entre os munic\u00edpios ga\u00fachos que receberam a doa\u00e7\u00e3o de um ve\u00edculo da frota do Governo Estadual. Em solenidade realizada em Porto Alegre na ter\u00e7a-feira (21\/11), ocorreu a entrega oficial de dez autom\u00f3veis a prefeituras do interior ga\u00facho. Os ve\u00edculos s\u00e3o da marca Chevrolet modelo Prisma Maxx 2009-2010 e foram cedidos a associa\u00e7\u00f5es de Bombeiros Volunt\u00e1rios em igual n\u00famero de cidades.<\/p>\n\n\n\n<p>Segundo a guarni\u00e7\u00e3o,\u00a0em breve o autom\u00f3vel passar\u00e1 por adesivagem, e sistema de ilumina\u00e7\u00e3o de emerg\u00eancia e estar\u00e1 dispon\u00edvel para auxiliar nos atendimentos de Colinas e Imigrante. &#8220;Agradecemos a todos que tornaram poss\u00edvel essa conquista e reafirmamos nosso compromisso inabal\u00e1vel com a seguran\u00e7a e bem-estar das comunidades que servimos. Esses ve\u00edculos ser\u00e3o instrumentos essenciais para o desempenho \u00e1gil e eficiente das nossas opera\u00e7\u00f5es&#8221;, disseram em nota.<\/p>\n\n\n\n<figure class=\"wp-block-image size-full\"><img loading=\"lazy\" decoding=\"async\" width=\"818\" height=\"497\" src=\"https:\/\/folhapopular.info\/wp-content\/uploads\/2023\/11\/imigrante-2.png\" alt=\"\" class=\"wp-image-143914\" srcset=\"https:\/\/folhapopular.info\/wp-content\/uploads\/2023\/11\/imigrante-2.png 818w, https:\/\/folhapopular.info\/wp-content\/uploads\/2023\/11\/imigrante-2-300x182.png 300w, https:\/\/folhapopular.info\/wp-content\/uploads\/2023\/11\/imigrante-2-768x467.png 768w, https:\/\/folhapopular.info\/wp-content\/uploads\/2023\/11\/imigrante-2-696x423.png 696w\" sizes=\"auto, (max-width: 818px) 100vw, 818px\" \/><figcaption class=\"wp-element-caption\">Cr\u00e9dito: Divulga\u00e7\u00e3o<\/figcaption><\/figure>\n\n\n\n<p>O vice-governador Gabriel Souza chamou a aten\u00e7\u00e3o para o importante papel desempenhado pelos Bombeiros Volunt\u00e1rios no aux\u00edlio \u00e0 popula\u00e7\u00e3o durante os eventos extremos registrados no Estado. \u201cQuero agradecer, em nome do governo e do povo ga\u00facho, a todos voc\u00eas pelo trabalho prestado, inclusive nos epis\u00f3dios recentes que enfrentamos por causa das chuvas e enchentes em diferentes regi\u00f5es. Tenho certeza que estes ve\u00edculos seminovos, em bom estado de conserva\u00e7\u00e3o, v\u00e3o ajudar muito na miss\u00e3o dos Bombeiros Volunt\u00e1rios\u201d.<\/p>\n\n\n\n<p>Tamb\u00e9m participaram da entrega o titular adjunto da SPGG, Bruno Silveira, o subsecret\u00e1rio de Administra\u00e7\u00e3o da SPGG, Alan da Silva, o deputado estadual Elton Weber, diretores da Voluntersul, al\u00e9m de representantes das prefeituras e bombeiros volunt\u00e1rios dos munic\u00edpios beneficiados.<\/p>\n","protected":false},"excerpt":{"rendered":"<p>Imigrante est\u00e1 entre os munic\u00edpios ga\u00fachos que receberam a doa\u00e7\u00e3o de um ve\u00edculo da frota do Governo Estadual. Em solenidade realizada em Porto Alegre na ter\u00e7a-feira (21\/11), ocorreu a entrega oficial de dez autom\u00f3veis a prefeituras do interior ga\u00facho. Os ve\u00edculos s\u00e3o da marca Chevrolet modelo Prisma Maxx 2009-2010 e foram cedidos a associa\u00e7\u00f5es de [&hellip;]<\/p>\n","protected":false},"author":8,"featured_media":143913,"comment_status":"open","ping_status":"open","sticky":false,"template":"","format":"standard","meta":{"pmpro_default_level":"","_jetpack_memberships_contains_paid_content":false,"footnotes":""},"categories":[2,3],"tags":[13640,3451,1345],"class_list":{"0":"post-143912","1":"post","2":"type-post","3":"status-publish","4":"format-standard","5":"has-post-thumbnail","7":"category-featured","8":"category-geral","9":"tag-froto","10":"tag-imicol","11":"tag-veiculo","12":"pmpro-has-access"},"yoast_head":"<!-- This site is optimized with the Yoast SEO plugin v27.5 - https:\/\/yoast.com\/product\/yoast-seo-wordpress\/ -->\n<title>Bombeiros Volunt\u00e1rios Imicol recebem ve\u00edculo da frota estadual - Folha Popular<\/title>\n<meta name=\"robots\" content=\"index, follow, max-snippet:-1, max-image-preview:large, max-video-preview:-1\" \/>\n<link rel=\"canonical\" href=\"https:\/\/folhapopular.info\/index.php\/2023\/11\/23\/bombeiros-voluntarios-imicol-recebem-veiculo-da-frota-estadual\/\" \/>\n<meta property=\"og:locale\" content=\"pt_BR\" \/>\n<meta property=\"og:type\" content=\"article\" \/>\n<meta property=\"og:title\" content=\"Bombeiros Volunt\u00e1rios Imicol recebem ve\u00edculo da frota estadual - Folha Popular\" \/>\n<meta property=\"og:description\" content=\"Imigrante est\u00e1 entre os munic\u00edpios ga\u00fachos que receberam a doa\u00e7\u00e3o de um ve\u00edculo da frota do Governo Estadual. Em solenidade realizada em Porto Alegre na ter\u00e7a-feira (21\/11), ocorreu a entrega oficial de dez autom\u00f3veis a prefeituras do interior ga\u00facho. Os ve\u00edculos s\u00e3o da marca Chevrolet modelo Prisma Maxx 2009-2010 e foram cedidos a associa\u00e7\u00f5es de [&hellip;]\" \/>\n<meta property=\"og:url\" content=\"https:\/\/folhapopular.info\/index.php\/2023\/11\/23\/bombeiros-voluntarios-imicol-recebem-veiculo-da-frota-estadual\/\" \/>\n<meta property=\"og:site_name\" content=\"Folha Popular\" \/>\n<meta property=\"article:published_time\" content=\"2023-11-23T11:35:23+00:00\" \/>\n<meta property=\"article:modified_time\" content=\"2023-11-23T11:35:27+00:00\" \/>\n<meta property=\"og:image\" content=\"http:\/\/folhapopular.info\/wp-content\/uploads\/2023\/11\/78097251-2283-4921-b3f1-ed7d66f5c9bb.jpg\" \/>\n\t<meta property=\"og:image:width\" content=\"1280\" \/>\n\t<meta property=\"og:image:height\" content=\"851\" \/>\n\t<meta property=\"og:image:type\" content=\"image\/jpeg\" \/>\n<meta name=\"author\" content=\"Reda\u00e7\u00e3o Folha Popular\" \/>\n<meta name=\"twitter:card\" content=\"summary_large_image\" \/>\n<meta name=\"twitter:label1\" content=\"Escrito por\" \/>\n\t<meta name=\"twitter:data1\" content=\"Reda\u00e7\u00e3o Folha Popular\" \/>\n\t<meta name=\"twitter:label2\" content=\"Est. tempo de leitura\" \/>\n\t<meta name=\"twitter:data2\" content=\"2 minutos\" \/>\n<script type=\"application\/ld+json\" class=\"yoast-schema-graph\">{\"@context\":\"https:\\\/\\\/schema.org\",\"@graph\":[{\"@type\":\"Article\",\"@id\":\"https:\\\/\\\/folhapopular.info\\\/index.php\\\/2023\\\/11\\\/23\\\/bombeiros-voluntarios-imicol-recebem-veiculo-da-frota-estadual\\\/#article\",\"isPartOf\":{\"@id\":\"https:\\\/\\\/folhapopular.info\\\/index.php\\\/2023\\\/11\\\/23\\\/bombeiros-voluntarios-imicol-recebem-veiculo-da-frota-estadual\\\/\"},\"author\":{\"name\":\"Reda\u00e7\u00e3o Folha Popular\",\"@id\":\"https:\\\/\\\/folhapopular.info\\\/#\\\/schema\\\/person\\\/2814e8a0df7643585a9ca38bc6eb9d4b\"},\"headline\":\"Bombeiros Volunt\u00e1rios Imicol recebem ve\u00edculo da frota estadual\",\"datePublished\":\"2023-11-23T11:35:23+00:00\",\"dateModified\":\"2023-11-23T11:35:27+00:00\",\"mainEntityOfPage\":{\"@id\":\"https:\\\/\\\/folhapopular.info\\\/index.php\\\/2023\\\/11\\\/23\\\/bombeiros-voluntarios-imicol-recebem-veiculo-da-frota-estadual\\\/\"},\"wordCount\":297,\"commentCount\":0,\"image\":{\"@id\":\"https:\\\/\\\/folhapopular.info\\\/index.php\\\/2023\\\/11\\\/23\\\/bombeiros-voluntarios-imicol-recebem-veiculo-da-frota-estadual\\\/#primaryimage\"},\"thumbnailUrl\":\"https:\\\/\\\/folhapopular.info\\\/wp-content\\\/uploads\\\/2023\\\/11\\\/78097251-2283-4921-b3f1-ed7d66f5c9bb.jpg\",\"keywords\":[\"Froto\",\"Imicol\",\"Ve\u00edculo\"],\"articleSection\":[\"Destaques\",\"Geral\"],\"inLanguage\":\"pt-BR\",\"potentialAction\":[{\"@type\":\"CommentAction\",\"name\":\"Comment\",\"target\":[\"https:\\\/\\\/folhapopular.info\\\/index.php\\\/2023\\\/11\\\/23\\\/bombeiros-voluntarios-imicol-recebem-veiculo-da-frota-estadual\\\/#respond\"]}]},{\"@type\":\"WebPage\",\"@id\":\"https:\\\/\\\/folhapopular.info\\\/index.php\\\/2023\\\/11\\\/23\\\/bombeiros-voluntarios-imicol-recebem-veiculo-da-frota-estadual\\\/\",\"url\":\"https:\\\/\\\/folhapopular.info\\\/index.php\\\/2023\\\/11\\\/23\\\/bombeiros-voluntarios-imicol-recebem-veiculo-da-frota-estadual\\\/\",\"name\":\"Bombeiros Volunt\u00e1rios Imicol recebem ve\u00edculo da frota estadual - Folha Popular\",\"isPartOf\":{\"@id\":\"https:\\\/\\\/folhapopular.info\\\/#website\"},\"primaryImageOfPage\":{\"@id\":\"https:\\\/\\\/folhapopular.info\\\/index.php\\\/2023\\\/11\\\/23\\\/bombeiros-voluntarios-imicol-recebem-veiculo-da-frota-estadual\\\/#primaryimage\"},\"image\":{\"@id\":\"https:\\\/\\\/folhapopular.info\\\/index.php\\\/2023\\\/11\\\/23\\\/bombeiros-voluntarios-imicol-recebem-veiculo-da-frota-estadual\\\/#primaryimage\"},\"thumbnailUrl\":\"https:\\\/\\\/folhapopular.info\\\/wp-content\\\/uploads\\\/2023\\\/11\\\/78097251-2283-4921-b3f1-ed7d66f5c9bb.jpg\",\"datePublished\":\"2023-11-23T11:35:23+00:00\",\"dateModified\":\"2023-11-23T11:35:27+00:00\",\"author\":{\"@id\":\"https:\\\/\\\/folhapopular.info\\\/#\\\/schema\\\/person\\\/2814e8a0df7643585a9ca38bc6eb9d4b\"},\"breadcrumb\":{\"@id\":\"https:\\\/\\\/folhapopular.info\\\/index.php\\\/2023\\\/11\\\/23\\\/bombeiros-voluntarios-imicol-recebem-veiculo-da-frota-estadual\\\/#breadcrumb\"},\"inLanguage\":\"pt-BR\",\"potentialAction\":[{\"@type\":\"ReadAction\",\"target\":[\"https:\\\/\\\/folhapopular.info\\\/index.php\\\/2023\\\/11\\\/23\\\/bombeiros-voluntarios-imicol-recebem-veiculo-da-frota-estadual\\\/\"]}]},{\"@type\":\"ImageObject\",\"inLanguage\":\"pt-BR\",\"@id\":\"https:\\\/\\\/folhapopular.info\\\/index.php\\\/2023\\\/11\\\/23\\\/bombeiros-voluntarios-imicol-recebem-veiculo-da-frota-estadual\\\/#primaryimage\",\"url\":\"https:\\\/\\\/folhapopular.info\\\/wp-content\\\/uploads\\\/2023\\\/11\\\/78097251-2283-4921-b3f1-ed7d66f5c9bb.jpg\",\"contentUrl\":\"https:\\\/\\\/folhapopular.info\\\/wp-content\\\/uploads\\\/2023\\\/11\\\/78097251-2283-4921-b3f1-ed7d66f5c9bb.jpg\",\"width\":1280,\"height\":851,\"caption\":\"Cr\u00e9dito: Divulga\u00e7\u00e3o\"},{\"@type\":\"BreadcrumbList\",\"@id\":\"https:\\\/\\\/folhapopular.info\\\/index.php\\\/2023\\\/11\\\/23\\\/bombeiros-voluntarios-imicol-recebem-veiculo-da-frota-estadual\\\/#breadcrumb\",\"itemListElement\":[{\"@type\":\"ListItem\",\"position\":1,\"name\":\"In\u00edcio\",\"item\":\"https:\\\/\\\/folhapopular.info\\\/\"},{\"@type\":\"ListItem\",\"position\":2,\"name\":\"Bombeiros Volunt\u00e1rios Imicol recebem ve\u00edculo da frota estadual\"}]},{\"@type\":\"WebSite\",\"@id\":\"https:\\\/\\\/folhapopular.info\\\/#website\",\"url\":\"https:\\\/\\\/folhapopular.info\\\/\",\"name\":\"Folha Popular\",\"description\":\"Onde voc\u00ea tem vez e voz\",\"potentialAction\":[{\"@type\":\"SearchAction\",\"target\":{\"@type\":\"EntryPoint\",\"urlTemplate\":\"https:\\\/\\\/folhapopular.info\\\/?s={search_term_string}\"},\"query-input\":{\"@type\":\"PropertyValueSpecification\",\"valueRequired\":true,\"valueName\":\"search_term_string\"}}],\"inLanguage\":\"pt-BR\"},{\"@type\":\"Person\",\"@id\":\"https:\\\/\\\/folhapopular.info\\\/#\\\/schema\\\/person\\\/2814e8a0df7643585a9ca38bc6eb9d4b\",\"name\":\"Reda\u00e7\u00e3o Folha Popular\",\"image\":{\"@type\":\"ImageObject\",\"inLanguage\":\"pt-BR\",\"@id\":\"https:\\\/\\\/folhapopular.info\\\/wp-content\\\/uploads\\\/2026\\\/04\\\/Folha-1.webp\",\"url\":\"https:\\\/\\\/folhapopular.info\\\/wp-content\\\/uploads\\\/2026\\\/04\\\/Folha-1.webp\",\"contentUrl\":\"https:\\\/\\\/folhapopular.info\\\/wp-content\\\/uploads\\\/2026\\\/04\\\/Folha-1.webp\",\"caption\":\"Reda\u00e7\u00e3o Folha Popular\"},\"url\":\"https:\\\/\\\/folhapopular.info\\\/index.php\\\/author\\\/redacao\\\/\"}]}<\/script>\n<!-- \/ Yoast SEO plugin. -->","yoast_head_json":{"title":"Bombeiros Volunt\u00e1rios Imicol recebem ve\u00edculo da frota estadual - Folha Popular","robots":{"index":"index","follow":"follow","max-snippet":"max-snippet:-1","max-image-preview":"max-image-preview:large","max-video-preview":"max-video-preview:-1"},"canonical":"https:\/\/folhapopular.info\/index.php\/2023\/11\/23\/bombeiros-voluntarios-imicol-recebem-veiculo-da-frota-estadual\/","og_locale":"pt_BR","og_type":"article","og_title":"Bombeiros Volunt\u00e1rios Imicol recebem ve\u00edculo da frota estadual - Folha Popular","og_description":"Imigrante est\u00e1 entre os munic\u00edpios ga\u00fachos que receberam a doa\u00e7\u00e3o de um ve\u00edculo da frota do Governo Estadual. Em solenidade realizada em Porto Alegre na ter\u00e7a-feira (21\/11), ocorreu a entrega oficial de dez autom\u00f3veis a prefeituras do interior ga\u00facho. Os ve\u00edculos s\u00e3o da marca Chevrolet modelo Prisma Maxx 2009-2010 e foram cedidos a associa\u00e7\u00f5es de [&hellip;]","og_url":"https:\/\/folhapopular.info\/index.php\/2023\/11\/23\/bombeiros-voluntarios-imicol-recebem-veiculo-da-frota-estadual\/","og_site_name":"Folha Popular","article_published_time":"2023-11-23T11:35:23+00:00","article_modified_time":"2023-11-23T11:35:27+00:00","og_image":[{"width":1280,"height":851,"url":"http:\/\/folhapopular.info\/wp-content\/uploads\/2023\/11\/78097251-2283-4921-b3f1-ed7d66f5c9bb.jpg","type":"image\/jpeg"}],"author":"Reda\u00e7\u00e3o Folha Popular","twitter_card":"summary_large_image","twitter_misc":{"Escrito por":"Reda\u00e7\u00e3o Folha Popular","Est. tempo de leitura":"2 minutos"},"schema":{"@context":"https:\/\/schema.org","@graph":[{"@type":"Article","@id":"https:\/\/folhapopular.info\/index.php\/2023\/11\/23\/bombeiros-voluntarios-imicol-recebem-veiculo-da-frota-estadual\/#article","isPartOf":{"@id":"https:\/\/folhapopular.info\/index.php\/2023\/11\/23\/bombeiros-voluntarios-imicol-recebem-veiculo-da-frota-estadual\/"},"author":{"name":"Reda\u00e7\u00e3o Folha Popular","@id":"https:\/\/folhapopular.info\/#\/schema\/person\/2814e8a0df7643585a9ca38bc6eb9d4b"},"headline":"Bombeiros Volunt\u00e1rios Imicol recebem ve\u00edculo da frota estadual","datePublished":"2023-11-23T11:35:23+00:00","dateModified":"2023-11-23T11:35:27+00:00","mainEntityOfPage":{"@id":"https:\/\/folhapopular.info\/index.php\/2023\/11\/23\/bombeiros-voluntarios-imicol-recebem-veiculo-da-frota-estadual\/"},"wordCount":297,"commentCount":0,"image":{"@id":"https:\/\/folhapopular.info\/index.php\/2023\/11\/23\/bombeiros-voluntarios-imicol-recebem-veiculo-da-frota-estadual\/#primaryimage"},"thumbnailUrl":"https:\/\/folhapopular.info\/wp-content\/uploads\/2023\/11\/78097251-2283-4921-b3f1-ed7d66f5c9bb.jpg","keywords":["Froto","Imicol","Ve\u00edculo"],"articleSection":["Destaques","Geral"],"inLanguage":"pt-BR","potentialAction":[{"@type":"CommentAction","name":"Comment","target":["https:\/\/folhapopular.info\/index.php\/2023\/11\/23\/bombeiros-voluntarios-imicol-recebem-veiculo-da-frota-estadual\/#respond"]}]},{"@type":"WebPage","@id":"https:\/\/folhapopular.info\/index.php\/2023\/11\/23\/bombeiros-voluntarios-imicol-recebem-veiculo-da-frota-estadual\/","url":"https:\/\/folhapopular.info\/index.php\/2023\/11\/23\/bombeiros-voluntarios-imicol-recebem-veiculo-da-frota-estadual\/","name":"Bombeiros Volunt\u00e1rios Imicol recebem ve\u00edculo da frota estadual - Folha Popular","isPartOf":{"@id":"https:\/\/folhapopular.info\/#website"},"primaryImageOfPage":{"@id":"https:\/\/folhapopular.info\/index.php\/2023\/11\/23\/bombeiros-voluntarios-imicol-recebem-veiculo-da-frota-estadual\/#primaryimage"},"image":{"@id":"https:\/\/folhapopular.info\/index.php\/2023\/11\/23\/bombeiros-voluntarios-imicol-recebem-veiculo-da-frota-estadual\/#primaryimage"},"thumbnailUrl":"https:\/\/folhapopular.info\/wp-content\/uploads\/2023\/11\/78097251-2283-4921-b3f1-ed7d66f5c9bb.jpg","datePublished":"2023-11-23T11:35:23+00:00","dateModified":"2023-11-23T11:35:27+00:00","author":{"@id":"https:\/\/folhapopular.info\/#\/schema\/person\/2814e8a0df7643585a9ca38bc6eb9d4b"},"breadcrumb":{"@id":"https:\/\/folhapopular.info\/index.php\/2023\/11\/23\/bombeiros-voluntarios-imicol-recebem-veiculo-da-frota-estadual\/#breadcrumb"},"inLanguage":"pt-BR","potentialAction":[{"@type":"ReadAction","target":["https:\/\/folhapopular.info\/index.php\/2023\/11\/23\/bombeiros-voluntarios-imicol-recebem-veiculo-da-frota-estadual\/"]}]},{"@type":"ImageObject","inLanguage":"pt-BR","@id":"https:\/\/folhapopular.info\/index.php\/2023\/11\/23\/bombeiros-voluntarios-imicol-recebem-veiculo-da-frota-estadual\/#primaryimage","url":"https:\/\/folhapopular.info\/wp-content\/uploads\/2023\/11\/78097251-2283-4921-b3f1-ed7d66f5c9bb.jpg","contentUrl":"https:\/\/folhapopular.info\/wp-content\/uploads\/2023\/11\/78097251-2283-4921-b3f1-ed7d66f5c9bb.jpg","width":1280,"height":851,"caption":"Cr\u00e9dito: Divulga\u00e7\u00e3o"},{"@type":"BreadcrumbList","@id":"https:\/\/folhapopular.info\/index.php\/2023\/11\/23\/bombeiros-voluntarios-imicol-recebem-veiculo-da-frota-estadual\/#breadcrumb","itemListElement":[{"@type":"ListItem","position":1,"name":"In\u00edcio","item":"https:\/\/folhapopular.info\/"},{"@type":"ListItem","position":2,"name":"Bombeiros Volunt\u00e1rios Imicol recebem ve\u00edculo da frota estadual"}]},{"@type":"WebSite","@id":"https:\/\/folhapopular.info\/#website","url":"https:\/\/folhapopular.info\/","name":"Folha Popular","description":"Onde voc\u00ea tem vez e voz","potentialAction":[{"@type":"SearchAction","target":{"@type":"EntryPoint","urlTemplate":"https:\/\/folhapopular.info\/?s={search_term_string}"},"query-input":{"@type":"PropertyValueSpecification","valueRequired":true,"valueName":"search_term_string"}}],"inLanguage":"pt-BR"},{"@type":"Person","@id":"https:\/\/folhapopular.info\/#\/schema\/person\/2814e8a0df7643585a9ca38bc6eb9d4b","name":"Reda\u00e7\u00e3o Folha Popular","image":{"@type":"ImageObject","inLanguage":"pt-BR","@id":"https:\/\/folhapopular.info\/wp-content\/uploads\/2026\/04\/Folha-1.webp","url":"https:\/\/folhapopular.info\/wp-content\/uploads\/2026\/04\/Folha-1.webp","contentUrl":"https:\/\/folhapopular.info\/wp-content\/uploads\/2026\/04\/Folha-1.webp","caption":"Reda\u00e7\u00e3o Folha Popular"},"url":"https:\/\/folhapopular.info\/index.php\/author\/redacao\/"}]}},"jetpack_featured_media_url":"https:\/\/folhapopular.info\/wp-content\/uploads\/2023\/11\/78097251-2283-4921-b3f1-ed7d66f5c9bb.jpg","jetpack_sharing_enabled":true,"amp_enabled":true,"_links":{"self":[{"href":"https:\/\/folhapopular.info\/index.php\/wp-json\/wp\/v2\/posts\/143912","targetHints":{"allow":["GET"]}}],"collection":[{"href":"https:\/\/folhapopular.info\/index.php\/wp-json\/wp\/v2\/posts"}],"about":[{"href":"https:\/\/folhapopular.info\/index.php\/wp-json\/wp\/v2\/types\/post"}],"author":[{"embeddable":true,"href":"https:\/\/folhapopular.info\/index.php\/wp-json\/wp\/v2\/users\/8"}],"replies":[{"embeddable":true,"href":"https:\/\/folhapopular.info\/index.php\/wp-json\/wp\/v2\/comments?post=143912"}],"version-history":[{"count":0,"href":"https:\/\/folhapopular.info\/index.php\/wp-json\/wp\/v2\/posts\/143912\/revisions"}],"wp:featuredmedia":[{"embeddable":true,"href":"https:\/\/folhapopular.info\/index.php\/wp-json\/wp\/v2\/media\/143913"}],"wp:attachment":[{"href":"https:\/\/folhapopular.info\/index.php\/wp-json\/wp\/v2\/media?parent=143912"}],"wp:term":[{"taxonomy":"category","embeddable":true,"href":"https:\/\/folhapopular.info\/index.php\/wp-json\/wp\/v2\/categories?post=143912"},{"taxonomy":"post_tag","embeddable":true,"href":"https:\/\/folhapopular.info\/index.php\/wp-json\/wp\/v2\/tags?post=143912"}],"curies":[{"name":"wp","href":"https:\/\/api.w.org\/{rel}","templated":true}]}}