{"id":144017,"date":"2023-11-25T09:40:54","date_gmt":"2023-11-25T12:40:54","guid":{"rendered":"https:\/\/folhapopular.info\/?p=144017"},"modified":"2023-11-25T09:40:58","modified_gmt":"2023-11-25T12:40:58","slug":"juventus-tem-agenda-cheia-neste-fim-de-semana","status":"publish","type":"post","link":"https:\/\/folhapopular.info\/index.php\/2023\/11\/25\/juventus-tem-agenda-cheia-neste-fim-de-semana\/","title":{"rendered":"Juventus tem agenda cheia neste fim de semana"},"content":{"rendered":"\n<p>A Juventus de Teut\u00f4nia tem agenda cheia nas modalidades futebol e voleibol. As categorias Sub-10 e Sub-11 disputam, neste s\u00e1bado (25\/11), a fase de quartas de final da Liga Serrana. O jogo ser\u00e1 marcado pelo confronto teutoniense. A partida acontece a partir das 13h30, no campo do Alto Taquari, em Linha S\u00e3o Jac\u00f3, Teut\u00f4nia.<\/p>\n\n\n\n<figure class=\"wp-block-image size-large is-resized\"><img loading=\"lazy\" decoding=\"async\" src=\"https:\/\/folhapopular.info\/wp-content\/uploads\/2023\/11\/Sub-10-1024x768.jpeg\" alt=\"\" class=\"wp-image-144019\" width=\"699\" height=\"539\"\/><figcaption class=\"wp-element-caption\"><br>Juventus Teut\u00f4nia (Sub-10) busca uma vaga na semifinal<\/figcaption><\/figure>\n\n\n\n<p>Pelo voleibol, a categoria Mirim disputar\u00e1 a 3\u00aa rodada do Campeonato Estadual neste domingo (26\/11), em Santa Maria.<\/p>\n\n\n\n<figure class=\"wp-block-image size-large is-resized\"><img loading=\"lazy\" decoding=\"async\" src=\"https:\/\/folhapopular.info\/wp-content\/uploads\/2023\/11\/WhatsApp-Image-2023-11-24-at-11.16.10-1024x768.jpeg\" alt=\"\" class=\"wp-image-144020\" width=\"701\" height=\"540\"\/><figcaption class=\"wp-element-caption\"><br>Mirim disputa 3\u00aa rodada do Estadual em Santa Maria<\/figcaption><\/figure>\n\n\n\n<p>No dia 15 de dezembro, a Juventus Voleibol far\u00e1 uma avalia\u00e7\u00e3o de novos atletas na Associa\u00e7\u00e3o Pr\u00f3-Desenvolvimento de Languiru (APDL). A partir das 14h ser\u00e1 a avalia\u00e7\u00e3o de meninos nascidos em 2009 a 2012. \u00c0s 15h para meninas nascidas em 2011 a 2012. \u00c0s 16h para as nascidas de 2009 a 2010; e \u00e0s 17h para as meninas nascidas em 2009 a 2010. Os interessados em participar devem levar sua identidade e usar roupa esportiva. Para mais informa\u00e7\u00f5es, entre em contato com a entidade pelo contato (51) 9 9234-4587.<\/p>\n","protected":false},"excerpt":{"rendered":"<p>A Juventus de Teut\u00f4nia tem agenda cheia nas modalidades futebol e voleibol. As categorias Sub-10 e Sub-11 disputam, neste s\u00e1bado (25\/11), a fase de quartas de final da Liga Serrana. O jogo ser\u00e1 marcado pelo confronto teutoniense. A partida acontece a partir das 13h30, no campo do Alto Taquari, em Linha S\u00e3o Jac\u00f3, Teut\u00f4nia. Pelo [&hellip;]<\/p>\n","protected":false},"author":601,"featured_media":144018,"comment_status":"open","ping_status":"open","sticky":false,"template":"","format":"standard","meta":{"pmpro_default_level":"","_jetpack_memberships_contains_paid_content":false,"footnotes":""},"categories":[5],"tags":[498,399,26,1653],"class_list":{"0":"post-144017","1":"post","2":"type-post","3":"status-publish","4":"format-standard","5":"has-post-thumbnail","7":"category-esportes","8":"tag-futebol","9":"tag-juventus","10":"tag-teutonia","11":"tag-voleibol","12":"pmpro-has-access"},"yoast_head":"<!-- This site is optimized with the Yoast SEO plugin v27.5 - https:\/\/yoast.com\/product\/yoast-seo-wordpress\/ -->\n<title>Juventus tem agenda cheia neste fim de semana - Folha Popular<\/title>\n<meta name=\"robots\" content=\"index, follow, max-snippet:-1, max-image-preview:large, max-video-preview:-1\" \/>\n<link rel=\"canonical\" href=\"https:\/\/folhapopular.info\/index.php\/2023\/11\/25\/juventus-tem-agenda-cheia-neste-fim-de-semana\/\" \/>\n<meta property=\"og:locale\" content=\"pt_BR\" \/>\n<meta property=\"og:type\" content=\"article\" \/>\n<meta property=\"og:title\" content=\"Juventus tem agenda cheia neste fim de semana - Folha Popular\" \/>\n<meta property=\"og:description\" content=\"A Juventus de Teut\u00f4nia tem agenda cheia nas modalidades futebol e voleibol. As categorias Sub-10 e Sub-11 disputam, neste s\u00e1bado (25\/11), a fase de quartas de final da Liga Serrana. O jogo ser\u00e1 marcado pelo confronto teutoniense. A partida acontece a partir das 13h30, no campo do Alto Taquari, em Linha S\u00e3o Jac\u00f3, Teut\u00f4nia. Pelo [&hellip;]\" \/>\n<meta property=\"og:url\" content=\"https:\/\/folhapopular.info\/index.php\/2023\/11\/25\/juventus-tem-agenda-cheia-neste-fim-de-semana\/\" \/>\n<meta property=\"og:site_name\" content=\"Folha Popular\" \/>\n<meta property=\"article:published_time\" content=\"2023-11-25T12:40:54+00:00\" \/>\n<meta property=\"article:modified_time\" content=\"2023-11-25T12:40:58+00:00\" \/>\n<meta property=\"og:image\" content=\"http:\/\/folhapopular.info\/wp-content\/uploads\/2023\/11\/Sub-11.jpeg\" \/>\n\t<meta property=\"og:image:width\" content=\"1600\" \/>\n\t<meta property=\"og:image:height\" content=\"1200\" \/>\n\t<meta property=\"og:image:type\" content=\"image\/jpeg\" \/>\n<meta name=\"author\" content=\"Carla Beckmann\" \/>\n<meta name=\"twitter:card\" content=\"summary_large_image\" \/>\n<meta name=\"twitter:label1\" content=\"Escrito por\" \/>\n\t<meta name=\"twitter:data1\" content=\"Carla Beckmann\" \/>\n\t<meta name=\"twitter:label2\" content=\"Est. tempo de leitura\" \/>\n\t<meta name=\"twitter:data2\" content=\"2 minutos\" \/>\n<script type=\"application\/ld+json\" class=\"yoast-schema-graph\">{\"@context\":\"https:\\\/\\\/schema.org\",\"@graph\":[{\"@type\":\"Article\",\"@id\":\"https:\\\/\\\/folhapopular.info\\\/index.php\\\/2023\\\/11\\\/25\\\/juventus-tem-agenda-cheia-neste-fim-de-semana\\\/#article\",\"isPartOf\":{\"@id\":\"https:\\\/\\\/folhapopular.info\\\/index.php\\\/2023\\\/11\\\/25\\\/juventus-tem-agenda-cheia-neste-fim-de-semana\\\/\"},\"author\":{\"name\":\"Carla Beckmann\",\"@id\":\"https:\\\/\\\/folhapopular.info\\\/#\\\/schema\\\/person\\\/c9138938e4781f3e1ca513f9bea5659c\"},\"headline\":\"Juventus tem agenda cheia neste fim de semana\",\"datePublished\":\"2023-11-25T12:40:54+00:00\",\"dateModified\":\"2023-11-25T12:40:58+00:00\",\"mainEntityOfPage\":{\"@id\":\"https:\\\/\\\/folhapopular.info\\\/index.php\\\/2023\\\/11\\\/25\\\/juventus-tem-agenda-cheia-neste-fim-de-semana\\\/\"},\"wordCount\":181,\"commentCount\":0,\"image\":{\"@id\":\"https:\\\/\\\/folhapopular.info\\\/index.php\\\/2023\\\/11\\\/25\\\/juventus-tem-agenda-cheia-neste-fim-de-semana\\\/#primaryimage\"},\"thumbnailUrl\":\"https:\\\/\\\/folhapopular.info\\\/wp-content\\\/uploads\\\/2023\\\/11\\\/Sub-11.jpeg\",\"keywords\":[\"Futebol\",\"Juventus\",\"Teut\u00f4nia\",\"Voleibol\"],\"articleSection\":[\"Esportes\"],\"inLanguage\":\"pt-BR\",\"potentialAction\":[{\"@type\":\"CommentAction\",\"name\":\"Comment\",\"target\":[\"https:\\\/\\\/folhapopular.info\\\/index.php\\\/2023\\\/11\\\/25\\\/juventus-tem-agenda-cheia-neste-fim-de-semana\\\/#respond\"]}]},{\"@type\":\"WebPage\",\"@id\":\"https:\\\/\\\/folhapopular.info\\\/index.php\\\/2023\\\/11\\\/25\\\/juventus-tem-agenda-cheia-neste-fim-de-semana\\\/\",\"url\":\"https:\\\/\\\/folhapopular.info\\\/index.php\\\/2023\\\/11\\\/25\\\/juventus-tem-agenda-cheia-neste-fim-de-semana\\\/\",\"name\":\"Juventus tem agenda cheia neste fim de semana - Folha Popular\",\"isPartOf\":{\"@id\":\"https:\\\/\\\/folhapopular.info\\\/#website\"},\"primaryImageOfPage\":{\"@id\":\"https:\\\/\\\/folhapopular.info\\\/index.php\\\/2023\\\/11\\\/25\\\/juventus-tem-agenda-cheia-neste-fim-de-semana\\\/#primaryimage\"},\"image\":{\"@id\":\"https:\\\/\\\/folhapopular.info\\\/index.php\\\/2023\\\/11\\\/25\\\/juventus-tem-agenda-cheia-neste-fim-de-semana\\\/#primaryimage\"},\"thumbnailUrl\":\"https:\\\/\\\/folhapopular.info\\\/wp-content\\\/uploads\\\/2023\\\/11\\\/Sub-11.jpeg\",\"datePublished\":\"2023-11-25T12:40:54+00:00\",\"dateModified\":\"2023-11-25T12:40:58+00:00\",\"author\":{\"@id\":\"https:\\\/\\\/folhapopular.info\\\/#\\\/schema\\\/person\\\/c9138938e4781f3e1ca513f9bea5659c\"},\"breadcrumb\":{\"@id\":\"https:\\\/\\\/folhapopular.info\\\/index.php\\\/2023\\\/11\\\/25\\\/juventus-tem-agenda-cheia-neste-fim-de-semana\\\/#breadcrumb\"},\"inLanguage\":\"pt-BR\",\"potentialAction\":[{\"@type\":\"ReadAction\",\"target\":[\"https:\\\/\\\/folhapopular.info\\\/index.php\\\/2023\\\/11\\\/25\\\/juventus-tem-agenda-cheia-neste-fim-de-semana\\\/\"]}]},{\"@type\":\"ImageObject\",\"inLanguage\":\"pt-BR\",\"@id\":\"https:\\\/\\\/folhapopular.info\\\/index.php\\\/2023\\\/11\\\/25\\\/juventus-tem-agenda-cheia-neste-fim-de-semana\\\/#primaryimage\",\"url\":\"https:\\\/\\\/folhapopular.info\\\/wp-content\\\/uploads\\\/2023\\\/11\\\/Sub-11.jpeg\",\"contentUrl\":\"https:\\\/\\\/folhapopular.info\\\/wp-content\\\/uploads\\\/2023\\\/11\\\/Sub-11.jpeg\",\"width\":1600,\"height\":1200,\"caption\":\"Juventus (Sub-11) se classificou em segundo lugar e enfrenta a categoria Sub-10\"},{\"@type\":\"BreadcrumbList\",\"@id\":\"https:\\\/\\\/folhapopular.info\\\/index.php\\\/2023\\\/11\\\/25\\\/juventus-tem-agenda-cheia-neste-fim-de-semana\\\/#breadcrumb\",\"itemListElement\":[{\"@type\":\"ListItem\",\"position\":1,\"name\":\"In\u00edcio\",\"item\":\"https:\\\/\\\/folhapopular.info\\\/\"},{\"@type\":\"ListItem\",\"position\":2,\"name\":\"Juventus tem agenda cheia neste fim de semana\"}]},{\"@type\":\"WebSite\",\"@id\":\"https:\\\/\\\/folhapopular.info\\\/#website\",\"url\":\"https:\\\/\\\/folhapopular.info\\\/\",\"name\":\"Folha Popular\",\"description\":\"Onde voc\u00ea tem vez e voz\",\"potentialAction\":[{\"@type\":\"SearchAction\",\"target\":{\"@type\":\"EntryPoint\",\"urlTemplate\":\"https:\\\/\\\/folhapopular.info\\\/?s={search_term_string}\"},\"query-input\":{\"@type\":\"PropertyValueSpecification\",\"valueRequired\":true,\"valueName\":\"search_term_string\"}}],\"inLanguage\":\"pt-BR\"},{\"@type\":\"Person\",\"@id\":\"https:\\\/\\\/folhapopular.info\\\/#\\\/schema\\\/person\\\/c9138938e4781f3e1ca513f9bea5659c\",\"name\":\"Carla Beckmann\",\"image\":{\"@type\":\"ImageObject\",\"inLanguage\":\"pt-BR\",\"@id\":\"https:\\\/\\\/secure.gravatar.com\\\/avatar\\\/790078f6ade9f70c31db5a673b88c15df0904c2847c456b3599f72843ac11eb9?s=96&d=mm&r=g\",\"url\":\"https:\\\/\\\/secure.gravatar.com\\\/avatar\\\/790078f6ade9f70c31db5a673b88c15df0904c2847c456b3599f72843ac11eb9?s=96&d=mm&r=g\",\"contentUrl\":\"https:\\\/\\\/secure.gravatar.com\\\/avatar\\\/790078f6ade9f70c31db5a673b88c15df0904c2847c456b3599f72843ac11eb9?s=96&d=mm&r=g\",\"caption\":\"Carla Beckmann\"},\"url\":\"https:\\\/\\\/folhapopular.info\\\/index.php\\\/author\\\/carlabeckmann03gmail-com\\\/\"}]}<\/script>\n<!-- \/ Yoast SEO plugin. -->","yoast_head_json":{"title":"Juventus tem agenda cheia neste fim de semana - Folha Popular","robots":{"index":"index","follow":"follow","max-snippet":"max-snippet:-1","max-image-preview":"max-image-preview:large","max-video-preview":"max-video-preview:-1"},"canonical":"https:\/\/folhapopular.info\/index.php\/2023\/11\/25\/juventus-tem-agenda-cheia-neste-fim-de-semana\/","og_locale":"pt_BR","og_type":"article","og_title":"Juventus tem agenda cheia neste fim de semana - Folha Popular","og_description":"A Juventus de Teut\u00f4nia tem agenda cheia nas modalidades futebol e voleibol. As categorias Sub-10 e Sub-11 disputam, neste s\u00e1bado (25\/11), a fase de quartas de final da Liga Serrana. O jogo ser\u00e1 marcado pelo confronto teutoniense. A partida acontece a partir das 13h30, no campo do Alto Taquari, em Linha S\u00e3o Jac\u00f3, Teut\u00f4nia. Pelo [&hellip;]","og_url":"https:\/\/folhapopular.info\/index.php\/2023\/11\/25\/juventus-tem-agenda-cheia-neste-fim-de-semana\/","og_site_name":"Folha Popular","article_published_time":"2023-11-25T12:40:54+00:00","article_modified_time":"2023-11-25T12:40:58+00:00","og_image":[{"width":1600,"height":1200,"url":"http:\/\/folhapopular.info\/wp-content\/uploads\/2023\/11\/Sub-11.jpeg","type":"image\/jpeg"}],"author":"Carla Beckmann","twitter_card":"summary_large_image","twitter_misc":{"Escrito por":"Carla Beckmann","Est. tempo de leitura":"2 minutos"},"schema":{"@context":"https:\/\/schema.org","@graph":[{"@type":"Article","@id":"https:\/\/folhapopular.info\/index.php\/2023\/11\/25\/juventus-tem-agenda-cheia-neste-fim-de-semana\/#article","isPartOf":{"@id":"https:\/\/folhapopular.info\/index.php\/2023\/11\/25\/juventus-tem-agenda-cheia-neste-fim-de-semana\/"},"author":{"name":"Carla Beckmann","@id":"https:\/\/folhapopular.info\/#\/schema\/person\/c9138938e4781f3e1ca513f9bea5659c"},"headline":"Juventus tem agenda cheia neste fim de semana","datePublished":"2023-11-25T12:40:54+00:00","dateModified":"2023-11-25T12:40:58+00:00","mainEntityOfPage":{"@id":"https:\/\/folhapopular.info\/index.php\/2023\/11\/25\/juventus-tem-agenda-cheia-neste-fim-de-semana\/"},"wordCount":181,"commentCount":0,"image":{"@id":"https:\/\/folhapopular.info\/index.php\/2023\/11\/25\/juventus-tem-agenda-cheia-neste-fim-de-semana\/#primaryimage"},"thumbnailUrl":"https:\/\/folhapopular.info\/wp-content\/uploads\/2023\/11\/Sub-11.jpeg","keywords":["Futebol","Juventus","Teut\u00f4nia","Voleibol"],"articleSection":["Esportes"],"inLanguage":"pt-BR","potentialAction":[{"@type":"CommentAction","name":"Comment","target":["https:\/\/folhapopular.info\/index.php\/2023\/11\/25\/juventus-tem-agenda-cheia-neste-fim-de-semana\/#respond"]}]},{"@type":"WebPage","@id":"https:\/\/folhapopular.info\/index.php\/2023\/11\/25\/juventus-tem-agenda-cheia-neste-fim-de-semana\/","url":"https:\/\/folhapopular.info\/index.php\/2023\/11\/25\/juventus-tem-agenda-cheia-neste-fim-de-semana\/","name":"Juventus tem agenda cheia neste fim de semana - Folha Popular","isPartOf":{"@id":"https:\/\/folhapopular.info\/#website"},"primaryImageOfPage":{"@id":"https:\/\/folhapopular.info\/index.php\/2023\/11\/25\/juventus-tem-agenda-cheia-neste-fim-de-semana\/#primaryimage"},"image":{"@id":"https:\/\/folhapopular.info\/index.php\/2023\/11\/25\/juventus-tem-agenda-cheia-neste-fim-de-semana\/#primaryimage"},"thumbnailUrl":"https:\/\/folhapopular.info\/wp-content\/uploads\/2023\/11\/Sub-11.jpeg","datePublished":"2023-11-25T12:40:54+00:00","dateModified":"2023-11-25T12:40:58+00:00","author":{"@id":"https:\/\/folhapopular.info\/#\/schema\/person\/c9138938e4781f3e1ca513f9bea5659c"},"breadcrumb":{"@id":"https:\/\/folhapopular.info\/index.php\/2023\/11\/25\/juventus-tem-agenda-cheia-neste-fim-de-semana\/#breadcrumb"},"inLanguage":"pt-BR","potentialAction":[{"@type":"ReadAction","target":["https:\/\/folhapopular.info\/index.php\/2023\/11\/25\/juventus-tem-agenda-cheia-neste-fim-de-semana\/"]}]},{"@type":"ImageObject","inLanguage":"pt-BR","@id":"https:\/\/folhapopular.info\/index.php\/2023\/11\/25\/juventus-tem-agenda-cheia-neste-fim-de-semana\/#primaryimage","url":"https:\/\/folhapopular.info\/wp-content\/uploads\/2023\/11\/Sub-11.jpeg","contentUrl":"https:\/\/folhapopular.info\/wp-content\/uploads\/2023\/11\/Sub-11.jpeg","width":1600,"height":1200,"caption":"Juventus (Sub-11) se classificou em segundo lugar e enfrenta a categoria Sub-10"},{"@type":"BreadcrumbList","@id":"https:\/\/folhapopular.info\/index.php\/2023\/11\/25\/juventus-tem-agenda-cheia-neste-fim-de-semana\/#breadcrumb","itemListElement":[{"@type":"ListItem","position":1,"name":"In\u00edcio","item":"https:\/\/folhapopular.info\/"},{"@type":"ListItem","position":2,"name":"Juventus tem agenda cheia neste fim de semana"}]},{"@type":"WebSite","@id":"https:\/\/folhapopular.info\/#website","url":"https:\/\/folhapopular.info\/","name":"Folha Popular","description":"Onde voc\u00ea tem vez e voz","potentialAction":[{"@type":"SearchAction","target":{"@type":"EntryPoint","urlTemplate":"https:\/\/folhapopular.info\/?s={search_term_string}"},"query-input":{"@type":"PropertyValueSpecification","valueRequired":true,"valueName":"search_term_string"}}],"inLanguage":"pt-BR"},{"@type":"Person","@id":"https:\/\/folhapopular.info\/#\/schema\/person\/c9138938e4781f3e1ca513f9bea5659c","name":"Carla Beckmann","image":{"@type":"ImageObject","inLanguage":"pt-BR","@id":"https:\/\/secure.gravatar.com\/avatar\/790078f6ade9f70c31db5a673b88c15df0904c2847c456b3599f72843ac11eb9?s=96&d=mm&r=g","url":"https:\/\/secure.gravatar.com\/avatar\/790078f6ade9f70c31db5a673b88c15df0904c2847c456b3599f72843ac11eb9?s=96&d=mm&r=g","contentUrl":"https:\/\/secure.gravatar.com\/avatar\/790078f6ade9f70c31db5a673b88c15df0904c2847c456b3599f72843ac11eb9?s=96&d=mm&r=g","caption":"Carla Beckmann"},"url":"https:\/\/folhapopular.info\/index.php\/author\/carlabeckmann03gmail-com\/"}]}},"jetpack_featured_media_url":"https:\/\/folhapopular.info\/wp-content\/uploads\/2023\/11\/Sub-11.jpeg","jetpack_sharing_enabled":true,"amp_enabled":true,"_links":{"self":[{"href":"https:\/\/folhapopular.info\/index.php\/wp-json\/wp\/v2\/posts\/144017","targetHints":{"allow":["GET"]}}],"collection":[{"href":"https:\/\/folhapopular.info\/index.php\/wp-json\/wp\/v2\/posts"}],"about":[{"href":"https:\/\/folhapopular.info\/index.php\/wp-json\/wp\/v2\/types\/post"}],"author":[{"embeddable":true,"href":"https:\/\/folhapopular.info\/index.php\/wp-json\/wp\/v2\/users\/601"}],"replies":[{"embeddable":true,"href":"https:\/\/folhapopular.info\/index.php\/wp-json\/wp\/v2\/comments?post=144017"}],"version-history":[{"count":0,"href":"https:\/\/folhapopular.info\/index.php\/wp-json\/wp\/v2\/posts\/144017\/revisions"}],"wp:featuredmedia":[{"embeddable":true,"href":"https:\/\/folhapopular.info\/index.php\/wp-json\/wp\/v2\/media\/144018"}],"wp:attachment":[{"href":"https:\/\/folhapopular.info\/index.php\/wp-json\/wp\/v2\/media?parent=144017"}],"wp:term":[{"taxonomy":"category","embeddable":true,"href":"https:\/\/folhapopular.info\/index.php\/wp-json\/wp\/v2\/categories?post=144017"},{"taxonomy":"post_tag","embeddable":true,"href":"https:\/\/folhapopular.info\/index.php\/wp-json\/wp\/v2\/tags?post=144017"}],"curies":[{"name":"wp","href":"https:\/\/api.w.org\/{rel}","templated":true}]}}