{"id":144127,"date":"2023-11-27T14:48:55","date_gmt":"2023-11-27T17:48:55","guid":{"rendered":"https:\/\/folhapopular.info\/?p=144127"},"modified":"2023-11-27T14:48:58","modified_gmt":"2023-11-27T17:48:58","slug":"ccr-viasul-anuncia-mudancas-no-acesso-a-forquetinha","status":"publish","type":"post","link":"https:\/\/folhapopular.info\/index.php\/2023\/11\/27\/ccr-viasul-anuncia-mudancas-no-acesso-a-forquetinha\/","title":{"rendered":"CCR Viasul anuncia mudan\u00e7as no acesso a Forquetinha"},"content":{"rendered":"\n<p>A Concession\u00e1ria CCR ViaSul segue com os trabalhos de duplica\u00e7\u00e3o da BR-386 entre os munic\u00edpios de Lajeado, Forquetinha e Marques de Souza. De modo provis\u00f3rio e pelo per\u00edodo estimado de um m\u00eas a partir desta segunda-feira (27\/11), a entrada do p\u00f3rtico de Forquetinha estar\u00e1 fechada.<\/p>\n\n\n\n<p>Dessa forma, motoristas que seguem no sentido capital \u2013 interior e quiserem acessar o munic\u00edpio dever\u00e3o seguir at\u00e9 o novo retorno no km 330, onde ingressar\u00e3o na pista no sentido interior \u2013 capital, voltando at\u00e9 o acesso pelo p\u00f3rtico ou acessando o munic\u00edpio pelo Bairro Conventos.<\/p>\n\n\n\n<p>Os condutores que saem de foquetinha em dire\u00e7\u00e3o a Lajeado podem continuar o trajeto normalmente.<\/p>\n\n\n\n<p>J\u00e1 os condutores que saem de Forquetinha e queiram seguir no sentido a Marques de Souza dever\u00e3o trafegar pela pista na dire\u00e7\u00e3o de Lajeado e fazer o retorno utilizando o novo viaduto do Bairro Conventos, que fica no km 340.<\/p>\n","protected":false},"excerpt":{"rendered":"<p>A Concession\u00e1ria CCR ViaSul segue com os trabalhos de duplica\u00e7\u00e3o da BR-386 entre os munic\u00edpios de Lajeado, Forquetinha e Marques de Souza. De modo provis\u00f3rio e pelo per\u00edodo estimado de um m\u00eas a partir desta segunda-feira (27\/11), a entrada do p\u00f3rtico de Forquetinha estar\u00e1 fechada. Dessa forma, motoristas que seguem no sentido capital \u2013 interior [&hellip;]<\/p>\n","protected":false},"author":8,"featured_media":144130,"comment_status":"open","ping_status":"open","sticky":false,"template":"","format":"standard","meta":{"pmpro_default_level":"","_jetpack_memberships_contains_paid_content":false,"footnotes":""},"categories":[7,10983],"tags":[91,5556,298,2434,27],"class_list":{"0":"post-144127","1":"post","2":"type-post","3":"status-publish","4":"format-standard","5":"has-post-thumbnail","7":"category-seguranca","8":"category-transito","9":"tag-br-386","10":"tag-ccr-viasul","11":"tag-duplicacao","12":"tag-forquetinha","13":"tag-lajeado","14":"pmpro-has-access"},"yoast_head":"<!-- This site is optimized with the Yoast SEO plugin v27.5 - https:\/\/yoast.com\/product\/yoast-seo-wordpress\/ -->\n<title>CCR Viasul anuncia mudan\u00e7as no acesso a Forquetinha - Folha Popular<\/title>\n<meta name=\"robots\" content=\"index, follow, max-snippet:-1, max-image-preview:large, max-video-preview:-1\" \/>\n<link rel=\"canonical\" href=\"https:\/\/folhapopular.info\/index.php\/2023\/11\/27\/ccr-viasul-anuncia-mudancas-no-acesso-a-forquetinha\/\" \/>\n<meta property=\"og:locale\" content=\"pt_BR\" \/>\n<meta property=\"og:type\" content=\"article\" \/>\n<meta property=\"og:title\" content=\"CCR Viasul anuncia mudan\u00e7as no acesso a Forquetinha - Folha Popular\" \/>\n<meta property=\"og:description\" content=\"A Concession\u00e1ria CCR ViaSul segue com os trabalhos de duplica\u00e7\u00e3o da BR-386 entre os munic\u00edpios de Lajeado, Forquetinha e Marques de Souza. De modo provis\u00f3rio e pelo per\u00edodo estimado de um m\u00eas a partir desta segunda-feira (27\/11), a entrada do p\u00f3rtico de Forquetinha estar\u00e1 fechada. Dessa forma, motoristas que seguem no sentido capital \u2013 interior [&hellip;]\" \/>\n<meta property=\"og:url\" content=\"https:\/\/folhapopular.info\/index.php\/2023\/11\/27\/ccr-viasul-anuncia-mudancas-no-acesso-a-forquetinha\/\" \/>\n<meta property=\"og:site_name\" content=\"Folha Popular\" \/>\n<meta property=\"article:published_time\" content=\"2023-11-27T17:48:55+00:00\" \/>\n<meta property=\"article:modified_time\" content=\"2023-11-27T17:48:58+00:00\" \/>\n<meta property=\"og:image\" content=\"http:\/\/folhapopular.info\/wp-content\/uploads\/2023\/11\/Mudancas-CCR-Trevo-1024x594.png\" \/>\n\t<meta property=\"og:image:width\" content=\"1024\" \/>\n\t<meta property=\"og:image:height\" content=\"594\" \/>\n\t<meta property=\"og:image:type\" content=\"image\/png\" \/>\n<meta name=\"author\" content=\"Reda\u00e7\u00e3o Folha Popular\" \/>\n<meta name=\"twitter:card\" content=\"summary_large_image\" \/>\n<meta name=\"twitter:label1\" content=\"Escrito por\" \/>\n\t<meta name=\"twitter:data1\" content=\"Reda\u00e7\u00e3o Folha Popular\" \/>\n\t<meta name=\"twitter:label2\" content=\"Est. tempo de leitura\" \/>\n\t<meta name=\"twitter:data2\" content=\"1 minuto\" \/>\n<script type=\"application\/ld+json\" class=\"yoast-schema-graph\">{\"@context\":\"https:\\\/\\\/schema.org\",\"@graph\":[{\"@type\":\"Article\",\"@id\":\"https:\\\/\\\/folhapopular.info\\\/index.php\\\/2023\\\/11\\\/27\\\/ccr-viasul-anuncia-mudancas-no-acesso-a-forquetinha\\\/#article\",\"isPartOf\":{\"@id\":\"https:\\\/\\\/folhapopular.info\\\/index.php\\\/2023\\\/11\\\/27\\\/ccr-viasul-anuncia-mudancas-no-acesso-a-forquetinha\\\/\"},\"author\":{\"name\":\"Reda\u00e7\u00e3o Folha Popular\",\"@id\":\"https:\\\/\\\/folhapopular.info\\\/#\\\/schema\\\/person\\\/2814e8a0df7643585a9ca38bc6eb9d4b\"},\"headline\":\"CCR Viasul anuncia mudan\u00e7as no acesso a Forquetinha\",\"datePublished\":\"2023-11-27T17:48:55+00:00\",\"dateModified\":\"2023-11-27T17:48:58+00:00\",\"mainEntityOfPage\":{\"@id\":\"https:\\\/\\\/folhapopular.info\\\/index.php\\\/2023\\\/11\\\/27\\\/ccr-viasul-anuncia-mudancas-no-acesso-a-forquetinha\\\/\"},\"wordCount\":165,\"commentCount\":0,\"image\":{\"@id\":\"https:\\\/\\\/folhapopular.info\\\/index.php\\\/2023\\\/11\\\/27\\\/ccr-viasul-anuncia-mudancas-no-acesso-a-forquetinha\\\/#primaryimage\"},\"thumbnailUrl\":\"https:\\\/\\\/folhapopular.info\\\/wp-content\\\/uploads\\\/2023\\\/11\\\/Mudancas-CCR-Trevo.png\",\"keywords\":[\"BR-386\",\"CCR Viasul\",\"Duplica\u00e7\u00e3o\",\"Forquetinha\",\"Lajeado\"],\"articleSection\":[\"Seguran\u00e7a\",\"Tr\u00e2nsito\"],\"inLanguage\":\"pt-BR\",\"potentialAction\":[{\"@type\":\"CommentAction\",\"name\":\"Comment\",\"target\":[\"https:\\\/\\\/folhapopular.info\\\/index.php\\\/2023\\\/11\\\/27\\\/ccr-viasul-anuncia-mudancas-no-acesso-a-forquetinha\\\/#respond\"]}]},{\"@type\":\"WebPage\",\"@id\":\"https:\\\/\\\/folhapopular.info\\\/index.php\\\/2023\\\/11\\\/27\\\/ccr-viasul-anuncia-mudancas-no-acesso-a-forquetinha\\\/\",\"url\":\"https:\\\/\\\/folhapopular.info\\\/index.php\\\/2023\\\/11\\\/27\\\/ccr-viasul-anuncia-mudancas-no-acesso-a-forquetinha\\\/\",\"name\":\"CCR Viasul anuncia mudan\u00e7as no acesso a Forquetinha - Folha Popular\",\"isPartOf\":{\"@id\":\"https:\\\/\\\/folhapopular.info\\\/#website\"},\"primaryImageOfPage\":{\"@id\":\"https:\\\/\\\/folhapopular.info\\\/index.php\\\/2023\\\/11\\\/27\\\/ccr-viasul-anuncia-mudancas-no-acesso-a-forquetinha\\\/#primaryimage\"},\"image\":{\"@id\":\"https:\\\/\\\/folhapopular.info\\\/index.php\\\/2023\\\/11\\\/27\\\/ccr-viasul-anuncia-mudancas-no-acesso-a-forquetinha\\\/#primaryimage\"},\"thumbnailUrl\":\"https:\\\/\\\/folhapopular.info\\\/wp-content\\\/uploads\\\/2023\\\/11\\\/Mudancas-CCR-Trevo.png\",\"datePublished\":\"2023-11-27T17:48:55+00:00\",\"dateModified\":\"2023-11-27T17:48:58+00:00\",\"author\":{\"@id\":\"https:\\\/\\\/folhapopular.info\\\/#\\\/schema\\\/person\\\/2814e8a0df7643585a9ca38bc6eb9d4b\"},\"breadcrumb\":{\"@id\":\"https:\\\/\\\/folhapopular.info\\\/index.php\\\/2023\\\/11\\\/27\\\/ccr-viasul-anuncia-mudancas-no-acesso-a-forquetinha\\\/#breadcrumb\"},\"inLanguage\":\"pt-BR\",\"potentialAction\":[{\"@type\":\"ReadAction\",\"target\":[\"https:\\\/\\\/folhapopular.info\\\/index.php\\\/2023\\\/11\\\/27\\\/ccr-viasul-anuncia-mudancas-no-acesso-a-forquetinha\\\/\"]}]},{\"@type\":\"ImageObject\",\"inLanguage\":\"pt-BR\",\"@id\":\"https:\\\/\\\/folhapopular.info\\\/index.php\\\/2023\\\/11\\\/27\\\/ccr-viasul-anuncia-mudancas-no-acesso-a-forquetinha\\\/#primaryimage\",\"url\":\"https:\\\/\\\/folhapopular.info\\\/wp-content\\\/uploads\\\/2023\\\/11\\\/Mudancas-CCR-Trevo.png\",\"contentUrl\":\"https:\\\/\\\/folhapopular.info\\\/wp-content\\\/uploads\\\/2023\\\/11\\\/Mudancas-CCR-Trevo.png\",\"width\":2981,\"height\":1728,\"caption\":\"Cr\u00e9dito: Prefeitura de Forquetinha \\\/ Divulga\u00e7\u00e3o\"},{\"@type\":\"BreadcrumbList\",\"@id\":\"https:\\\/\\\/folhapopular.info\\\/index.php\\\/2023\\\/11\\\/27\\\/ccr-viasul-anuncia-mudancas-no-acesso-a-forquetinha\\\/#breadcrumb\",\"itemListElement\":[{\"@type\":\"ListItem\",\"position\":1,\"name\":\"In\u00edcio\",\"item\":\"https:\\\/\\\/folhapopular.info\\\/\"},{\"@type\":\"ListItem\",\"position\":2,\"name\":\"CCR Viasul anuncia mudan\u00e7as no acesso a Forquetinha\"}]},{\"@type\":\"WebSite\",\"@id\":\"https:\\\/\\\/folhapopular.info\\\/#website\",\"url\":\"https:\\\/\\\/folhapopular.info\\\/\",\"name\":\"Folha Popular\",\"description\":\"Onde voc\u00ea tem vez e voz\",\"potentialAction\":[{\"@type\":\"SearchAction\",\"target\":{\"@type\":\"EntryPoint\",\"urlTemplate\":\"https:\\\/\\\/folhapopular.info\\\/?s={search_term_string}\"},\"query-input\":{\"@type\":\"PropertyValueSpecification\",\"valueRequired\":true,\"valueName\":\"search_term_string\"}}],\"inLanguage\":\"pt-BR\"},{\"@type\":\"Person\",\"@id\":\"https:\\\/\\\/folhapopular.info\\\/#\\\/schema\\\/person\\\/2814e8a0df7643585a9ca38bc6eb9d4b\",\"name\":\"Reda\u00e7\u00e3o Folha Popular\",\"image\":{\"@type\":\"ImageObject\",\"inLanguage\":\"pt-BR\",\"@id\":\"https:\\\/\\\/folhapopular.info\\\/wp-content\\\/uploads\\\/2026\\\/04\\\/Folha-1.webp\",\"url\":\"https:\\\/\\\/folhapopular.info\\\/wp-content\\\/uploads\\\/2026\\\/04\\\/Folha-1.webp\",\"contentUrl\":\"https:\\\/\\\/folhapopular.info\\\/wp-content\\\/uploads\\\/2026\\\/04\\\/Folha-1.webp\",\"caption\":\"Reda\u00e7\u00e3o Folha Popular\"},\"url\":\"https:\\\/\\\/folhapopular.info\\\/index.php\\\/author\\\/redacao\\\/\"}]}<\/script>\n<!-- \/ Yoast SEO plugin. -->","yoast_head_json":{"title":"CCR Viasul anuncia mudan\u00e7as no acesso a Forquetinha - Folha Popular","robots":{"index":"index","follow":"follow","max-snippet":"max-snippet:-1","max-image-preview":"max-image-preview:large","max-video-preview":"max-video-preview:-1"},"canonical":"https:\/\/folhapopular.info\/index.php\/2023\/11\/27\/ccr-viasul-anuncia-mudancas-no-acesso-a-forquetinha\/","og_locale":"pt_BR","og_type":"article","og_title":"CCR Viasul anuncia mudan\u00e7as no acesso a Forquetinha - Folha Popular","og_description":"A Concession\u00e1ria CCR ViaSul segue com os trabalhos de duplica\u00e7\u00e3o da BR-386 entre os munic\u00edpios de Lajeado, Forquetinha e Marques de Souza. De modo provis\u00f3rio e pelo per\u00edodo estimado de um m\u00eas a partir desta segunda-feira (27\/11), a entrada do p\u00f3rtico de Forquetinha estar\u00e1 fechada. Dessa forma, motoristas que seguem no sentido capital \u2013 interior [&hellip;]","og_url":"https:\/\/folhapopular.info\/index.php\/2023\/11\/27\/ccr-viasul-anuncia-mudancas-no-acesso-a-forquetinha\/","og_site_name":"Folha Popular","article_published_time":"2023-11-27T17:48:55+00:00","article_modified_time":"2023-11-27T17:48:58+00:00","og_image":[{"width":1024,"height":594,"url":"http:\/\/folhapopular.info\/wp-content\/uploads\/2023\/11\/Mudancas-CCR-Trevo-1024x594.png","type":"image\/png"}],"author":"Reda\u00e7\u00e3o Folha Popular","twitter_card":"summary_large_image","twitter_misc":{"Escrito por":"Reda\u00e7\u00e3o Folha Popular","Est. tempo de leitura":"1 minuto"},"schema":{"@context":"https:\/\/schema.org","@graph":[{"@type":"Article","@id":"https:\/\/folhapopular.info\/index.php\/2023\/11\/27\/ccr-viasul-anuncia-mudancas-no-acesso-a-forquetinha\/#article","isPartOf":{"@id":"https:\/\/folhapopular.info\/index.php\/2023\/11\/27\/ccr-viasul-anuncia-mudancas-no-acesso-a-forquetinha\/"},"author":{"name":"Reda\u00e7\u00e3o Folha Popular","@id":"https:\/\/folhapopular.info\/#\/schema\/person\/2814e8a0df7643585a9ca38bc6eb9d4b"},"headline":"CCR Viasul anuncia mudan\u00e7as no acesso a Forquetinha","datePublished":"2023-11-27T17:48:55+00:00","dateModified":"2023-11-27T17:48:58+00:00","mainEntityOfPage":{"@id":"https:\/\/folhapopular.info\/index.php\/2023\/11\/27\/ccr-viasul-anuncia-mudancas-no-acesso-a-forquetinha\/"},"wordCount":165,"commentCount":0,"image":{"@id":"https:\/\/folhapopular.info\/index.php\/2023\/11\/27\/ccr-viasul-anuncia-mudancas-no-acesso-a-forquetinha\/#primaryimage"},"thumbnailUrl":"https:\/\/folhapopular.info\/wp-content\/uploads\/2023\/11\/Mudancas-CCR-Trevo.png","keywords":["BR-386","CCR Viasul","Duplica\u00e7\u00e3o","Forquetinha","Lajeado"],"articleSection":["Seguran\u00e7a","Tr\u00e2nsito"],"inLanguage":"pt-BR","potentialAction":[{"@type":"CommentAction","name":"Comment","target":["https:\/\/folhapopular.info\/index.php\/2023\/11\/27\/ccr-viasul-anuncia-mudancas-no-acesso-a-forquetinha\/#respond"]}]},{"@type":"WebPage","@id":"https:\/\/folhapopular.info\/index.php\/2023\/11\/27\/ccr-viasul-anuncia-mudancas-no-acesso-a-forquetinha\/","url":"https:\/\/folhapopular.info\/index.php\/2023\/11\/27\/ccr-viasul-anuncia-mudancas-no-acesso-a-forquetinha\/","name":"CCR Viasul anuncia mudan\u00e7as no acesso a Forquetinha - Folha Popular","isPartOf":{"@id":"https:\/\/folhapopular.info\/#website"},"primaryImageOfPage":{"@id":"https:\/\/folhapopular.info\/index.php\/2023\/11\/27\/ccr-viasul-anuncia-mudancas-no-acesso-a-forquetinha\/#primaryimage"},"image":{"@id":"https:\/\/folhapopular.info\/index.php\/2023\/11\/27\/ccr-viasul-anuncia-mudancas-no-acesso-a-forquetinha\/#primaryimage"},"thumbnailUrl":"https:\/\/folhapopular.info\/wp-content\/uploads\/2023\/11\/Mudancas-CCR-Trevo.png","datePublished":"2023-11-27T17:48:55+00:00","dateModified":"2023-11-27T17:48:58+00:00","author":{"@id":"https:\/\/folhapopular.info\/#\/schema\/person\/2814e8a0df7643585a9ca38bc6eb9d4b"},"breadcrumb":{"@id":"https:\/\/folhapopular.info\/index.php\/2023\/11\/27\/ccr-viasul-anuncia-mudancas-no-acesso-a-forquetinha\/#breadcrumb"},"inLanguage":"pt-BR","potentialAction":[{"@type":"ReadAction","target":["https:\/\/folhapopular.info\/index.php\/2023\/11\/27\/ccr-viasul-anuncia-mudancas-no-acesso-a-forquetinha\/"]}]},{"@type":"ImageObject","inLanguage":"pt-BR","@id":"https:\/\/folhapopular.info\/index.php\/2023\/11\/27\/ccr-viasul-anuncia-mudancas-no-acesso-a-forquetinha\/#primaryimage","url":"https:\/\/folhapopular.info\/wp-content\/uploads\/2023\/11\/Mudancas-CCR-Trevo.png","contentUrl":"https:\/\/folhapopular.info\/wp-content\/uploads\/2023\/11\/Mudancas-CCR-Trevo.png","width":2981,"height":1728,"caption":"Cr\u00e9dito: Prefeitura de Forquetinha \/ Divulga\u00e7\u00e3o"},{"@type":"BreadcrumbList","@id":"https:\/\/folhapopular.info\/index.php\/2023\/11\/27\/ccr-viasul-anuncia-mudancas-no-acesso-a-forquetinha\/#breadcrumb","itemListElement":[{"@type":"ListItem","position":1,"name":"In\u00edcio","item":"https:\/\/folhapopular.info\/"},{"@type":"ListItem","position":2,"name":"CCR Viasul anuncia mudan\u00e7as no acesso a Forquetinha"}]},{"@type":"WebSite","@id":"https:\/\/folhapopular.info\/#website","url":"https:\/\/folhapopular.info\/","name":"Folha Popular","description":"Onde voc\u00ea tem vez e voz","potentialAction":[{"@type":"SearchAction","target":{"@type":"EntryPoint","urlTemplate":"https:\/\/folhapopular.info\/?s={search_term_string}"},"query-input":{"@type":"PropertyValueSpecification","valueRequired":true,"valueName":"search_term_string"}}],"inLanguage":"pt-BR"},{"@type":"Person","@id":"https:\/\/folhapopular.info\/#\/schema\/person\/2814e8a0df7643585a9ca38bc6eb9d4b","name":"Reda\u00e7\u00e3o Folha Popular","image":{"@type":"ImageObject","inLanguage":"pt-BR","@id":"https:\/\/folhapopular.info\/wp-content\/uploads\/2026\/04\/Folha-1.webp","url":"https:\/\/folhapopular.info\/wp-content\/uploads\/2026\/04\/Folha-1.webp","contentUrl":"https:\/\/folhapopular.info\/wp-content\/uploads\/2026\/04\/Folha-1.webp","caption":"Reda\u00e7\u00e3o Folha Popular"},"url":"https:\/\/folhapopular.info\/index.php\/author\/redacao\/"}]}},"jetpack_featured_media_url":"https:\/\/folhapopular.info\/wp-content\/uploads\/2023\/11\/Mudancas-CCR-Trevo.png","jetpack_sharing_enabled":true,"amp_enabled":true,"_links":{"self":[{"href":"https:\/\/folhapopular.info\/index.php\/wp-json\/wp\/v2\/posts\/144127","targetHints":{"allow":["GET"]}}],"collection":[{"href":"https:\/\/folhapopular.info\/index.php\/wp-json\/wp\/v2\/posts"}],"about":[{"href":"https:\/\/folhapopular.info\/index.php\/wp-json\/wp\/v2\/types\/post"}],"author":[{"embeddable":true,"href":"https:\/\/folhapopular.info\/index.php\/wp-json\/wp\/v2\/users\/8"}],"replies":[{"embeddable":true,"href":"https:\/\/folhapopular.info\/index.php\/wp-json\/wp\/v2\/comments?post=144127"}],"version-history":[{"count":0,"href":"https:\/\/folhapopular.info\/index.php\/wp-json\/wp\/v2\/posts\/144127\/revisions"}],"wp:featuredmedia":[{"embeddable":true,"href":"https:\/\/folhapopular.info\/index.php\/wp-json\/wp\/v2\/media\/144130"}],"wp:attachment":[{"href":"https:\/\/folhapopular.info\/index.php\/wp-json\/wp\/v2\/media?parent=144127"}],"wp:term":[{"taxonomy":"category","embeddable":true,"href":"https:\/\/folhapopular.info\/index.php\/wp-json\/wp\/v2\/categories?post=144127"},{"taxonomy":"post_tag","embeddable":true,"href":"https:\/\/folhapopular.info\/index.php\/wp-json\/wp\/v2\/tags?post=144127"}],"curies":[{"name":"wp","href":"https:\/\/api.w.org\/{rel}","templated":true}]}}