{"id":144276,"date":"2023-11-30T07:39:47","date_gmt":"2023-11-30T10:39:47","guid":{"rendered":"https:\/\/folhapopular.info\/?p=144276"},"modified":"2023-11-30T07:39:50","modified_gmt":"2023-11-30T10:39:50","slug":"prefeitura-de-lajeado-divulga-a-programacao-do-natal-no-coracao-2023","status":"publish","type":"post","link":"https:\/\/folhapopular.info\/index.php\/2023\/11\/30\/prefeitura-de-lajeado-divulga-a-programacao-do-natal-no-coracao-2023\/","title":{"rendered":"Prefeitura de Lajeado divulga a programa\u00e7\u00e3o do Natal no Cora\u00e7\u00e3o 2023"},"content":{"rendered":"\n<p>Arcos decorados pela J\u00falio de Castilhos e in\u00edcio da montagem da decora\u00e7\u00e3o da Aldeia do Noel na Pra\u00e7a Marechal Deodoro (Pra\u00e7a da Matriz) anunciam a programa\u00e7\u00e3o do Natal no Cora\u00e7\u00e3o 2023 em Lajeado. A tradicional programa\u00e7\u00e3o natalina, que este ano tem como tema \u201c\u00c9 sempre tempo de recome\u00e7ar\u201d, tem o objetivo de demonstrar que a conex\u00e3o humana \u00e9 que nos faz seguir em frente ap\u00f3s as adversidades, como os eventos clim\u00e1ticos deste ano.&nbsp;<\/p>\n\n\n\n<p>A abertura do Natal no Cora\u00e7\u00e3o ocorre no dia 6 de dezembro, uma quarta-feira, na Pra\u00e7a da Matriz, dando in\u00edcio \u00e0 visita\u00e7\u00e3o na Casa do Noel. Desde 2018, a programa\u00e7\u00e3o vinha sendo realizada no Parque Professor Theobaldo Dick mas, na tentativa de evitar danos por poss\u00edveis novas cheias, a Aldeia teve seu local alterado para a Pra\u00e7a da Matriz<\/p>\n\n\n\n<h2 class=\"wp-block-heading\">Atra\u00e7\u00f5es<\/h2>\n\n\n\n<p><strong>&#8211; Pra\u00e7a da Matriz<\/strong>: a pra\u00e7a receber\u00e1 a Aldeia do Noel com a Casa do Noel. O local est\u00e1 sendo enfeitado com cen\u00e1rios natalinos, incluindo um pres\u00e9pio, e o Papai Noel receber\u00e1 as fam\u00edlias na sua casinha diariamente at\u00e9 o dia 22 de dezembro. Nos arredores, a Prefeitura e a Casa de Cultura receber\u00e3o decora\u00e7\u00e3o especial. Uma feira de produtos natalinos artesanais tamb\u00e9m estar\u00e1 instalada na pra\u00e7a;<\/p>\n\n\n\n<p><strong>&#8211; Aldeia do Noel: <\/strong>de 6 a 22 de dezembro, de segunda a quinta-feira das 19h \u00e0s 22h e sexta, s\u00e1bado e domingo das 18h \u00e0s 22h;<\/p>\n\n\n\n<p><strong>&#8211; Palco para programa\u00e7\u00e3o cultural:<\/strong> a programa\u00e7\u00e3o cultural com artistas locais ocupar\u00e1 um palco instalado junto \u00e0 Pra\u00e7a da Matriz em uma das vias da Rua J\u00falio de Castilhos;<\/p>\n\n\n\n<p><strong>&#8211; \u201cAdote um Pinheiro do Natal no Cora\u00e7\u00e3o\u201d:<\/strong> os pinheiros natalinos decorados por entidades sem fins lucrativos e por empresas ser\u00e3o expostos no entorno da Pra\u00e7a da Matriz. A decora\u00e7\u00e3o ocorre de forma coletiva neste s\u00e1bado, 2\/12, \u00e0s 8h;<\/p>\n\n\n\n<p><strong>&#8211; Feira Natalina<\/strong>: Inscri\u00e7\u00f5es abertas para a Feira Natalina, que tem como objetivo oportunizar aos artes\u00e3os e empreendedores a exposi\u00e7\u00e3o de seus produtos de forma gratuita. A Feira Natalina ter\u00e1 12 espa\u00e7os especiais e ocorrer\u00e1 de 6 a 22 de dezembro, das 18h \u00e0s 22h, na Pra\u00e7a da Matriz, durante a programa\u00e7\u00e3o do Natal no Cora\u00e7\u00e3o 2023. Interessados devem preencher a ficha de inscri\u00e7\u00e3o\u00a0<a href=\"https:\/\/www.lajeado.rs.gov.br\/conteudo\/4756\/963?titulo=Natal+no+Cora%C3%A7%C3%A3o+2023\" target=\"_blank\" rel=\"noreferrer noopener\">clicando aqui<\/a>, e enviar para o e-mail\u00a0<a href=\"mailto:secel.eventos@lajeado.rs.gov.br\" target=\"_blank\" rel=\"noreferrer noopener\">secel.eventos@lajeado.rs.gov.br<\/a>;<\/p>\n\n\n\n<p><strong>&#8211; Parque Professor Theobaldo Dick:<\/strong> ser\u00e3o mantidos no parque os elementos natalinos iluminados nos postes da Rua Santos Filho e uma grande \u00e1rvore iluminada, que ficar\u00e1 instalada na esquina da Santos Filho com a Jo\u00e3o Abott;<\/p>\n\n\n\n<p><strong>&#8211; Rua J\u00falio de Castilhos: <\/strong>os arcos ser\u00e3o enfeitados como nos anos anteriores, com decora\u00e7\u00e3o que poder\u00e1 ser visualizada durante o dia e tamb\u00e9m ser\u00e1 iluminada \u00e0 noite;<\/p>\n\n\n\n<p><strong>&#8211; Avenida Senador Alberto Pasqualini:<\/strong> \u00e1rvores iluminadas enfeitar\u00e3o os canteiros centrais da avenida.<\/p>\n\n\n\n<h2 class=\"wp-block-heading\">Programa\u00e7\u00e3o Natal no Cora\u00e7\u00e3o 2023<\/h2>\n\n\n\n<p><strong>3\/12 &#8211; domingo<\/strong><br>7h30 &#8211; R\u00fastica de Natal &#8211; Em frente \u00e0 Prefeitura<\/p>\n\n\n\n<p><strong>6\/12 &#8211; quarta-feira<\/strong><br>19h &#8211; Abertura da Aldeia do Noel &#8211; Pra\u00e7a da Matriz<br>19h \u00e0s 21h &#8211; Trupe do Noel<br>20h &#8211; Orquestra Sinodal de Conventos<br>21h &#8211; Kombina com Noel (CDL)<\/p>\n\n\n\n<p><strong>7\/12 &#8211; quinta-feira<\/strong><br>20h &#8211; Ga\u00facha: tra\u00e7os e tramas da mulher sul-rio-grandense. Desfile de trajes que representam a evolu\u00e7\u00e3o da mulher ga\u00facha ao longo dos s\u00e9culos<\/p>\n\n\n\n<p><strong>8\/12 &#8211; sexta-feira<\/strong><br>20h &#8211; 4\u00aa Noite da Paz\u00a0<\/p>\n\n\n\n<p><strong>9\/12 &#8211; s\u00e1bado<\/strong><br>19h &#8211; Quinteto Canjerana<br>19h \u00e0s 21h &#8211; Trupe do Noel e Personagens Natalinos<br>20h &#8211; Orquestra Jovem de Lajeado<br>21h &#8211; Oclaje<\/p>\n\n\n\n<p><strong>10\/12 &#8211; domingo<\/strong><br>19h &#8211; Ana Ballardin Acoustic<br>19h \u00e0s 21h &#8211; Trupe do Noel e Personagens Natalinos<br>20h &#8211; Los Miguelitos<br>21h &#8211; Bico Fino Brother\u2019s Band<\/p>\n\n\n\n<p><strong>12\/12 &#8211; ter\u00e7a-feira<\/strong><br>19h &#8211; Orquestra Sesi Lajeado<\/p>\n\n\n\n<p><strong>16\/12 &#8211; s\u00e1bado<\/strong><br>19h \u00e0s 21h &#8211; Trupe do Noel e Personagens Natalinos<br>20h &#8211; Pocket Show Zoca Jungs Trio<\/p>\n\n\n\n<p><strong>17\/12 &#8211; domingo<\/strong><br>19h \u00e0s 21h &#8211; Trupe do Noel e Personagens Natalinos<br>20h &#8211; Conta\u00e7\u00e3o de Hist\u00f3ria &#8220;A hist\u00f3ria que n\u00e3o nos contaram&#8221;\u00a0<\/p>\n\n\n\n<p><strong>20\/12 &#8211; quarta-feira<\/strong><br>20h &#8211; Pocket Show J\u00ea e Carol<\/p>\n\n\n\n<p><strong>21\/12 &#8211; quinta-feira<\/strong><br>19h \u00e0s 21h &#8211; Trupe do Noel e Personagens Natalinos<br>20h &#8211; Pocket Show Vicente Breyer Trio<\/p>\n\n\n\n<p><strong>22\/12 &#8211; sexta-feira<\/strong><br>19h \u00e0s 21h &#8211; Trupe do Noel e Personagens Natalinos<br>20h &#8211; Pocket Show Trio Salvi<br>22h &#8211; Encerramento da Aldeia do Noel<\/p>\n\n\n\n<p><strong>23\/12 &#8211; s\u00e1bado<\/strong><br>21h &#8211; Os Atuais, Rainha Musical, Champion (Django Produ\u00e7\u00f5es) &#8211; Mediante a compra de ingressos &#8211; Parque do Imigrante<\/p>\n\n\n\n<h2 class=\"wp-block-heading\">Outras atra\u00e7\u00f5es<\/h2>\n\n\n\n<p>Oficinas do Noel (agendamento pr\u00e9vio), de 4 a 19 de dezembro, \u00e0s 9h e \u00e0s 14h na Aldeia do Noel;\u00a0<\/p>\n\n\n\n<p>Passeios de Cedelinho: sa\u00edda e chegada em frente \u00e0 Biblioteca P\u00fablica de 1\u00ba a 29\/12, a partir das 19h.\u00a0N\u00e3o haver\u00e1 passeios nos dias 24 e 25 de dezembro. Valor do passeio: R$ 10 e crian\u00e7as at\u00e9 4 anos n\u00e3o pagam.<\/p>\n","protected":false},"excerpt":{"rendered":"<p>Arcos decorados pela J\u00falio de Castilhos e in\u00edcio da montagem da decora\u00e7\u00e3o da Aldeia do Noel na Pra\u00e7a Marechal Deodoro (Pra\u00e7a da Matriz) anunciam a programa\u00e7\u00e3o do Natal no Cora\u00e7\u00e3o 2023 em Lajeado. A tradicional programa\u00e7\u00e3o natalina, que este ano tem como tema \u201c\u00c9 sempre tempo de recome\u00e7ar\u201d, tem o objetivo de demonstrar que a [&hellip;]<\/p>\n","protected":false},"author":8,"featured_media":144278,"comment_status":"open","ping_status":"open","sticky":false,"template":"","format":"standard","meta":{"pmpro_default_level":"","_jetpack_memberships_contains_paid_content":false,"footnotes":""},"categories":[2,10999,6],"tags":[27,13682],"class_list":{"0":"post-144276","1":"post","2":"type-post","3":"status-publish","4":"format-standard","5":"has-post-thumbnail","7":"category-featured","8":"category-entretenimento","9":"category-inclusive","10":"tag-lajeado","11":"tag-natal-no-coracao-2023","12":"pmpro-has-access"},"yoast_head":"<!-- This site is optimized with the Yoast SEO plugin v27.5 - https:\/\/yoast.com\/product\/yoast-seo-wordpress\/ -->\n<title>Prefeitura de Lajeado divulga a programa\u00e7\u00e3o do Natal no Cora\u00e7\u00e3o 2023 - Folha Popular<\/title>\n<meta name=\"robots\" content=\"index, follow, max-snippet:-1, max-image-preview:large, max-video-preview:-1\" \/>\n<link rel=\"canonical\" href=\"https:\/\/folhapopular.info\/index.php\/2023\/11\/30\/prefeitura-de-lajeado-divulga-a-programacao-do-natal-no-coracao-2023\/\" \/>\n<meta property=\"og:locale\" content=\"pt_BR\" \/>\n<meta property=\"og:type\" content=\"article\" \/>\n<meta property=\"og:title\" content=\"Prefeitura de Lajeado divulga a programa\u00e7\u00e3o do Natal no Cora\u00e7\u00e3o 2023 - Folha Popular\" \/>\n<meta property=\"og:description\" content=\"Arcos decorados pela J\u00falio de Castilhos e in\u00edcio da montagem da decora\u00e7\u00e3o da Aldeia do Noel na Pra\u00e7a Marechal Deodoro (Pra\u00e7a da Matriz) anunciam a programa\u00e7\u00e3o do Natal no Cora\u00e7\u00e3o 2023 em Lajeado. A tradicional programa\u00e7\u00e3o natalina, que este ano tem como tema \u201c\u00c9 sempre tempo de recome\u00e7ar\u201d, tem o objetivo de demonstrar que a [&hellip;]\" \/>\n<meta property=\"og:url\" content=\"https:\/\/folhapopular.info\/index.php\/2023\/11\/30\/prefeitura-de-lajeado-divulga-a-programacao-do-natal-no-coracao-2023\/\" \/>\n<meta property=\"og:site_name\" content=\"Folha Popular\" \/>\n<meta property=\"article:published_time\" content=\"2023-11-30T10:39:47+00:00\" \/>\n<meta property=\"article:modified_time\" content=\"2023-11-30T10:39:50+00:00\" \/>\n<meta property=\"og:image\" content=\"http:\/\/folhapopular.info\/wp-content\/uploads\/2023\/11\/415603_1039604_dsc_8100_.jpg\" \/>\n\t<meta property=\"og:image:width\" content=\"1000\" \/>\n\t<meta property=\"og:image:height\" content=\"667\" \/>\n\t<meta property=\"og:image:type\" content=\"image\/jpeg\" \/>\n<meta name=\"author\" content=\"Reda\u00e7\u00e3o Folha Popular\" \/>\n<meta name=\"twitter:card\" content=\"summary_large_image\" \/>\n<meta name=\"twitter:label1\" content=\"Escrito por\" \/>\n\t<meta name=\"twitter:data1\" content=\"Reda\u00e7\u00e3o Folha Popular\" \/>\n\t<meta name=\"twitter:label2\" content=\"Est. tempo de leitura\" \/>\n\t<meta name=\"twitter:data2\" content=\"5 minutos\" \/>\n<script type=\"application\/ld+json\" class=\"yoast-schema-graph\">{\"@context\":\"https:\\\/\\\/schema.org\",\"@graph\":[{\"@type\":\"Article\",\"@id\":\"https:\\\/\\\/folhapopular.info\\\/index.php\\\/2023\\\/11\\\/30\\\/prefeitura-de-lajeado-divulga-a-programacao-do-natal-no-coracao-2023\\\/#article\",\"isPartOf\":{\"@id\":\"https:\\\/\\\/folhapopular.info\\\/index.php\\\/2023\\\/11\\\/30\\\/prefeitura-de-lajeado-divulga-a-programacao-do-natal-no-coracao-2023\\\/\"},\"author\":{\"name\":\"Reda\u00e7\u00e3o Folha Popular\",\"@id\":\"https:\\\/\\\/folhapopular.info\\\/#\\\/schema\\\/person\\\/2814e8a0df7643585a9ca38bc6eb9d4b\"},\"headline\":\"Prefeitura de Lajeado divulga a programa\u00e7\u00e3o do Natal no Cora\u00e7\u00e3o 2023\",\"datePublished\":\"2023-11-30T10:39:47+00:00\",\"dateModified\":\"2023-11-30T10:39:50+00:00\",\"mainEntityOfPage\":{\"@id\":\"https:\\\/\\\/folhapopular.info\\\/index.php\\\/2023\\\/11\\\/30\\\/prefeitura-de-lajeado-divulga-a-programacao-do-natal-no-coracao-2023\\\/\"},\"wordCount\":834,\"commentCount\":0,\"image\":{\"@id\":\"https:\\\/\\\/folhapopular.info\\\/index.php\\\/2023\\\/11\\\/30\\\/prefeitura-de-lajeado-divulga-a-programacao-do-natal-no-coracao-2023\\\/#primaryimage\"},\"thumbnailUrl\":\"https:\\\/\\\/folhapopular.info\\\/wp-content\\\/uploads\\\/2023\\\/11\\\/415603_1039604_dsc_8100_.jpg\",\"keywords\":[\"Lajeado\",\"Natal no Cora\u00e7\u00e3o 2023\"],\"articleSection\":[\"Destaques\",\"Entretenimento\",\"Inclusive\"],\"inLanguage\":\"pt-BR\",\"potentialAction\":[{\"@type\":\"CommentAction\",\"name\":\"Comment\",\"target\":[\"https:\\\/\\\/folhapopular.info\\\/index.php\\\/2023\\\/11\\\/30\\\/prefeitura-de-lajeado-divulga-a-programacao-do-natal-no-coracao-2023\\\/#respond\"]}]},{\"@type\":\"WebPage\",\"@id\":\"https:\\\/\\\/folhapopular.info\\\/index.php\\\/2023\\\/11\\\/30\\\/prefeitura-de-lajeado-divulga-a-programacao-do-natal-no-coracao-2023\\\/\",\"url\":\"https:\\\/\\\/folhapopular.info\\\/index.php\\\/2023\\\/11\\\/30\\\/prefeitura-de-lajeado-divulga-a-programacao-do-natal-no-coracao-2023\\\/\",\"name\":\"Prefeitura de Lajeado divulga a programa\u00e7\u00e3o do Natal no Cora\u00e7\u00e3o 2023 - Folha Popular\",\"isPartOf\":{\"@id\":\"https:\\\/\\\/folhapopular.info\\\/#website\"},\"primaryImageOfPage\":{\"@id\":\"https:\\\/\\\/folhapopular.info\\\/index.php\\\/2023\\\/11\\\/30\\\/prefeitura-de-lajeado-divulga-a-programacao-do-natal-no-coracao-2023\\\/#primaryimage\"},\"image\":{\"@id\":\"https:\\\/\\\/folhapopular.info\\\/index.php\\\/2023\\\/11\\\/30\\\/prefeitura-de-lajeado-divulga-a-programacao-do-natal-no-coracao-2023\\\/#primaryimage\"},\"thumbnailUrl\":\"https:\\\/\\\/folhapopular.info\\\/wp-content\\\/uploads\\\/2023\\\/11\\\/415603_1039604_dsc_8100_.jpg\",\"datePublished\":\"2023-11-30T10:39:47+00:00\",\"dateModified\":\"2023-11-30T10:39:50+00:00\",\"author\":{\"@id\":\"https:\\\/\\\/folhapopular.info\\\/#\\\/schema\\\/person\\\/2814e8a0df7643585a9ca38bc6eb9d4b\"},\"breadcrumb\":{\"@id\":\"https:\\\/\\\/folhapopular.info\\\/index.php\\\/2023\\\/11\\\/30\\\/prefeitura-de-lajeado-divulga-a-programacao-do-natal-no-coracao-2023\\\/#breadcrumb\"},\"inLanguage\":\"pt-BR\",\"potentialAction\":[{\"@type\":\"ReadAction\",\"target\":[\"https:\\\/\\\/folhapopular.info\\\/index.php\\\/2023\\\/11\\\/30\\\/prefeitura-de-lajeado-divulga-a-programacao-do-natal-no-coracao-2023\\\/\"]}]},{\"@type\":\"ImageObject\",\"inLanguage\":\"pt-BR\",\"@id\":\"https:\\\/\\\/folhapopular.info\\\/index.php\\\/2023\\\/11\\\/30\\\/prefeitura-de-lajeado-divulga-a-programacao-do-natal-no-coracao-2023\\\/#primaryimage\",\"url\":\"https:\\\/\\\/folhapopular.info\\\/wp-content\\\/uploads\\\/2023\\\/11\\\/415603_1039604_dsc_8100_.jpg\",\"contentUrl\":\"https:\\\/\\\/folhapopular.info\\\/wp-content\\\/uploads\\\/2023\\\/11\\\/415603_1039604_dsc_8100_.jpg\",\"width\":1000,\"height\":667,\"caption\":\"Cr\u00e9dito: Roberta Colombo \\\/ R3 Produtora \\\/ Divulga\u00e7\u00e3o\"},{\"@type\":\"BreadcrumbList\",\"@id\":\"https:\\\/\\\/folhapopular.info\\\/index.php\\\/2023\\\/11\\\/30\\\/prefeitura-de-lajeado-divulga-a-programacao-do-natal-no-coracao-2023\\\/#breadcrumb\",\"itemListElement\":[{\"@type\":\"ListItem\",\"position\":1,\"name\":\"In\u00edcio\",\"item\":\"https:\\\/\\\/folhapopular.info\\\/\"},{\"@type\":\"ListItem\",\"position\":2,\"name\":\"Prefeitura de Lajeado divulga a programa\u00e7\u00e3o do Natal no Cora\u00e7\u00e3o 2023\"}]},{\"@type\":\"WebSite\",\"@id\":\"https:\\\/\\\/folhapopular.info\\\/#website\",\"url\":\"https:\\\/\\\/folhapopular.info\\\/\",\"name\":\"Folha Popular\",\"description\":\"Onde voc\u00ea tem vez e voz\",\"potentialAction\":[{\"@type\":\"SearchAction\",\"target\":{\"@type\":\"EntryPoint\",\"urlTemplate\":\"https:\\\/\\\/folhapopular.info\\\/?s={search_term_string}\"},\"query-input\":{\"@type\":\"PropertyValueSpecification\",\"valueRequired\":true,\"valueName\":\"search_term_string\"}}],\"inLanguage\":\"pt-BR\"},{\"@type\":\"Person\",\"@id\":\"https:\\\/\\\/folhapopular.info\\\/#\\\/schema\\\/person\\\/2814e8a0df7643585a9ca38bc6eb9d4b\",\"name\":\"Reda\u00e7\u00e3o Folha Popular\",\"image\":{\"@type\":\"ImageObject\",\"inLanguage\":\"pt-BR\",\"@id\":\"https:\\\/\\\/folhapopular.info\\\/wp-content\\\/uploads\\\/2026\\\/04\\\/Folha-1.webp\",\"url\":\"https:\\\/\\\/folhapopular.info\\\/wp-content\\\/uploads\\\/2026\\\/04\\\/Folha-1.webp\",\"contentUrl\":\"https:\\\/\\\/folhapopular.info\\\/wp-content\\\/uploads\\\/2026\\\/04\\\/Folha-1.webp\",\"caption\":\"Reda\u00e7\u00e3o Folha Popular\"},\"url\":\"https:\\\/\\\/folhapopular.info\\\/index.php\\\/author\\\/redacao\\\/\"}]}<\/script>\n<!-- \/ Yoast SEO plugin. -->","yoast_head_json":{"title":"Prefeitura de Lajeado divulga a programa\u00e7\u00e3o do Natal no Cora\u00e7\u00e3o 2023 - Folha Popular","robots":{"index":"index","follow":"follow","max-snippet":"max-snippet:-1","max-image-preview":"max-image-preview:large","max-video-preview":"max-video-preview:-1"},"canonical":"https:\/\/folhapopular.info\/index.php\/2023\/11\/30\/prefeitura-de-lajeado-divulga-a-programacao-do-natal-no-coracao-2023\/","og_locale":"pt_BR","og_type":"article","og_title":"Prefeitura de Lajeado divulga a programa\u00e7\u00e3o do Natal no Cora\u00e7\u00e3o 2023 - Folha Popular","og_description":"Arcos decorados pela J\u00falio de Castilhos e in\u00edcio da montagem da decora\u00e7\u00e3o da Aldeia do Noel na Pra\u00e7a Marechal Deodoro (Pra\u00e7a da Matriz) anunciam a programa\u00e7\u00e3o do Natal no Cora\u00e7\u00e3o 2023 em Lajeado. A tradicional programa\u00e7\u00e3o natalina, que este ano tem como tema \u201c\u00c9 sempre tempo de recome\u00e7ar\u201d, tem o objetivo de demonstrar que a [&hellip;]","og_url":"https:\/\/folhapopular.info\/index.php\/2023\/11\/30\/prefeitura-de-lajeado-divulga-a-programacao-do-natal-no-coracao-2023\/","og_site_name":"Folha Popular","article_published_time":"2023-11-30T10:39:47+00:00","article_modified_time":"2023-11-30T10:39:50+00:00","og_image":[{"width":1000,"height":667,"url":"http:\/\/folhapopular.info\/wp-content\/uploads\/2023\/11\/415603_1039604_dsc_8100_.jpg","type":"image\/jpeg"}],"author":"Reda\u00e7\u00e3o Folha Popular","twitter_card":"summary_large_image","twitter_misc":{"Escrito por":"Reda\u00e7\u00e3o Folha Popular","Est. tempo de leitura":"5 minutos"},"schema":{"@context":"https:\/\/schema.org","@graph":[{"@type":"Article","@id":"https:\/\/folhapopular.info\/index.php\/2023\/11\/30\/prefeitura-de-lajeado-divulga-a-programacao-do-natal-no-coracao-2023\/#article","isPartOf":{"@id":"https:\/\/folhapopular.info\/index.php\/2023\/11\/30\/prefeitura-de-lajeado-divulga-a-programacao-do-natal-no-coracao-2023\/"},"author":{"name":"Reda\u00e7\u00e3o Folha Popular","@id":"https:\/\/folhapopular.info\/#\/schema\/person\/2814e8a0df7643585a9ca38bc6eb9d4b"},"headline":"Prefeitura de Lajeado divulga a programa\u00e7\u00e3o do Natal no Cora\u00e7\u00e3o 2023","datePublished":"2023-11-30T10:39:47+00:00","dateModified":"2023-11-30T10:39:50+00:00","mainEntityOfPage":{"@id":"https:\/\/folhapopular.info\/index.php\/2023\/11\/30\/prefeitura-de-lajeado-divulga-a-programacao-do-natal-no-coracao-2023\/"},"wordCount":834,"commentCount":0,"image":{"@id":"https:\/\/folhapopular.info\/index.php\/2023\/11\/30\/prefeitura-de-lajeado-divulga-a-programacao-do-natal-no-coracao-2023\/#primaryimage"},"thumbnailUrl":"https:\/\/folhapopular.info\/wp-content\/uploads\/2023\/11\/415603_1039604_dsc_8100_.jpg","keywords":["Lajeado","Natal no Cora\u00e7\u00e3o 2023"],"articleSection":["Destaques","Entretenimento","Inclusive"],"inLanguage":"pt-BR","potentialAction":[{"@type":"CommentAction","name":"Comment","target":["https:\/\/folhapopular.info\/index.php\/2023\/11\/30\/prefeitura-de-lajeado-divulga-a-programacao-do-natal-no-coracao-2023\/#respond"]}]},{"@type":"WebPage","@id":"https:\/\/folhapopular.info\/index.php\/2023\/11\/30\/prefeitura-de-lajeado-divulga-a-programacao-do-natal-no-coracao-2023\/","url":"https:\/\/folhapopular.info\/index.php\/2023\/11\/30\/prefeitura-de-lajeado-divulga-a-programacao-do-natal-no-coracao-2023\/","name":"Prefeitura de Lajeado divulga a programa\u00e7\u00e3o do Natal no Cora\u00e7\u00e3o 2023 - Folha Popular","isPartOf":{"@id":"https:\/\/folhapopular.info\/#website"},"primaryImageOfPage":{"@id":"https:\/\/folhapopular.info\/index.php\/2023\/11\/30\/prefeitura-de-lajeado-divulga-a-programacao-do-natal-no-coracao-2023\/#primaryimage"},"image":{"@id":"https:\/\/folhapopular.info\/index.php\/2023\/11\/30\/prefeitura-de-lajeado-divulga-a-programacao-do-natal-no-coracao-2023\/#primaryimage"},"thumbnailUrl":"https:\/\/folhapopular.info\/wp-content\/uploads\/2023\/11\/415603_1039604_dsc_8100_.jpg","datePublished":"2023-11-30T10:39:47+00:00","dateModified":"2023-11-30T10:39:50+00:00","author":{"@id":"https:\/\/folhapopular.info\/#\/schema\/person\/2814e8a0df7643585a9ca38bc6eb9d4b"},"breadcrumb":{"@id":"https:\/\/folhapopular.info\/index.php\/2023\/11\/30\/prefeitura-de-lajeado-divulga-a-programacao-do-natal-no-coracao-2023\/#breadcrumb"},"inLanguage":"pt-BR","potentialAction":[{"@type":"ReadAction","target":["https:\/\/folhapopular.info\/index.php\/2023\/11\/30\/prefeitura-de-lajeado-divulga-a-programacao-do-natal-no-coracao-2023\/"]}]},{"@type":"ImageObject","inLanguage":"pt-BR","@id":"https:\/\/folhapopular.info\/index.php\/2023\/11\/30\/prefeitura-de-lajeado-divulga-a-programacao-do-natal-no-coracao-2023\/#primaryimage","url":"https:\/\/folhapopular.info\/wp-content\/uploads\/2023\/11\/415603_1039604_dsc_8100_.jpg","contentUrl":"https:\/\/folhapopular.info\/wp-content\/uploads\/2023\/11\/415603_1039604_dsc_8100_.jpg","width":1000,"height":667,"caption":"Cr\u00e9dito: Roberta Colombo \/ R3 Produtora \/ Divulga\u00e7\u00e3o"},{"@type":"BreadcrumbList","@id":"https:\/\/folhapopular.info\/index.php\/2023\/11\/30\/prefeitura-de-lajeado-divulga-a-programacao-do-natal-no-coracao-2023\/#breadcrumb","itemListElement":[{"@type":"ListItem","position":1,"name":"In\u00edcio","item":"https:\/\/folhapopular.info\/"},{"@type":"ListItem","position":2,"name":"Prefeitura de Lajeado divulga a programa\u00e7\u00e3o do Natal no Cora\u00e7\u00e3o 2023"}]},{"@type":"WebSite","@id":"https:\/\/folhapopular.info\/#website","url":"https:\/\/folhapopular.info\/","name":"Folha Popular","description":"Onde voc\u00ea tem vez e voz","potentialAction":[{"@type":"SearchAction","target":{"@type":"EntryPoint","urlTemplate":"https:\/\/folhapopular.info\/?s={search_term_string}"},"query-input":{"@type":"PropertyValueSpecification","valueRequired":true,"valueName":"search_term_string"}}],"inLanguage":"pt-BR"},{"@type":"Person","@id":"https:\/\/folhapopular.info\/#\/schema\/person\/2814e8a0df7643585a9ca38bc6eb9d4b","name":"Reda\u00e7\u00e3o Folha Popular","image":{"@type":"ImageObject","inLanguage":"pt-BR","@id":"https:\/\/folhapopular.info\/wp-content\/uploads\/2026\/04\/Folha-1.webp","url":"https:\/\/folhapopular.info\/wp-content\/uploads\/2026\/04\/Folha-1.webp","contentUrl":"https:\/\/folhapopular.info\/wp-content\/uploads\/2026\/04\/Folha-1.webp","caption":"Reda\u00e7\u00e3o Folha Popular"},"url":"https:\/\/folhapopular.info\/index.php\/author\/redacao\/"}]}},"jetpack_featured_media_url":"https:\/\/folhapopular.info\/wp-content\/uploads\/2023\/11\/415603_1039604_dsc_8100_.jpg","jetpack_sharing_enabled":true,"amp_enabled":true,"_links":{"self":[{"href":"https:\/\/folhapopular.info\/index.php\/wp-json\/wp\/v2\/posts\/144276","targetHints":{"allow":["GET"]}}],"collection":[{"href":"https:\/\/folhapopular.info\/index.php\/wp-json\/wp\/v2\/posts"}],"about":[{"href":"https:\/\/folhapopular.info\/index.php\/wp-json\/wp\/v2\/types\/post"}],"author":[{"embeddable":true,"href":"https:\/\/folhapopular.info\/index.php\/wp-json\/wp\/v2\/users\/8"}],"replies":[{"embeddable":true,"href":"https:\/\/folhapopular.info\/index.php\/wp-json\/wp\/v2\/comments?post=144276"}],"version-history":[{"count":0,"href":"https:\/\/folhapopular.info\/index.php\/wp-json\/wp\/v2\/posts\/144276\/revisions"}],"wp:featuredmedia":[{"embeddable":true,"href":"https:\/\/folhapopular.info\/index.php\/wp-json\/wp\/v2\/media\/144278"}],"wp:attachment":[{"href":"https:\/\/folhapopular.info\/index.php\/wp-json\/wp\/v2\/media?parent=144276"}],"wp:term":[{"taxonomy":"category","embeddable":true,"href":"https:\/\/folhapopular.info\/index.php\/wp-json\/wp\/v2\/categories?post=144276"},{"taxonomy":"post_tag","embeddable":true,"href":"https:\/\/folhapopular.info\/index.php\/wp-json\/wp\/v2\/tags?post=144276"}],"curies":[{"name":"wp","href":"https:\/\/api.w.org\/{rel}","templated":true}]}}