{"id":144331,"date":"2023-11-30T15:55:54","date_gmt":"2023-11-30T18:55:54","guid":{"rendered":"https:\/\/folhapopular.info\/?p=144331"},"modified":"2023-11-30T15:55:57","modified_gmt":"2023-11-30T18:55:57","slug":"comdica-de-estrela-apresenta-praticas-organizacionais","status":"publish","type":"post","link":"https:\/\/folhapopular.info\/index.php\/2023\/11\/30\/comdica-de-estrela-apresenta-praticas-organizacionais\/","title":{"rendered":"Comdica de Estrela apresenta pr\u00e1ticas organizacionais"},"content":{"rendered":"\n<p>O Conselho Municipal dos Direitos da Crian\u00e7a e do Adolescente (Comdica) de Estrela reuniu entidades para a apresenta\u00e7\u00e3o das pr\u00e1ticas organizacionais. O evento foi realizado na noite de ter\u00e7a-feira (28\/11) no sal\u00e3o da Oase. A secret\u00e1ria do Comdica, Juliane Tomasi, trouxe detalhes sobre o evento. &#8220;Foi o momento das entidades prestarem contas \u00e0 comunidade e aos envolvidos na arrecada\u00e7\u00e3o do Imposto de Renda, aos contadores, al\u00e9m da celebra\u00e7\u00e3o dos 33 anos do Estatuto da Crian\u00e7a e do Adolescente&#8221;, informou Juliane.<\/p>\n\n\n\n<h2 class=\"wp-block-heading\">Programa\u00e7\u00e3o<\/h2>\n\n\n\n<p>Durante a programa\u00e7\u00e3o foi feito o lan\u00e7amento do valor do Fundo Municipal dos Direitos da Crian\u00e7a e do Adolescente do ano base de 2022, cujo montante \u00e9 de R$ 142.296,40.<\/p>\n\n\n\n<p>Tamb\u00e9m foi realizada uma presta\u00e7\u00e3o de contas referente ao Fundo Municipal do ano base de 2020. Diversas entidades tiveram a oportunidade de apresentar suas contas para a comunidade presente no evento. As entidades respons\u00e1veis pela presta\u00e7\u00e3o de contas foram: Igreja Evang\u00e9lica Assembleia de Deus de Estrela, Clube de Desbravadores e Aventureiros Sul, Associa\u00e7\u00e3o Educacional Colmeia, Associa\u00e7\u00e3o de Ecologia e Canoagem (Aeca), Associa\u00e7\u00e3o de Pais e Amigos dos Excepcionais de Estrela (Apae) e Associa\u00e7\u00e3o Semeadores.<\/p>\n\n\n\n<p>Al\u00e9m disso, foi apresentado o plano de trabalho das entidades contempladas com o Fundo Municipal para o ano de 2021. As entidades que detalharam seus planos foram: Associa\u00e7\u00e3o Educacional Colmeia, Apae de Estrela, Cristal Azul &#8211; Associa\u00e7\u00e3o Pr\u00f3-Autismo de Estrela, Aeca, Clube de Desbravadores e Aventureiros Sul e Lions Clube de Estrela.<\/p>\n","protected":false},"excerpt":{"rendered":"<p>O Conselho Municipal dos Direitos da Crian\u00e7a e do Adolescente (Comdica) de Estrela reuniu entidades para a apresenta\u00e7\u00e3o das pr\u00e1ticas organizacionais. O evento foi realizado na noite de ter\u00e7a-feira (28\/11) no sal\u00e3o da Oase. A secret\u00e1ria do Comdica, Juliane Tomasi, trouxe detalhes sobre o evento. &#8220;Foi o momento das entidades prestarem contas \u00e0 comunidade e [&hellip;]<\/p>\n","protected":false},"author":8,"featured_media":144332,"comment_status":"open","ping_status":"open","sticky":false,"template":"","format":"standard","meta":{"pmpro_default_level":"","_jetpack_memberships_contains_paid_content":false,"footnotes":""},"categories":[3,11091],"tags":[591,8],"class_list":{"0":"post-144331","1":"post","2":"type-post","3":"status-publish","4":"format-standard","5":"has-post-thumbnail","7":"category-geral","8":"category-servicos","9":"tag-comdica","10":"tag-estrela","11":"pmpro-has-access"},"yoast_head":"<!-- This site is optimized with the Yoast SEO plugin v27.5 - https:\/\/yoast.com\/product\/yoast-seo-wordpress\/ -->\n<title>Comdica de Estrela apresenta pr\u00e1ticas organizacionais - Folha Popular<\/title>\n<meta name=\"robots\" content=\"index, follow, max-snippet:-1, max-image-preview:large, max-video-preview:-1\" \/>\n<link rel=\"canonical\" href=\"https:\/\/folhapopular.info\/index.php\/2023\/11\/30\/comdica-de-estrela-apresenta-praticas-organizacionais\/\" \/>\n<meta property=\"og:locale\" content=\"pt_BR\" \/>\n<meta property=\"og:type\" content=\"article\" \/>\n<meta property=\"og:title\" content=\"Comdica de Estrela apresenta pr\u00e1ticas organizacionais - Folha Popular\" \/>\n<meta property=\"og:description\" content=\"O Conselho Municipal dos Direitos da Crian\u00e7a e do Adolescente (Comdica) de Estrela reuniu entidades para a apresenta\u00e7\u00e3o das pr\u00e1ticas organizacionais. O evento foi realizado na noite de ter\u00e7a-feira (28\/11) no sal\u00e3o da Oase. A secret\u00e1ria do Comdica, Juliane Tomasi, trouxe detalhes sobre o evento. &#8220;Foi o momento das entidades prestarem contas \u00e0 comunidade e [&hellip;]\" \/>\n<meta property=\"og:url\" content=\"https:\/\/folhapopular.info\/index.php\/2023\/11\/30\/comdica-de-estrela-apresenta-praticas-organizacionais\/\" \/>\n<meta property=\"og:site_name\" content=\"Folha Popular\" \/>\n<meta property=\"article:published_time\" content=\"2023-11-30T18:55:54+00:00\" \/>\n<meta property=\"article:modified_time\" content=\"2023-11-30T18:55:57+00:00\" \/>\n<meta property=\"og:image\" content=\"http:\/\/folhapopular.info\/wp-content\/uploads\/2023\/11\/Comdica-apresentacao-1.jpeg-e1701370536175.jpg\" \/>\n\t<meta property=\"og:image:width\" content=\"1600\" \/>\n\t<meta property=\"og:image:height\" content=\"728\" \/>\n\t<meta property=\"og:image:type\" content=\"image\/jpeg\" \/>\n<meta name=\"author\" content=\"Reda\u00e7\u00e3o Folha Popular\" \/>\n<meta name=\"twitter:card\" content=\"summary_large_image\" \/>\n<meta name=\"twitter:label1\" content=\"Escrito por\" \/>\n\t<meta name=\"twitter:data1\" content=\"Reda\u00e7\u00e3o Folha Popular\" \/>\n\t<meta name=\"twitter:label2\" content=\"Est. tempo de leitura\" \/>\n\t<meta name=\"twitter:data2\" content=\"2 minutos\" \/>\n<script type=\"application\/ld+json\" class=\"yoast-schema-graph\">{\"@context\":\"https:\\\/\\\/schema.org\",\"@graph\":[{\"@type\":\"Article\",\"@id\":\"https:\\\/\\\/folhapopular.info\\\/index.php\\\/2023\\\/11\\\/30\\\/comdica-de-estrela-apresenta-praticas-organizacionais\\\/#article\",\"isPartOf\":{\"@id\":\"https:\\\/\\\/folhapopular.info\\\/index.php\\\/2023\\\/11\\\/30\\\/comdica-de-estrela-apresenta-praticas-organizacionais\\\/\"},\"author\":{\"name\":\"Reda\u00e7\u00e3o Folha Popular\",\"@id\":\"https:\\\/\\\/folhapopular.info\\\/#\\\/schema\\\/person\\\/2814e8a0df7643585a9ca38bc6eb9d4b\"},\"headline\":\"Comdica de Estrela apresenta pr\u00e1ticas organizacionais\",\"datePublished\":\"2023-11-30T18:55:54+00:00\",\"dateModified\":\"2023-11-30T18:55:57+00:00\",\"mainEntityOfPage\":{\"@id\":\"https:\\\/\\\/folhapopular.info\\\/index.php\\\/2023\\\/11\\\/30\\\/comdica-de-estrela-apresenta-praticas-organizacionais\\\/\"},\"wordCount\":263,\"commentCount\":0,\"image\":{\"@id\":\"https:\\\/\\\/folhapopular.info\\\/index.php\\\/2023\\\/11\\\/30\\\/comdica-de-estrela-apresenta-praticas-organizacionais\\\/#primaryimage\"},\"thumbnailUrl\":\"https:\\\/\\\/folhapopular.info\\\/wp-content\\\/uploads\\\/2023\\\/11\\\/Comdica-apresentacao-1.jpeg-e1701370536175.jpg\",\"keywords\":[\"Comdica\",\"Estrela\"],\"articleSection\":[\"Geral\",\"Servi\u00e7os\"],\"inLanguage\":\"pt-BR\",\"potentialAction\":[{\"@type\":\"CommentAction\",\"name\":\"Comment\",\"target\":[\"https:\\\/\\\/folhapopular.info\\\/index.php\\\/2023\\\/11\\\/30\\\/comdica-de-estrela-apresenta-praticas-organizacionais\\\/#respond\"]}]},{\"@type\":\"WebPage\",\"@id\":\"https:\\\/\\\/folhapopular.info\\\/index.php\\\/2023\\\/11\\\/30\\\/comdica-de-estrela-apresenta-praticas-organizacionais\\\/\",\"url\":\"https:\\\/\\\/folhapopular.info\\\/index.php\\\/2023\\\/11\\\/30\\\/comdica-de-estrela-apresenta-praticas-organizacionais\\\/\",\"name\":\"Comdica de Estrela apresenta pr\u00e1ticas organizacionais - Folha Popular\",\"isPartOf\":{\"@id\":\"https:\\\/\\\/folhapopular.info\\\/#website\"},\"primaryImageOfPage\":{\"@id\":\"https:\\\/\\\/folhapopular.info\\\/index.php\\\/2023\\\/11\\\/30\\\/comdica-de-estrela-apresenta-praticas-organizacionais\\\/#primaryimage\"},\"image\":{\"@id\":\"https:\\\/\\\/folhapopular.info\\\/index.php\\\/2023\\\/11\\\/30\\\/comdica-de-estrela-apresenta-praticas-organizacionais\\\/#primaryimage\"},\"thumbnailUrl\":\"https:\\\/\\\/folhapopular.info\\\/wp-content\\\/uploads\\\/2023\\\/11\\\/Comdica-apresentacao-1.jpeg-e1701370536175.jpg\",\"datePublished\":\"2023-11-30T18:55:54+00:00\",\"dateModified\":\"2023-11-30T18:55:57+00:00\",\"author\":{\"@id\":\"https:\\\/\\\/folhapopular.info\\\/#\\\/schema\\\/person\\\/2814e8a0df7643585a9ca38bc6eb9d4b\"},\"breadcrumb\":{\"@id\":\"https:\\\/\\\/folhapopular.info\\\/index.php\\\/2023\\\/11\\\/30\\\/comdica-de-estrela-apresenta-praticas-organizacionais\\\/#breadcrumb\"},\"inLanguage\":\"pt-BR\",\"potentialAction\":[{\"@type\":\"ReadAction\",\"target\":[\"https:\\\/\\\/folhapopular.info\\\/index.php\\\/2023\\\/11\\\/30\\\/comdica-de-estrela-apresenta-praticas-organizacionais\\\/\"]}]},{\"@type\":\"ImageObject\",\"inLanguage\":\"pt-BR\",\"@id\":\"https:\\\/\\\/folhapopular.info\\\/index.php\\\/2023\\\/11\\\/30\\\/comdica-de-estrela-apresenta-praticas-organizacionais\\\/#primaryimage\",\"url\":\"https:\\\/\\\/folhapopular.info\\\/wp-content\\\/uploads\\\/2023\\\/11\\\/Comdica-apresentacao-1.jpeg-e1701370536175.jpg\",\"contentUrl\":\"https:\\\/\\\/folhapopular.info\\\/wp-content\\\/uploads\\\/2023\\\/11\\\/Comdica-apresentacao-1.jpeg-e1701370536175.jpg\",\"width\":1600,\"height\":728,\"caption\":\"Cr\u00e9dito: Governo de Estrela \\\/ Divulga\u00e7\u00e3o\"},{\"@type\":\"BreadcrumbList\",\"@id\":\"https:\\\/\\\/folhapopular.info\\\/index.php\\\/2023\\\/11\\\/30\\\/comdica-de-estrela-apresenta-praticas-organizacionais\\\/#breadcrumb\",\"itemListElement\":[{\"@type\":\"ListItem\",\"position\":1,\"name\":\"In\u00edcio\",\"item\":\"https:\\\/\\\/folhapopular.info\\\/\"},{\"@type\":\"ListItem\",\"position\":2,\"name\":\"Comdica de Estrela apresenta pr\u00e1ticas organizacionais\"}]},{\"@type\":\"WebSite\",\"@id\":\"https:\\\/\\\/folhapopular.info\\\/#website\",\"url\":\"https:\\\/\\\/folhapopular.info\\\/\",\"name\":\"Folha Popular\",\"description\":\"Onde voc\u00ea tem vez e voz\",\"potentialAction\":[{\"@type\":\"SearchAction\",\"target\":{\"@type\":\"EntryPoint\",\"urlTemplate\":\"https:\\\/\\\/folhapopular.info\\\/?s={search_term_string}\"},\"query-input\":{\"@type\":\"PropertyValueSpecification\",\"valueRequired\":true,\"valueName\":\"search_term_string\"}}],\"inLanguage\":\"pt-BR\"},{\"@type\":\"Person\",\"@id\":\"https:\\\/\\\/folhapopular.info\\\/#\\\/schema\\\/person\\\/2814e8a0df7643585a9ca38bc6eb9d4b\",\"name\":\"Reda\u00e7\u00e3o Folha Popular\",\"image\":{\"@type\":\"ImageObject\",\"inLanguage\":\"pt-BR\",\"@id\":\"https:\\\/\\\/folhapopular.info\\\/wp-content\\\/uploads\\\/2026\\\/04\\\/Folha-1.webp\",\"url\":\"https:\\\/\\\/folhapopular.info\\\/wp-content\\\/uploads\\\/2026\\\/04\\\/Folha-1.webp\",\"contentUrl\":\"https:\\\/\\\/folhapopular.info\\\/wp-content\\\/uploads\\\/2026\\\/04\\\/Folha-1.webp\",\"caption\":\"Reda\u00e7\u00e3o Folha Popular\"},\"url\":\"https:\\\/\\\/folhapopular.info\\\/index.php\\\/author\\\/redacao\\\/\"}]}<\/script>\n<!-- \/ Yoast SEO plugin. -->","yoast_head_json":{"title":"Comdica de Estrela apresenta pr\u00e1ticas organizacionais - Folha Popular","robots":{"index":"index","follow":"follow","max-snippet":"max-snippet:-1","max-image-preview":"max-image-preview:large","max-video-preview":"max-video-preview:-1"},"canonical":"https:\/\/folhapopular.info\/index.php\/2023\/11\/30\/comdica-de-estrela-apresenta-praticas-organizacionais\/","og_locale":"pt_BR","og_type":"article","og_title":"Comdica de Estrela apresenta pr\u00e1ticas organizacionais - Folha Popular","og_description":"O Conselho Municipal dos Direitos da Crian\u00e7a e do Adolescente (Comdica) de Estrela reuniu entidades para a apresenta\u00e7\u00e3o das pr\u00e1ticas organizacionais. O evento foi realizado na noite de ter\u00e7a-feira (28\/11) no sal\u00e3o da Oase. A secret\u00e1ria do Comdica, Juliane Tomasi, trouxe detalhes sobre o evento. &#8220;Foi o momento das entidades prestarem contas \u00e0 comunidade e [&hellip;]","og_url":"https:\/\/folhapopular.info\/index.php\/2023\/11\/30\/comdica-de-estrela-apresenta-praticas-organizacionais\/","og_site_name":"Folha Popular","article_published_time":"2023-11-30T18:55:54+00:00","article_modified_time":"2023-11-30T18:55:57+00:00","og_image":[{"width":1600,"height":728,"url":"http:\/\/folhapopular.info\/wp-content\/uploads\/2023\/11\/Comdica-apresentacao-1.jpeg-e1701370536175.jpg","type":"image\/jpeg"}],"author":"Reda\u00e7\u00e3o Folha Popular","twitter_card":"summary_large_image","twitter_misc":{"Escrito por":"Reda\u00e7\u00e3o Folha Popular","Est. tempo de leitura":"2 minutos"},"schema":{"@context":"https:\/\/schema.org","@graph":[{"@type":"Article","@id":"https:\/\/folhapopular.info\/index.php\/2023\/11\/30\/comdica-de-estrela-apresenta-praticas-organizacionais\/#article","isPartOf":{"@id":"https:\/\/folhapopular.info\/index.php\/2023\/11\/30\/comdica-de-estrela-apresenta-praticas-organizacionais\/"},"author":{"name":"Reda\u00e7\u00e3o Folha Popular","@id":"https:\/\/folhapopular.info\/#\/schema\/person\/2814e8a0df7643585a9ca38bc6eb9d4b"},"headline":"Comdica de Estrela apresenta pr\u00e1ticas organizacionais","datePublished":"2023-11-30T18:55:54+00:00","dateModified":"2023-11-30T18:55:57+00:00","mainEntityOfPage":{"@id":"https:\/\/folhapopular.info\/index.php\/2023\/11\/30\/comdica-de-estrela-apresenta-praticas-organizacionais\/"},"wordCount":263,"commentCount":0,"image":{"@id":"https:\/\/folhapopular.info\/index.php\/2023\/11\/30\/comdica-de-estrela-apresenta-praticas-organizacionais\/#primaryimage"},"thumbnailUrl":"https:\/\/folhapopular.info\/wp-content\/uploads\/2023\/11\/Comdica-apresentacao-1.jpeg-e1701370536175.jpg","keywords":["Comdica","Estrela"],"articleSection":["Geral","Servi\u00e7os"],"inLanguage":"pt-BR","potentialAction":[{"@type":"CommentAction","name":"Comment","target":["https:\/\/folhapopular.info\/index.php\/2023\/11\/30\/comdica-de-estrela-apresenta-praticas-organizacionais\/#respond"]}]},{"@type":"WebPage","@id":"https:\/\/folhapopular.info\/index.php\/2023\/11\/30\/comdica-de-estrela-apresenta-praticas-organizacionais\/","url":"https:\/\/folhapopular.info\/index.php\/2023\/11\/30\/comdica-de-estrela-apresenta-praticas-organizacionais\/","name":"Comdica de Estrela apresenta pr\u00e1ticas organizacionais - Folha Popular","isPartOf":{"@id":"https:\/\/folhapopular.info\/#website"},"primaryImageOfPage":{"@id":"https:\/\/folhapopular.info\/index.php\/2023\/11\/30\/comdica-de-estrela-apresenta-praticas-organizacionais\/#primaryimage"},"image":{"@id":"https:\/\/folhapopular.info\/index.php\/2023\/11\/30\/comdica-de-estrela-apresenta-praticas-organizacionais\/#primaryimage"},"thumbnailUrl":"https:\/\/folhapopular.info\/wp-content\/uploads\/2023\/11\/Comdica-apresentacao-1.jpeg-e1701370536175.jpg","datePublished":"2023-11-30T18:55:54+00:00","dateModified":"2023-11-30T18:55:57+00:00","author":{"@id":"https:\/\/folhapopular.info\/#\/schema\/person\/2814e8a0df7643585a9ca38bc6eb9d4b"},"breadcrumb":{"@id":"https:\/\/folhapopular.info\/index.php\/2023\/11\/30\/comdica-de-estrela-apresenta-praticas-organizacionais\/#breadcrumb"},"inLanguage":"pt-BR","potentialAction":[{"@type":"ReadAction","target":["https:\/\/folhapopular.info\/index.php\/2023\/11\/30\/comdica-de-estrela-apresenta-praticas-organizacionais\/"]}]},{"@type":"ImageObject","inLanguage":"pt-BR","@id":"https:\/\/folhapopular.info\/index.php\/2023\/11\/30\/comdica-de-estrela-apresenta-praticas-organizacionais\/#primaryimage","url":"https:\/\/folhapopular.info\/wp-content\/uploads\/2023\/11\/Comdica-apresentacao-1.jpeg-e1701370536175.jpg","contentUrl":"https:\/\/folhapopular.info\/wp-content\/uploads\/2023\/11\/Comdica-apresentacao-1.jpeg-e1701370536175.jpg","width":1600,"height":728,"caption":"Cr\u00e9dito: Governo de Estrela \/ Divulga\u00e7\u00e3o"},{"@type":"BreadcrumbList","@id":"https:\/\/folhapopular.info\/index.php\/2023\/11\/30\/comdica-de-estrela-apresenta-praticas-organizacionais\/#breadcrumb","itemListElement":[{"@type":"ListItem","position":1,"name":"In\u00edcio","item":"https:\/\/folhapopular.info\/"},{"@type":"ListItem","position":2,"name":"Comdica de Estrela apresenta pr\u00e1ticas organizacionais"}]},{"@type":"WebSite","@id":"https:\/\/folhapopular.info\/#website","url":"https:\/\/folhapopular.info\/","name":"Folha Popular","description":"Onde voc\u00ea tem vez e voz","potentialAction":[{"@type":"SearchAction","target":{"@type":"EntryPoint","urlTemplate":"https:\/\/folhapopular.info\/?s={search_term_string}"},"query-input":{"@type":"PropertyValueSpecification","valueRequired":true,"valueName":"search_term_string"}}],"inLanguage":"pt-BR"},{"@type":"Person","@id":"https:\/\/folhapopular.info\/#\/schema\/person\/2814e8a0df7643585a9ca38bc6eb9d4b","name":"Reda\u00e7\u00e3o Folha Popular","image":{"@type":"ImageObject","inLanguage":"pt-BR","@id":"https:\/\/folhapopular.info\/wp-content\/uploads\/2026\/04\/Folha-1.webp","url":"https:\/\/folhapopular.info\/wp-content\/uploads\/2026\/04\/Folha-1.webp","contentUrl":"https:\/\/folhapopular.info\/wp-content\/uploads\/2026\/04\/Folha-1.webp","caption":"Reda\u00e7\u00e3o Folha Popular"},"url":"https:\/\/folhapopular.info\/index.php\/author\/redacao\/"}]}},"jetpack_featured_media_url":"https:\/\/folhapopular.info\/wp-content\/uploads\/2023\/11\/Comdica-apresentacao-1.jpeg-e1701370536175.jpg","jetpack_sharing_enabled":true,"amp_enabled":true,"_links":{"self":[{"href":"https:\/\/folhapopular.info\/index.php\/wp-json\/wp\/v2\/posts\/144331","targetHints":{"allow":["GET"]}}],"collection":[{"href":"https:\/\/folhapopular.info\/index.php\/wp-json\/wp\/v2\/posts"}],"about":[{"href":"https:\/\/folhapopular.info\/index.php\/wp-json\/wp\/v2\/types\/post"}],"author":[{"embeddable":true,"href":"https:\/\/folhapopular.info\/index.php\/wp-json\/wp\/v2\/users\/8"}],"replies":[{"embeddable":true,"href":"https:\/\/folhapopular.info\/index.php\/wp-json\/wp\/v2\/comments?post=144331"}],"version-history":[{"count":0,"href":"https:\/\/folhapopular.info\/index.php\/wp-json\/wp\/v2\/posts\/144331\/revisions"}],"wp:featuredmedia":[{"embeddable":true,"href":"https:\/\/folhapopular.info\/index.php\/wp-json\/wp\/v2\/media\/144332"}],"wp:attachment":[{"href":"https:\/\/folhapopular.info\/index.php\/wp-json\/wp\/v2\/media?parent=144331"}],"wp:term":[{"taxonomy":"category","embeddable":true,"href":"https:\/\/folhapopular.info\/index.php\/wp-json\/wp\/v2\/categories?post=144331"},{"taxonomy":"post_tag","embeddable":true,"href":"https:\/\/folhapopular.info\/index.php\/wp-json\/wp\/v2\/tags?post=144331"}],"curies":[{"name":"wp","href":"https:\/\/api.w.org\/{rel}","templated":true}]}}