{"id":144346,"date":"2023-12-01T15:07:48","date_gmt":"2023-12-01T18:07:48","guid":{"rendered":"https:\/\/folhapopular.info\/?p=144346"},"modified":"2023-12-01T15:07:52","modified_gmt":"2023-12-01T18:07:52","slug":"programacao-de-natal-de-imigrante-inicia-neste-domingo","status":"publish","type":"post","link":"https:\/\/folhapopular.info\/index.php\/2023\/12\/01\/programacao-de-natal-de-imigrante-inicia-neste-domingo\/","title":{"rendered":"Programa\u00e7\u00e3o\u00a0de Natal de Imigrante inicia neste domingo"},"content":{"rendered":"\n<p>O munic\u00edpio de Imigrante se prepara para a programa\u00e7\u00e3o de Natal, que iniciar\u00e1 neste domingo (3\/12) com a Vila Noel, o Papai Noel e a ilumina\u00e7\u00e3o Natalina na Pra\u00e7a Municipal Henrique Br\u00fcckner. Dentre as atra\u00e7\u00f5es haver\u00e1 brinquedos infl\u00e1veis fornecidos pela CIC Imigrante, a partir das 15h30 e passeios de Cedelinho das 14h \u00e0s 17h. \u00c0s 18h ocorre a chegada do Papai Noel, que ir\u00e1 escutar os pedidos das crian\u00e7as. Em caso de chuva, a programa\u00e7\u00e3o ser\u00e1 transferida para o dia 10. <\/p>\n\n\n\n<p>A atra\u00e7\u00e3o dos dias 10 e 17 de dezembro ser\u00e1 o \u201cDer Tannenbaum &#8211; O Natal do Pinheiro M\u00e1gico\u201d, com projeto aprovado atrav\u00e9s da Lei Ruanet. Neste dia, a programa\u00e7\u00e3o inicia \u00e0s 19h30 com o Grupo de Dan\u00e7as Sonnenlicht. Em seguida, mesclando arte, malabarismo, m\u00fasica e a magia do Natal, ser\u00e1 apresentada a pe\u00e7a \u201cCirkou Trupe de Natal\u201d. A atra\u00e7\u00e3o leva \u00e0 plateia n\u00fameros m\u00e1gicos e divertidos para o p\u00fablico de todas as idades. A programa\u00e7\u00e3o do dia 10 encerra com o Coral Municipal \u00e0s 20h30 e a Orquestra Jovem \u00e0s 21h. Tamb\u00e9m haver\u00e1 a Vila Noel com a visita do Bom Velhinho.<\/p>\n\n\n\n<p>No dia 17 de dezembro a programa\u00e7\u00e3o inicia com a Orquestra Municipal de Imigrante e a chegada do Papai Noel. \u00c0s 21h ocorre a apresenta\u00e7\u00e3o do Grupo Tholl. A trupe pelotense apresenta o seu novo espet\u00e1culo \u201cA noite de Natal\u201d, no qual a famosa hist\u00f3ria do bal\u00e9 Quebra Nozes ganha uma vers\u00e3o onde 12 artistas se revezam em 12 n\u00fameros in\u00e9ditos, tendo a m\u00fasica de Tchaikovsky como grande inspira\u00e7\u00e3o. <\/p>\n\n\n\n<p>A Vila Noel ter\u00e1 presen\u00e7a do Papai Noel tamb\u00e9m nos dias 10 e 17 de dezembro, durante as programa\u00e7\u00f5es do Der Tannembaum \u2013 O Natal do Pinheiro M\u00e1gico. <\/p>\n\n\n\n<p>A programa\u00e7\u00e3o do 6\u00ba Natal na Pra\u00e7a \u2013 Vila Noel segue aberta at\u00e9 o dia 25 de dezembro e ter\u00e1 casinhas, enfeites e luzes de Natal ornamentando toda a pra\u00e7a. <\/p>\n\n\n\n<p>A programa\u00e7\u00e3o do \u201cDer Tannenbaum &#8211; O Natal do Pinheiro M\u00e1gico\u201d, conta com o est\u00edmulo da Lei Federal de Incentivo \u00e0 Cultura. O patroc\u00ednio \u00e9 da Metal\u00fargica Hassmann e a realiza\u00e7\u00e3o da Associa\u00e7\u00e3o Cultural de Imigrante e do Minist\u00e9rio da Cultura &#8211; Governo Federal \u2013 Uni\u00e3o e Reconstru\u00e7\u00e3o.<\/p>\n","protected":false},"excerpt":{"rendered":"<p>O munic\u00edpio de Imigrante se prepara para a programa\u00e7\u00e3o de Natal, que iniciar\u00e1 neste domingo (3\/12) com a Vila Noel, o Papai Noel e a ilumina\u00e7\u00e3o Natalina na Pra\u00e7a Municipal Henrique Br\u00fcckner. Dentre as atra\u00e7\u00f5es haver\u00e1 brinquedos infl\u00e1veis fornecidos pela CIC Imigrante, a partir das 15h30 e passeios de Cedelinho das 14h \u00e0s 17h. \u00c0s [&hellip;]<\/p>\n","protected":false},"author":8,"featured_media":144369,"comment_status":"open","ping_status":"open","sticky":false,"template":"","format":"standard","meta":{"pmpro_default_level":"","_jetpack_memberships_contains_paid_content":false,"footnotes":""},"categories":[2,10999,6],"tags":[34,1154],"class_list":{"0":"post-144346","1":"post","2":"type-post","3":"status-publish","4":"format-standard","5":"has-post-thumbnail","7":"category-featured","8":"category-entretenimento","9":"category-inclusive","10":"tag-imigrante","11":"tag-natal","12":"pmpro-has-access"},"yoast_head":"<!-- This site is optimized with the Yoast SEO plugin v27.5 - https:\/\/yoast.com\/product\/yoast-seo-wordpress\/ -->\n<title>Programa\u00e7\u00e3o\u00a0de Natal de Imigrante inicia neste domingo - Folha Popular<\/title>\n<meta name=\"robots\" content=\"index, follow, max-snippet:-1, max-image-preview:large, max-video-preview:-1\" \/>\n<link rel=\"canonical\" href=\"https:\/\/folhapopular.info\/index.php\/2023\/12\/01\/programacao-de-natal-de-imigrante-inicia-neste-domingo\/\" \/>\n<meta property=\"og:locale\" content=\"pt_BR\" \/>\n<meta property=\"og:type\" content=\"article\" \/>\n<meta property=\"og:title\" content=\"Programa\u00e7\u00e3o\u00a0de Natal de Imigrante inicia neste domingo - Folha Popular\" \/>\n<meta property=\"og:description\" content=\"O munic\u00edpio de Imigrante se prepara para a programa\u00e7\u00e3o de Natal, que iniciar\u00e1 neste domingo (3\/12) com a Vila Noel, o Papai Noel e a ilumina\u00e7\u00e3o Natalina na Pra\u00e7a Municipal Henrique Br\u00fcckner. Dentre as atra\u00e7\u00f5es haver\u00e1 brinquedos infl\u00e1veis fornecidos pela CIC Imigrante, a partir das 15h30 e passeios de Cedelinho das 14h \u00e0s 17h. \u00c0s [&hellip;]\" \/>\n<meta property=\"og:url\" content=\"https:\/\/folhapopular.info\/index.php\/2023\/12\/01\/programacao-de-natal-de-imigrante-inicia-neste-domingo\/\" \/>\n<meta property=\"og:site_name\" content=\"Folha Popular\" \/>\n<meta property=\"article:published_time\" content=\"2023-12-01T18:07:48+00:00\" \/>\n<meta property=\"article:modified_time\" content=\"2023-12-01T18:07:52+00:00\" \/>\n<meta property=\"og:image\" content=\"http:\/\/folhapopular.info\/wp-content\/uploads\/2023\/12\/WhatsApp-Image-2023-12-01-at-14.57.36.jpeg\" \/>\n\t<meta property=\"og:image:width\" content=\"1600\" \/>\n\t<meta property=\"og:image:height\" content=\"1067\" \/>\n\t<meta property=\"og:image:type\" content=\"image\/jpeg\" \/>\n<meta name=\"author\" content=\"Reda\u00e7\u00e3o Folha Popular\" \/>\n<meta name=\"twitter:card\" content=\"summary_large_image\" \/>\n<meta name=\"twitter:label1\" content=\"Escrito por\" \/>\n\t<meta name=\"twitter:data1\" content=\"Reda\u00e7\u00e3o Folha Popular\" \/>\n\t<meta name=\"twitter:label2\" content=\"Est. tempo de leitura\" \/>\n\t<meta name=\"twitter:data2\" content=\"2 minutos\" \/>\n<script type=\"application\/ld+json\" class=\"yoast-schema-graph\">{\"@context\":\"https:\\\/\\\/schema.org\",\"@graph\":[{\"@type\":\"Article\",\"@id\":\"https:\\\/\\\/folhapopular.info\\\/index.php\\\/2023\\\/12\\\/01\\\/programacao-de-natal-de-imigrante-inicia-neste-domingo\\\/#article\",\"isPartOf\":{\"@id\":\"https:\\\/\\\/folhapopular.info\\\/index.php\\\/2023\\\/12\\\/01\\\/programacao-de-natal-de-imigrante-inicia-neste-domingo\\\/\"},\"author\":{\"name\":\"Reda\u00e7\u00e3o Folha Popular\",\"@id\":\"https:\\\/\\\/folhapopular.info\\\/#\\\/schema\\\/person\\\/2814e8a0df7643585a9ca38bc6eb9d4b\"},\"headline\":\"Programa\u00e7\u00e3o\u00a0de Natal de Imigrante inicia neste domingo\",\"datePublished\":\"2023-12-01T18:07:48+00:00\",\"dateModified\":\"2023-12-01T18:07:52+00:00\",\"mainEntityOfPage\":{\"@id\":\"https:\\\/\\\/folhapopular.info\\\/index.php\\\/2023\\\/12\\\/01\\\/programacao-de-natal-de-imigrante-inicia-neste-domingo\\\/\"},\"wordCount\":398,\"commentCount\":0,\"image\":{\"@id\":\"https:\\\/\\\/folhapopular.info\\\/index.php\\\/2023\\\/12\\\/01\\\/programacao-de-natal-de-imigrante-inicia-neste-domingo\\\/#primaryimage\"},\"thumbnailUrl\":\"https:\\\/\\\/folhapopular.info\\\/wp-content\\\/uploads\\\/2023\\\/12\\\/WhatsApp-Image-2023-12-01-at-14.57.36.jpeg\",\"keywords\":[\"Imigrante\",\"Natal\"],\"articleSection\":[\"Destaques\",\"Entretenimento\",\"Inclusive\"],\"inLanguage\":\"pt-BR\",\"potentialAction\":[{\"@type\":\"CommentAction\",\"name\":\"Comment\",\"target\":[\"https:\\\/\\\/folhapopular.info\\\/index.php\\\/2023\\\/12\\\/01\\\/programacao-de-natal-de-imigrante-inicia-neste-domingo\\\/#respond\"]}]},{\"@type\":\"WebPage\",\"@id\":\"https:\\\/\\\/folhapopular.info\\\/index.php\\\/2023\\\/12\\\/01\\\/programacao-de-natal-de-imigrante-inicia-neste-domingo\\\/\",\"url\":\"https:\\\/\\\/folhapopular.info\\\/index.php\\\/2023\\\/12\\\/01\\\/programacao-de-natal-de-imigrante-inicia-neste-domingo\\\/\",\"name\":\"Programa\u00e7\u00e3o\u00a0de Natal de Imigrante inicia neste domingo - Folha Popular\",\"isPartOf\":{\"@id\":\"https:\\\/\\\/folhapopular.info\\\/#website\"},\"primaryImageOfPage\":{\"@id\":\"https:\\\/\\\/folhapopular.info\\\/index.php\\\/2023\\\/12\\\/01\\\/programacao-de-natal-de-imigrante-inicia-neste-domingo\\\/#primaryimage\"},\"image\":{\"@id\":\"https:\\\/\\\/folhapopular.info\\\/index.php\\\/2023\\\/12\\\/01\\\/programacao-de-natal-de-imigrante-inicia-neste-domingo\\\/#primaryimage\"},\"thumbnailUrl\":\"https:\\\/\\\/folhapopular.info\\\/wp-content\\\/uploads\\\/2023\\\/12\\\/WhatsApp-Image-2023-12-01-at-14.57.36.jpeg\",\"datePublished\":\"2023-12-01T18:07:48+00:00\",\"dateModified\":\"2023-12-01T18:07:52+00:00\",\"author\":{\"@id\":\"https:\\\/\\\/folhapopular.info\\\/#\\\/schema\\\/person\\\/2814e8a0df7643585a9ca38bc6eb9d4b\"},\"breadcrumb\":{\"@id\":\"https:\\\/\\\/folhapopular.info\\\/index.php\\\/2023\\\/12\\\/01\\\/programacao-de-natal-de-imigrante-inicia-neste-domingo\\\/#breadcrumb\"},\"inLanguage\":\"pt-BR\",\"potentialAction\":[{\"@type\":\"ReadAction\",\"target\":[\"https:\\\/\\\/folhapopular.info\\\/index.php\\\/2023\\\/12\\\/01\\\/programacao-de-natal-de-imigrante-inicia-neste-domingo\\\/\"]}]},{\"@type\":\"ImageObject\",\"inLanguage\":\"pt-BR\",\"@id\":\"https:\\\/\\\/folhapopular.info\\\/index.php\\\/2023\\\/12\\\/01\\\/programacao-de-natal-de-imigrante-inicia-neste-domingo\\\/#primaryimage\",\"url\":\"https:\\\/\\\/folhapopular.info\\\/wp-content\\\/uploads\\\/2023\\\/12\\\/WhatsApp-Image-2023-12-01-at-14.57.36.jpeg\",\"contentUrl\":\"https:\\\/\\\/folhapopular.info\\\/wp-content\\\/uploads\\\/2023\\\/12\\\/WhatsApp-Image-2023-12-01-at-14.57.36.jpeg\",\"width\":1600,\"height\":1067,\"caption\":\"Cr\u00e9dito: Cris Thom\u00e9 \\\/ Prefeitura de Imigrante\"},{\"@type\":\"BreadcrumbList\",\"@id\":\"https:\\\/\\\/folhapopular.info\\\/index.php\\\/2023\\\/12\\\/01\\\/programacao-de-natal-de-imigrante-inicia-neste-domingo\\\/#breadcrumb\",\"itemListElement\":[{\"@type\":\"ListItem\",\"position\":1,\"name\":\"In\u00edcio\",\"item\":\"https:\\\/\\\/folhapopular.info\\\/\"},{\"@type\":\"ListItem\",\"position\":2,\"name\":\"Programa\u00e7\u00e3o\u00a0de Natal de Imigrante inicia neste domingo\"}]},{\"@type\":\"WebSite\",\"@id\":\"https:\\\/\\\/folhapopular.info\\\/#website\",\"url\":\"https:\\\/\\\/folhapopular.info\\\/\",\"name\":\"Folha Popular\",\"description\":\"Onde voc\u00ea tem vez e voz\",\"potentialAction\":[{\"@type\":\"SearchAction\",\"target\":{\"@type\":\"EntryPoint\",\"urlTemplate\":\"https:\\\/\\\/folhapopular.info\\\/?s={search_term_string}\"},\"query-input\":{\"@type\":\"PropertyValueSpecification\",\"valueRequired\":true,\"valueName\":\"search_term_string\"}}],\"inLanguage\":\"pt-BR\"},{\"@type\":\"Person\",\"@id\":\"https:\\\/\\\/folhapopular.info\\\/#\\\/schema\\\/person\\\/2814e8a0df7643585a9ca38bc6eb9d4b\",\"name\":\"Reda\u00e7\u00e3o Folha Popular\",\"image\":{\"@type\":\"ImageObject\",\"inLanguage\":\"pt-BR\",\"@id\":\"https:\\\/\\\/folhapopular.info\\\/wp-content\\\/uploads\\\/2026\\\/04\\\/Folha-1.webp\",\"url\":\"https:\\\/\\\/folhapopular.info\\\/wp-content\\\/uploads\\\/2026\\\/04\\\/Folha-1.webp\",\"contentUrl\":\"https:\\\/\\\/folhapopular.info\\\/wp-content\\\/uploads\\\/2026\\\/04\\\/Folha-1.webp\",\"caption\":\"Reda\u00e7\u00e3o Folha Popular\"},\"url\":\"https:\\\/\\\/folhapopular.info\\\/index.php\\\/author\\\/redacao\\\/\"}]}<\/script>\n<!-- \/ Yoast SEO plugin. -->","yoast_head_json":{"title":"Programa\u00e7\u00e3o\u00a0de Natal de Imigrante inicia neste domingo - Folha Popular","robots":{"index":"index","follow":"follow","max-snippet":"max-snippet:-1","max-image-preview":"max-image-preview:large","max-video-preview":"max-video-preview:-1"},"canonical":"https:\/\/folhapopular.info\/index.php\/2023\/12\/01\/programacao-de-natal-de-imigrante-inicia-neste-domingo\/","og_locale":"pt_BR","og_type":"article","og_title":"Programa\u00e7\u00e3o\u00a0de Natal de Imigrante inicia neste domingo - Folha Popular","og_description":"O munic\u00edpio de Imigrante se prepara para a programa\u00e7\u00e3o de Natal, que iniciar\u00e1 neste domingo (3\/12) com a Vila Noel, o Papai Noel e a ilumina\u00e7\u00e3o Natalina na Pra\u00e7a Municipal Henrique Br\u00fcckner. Dentre as atra\u00e7\u00f5es haver\u00e1 brinquedos infl\u00e1veis fornecidos pela CIC Imigrante, a partir das 15h30 e passeios de Cedelinho das 14h \u00e0s 17h. \u00c0s [&hellip;]","og_url":"https:\/\/folhapopular.info\/index.php\/2023\/12\/01\/programacao-de-natal-de-imigrante-inicia-neste-domingo\/","og_site_name":"Folha Popular","article_published_time":"2023-12-01T18:07:48+00:00","article_modified_time":"2023-12-01T18:07:52+00:00","og_image":[{"width":1600,"height":1067,"url":"http:\/\/folhapopular.info\/wp-content\/uploads\/2023\/12\/WhatsApp-Image-2023-12-01-at-14.57.36.jpeg","type":"image\/jpeg"}],"author":"Reda\u00e7\u00e3o Folha Popular","twitter_card":"summary_large_image","twitter_misc":{"Escrito por":"Reda\u00e7\u00e3o Folha Popular","Est. tempo de leitura":"2 minutos"},"schema":{"@context":"https:\/\/schema.org","@graph":[{"@type":"Article","@id":"https:\/\/folhapopular.info\/index.php\/2023\/12\/01\/programacao-de-natal-de-imigrante-inicia-neste-domingo\/#article","isPartOf":{"@id":"https:\/\/folhapopular.info\/index.php\/2023\/12\/01\/programacao-de-natal-de-imigrante-inicia-neste-domingo\/"},"author":{"name":"Reda\u00e7\u00e3o Folha Popular","@id":"https:\/\/folhapopular.info\/#\/schema\/person\/2814e8a0df7643585a9ca38bc6eb9d4b"},"headline":"Programa\u00e7\u00e3o\u00a0de Natal de Imigrante inicia neste domingo","datePublished":"2023-12-01T18:07:48+00:00","dateModified":"2023-12-01T18:07:52+00:00","mainEntityOfPage":{"@id":"https:\/\/folhapopular.info\/index.php\/2023\/12\/01\/programacao-de-natal-de-imigrante-inicia-neste-domingo\/"},"wordCount":398,"commentCount":0,"image":{"@id":"https:\/\/folhapopular.info\/index.php\/2023\/12\/01\/programacao-de-natal-de-imigrante-inicia-neste-domingo\/#primaryimage"},"thumbnailUrl":"https:\/\/folhapopular.info\/wp-content\/uploads\/2023\/12\/WhatsApp-Image-2023-12-01-at-14.57.36.jpeg","keywords":["Imigrante","Natal"],"articleSection":["Destaques","Entretenimento","Inclusive"],"inLanguage":"pt-BR","potentialAction":[{"@type":"CommentAction","name":"Comment","target":["https:\/\/folhapopular.info\/index.php\/2023\/12\/01\/programacao-de-natal-de-imigrante-inicia-neste-domingo\/#respond"]}]},{"@type":"WebPage","@id":"https:\/\/folhapopular.info\/index.php\/2023\/12\/01\/programacao-de-natal-de-imigrante-inicia-neste-domingo\/","url":"https:\/\/folhapopular.info\/index.php\/2023\/12\/01\/programacao-de-natal-de-imigrante-inicia-neste-domingo\/","name":"Programa\u00e7\u00e3o\u00a0de Natal de Imigrante inicia neste domingo - Folha Popular","isPartOf":{"@id":"https:\/\/folhapopular.info\/#website"},"primaryImageOfPage":{"@id":"https:\/\/folhapopular.info\/index.php\/2023\/12\/01\/programacao-de-natal-de-imigrante-inicia-neste-domingo\/#primaryimage"},"image":{"@id":"https:\/\/folhapopular.info\/index.php\/2023\/12\/01\/programacao-de-natal-de-imigrante-inicia-neste-domingo\/#primaryimage"},"thumbnailUrl":"https:\/\/folhapopular.info\/wp-content\/uploads\/2023\/12\/WhatsApp-Image-2023-12-01-at-14.57.36.jpeg","datePublished":"2023-12-01T18:07:48+00:00","dateModified":"2023-12-01T18:07:52+00:00","author":{"@id":"https:\/\/folhapopular.info\/#\/schema\/person\/2814e8a0df7643585a9ca38bc6eb9d4b"},"breadcrumb":{"@id":"https:\/\/folhapopular.info\/index.php\/2023\/12\/01\/programacao-de-natal-de-imigrante-inicia-neste-domingo\/#breadcrumb"},"inLanguage":"pt-BR","potentialAction":[{"@type":"ReadAction","target":["https:\/\/folhapopular.info\/index.php\/2023\/12\/01\/programacao-de-natal-de-imigrante-inicia-neste-domingo\/"]}]},{"@type":"ImageObject","inLanguage":"pt-BR","@id":"https:\/\/folhapopular.info\/index.php\/2023\/12\/01\/programacao-de-natal-de-imigrante-inicia-neste-domingo\/#primaryimage","url":"https:\/\/folhapopular.info\/wp-content\/uploads\/2023\/12\/WhatsApp-Image-2023-12-01-at-14.57.36.jpeg","contentUrl":"https:\/\/folhapopular.info\/wp-content\/uploads\/2023\/12\/WhatsApp-Image-2023-12-01-at-14.57.36.jpeg","width":1600,"height":1067,"caption":"Cr\u00e9dito: Cris Thom\u00e9 \/ Prefeitura de Imigrante"},{"@type":"BreadcrumbList","@id":"https:\/\/folhapopular.info\/index.php\/2023\/12\/01\/programacao-de-natal-de-imigrante-inicia-neste-domingo\/#breadcrumb","itemListElement":[{"@type":"ListItem","position":1,"name":"In\u00edcio","item":"https:\/\/folhapopular.info\/"},{"@type":"ListItem","position":2,"name":"Programa\u00e7\u00e3o\u00a0de Natal de Imigrante inicia neste domingo"}]},{"@type":"WebSite","@id":"https:\/\/folhapopular.info\/#website","url":"https:\/\/folhapopular.info\/","name":"Folha Popular","description":"Onde voc\u00ea tem vez e voz","potentialAction":[{"@type":"SearchAction","target":{"@type":"EntryPoint","urlTemplate":"https:\/\/folhapopular.info\/?s={search_term_string}"},"query-input":{"@type":"PropertyValueSpecification","valueRequired":true,"valueName":"search_term_string"}}],"inLanguage":"pt-BR"},{"@type":"Person","@id":"https:\/\/folhapopular.info\/#\/schema\/person\/2814e8a0df7643585a9ca38bc6eb9d4b","name":"Reda\u00e7\u00e3o Folha Popular","image":{"@type":"ImageObject","inLanguage":"pt-BR","@id":"https:\/\/folhapopular.info\/wp-content\/uploads\/2026\/04\/Folha-1.webp","url":"https:\/\/folhapopular.info\/wp-content\/uploads\/2026\/04\/Folha-1.webp","contentUrl":"https:\/\/folhapopular.info\/wp-content\/uploads\/2026\/04\/Folha-1.webp","caption":"Reda\u00e7\u00e3o Folha Popular"},"url":"https:\/\/folhapopular.info\/index.php\/author\/redacao\/"}]}},"jetpack_featured_media_url":"https:\/\/folhapopular.info\/wp-content\/uploads\/2023\/12\/WhatsApp-Image-2023-12-01-at-14.57.36.jpeg","jetpack_sharing_enabled":true,"amp_enabled":true,"_links":{"self":[{"href":"https:\/\/folhapopular.info\/index.php\/wp-json\/wp\/v2\/posts\/144346","targetHints":{"allow":["GET"]}}],"collection":[{"href":"https:\/\/folhapopular.info\/index.php\/wp-json\/wp\/v2\/posts"}],"about":[{"href":"https:\/\/folhapopular.info\/index.php\/wp-json\/wp\/v2\/types\/post"}],"author":[{"embeddable":true,"href":"https:\/\/folhapopular.info\/index.php\/wp-json\/wp\/v2\/users\/8"}],"replies":[{"embeddable":true,"href":"https:\/\/folhapopular.info\/index.php\/wp-json\/wp\/v2\/comments?post=144346"}],"version-history":[{"count":0,"href":"https:\/\/folhapopular.info\/index.php\/wp-json\/wp\/v2\/posts\/144346\/revisions"}],"wp:featuredmedia":[{"embeddable":true,"href":"https:\/\/folhapopular.info\/index.php\/wp-json\/wp\/v2\/media\/144369"}],"wp:attachment":[{"href":"https:\/\/folhapopular.info\/index.php\/wp-json\/wp\/v2\/media?parent=144346"}],"wp:term":[{"taxonomy":"category","embeddable":true,"href":"https:\/\/folhapopular.info\/index.php\/wp-json\/wp\/v2\/categories?post=144346"},{"taxonomy":"post_tag","embeddable":true,"href":"https:\/\/folhapopular.info\/index.php\/wp-json\/wp\/v2\/tags?post=144346"}],"curies":[{"name":"wp","href":"https:\/\/api.w.org\/{rel}","templated":true}]}}