{"id":144347,"date":"2023-12-01T07:52:15","date_gmt":"2023-12-01T10:52:15","guid":{"rendered":"https:\/\/folhapopular.info\/?p=144347"},"modified":"2023-12-01T07:52:17","modified_gmt":"2023-12-01T10:52:17","slug":"chuvas-de-novembro-afetaram-quase-700-mil-pessoas-no-estado-segundo-defesa-civil","status":"publish","type":"post","link":"https:\/\/folhapopular.info\/index.php\/2023\/12\/01\/chuvas-de-novembro-afetaram-quase-700-mil-pessoas-no-estado-segundo-defesa-civil\/","title":{"rendered":"Chuvas de novembro afetaram quase 700 mil pessoas no Estado, segundo Defesa Civil"},"content":{"rendered":"\n<p>Quase 700 mil pessoas foram afetadas direta e indiretamente no Rio Grande do Sul em decorr\u00eancia das chuvas intensas registradas no Estado desde 15 de novembro. Conforme o \u00faltimo balan\u00e7o da Defesa Civil estadual, o n\u00famero de atingidos saltou, em tr\u00eas dias , de 474.136 para 673.188 pessoas.<\/p>\n\n\n\n<p>A quantidade de munic\u00edpios que reportaram danos e ocorr\u00eancias aumentou de 208 para 221. Algumas cidades sinalizaram mais de um fato, a exemplo de Lajeado, que comunicou tr\u00eas ocorr\u00eancias. Por isso, a lista cont\u00e9m, ao todo, 237 itens.<\/p>\n\n\n\n<p>O n\u00famero de pessoas em abrigos p\u00fablicos caiu de 3.545 para 2.685. Na semana passada, chegou a mais de 28 mil o n\u00famero de pessoas que tiveram que deixar suas casas.<\/p>\n\n\n\n<p>No epis\u00f3dio de novembro, o Estado registrou, associados \u00e0s chuvas fortes, vendavais, enxurradas, inunda\u00e7\u00f5es, soterramentos e uma microexplos\u00e3o (uma intensa corrente de vento com poder destrutivo). Al\u00e9m de danos humanos, materiais e ambientais, houve preju\u00edzos econ\u00f4micos e sociais. A dimens\u00e3o dos impactos sofridos varia de acordo com a situa\u00e7\u00e3o de cada munic\u00edpio.<\/p>\n\n\n\n<p>Na sexta-feira (24\/11), o governo do Estado anunciou a amplia\u00e7\u00e3o das transfer\u00eancias fundo a fundo aos munic\u00edpios afetados por eventos meteorol\u00f3gicos. De R$ 60 milh\u00f5es, o valor inicial deve aumentar para R$ 110 milh\u00f5es. A metodologia de repasses do Fundo Estadual da Defesa Civil diretamente para o Fundo Municipal foi estabelecida para desburocratizar o processo e garantir mais celeridade \u00e0 reconstru\u00e7\u00e3o dos munic\u00edpios.<\/p>\n\n\n\n<p>Desde as enchentes de setembro, o governo do Estado j\u00e1 disponibilizou recursos da ordem de R$ 1,26 bilh\u00e3o em a\u00e7\u00f5es de resposta aos estragos causados por ciclones e chuvas intensas. Os aportes incluem repasses para as \u00e1reas da sa\u00fade, conserva\u00e7\u00e3o de estradas, programa Volta por Cima, mobili\u00e1rio de escolas danificadas, aux\u00edlio aluguel e recupera\u00e7\u00e3o de solo das \u00e1reas atingidas, entre outras iniciativas.<\/p>\n\n\n\n<p>Confira a lista de munic\u00edpios que reportaram ocorr\u00eancias desde 15 de novembro:<\/p>\n\n\n\n<div data-wp-interactive=\"core\/file\" class=\"wp-block-file\"><object data-wp-bind--hidden=\"!state.hasPdfPreview\" hidden class=\"wp-block-file__embed\" data=\"https:\/\/folhapopular.info\/wp-content\/uploads\/2023\/12\/eventos-adversos-a-partir-do-dia-15-11-2023-3.pdf\" type=\"application\/pdf\" style=\"width:100%;height:600px\" aria-label=\"Incorporado de eventos-adversos-a-partir-do-dia-15-11-2023-3.\"><\/object><a id=\"wp-block-file--media-90a0a44f-7e77-4808-9a8e-f27c6d7f224b\" href=\"https:\/\/folhapopular.info\/wp-content\/uploads\/2023\/12\/eventos-adversos-a-partir-do-dia-15-11-2023-3.pdf\">eventos-adversos-a-partir-do-dia-15-11-2023-3<\/a><a href=\"https:\/\/folhapopular.info\/wp-content\/uploads\/2023\/12\/eventos-adversos-a-partir-do-dia-15-11-2023-3.pdf\" class=\"wp-block-file__button wp-element-button\" download aria-describedby=\"wp-block-file--media-90a0a44f-7e77-4808-9a8e-f27c6d7f224b\">Baixar<\/a><\/div>\n","protected":false},"excerpt":{"rendered":"<p>Quase 700 mil pessoas foram afetadas direta e indiretamente no Rio Grande do Sul em decorr\u00eancia das chuvas intensas registradas no Estado desde 15 de novembro. Conforme o \u00faltimo balan\u00e7o da Defesa Civil estadual, o n\u00famero de atingidos saltou, em tr\u00eas dias , de 474.136 para 673.188 pessoas. A quantidade de munic\u00edpios que reportaram danos [&hellip;]<\/p>\n","protected":false},"author":8,"featured_media":144349,"comment_status":"open","ping_status":"open","sticky":false,"template":"","format":"standard","meta":{"pmpro_default_level":"","_jetpack_memberships_contains_paid_content":false,"footnotes":""},"categories":[2,3],"tags":[6044,12676,176,1141],"class_list":{"0":"post-144347","1":"post","2":"type-post","3":"status-publish","4":"format-standard","5":"has-post-thumbnail","7":"category-featured","8":"category-geral","9":"tag-chuvas","10":"tag-defesa-civil-estadual","11":"tag-estado","12":"tag-temporais","13":"pmpro-has-access"},"yoast_head":"<!-- This site is optimized with the Yoast SEO plugin v27.5 - https:\/\/yoast.com\/product\/yoast-seo-wordpress\/ -->\n<title>Chuvas de novembro afetaram quase 700 mil pessoas no Estado, segundo Defesa Civil - Folha Popular<\/title>\n<meta name=\"robots\" content=\"index, follow, max-snippet:-1, max-image-preview:large, max-video-preview:-1\" \/>\n<link rel=\"canonical\" href=\"https:\/\/folhapopular.info\/index.php\/2023\/12\/01\/chuvas-de-novembro-afetaram-quase-700-mil-pessoas-no-estado-segundo-defesa-civil\/\" \/>\n<meta property=\"og:locale\" content=\"pt_BR\" \/>\n<meta property=\"og:type\" content=\"article\" \/>\n<meta property=\"og:title\" content=\"Chuvas de novembro afetaram quase 700 mil pessoas no Estado, segundo Defesa Civil - Folha Popular\" \/>\n<meta property=\"og:description\" content=\"Quase 700 mil pessoas foram afetadas direta e indiretamente no Rio Grande do Sul em decorr\u00eancia das chuvas intensas registradas no Estado desde 15 de novembro. Conforme o \u00faltimo balan\u00e7o da Defesa Civil estadual, o n\u00famero de atingidos saltou, em tr\u00eas dias , de 474.136 para 673.188 pessoas. A quantidade de munic\u00edpios que reportaram danos [&hellip;]\" \/>\n<meta property=\"og:url\" content=\"https:\/\/folhapopular.info\/index.php\/2023\/12\/01\/chuvas-de-novembro-afetaram-quase-700-mil-pessoas-no-estado-segundo-defesa-civil\/\" \/>\n<meta property=\"og:site_name\" content=\"Folha Popular\" \/>\n<meta property=\"article:published_time\" content=\"2023-12-01T10:52:15+00:00\" \/>\n<meta property=\"article:modified_time\" content=\"2023-12-01T10:52:17+00:00\" \/>\n<meta property=\"og:image\" content=\"http:\/\/folhapopular.info\/wp-content\/uploads\/2023\/12\/20193034_2106514_GDO.jpg\" \/>\n\t<meta property=\"og:image:width\" content=\"800\" \/>\n\t<meta property=\"og:image:height\" content=\"533\" \/>\n\t<meta property=\"og:image:type\" content=\"image\/jpeg\" \/>\n<meta name=\"author\" content=\"Reda\u00e7\u00e3o Folha Popular\" \/>\n<meta name=\"twitter:card\" content=\"summary_large_image\" \/>\n<meta name=\"twitter:label1\" content=\"Escrito por\" \/>\n\t<meta name=\"twitter:data1\" content=\"Reda\u00e7\u00e3o Folha Popular\" \/>\n\t<meta name=\"twitter:label2\" content=\"Est. tempo de leitura\" \/>\n\t<meta name=\"twitter:data2\" content=\"2 minutos\" \/>\n<script type=\"application\/ld+json\" class=\"yoast-schema-graph\">{\"@context\":\"https:\\\/\\\/schema.org\",\"@graph\":[{\"@type\":\"Article\",\"@id\":\"https:\\\/\\\/folhapopular.info\\\/index.php\\\/2023\\\/12\\\/01\\\/chuvas-de-novembro-afetaram-quase-700-mil-pessoas-no-estado-segundo-defesa-civil\\\/#article\",\"isPartOf\":{\"@id\":\"https:\\\/\\\/folhapopular.info\\\/index.php\\\/2023\\\/12\\\/01\\\/chuvas-de-novembro-afetaram-quase-700-mil-pessoas-no-estado-segundo-defesa-civil\\\/\"},\"author\":{\"name\":\"Reda\u00e7\u00e3o Folha Popular\",\"@id\":\"https:\\\/\\\/folhapopular.info\\\/#\\\/schema\\\/person\\\/2814e8a0df7643585a9ca38bc6eb9d4b\"},\"headline\":\"Chuvas de novembro afetaram quase 700 mil pessoas no Estado, segundo Defesa Civil\",\"datePublished\":\"2023-12-01T10:52:15+00:00\",\"dateModified\":\"2023-12-01T10:52:17+00:00\",\"mainEntityOfPage\":{\"@id\":\"https:\\\/\\\/folhapopular.info\\\/index.php\\\/2023\\\/12\\\/01\\\/chuvas-de-novembro-afetaram-quase-700-mil-pessoas-no-estado-segundo-defesa-civil\\\/\"},\"wordCount\":344,\"commentCount\":0,\"image\":{\"@id\":\"https:\\\/\\\/folhapopular.info\\\/index.php\\\/2023\\\/12\\\/01\\\/chuvas-de-novembro-afetaram-quase-700-mil-pessoas-no-estado-segundo-defesa-civil\\\/#primaryimage\"},\"thumbnailUrl\":\"https:\\\/\\\/folhapopular.info\\\/wp-content\\\/uploads\\\/2023\\\/12\\\/20193034_2106514_GDO.jpg\",\"keywords\":[\"chuvas\",\"defesa civil estadual\",\"Estado\",\"Temporais\"],\"articleSection\":[\"Destaques\",\"Geral\"],\"inLanguage\":\"pt-BR\",\"potentialAction\":[{\"@type\":\"CommentAction\",\"name\":\"Comment\",\"target\":[\"https:\\\/\\\/folhapopular.info\\\/index.php\\\/2023\\\/12\\\/01\\\/chuvas-de-novembro-afetaram-quase-700-mil-pessoas-no-estado-segundo-defesa-civil\\\/#respond\"]}]},{\"@type\":\"WebPage\",\"@id\":\"https:\\\/\\\/folhapopular.info\\\/index.php\\\/2023\\\/12\\\/01\\\/chuvas-de-novembro-afetaram-quase-700-mil-pessoas-no-estado-segundo-defesa-civil\\\/\",\"url\":\"https:\\\/\\\/folhapopular.info\\\/index.php\\\/2023\\\/12\\\/01\\\/chuvas-de-novembro-afetaram-quase-700-mil-pessoas-no-estado-segundo-defesa-civil\\\/\",\"name\":\"Chuvas de novembro afetaram quase 700 mil pessoas no Estado, segundo Defesa Civil - Folha Popular\",\"isPartOf\":{\"@id\":\"https:\\\/\\\/folhapopular.info\\\/#website\"},\"primaryImageOfPage\":{\"@id\":\"https:\\\/\\\/folhapopular.info\\\/index.php\\\/2023\\\/12\\\/01\\\/chuvas-de-novembro-afetaram-quase-700-mil-pessoas-no-estado-segundo-defesa-civil\\\/#primaryimage\"},\"image\":{\"@id\":\"https:\\\/\\\/folhapopular.info\\\/index.php\\\/2023\\\/12\\\/01\\\/chuvas-de-novembro-afetaram-quase-700-mil-pessoas-no-estado-segundo-defesa-civil\\\/#primaryimage\"},\"thumbnailUrl\":\"https:\\\/\\\/folhapopular.info\\\/wp-content\\\/uploads\\\/2023\\\/12\\\/20193034_2106514_GDO.jpg\",\"datePublished\":\"2023-12-01T10:52:15+00:00\",\"dateModified\":\"2023-12-01T10:52:17+00:00\",\"author\":{\"@id\":\"https:\\\/\\\/folhapopular.info\\\/#\\\/schema\\\/person\\\/2814e8a0df7643585a9ca38bc6eb9d4b\"},\"breadcrumb\":{\"@id\":\"https:\\\/\\\/folhapopular.info\\\/index.php\\\/2023\\\/12\\\/01\\\/chuvas-de-novembro-afetaram-quase-700-mil-pessoas-no-estado-segundo-defesa-civil\\\/#breadcrumb\"},\"inLanguage\":\"pt-BR\",\"potentialAction\":[{\"@type\":\"ReadAction\",\"target\":[\"https:\\\/\\\/folhapopular.info\\\/index.php\\\/2023\\\/12\\\/01\\\/chuvas-de-novembro-afetaram-quase-700-mil-pessoas-no-estado-segundo-defesa-civil\\\/\"]}]},{\"@type\":\"ImageObject\",\"inLanguage\":\"pt-BR\",\"@id\":\"https:\\\/\\\/folhapopular.info\\\/index.php\\\/2023\\\/12\\\/01\\\/chuvas-de-novembro-afetaram-quase-700-mil-pessoas-no-estado-segundo-defesa-civil\\\/#primaryimage\",\"url\":\"https:\\\/\\\/folhapopular.info\\\/wp-content\\\/uploads\\\/2023\\\/12\\\/20193034_2106514_GDO.jpg\",\"contentUrl\":\"https:\\\/\\\/folhapopular.info\\\/wp-content\\\/uploads\\\/2023\\\/12\\\/20193034_2106514_GDO.jpg\",\"width\":800,\"height\":533,\"caption\":\"Cr\u00e9dito: Maur\u00edcio Tonetto \\\/ Secom\"},{\"@type\":\"BreadcrumbList\",\"@id\":\"https:\\\/\\\/folhapopular.info\\\/index.php\\\/2023\\\/12\\\/01\\\/chuvas-de-novembro-afetaram-quase-700-mil-pessoas-no-estado-segundo-defesa-civil\\\/#breadcrumb\",\"itemListElement\":[{\"@type\":\"ListItem\",\"position\":1,\"name\":\"In\u00edcio\",\"item\":\"https:\\\/\\\/folhapopular.info\\\/\"},{\"@type\":\"ListItem\",\"position\":2,\"name\":\"Chuvas de novembro afetaram quase 700 mil pessoas no Estado, segundo Defesa Civil\"}]},{\"@type\":\"WebSite\",\"@id\":\"https:\\\/\\\/folhapopular.info\\\/#website\",\"url\":\"https:\\\/\\\/folhapopular.info\\\/\",\"name\":\"Folha Popular\",\"description\":\"Onde voc\u00ea tem vez e voz\",\"potentialAction\":[{\"@type\":\"SearchAction\",\"target\":{\"@type\":\"EntryPoint\",\"urlTemplate\":\"https:\\\/\\\/folhapopular.info\\\/?s={search_term_string}\"},\"query-input\":{\"@type\":\"PropertyValueSpecification\",\"valueRequired\":true,\"valueName\":\"search_term_string\"}}],\"inLanguage\":\"pt-BR\"},{\"@type\":\"Person\",\"@id\":\"https:\\\/\\\/folhapopular.info\\\/#\\\/schema\\\/person\\\/2814e8a0df7643585a9ca38bc6eb9d4b\",\"name\":\"Reda\u00e7\u00e3o Folha Popular\",\"image\":{\"@type\":\"ImageObject\",\"inLanguage\":\"pt-BR\",\"@id\":\"https:\\\/\\\/folhapopular.info\\\/wp-content\\\/uploads\\\/2026\\\/04\\\/Folha-1.webp\",\"url\":\"https:\\\/\\\/folhapopular.info\\\/wp-content\\\/uploads\\\/2026\\\/04\\\/Folha-1.webp\",\"contentUrl\":\"https:\\\/\\\/folhapopular.info\\\/wp-content\\\/uploads\\\/2026\\\/04\\\/Folha-1.webp\",\"caption\":\"Reda\u00e7\u00e3o Folha Popular\"},\"url\":\"https:\\\/\\\/folhapopular.info\\\/index.php\\\/author\\\/redacao\\\/\"}]}<\/script>\n<!-- \/ Yoast SEO plugin. -->","yoast_head_json":{"title":"Chuvas de novembro afetaram quase 700 mil pessoas no Estado, segundo Defesa Civil - Folha Popular","robots":{"index":"index","follow":"follow","max-snippet":"max-snippet:-1","max-image-preview":"max-image-preview:large","max-video-preview":"max-video-preview:-1"},"canonical":"https:\/\/folhapopular.info\/index.php\/2023\/12\/01\/chuvas-de-novembro-afetaram-quase-700-mil-pessoas-no-estado-segundo-defesa-civil\/","og_locale":"pt_BR","og_type":"article","og_title":"Chuvas de novembro afetaram quase 700 mil pessoas no Estado, segundo Defesa Civil - Folha Popular","og_description":"Quase 700 mil pessoas foram afetadas direta e indiretamente no Rio Grande do Sul em decorr\u00eancia das chuvas intensas registradas no Estado desde 15 de novembro. Conforme o \u00faltimo balan\u00e7o da Defesa Civil estadual, o n\u00famero de atingidos saltou, em tr\u00eas dias , de 474.136 para 673.188 pessoas. A quantidade de munic\u00edpios que reportaram danos [&hellip;]","og_url":"https:\/\/folhapopular.info\/index.php\/2023\/12\/01\/chuvas-de-novembro-afetaram-quase-700-mil-pessoas-no-estado-segundo-defesa-civil\/","og_site_name":"Folha Popular","article_published_time":"2023-12-01T10:52:15+00:00","article_modified_time":"2023-12-01T10:52:17+00:00","og_image":[{"width":800,"height":533,"url":"http:\/\/folhapopular.info\/wp-content\/uploads\/2023\/12\/20193034_2106514_GDO.jpg","type":"image\/jpeg"}],"author":"Reda\u00e7\u00e3o Folha Popular","twitter_card":"summary_large_image","twitter_misc":{"Escrito por":"Reda\u00e7\u00e3o Folha Popular","Est. tempo de leitura":"2 minutos"},"schema":{"@context":"https:\/\/schema.org","@graph":[{"@type":"Article","@id":"https:\/\/folhapopular.info\/index.php\/2023\/12\/01\/chuvas-de-novembro-afetaram-quase-700-mil-pessoas-no-estado-segundo-defesa-civil\/#article","isPartOf":{"@id":"https:\/\/folhapopular.info\/index.php\/2023\/12\/01\/chuvas-de-novembro-afetaram-quase-700-mil-pessoas-no-estado-segundo-defesa-civil\/"},"author":{"name":"Reda\u00e7\u00e3o Folha Popular","@id":"https:\/\/folhapopular.info\/#\/schema\/person\/2814e8a0df7643585a9ca38bc6eb9d4b"},"headline":"Chuvas de novembro afetaram quase 700 mil pessoas no Estado, segundo Defesa Civil","datePublished":"2023-12-01T10:52:15+00:00","dateModified":"2023-12-01T10:52:17+00:00","mainEntityOfPage":{"@id":"https:\/\/folhapopular.info\/index.php\/2023\/12\/01\/chuvas-de-novembro-afetaram-quase-700-mil-pessoas-no-estado-segundo-defesa-civil\/"},"wordCount":344,"commentCount":0,"image":{"@id":"https:\/\/folhapopular.info\/index.php\/2023\/12\/01\/chuvas-de-novembro-afetaram-quase-700-mil-pessoas-no-estado-segundo-defesa-civil\/#primaryimage"},"thumbnailUrl":"https:\/\/folhapopular.info\/wp-content\/uploads\/2023\/12\/20193034_2106514_GDO.jpg","keywords":["chuvas","defesa civil estadual","Estado","Temporais"],"articleSection":["Destaques","Geral"],"inLanguage":"pt-BR","potentialAction":[{"@type":"CommentAction","name":"Comment","target":["https:\/\/folhapopular.info\/index.php\/2023\/12\/01\/chuvas-de-novembro-afetaram-quase-700-mil-pessoas-no-estado-segundo-defesa-civil\/#respond"]}]},{"@type":"WebPage","@id":"https:\/\/folhapopular.info\/index.php\/2023\/12\/01\/chuvas-de-novembro-afetaram-quase-700-mil-pessoas-no-estado-segundo-defesa-civil\/","url":"https:\/\/folhapopular.info\/index.php\/2023\/12\/01\/chuvas-de-novembro-afetaram-quase-700-mil-pessoas-no-estado-segundo-defesa-civil\/","name":"Chuvas de novembro afetaram quase 700 mil pessoas no Estado, segundo Defesa Civil - Folha Popular","isPartOf":{"@id":"https:\/\/folhapopular.info\/#website"},"primaryImageOfPage":{"@id":"https:\/\/folhapopular.info\/index.php\/2023\/12\/01\/chuvas-de-novembro-afetaram-quase-700-mil-pessoas-no-estado-segundo-defesa-civil\/#primaryimage"},"image":{"@id":"https:\/\/folhapopular.info\/index.php\/2023\/12\/01\/chuvas-de-novembro-afetaram-quase-700-mil-pessoas-no-estado-segundo-defesa-civil\/#primaryimage"},"thumbnailUrl":"https:\/\/folhapopular.info\/wp-content\/uploads\/2023\/12\/20193034_2106514_GDO.jpg","datePublished":"2023-12-01T10:52:15+00:00","dateModified":"2023-12-01T10:52:17+00:00","author":{"@id":"https:\/\/folhapopular.info\/#\/schema\/person\/2814e8a0df7643585a9ca38bc6eb9d4b"},"breadcrumb":{"@id":"https:\/\/folhapopular.info\/index.php\/2023\/12\/01\/chuvas-de-novembro-afetaram-quase-700-mil-pessoas-no-estado-segundo-defesa-civil\/#breadcrumb"},"inLanguage":"pt-BR","potentialAction":[{"@type":"ReadAction","target":["https:\/\/folhapopular.info\/index.php\/2023\/12\/01\/chuvas-de-novembro-afetaram-quase-700-mil-pessoas-no-estado-segundo-defesa-civil\/"]}]},{"@type":"ImageObject","inLanguage":"pt-BR","@id":"https:\/\/folhapopular.info\/index.php\/2023\/12\/01\/chuvas-de-novembro-afetaram-quase-700-mil-pessoas-no-estado-segundo-defesa-civil\/#primaryimage","url":"https:\/\/folhapopular.info\/wp-content\/uploads\/2023\/12\/20193034_2106514_GDO.jpg","contentUrl":"https:\/\/folhapopular.info\/wp-content\/uploads\/2023\/12\/20193034_2106514_GDO.jpg","width":800,"height":533,"caption":"Cr\u00e9dito: Maur\u00edcio Tonetto \/ Secom"},{"@type":"BreadcrumbList","@id":"https:\/\/folhapopular.info\/index.php\/2023\/12\/01\/chuvas-de-novembro-afetaram-quase-700-mil-pessoas-no-estado-segundo-defesa-civil\/#breadcrumb","itemListElement":[{"@type":"ListItem","position":1,"name":"In\u00edcio","item":"https:\/\/folhapopular.info\/"},{"@type":"ListItem","position":2,"name":"Chuvas de novembro afetaram quase 700 mil pessoas no Estado, segundo Defesa Civil"}]},{"@type":"WebSite","@id":"https:\/\/folhapopular.info\/#website","url":"https:\/\/folhapopular.info\/","name":"Folha Popular","description":"Onde voc\u00ea tem vez e voz","potentialAction":[{"@type":"SearchAction","target":{"@type":"EntryPoint","urlTemplate":"https:\/\/folhapopular.info\/?s={search_term_string}"},"query-input":{"@type":"PropertyValueSpecification","valueRequired":true,"valueName":"search_term_string"}}],"inLanguage":"pt-BR"},{"@type":"Person","@id":"https:\/\/folhapopular.info\/#\/schema\/person\/2814e8a0df7643585a9ca38bc6eb9d4b","name":"Reda\u00e7\u00e3o Folha Popular","image":{"@type":"ImageObject","inLanguage":"pt-BR","@id":"https:\/\/folhapopular.info\/wp-content\/uploads\/2026\/04\/Folha-1.webp","url":"https:\/\/folhapopular.info\/wp-content\/uploads\/2026\/04\/Folha-1.webp","contentUrl":"https:\/\/folhapopular.info\/wp-content\/uploads\/2026\/04\/Folha-1.webp","caption":"Reda\u00e7\u00e3o Folha Popular"},"url":"https:\/\/folhapopular.info\/index.php\/author\/redacao\/"}]}},"jetpack_featured_media_url":"https:\/\/folhapopular.info\/wp-content\/uploads\/2023\/12\/20193034_2106514_GDO.jpg","jetpack_sharing_enabled":true,"amp_enabled":true,"_links":{"self":[{"href":"https:\/\/folhapopular.info\/index.php\/wp-json\/wp\/v2\/posts\/144347","targetHints":{"allow":["GET"]}}],"collection":[{"href":"https:\/\/folhapopular.info\/index.php\/wp-json\/wp\/v2\/posts"}],"about":[{"href":"https:\/\/folhapopular.info\/index.php\/wp-json\/wp\/v2\/types\/post"}],"author":[{"embeddable":true,"href":"https:\/\/folhapopular.info\/index.php\/wp-json\/wp\/v2\/users\/8"}],"replies":[{"embeddable":true,"href":"https:\/\/folhapopular.info\/index.php\/wp-json\/wp\/v2\/comments?post=144347"}],"version-history":[{"count":0,"href":"https:\/\/folhapopular.info\/index.php\/wp-json\/wp\/v2\/posts\/144347\/revisions"}],"wp:featuredmedia":[{"embeddable":true,"href":"https:\/\/folhapopular.info\/index.php\/wp-json\/wp\/v2\/media\/144349"}],"wp:attachment":[{"href":"https:\/\/folhapopular.info\/index.php\/wp-json\/wp\/v2\/media?parent=144347"}],"wp:term":[{"taxonomy":"category","embeddable":true,"href":"https:\/\/folhapopular.info\/index.php\/wp-json\/wp\/v2\/categories?post=144347"},{"taxonomy":"post_tag","embeddable":true,"href":"https:\/\/folhapopular.info\/index.php\/wp-json\/wp\/v2\/tags?post=144347"}],"curies":[{"name":"wp","href":"https:\/\/api.w.org\/{rel}","templated":true}]}}