{"id":144378,"date":"2023-12-01T17:02:45","date_gmt":"2023-12-01T20:02:45","guid":{"rendered":"https:\/\/folhapopular.info\/?p=144378"},"modified":"2023-12-01T17:02:48","modified_gmt":"2023-12-01T20:02:48","slug":"em-almoco-na-cic-teutonia-economista-projeta-crescimento-de-15-em-2024","status":"publish","type":"post","link":"https:\/\/folhapopular.info\/index.php\/2023\/12\/01\/em-almoco-na-cic-teutonia-economista-projeta-crescimento-de-15-em-2024\/","title":{"rendered":"Em almo\u00e7o na CIC Teut\u00f4nia, economista projeta crescimento de 1,5% em 2024"},"content":{"rendered":"\n<p>A C\u00e2mara de Ind\u00fastria, Com\u00e9rcio e Servi\u00e7os (CIC) Teut\u00f4nia realizou o \u00faltimo almo\u00e7o empresarial deste ano no dia do anivers\u00e1rio da entidade. A economista Eleonora de Oliveira abordou o tema \u201cCen\u00e1rios econ\u00f4micos e perspectivas para 2024\u201d ao meio-dia desta sexta-feira (1\u00ba\/12), no audit\u00f3rio da entidade. A proje\u00e7\u00e3o geral dela \u00e9 o Brasil manter crescimento, por\u00e9m em um patamar menor do que neste ano.<\/p>\n\n\n\n<p>Se em 2023 projeta-se fechar o crescimento do Produto Interno Bruto (PIB) em 3% &#8211; para 2024 a previs\u00e3o \u00e9 de 1,5%. \u201cNas pr\u00f3ximas semanas fecharemos a proje\u00e7\u00e3o com mudan\u00e7a positiva, podendo chegar a 1,7% a 1,8%\u201d, avaliou. N\u00e3o prev\u00ea crescimento espetacular para 2024 em fun\u00e7\u00e3o das quest\u00f5es clim\u00e1ticas. \u201cTeremos crescimento mais homog\u00eaneo entre os setores. O 1,5% tem ganhado vi\u00e9s de alta porque temos nos surpreendido com a economia brasileira\u201d, acrescentou.<\/p>\n\n\n\n<p>A retomada p\u00f3s-pandemia foi intensa no Brasil e com ritmo de crescimento superior ao do per\u00edodo anterior. \u201cO crescimento surpreende nos \u00faltimos anos. Pode ser reflexo do ciclo de reformas que ocorreram desde 2016. E tr\u00eas fatores adicionais contribu\u00edram: pre\u00e7o das <em>commodities<\/em>, reabertura da economia e gastos p\u00fablicos elevados\u201d, apontou.<\/p>\n\n\n\n<p>Ela citou que 1,5% a 1,6% \u00e9 o crescimento natural, sem nenhum est\u00edmulo. Depois da pandemia, o potencial de crescimento subiu para 1,8% a 2,0%. \u201cIsso \u00e9 muito positivo para a economia brasileira. Permite crescer mais sem gerar tantas press\u00f5es inflacion\u00e1rias ou no mercado de trabalho\u201d, sinalizou.<\/p>\n\n\n\n<p>O Agro teve safra recorde e significou a maior parte do crescimento econ\u00f4mico do Brasil em 2023. Ind\u00fastria e Servi\u00e7os tiveram resposta menor. Na \u00f3tica da demanda, ainda temos consumo das fam\u00edlias em bom patamar e o investimento sinaliza andando de lado ou negativo.<\/p>\n\n\n\n<p>\u201cCrescimento mais moderado, juros globais elevados, d\u00f3lar ainda forte e risco geopol\u00edtico limitam a economia brasileira nas duas pontas\u201d, explica Eleonora. A infla\u00e7\u00e3o vai continuar em queda, mas de maneira gradual, podendo chegar a 3,9% ao ano em 2024. A taxa de juros tamb\u00e9m manter\u00e1 redu\u00e7\u00e3o, no entanto sempre em ritmo muito lento. \u201cIsso s\u00f3 se reflete em seis trimestres, move-se em velocidade lenta. Demora para o efeito chegar na ponta\u201d, alertou.<\/p>\n\n\n\n<p>A infla\u00e7\u00e3o foi uma das piores heran\u00e7as da pandemia. As economias desenvolvidas debelam o problema, mas ainda n\u00e3o chegou-se \u00e0 meta de 2%. \u201cTivemos uma s\u00e9rie muito longa de taxa de juros elevada, o que historicamente acaba em recess\u00e3o. A economia norte-americana ser\u00e1 resiliente ao aperto monet\u00e1rio? Somente um dos \u00faltimos 11 apertos teve pouso suave perfeito da economia norte-americana\u201d, explicou a economista.<\/p>\n\n\n\n<p>A situa\u00e7\u00e3o financeira das fam\u00edlias em termos de renda est\u00e1 positiva \u2013 teve recupera\u00e7\u00e3o fant\u00e1stica p\u00f3s-pandemia e n\u00e3o v\u00ea isso desacelerando. Em termos de d\u00edvida, a situa\u00e7\u00e3o \u00e9 mais delicada, com a inadimpl\u00eancia subindo. O mercado de trabalho permanece s\u00f3lido e ajuda na melhora da situa\u00e7\u00e3o financeira das fam\u00edlias \u2013 a tend\u00eancia \u00e9 estabilizar o desemprego ou subir um pouco.<\/p>\n\n\n\n<p>Para 2024 projeta-se a Taxa Selic cair at\u00e9 9%, ainda elevada, mas o Banco Central precisa manter ritmo restritivo para infla\u00e7\u00e3o baixar e chegar \u00e0 meta de 3%. \u201cN\u00e3o d\u00e1 para baixar na marra porque os efeitos aparecem. Da outra vez, em 2012, ca\u00edmos primeiro, mas depois subimos para 14,25%\u201d, alertou.<\/p>\n\n\n\n<p>A economista Eleonora de Oliveira sugere aten\u00e7\u00e3o ao teto de gastos do governo, porque cumprir a meta impacta a trajet\u00f3ria da d\u00edvida p\u00fablica do governo, totalmente atrelada \u00e0 taxa Selic. \u201cPara melhorar a trajet\u00f3ria da d\u00edvida \u00e9 necess\u00e1rio um ajuste fiscal de R$ 168 bilh\u00f5es\u201d, sinalizou.<\/p>\n\n\n\n<p>Os maiores riscos para a economia brasileira tem origem no cen\u00e1rio externo. Entender isto ser\u00e1 importante, por\u00e9m o cen\u00e1rio global se tornou mais incerto, a partir da pandemia e guerra da Ucr\u00e2nica. \u201cVamos ter uma nova din\u00e2mica geopol\u00edtica e mudam-se as alian\u00e7as de pa\u00edses. Imagina como vai ser, mas possivelmente uma desglobaliza\u00e7\u00e3o, de menor depend\u00eancia de determinadas economias e tem seus efeitos via pre\u00e7o\u201d, projetou a economista.<\/p>\n\n\n\n<h2 class=\"wp-block-heading\">CIC 24 anos<\/h2>\n\n\n\n<p>O presidente da CIC, Renato Lauri Scheffler, agradeceu a presen\u00e7a de todos para comemorar o anivers\u00e1rio, num vale associativista e sugeriu Teut\u00f4nia pleitear o t\u00edtulo de cidade do associativismo. \u201cImportante termos os n\u00fameros e dados para programar para o pr\u00f3ximo ano, como vamos prosseguir no nosso neg\u00f3cio. Nos preparamos para o que vir\u00e1 para frente\u201d, destacou sobre a palestra.<\/p>\n\n\n\n<figure class=\"wp-block-image size-full is-resized\"><img loading=\"lazy\" decoding=\"async\" src=\"https:\/\/folhapopular.info\/wp-content\/uploads\/2023\/12\/image-edited.png\" alt=\"\" class=\"wp-image-144381\" width=\"1024\" height=\"576\" srcset=\"https:\/\/folhapopular.info\/wp-content\/uploads\/2023\/12\/image-edited.png 1024w, https:\/\/folhapopular.info\/wp-content\/uploads\/2023\/12\/image-edited-300x169.png 300w, https:\/\/folhapopular.info\/wp-content\/uploads\/2023\/12\/image-edited-768x432.png 768w, https:\/\/folhapopular.info\/wp-content\/uploads\/2023\/12\/image-edited-696x392.png 696w\" sizes=\"auto, (max-width: 1024px) 100vw, 1024px\" \/><figcaption class=\"wp-element-caption\">Cr\u00e9dito: Lucas Leandro Brune<\/figcaption><\/figure>\n\n\n\n<h2 class=\"wp-block-heading\">Proje\u00e7\u00f5es do cen\u00e1rio macroecon\u00f4mico<\/h2>\n\n\n\n<p><strong>Taxa Selic<\/strong><br>Novembro de 2023 &#8211; 12,25%<br>Proje\u00e7\u00e3o 2023 &#8211; 11,75%<br>Proje\u00e7\u00e3o 2024 &#8211; 9,00%<\/p>\n\n\n\n<p><strong>Crescimento do PIB<\/strong><br>2022 &#8211; 2,9%<br>Proje\u00e7\u00e3o 2023 &#8211; 3,0%<br>Proje\u00e7\u00e3o 2024 &#8211; 1,5%<\/p>\n\n\n\n<p><strong>Infla\u00e7\u00e3o IPCA<\/strong><br>Outubro de 2023 &#8211; 4,8%<br>Proje\u00e7\u00e3o 2023 &#8211; 4,5%<br>Proje\u00e7\u00e3o 2024 &#8211; 3,9%<\/p>\n\n\n\n<p><strong>Taxa C\u00e2mbio (R$\/US$)<\/strong><br>Outubro de 2023 &#8211; R$ 5,06<br>Proje\u00e7\u00e3o 2023 &#8211; R$ 5,10<br>Proje\u00e7\u00e3o 2024 &#8211; R$ 5,20<\/p>\n","protected":false},"excerpt":{"rendered":"<p>A C\u00e2mara de Ind\u00fastria, Com\u00e9rcio e Servi\u00e7os (CIC) Teut\u00f4nia realizou o \u00faltimo almo\u00e7o empresarial deste ano no dia do anivers\u00e1rio da entidade. A economista Eleonora de Oliveira abordou o tema \u201cCen\u00e1rios econ\u00f4micos e perspectivas para 2024\u201d ao meio-dia desta sexta-feira (1\u00ba\/12), no audit\u00f3rio da entidade. A proje\u00e7\u00e3o geral dela \u00e9 o Brasil manter crescimento, por\u00e9m [&hellip;]<\/p>\n","protected":false},"author":7,"featured_media":144380,"comment_status":"open","ping_status":"open","sticky":false,"template":"","format":"standard","meta":{"pmpro_default_level":"","_jetpack_memberships_contains_paid_content":false,"footnotes":""},"categories":[2,10991],"tags":[13698,178,11818],"class_list":{"0":"post-144378","1":"post","2":"type-post","3":"status-publish","4":"format-standard","5":"has-post-thumbnail","7":"category-featured","8":"category-economia","9":"tag-cenario-economico","10":"tag-cic-teutonia","11":"tag-economista","12":"pmpro-has-access"},"yoast_head":"<!-- This site is optimized with the Yoast SEO plugin v27.5 - https:\/\/yoast.com\/product\/yoast-seo-wordpress\/ -->\n<title>Em almo\u00e7o na CIC Teut\u00f4nia, economista projeta crescimento de 1,5% em 2024 - Folha Popular<\/title>\n<meta name=\"robots\" content=\"index, follow, max-snippet:-1, max-image-preview:large, max-video-preview:-1\" \/>\n<link rel=\"canonical\" href=\"https:\/\/folhapopular.info\/index.php\/2023\/12\/01\/em-almoco-na-cic-teutonia-economista-projeta-crescimento-de-15-em-2024\/\" \/>\n<meta property=\"og:locale\" content=\"pt_BR\" \/>\n<meta property=\"og:type\" content=\"article\" \/>\n<meta property=\"og:title\" content=\"Em almo\u00e7o na CIC Teut\u00f4nia, economista projeta crescimento de 1,5% em 2024 - Folha Popular\" \/>\n<meta property=\"og:description\" content=\"A C\u00e2mara de Ind\u00fastria, Com\u00e9rcio e Servi\u00e7os (CIC) Teut\u00f4nia realizou o \u00faltimo almo\u00e7o empresarial deste ano no dia do anivers\u00e1rio da entidade. A economista Eleonora de Oliveira abordou o tema \u201cCen\u00e1rios econ\u00f4micos e perspectivas para 2024\u201d ao meio-dia desta sexta-feira (1\u00ba\/12), no audit\u00f3rio da entidade. A proje\u00e7\u00e3o geral dela \u00e9 o Brasil manter crescimento, por\u00e9m [&hellip;]\" \/>\n<meta property=\"og:url\" content=\"https:\/\/folhapopular.info\/index.php\/2023\/12\/01\/em-almoco-na-cic-teutonia-economista-projeta-crescimento-de-15-em-2024\/\" \/>\n<meta property=\"og:site_name\" content=\"Folha Popular\" \/>\n<meta property=\"article:published_time\" content=\"2023-12-01T20:02:45+00:00\" \/>\n<meta property=\"article:modified_time\" content=\"2023-12-01T20:02:48+00:00\" \/>\n<meta property=\"og:image\" content=\"http:\/\/folhapopular.info\/wp-content\/uploads\/2023\/12\/WhatsApp-Image-2023-12-01-at-16.38.26-e1701460913839.jpeg\" \/>\n\t<meta property=\"og:image:width\" content=\"768\" \/>\n\t<meta property=\"og:image:height\" content=\"542\" \/>\n\t<meta property=\"og:image:type\" content=\"image\/jpeg\" \/>\n<meta name=\"author\" content=\"Lucas Leandro Brune\" \/>\n<meta name=\"twitter:card\" content=\"summary_large_image\" \/>\n<meta name=\"twitter:label1\" content=\"Escrito por\" \/>\n\t<meta name=\"twitter:data1\" content=\"Lucas Leandro Brune\" \/>\n\t<meta name=\"twitter:label2\" content=\"Est. tempo de leitura\" \/>\n\t<meta name=\"twitter:data2\" content=\"5 minutos\" \/>\n<script type=\"application\/ld+json\" class=\"yoast-schema-graph\">{\"@context\":\"https:\\\/\\\/schema.org\",\"@graph\":[{\"@type\":\"Article\",\"@id\":\"https:\\\/\\\/folhapopular.info\\\/index.php\\\/2023\\\/12\\\/01\\\/em-almoco-na-cic-teutonia-economista-projeta-crescimento-de-15-em-2024\\\/#article\",\"isPartOf\":{\"@id\":\"https:\\\/\\\/folhapopular.info\\\/index.php\\\/2023\\\/12\\\/01\\\/em-almoco-na-cic-teutonia-economista-projeta-crescimento-de-15-em-2024\\\/\"},\"author\":{\"name\":\"Lucas Leandro Brune\",\"@id\":\"https:\\\/\\\/folhapopular.info\\\/#\\\/schema\\\/person\\\/533a15f60cd49e81ab3a90b4ca33cb36\"},\"headline\":\"Em almo\u00e7o na CIC Teut\u00f4nia, economista projeta crescimento de 1,5% em 2024\",\"datePublished\":\"2023-12-01T20:02:45+00:00\",\"dateModified\":\"2023-12-01T20:02:48+00:00\",\"mainEntityOfPage\":{\"@id\":\"https:\\\/\\\/folhapopular.info\\\/index.php\\\/2023\\\/12\\\/01\\\/em-almoco-na-cic-teutonia-economista-projeta-crescimento-de-15-em-2024\\\/\"},\"wordCount\":820,\"commentCount\":0,\"image\":{\"@id\":\"https:\\\/\\\/folhapopular.info\\\/index.php\\\/2023\\\/12\\\/01\\\/em-almoco-na-cic-teutonia-economista-projeta-crescimento-de-15-em-2024\\\/#primaryimage\"},\"thumbnailUrl\":\"https:\\\/\\\/folhapopular.info\\\/wp-content\\\/uploads\\\/2023\\\/12\\\/WhatsApp-Image-2023-12-01-at-16.38.26-e1701460913839.jpeg\",\"keywords\":[\"Cen\u00e1rio Econ\u00f4mico\",\"CIC Teut\u00f4nia\",\"Economista\"],\"articleSection\":[\"Destaques\",\"Economia\"],\"inLanguage\":\"pt-BR\",\"potentialAction\":[{\"@type\":\"CommentAction\",\"name\":\"Comment\",\"target\":[\"https:\\\/\\\/folhapopular.info\\\/index.php\\\/2023\\\/12\\\/01\\\/em-almoco-na-cic-teutonia-economista-projeta-crescimento-de-15-em-2024\\\/#respond\"]}]},{\"@type\":\"WebPage\",\"@id\":\"https:\\\/\\\/folhapopular.info\\\/index.php\\\/2023\\\/12\\\/01\\\/em-almoco-na-cic-teutonia-economista-projeta-crescimento-de-15-em-2024\\\/\",\"url\":\"https:\\\/\\\/folhapopular.info\\\/index.php\\\/2023\\\/12\\\/01\\\/em-almoco-na-cic-teutonia-economista-projeta-crescimento-de-15-em-2024\\\/\",\"name\":\"Em almo\u00e7o na CIC Teut\u00f4nia, economista projeta crescimento de 1,5% em 2024 - Folha Popular\",\"isPartOf\":{\"@id\":\"https:\\\/\\\/folhapopular.info\\\/#website\"},\"primaryImageOfPage\":{\"@id\":\"https:\\\/\\\/folhapopular.info\\\/index.php\\\/2023\\\/12\\\/01\\\/em-almoco-na-cic-teutonia-economista-projeta-crescimento-de-15-em-2024\\\/#primaryimage\"},\"image\":{\"@id\":\"https:\\\/\\\/folhapopular.info\\\/index.php\\\/2023\\\/12\\\/01\\\/em-almoco-na-cic-teutonia-economista-projeta-crescimento-de-15-em-2024\\\/#primaryimage\"},\"thumbnailUrl\":\"https:\\\/\\\/folhapopular.info\\\/wp-content\\\/uploads\\\/2023\\\/12\\\/WhatsApp-Image-2023-12-01-at-16.38.26-e1701460913839.jpeg\",\"datePublished\":\"2023-12-01T20:02:45+00:00\",\"dateModified\":\"2023-12-01T20:02:48+00:00\",\"author\":{\"@id\":\"https:\\\/\\\/folhapopular.info\\\/#\\\/schema\\\/person\\\/533a15f60cd49e81ab3a90b4ca33cb36\"},\"breadcrumb\":{\"@id\":\"https:\\\/\\\/folhapopular.info\\\/index.php\\\/2023\\\/12\\\/01\\\/em-almoco-na-cic-teutonia-economista-projeta-crescimento-de-15-em-2024\\\/#breadcrumb\"},\"inLanguage\":\"pt-BR\",\"potentialAction\":[{\"@type\":\"ReadAction\",\"target\":[\"https:\\\/\\\/folhapopular.info\\\/index.php\\\/2023\\\/12\\\/01\\\/em-almoco-na-cic-teutonia-economista-projeta-crescimento-de-15-em-2024\\\/\"]}]},{\"@type\":\"ImageObject\",\"inLanguage\":\"pt-BR\",\"@id\":\"https:\\\/\\\/folhapopular.info\\\/index.php\\\/2023\\\/12\\\/01\\\/em-almoco-na-cic-teutonia-economista-projeta-crescimento-de-15-em-2024\\\/#primaryimage\",\"url\":\"https:\\\/\\\/folhapopular.info\\\/wp-content\\\/uploads\\\/2023\\\/12\\\/WhatsApp-Image-2023-12-01-at-16.38.26-e1701460913839.jpeg\",\"contentUrl\":\"https:\\\/\\\/folhapopular.info\\\/wp-content\\\/uploads\\\/2023\\\/12\\\/WhatsApp-Image-2023-12-01-at-16.38.26-e1701460913839.jpeg\",\"width\":768,\"height\":542,\"caption\":\"Cr\u00e9dito: Lucas Leandro Brune\"},{\"@type\":\"BreadcrumbList\",\"@id\":\"https:\\\/\\\/folhapopular.info\\\/index.php\\\/2023\\\/12\\\/01\\\/em-almoco-na-cic-teutonia-economista-projeta-crescimento-de-15-em-2024\\\/#breadcrumb\",\"itemListElement\":[{\"@type\":\"ListItem\",\"position\":1,\"name\":\"In\u00edcio\",\"item\":\"https:\\\/\\\/folhapopular.info\\\/\"},{\"@type\":\"ListItem\",\"position\":2,\"name\":\"Em almo\u00e7o na CIC Teut\u00f4nia, economista projeta crescimento de 1,5% em 2024\"}]},{\"@type\":\"WebSite\",\"@id\":\"https:\\\/\\\/folhapopular.info\\\/#website\",\"url\":\"https:\\\/\\\/folhapopular.info\\\/\",\"name\":\"Folha Popular\",\"description\":\"Onde voc\u00ea tem vez e voz\",\"potentialAction\":[{\"@type\":\"SearchAction\",\"target\":{\"@type\":\"EntryPoint\",\"urlTemplate\":\"https:\\\/\\\/folhapopular.info\\\/?s={search_term_string}\"},\"query-input\":{\"@type\":\"PropertyValueSpecification\",\"valueRequired\":true,\"valueName\":\"search_term_string\"}}],\"inLanguage\":\"pt-BR\"},{\"@type\":\"Person\",\"@id\":\"https:\\\/\\\/folhapopular.info\\\/#\\\/schema\\\/person\\\/533a15f60cd49e81ab3a90b4ca33cb36\",\"name\":\"Lucas Leandro Brune\",\"image\":{\"@type\":\"ImageObject\",\"inLanguage\":\"pt-BR\",\"@id\":\"https:\\\/\\\/folhapopular.info\\\/wp-content\\\/uploads\\\/2026\\\/04\\\/LUCAS-1-1.webp\",\"url\":\"https:\\\/\\\/folhapopular.info\\\/wp-content\\\/uploads\\\/2026\\\/04\\\/LUCAS-1-1.webp\",\"contentUrl\":\"https:\\\/\\\/folhapopular.info\\\/wp-content\\\/uploads\\\/2026\\\/04\\\/LUCAS-1-1.webp\",\"caption\":\"Lucas Leandro Brune\"},\"description\":\"Jornalista Profissional Diplomado MTB\\\/RS 14.333\",\"url\":\"https:\\\/\\\/folhapopular.info\\\/index.php\\\/author\\\/lucas-brune\\\/\"}]}<\/script>\n<!-- \/ Yoast SEO plugin. -->","yoast_head_json":{"title":"Em almo\u00e7o na CIC Teut\u00f4nia, economista projeta crescimento de 1,5% em 2024 - Folha Popular","robots":{"index":"index","follow":"follow","max-snippet":"max-snippet:-1","max-image-preview":"max-image-preview:large","max-video-preview":"max-video-preview:-1"},"canonical":"https:\/\/folhapopular.info\/index.php\/2023\/12\/01\/em-almoco-na-cic-teutonia-economista-projeta-crescimento-de-15-em-2024\/","og_locale":"pt_BR","og_type":"article","og_title":"Em almo\u00e7o na CIC Teut\u00f4nia, economista projeta crescimento de 1,5% em 2024 - Folha Popular","og_description":"A C\u00e2mara de Ind\u00fastria, Com\u00e9rcio e Servi\u00e7os (CIC) Teut\u00f4nia realizou o \u00faltimo almo\u00e7o empresarial deste ano no dia do anivers\u00e1rio da entidade. A economista Eleonora de Oliveira abordou o tema \u201cCen\u00e1rios econ\u00f4micos e perspectivas para 2024\u201d ao meio-dia desta sexta-feira (1\u00ba\/12), no audit\u00f3rio da entidade. A proje\u00e7\u00e3o geral dela \u00e9 o Brasil manter crescimento, por\u00e9m [&hellip;]","og_url":"https:\/\/folhapopular.info\/index.php\/2023\/12\/01\/em-almoco-na-cic-teutonia-economista-projeta-crescimento-de-15-em-2024\/","og_site_name":"Folha Popular","article_published_time":"2023-12-01T20:02:45+00:00","article_modified_time":"2023-12-01T20:02:48+00:00","og_image":[{"width":768,"height":542,"url":"http:\/\/folhapopular.info\/wp-content\/uploads\/2023\/12\/WhatsApp-Image-2023-12-01-at-16.38.26-e1701460913839.jpeg","type":"image\/jpeg"}],"author":"Lucas Leandro Brune","twitter_card":"summary_large_image","twitter_misc":{"Escrito por":"Lucas Leandro Brune","Est. tempo de leitura":"5 minutos"},"schema":{"@context":"https:\/\/schema.org","@graph":[{"@type":"Article","@id":"https:\/\/folhapopular.info\/index.php\/2023\/12\/01\/em-almoco-na-cic-teutonia-economista-projeta-crescimento-de-15-em-2024\/#article","isPartOf":{"@id":"https:\/\/folhapopular.info\/index.php\/2023\/12\/01\/em-almoco-na-cic-teutonia-economista-projeta-crescimento-de-15-em-2024\/"},"author":{"name":"Lucas Leandro Brune","@id":"https:\/\/folhapopular.info\/#\/schema\/person\/533a15f60cd49e81ab3a90b4ca33cb36"},"headline":"Em almo\u00e7o na CIC Teut\u00f4nia, economista projeta crescimento de 1,5% em 2024","datePublished":"2023-12-01T20:02:45+00:00","dateModified":"2023-12-01T20:02:48+00:00","mainEntityOfPage":{"@id":"https:\/\/folhapopular.info\/index.php\/2023\/12\/01\/em-almoco-na-cic-teutonia-economista-projeta-crescimento-de-15-em-2024\/"},"wordCount":820,"commentCount":0,"image":{"@id":"https:\/\/folhapopular.info\/index.php\/2023\/12\/01\/em-almoco-na-cic-teutonia-economista-projeta-crescimento-de-15-em-2024\/#primaryimage"},"thumbnailUrl":"https:\/\/folhapopular.info\/wp-content\/uploads\/2023\/12\/WhatsApp-Image-2023-12-01-at-16.38.26-e1701460913839.jpeg","keywords":["Cen\u00e1rio Econ\u00f4mico","CIC Teut\u00f4nia","Economista"],"articleSection":["Destaques","Economia"],"inLanguage":"pt-BR","potentialAction":[{"@type":"CommentAction","name":"Comment","target":["https:\/\/folhapopular.info\/index.php\/2023\/12\/01\/em-almoco-na-cic-teutonia-economista-projeta-crescimento-de-15-em-2024\/#respond"]}]},{"@type":"WebPage","@id":"https:\/\/folhapopular.info\/index.php\/2023\/12\/01\/em-almoco-na-cic-teutonia-economista-projeta-crescimento-de-15-em-2024\/","url":"https:\/\/folhapopular.info\/index.php\/2023\/12\/01\/em-almoco-na-cic-teutonia-economista-projeta-crescimento-de-15-em-2024\/","name":"Em almo\u00e7o na CIC Teut\u00f4nia, economista projeta crescimento de 1,5% em 2024 - Folha Popular","isPartOf":{"@id":"https:\/\/folhapopular.info\/#website"},"primaryImageOfPage":{"@id":"https:\/\/folhapopular.info\/index.php\/2023\/12\/01\/em-almoco-na-cic-teutonia-economista-projeta-crescimento-de-15-em-2024\/#primaryimage"},"image":{"@id":"https:\/\/folhapopular.info\/index.php\/2023\/12\/01\/em-almoco-na-cic-teutonia-economista-projeta-crescimento-de-15-em-2024\/#primaryimage"},"thumbnailUrl":"https:\/\/folhapopular.info\/wp-content\/uploads\/2023\/12\/WhatsApp-Image-2023-12-01-at-16.38.26-e1701460913839.jpeg","datePublished":"2023-12-01T20:02:45+00:00","dateModified":"2023-12-01T20:02:48+00:00","author":{"@id":"https:\/\/folhapopular.info\/#\/schema\/person\/533a15f60cd49e81ab3a90b4ca33cb36"},"breadcrumb":{"@id":"https:\/\/folhapopular.info\/index.php\/2023\/12\/01\/em-almoco-na-cic-teutonia-economista-projeta-crescimento-de-15-em-2024\/#breadcrumb"},"inLanguage":"pt-BR","potentialAction":[{"@type":"ReadAction","target":["https:\/\/folhapopular.info\/index.php\/2023\/12\/01\/em-almoco-na-cic-teutonia-economista-projeta-crescimento-de-15-em-2024\/"]}]},{"@type":"ImageObject","inLanguage":"pt-BR","@id":"https:\/\/folhapopular.info\/index.php\/2023\/12\/01\/em-almoco-na-cic-teutonia-economista-projeta-crescimento-de-15-em-2024\/#primaryimage","url":"https:\/\/folhapopular.info\/wp-content\/uploads\/2023\/12\/WhatsApp-Image-2023-12-01-at-16.38.26-e1701460913839.jpeg","contentUrl":"https:\/\/folhapopular.info\/wp-content\/uploads\/2023\/12\/WhatsApp-Image-2023-12-01-at-16.38.26-e1701460913839.jpeg","width":768,"height":542,"caption":"Cr\u00e9dito: Lucas Leandro Brune"},{"@type":"BreadcrumbList","@id":"https:\/\/folhapopular.info\/index.php\/2023\/12\/01\/em-almoco-na-cic-teutonia-economista-projeta-crescimento-de-15-em-2024\/#breadcrumb","itemListElement":[{"@type":"ListItem","position":1,"name":"In\u00edcio","item":"https:\/\/folhapopular.info\/"},{"@type":"ListItem","position":2,"name":"Em almo\u00e7o na CIC Teut\u00f4nia, economista projeta crescimento de 1,5% em 2024"}]},{"@type":"WebSite","@id":"https:\/\/folhapopular.info\/#website","url":"https:\/\/folhapopular.info\/","name":"Folha Popular","description":"Onde voc\u00ea tem vez e voz","potentialAction":[{"@type":"SearchAction","target":{"@type":"EntryPoint","urlTemplate":"https:\/\/folhapopular.info\/?s={search_term_string}"},"query-input":{"@type":"PropertyValueSpecification","valueRequired":true,"valueName":"search_term_string"}}],"inLanguage":"pt-BR"},{"@type":"Person","@id":"https:\/\/folhapopular.info\/#\/schema\/person\/533a15f60cd49e81ab3a90b4ca33cb36","name":"Lucas Leandro Brune","image":{"@type":"ImageObject","inLanguage":"pt-BR","@id":"https:\/\/folhapopular.info\/wp-content\/uploads\/2026\/04\/LUCAS-1-1.webp","url":"https:\/\/folhapopular.info\/wp-content\/uploads\/2026\/04\/LUCAS-1-1.webp","contentUrl":"https:\/\/folhapopular.info\/wp-content\/uploads\/2026\/04\/LUCAS-1-1.webp","caption":"Lucas Leandro Brune"},"description":"Jornalista Profissional Diplomado MTB\/RS 14.333","url":"https:\/\/folhapopular.info\/index.php\/author\/lucas-brune\/"}]}},"jetpack_featured_media_url":"https:\/\/folhapopular.info\/wp-content\/uploads\/2023\/12\/WhatsApp-Image-2023-12-01-at-16.38.26-e1701460913839.jpeg","jetpack_sharing_enabled":true,"amp_enabled":true,"_links":{"self":[{"href":"https:\/\/folhapopular.info\/index.php\/wp-json\/wp\/v2\/posts\/144378","targetHints":{"allow":["GET"]}}],"collection":[{"href":"https:\/\/folhapopular.info\/index.php\/wp-json\/wp\/v2\/posts"}],"about":[{"href":"https:\/\/folhapopular.info\/index.php\/wp-json\/wp\/v2\/types\/post"}],"author":[{"embeddable":true,"href":"https:\/\/folhapopular.info\/index.php\/wp-json\/wp\/v2\/users\/7"}],"replies":[{"embeddable":true,"href":"https:\/\/folhapopular.info\/index.php\/wp-json\/wp\/v2\/comments?post=144378"}],"version-history":[{"count":0,"href":"https:\/\/folhapopular.info\/index.php\/wp-json\/wp\/v2\/posts\/144378\/revisions"}],"wp:featuredmedia":[{"embeddable":true,"href":"https:\/\/folhapopular.info\/index.php\/wp-json\/wp\/v2\/media\/144380"}],"wp:attachment":[{"href":"https:\/\/folhapopular.info\/index.php\/wp-json\/wp\/v2\/media?parent=144378"}],"wp:term":[{"taxonomy":"category","embeddable":true,"href":"https:\/\/folhapopular.info\/index.php\/wp-json\/wp\/v2\/categories?post=144378"},{"taxonomy":"post_tag","embeddable":true,"href":"https:\/\/folhapopular.info\/index.php\/wp-json\/wp\/v2\/tags?post=144378"}],"curies":[{"name":"wp","href":"https:\/\/api.w.org\/{rel}","templated":true}]}}