{"id":144467,"date":"2023-12-04T09:08:30","date_gmt":"2023-12-04T12:08:30","guid":{"rendered":"https:\/\/folhapopular.info\/?p=144467"},"modified":"2023-12-04T09:08:34","modified_gmt":"2023-12-04T12:08:34","slug":"bom-retiro-do-sul-lanca-programacao-do-natal-nas-aguas-2023","status":"publish","type":"post","link":"https:\/\/folhapopular.info\/index.php\/2023\/12\/04\/bom-retiro-do-sul-lanca-programacao-do-natal-nas-aguas-2023\/","title":{"rendered":"Bom Retiro do Sul lan\u00e7a programa\u00e7\u00e3o do Natal nas \u00c1guas 2023"},"content":{"rendered":"\n<p>A Administra\u00e7\u00e3o Municipal de Bom Retiro do Sul e a empresa Atlas Cal\u00e7ados Brasil apresentam a programa\u00e7\u00e3o oficial do 15\u00b0 Natal nas \u00c1guas. Ser\u00e3o duas noites de atra\u00e7\u00f5es neste que \u00e9 um dos maiores eventos culturais natalinos do Rio Grande do Sul.<\/p>\n\n\n\n<p>O \u00e1pice do evento acontecer\u00e1 na noite do s\u00e1bado, 23 de dezembro, com o tradicional show de fogos e o show nacional da dupla sertaneja Fernando &amp; Sorocaba, no palco da Barragem Eclusa.<\/p>\n\n\n\n<h2 class=\"wp-block-heading\">Programa\u00e7\u00e3o<\/h2>\n\n\n\n<p><strong>22\/12 \u2013 Sexta-feira \u2013 Entrada gratuita<\/strong><br>18h &#8211; DJ<br>19h &#8211; DJ<br>19h30 \u2013 Oclaje &#8211; Orquestra de Concertos de Lajeado<br>20h30 &#8211; Chegada Papai Noel<br>21h &#8211; Show com Diego Rodrigues e Grupo<br>22h &#8211; Show com o grupo Samba D\u2019Boa<br>23h &#8211; Show com o grupo Alma Nova<\/p>\n\n\n\n<p><strong>23\/12 \u2013 S\u00e1bado \u2013 ingresso solid\u00e1rio de R$ 10<\/strong><\/p>\n\n\n\n<p>18h &#8211; DJ Doug C &amp; Ellie Santos<br>19h &#8211; DJ Pablito<br>20h &#8211; Grupo Vocal Sementes do Amanh\u00e3<br>20h30 &#8211; Show com Scheila Scharlau<br>21h30 &#8211; Cerimonial<br>22h &#8211; Show nacional com Fernando &amp; Sorocaba<br>23h30 &#8211; Show de fogos<br>00h &#8211; DJ Zullu<br>01h &#8211; Show com o Grupo Pagode do Buiu<br>02h \u2013 Encerramento<\/p>\n\n\n\n<p>Os ingressos solid\u00e1rios, frente palco e Vip podem ser adquiridos pelo site\u00a0<a href=\"http:\/\/www.bilheteriadigital.com\/\" target=\"_blank\" rel=\"noreferrer noopener\">www.bilheteriadigital.com<\/a>\u00a0ou nos pontos de venda oficiais. <\/p>\n\n\n\n<ul class=\"wp-block-list\">\n<li>Em Bom Retiro do Sul: Loja Famintos, Lojas Trips, Posto AR e Loja Q&#8217;Charme; <\/li>\n\n\n\n<li>Em Estrela: Farm\u00e1cia Bom Retiro; <\/li>\n\n\n\n<li>Em Lajeado: Loja Holly Store; <\/li>\n\n\n\n<li>Em Taquari: Comercial El\u00e9trica; <\/li>\n\n\n\n<li>Em Teut\u00f4nia: Posto da Dani.<\/li>\n<\/ul>\n\n\n\n<p>A 15\u00aa edi\u00e7\u00e3o do Natal nas \u00c1guas de 2023 \u00e9 uma realiza\u00e7\u00e3o da Administra\u00e7\u00e3o Municipal de Bom Retiro do Sul com o patroc\u00ednio Master da empresa Atlas Brasil Cal\u00e7ados, patroc\u00ednio diamante de Ferros Castro, Sicredi e Trips, patroc\u00ednio Prata de Loteamento Jardim das Pedras e  patroc\u00ednio Bronze de Certel, CFC Schneider e Rodovan.<\/p>\n","protected":false},"excerpt":{"rendered":"<p>A Administra\u00e7\u00e3o Municipal de Bom Retiro do Sul e a empresa Atlas Cal\u00e7ados Brasil apresentam a programa\u00e7\u00e3o oficial do 15\u00b0 Natal nas \u00c1guas. Ser\u00e3o duas noites de atra\u00e7\u00f5es neste que \u00e9 um dos maiores eventos culturais natalinos do Rio Grande do Sul. O \u00e1pice do evento acontecer\u00e1 na noite do s\u00e1bado, 23 de dezembro, com [&hellip;]<\/p>\n","protected":false},"author":639,"featured_media":144468,"comment_status":"open","ping_status":"open","sticky":false,"template":"","format":"standard","meta":{"pmpro_default_level":"","_jetpack_memberships_contains_paid_content":false,"footnotes":""},"categories":[10999,6],"tags":[146,1154,13708],"class_list":{"0":"post-144467","1":"post","2":"type-post","3":"status-publish","4":"format-standard","5":"has-post-thumbnail","7":"category-entretenimento","8":"category-inclusive","9":"tag-bom-retiro-do-sul","10":"tag-natal","11":"tag-natal-nas-aguas-2023","12":"pmpro-has-access"},"yoast_head":"<!-- This site is optimized with the Yoast SEO plugin v27.5 - https:\/\/yoast.com\/product\/yoast-seo-wordpress\/ -->\n<title>Bom Retiro do Sul lan\u00e7a programa\u00e7\u00e3o do Natal nas \u00c1guas 2023 - Folha Popular<\/title>\n<meta name=\"robots\" content=\"index, follow, max-snippet:-1, max-image-preview:large, max-video-preview:-1\" \/>\n<link rel=\"canonical\" href=\"https:\/\/folhapopular.info\/index.php\/2023\/12\/04\/bom-retiro-do-sul-lanca-programacao-do-natal-nas-aguas-2023\/\" \/>\n<meta property=\"og:locale\" content=\"pt_BR\" \/>\n<meta property=\"og:type\" content=\"article\" \/>\n<meta property=\"og:title\" content=\"Bom Retiro do Sul lan\u00e7a programa\u00e7\u00e3o do Natal nas \u00c1guas 2023 - Folha Popular\" \/>\n<meta property=\"og:description\" content=\"A Administra\u00e7\u00e3o Municipal de Bom Retiro do Sul e a empresa Atlas Cal\u00e7ados Brasil apresentam a programa\u00e7\u00e3o oficial do 15\u00b0 Natal nas \u00c1guas. Ser\u00e3o duas noites de atra\u00e7\u00f5es neste que \u00e9 um dos maiores eventos culturais natalinos do Rio Grande do Sul. O \u00e1pice do evento acontecer\u00e1 na noite do s\u00e1bado, 23 de dezembro, com [&hellip;]\" \/>\n<meta property=\"og:url\" content=\"https:\/\/folhapopular.info\/index.php\/2023\/12\/04\/bom-retiro-do-sul-lanca-programacao-do-natal-nas-aguas-2023\/\" \/>\n<meta property=\"og:site_name\" content=\"Folha Popular\" \/>\n<meta property=\"article:published_time\" content=\"2023-12-04T12:08:30+00:00\" \/>\n<meta property=\"article:modified_time\" content=\"2023-12-04T12:08:34+00:00\" \/>\n<meta property=\"og:image\" content=\"http:\/\/folhapopular.info\/wp-content\/uploads\/2023\/12\/336095673_4332314680326097_6930469975504382140_n-e1701691632743.jpg\" \/>\n\t<meta property=\"og:image:width\" content=\"1080\" \/>\n\t<meta property=\"og:image:height\" content=\"691\" \/>\n\t<meta property=\"og:image:type\" content=\"image\/jpeg\" \/>\n<meta name=\"author\" content=\"Camille Lenz da Silva\" \/>\n<meta name=\"twitter:card\" content=\"summary_large_image\" \/>\n<meta name=\"twitter:label1\" content=\"Escrito por\" \/>\n\t<meta name=\"twitter:data1\" content=\"Camille Lenz da Silva\" \/>\n\t<meta name=\"twitter:label2\" content=\"Est. tempo de leitura\" \/>\n\t<meta name=\"twitter:data2\" content=\"2 minutos\" \/>\n<script type=\"application\/ld+json\" class=\"yoast-schema-graph\">{\"@context\":\"https:\\\/\\\/schema.org\",\"@graph\":[{\"@type\":\"Article\",\"@id\":\"https:\\\/\\\/folhapopular.info\\\/index.php\\\/2023\\\/12\\\/04\\\/bom-retiro-do-sul-lanca-programacao-do-natal-nas-aguas-2023\\\/#article\",\"isPartOf\":{\"@id\":\"https:\\\/\\\/folhapopular.info\\\/index.php\\\/2023\\\/12\\\/04\\\/bom-retiro-do-sul-lanca-programacao-do-natal-nas-aguas-2023\\\/\"},\"author\":{\"name\":\"Camille Lenz da Silva\",\"@id\":\"https:\\\/\\\/folhapopular.info\\\/#\\\/schema\\\/person\\\/f0b811f932ef2505faf473ffaef49df5\"},\"headline\":\"Bom Retiro do Sul lan\u00e7a programa\u00e7\u00e3o do Natal nas \u00c1guas 2023\",\"datePublished\":\"2023-12-04T12:08:30+00:00\",\"dateModified\":\"2023-12-04T12:08:34+00:00\",\"mainEntityOfPage\":{\"@id\":\"https:\\\/\\\/folhapopular.info\\\/index.php\\\/2023\\\/12\\\/04\\\/bom-retiro-do-sul-lanca-programacao-do-natal-nas-aguas-2023\\\/\"},\"wordCount\":319,\"commentCount\":0,\"image\":{\"@id\":\"https:\\\/\\\/folhapopular.info\\\/index.php\\\/2023\\\/12\\\/04\\\/bom-retiro-do-sul-lanca-programacao-do-natal-nas-aguas-2023\\\/#primaryimage\"},\"thumbnailUrl\":\"https:\\\/\\\/folhapopular.info\\\/wp-content\\\/uploads\\\/2023\\\/12\\\/336095673_4332314680326097_6930469975504382140_n-e1701691632743.jpg\",\"keywords\":[\"Bom Retiro do Sul\",\"Natal\",\"Natal nas \u00c1guas 2023\"],\"articleSection\":[\"Entretenimento\",\"Inclusive\"],\"inLanguage\":\"pt-BR\",\"potentialAction\":[{\"@type\":\"CommentAction\",\"name\":\"Comment\",\"target\":[\"https:\\\/\\\/folhapopular.info\\\/index.php\\\/2023\\\/12\\\/04\\\/bom-retiro-do-sul-lanca-programacao-do-natal-nas-aguas-2023\\\/#respond\"]}]},{\"@type\":\"WebPage\",\"@id\":\"https:\\\/\\\/folhapopular.info\\\/index.php\\\/2023\\\/12\\\/04\\\/bom-retiro-do-sul-lanca-programacao-do-natal-nas-aguas-2023\\\/\",\"url\":\"https:\\\/\\\/folhapopular.info\\\/index.php\\\/2023\\\/12\\\/04\\\/bom-retiro-do-sul-lanca-programacao-do-natal-nas-aguas-2023\\\/\",\"name\":\"Bom Retiro do Sul lan\u00e7a programa\u00e7\u00e3o do Natal nas \u00c1guas 2023 - Folha Popular\",\"isPartOf\":{\"@id\":\"https:\\\/\\\/folhapopular.info\\\/#website\"},\"primaryImageOfPage\":{\"@id\":\"https:\\\/\\\/folhapopular.info\\\/index.php\\\/2023\\\/12\\\/04\\\/bom-retiro-do-sul-lanca-programacao-do-natal-nas-aguas-2023\\\/#primaryimage\"},\"image\":{\"@id\":\"https:\\\/\\\/folhapopular.info\\\/index.php\\\/2023\\\/12\\\/04\\\/bom-retiro-do-sul-lanca-programacao-do-natal-nas-aguas-2023\\\/#primaryimage\"},\"thumbnailUrl\":\"https:\\\/\\\/folhapopular.info\\\/wp-content\\\/uploads\\\/2023\\\/12\\\/336095673_4332314680326097_6930469975504382140_n-e1701691632743.jpg\",\"datePublished\":\"2023-12-04T12:08:30+00:00\",\"dateModified\":\"2023-12-04T12:08:34+00:00\",\"author\":{\"@id\":\"https:\\\/\\\/folhapopular.info\\\/#\\\/schema\\\/person\\\/f0b811f932ef2505faf473ffaef49df5\"},\"breadcrumb\":{\"@id\":\"https:\\\/\\\/folhapopular.info\\\/index.php\\\/2023\\\/12\\\/04\\\/bom-retiro-do-sul-lanca-programacao-do-natal-nas-aguas-2023\\\/#breadcrumb\"},\"inLanguage\":\"pt-BR\",\"potentialAction\":[{\"@type\":\"ReadAction\",\"target\":[\"https:\\\/\\\/folhapopular.info\\\/index.php\\\/2023\\\/12\\\/04\\\/bom-retiro-do-sul-lanca-programacao-do-natal-nas-aguas-2023\\\/\"]}]},{\"@type\":\"ImageObject\",\"inLanguage\":\"pt-BR\",\"@id\":\"https:\\\/\\\/folhapopular.info\\\/index.php\\\/2023\\\/12\\\/04\\\/bom-retiro-do-sul-lanca-programacao-do-natal-nas-aguas-2023\\\/#primaryimage\",\"url\":\"https:\\\/\\\/folhapopular.info\\\/wp-content\\\/uploads\\\/2023\\\/12\\\/336095673_4332314680326097_6930469975504382140_n-e1701691632743.jpg\",\"contentUrl\":\"https:\\\/\\\/folhapopular.info\\\/wp-content\\\/uploads\\\/2023\\\/12\\\/336095673_4332314680326097_6930469975504382140_n-e1701691632743.jpg\",\"width\":1080,\"height\":691,\"caption\":\"Cr\u00e9dito: Divulga\u00e7\u00e3o\"},{\"@type\":\"BreadcrumbList\",\"@id\":\"https:\\\/\\\/folhapopular.info\\\/index.php\\\/2023\\\/12\\\/04\\\/bom-retiro-do-sul-lanca-programacao-do-natal-nas-aguas-2023\\\/#breadcrumb\",\"itemListElement\":[{\"@type\":\"ListItem\",\"position\":1,\"name\":\"In\u00edcio\",\"item\":\"https:\\\/\\\/folhapopular.info\\\/\"},{\"@type\":\"ListItem\",\"position\":2,\"name\":\"Bom Retiro do Sul lan\u00e7a programa\u00e7\u00e3o do Natal nas \u00c1guas 2023\"}]},{\"@type\":\"WebSite\",\"@id\":\"https:\\\/\\\/folhapopular.info\\\/#website\",\"url\":\"https:\\\/\\\/folhapopular.info\\\/\",\"name\":\"Folha Popular\",\"description\":\"Onde voc\u00ea tem vez e voz\",\"potentialAction\":[{\"@type\":\"SearchAction\",\"target\":{\"@type\":\"EntryPoint\",\"urlTemplate\":\"https:\\\/\\\/folhapopular.info\\\/?s={search_term_string}\"},\"query-input\":{\"@type\":\"PropertyValueSpecification\",\"valueRequired\":true,\"valueName\":\"search_term_string\"}}],\"inLanguage\":\"pt-BR\"},{\"@type\":\"Person\",\"@id\":\"https:\\\/\\\/folhapopular.info\\\/#\\\/schema\\\/person\\\/f0b811f932ef2505faf473ffaef49df5\",\"name\":\"Camille Lenz da Silva\",\"image\":{\"@type\":\"ImageObject\",\"inLanguage\":\"pt-BR\",\"@id\":\"https:\\\/\\\/secure.gravatar.com\\\/avatar\\\/50be826d73ca259ec0e0a88a407f5de800c576c46cfdc57e50ef28551e216fff?s=96&d=mm&r=g\",\"url\":\"https:\\\/\\\/secure.gravatar.com\\\/avatar\\\/50be826d73ca259ec0e0a88a407f5de800c576c46cfdc57e50ef28551e216fff?s=96&d=mm&r=g\",\"contentUrl\":\"https:\\\/\\\/secure.gravatar.com\\\/avatar\\\/50be826d73ca259ec0e0a88a407f5de800c576c46cfdc57e50ef28551e216fff?s=96&d=mm&r=g\",\"caption\":\"Camille Lenz da Silva\"},\"url\":\"https:\\\/\\\/folhapopular.info\\\/index.php\\\/author\\\/camillelenzgmail-com\\\/\"}]}<\/script>\n<!-- \/ Yoast SEO plugin. -->","yoast_head_json":{"title":"Bom Retiro do Sul lan\u00e7a programa\u00e7\u00e3o do Natal nas \u00c1guas 2023 - Folha Popular","robots":{"index":"index","follow":"follow","max-snippet":"max-snippet:-1","max-image-preview":"max-image-preview:large","max-video-preview":"max-video-preview:-1"},"canonical":"https:\/\/folhapopular.info\/index.php\/2023\/12\/04\/bom-retiro-do-sul-lanca-programacao-do-natal-nas-aguas-2023\/","og_locale":"pt_BR","og_type":"article","og_title":"Bom Retiro do Sul lan\u00e7a programa\u00e7\u00e3o do Natal nas \u00c1guas 2023 - Folha Popular","og_description":"A Administra\u00e7\u00e3o Municipal de Bom Retiro do Sul e a empresa Atlas Cal\u00e7ados Brasil apresentam a programa\u00e7\u00e3o oficial do 15\u00b0 Natal nas \u00c1guas. Ser\u00e3o duas noites de atra\u00e7\u00f5es neste que \u00e9 um dos maiores eventos culturais natalinos do Rio Grande do Sul. O \u00e1pice do evento acontecer\u00e1 na noite do s\u00e1bado, 23 de dezembro, com [&hellip;]","og_url":"https:\/\/folhapopular.info\/index.php\/2023\/12\/04\/bom-retiro-do-sul-lanca-programacao-do-natal-nas-aguas-2023\/","og_site_name":"Folha Popular","article_published_time":"2023-12-04T12:08:30+00:00","article_modified_time":"2023-12-04T12:08:34+00:00","og_image":[{"width":1080,"height":691,"url":"http:\/\/folhapopular.info\/wp-content\/uploads\/2023\/12\/336095673_4332314680326097_6930469975504382140_n-e1701691632743.jpg","type":"image\/jpeg"}],"author":"Camille Lenz da Silva","twitter_card":"summary_large_image","twitter_misc":{"Escrito por":"Camille Lenz da Silva","Est. tempo de leitura":"2 minutos"},"schema":{"@context":"https:\/\/schema.org","@graph":[{"@type":"Article","@id":"https:\/\/folhapopular.info\/index.php\/2023\/12\/04\/bom-retiro-do-sul-lanca-programacao-do-natal-nas-aguas-2023\/#article","isPartOf":{"@id":"https:\/\/folhapopular.info\/index.php\/2023\/12\/04\/bom-retiro-do-sul-lanca-programacao-do-natal-nas-aguas-2023\/"},"author":{"name":"Camille Lenz da Silva","@id":"https:\/\/folhapopular.info\/#\/schema\/person\/f0b811f932ef2505faf473ffaef49df5"},"headline":"Bom Retiro do Sul lan\u00e7a programa\u00e7\u00e3o do Natal nas \u00c1guas 2023","datePublished":"2023-12-04T12:08:30+00:00","dateModified":"2023-12-04T12:08:34+00:00","mainEntityOfPage":{"@id":"https:\/\/folhapopular.info\/index.php\/2023\/12\/04\/bom-retiro-do-sul-lanca-programacao-do-natal-nas-aguas-2023\/"},"wordCount":319,"commentCount":0,"image":{"@id":"https:\/\/folhapopular.info\/index.php\/2023\/12\/04\/bom-retiro-do-sul-lanca-programacao-do-natal-nas-aguas-2023\/#primaryimage"},"thumbnailUrl":"https:\/\/folhapopular.info\/wp-content\/uploads\/2023\/12\/336095673_4332314680326097_6930469975504382140_n-e1701691632743.jpg","keywords":["Bom Retiro do Sul","Natal","Natal nas \u00c1guas 2023"],"articleSection":["Entretenimento","Inclusive"],"inLanguage":"pt-BR","potentialAction":[{"@type":"CommentAction","name":"Comment","target":["https:\/\/folhapopular.info\/index.php\/2023\/12\/04\/bom-retiro-do-sul-lanca-programacao-do-natal-nas-aguas-2023\/#respond"]}]},{"@type":"WebPage","@id":"https:\/\/folhapopular.info\/index.php\/2023\/12\/04\/bom-retiro-do-sul-lanca-programacao-do-natal-nas-aguas-2023\/","url":"https:\/\/folhapopular.info\/index.php\/2023\/12\/04\/bom-retiro-do-sul-lanca-programacao-do-natal-nas-aguas-2023\/","name":"Bom Retiro do Sul lan\u00e7a programa\u00e7\u00e3o do Natal nas \u00c1guas 2023 - Folha Popular","isPartOf":{"@id":"https:\/\/folhapopular.info\/#website"},"primaryImageOfPage":{"@id":"https:\/\/folhapopular.info\/index.php\/2023\/12\/04\/bom-retiro-do-sul-lanca-programacao-do-natal-nas-aguas-2023\/#primaryimage"},"image":{"@id":"https:\/\/folhapopular.info\/index.php\/2023\/12\/04\/bom-retiro-do-sul-lanca-programacao-do-natal-nas-aguas-2023\/#primaryimage"},"thumbnailUrl":"https:\/\/folhapopular.info\/wp-content\/uploads\/2023\/12\/336095673_4332314680326097_6930469975504382140_n-e1701691632743.jpg","datePublished":"2023-12-04T12:08:30+00:00","dateModified":"2023-12-04T12:08:34+00:00","author":{"@id":"https:\/\/folhapopular.info\/#\/schema\/person\/f0b811f932ef2505faf473ffaef49df5"},"breadcrumb":{"@id":"https:\/\/folhapopular.info\/index.php\/2023\/12\/04\/bom-retiro-do-sul-lanca-programacao-do-natal-nas-aguas-2023\/#breadcrumb"},"inLanguage":"pt-BR","potentialAction":[{"@type":"ReadAction","target":["https:\/\/folhapopular.info\/index.php\/2023\/12\/04\/bom-retiro-do-sul-lanca-programacao-do-natal-nas-aguas-2023\/"]}]},{"@type":"ImageObject","inLanguage":"pt-BR","@id":"https:\/\/folhapopular.info\/index.php\/2023\/12\/04\/bom-retiro-do-sul-lanca-programacao-do-natal-nas-aguas-2023\/#primaryimage","url":"https:\/\/folhapopular.info\/wp-content\/uploads\/2023\/12\/336095673_4332314680326097_6930469975504382140_n-e1701691632743.jpg","contentUrl":"https:\/\/folhapopular.info\/wp-content\/uploads\/2023\/12\/336095673_4332314680326097_6930469975504382140_n-e1701691632743.jpg","width":1080,"height":691,"caption":"Cr\u00e9dito: Divulga\u00e7\u00e3o"},{"@type":"BreadcrumbList","@id":"https:\/\/folhapopular.info\/index.php\/2023\/12\/04\/bom-retiro-do-sul-lanca-programacao-do-natal-nas-aguas-2023\/#breadcrumb","itemListElement":[{"@type":"ListItem","position":1,"name":"In\u00edcio","item":"https:\/\/folhapopular.info\/"},{"@type":"ListItem","position":2,"name":"Bom Retiro do Sul lan\u00e7a programa\u00e7\u00e3o do Natal nas \u00c1guas 2023"}]},{"@type":"WebSite","@id":"https:\/\/folhapopular.info\/#website","url":"https:\/\/folhapopular.info\/","name":"Folha Popular","description":"Onde voc\u00ea tem vez e voz","potentialAction":[{"@type":"SearchAction","target":{"@type":"EntryPoint","urlTemplate":"https:\/\/folhapopular.info\/?s={search_term_string}"},"query-input":{"@type":"PropertyValueSpecification","valueRequired":true,"valueName":"search_term_string"}}],"inLanguage":"pt-BR"},{"@type":"Person","@id":"https:\/\/folhapopular.info\/#\/schema\/person\/f0b811f932ef2505faf473ffaef49df5","name":"Camille Lenz da Silva","image":{"@type":"ImageObject","inLanguage":"pt-BR","@id":"https:\/\/secure.gravatar.com\/avatar\/50be826d73ca259ec0e0a88a407f5de800c576c46cfdc57e50ef28551e216fff?s=96&d=mm&r=g","url":"https:\/\/secure.gravatar.com\/avatar\/50be826d73ca259ec0e0a88a407f5de800c576c46cfdc57e50ef28551e216fff?s=96&d=mm&r=g","contentUrl":"https:\/\/secure.gravatar.com\/avatar\/50be826d73ca259ec0e0a88a407f5de800c576c46cfdc57e50ef28551e216fff?s=96&d=mm&r=g","caption":"Camille Lenz da Silva"},"url":"https:\/\/folhapopular.info\/index.php\/author\/camillelenzgmail-com\/"}]}},"jetpack_featured_media_url":"https:\/\/folhapopular.info\/wp-content\/uploads\/2023\/12\/336095673_4332314680326097_6930469975504382140_n-e1701691632743.jpg","jetpack_sharing_enabled":true,"amp_enabled":true,"_links":{"self":[{"href":"https:\/\/folhapopular.info\/index.php\/wp-json\/wp\/v2\/posts\/144467","targetHints":{"allow":["GET"]}}],"collection":[{"href":"https:\/\/folhapopular.info\/index.php\/wp-json\/wp\/v2\/posts"}],"about":[{"href":"https:\/\/folhapopular.info\/index.php\/wp-json\/wp\/v2\/types\/post"}],"author":[{"embeddable":true,"href":"https:\/\/folhapopular.info\/index.php\/wp-json\/wp\/v2\/users\/639"}],"replies":[{"embeddable":true,"href":"https:\/\/folhapopular.info\/index.php\/wp-json\/wp\/v2\/comments?post=144467"}],"version-history":[{"count":0,"href":"https:\/\/folhapopular.info\/index.php\/wp-json\/wp\/v2\/posts\/144467\/revisions"}],"wp:featuredmedia":[{"embeddable":true,"href":"https:\/\/folhapopular.info\/index.php\/wp-json\/wp\/v2\/media\/144468"}],"wp:attachment":[{"href":"https:\/\/folhapopular.info\/index.php\/wp-json\/wp\/v2\/media?parent=144467"}],"wp:term":[{"taxonomy":"category","embeddable":true,"href":"https:\/\/folhapopular.info\/index.php\/wp-json\/wp\/v2\/categories?post=144467"},{"taxonomy":"post_tag","embeddable":true,"href":"https:\/\/folhapopular.info\/index.php\/wp-json\/wp\/v2\/tags?post=144467"}],"curies":[{"name":"wp","href":"https:\/\/api.w.org\/{rel}","templated":true}]}}