{"id":144572,"date":"2023-12-06T10:00:00","date_gmt":"2023-12-06T13:00:00","guid":{"rendered":"https:\/\/folhapopular.info\/?p=144572"},"modified":"2025-03-19T17:25:12","modified_gmt":"2025-03-19T20:25:12","slug":"cloves-knob-sera-o-presidente-da-camara-de-poco-das-antas-em-2024","status":"publish","type":"post","link":"https:\/\/folhapopular.info\/index.php\/2023\/12\/06\/cloves-knob-sera-o-presidente-da-camara-de-poco-das-antas-em-2024\/","title":{"rendered":"Cl\u00f3ves Knob ser\u00e1 o presidente da C\u00e2mara de Po\u00e7o das Antas em 2024"},"content":{"rendered":"\n<p>Na sess\u00e3o desta segunda-feira (4\/12), da C\u00e2mara de Vereadores de Po\u00e7o das Antas foi eleita a nova mesa diretora para o pr\u00f3ximo ano. A mesa para 2024 ser\u00e1 composta pelo presidente Cl\u00f3ves Andr\u00e9 Knob (PDT), vice-presidente Luiz Naldair Pereira da Silva (Progressistas), secret\u00e1rio Maicon Stuermer (MDB) e vice-secret\u00e1rio Leonardo Jos\u00e9 Flach (PTB).<\/p>\n\n\n\n<p>A elei\u00e7\u00e3o contou com chapa \u00fanica que foi eleita por unanimidade. Tamb\u00e9m foi eleita a Comiss\u00e3o Geral de Pareceres, que ser\u00e1 composta por: Andreia Brinckmann Griebeler (PDT), Camilla Follmann (Progressistas) e C\u00e9lia Lurdes Koerbes (MDB). Para a elei\u00e7\u00e3o da comiss\u00e3o, cada vereador indicou tr\u00eas nomes, as tr\u00eas mais votadas foram as eleitas.<\/p>\n\n\n\n<p><strong>Conclus\u00e3o da Transcitrus<\/strong><\/p>\n\n\n\n<p>Na tribuna, o vereador Rodrigo Galdino Schwingel (PSDB) falou sobre o projeto de conclus\u00e3o da rodovia Transcitrus. Ele informou que por meio da bancada ga\u00facha, a obra receber\u00e1 um aporte de recursos oriundos de emendas. Ainda sem poder revelar os valores, afirma que s\u00e3o bastante expressivos e cobrem boa parte do que \u00e9 necess\u00e1rio para concluir a obra. \u201c\u00c9 uma obra de 20 anos que ainda n\u00e3o foi conclu\u00edda, que esta semana ganha um novo cap\u00edtulo\u201d, refor\u00e7a.<\/p>\n\n\n\n<p>Comemorou a not\u00edcia e agradeceu a todos os integrantes do grupo de trabalho que envolve todos os munic\u00edpios que integram a rodovia. \u201cTenho orgulho de integrar este grupo de trabalho que se uniu em um projeto comum, trabalhando, pressionando deputados, e que conseguiu essa fa\u00e7anha\u201d, declara. Agradeceu tamb\u00e9m aos colegas de C\u00e2mara que aprovaram uma mo\u00e7\u00e3o de apoio de sua autoria que pedia pelos recursos e foi encaminhada para deputados. \u201cUma grande obra s\u00f3 se faz com muitas m\u00e3os\u201d, declara.<\/p>\n\n\n\n<p><strong>Ano dif\u00edcil<\/strong><\/p>\n\n\n\n<p>C\u00e9lia Lurdes Koerbes (MDB) salientou que o ano, apesar de ter tido pontos positivos com boas a\u00e7\u00f5es da administra\u00e7\u00e3o municipal, foi tamb\u00e9m de muitas dificuldades. Destacou que houve muitas cat\u00e1strofes naturais, com destaque para as enchentes, que tamb\u00e9m atingiram Po\u00e7o das Antas. \u201cO planeta est\u00e1 se manifestando e \u00e9 hora de se preocupar com o meio ambiente\u201d, afirma.<\/p>\n\n\n\n<p>Ainda sobre as enchentes, chamou a aten\u00e7\u00e3o para a necessidade de limpeza dos arroios. \u201cTem muitos entulhos, restos de \u00e1rvores. As secretaria de Meio Ambiente e Obras precisam fazer algum trabalho de limpeza. Porque se vier outra enchente, a gente espera que n\u00e3o, vai prejudicar novamente\u201d, aponta.<\/p>\n\n\n\n<p>Tamb\u00e9m comentou sobre a situa\u00e7\u00e3o de fechamento do frigor\u00edfico de su\u00ednos da cooperativa Languiru. \u201cMuitos produtores que tinham feito investimentos foram prejudicados, os funcion\u00e1rios tamb\u00e9m sofreram, mas agora parece que as coisas est\u00e3o normalizando, assim esperamos\u201d, pontua.<\/p>\n\n\n\n<p><strong>Contas aprovadas<\/strong><\/p>\n\n\n\n<p>Antes da sess\u00e3o ordin\u00e1ria, os vereadores tamb\u00e9m realizaram uma sess\u00e3o extraordin\u00e1ria. O encontro foi para votar o decreto legislativa que julga as contas da administra\u00e7\u00e3o municipal do ano de 2020, do prefeito o Ricardo Luiz Flach e do vice-prefeito La\u00e9rcio Pedro Klein. O decreto acata o parecer do Tribunal de Contas do Estado que aprova as contas do ex-mandat\u00e1rio. O decreto foi aprovado por unanimidade. O ex-prefeito, hoje secret\u00e1rio de Agricultura e Meio Ambiente acompanhou a vota\u00e7\u00e3o.<\/p>\n","protected":false},"excerpt":{"rendered":"<p>Na sess\u00e3o desta segunda-feira (4\/12), da C\u00e2mara de Vereadores de Po\u00e7o das Antas foi eleita a nova mesa diretora para o pr\u00f3ximo ano. A mesa para 2024 ser\u00e1 composta pelo presidente Cl\u00f3ves Andr\u00e9 Knob (PDT), vice-presidente Luiz Naldair Pereira da Silva (Progressistas), secret\u00e1rio Maicon Stuermer (MDB) e vice-secret\u00e1rio Leonardo Jos\u00e9 Flach (PTB). A elei\u00e7\u00e3o contou [&hellip;]<\/p>\n","protected":false},"author":5,"featured_media":144573,"comment_status":"open","ping_status":"open","sticky":false,"template":"","format":"standard","meta":{"pmpro_default_level":"","_jetpack_memberships_contains_paid_content":false,"footnotes":""},"categories":[18238,18240,2,10985],"tags":[646,1665,40],"class_list":{"0":"post-144572","1":"post","2":"type-post","3":"status-publish","4":"format-standard","5":"has-post-thumbnail","7":"category-camara-de-vereadores-de-poco-das-antas","8":"category-camaras-de-vereadores","9":"category-featured","10":"category-politica","11":"tag-camara-de-vereadores","12":"tag-mesa-diretora","13":"tag-poco-das-antas","14":"pmpro-has-access"},"yoast_head":"<!-- This site is optimized with the Yoast SEO plugin v27.5 - https:\/\/yoast.com\/product\/yoast-seo-wordpress\/ -->\n<title>Cl\u00f3ves Knob ser\u00e1 o presidente da C\u00e2mara de Po\u00e7o das Antas em 2024 - Folha Popular<\/title>\n<meta name=\"robots\" content=\"index, follow, max-snippet:-1, max-image-preview:large, max-video-preview:-1\" \/>\n<link rel=\"canonical\" href=\"https:\/\/folhapopular.info\/index.php\/2023\/12\/06\/cloves-knob-sera-o-presidente-da-camara-de-poco-das-antas-em-2024\/\" \/>\n<meta property=\"og:locale\" content=\"pt_BR\" \/>\n<meta property=\"og:type\" content=\"article\" \/>\n<meta property=\"og:title\" content=\"Cl\u00f3ves Knob ser\u00e1 o presidente da C\u00e2mara de Po\u00e7o das Antas em 2024 - Folha Popular\" \/>\n<meta property=\"og:description\" content=\"Na sess\u00e3o desta segunda-feira (4\/12), da C\u00e2mara de Vereadores de Po\u00e7o das Antas foi eleita a nova mesa diretora para o pr\u00f3ximo ano. A mesa para 2024 ser\u00e1 composta pelo presidente Cl\u00f3ves Andr\u00e9 Knob (PDT), vice-presidente Luiz Naldair Pereira da Silva (Progressistas), secret\u00e1rio Maicon Stuermer (MDB) e vice-secret\u00e1rio Leonardo Jos\u00e9 Flach (PTB). A elei\u00e7\u00e3o contou [&hellip;]\" \/>\n<meta property=\"og:url\" content=\"https:\/\/folhapopular.info\/index.php\/2023\/12\/06\/cloves-knob-sera-o-presidente-da-camara-de-poco-das-antas-em-2024\/\" \/>\n<meta property=\"og:site_name\" content=\"Folha Popular\" \/>\n<meta property=\"article:published_time\" content=\"2023-12-06T13:00:00+00:00\" \/>\n<meta property=\"article:modified_time\" content=\"2025-03-19T20:25:12+00:00\" \/>\n<meta property=\"og:image\" content=\"http:\/\/folhapopular.info\/wp-content\/uploads\/2023\/12\/WhatsApp-Image-2023-12-05-at-08.30.33.jpeg\" \/>\n\t<meta property=\"og:image:width\" content=\"1280\" \/>\n\t<meta property=\"og:image:height\" content=\"960\" \/>\n\t<meta property=\"og:image:type\" content=\"image\/jpeg\" \/>\n<meta name=\"author\" content=\"Paloma Cristine Griesang\" \/>\n<meta name=\"twitter:card\" content=\"summary_large_image\" \/>\n<meta name=\"twitter:label1\" content=\"Escrito por\" \/>\n\t<meta name=\"twitter:data1\" content=\"Paloma Cristine Griesang\" \/>\n\t<meta name=\"twitter:label2\" content=\"Est. tempo de leitura\" \/>\n\t<meta name=\"twitter:data2\" content=\"3 minutos\" \/>\n<script type=\"application\/ld+json\" class=\"yoast-schema-graph\">{\"@context\":\"https:\\\/\\\/schema.org\",\"@graph\":[{\"@type\":\"Article\",\"@id\":\"https:\\\/\\\/folhapopular.info\\\/index.php\\\/2023\\\/12\\\/06\\\/cloves-knob-sera-o-presidente-da-camara-de-poco-das-antas-em-2024\\\/#article\",\"isPartOf\":{\"@id\":\"https:\\\/\\\/folhapopular.info\\\/index.php\\\/2023\\\/12\\\/06\\\/cloves-knob-sera-o-presidente-da-camara-de-poco-das-antas-em-2024\\\/\"},\"author\":{\"name\":\"Paloma Cristine Griesang\",\"@id\":\"https:\\\/\\\/folhapopular.info\\\/#\\\/schema\\\/person\\\/6441c3adb14a6337552a9700ef5698d2\"},\"headline\":\"Cl\u00f3ves Knob ser\u00e1 o presidente da C\u00e2mara de Po\u00e7o das Antas em 2024\",\"datePublished\":\"2023-12-06T13:00:00+00:00\",\"dateModified\":\"2025-03-19T20:25:12+00:00\",\"mainEntityOfPage\":{\"@id\":\"https:\\\/\\\/folhapopular.info\\\/index.php\\\/2023\\\/12\\\/06\\\/cloves-knob-sera-o-presidente-da-camara-de-poco-das-antas-em-2024\\\/\"},\"wordCount\":553,\"commentCount\":0,\"image\":{\"@id\":\"https:\\\/\\\/folhapopular.info\\\/index.php\\\/2023\\\/12\\\/06\\\/cloves-knob-sera-o-presidente-da-camara-de-poco-das-antas-em-2024\\\/#primaryimage\"},\"thumbnailUrl\":\"https:\\\/\\\/folhapopular.info\\\/wp-content\\\/uploads\\\/2023\\\/12\\\/WhatsApp-Image-2023-12-05-at-08.30.33.jpeg\",\"keywords\":[\"C\u00e2mara de Vereadores\",\"Mesa Diretora\",\"Po\u00e7o das Antas\"],\"articleSection\":[\"C\u00e2mara de Vereadores de Po\u00e7o das Antas\",\"C\u00e2maras de Vereadores\",\"Destaques\",\"Pol\u00edtica\"],\"inLanguage\":\"pt-BR\",\"potentialAction\":[{\"@type\":\"CommentAction\",\"name\":\"Comment\",\"target\":[\"https:\\\/\\\/folhapopular.info\\\/index.php\\\/2023\\\/12\\\/06\\\/cloves-knob-sera-o-presidente-da-camara-de-poco-das-antas-em-2024\\\/#respond\"]}]},{\"@type\":\"WebPage\",\"@id\":\"https:\\\/\\\/folhapopular.info\\\/index.php\\\/2023\\\/12\\\/06\\\/cloves-knob-sera-o-presidente-da-camara-de-poco-das-antas-em-2024\\\/\",\"url\":\"https:\\\/\\\/folhapopular.info\\\/index.php\\\/2023\\\/12\\\/06\\\/cloves-knob-sera-o-presidente-da-camara-de-poco-das-antas-em-2024\\\/\",\"name\":\"Cl\u00f3ves Knob ser\u00e1 o presidente da C\u00e2mara de Po\u00e7o das Antas em 2024 - Folha Popular\",\"isPartOf\":{\"@id\":\"https:\\\/\\\/folhapopular.info\\\/#website\"},\"primaryImageOfPage\":{\"@id\":\"https:\\\/\\\/folhapopular.info\\\/index.php\\\/2023\\\/12\\\/06\\\/cloves-knob-sera-o-presidente-da-camara-de-poco-das-antas-em-2024\\\/#primaryimage\"},\"image\":{\"@id\":\"https:\\\/\\\/folhapopular.info\\\/index.php\\\/2023\\\/12\\\/06\\\/cloves-knob-sera-o-presidente-da-camara-de-poco-das-antas-em-2024\\\/#primaryimage\"},\"thumbnailUrl\":\"https:\\\/\\\/folhapopular.info\\\/wp-content\\\/uploads\\\/2023\\\/12\\\/WhatsApp-Image-2023-12-05-at-08.30.33.jpeg\",\"datePublished\":\"2023-12-06T13:00:00+00:00\",\"dateModified\":\"2025-03-19T20:25:12+00:00\",\"author\":{\"@id\":\"https:\\\/\\\/folhapopular.info\\\/#\\\/schema\\\/person\\\/6441c3adb14a6337552a9700ef5698d2\"},\"breadcrumb\":{\"@id\":\"https:\\\/\\\/folhapopular.info\\\/index.php\\\/2023\\\/12\\\/06\\\/cloves-knob-sera-o-presidente-da-camara-de-poco-das-antas-em-2024\\\/#breadcrumb\"},\"inLanguage\":\"pt-BR\",\"potentialAction\":[{\"@type\":\"ReadAction\",\"target\":[\"https:\\\/\\\/folhapopular.info\\\/index.php\\\/2023\\\/12\\\/06\\\/cloves-knob-sera-o-presidente-da-camara-de-poco-das-antas-em-2024\\\/\"]}]},{\"@type\":\"ImageObject\",\"inLanguage\":\"pt-BR\",\"@id\":\"https:\\\/\\\/folhapopular.info\\\/index.php\\\/2023\\\/12\\\/06\\\/cloves-knob-sera-o-presidente-da-camara-de-poco-das-antas-em-2024\\\/#primaryimage\",\"url\":\"https:\\\/\\\/folhapopular.info\\\/wp-content\\\/uploads\\\/2023\\\/12\\\/WhatsApp-Image-2023-12-05-at-08.30.33.jpeg\",\"contentUrl\":\"https:\\\/\\\/folhapopular.info\\\/wp-content\\\/uploads\\\/2023\\\/12\\\/WhatsApp-Image-2023-12-05-at-08.30.33.jpeg\",\"width\":1280,\"height\":960,\"caption\":\"Nova Mesa Diretora, da esquerda para a direita: vice-presidente Luiz Naldair Pereira da Silva, presidente Cl\u00f3ves Andr\u00e9 Knob, secret\u00e1rio Maicon Stuermer e vice-secret\u00e1rio Leonardo Jos\u00e9 Flach \\\/ Cr\u00e9dito da foto: Paloma Griesang\"},{\"@type\":\"BreadcrumbList\",\"@id\":\"https:\\\/\\\/folhapopular.info\\\/index.php\\\/2023\\\/12\\\/06\\\/cloves-knob-sera-o-presidente-da-camara-de-poco-das-antas-em-2024\\\/#breadcrumb\",\"itemListElement\":[{\"@type\":\"ListItem\",\"position\":1,\"name\":\"In\u00edcio\",\"item\":\"https:\\\/\\\/folhapopular.info\\\/\"},{\"@type\":\"ListItem\",\"position\":2,\"name\":\"Cl\u00f3ves Knob ser\u00e1 o presidente da C\u00e2mara de Po\u00e7o das Antas em 2024\"}]},{\"@type\":\"WebSite\",\"@id\":\"https:\\\/\\\/folhapopular.info\\\/#website\",\"url\":\"https:\\\/\\\/folhapopular.info\\\/\",\"name\":\"Folha Popular\",\"description\":\"Onde voc\u00ea tem vez e voz\",\"potentialAction\":[{\"@type\":\"SearchAction\",\"target\":{\"@type\":\"EntryPoint\",\"urlTemplate\":\"https:\\\/\\\/folhapopular.info\\\/?s={search_term_string}\"},\"query-input\":{\"@type\":\"PropertyValueSpecification\",\"valueRequired\":true,\"valueName\":\"search_term_string\"}}],\"inLanguage\":\"pt-BR\"},{\"@type\":\"Person\",\"@id\":\"https:\\\/\\\/folhapopular.info\\\/#\\\/schema\\\/person\\\/6441c3adb14a6337552a9700ef5698d2\",\"name\":\"Paloma Cristine Griesang\",\"image\":{\"@type\":\"ImageObject\",\"inLanguage\":\"pt-BR\",\"@id\":\"https:\\\/\\\/secure.gravatar.com\\\/avatar\\\/7a1c3f1e1b05846882a13987cf3bd04239fe0ea8fd472d7d16d7f21c265005a5?s=96&d=mm&r=g\",\"url\":\"https:\\\/\\\/secure.gravatar.com\\\/avatar\\\/7a1c3f1e1b05846882a13987cf3bd04239fe0ea8fd472d7d16d7f21c265005a5?s=96&d=mm&r=g\",\"contentUrl\":\"https:\\\/\\\/secure.gravatar.com\\\/avatar\\\/7a1c3f1e1b05846882a13987cf3bd04239fe0ea8fd472d7d16d7f21c265005a5?s=96&d=mm&r=g\",\"caption\":\"Paloma Cristine Griesang\"},\"url\":\"https:\\\/\\\/folhapopular.info\\\/index.php\\\/author\\\/paloma-griesang\\\/\"}]}<\/script>\n<!-- \/ Yoast SEO plugin. -->","yoast_head_json":{"title":"Cl\u00f3ves Knob ser\u00e1 o presidente da C\u00e2mara de Po\u00e7o das Antas em 2024 - Folha Popular","robots":{"index":"index","follow":"follow","max-snippet":"max-snippet:-1","max-image-preview":"max-image-preview:large","max-video-preview":"max-video-preview:-1"},"canonical":"https:\/\/folhapopular.info\/index.php\/2023\/12\/06\/cloves-knob-sera-o-presidente-da-camara-de-poco-das-antas-em-2024\/","og_locale":"pt_BR","og_type":"article","og_title":"Cl\u00f3ves Knob ser\u00e1 o presidente da C\u00e2mara de Po\u00e7o das Antas em 2024 - Folha Popular","og_description":"Na sess\u00e3o desta segunda-feira (4\/12), da C\u00e2mara de Vereadores de Po\u00e7o das Antas foi eleita a nova mesa diretora para o pr\u00f3ximo ano. A mesa para 2024 ser\u00e1 composta pelo presidente Cl\u00f3ves Andr\u00e9 Knob (PDT), vice-presidente Luiz Naldair Pereira da Silva (Progressistas), secret\u00e1rio Maicon Stuermer (MDB) e vice-secret\u00e1rio Leonardo Jos\u00e9 Flach (PTB). A elei\u00e7\u00e3o contou [&hellip;]","og_url":"https:\/\/folhapopular.info\/index.php\/2023\/12\/06\/cloves-knob-sera-o-presidente-da-camara-de-poco-das-antas-em-2024\/","og_site_name":"Folha Popular","article_published_time":"2023-12-06T13:00:00+00:00","article_modified_time":"2025-03-19T20:25:12+00:00","og_image":[{"width":1280,"height":960,"url":"http:\/\/folhapopular.info\/wp-content\/uploads\/2023\/12\/WhatsApp-Image-2023-12-05-at-08.30.33.jpeg","type":"image\/jpeg"}],"author":"Paloma Cristine Griesang","twitter_card":"summary_large_image","twitter_misc":{"Escrito por":"Paloma Cristine Griesang","Est. tempo de leitura":"3 minutos"},"schema":{"@context":"https:\/\/schema.org","@graph":[{"@type":"Article","@id":"https:\/\/folhapopular.info\/index.php\/2023\/12\/06\/cloves-knob-sera-o-presidente-da-camara-de-poco-das-antas-em-2024\/#article","isPartOf":{"@id":"https:\/\/folhapopular.info\/index.php\/2023\/12\/06\/cloves-knob-sera-o-presidente-da-camara-de-poco-das-antas-em-2024\/"},"author":{"name":"Paloma Cristine Griesang","@id":"https:\/\/folhapopular.info\/#\/schema\/person\/6441c3adb14a6337552a9700ef5698d2"},"headline":"Cl\u00f3ves Knob ser\u00e1 o presidente da C\u00e2mara de Po\u00e7o das Antas em 2024","datePublished":"2023-12-06T13:00:00+00:00","dateModified":"2025-03-19T20:25:12+00:00","mainEntityOfPage":{"@id":"https:\/\/folhapopular.info\/index.php\/2023\/12\/06\/cloves-knob-sera-o-presidente-da-camara-de-poco-das-antas-em-2024\/"},"wordCount":553,"commentCount":0,"image":{"@id":"https:\/\/folhapopular.info\/index.php\/2023\/12\/06\/cloves-knob-sera-o-presidente-da-camara-de-poco-das-antas-em-2024\/#primaryimage"},"thumbnailUrl":"https:\/\/folhapopular.info\/wp-content\/uploads\/2023\/12\/WhatsApp-Image-2023-12-05-at-08.30.33.jpeg","keywords":["C\u00e2mara de Vereadores","Mesa Diretora","Po\u00e7o das Antas"],"articleSection":["C\u00e2mara de Vereadores de Po\u00e7o das Antas","C\u00e2maras de Vereadores","Destaques","Pol\u00edtica"],"inLanguage":"pt-BR","potentialAction":[{"@type":"CommentAction","name":"Comment","target":["https:\/\/folhapopular.info\/index.php\/2023\/12\/06\/cloves-knob-sera-o-presidente-da-camara-de-poco-das-antas-em-2024\/#respond"]}]},{"@type":"WebPage","@id":"https:\/\/folhapopular.info\/index.php\/2023\/12\/06\/cloves-knob-sera-o-presidente-da-camara-de-poco-das-antas-em-2024\/","url":"https:\/\/folhapopular.info\/index.php\/2023\/12\/06\/cloves-knob-sera-o-presidente-da-camara-de-poco-das-antas-em-2024\/","name":"Cl\u00f3ves Knob ser\u00e1 o presidente da C\u00e2mara de Po\u00e7o das Antas em 2024 - Folha Popular","isPartOf":{"@id":"https:\/\/folhapopular.info\/#website"},"primaryImageOfPage":{"@id":"https:\/\/folhapopular.info\/index.php\/2023\/12\/06\/cloves-knob-sera-o-presidente-da-camara-de-poco-das-antas-em-2024\/#primaryimage"},"image":{"@id":"https:\/\/folhapopular.info\/index.php\/2023\/12\/06\/cloves-knob-sera-o-presidente-da-camara-de-poco-das-antas-em-2024\/#primaryimage"},"thumbnailUrl":"https:\/\/folhapopular.info\/wp-content\/uploads\/2023\/12\/WhatsApp-Image-2023-12-05-at-08.30.33.jpeg","datePublished":"2023-12-06T13:00:00+00:00","dateModified":"2025-03-19T20:25:12+00:00","author":{"@id":"https:\/\/folhapopular.info\/#\/schema\/person\/6441c3adb14a6337552a9700ef5698d2"},"breadcrumb":{"@id":"https:\/\/folhapopular.info\/index.php\/2023\/12\/06\/cloves-knob-sera-o-presidente-da-camara-de-poco-das-antas-em-2024\/#breadcrumb"},"inLanguage":"pt-BR","potentialAction":[{"@type":"ReadAction","target":["https:\/\/folhapopular.info\/index.php\/2023\/12\/06\/cloves-knob-sera-o-presidente-da-camara-de-poco-das-antas-em-2024\/"]}]},{"@type":"ImageObject","inLanguage":"pt-BR","@id":"https:\/\/folhapopular.info\/index.php\/2023\/12\/06\/cloves-knob-sera-o-presidente-da-camara-de-poco-das-antas-em-2024\/#primaryimage","url":"https:\/\/folhapopular.info\/wp-content\/uploads\/2023\/12\/WhatsApp-Image-2023-12-05-at-08.30.33.jpeg","contentUrl":"https:\/\/folhapopular.info\/wp-content\/uploads\/2023\/12\/WhatsApp-Image-2023-12-05-at-08.30.33.jpeg","width":1280,"height":960,"caption":"Nova Mesa Diretora, da esquerda para a direita: vice-presidente Luiz Naldair Pereira da Silva, presidente Cl\u00f3ves Andr\u00e9 Knob, secret\u00e1rio Maicon Stuermer e vice-secret\u00e1rio Leonardo Jos\u00e9 Flach \/ Cr\u00e9dito da foto: Paloma Griesang"},{"@type":"BreadcrumbList","@id":"https:\/\/folhapopular.info\/index.php\/2023\/12\/06\/cloves-knob-sera-o-presidente-da-camara-de-poco-das-antas-em-2024\/#breadcrumb","itemListElement":[{"@type":"ListItem","position":1,"name":"In\u00edcio","item":"https:\/\/folhapopular.info\/"},{"@type":"ListItem","position":2,"name":"Cl\u00f3ves Knob ser\u00e1 o presidente da C\u00e2mara de Po\u00e7o das Antas em 2024"}]},{"@type":"WebSite","@id":"https:\/\/folhapopular.info\/#website","url":"https:\/\/folhapopular.info\/","name":"Folha Popular","description":"Onde voc\u00ea tem vez e voz","potentialAction":[{"@type":"SearchAction","target":{"@type":"EntryPoint","urlTemplate":"https:\/\/folhapopular.info\/?s={search_term_string}"},"query-input":{"@type":"PropertyValueSpecification","valueRequired":true,"valueName":"search_term_string"}}],"inLanguage":"pt-BR"},{"@type":"Person","@id":"https:\/\/folhapopular.info\/#\/schema\/person\/6441c3adb14a6337552a9700ef5698d2","name":"Paloma Cristine Griesang","image":{"@type":"ImageObject","inLanguage":"pt-BR","@id":"https:\/\/secure.gravatar.com\/avatar\/7a1c3f1e1b05846882a13987cf3bd04239fe0ea8fd472d7d16d7f21c265005a5?s=96&d=mm&r=g","url":"https:\/\/secure.gravatar.com\/avatar\/7a1c3f1e1b05846882a13987cf3bd04239fe0ea8fd472d7d16d7f21c265005a5?s=96&d=mm&r=g","contentUrl":"https:\/\/secure.gravatar.com\/avatar\/7a1c3f1e1b05846882a13987cf3bd04239fe0ea8fd472d7d16d7f21c265005a5?s=96&d=mm&r=g","caption":"Paloma Cristine Griesang"},"url":"https:\/\/folhapopular.info\/index.php\/author\/paloma-griesang\/"}]}},"jetpack_featured_media_url":"https:\/\/folhapopular.info\/wp-content\/uploads\/2023\/12\/WhatsApp-Image-2023-12-05-at-08.30.33.jpeg","jetpack_sharing_enabled":true,"amp_enabled":true,"_links":{"self":[{"href":"https:\/\/folhapopular.info\/index.php\/wp-json\/wp\/v2\/posts\/144572","targetHints":{"allow":["GET"]}}],"collection":[{"href":"https:\/\/folhapopular.info\/index.php\/wp-json\/wp\/v2\/posts"}],"about":[{"href":"https:\/\/folhapopular.info\/index.php\/wp-json\/wp\/v2\/types\/post"}],"author":[{"embeddable":true,"href":"https:\/\/folhapopular.info\/index.php\/wp-json\/wp\/v2\/users\/5"}],"replies":[{"embeddable":true,"href":"https:\/\/folhapopular.info\/index.php\/wp-json\/wp\/v2\/comments?post=144572"}],"version-history":[{"count":0,"href":"https:\/\/folhapopular.info\/index.php\/wp-json\/wp\/v2\/posts\/144572\/revisions"}],"wp:featuredmedia":[{"embeddable":true,"href":"https:\/\/folhapopular.info\/index.php\/wp-json\/wp\/v2\/media\/144573"}],"wp:attachment":[{"href":"https:\/\/folhapopular.info\/index.php\/wp-json\/wp\/v2\/media?parent=144572"}],"wp:term":[{"taxonomy":"category","embeddable":true,"href":"https:\/\/folhapopular.info\/index.php\/wp-json\/wp\/v2\/categories?post=144572"},{"taxonomy":"post_tag","embeddable":true,"href":"https:\/\/folhapopular.info\/index.php\/wp-json\/wp\/v2\/tags?post=144572"}],"curies":[{"name":"wp","href":"https:\/\/api.w.org\/{rel}","templated":true}]}}