{"id":144629,"date":"2023-12-06T19:00:00","date_gmt":"2023-12-06T22:00:00","guid":{"rendered":"https:\/\/folhapopular.info\/?p=144629"},"modified":"2023-12-06T16:44:06","modified_gmt":"2023-12-06T19:44:06","slug":"economista-patricia-palermo-palestra-na-ultima-reuniao-almoco-de-2023-da-acil","status":"publish","type":"post","link":"https:\/\/folhapopular.info\/index.php\/2023\/12\/06\/economista-patricia-palermo-palestra-na-ultima-reuniao-almoco-de-2023-da-acil\/","title":{"rendered":"Economista Patr\u00edcia Palermo palestra na \u00faltima reuni\u00e3o-almo\u00e7o de 2023 da Acil"},"content":{"rendered":"\n<p>A Associa\u00e7\u00e3o Comercial e Industrial de Lajeado (Acil) promove, na pr\u00f3xima ter\u00e7a-feira (12), a \u00faltima reuni\u00e3o-almo\u00e7o (RA) de 2023. O evento acontece a partir das 11h30 na Sede Social da Univates e ser\u00e1 realizado de forma conjunta com o Sindicato do Com\u00e9rcio Varejista (Sindilojas) Vale do Taquari e a Federa\u00e7\u00e3o do Com\u00e9rcio de Bens e de Servi\u00e7os do Estado do Rio Grande do Sul (Fecom\u00e9rcio). Na oportunidade, a economista Patr\u00edcia Palermo aborda o tema \u201cCen\u00e1rio econ\u00f4mico 2024: o que esperar\u201d.<\/p>\n\n\n\n<p>Com objetivo de auxiliar empres\u00e1rios e gestores no planejamento financeiro para o pr\u00f3ximo ano, a palestrante trar\u00e1 proje\u00e7\u00f5es para a economia brasileira e far\u00e1 uma an\u00e1lise das principais vari\u00e1veis que moldar\u00e3o o cen\u00e1rio para 2024. <\/p>\n\n\n\n<p>O evento \u00e9 aberto a todos os interessados mas as vagas s\u00e3o limitadas. As inscri\u00e7\u00f5es devem ser feitas at\u00e9 as 12h da segunda-feira (11\/12) somente atrav\u00e9s do <a href=\"http:\/\/acilajeado.org.br\/\" target=\"_blank\" rel=\"noreferrer noopener\">site da Acil<\/a>. O valor \u00e9 de R$ 80 para s\u00f3cios da Acil e Sistema Fecom\u00e9rcio RS e de R$ 110 para os demais interessados.<\/p>\n\n\n\n<h2 class=\"wp-block-heading\">Palestrante<\/h2>\n\n\n\n<p>Patr\u00edcia \u00e9 graduada em Economia pela na Universidade Federal do Rio Grande do Sul. Foi reconhecida com o pr\u00eamio de melhor desempenho no curso pelo Conselho Regional de Economia do Rio Grande do Sul (Corecon\/RS). \u00c9 mestre e doutora em Economia Aplicada pela mesma universidade. \u00c9 professora da ESPM desde 2004, lecionando nos cursos de Administra\u00e7\u00e3o e Rela\u00e7\u00f5es Internacionais. Tamb\u00e9m \u00e9 professora das Faculdades S\u00e3o Francisco de Assis em cursos de Administra\u00e7\u00e3o, Contabilidade e Direito. Atuou como economista da Fiergs por sete anos e desde maio de 2011 \u00e9 economista-chefe da Assessoria Econ\u00f4mica do Sistema Fecom\u00e9rcio-RS\/Sesc\/Senac.<\/p>\n","protected":false},"excerpt":{"rendered":"<p>A Associa\u00e7\u00e3o Comercial e Industrial de Lajeado (Acil) promove, na pr\u00f3xima ter\u00e7a-feira (12), a \u00faltima reuni\u00e3o-almo\u00e7o (RA) de 2023. O evento acontece a partir das 11h30 na Sede Social da Univates e ser\u00e1 realizado de forma conjunta com o Sindicato do Com\u00e9rcio Varejista (Sindilojas) Vale do Taquari e a Federa\u00e7\u00e3o do Com\u00e9rcio de Bens e [&hellip;]<\/p>\n","protected":false},"author":8,"featured_media":144631,"comment_status":"open","ping_status":"open","sticky":false,"template":"","format":"standard","meta":{"pmpro_default_level":"","_jetpack_memberships_contains_paid_content":false,"footnotes":""},"categories":[2,10991],"tags":[11818,27,2374,13523],"class_list":{"0":"post-144629","1":"post","2":"type-post","3":"status-publish","4":"format-standard","5":"has-post-thumbnail","7":"category-featured","8":"category-economia","9":"tag-economista","10":"tag-lajeado","11":"tag-patricia-palermo","12":"tag-reuniao-almoco-acil","13":"pmpro-has-access"},"yoast_head":"<!-- This site is optimized with the Yoast SEO plugin v27.5 - https:\/\/yoast.com\/product\/yoast-seo-wordpress\/ -->\n<title>Economista Patr\u00edcia Palermo palestra na \u00faltima reuni\u00e3o-almo\u00e7o de 2023 da Acil - Folha Popular<\/title>\n<meta name=\"robots\" content=\"index, follow, max-snippet:-1, max-image-preview:large, max-video-preview:-1\" \/>\n<link rel=\"canonical\" href=\"https:\/\/folhapopular.info\/index.php\/2023\/12\/06\/economista-patricia-palermo-palestra-na-ultima-reuniao-almoco-de-2023-da-acil\/\" \/>\n<meta property=\"og:locale\" content=\"pt_BR\" \/>\n<meta property=\"og:type\" content=\"article\" \/>\n<meta property=\"og:title\" content=\"Economista Patr\u00edcia Palermo palestra na \u00faltima reuni\u00e3o-almo\u00e7o de 2023 da Acil - Folha Popular\" \/>\n<meta property=\"og:description\" content=\"A Associa\u00e7\u00e3o Comercial e Industrial de Lajeado (Acil) promove, na pr\u00f3xima ter\u00e7a-feira (12), a \u00faltima reuni\u00e3o-almo\u00e7o (RA) de 2023. O evento acontece a partir das 11h30 na Sede Social da Univates e ser\u00e1 realizado de forma conjunta com o Sindicato do Com\u00e9rcio Varejista (Sindilojas) Vale do Taquari e a Federa\u00e7\u00e3o do Com\u00e9rcio de Bens e [&hellip;]\" \/>\n<meta property=\"og:url\" content=\"https:\/\/folhapopular.info\/index.php\/2023\/12\/06\/economista-patricia-palermo-palestra-na-ultima-reuniao-almoco-de-2023-da-acil\/\" \/>\n<meta property=\"og:site_name\" content=\"Folha Popular\" \/>\n<meta property=\"article:published_time\" content=\"2023-12-06T22:00:00+00:00\" \/>\n<meta property=\"og:image\" content=\"https:\/\/folhapopular.info\/wp-content\/uploads\/2023\/12\/WhatsApp-Image-2021-11-03-at-08.36.59.jpeg\" \/>\n\t<meta property=\"og:image:width\" content=\"1024\" \/>\n\t<meta property=\"og:image:height\" content=\"682\" \/>\n\t<meta property=\"og:image:type\" content=\"image\/jpeg\" \/>\n<meta name=\"author\" content=\"Reda\u00e7\u00e3o Folha Popular\" \/>\n<meta name=\"twitter:card\" content=\"summary_large_image\" \/>\n<meta name=\"twitter:label1\" content=\"Escrito por\" \/>\n\t<meta name=\"twitter:data1\" content=\"Reda\u00e7\u00e3o Folha Popular\" \/>\n\t<meta name=\"twitter:label2\" content=\"Est. tempo de leitura\" \/>\n\t<meta name=\"twitter:data2\" content=\"2 minutos\" \/>\n<script type=\"application\/ld+json\" class=\"yoast-schema-graph\">{\"@context\":\"https:\\\/\\\/schema.org\",\"@graph\":[{\"@type\":\"Article\",\"@id\":\"https:\\\/\\\/folhapopular.info\\\/index.php\\\/2023\\\/12\\\/06\\\/economista-patricia-palermo-palestra-na-ultima-reuniao-almoco-de-2023-da-acil\\\/#article\",\"isPartOf\":{\"@id\":\"https:\\\/\\\/folhapopular.info\\\/index.php\\\/2023\\\/12\\\/06\\\/economista-patricia-palermo-palestra-na-ultima-reuniao-almoco-de-2023-da-acil\\\/\"},\"author\":{\"name\":\"Reda\u00e7\u00e3o Folha Popular\",\"@id\":\"https:\\\/\\\/folhapopular.info\\\/#\\\/schema\\\/person\\\/2814e8a0df7643585a9ca38bc6eb9d4b\"},\"headline\":\"Economista Patr\u00edcia Palermo palestra na \u00faltima reuni\u00e3o-almo\u00e7o de 2023 da Acil\",\"datePublished\":\"2023-12-06T22:00:00+00:00\",\"mainEntityOfPage\":{\"@id\":\"https:\\\/\\\/folhapopular.info\\\/index.php\\\/2023\\\/12\\\/06\\\/economista-patricia-palermo-palestra-na-ultima-reuniao-almoco-de-2023-da-acil\\\/\"},\"wordCount\":298,\"commentCount\":0,\"image\":{\"@id\":\"https:\\\/\\\/folhapopular.info\\\/index.php\\\/2023\\\/12\\\/06\\\/economista-patricia-palermo-palestra-na-ultima-reuniao-almoco-de-2023-da-acil\\\/#primaryimage\"},\"thumbnailUrl\":\"https:\\\/\\\/folhapopular.info\\\/wp-content\\\/uploads\\\/2023\\\/12\\\/WhatsApp-Image-2021-11-03-at-08.36.59.jpeg\",\"keywords\":[\"Economista\",\"Lajeado\",\"Patr\u00edcia Palermo\",\"reuni\u00e3o-almo\u00e7o Acil\"],\"articleSection\":[\"Destaques\",\"Economia\"],\"inLanguage\":\"pt-BR\",\"potentialAction\":[{\"@type\":\"CommentAction\",\"name\":\"Comment\",\"target\":[\"https:\\\/\\\/folhapopular.info\\\/index.php\\\/2023\\\/12\\\/06\\\/economista-patricia-palermo-palestra-na-ultima-reuniao-almoco-de-2023-da-acil\\\/#respond\"]}]},{\"@type\":\"WebPage\",\"@id\":\"https:\\\/\\\/folhapopular.info\\\/index.php\\\/2023\\\/12\\\/06\\\/economista-patricia-palermo-palestra-na-ultima-reuniao-almoco-de-2023-da-acil\\\/\",\"url\":\"https:\\\/\\\/folhapopular.info\\\/index.php\\\/2023\\\/12\\\/06\\\/economista-patricia-palermo-palestra-na-ultima-reuniao-almoco-de-2023-da-acil\\\/\",\"name\":\"Economista Patr\u00edcia Palermo palestra na \u00faltima reuni\u00e3o-almo\u00e7o de 2023 da Acil - Folha Popular\",\"isPartOf\":{\"@id\":\"https:\\\/\\\/folhapopular.info\\\/#website\"},\"primaryImageOfPage\":{\"@id\":\"https:\\\/\\\/folhapopular.info\\\/index.php\\\/2023\\\/12\\\/06\\\/economista-patricia-palermo-palestra-na-ultima-reuniao-almoco-de-2023-da-acil\\\/#primaryimage\"},\"image\":{\"@id\":\"https:\\\/\\\/folhapopular.info\\\/index.php\\\/2023\\\/12\\\/06\\\/economista-patricia-palermo-palestra-na-ultima-reuniao-almoco-de-2023-da-acil\\\/#primaryimage\"},\"thumbnailUrl\":\"https:\\\/\\\/folhapopular.info\\\/wp-content\\\/uploads\\\/2023\\\/12\\\/WhatsApp-Image-2021-11-03-at-08.36.59.jpeg\",\"datePublished\":\"2023-12-06T22:00:00+00:00\",\"author\":{\"@id\":\"https:\\\/\\\/folhapopular.info\\\/#\\\/schema\\\/person\\\/2814e8a0df7643585a9ca38bc6eb9d4b\"},\"breadcrumb\":{\"@id\":\"https:\\\/\\\/folhapopular.info\\\/index.php\\\/2023\\\/12\\\/06\\\/economista-patricia-palermo-palestra-na-ultima-reuniao-almoco-de-2023-da-acil\\\/#breadcrumb\"},\"inLanguage\":\"pt-BR\",\"potentialAction\":[{\"@type\":\"ReadAction\",\"target\":[\"https:\\\/\\\/folhapopular.info\\\/index.php\\\/2023\\\/12\\\/06\\\/economista-patricia-palermo-palestra-na-ultima-reuniao-almoco-de-2023-da-acil\\\/\"]}]},{\"@type\":\"ImageObject\",\"inLanguage\":\"pt-BR\",\"@id\":\"https:\\\/\\\/folhapopular.info\\\/index.php\\\/2023\\\/12\\\/06\\\/economista-patricia-palermo-palestra-na-ultima-reuniao-almoco-de-2023-da-acil\\\/#primaryimage\",\"url\":\"https:\\\/\\\/folhapopular.info\\\/wp-content\\\/uploads\\\/2023\\\/12\\\/WhatsApp-Image-2021-11-03-at-08.36.59.jpeg\",\"contentUrl\":\"https:\\\/\\\/folhapopular.info\\\/wp-content\\\/uploads\\\/2023\\\/12\\\/WhatsApp-Image-2021-11-03-at-08.36.59.jpeg\",\"width\":1024,\"height\":682},{\"@type\":\"BreadcrumbList\",\"@id\":\"https:\\\/\\\/folhapopular.info\\\/index.php\\\/2023\\\/12\\\/06\\\/economista-patricia-palermo-palestra-na-ultima-reuniao-almoco-de-2023-da-acil\\\/#breadcrumb\",\"itemListElement\":[{\"@type\":\"ListItem\",\"position\":1,\"name\":\"In\u00edcio\",\"item\":\"https:\\\/\\\/folhapopular.info\\\/\"},{\"@type\":\"ListItem\",\"position\":2,\"name\":\"Economista Patr\u00edcia Palermo palestra na \u00faltima reuni\u00e3o-almo\u00e7o de 2023 da Acil\"}]},{\"@type\":\"WebSite\",\"@id\":\"https:\\\/\\\/folhapopular.info\\\/#website\",\"url\":\"https:\\\/\\\/folhapopular.info\\\/\",\"name\":\"Folha Popular\",\"description\":\"Onde voc\u00ea tem vez e voz\",\"potentialAction\":[{\"@type\":\"SearchAction\",\"target\":{\"@type\":\"EntryPoint\",\"urlTemplate\":\"https:\\\/\\\/folhapopular.info\\\/?s={search_term_string}\"},\"query-input\":{\"@type\":\"PropertyValueSpecification\",\"valueRequired\":true,\"valueName\":\"search_term_string\"}}],\"inLanguage\":\"pt-BR\"},{\"@type\":\"Person\",\"@id\":\"https:\\\/\\\/folhapopular.info\\\/#\\\/schema\\\/person\\\/2814e8a0df7643585a9ca38bc6eb9d4b\",\"name\":\"Reda\u00e7\u00e3o Folha Popular\",\"image\":{\"@type\":\"ImageObject\",\"inLanguage\":\"pt-BR\",\"@id\":\"https:\\\/\\\/folhapopular.info\\\/wp-content\\\/uploads\\\/2026\\\/04\\\/Folha-1.webp\",\"url\":\"https:\\\/\\\/folhapopular.info\\\/wp-content\\\/uploads\\\/2026\\\/04\\\/Folha-1.webp\",\"contentUrl\":\"https:\\\/\\\/folhapopular.info\\\/wp-content\\\/uploads\\\/2026\\\/04\\\/Folha-1.webp\",\"caption\":\"Reda\u00e7\u00e3o Folha Popular\"},\"url\":\"https:\\\/\\\/folhapopular.info\\\/index.php\\\/author\\\/redacao\\\/\"}]}<\/script>\n<!-- \/ Yoast SEO plugin. -->","yoast_head_json":{"title":"Economista Patr\u00edcia Palermo palestra na \u00faltima reuni\u00e3o-almo\u00e7o de 2023 da Acil - Folha Popular","robots":{"index":"index","follow":"follow","max-snippet":"max-snippet:-1","max-image-preview":"max-image-preview:large","max-video-preview":"max-video-preview:-1"},"canonical":"https:\/\/folhapopular.info\/index.php\/2023\/12\/06\/economista-patricia-palermo-palestra-na-ultima-reuniao-almoco-de-2023-da-acil\/","og_locale":"pt_BR","og_type":"article","og_title":"Economista Patr\u00edcia Palermo palestra na \u00faltima reuni\u00e3o-almo\u00e7o de 2023 da Acil - Folha Popular","og_description":"A Associa\u00e7\u00e3o Comercial e Industrial de Lajeado (Acil) promove, na pr\u00f3xima ter\u00e7a-feira (12), a \u00faltima reuni\u00e3o-almo\u00e7o (RA) de 2023. O evento acontece a partir das 11h30 na Sede Social da Univates e ser\u00e1 realizado de forma conjunta com o Sindicato do Com\u00e9rcio Varejista (Sindilojas) Vale do Taquari e a Federa\u00e7\u00e3o do Com\u00e9rcio de Bens e [&hellip;]","og_url":"https:\/\/folhapopular.info\/index.php\/2023\/12\/06\/economista-patricia-palermo-palestra-na-ultima-reuniao-almoco-de-2023-da-acil\/","og_site_name":"Folha Popular","article_published_time":"2023-12-06T22:00:00+00:00","og_image":[{"width":1024,"height":682,"url":"https:\/\/folhapopular.info\/wp-content\/uploads\/2023\/12\/WhatsApp-Image-2021-11-03-at-08.36.59.jpeg","type":"image\/jpeg"}],"author":"Reda\u00e7\u00e3o Folha Popular","twitter_card":"summary_large_image","twitter_misc":{"Escrito por":"Reda\u00e7\u00e3o Folha Popular","Est. tempo de leitura":"2 minutos"},"schema":{"@context":"https:\/\/schema.org","@graph":[{"@type":"Article","@id":"https:\/\/folhapopular.info\/index.php\/2023\/12\/06\/economista-patricia-palermo-palestra-na-ultima-reuniao-almoco-de-2023-da-acil\/#article","isPartOf":{"@id":"https:\/\/folhapopular.info\/index.php\/2023\/12\/06\/economista-patricia-palermo-palestra-na-ultima-reuniao-almoco-de-2023-da-acil\/"},"author":{"name":"Reda\u00e7\u00e3o Folha Popular","@id":"https:\/\/folhapopular.info\/#\/schema\/person\/2814e8a0df7643585a9ca38bc6eb9d4b"},"headline":"Economista Patr\u00edcia Palermo palestra na \u00faltima reuni\u00e3o-almo\u00e7o de 2023 da Acil","datePublished":"2023-12-06T22:00:00+00:00","mainEntityOfPage":{"@id":"https:\/\/folhapopular.info\/index.php\/2023\/12\/06\/economista-patricia-palermo-palestra-na-ultima-reuniao-almoco-de-2023-da-acil\/"},"wordCount":298,"commentCount":0,"image":{"@id":"https:\/\/folhapopular.info\/index.php\/2023\/12\/06\/economista-patricia-palermo-palestra-na-ultima-reuniao-almoco-de-2023-da-acil\/#primaryimage"},"thumbnailUrl":"https:\/\/folhapopular.info\/wp-content\/uploads\/2023\/12\/WhatsApp-Image-2021-11-03-at-08.36.59.jpeg","keywords":["Economista","Lajeado","Patr\u00edcia Palermo","reuni\u00e3o-almo\u00e7o Acil"],"articleSection":["Destaques","Economia"],"inLanguage":"pt-BR","potentialAction":[{"@type":"CommentAction","name":"Comment","target":["https:\/\/folhapopular.info\/index.php\/2023\/12\/06\/economista-patricia-palermo-palestra-na-ultima-reuniao-almoco-de-2023-da-acil\/#respond"]}]},{"@type":"WebPage","@id":"https:\/\/folhapopular.info\/index.php\/2023\/12\/06\/economista-patricia-palermo-palestra-na-ultima-reuniao-almoco-de-2023-da-acil\/","url":"https:\/\/folhapopular.info\/index.php\/2023\/12\/06\/economista-patricia-palermo-palestra-na-ultima-reuniao-almoco-de-2023-da-acil\/","name":"Economista Patr\u00edcia Palermo palestra na \u00faltima reuni\u00e3o-almo\u00e7o de 2023 da Acil - Folha Popular","isPartOf":{"@id":"https:\/\/folhapopular.info\/#website"},"primaryImageOfPage":{"@id":"https:\/\/folhapopular.info\/index.php\/2023\/12\/06\/economista-patricia-palermo-palestra-na-ultima-reuniao-almoco-de-2023-da-acil\/#primaryimage"},"image":{"@id":"https:\/\/folhapopular.info\/index.php\/2023\/12\/06\/economista-patricia-palermo-palestra-na-ultima-reuniao-almoco-de-2023-da-acil\/#primaryimage"},"thumbnailUrl":"https:\/\/folhapopular.info\/wp-content\/uploads\/2023\/12\/WhatsApp-Image-2021-11-03-at-08.36.59.jpeg","datePublished":"2023-12-06T22:00:00+00:00","author":{"@id":"https:\/\/folhapopular.info\/#\/schema\/person\/2814e8a0df7643585a9ca38bc6eb9d4b"},"breadcrumb":{"@id":"https:\/\/folhapopular.info\/index.php\/2023\/12\/06\/economista-patricia-palermo-palestra-na-ultima-reuniao-almoco-de-2023-da-acil\/#breadcrumb"},"inLanguage":"pt-BR","potentialAction":[{"@type":"ReadAction","target":["https:\/\/folhapopular.info\/index.php\/2023\/12\/06\/economista-patricia-palermo-palestra-na-ultima-reuniao-almoco-de-2023-da-acil\/"]}]},{"@type":"ImageObject","inLanguage":"pt-BR","@id":"https:\/\/folhapopular.info\/index.php\/2023\/12\/06\/economista-patricia-palermo-palestra-na-ultima-reuniao-almoco-de-2023-da-acil\/#primaryimage","url":"https:\/\/folhapopular.info\/wp-content\/uploads\/2023\/12\/WhatsApp-Image-2021-11-03-at-08.36.59.jpeg","contentUrl":"https:\/\/folhapopular.info\/wp-content\/uploads\/2023\/12\/WhatsApp-Image-2021-11-03-at-08.36.59.jpeg","width":1024,"height":682},{"@type":"BreadcrumbList","@id":"https:\/\/folhapopular.info\/index.php\/2023\/12\/06\/economista-patricia-palermo-palestra-na-ultima-reuniao-almoco-de-2023-da-acil\/#breadcrumb","itemListElement":[{"@type":"ListItem","position":1,"name":"In\u00edcio","item":"https:\/\/folhapopular.info\/"},{"@type":"ListItem","position":2,"name":"Economista Patr\u00edcia Palermo palestra na \u00faltima reuni\u00e3o-almo\u00e7o de 2023 da Acil"}]},{"@type":"WebSite","@id":"https:\/\/folhapopular.info\/#website","url":"https:\/\/folhapopular.info\/","name":"Folha Popular","description":"Onde voc\u00ea tem vez e voz","potentialAction":[{"@type":"SearchAction","target":{"@type":"EntryPoint","urlTemplate":"https:\/\/folhapopular.info\/?s={search_term_string}"},"query-input":{"@type":"PropertyValueSpecification","valueRequired":true,"valueName":"search_term_string"}}],"inLanguage":"pt-BR"},{"@type":"Person","@id":"https:\/\/folhapopular.info\/#\/schema\/person\/2814e8a0df7643585a9ca38bc6eb9d4b","name":"Reda\u00e7\u00e3o Folha Popular","image":{"@type":"ImageObject","inLanguage":"pt-BR","@id":"https:\/\/folhapopular.info\/wp-content\/uploads\/2026\/04\/Folha-1.webp","url":"https:\/\/folhapopular.info\/wp-content\/uploads\/2026\/04\/Folha-1.webp","contentUrl":"https:\/\/folhapopular.info\/wp-content\/uploads\/2026\/04\/Folha-1.webp","caption":"Reda\u00e7\u00e3o Folha Popular"},"url":"https:\/\/folhapopular.info\/index.php\/author\/redacao\/"}]}},"jetpack_featured_media_url":"https:\/\/folhapopular.info\/wp-content\/uploads\/2023\/12\/WhatsApp-Image-2021-11-03-at-08.36.59.jpeg","jetpack_sharing_enabled":true,"amp_enabled":true,"_links":{"self":[{"href":"https:\/\/folhapopular.info\/index.php\/wp-json\/wp\/v2\/posts\/144629","targetHints":{"allow":["GET"]}}],"collection":[{"href":"https:\/\/folhapopular.info\/index.php\/wp-json\/wp\/v2\/posts"}],"about":[{"href":"https:\/\/folhapopular.info\/index.php\/wp-json\/wp\/v2\/types\/post"}],"author":[{"embeddable":true,"href":"https:\/\/folhapopular.info\/index.php\/wp-json\/wp\/v2\/users\/8"}],"replies":[{"embeddable":true,"href":"https:\/\/folhapopular.info\/index.php\/wp-json\/wp\/v2\/comments?post=144629"}],"version-history":[{"count":0,"href":"https:\/\/folhapopular.info\/index.php\/wp-json\/wp\/v2\/posts\/144629\/revisions"}],"wp:featuredmedia":[{"embeddable":true,"href":"https:\/\/folhapopular.info\/index.php\/wp-json\/wp\/v2\/media\/144631"}],"wp:attachment":[{"href":"https:\/\/folhapopular.info\/index.php\/wp-json\/wp\/v2\/media?parent=144629"}],"wp:term":[{"taxonomy":"category","embeddable":true,"href":"https:\/\/folhapopular.info\/index.php\/wp-json\/wp\/v2\/categories?post=144629"},{"taxonomy":"post_tag","embeddable":true,"href":"https:\/\/folhapopular.info\/index.php\/wp-json\/wp\/v2\/tags?post=144629"}],"curies":[{"name":"wp","href":"https:\/\/api.w.org\/{rel}","templated":true}]}}