{"id":144635,"date":"2023-12-06T16:48:29","date_gmt":"2023-12-06T19:48:29","guid":{"rendered":"https:\/\/folhapopular.info\/?p=144635"},"modified":"2023-12-06T16:48:33","modified_gmt":"2023-12-06T19:48:33","slug":"33a-rustica-de-natal-de-lajeado-reune-cerca-de-600-participantes","status":"publish","type":"post","link":"https:\/\/folhapopular.info\/index.php\/2023\/12\/06\/33a-rustica-de-natal-de-lajeado-reune-cerca-de-600-participantes\/","title":{"rendered":"33\u00aa R\u00fastica de Natal de Lajeado re\u00fane cerca de 600 participantes"},"content":{"rendered":"\n<p>Cerca de 600 participantes se desafiaram nos percursos de 400 metros, 800 metros, 1200 metros, caminhada 5km e corrida adulta de 5km e 10km na 33\u00aa R\u00fastica de Natal de Lajeado, realizada no domingo passado (3\/12). O tradicional evento esportivo teve as largadas e chegadas na Rua J\u00falio de Castilhos.<\/p>\n\n\n\n<p>O evento foi promovido pela Prefeitura de Lajeado, por meio da Secretaria de Cultura, Esporte e Lazer (Secel), em parceria com o Sesc Lajeado, e integrou a programa\u00e7\u00e3o do Natal no Cora\u00e7\u00e3o 2023. O aquecimento e alongamento para a r\u00fastica foi orientado por profissionais da Unimed Vales do Taquari e Rio Pardo (VTRP).<\/p>\n\n\n\n<p>Durante a prova, os percursos contavam com a sinaliza\u00e7\u00e3o e equipes orientando os atletas, com batedores do Departamento de Tr\u00e2nsito de Lajeado garantindo a seguran\u00e7a dos participantes. Na chegada, \u00e1gua, frutas e bebidas com reposi\u00e7\u00e3o energ\u00e9tica aguardavam os atletas.<\/p>\n\n\n\n<p>Todos receberam medalhas de participa\u00e7\u00e3o e trof\u00e9u de premia\u00e7\u00e3o para os cinco primeiros colocados de cada categoria. Ap\u00f3s a conclus\u00e3o dos trajetos mais longos, ocorreram as largadas das categorias infantis.<\/p>\n\n\n\n<p><strong>Confira os resultados da 33\u00aa&nbsp;R\u00fastica&nbsp;de Natal de Lajeado:<\/strong><\/p>\n\n\n\n<p>Confira os resultados por categoria&nbsp;<strong><a href=\"https:\/\/drive.google.com\/file\/d\/1nJxy9VFm3w89FirRLPfGRTswxL85oq4O\/view?usp=sharing\" rel=\"noreferrer noopener\" target=\"_blank\">clicando aqui<\/a><\/strong>.<\/p>\n\n\n\n<p>Confira os resultados gerais&nbsp;<strong><a href=\"https:\/\/drive.google.com\/file\/d\/1H9vz_Kf0kRqtp_LdRC6FZNrCkFXJxYrB\/view?usp=sharing\" rel=\"noreferrer noopener\" target=\"_blank\">clicando aqui<\/a><\/strong>.<\/p>\n\n\n\n<p>Confira as fotos do evento\u00a0<strong><a href=\"https:\/\/drive.google.com\/drive\/folders\/1MnrprBDZxrTBHV8E-qZHD79PZ3U_BrNF?usp=sharing\" target=\"_blank\" rel=\"noreferrer noopener\">clicando aqui<\/a>\u00a0<\/strong>e outras\u00a0<strong><a href=\"https:\/\/felipe-amorin.picsize.com.br\/yb84PF91ZkTk\" target=\"_blank\" rel=\"noreferrer noopener\">clicando aqui<\/a><\/strong>.<\/p>\n","protected":false},"excerpt":{"rendered":"<p>Cerca de 600 participantes se desafiaram nos percursos de 400 metros, 800 metros, 1200 metros, caminhada 5km e corrida adulta de 5km e 10km na 33\u00aa R\u00fastica de Natal de Lajeado, realizada no domingo passado (3\/12). O tradicional evento esportivo teve as largadas e chegadas na Rua J\u00falio de Castilhos. O evento foi promovido pela [&hellip;]<\/p>\n","protected":false},"author":8,"featured_media":144636,"comment_status":"open","ping_status":"open","sticky":false,"template":"","format":"standard","meta":{"pmpro_default_level":"","_jetpack_memberships_contains_paid_content":false,"footnotes":""},"categories":[5],"tags":[2323,137,27,59],"class_list":{"0":"post-144635","1":"post","2":"type-post","3":"status-publish","4":"format-standard","5":"has-post-thumbnail","7":"category-esportes","8":"tag-corrida","9":"tag-esporte","10":"tag-lajeado","11":"tag-rustica","12":"pmpro-has-access"},"yoast_head":"<!-- This site is optimized with the Yoast SEO plugin v27.5 - https:\/\/yoast.com\/product\/yoast-seo-wordpress\/ -->\n<title>33\u00aa R\u00fastica de Natal de Lajeado re\u00fane cerca de 600 participantes - Folha Popular<\/title>\n<meta name=\"robots\" content=\"index, follow, max-snippet:-1, max-image-preview:large, max-video-preview:-1\" \/>\n<link rel=\"canonical\" href=\"https:\/\/folhapopular.info\/index.php\/2023\/12\/06\/33a-rustica-de-natal-de-lajeado-reune-cerca-de-600-participantes\/\" \/>\n<meta property=\"og:locale\" content=\"pt_BR\" \/>\n<meta property=\"og:type\" content=\"article\" \/>\n<meta property=\"og:title\" content=\"33\u00aa R\u00fastica de Natal de Lajeado re\u00fane cerca de 600 participantes - Folha Popular\" \/>\n<meta property=\"og:description\" content=\"Cerca de 600 participantes se desafiaram nos percursos de 400 metros, 800 metros, 1200 metros, caminhada 5km e corrida adulta de 5km e 10km na 33\u00aa R\u00fastica de Natal de Lajeado, realizada no domingo passado (3\/12). O tradicional evento esportivo teve as largadas e chegadas na Rua J\u00falio de Castilhos. O evento foi promovido pela [&hellip;]\" \/>\n<meta property=\"og:url\" content=\"https:\/\/folhapopular.info\/index.php\/2023\/12\/06\/33a-rustica-de-natal-de-lajeado-reune-cerca-de-600-participantes\/\" \/>\n<meta property=\"og:site_name\" content=\"Folha Popular\" \/>\n<meta property=\"article:published_time\" content=\"2023-12-06T19:48:29+00:00\" \/>\n<meta property=\"article:modified_time\" content=\"2023-12-06T19:48:33+00:00\" \/>\n<meta property=\"og:image\" content=\"http:\/\/folhapopular.info\/wp-content\/uploads\/2023\/12\/Corredores-4-Laura-Mallmann-scaled.jpg\" \/>\n\t<meta property=\"og:image:width\" content=\"2560\" \/>\n\t<meta property=\"og:image:height\" content=\"1707\" \/>\n\t<meta property=\"og:image:type\" content=\"image\/jpeg\" \/>\n<meta name=\"author\" content=\"Reda\u00e7\u00e3o Folha Popular\" \/>\n<meta name=\"twitter:card\" content=\"summary_large_image\" \/>\n<meta name=\"twitter:label1\" content=\"Escrito por\" \/>\n\t<meta name=\"twitter:data1\" content=\"Reda\u00e7\u00e3o Folha Popular\" \/>\n\t<meta name=\"twitter:label2\" content=\"Est. tempo de leitura\" \/>\n\t<meta name=\"twitter:data2\" content=\"2 minutos\" \/>\n<script type=\"application\/ld+json\" class=\"yoast-schema-graph\">{\"@context\":\"https:\\\/\\\/schema.org\",\"@graph\":[{\"@type\":\"Article\",\"@id\":\"https:\\\/\\\/folhapopular.info\\\/index.php\\\/2023\\\/12\\\/06\\\/33a-rustica-de-natal-de-lajeado-reune-cerca-de-600-participantes\\\/#article\",\"isPartOf\":{\"@id\":\"https:\\\/\\\/folhapopular.info\\\/index.php\\\/2023\\\/12\\\/06\\\/33a-rustica-de-natal-de-lajeado-reune-cerca-de-600-participantes\\\/\"},\"author\":{\"name\":\"Reda\u00e7\u00e3o Folha Popular\",\"@id\":\"https:\\\/\\\/folhapopular.info\\\/#\\\/schema\\\/person\\\/2814e8a0df7643585a9ca38bc6eb9d4b\"},\"headline\":\"33\u00aa R\u00fastica de Natal de Lajeado re\u00fane cerca de 600 participantes\",\"datePublished\":\"2023-12-06T19:48:29+00:00\",\"dateModified\":\"2023-12-06T19:48:33+00:00\",\"mainEntityOfPage\":{\"@id\":\"https:\\\/\\\/folhapopular.info\\\/index.php\\\/2023\\\/12\\\/06\\\/33a-rustica-de-natal-de-lajeado-reune-cerca-de-600-participantes\\\/\"},\"wordCount\":229,\"commentCount\":0,\"image\":{\"@id\":\"https:\\\/\\\/folhapopular.info\\\/index.php\\\/2023\\\/12\\\/06\\\/33a-rustica-de-natal-de-lajeado-reune-cerca-de-600-participantes\\\/#primaryimage\"},\"thumbnailUrl\":\"https:\\\/\\\/folhapopular.info\\\/wp-content\\\/uploads\\\/2023\\\/12\\\/Corredores-4-Laura-Mallmann-scaled.jpg\",\"keywords\":[\"Corrida\",\"Esporte\",\"Lajeado\",\"R\u00fastica\"],\"articleSection\":[\"Esportes\"],\"inLanguage\":\"pt-BR\",\"potentialAction\":[{\"@type\":\"CommentAction\",\"name\":\"Comment\",\"target\":[\"https:\\\/\\\/folhapopular.info\\\/index.php\\\/2023\\\/12\\\/06\\\/33a-rustica-de-natal-de-lajeado-reune-cerca-de-600-participantes\\\/#respond\"]}]},{\"@type\":\"WebPage\",\"@id\":\"https:\\\/\\\/folhapopular.info\\\/index.php\\\/2023\\\/12\\\/06\\\/33a-rustica-de-natal-de-lajeado-reune-cerca-de-600-participantes\\\/\",\"url\":\"https:\\\/\\\/folhapopular.info\\\/index.php\\\/2023\\\/12\\\/06\\\/33a-rustica-de-natal-de-lajeado-reune-cerca-de-600-participantes\\\/\",\"name\":\"33\u00aa R\u00fastica de Natal de Lajeado re\u00fane cerca de 600 participantes - Folha Popular\",\"isPartOf\":{\"@id\":\"https:\\\/\\\/folhapopular.info\\\/#website\"},\"primaryImageOfPage\":{\"@id\":\"https:\\\/\\\/folhapopular.info\\\/index.php\\\/2023\\\/12\\\/06\\\/33a-rustica-de-natal-de-lajeado-reune-cerca-de-600-participantes\\\/#primaryimage\"},\"image\":{\"@id\":\"https:\\\/\\\/folhapopular.info\\\/index.php\\\/2023\\\/12\\\/06\\\/33a-rustica-de-natal-de-lajeado-reune-cerca-de-600-participantes\\\/#primaryimage\"},\"thumbnailUrl\":\"https:\\\/\\\/folhapopular.info\\\/wp-content\\\/uploads\\\/2023\\\/12\\\/Corredores-4-Laura-Mallmann-scaled.jpg\",\"datePublished\":\"2023-12-06T19:48:29+00:00\",\"dateModified\":\"2023-12-06T19:48:33+00:00\",\"author\":{\"@id\":\"https:\\\/\\\/folhapopular.info\\\/#\\\/schema\\\/person\\\/2814e8a0df7643585a9ca38bc6eb9d4b\"},\"breadcrumb\":{\"@id\":\"https:\\\/\\\/folhapopular.info\\\/index.php\\\/2023\\\/12\\\/06\\\/33a-rustica-de-natal-de-lajeado-reune-cerca-de-600-participantes\\\/#breadcrumb\"},\"inLanguage\":\"pt-BR\",\"potentialAction\":[{\"@type\":\"ReadAction\",\"target\":[\"https:\\\/\\\/folhapopular.info\\\/index.php\\\/2023\\\/12\\\/06\\\/33a-rustica-de-natal-de-lajeado-reune-cerca-de-600-participantes\\\/\"]}]},{\"@type\":\"ImageObject\",\"inLanguage\":\"pt-BR\",\"@id\":\"https:\\\/\\\/folhapopular.info\\\/index.php\\\/2023\\\/12\\\/06\\\/33a-rustica-de-natal-de-lajeado-reune-cerca-de-600-participantes\\\/#primaryimage\",\"url\":\"https:\\\/\\\/folhapopular.info\\\/wp-content\\\/uploads\\\/2023\\\/12\\\/Corredores-4-Laura-Mallmann-scaled.jpg\",\"contentUrl\":\"https:\\\/\\\/folhapopular.info\\\/wp-content\\\/uploads\\\/2023\\\/12\\\/Corredores-4-Laura-Mallmann-scaled.jpg\",\"width\":2560,\"height\":1707,\"caption\":\"Corredores \\\/ Cr\u00e9dito: Laura Mallmann \\\/ Divulga\u00e7\u00e3o\"},{\"@type\":\"BreadcrumbList\",\"@id\":\"https:\\\/\\\/folhapopular.info\\\/index.php\\\/2023\\\/12\\\/06\\\/33a-rustica-de-natal-de-lajeado-reune-cerca-de-600-participantes\\\/#breadcrumb\",\"itemListElement\":[{\"@type\":\"ListItem\",\"position\":1,\"name\":\"In\u00edcio\",\"item\":\"https:\\\/\\\/folhapopular.info\\\/\"},{\"@type\":\"ListItem\",\"position\":2,\"name\":\"33\u00aa R\u00fastica de Natal de Lajeado re\u00fane cerca de 600 participantes\"}]},{\"@type\":\"WebSite\",\"@id\":\"https:\\\/\\\/folhapopular.info\\\/#website\",\"url\":\"https:\\\/\\\/folhapopular.info\\\/\",\"name\":\"Folha Popular\",\"description\":\"Onde voc\u00ea tem vez e voz\",\"potentialAction\":[{\"@type\":\"SearchAction\",\"target\":{\"@type\":\"EntryPoint\",\"urlTemplate\":\"https:\\\/\\\/folhapopular.info\\\/?s={search_term_string}\"},\"query-input\":{\"@type\":\"PropertyValueSpecification\",\"valueRequired\":true,\"valueName\":\"search_term_string\"}}],\"inLanguage\":\"pt-BR\"},{\"@type\":\"Person\",\"@id\":\"https:\\\/\\\/folhapopular.info\\\/#\\\/schema\\\/person\\\/2814e8a0df7643585a9ca38bc6eb9d4b\",\"name\":\"Reda\u00e7\u00e3o Folha Popular\",\"image\":{\"@type\":\"ImageObject\",\"inLanguage\":\"pt-BR\",\"@id\":\"https:\\\/\\\/folhapopular.info\\\/wp-content\\\/uploads\\\/2026\\\/04\\\/Folha-1.webp\",\"url\":\"https:\\\/\\\/folhapopular.info\\\/wp-content\\\/uploads\\\/2026\\\/04\\\/Folha-1.webp\",\"contentUrl\":\"https:\\\/\\\/folhapopular.info\\\/wp-content\\\/uploads\\\/2026\\\/04\\\/Folha-1.webp\",\"caption\":\"Reda\u00e7\u00e3o Folha Popular\"},\"url\":\"https:\\\/\\\/folhapopular.info\\\/index.php\\\/author\\\/redacao\\\/\"}]}<\/script>\n<!-- \/ Yoast SEO plugin. -->","yoast_head_json":{"title":"33\u00aa R\u00fastica de Natal de Lajeado re\u00fane cerca de 600 participantes - Folha Popular","robots":{"index":"index","follow":"follow","max-snippet":"max-snippet:-1","max-image-preview":"max-image-preview:large","max-video-preview":"max-video-preview:-1"},"canonical":"https:\/\/folhapopular.info\/index.php\/2023\/12\/06\/33a-rustica-de-natal-de-lajeado-reune-cerca-de-600-participantes\/","og_locale":"pt_BR","og_type":"article","og_title":"33\u00aa R\u00fastica de Natal de Lajeado re\u00fane cerca de 600 participantes - Folha Popular","og_description":"Cerca de 600 participantes se desafiaram nos percursos de 400 metros, 800 metros, 1200 metros, caminhada 5km e corrida adulta de 5km e 10km na 33\u00aa R\u00fastica de Natal de Lajeado, realizada no domingo passado (3\/12). O tradicional evento esportivo teve as largadas e chegadas na Rua J\u00falio de Castilhos. O evento foi promovido pela [&hellip;]","og_url":"https:\/\/folhapopular.info\/index.php\/2023\/12\/06\/33a-rustica-de-natal-de-lajeado-reune-cerca-de-600-participantes\/","og_site_name":"Folha Popular","article_published_time":"2023-12-06T19:48:29+00:00","article_modified_time":"2023-12-06T19:48:33+00:00","og_image":[{"width":2560,"height":1707,"url":"http:\/\/folhapopular.info\/wp-content\/uploads\/2023\/12\/Corredores-4-Laura-Mallmann-scaled.jpg","type":"image\/jpeg"}],"author":"Reda\u00e7\u00e3o Folha Popular","twitter_card":"summary_large_image","twitter_misc":{"Escrito por":"Reda\u00e7\u00e3o Folha Popular","Est. tempo de leitura":"2 minutos"},"schema":{"@context":"https:\/\/schema.org","@graph":[{"@type":"Article","@id":"https:\/\/folhapopular.info\/index.php\/2023\/12\/06\/33a-rustica-de-natal-de-lajeado-reune-cerca-de-600-participantes\/#article","isPartOf":{"@id":"https:\/\/folhapopular.info\/index.php\/2023\/12\/06\/33a-rustica-de-natal-de-lajeado-reune-cerca-de-600-participantes\/"},"author":{"name":"Reda\u00e7\u00e3o Folha Popular","@id":"https:\/\/folhapopular.info\/#\/schema\/person\/2814e8a0df7643585a9ca38bc6eb9d4b"},"headline":"33\u00aa R\u00fastica de Natal de Lajeado re\u00fane cerca de 600 participantes","datePublished":"2023-12-06T19:48:29+00:00","dateModified":"2023-12-06T19:48:33+00:00","mainEntityOfPage":{"@id":"https:\/\/folhapopular.info\/index.php\/2023\/12\/06\/33a-rustica-de-natal-de-lajeado-reune-cerca-de-600-participantes\/"},"wordCount":229,"commentCount":0,"image":{"@id":"https:\/\/folhapopular.info\/index.php\/2023\/12\/06\/33a-rustica-de-natal-de-lajeado-reune-cerca-de-600-participantes\/#primaryimage"},"thumbnailUrl":"https:\/\/folhapopular.info\/wp-content\/uploads\/2023\/12\/Corredores-4-Laura-Mallmann-scaled.jpg","keywords":["Corrida","Esporte","Lajeado","R\u00fastica"],"articleSection":["Esportes"],"inLanguage":"pt-BR","potentialAction":[{"@type":"CommentAction","name":"Comment","target":["https:\/\/folhapopular.info\/index.php\/2023\/12\/06\/33a-rustica-de-natal-de-lajeado-reune-cerca-de-600-participantes\/#respond"]}]},{"@type":"WebPage","@id":"https:\/\/folhapopular.info\/index.php\/2023\/12\/06\/33a-rustica-de-natal-de-lajeado-reune-cerca-de-600-participantes\/","url":"https:\/\/folhapopular.info\/index.php\/2023\/12\/06\/33a-rustica-de-natal-de-lajeado-reune-cerca-de-600-participantes\/","name":"33\u00aa R\u00fastica de Natal de Lajeado re\u00fane cerca de 600 participantes - Folha Popular","isPartOf":{"@id":"https:\/\/folhapopular.info\/#website"},"primaryImageOfPage":{"@id":"https:\/\/folhapopular.info\/index.php\/2023\/12\/06\/33a-rustica-de-natal-de-lajeado-reune-cerca-de-600-participantes\/#primaryimage"},"image":{"@id":"https:\/\/folhapopular.info\/index.php\/2023\/12\/06\/33a-rustica-de-natal-de-lajeado-reune-cerca-de-600-participantes\/#primaryimage"},"thumbnailUrl":"https:\/\/folhapopular.info\/wp-content\/uploads\/2023\/12\/Corredores-4-Laura-Mallmann-scaled.jpg","datePublished":"2023-12-06T19:48:29+00:00","dateModified":"2023-12-06T19:48:33+00:00","author":{"@id":"https:\/\/folhapopular.info\/#\/schema\/person\/2814e8a0df7643585a9ca38bc6eb9d4b"},"breadcrumb":{"@id":"https:\/\/folhapopular.info\/index.php\/2023\/12\/06\/33a-rustica-de-natal-de-lajeado-reune-cerca-de-600-participantes\/#breadcrumb"},"inLanguage":"pt-BR","potentialAction":[{"@type":"ReadAction","target":["https:\/\/folhapopular.info\/index.php\/2023\/12\/06\/33a-rustica-de-natal-de-lajeado-reune-cerca-de-600-participantes\/"]}]},{"@type":"ImageObject","inLanguage":"pt-BR","@id":"https:\/\/folhapopular.info\/index.php\/2023\/12\/06\/33a-rustica-de-natal-de-lajeado-reune-cerca-de-600-participantes\/#primaryimage","url":"https:\/\/folhapopular.info\/wp-content\/uploads\/2023\/12\/Corredores-4-Laura-Mallmann-scaled.jpg","contentUrl":"https:\/\/folhapopular.info\/wp-content\/uploads\/2023\/12\/Corredores-4-Laura-Mallmann-scaled.jpg","width":2560,"height":1707,"caption":"Corredores \/ Cr\u00e9dito: Laura Mallmann \/ Divulga\u00e7\u00e3o"},{"@type":"BreadcrumbList","@id":"https:\/\/folhapopular.info\/index.php\/2023\/12\/06\/33a-rustica-de-natal-de-lajeado-reune-cerca-de-600-participantes\/#breadcrumb","itemListElement":[{"@type":"ListItem","position":1,"name":"In\u00edcio","item":"https:\/\/folhapopular.info\/"},{"@type":"ListItem","position":2,"name":"33\u00aa R\u00fastica de Natal de Lajeado re\u00fane cerca de 600 participantes"}]},{"@type":"WebSite","@id":"https:\/\/folhapopular.info\/#website","url":"https:\/\/folhapopular.info\/","name":"Folha Popular","description":"Onde voc\u00ea tem vez e voz","potentialAction":[{"@type":"SearchAction","target":{"@type":"EntryPoint","urlTemplate":"https:\/\/folhapopular.info\/?s={search_term_string}"},"query-input":{"@type":"PropertyValueSpecification","valueRequired":true,"valueName":"search_term_string"}}],"inLanguage":"pt-BR"},{"@type":"Person","@id":"https:\/\/folhapopular.info\/#\/schema\/person\/2814e8a0df7643585a9ca38bc6eb9d4b","name":"Reda\u00e7\u00e3o Folha Popular","image":{"@type":"ImageObject","inLanguage":"pt-BR","@id":"https:\/\/folhapopular.info\/wp-content\/uploads\/2026\/04\/Folha-1.webp","url":"https:\/\/folhapopular.info\/wp-content\/uploads\/2026\/04\/Folha-1.webp","contentUrl":"https:\/\/folhapopular.info\/wp-content\/uploads\/2026\/04\/Folha-1.webp","caption":"Reda\u00e7\u00e3o Folha Popular"},"url":"https:\/\/folhapopular.info\/index.php\/author\/redacao\/"}]}},"jetpack_featured_media_url":"https:\/\/folhapopular.info\/wp-content\/uploads\/2023\/12\/Corredores-4-Laura-Mallmann-scaled.jpg","jetpack_sharing_enabled":true,"amp_enabled":true,"_links":{"self":[{"href":"https:\/\/folhapopular.info\/index.php\/wp-json\/wp\/v2\/posts\/144635","targetHints":{"allow":["GET"]}}],"collection":[{"href":"https:\/\/folhapopular.info\/index.php\/wp-json\/wp\/v2\/posts"}],"about":[{"href":"https:\/\/folhapopular.info\/index.php\/wp-json\/wp\/v2\/types\/post"}],"author":[{"embeddable":true,"href":"https:\/\/folhapopular.info\/index.php\/wp-json\/wp\/v2\/users\/8"}],"replies":[{"embeddable":true,"href":"https:\/\/folhapopular.info\/index.php\/wp-json\/wp\/v2\/comments?post=144635"}],"version-history":[{"count":0,"href":"https:\/\/folhapopular.info\/index.php\/wp-json\/wp\/v2\/posts\/144635\/revisions"}],"wp:featuredmedia":[{"embeddable":true,"href":"https:\/\/folhapopular.info\/index.php\/wp-json\/wp\/v2\/media\/144636"}],"wp:attachment":[{"href":"https:\/\/folhapopular.info\/index.php\/wp-json\/wp\/v2\/media?parent=144635"}],"wp:term":[{"taxonomy":"category","embeddable":true,"href":"https:\/\/folhapopular.info\/index.php\/wp-json\/wp\/v2\/categories?post=144635"},{"taxonomy":"post_tag","embeddable":true,"href":"https:\/\/folhapopular.info\/index.php\/wp-json\/wp\/v2\/tags?post=144635"}],"curies":[{"name":"wp","href":"https:\/\/api.w.org\/{rel}","templated":true}]}}