{"id":144781,"date":"2023-12-09T07:11:18","date_gmt":"2023-12-09T10:11:18","guid":{"rendered":"https:\/\/folhapopular.info\/?p=144781"},"modified":"2023-12-09T07:11:21","modified_gmt":"2023-12-09T10:11:21","slug":"prefeitura-de-paverama-divulga-programacao-de-natal","status":"publish","type":"post","link":"https:\/\/folhapopular.info\/index.php\/2023\/12\/09\/prefeitura-de-paverama-divulga-programacao-de-natal\/","title":{"rendered":"Prefeitura de Paverama divulga programa\u00e7\u00e3o de Natal"},"content":{"rendered":"\n<p>A Prefeitura de Paverama divulgou a programa\u00e7\u00e3o do Natal no Parque 2023, que ser\u00e1 realizado nos dias 16 e 17 de dezembro. Confira:<\/p>\n\n\n\n<p><strong>16\/12 \u2013 S\u00e1bado<\/strong><br>13h &#8211; Trenzinho da Criar Magia de Brincar;<br>13h30 &#8211; Inicio semifinais campeonato de v\u00f4lei e futev\u00f4lei;<br>16h &#8211; Brinquedos infl\u00e1veis gratuitos;<br>16h &#8211; Mateada Ervateira Secco;<br>17h30 &#8211; In\u00edcio das inscri\u00e7\u00f5es para retirada do presente do Papai Noel;<br>18h &#8211; Projeto de Canto do CRAS;<br>18h15 &#8211; CTG Est\u00e2ncia do Siqueira;<br>18h30 &#8211; Coral Familiar de Morro Azul;<br>19h &#8211; Projeto Musical Par\u00f3quia Nossa Senhora do Ros\u00e1rio, de Paverama;<br>20h &#8211; Chegada do Papai Noel na casa do Noel (SICREDI);<br>20h30 &#8211; Banda Territ\u00f3rio Neutro;<br>21h30 &#8211; Banda Gera\u00e7\u00e3o Atual;<br>22h30 \u2013 Banda La Paloma.<\/p>\n\n\n\n<p><strong>17\/12 &#8211; Domingo<\/strong><br>14h &#8211; Finais do v\u00f4lei e futev\u00f4lei;<br>15h30 &#8211; Brinquedos infl\u00e1veis gratuitos para crian\u00e7as;<br>16h &#8211; Teatro circense com companhia Abracadabra;<br>17h &#8211; Show do Grupo de Dan\u00e7as Movimentu\u00b4s, com estreia dos grupos de Paverama;<br>17h30 &#8211; Show Dan\u00e7a Kids Arco-\u00cdris;<br>17h45 &#8211; Apresenta\u00e7\u00e3o do Grupo de Dan\u00e7as Folcl\u00f3ricas Origens de Paverama;<br>18h &#8211; Banda Portal da Serra;<br>20h &#8211; Orquestra Princesa Isabel;<br>21h \u2013 Entrega da premia\u00e7\u00e3o do Campeonato de v\u00f4lei e futev\u00f4lei;<br>21h30 &#8211; Orquestra Continental;<br>22h30 &#8211; Banda Arpejo.<\/p>\n","protected":false},"excerpt":{"rendered":"<p>A Prefeitura de Paverama divulgou a programa\u00e7\u00e3o do Natal no Parque 2023, que ser\u00e1 realizado nos dias 16 e 17 de dezembro. Confira: 16\/12 \u2013 S\u00e1bado13h &#8211; Trenzinho da Criar Magia de Brincar;13h30 &#8211; Inicio semifinais campeonato de v\u00f4lei e futev\u00f4lei;16h &#8211; Brinquedos infl\u00e1veis gratuitos;16h &#8211; Mateada Ervateira Secco;17h30 &#8211; In\u00edcio das inscri\u00e7\u00f5es para retirada [&hellip;]<\/p>\n","protected":false},"author":8,"featured_media":144782,"comment_status":"open","ping_status":"open","sticky":false,"template":"","format":"standard","meta":{"pmpro_default_level":"","_jetpack_memberships_contains_paid_content":false,"footnotes":""},"categories":[2,10999,6],"tags":[13740,46,1507],"class_list":{"0":"post-144781","1":"post","2":"type-post","3":"status-publish","4":"format-standard","5":"has-post-thumbnail","7":"category-featured","8":"category-entretenimento","9":"category-inclusive","10":"tag-natal-no-parque-2023","11":"tag-paverama","12":"tag-programacao","13":"pmpro-has-access"},"yoast_head":"<!-- This site is optimized with the Yoast SEO plugin v27.5 - https:\/\/yoast.com\/product\/yoast-seo-wordpress\/ -->\n<title>Prefeitura de Paverama divulga programa\u00e7\u00e3o de Natal - Folha Popular<\/title>\n<meta name=\"robots\" content=\"index, follow, max-snippet:-1, max-image-preview:large, max-video-preview:-1\" \/>\n<link rel=\"canonical\" href=\"https:\/\/folhapopular.info\/index.php\/2023\/12\/09\/prefeitura-de-paverama-divulga-programacao-de-natal\/\" \/>\n<meta property=\"og:locale\" content=\"pt_BR\" \/>\n<meta property=\"og:type\" content=\"article\" \/>\n<meta property=\"og:title\" content=\"Prefeitura de Paverama divulga programa\u00e7\u00e3o de Natal - Folha Popular\" \/>\n<meta property=\"og:description\" content=\"A Prefeitura de Paverama divulgou a programa\u00e7\u00e3o do Natal no Parque 2023, que ser\u00e1 realizado nos dias 16 e 17 de dezembro. Confira: 16\/12 \u2013 S\u00e1bado13h &#8211; Trenzinho da Criar Magia de Brincar;13h30 &#8211; Inicio semifinais campeonato de v\u00f4lei e futev\u00f4lei;16h &#8211; Brinquedos infl\u00e1veis gratuitos;16h &#8211; Mateada Ervateira Secco;17h30 &#8211; In\u00edcio das inscri\u00e7\u00f5es para retirada [&hellip;]\" \/>\n<meta property=\"og:url\" content=\"https:\/\/folhapopular.info\/index.php\/2023\/12\/09\/prefeitura-de-paverama-divulga-programacao-de-natal\/\" \/>\n<meta property=\"og:site_name\" content=\"Folha Popular\" \/>\n<meta property=\"article:published_time\" content=\"2023-12-09T10:11:18+00:00\" \/>\n<meta property=\"article:modified_time\" content=\"2023-12-09T10:11:21+00:00\" \/>\n<meta property=\"og:image\" content=\"http:\/\/folhapopular.info\/wp-content\/uploads\/2023\/12\/maior_DSC_0245.jpg\" \/>\n\t<meta property=\"og:image:width\" content=\"700\" \/>\n\t<meta property=\"og:image:height\" content=\"444\" \/>\n\t<meta property=\"og:image:type\" content=\"image\/jpeg\" \/>\n<meta name=\"author\" content=\"Reda\u00e7\u00e3o Folha Popular\" \/>\n<meta name=\"twitter:card\" content=\"summary_large_image\" \/>\n<meta name=\"twitter:label1\" content=\"Escrito por\" \/>\n\t<meta name=\"twitter:data1\" content=\"Reda\u00e7\u00e3o Folha Popular\" \/>\n\t<meta name=\"twitter:label2\" content=\"Est. tempo de leitura\" \/>\n\t<meta name=\"twitter:data2\" content=\"1 minuto\" \/>\n<script type=\"application\/ld+json\" class=\"yoast-schema-graph\">{\"@context\":\"https:\\\/\\\/schema.org\",\"@graph\":[{\"@type\":\"Article\",\"@id\":\"https:\\\/\\\/folhapopular.info\\\/index.php\\\/2023\\\/12\\\/09\\\/prefeitura-de-paverama-divulga-programacao-de-natal\\\/#article\",\"isPartOf\":{\"@id\":\"https:\\\/\\\/folhapopular.info\\\/index.php\\\/2023\\\/12\\\/09\\\/prefeitura-de-paverama-divulga-programacao-de-natal\\\/\"},\"author\":{\"name\":\"Reda\u00e7\u00e3o Folha Popular\",\"@id\":\"https:\\\/\\\/folhapopular.info\\\/#\\\/schema\\\/person\\\/2814e8a0df7643585a9ca38bc6eb9d4b\"},\"headline\":\"Prefeitura de Paverama divulga programa\u00e7\u00e3o de Natal\",\"datePublished\":\"2023-12-09T10:11:18+00:00\",\"dateModified\":\"2023-12-09T10:11:21+00:00\",\"mainEntityOfPage\":{\"@id\":\"https:\\\/\\\/folhapopular.info\\\/index.php\\\/2023\\\/12\\\/09\\\/prefeitura-de-paverama-divulga-programacao-de-natal\\\/\"},\"wordCount\":233,\"commentCount\":0,\"image\":{\"@id\":\"https:\\\/\\\/folhapopular.info\\\/index.php\\\/2023\\\/12\\\/09\\\/prefeitura-de-paverama-divulga-programacao-de-natal\\\/#primaryimage\"},\"thumbnailUrl\":\"https:\\\/\\\/folhapopular.info\\\/wp-content\\\/uploads\\\/2023\\\/12\\\/maior_DSC_0245.jpg\",\"keywords\":[\"Natal no Parque 2023\",\"Paverama\",\"Programa\u00e7\u00e3o\"],\"articleSection\":[\"Destaques\",\"Entretenimento\",\"Inclusive\"],\"inLanguage\":\"pt-BR\",\"potentialAction\":[{\"@type\":\"CommentAction\",\"name\":\"Comment\",\"target\":[\"https:\\\/\\\/folhapopular.info\\\/index.php\\\/2023\\\/12\\\/09\\\/prefeitura-de-paverama-divulga-programacao-de-natal\\\/#respond\"]}]},{\"@type\":\"WebPage\",\"@id\":\"https:\\\/\\\/folhapopular.info\\\/index.php\\\/2023\\\/12\\\/09\\\/prefeitura-de-paverama-divulga-programacao-de-natal\\\/\",\"url\":\"https:\\\/\\\/folhapopular.info\\\/index.php\\\/2023\\\/12\\\/09\\\/prefeitura-de-paverama-divulga-programacao-de-natal\\\/\",\"name\":\"Prefeitura de Paverama divulga programa\u00e7\u00e3o de Natal - Folha Popular\",\"isPartOf\":{\"@id\":\"https:\\\/\\\/folhapopular.info\\\/#website\"},\"primaryImageOfPage\":{\"@id\":\"https:\\\/\\\/folhapopular.info\\\/index.php\\\/2023\\\/12\\\/09\\\/prefeitura-de-paverama-divulga-programacao-de-natal\\\/#primaryimage\"},\"image\":{\"@id\":\"https:\\\/\\\/folhapopular.info\\\/index.php\\\/2023\\\/12\\\/09\\\/prefeitura-de-paverama-divulga-programacao-de-natal\\\/#primaryimage\"},\"thumbnailUrl\":\"https:\\\/\\\/folhapopular.info\\\/wp-content\\\/uploads\\\/2023\\\/12\\\/maior_DSC_0245.jpg\",\"datePublished\":\"2023-12-09T10:11:18+00:00\",\"dateModified\":\"2023-12-09T10:11:21+00:00\",\"author\":{\"@id\":\"https:\\\/\\\/folhapopular.info\\\/#\\\/schema\\\/person\\\/2814e8a0df7643585a9ca38bc6eb9d4b\"},\"breadcrumb\":{\"@id\":\"https:\\\/\\\/folhapopular.info\\\/index.php\\\/2023\\\/12\\\/09\\\/prefeitura-de-paverama-divulga-programacao-de-natal\\\/#breadcrumb\"},\"inLanguage\":\"pt-BR\",\"potentialAction\":[{\"@type\":\"ReadAction\",\"target\":[\"https:\\\/\\\/folhapopular.info\\\/index.php\\\/2023\\\/12\\\/09\\\/prefeitura-de-paverama-divulga-programacao-de-natal\\\/\"]}]},{\"@type\":\"ImageObject\",\"inLanguage\":\"pt-BR\",\"@id\":\"https:\\\/\\\/folhapopular.info\\\/index.php\\\/2023\\\/12\\\/09\\\/prefeitura-de-paverama-divulga-programacao-de-natal\\\/#primaryimage\",\"url\":\"https:\\\/\\\/folhapopular.info\\\/wp-content\\\/uploads\\\/2023\\\/12\\\/maior_DSC_0245.jpg\",\"contentUrl\":\"https:\\\/\\\/folhapopular.info\\\/wp-content\\\/uploads\\\/2023\\\/12\\\/maior_DSC_0245.jpg\",\"width\":700,\"height\":444,\"caption\":\"Cr\u00e9dito: Roger Cristiano Bauer \\\/ Arquivo\"},{\"@type\":\"BreadcrumbList\",\"@id\":\"https:\\\/\\\/folhapopular.info\\\/index.php\\\/2023\\\/12\\\/09\\\/prefeitura-de-paverama-divulga-programacao-de-natal\\\/#breadcrumb\",\"itemListElement\":[{\"@type\":\"ListItem\",\"position\":1,\"name\":\"In\u00edcio\",\"item\":\"https:\\\/\\\/folhapopular.info\\\/\"},{\"@type\":\"ListItem\",\"position\":2,\"name\":\"Prefeitura de Paverama divulga programa\u00e7\u00e3o de Natal\"}]},{\"@type\":\"WebSite\",\"@id\":\"https:\\\/\\\/folhapopular.info\\\/#website\",\"url\":\"https:\\\/\\\/folhapopular.info\\\/\",\"name\":\"Folha Popular\",\"description\":\"Onde voc\u00ea tem vez e voz\",\"potentialAction\":[{\"@type\":\"SearchAction\",\"target\":{\"@type\":\"EntryPoint\",\"urlTemplate\":\"https:\\\/\\\/folhapopular.info\\\/?s={search_term_string}\"},\"query-input\":{\"@type\":\"PropertyValueSpecification\",\"valueRequired\":true,\"valueName\":\"search_term_string\"}}],\"inLanguage\":\"pt-BR\"},{\"@type\":\"Person\",\"@id\":\"https:\\\/\\\/folhapopular.info\\\/#\\\/schema\\\/person\\\/2814e8a0df7643585a9ca38bc6eb9d4b\",\"name\":\"Reda\u00e7\u00e3o Folha Popular\",\"image\":{\"@type\":\"ImageObject\",\"inLanguage\":\"pt-BR\",\"@id\":\"https:\\\/\\\/folhapopular.info\\\/wp-content\\\/uploads\\\/2026\\\/04\\\/Folha-1.webp\",\"url\":\"https:\\\/\\\/folhapopular.info\\\/wp-content\\\/uploads\\\/2026\\\/04\\\/Folha-1.webp\",\"contentUrl\":\"https:\\\/\\\/folhapopular.info\\\/wp-content\\\/uploads\\\/2026\\\/04\\\/Folha-1.webp\",\"caption\":\"Reda\u00e7\u00e3o Folha Popular\"},\"url\":\"https:\\\/\\\/folhapopular.info\\\/index.php\\\/author\\\/redacao\\\/\"}]}<\/script>\n<!-- \/ Yoast SEO plugin. -->","yoast_head_json":{"title":"Prefeitura de Paverama divulga programa\u00e7\u00e3o de Natal - Folha Popular","robots":{"index":"index","follow":"follow","max-snippet":"max-snippet:-1","max-image-preview":"max-image-preview:large","max-video-preview":"max-video-preview:-1"},"canonical":"https:\/\/folhapopular.info\/index.php\/2023\/12\/09\/prefeitura-de-paverama-divulga-programacao-de-natal\/","og_locale":"pt_BR","og_type":"article","og_title":"Prefeitura de Paverama divulga programa\u00e7\u00e3o de Natal - Folha Popular","og_description":"A Prefeitura de Paverama divulgou a programa\u00e7\u00e3o do Natal no Parque 2023, que ser\u00e1 realizado nos dias 16 e 17 de dezembro. Confira: 16\/12 \u2013 S\u00e1bado13h &#8211; Trenzinho da Criar Magia de Brincar;13h30 &#8211; Inicio semifinais campeonato de v\u00f4lei e futev\u00f4lei;16h &#8211; Brinquedos infl\u00e1veis gratuitos;16h &#8211; Mateada Ervateira Secco;17h30 &#8211; In\u00edcio das inscri\u00e7\u00f5es para retirada [&hellip;]","og_url":"https:\/\/folhapopular.info\/index.php\/2023\/12\/09\/prefeitura-de-paverama-divulga-programacao-de-natal\/","og_site_name":"Folha Popular","article_published_time":"2023-12-09T10:11:18+00:00","article_modified_time":"2023-12-09T10:11:21+00:00","og_image":[{"width":700,"height":444,"url":"http:\/\/folhapopular.info\/wp-content\/uploads\/2023\/12\/maior_DSC_0245.jpg","type":"image\/jpeg"}],"author":"Reda\u00e7\u00e3o Folha Popular","twitter_card":"summary_large_image","twitter_misc":{"Escrito por":"Reda\u00e7\u00e3o Folha Popular","Est. tempo de leitura":"1 minuto"},"schema":{"@context":"https:\/\/schema.org","@graph":[{"@type":"Article","@id":"https:\/\/folhapopular.info\/index.php\/2023\/12\/09\/prefeitura-de-paverama-divulga-programacao-de-natal\/#article","isPartOf":{"@id":"https:\/\/folhapopular.info\/index.php\/2023\/12\/09\/prefeitura-de-paverama-divulga-programacao-de-natal\/"},"author":{"name":"Reda\u00e7\u00e3o Folha Popular","@id":"https:\/\/folhapopular.info\/#\/schema\/person\/2814e8a0df7643585a9ca38bc6eb9d4b"},"headline":"Prefeitura de Paverama divulga programa\u00e7\u00e3o de Natal","datePublished":"2023-12-09T10:11:18+00:00","dateModified":"2023-12-09T10:11:21+00:00","mainEntityOfPage":{"@id":"https:\/\/folhapopular.info\/index.php\/2023\/12\/09\/prefeitura-de-paverama-divulga-programacao-de-natal\/"},"wordCount":233,"commentCount":0,"image":{"@id":"https:\/\/folhapopular.info\/index.php\/2023\/12\/09\/prefeitura-de-paverama-divulga-programacao-de-natal\/#primaryimage"},"thumbnailUrl":"https:\/\/folhapopular.info\/wp-content\/uploads\/2023\/12\/maior_DSC_0245.jpg","keywords":["Natal no Parque 2023","Paverama","Programa\u00e7\u00e3o"],"articleSection":["Destaques","Entretenimento","Inclusive"],"inLanguage":"pt-BR","potentialAction":[{"@type":"CommentAction","name":"Comment","target":["https:\/\/folhapopular.info\/index.php\/2023\/12\/09\/prefeitura-de-paverama-divulga-programacao-de-natal\/#respond"]}]},{"@type":"WebPage","@id":"https:\/\/folhapopular.info\/index.php\/2023\/12\/09\/prefeitura-de-paverama-divulga-programacao-de-natal\/","url":"https:\/\/folhapopular.info\/index.php\/2023\/12\/09\/prefeitura-de-paverama-divulga-programacao-de-natal\/","name":"Prefeitura de Paverama divulga programa\u00e7\u00e3o de Natal - Folha Popular","isPartOf":{"@id":"https:\/\/folhapopular.info\/#website"},"primaryImageOfPage":{"@id":"https:\/\/folhapopular.info\/index.php\/2023\/12\/09\/prefeitura-de-paverama-divulga-programacao-de-natal\/#primaryimage"},"image":{"@id":"https:\/\/folhapopular.info\/index.php\/2023\/12\/09\/prefeitura-de-paverama-divulga-programacao-de-natal\/#primaryimage"},"thumbnailUrl":"https:\/\/folhapopular.info\/wp-content\/uploads\/2023\/12\/maior_DSC_0245.jpg","datePublished":"2023-12-09T10:11:18+00:00","dateModified":"2023-12-09T10:11:21+00:00","author":{"@id":"https:\/\/folhapopular.info\/#\/schema\/person\/2814e8a0df7643585a9ca38bc6eb9d4b"},"breadcrumb":{"@id":"https:\/\/folhapopular.info\/index.php\/2023\/12\/09\/prefeitura-de-paverama-divulga-programacao-de-natal\/#breadcrumb"},"inLanguage":"pt-BR","potentialAction":[{"@type":"ReadAction","target":["https:\/\/folhapopular.info\/index.php\/2023\/12\/09\/prefeitura-de-paverama-divulga-programacao-de-natal\/"]}]},{"@type":"ImageObject","inLanguage":"pt-BR","@id":"https:\/\/folhapopular.info\/index.php\/2023\/12\/09\/prefeitura-de-paverama-divulga-programacao-de-natal\/#primaryimage","url":"https:\/\/folhapopular.info\/wp-content\/uploads\/2023\/12\/maior_DSC_0245.jpg","contentUrl":"https:\/\/folhapopular.info\/wp-content\/uploads\/2023\/12\/maior_DSC_0245.jpg","width":700,"height":444,"caption":"Cr\u00e9dito: Roger Cristiano Bauer \/ Arquivo"},{"@type":"BreadcrumbList","@id":"https:\/\/folhapopular.info\/index.php\/2023\/12\/09\/prefeitura-de-paverama-divulga-programacao-de-natal\/#breadcrumb","itemListElement":[{"@type":"ListItem","position":1,"name":"In\u00edcio","item":"https:\/\/folhapopular.info\/"},{"@type":"ListItem","position":2,"name":"Prefeitura de Paverama divulga programa\u00e7\u00e3o de Natal"}]},{"@type":"WebSite","@id":"https:\/\/folhapopular.info\/#website","url":"https:\/\/folhapopular.info\/","name":"Folha Popular","description":"Onde voc\u00ea tem vez e voz","potentialAction":[{"@type":"SearchAction","target":{"@type":"EntryPoint","urlTemplate":"https:\/\/folhapopular.info\/?s={search_term_string}"},"query-input":{"@type":"PropertyValueSpecification","valueRequired":true,"valueName":"search_term_string"}}],"inLanguage":"pt-BR"},{"@type":"Person","@id":"https:\/\/folhapopular.info\/#\/schema\/person\/2814e8a0df7643585a9ca38bc6eb9d4b","name":"Reda\u00e7\u00e3o Folha Popular","image":{"@type":"ImageObject","inLanguage":"pt-BR","@id":"https:\/\/folhapopular.info\/wp-content\/uploads\/2026\/04\/Folha-1.webp","url":"https:\/\/folhapopular.info\/wp-content\/uploads\/2026\/04\/Folha-1.webp","contentUrl":"https:\/\/folhapopular.info\/wp-content\/uploads\/2026\/04\/Folha-1.webp","caption":"Reda\u00e7\u00e3o Folha Popular"},"url":"https:\/\/folhapopular.info\/index.php\/author\/redacao\/"}]}},"jetpack_featured_media_url":"https:\/\/folhapopular.info\/wp-content\/uploads\/2023\/12\/maior_DSC_0245.jpg","jetpack_sharing_enabled":true,"amp_enabled":true,"_links":{"self":[{"href":"https:\/\/folhapopular.info\/index.php\/wp-json\/wp\/v2\/posts\/144781","targetHints":{"allow":["GET"]}}],"collection":[{"href":"https:\/\/folhapopular.info\/index.php\/wp-json\/wp\/v2\/posts"}],"about":[{"href":"https:\/\/folhapopular.info\/index.php\/wp-json\/wp\/v2\/types\/post"}],"author":[{"embeddable":true,"href":"https:\/\/folhapopular.info\/index.php\/wp-json\/wp\/v2\/users\/8"}],"replies":[{"embeddable":true,"href":"https:\/\/folhapopular.info\/index.php\/wp-json\/wp\/v2\/comments?post=144781"}],"version-history":[{"count":0,"href":"https:\/\/folhapopular.info\/index.php\/wp-json\/wp\/v2\/posts\/144781\/revisions"}],"wp:featuredmedia":[{"embeddable":true,"href":"https:\/\/folhapopular.info\/index.php\/wp-json\/wp\/v2\/media\/144782"}],"wp:attachment":[{"href":"https:\/\/folhapopular.info\/index.php\/wp-json\/wp\/v2\/media?parent=144781"}],"wp:term":[{"taxonomy":"category","embeddable":true,"href":"https:\/\/folhapopular.info\/index.php\/wp-json\/wp\/v2\/categories?post=144781"},{"taxonomy":"post_tag","embeddable":true,"href":"https:\/\/folhapopular.info\/index.php\/wp-json\/wp\/v2\/tags?post=144781"}],"curies":[{"name":"wp","href":"https:\/\/api.w.org\/{rel}","templated":true}]}}