{"id":144787,"date":"2023-12-09T08:20:00","date_gmt":"2023-12-09T11:20:00","guid":{"rendered":"https:\/\/folhapopular.info\/?p=144787"},"modified":"2023-12-09T07:57:10","modified_gmt":"2023-12-09T10:57:10","slug":"posto-de-saude-do-bairro-olarias-em-lajeado-recebe-melhorias","status":"publish","type":"post","link":"https:\/\/folhapopular.info\/index.php\/2023\/12\/09\/posto-de-saude-do-bairro-olarias-em-lajeado-recebe-melhorias\/","title":{"rendered":"Posto de Sa\u00fade do Bairro Olarias em Lajeado recebe melhorias"},"content":{"rendered":"\n<p>A Prefeitura de Lajeado, por meio da Secretaria de Sa\u00fade, realizou reformas e melhorias no Posto de Sa\u00fade do bairro Olarias. Os espa\u00e7os foram adequados para comportar a demanda do bairro, que teve expans\u00e3o nos \u00faltimos anos. Os espa\u00e7os readequados recebem pacientes a partir de segunda-feira, (11\/12).<\/p>\n\n\n\n<p>Com a reforma, a entrada principal ser\u00e1 pela Rua Cruzeiro do Sul, onde fica o novo espa\u00e7o de recep\u00e7\u00e3o e sala de espera. Al\u00e9m da reformula\u00e7\u00e3o da recep\u00e7\u00e3o, foram feitos tr\u00eas consult\u00f3rios, sendo dois para acolhimento e triagem e um de procedimentos. Pacientes que se encaminharem \u00e0 unidade para a retirada de medica\u00e7\u00f5es j\u00e1 prescritas continuam utilizando a entrada antiga, na Rua Cristiano Schneider, para agilizar os atendimentos e n\u00e3o sobrecarregar a recep\u00e7\u00e3o.<\/p>\n\n\n\n<p>Conforme o secret\u00e1rio de Sa\u00fade, Cl\u00e1udio Andr\u00e9 Klein, a reforma foi realizada visando dar um maior conforto e atendimento breve aos pacientes.<\/p>\n\n\n\n<p>&#8211; Esperamos com isso dar maior qualidade e conforto \u00e0 popula\u00e7\u00e3o dos bairros atendidos por esta unidade. Nosso especial agradecimento \u00e0 colabora\u00e7\u00e3o e ao empenho de todos os funcion\u00e1rios e profissionais que tanto auxiliaram nesta reforma, que readequou os espa\u00e7os da unidade resultando em uma proposta inovadora \u2013 ressalta o secret\u00e1rio.<\/p>\n\n\n\n<p>Conforme o secret\u00e1rio, ainda h\u00e1 um plano de reestrutura\u00e7\u00e3o da estrutura do posto, que prev\u00ea a constru\u00e7\u00e3o de um pr\u00e9dio que duplicar\u00e1 espa\u00e7o atual, plano este em fase de projeto arquitet\u00f4nico.<\/p>\n\n\n\n<h2 class=\"wp-block-heading\"><strong>Amplia\u00e7\u00e3o<\/strong><\/h2>\n\n\n\n<p>O Posto do Olarias passou por uma amplia\u00e7\u00e3o em 2014, sendo que o posto original foi mantido como acesso principal. A nova reforma foi necess\u00e1ria principalmente porque a sala de espera n\u00e3o atendia mais a atual demanda de forma adequada devido ao crescimento do bairro.<\/p>\n","protected":false},"excerpt":{"rendered":"<p>A Prefeitura de Lajeado, por meio da Secretaria de Sa\u00fade, realizou reformas e melhorias no Posto de Sa\u00fade do bairro Olarias. Os espa\u00e7os foram adequados para comportar a demanda do bairro, que teve expans\u00e3o nos \u00faltimos anos. Os espa\u00e7os readequados recebem pacientes a partir de segunda-feira, (11\/12). Com a reforma, a entrada principal ser\u00e1 pela [&hellip;]<\/p>\n","protected":false},"author":8,"featured_media":144788,"comment_status":"open","ping_status":"open","sticky":false,"template":"","format":"standard","meta":{"pmpro_default_level":"","_jetpack_memberships_contains_paid_content":false,"footnotes":""},"categories":[2,3,10986],"tags":[3347,11449,27,203],"class_list":{"0":"post-144787","1":"post","2":"type-post","3":"status-publish","4":"format-standard","5":"has-post-thumbnail","7":"category-featured","8":"category-geral","9":"category-saude","10":"tag-ampliacao","11":"tag-bairro-olarias","12":"tag-lajeado","13":"tag-posto-de-saude","14":"pmpro-has-access"},"yoast_head":"<!-- This site is optimized with the Yoast SEO plugin v27.5 - https:\/\/yoast.com\/product\/yoast-seo-wordpress\/ -->\n<title>Posto de Sa\u00fade do Bairro Olarias em Lajeado recebe melhorias - Folha Popular<\/title>\n<meta name=\"robots\" content=\"index, follow, max-snippet:-1, max-image-preview:large, max-video-preview:-1\" \/>\n<link rel=\"canonical\" href=\"https:\/\/folhapopular.info\/index.php\/2023\/12\/09\/posto-de-saude-do-bairro-olarias-em-lajeado-recebe-melhorias\/\" \/>\n<meta property=\"og:locale\" content=\"pt_BR\" \/>\n<meta property=\"og:type\" content=\"article\" \/>\n<meta property=\"og:title\" content=\"Posto de Sa\u00fade do Bairro Olarias em Lajeado recebe melhorias - Folha Popular\" \/>\n<meta property=\"og:description\" content=\"A Prefeitura de Lajeado, por meio da Secretaria de Sa\u00fade, realizou reformas e melhorias no Posto de Sa\u00fade do bairro Olarias. Os espa\u00e7os foram adequados para comportar a demanda do bairro, que teve expans\u00e3o nos \u00faltimos anos. Os espa\u00e7os readequados recebem pacientes a partir de segunda-feira, (11\/12). Com a reforma, a entrada principal ser\u00e1 pela [&hellip;]\" \/>\n<meta property=\"og:url\" content=\"https:\/\/folhapopular.info\/index.php\/2023\/12\/09\/posto-de-saude-do-bairro-olarias-em-lajeado-recebe-melhorias\/\" \/>\n<meta property=\"og:site_name\" content=\"Folha Popular\" \/>\n<meta property=\"article:published_time\" content=\"2023-12-09T11:20:00+00:00\" \/>\n<meta property=\"og:image\" content=\"https:\/\/folhapopular.info\/wp-content\/uploads\/2023\/12\/Posto-do-bairro-Olarias-2.jpeg\" \/>\n\t<meta property=\"og:image:width\" content=\"1600\" \/>\n\t<meta property=\"og:image:height\" content=\"1200\" \/>\n\t<meta property=\"og:image:type\" content=\"image\/jpeg\" \/>\n<meta name=\"author\" content=\"Reda\u00e7\u00e3o Folha Popular\" \/>\n<meta name=\"twitter:card\" content=\"summary_large_image\" \/>\n<meta name=\"twitter:label1\" content=\"Escrito por\" \/>\n\t<meta name=\"twitter:data1\" content=\"Reda\u00e7\u00e3o Folha Popular\" \/>\n\t<meta name=\"twitter:label2\" content=\"Est. tempo de leitura\" \/>\n\t<meta name=\"twitter:data2\" content=\"2 minutos\" \/>\n<script type=\"application\/ld+json\" class=\"yoast-schema-graph\">{\"@context\":\"https:\\\/\\\/schema.org\",\"@graph\":[{\"@type\":\"Article\",\"@id\":\"https:\\\/\\\/folhapopular.info\\\/index.php\\\/2023\\\/12\\\/09\\\/posto-de-saude-do-bairro-olarias-em-lajeado-recebe-melhorias\\\/#article\",\"isPartOf\":{\"@id\":\"https:\\\/\\\/folhapopular.info\\\/index.php\\\/2023\\\/12\\\/09\\\/posto-de-saude-do-bairro-olarias-em-lajeado-recebe-melhorias\\\/\"},\"author\":{\"name\":\"Reda\u00e7\u00e3o Folha Popular\",\"@id\":\"https:\\\/\\\/folhapopular.info\\\/#\\\/schema\\\/person\\\/2814e8a0df7643585a9ca38bc6eb9d4b\"},\"headline\":\"Posto de Sa\u00fade do Bairro Olarias em Lajeado recebe melhorias\",\"datePublished\":\"2023-12-09T11:20:00+00:00\",\"mainEntityOfPage\":{\"@id\":\"https:\\\/\\\/folhapopular.info\\\/index.php\\\/2023\\\/12\\\/09\\\/posto-de-saude-do-bairro-olarias-em-lajeado-recebe-melhorias\\\/\"},\"wordCount\":308,\"commentCount\":0,\"image\":{\"@id\":\"https:\\\/\\\/folhapopular.info\\\/index.php\\\/2023\\\/12\\\/09\\\/posto-de-saude-do-bairro-olarias-em-lajeado-recebe-melhorias\\\/#primaryimage\"},\"thumbnailUrl\":\"https:\\\/\\\/folhapopular.info\\\/wp-content\\\/uploads\\\/2023\\\/12\\\/Posto-do-bairro-Olarias-2.jpeg\",\"keywords\":[\"Amplia\u00e7\u00e3o\",\"bairro olarias\",\"Lajeado\",\"Posto de Sa\u00fade\"],\"articleSection\":[\"Destaques\",\"Geral\",\"Sa\u00fade\"],\"inLanguage\":\"pt-BR\",\"potentialAction\":[{\"@type\":\"CommentAction\",\"name\":\"Comment\",\"target\":[\"https:\\\/\\\/folhapopular.info\\\/index.php\\\/2023\\\/12\\\/09\\\/posto-de-saude-do-bairro-olarias-em-lajeado-recebe-melhorias\\\/#respond\"]}]},{\"@type\":\"WebPage\",\"@id\":\"https:\\\/\\\/folhapopular.info\\\/index.php\\\/2023\\\/12\\\/09\\\/posto-de-saude-do-bairro-olarias-em-lajeado-recebe-melhorias\\\/\",\"url\":\"https:\\\/\\\/folhapopular.info\\\/index.php\\\/2023\\\/12\\\/09\\\/posto-de-saude-do-bairro-olarias-em-lajeado-recebe-melhorias\\\/\",\"name\":\"Posto de Sa\u00fade do Bairro Olarias em Lajeado recebe melhorias - Folha Popular\",\"isPartOf\":{\"@id\":\"https:\\\/\\\/folhapopular.info\\\/#website\"},\"primaryImageOfPage\":{\"@id\":\"https:\\\/\\\/folhapopular.info\\\/index.php\\\/2023\\\/12\\\/09\\\/posto-de-saude-do-bairro-olarias-em-lajeado-recebe-melhorias\\\/#primaryimage\"},\"image\":{\"@id\":\"https:\\\/\\\/folhapopular.info\\\/index.php\\\/2023\\\/12\\\/09\\\/posto-de-saude-do-bairro-olarias-em-lajeado-recebe-melhorias\\\/#primaryimage\"},\"thumbnailUrl\":\"https:\\\/\\\/folhapopular.info\\\/wp-content\\\/uploads\\\/2023\\\/12\\\/Posto-do-bairro-Olarias-2.jpeg\",\"datePublished\":\"2023-12-09T11:20:00+00:00\",\"author\":{\"@id\":\"https:\\\/\\\/folhapopular.info\\\/#\\\/schema\\\/person\\\/2814e8a0df7643585a9ca38bc6eb9d4b\"},\"breadcrumb\":{\"@id\":\"https:\\\/\\\/folhapopular.info\\\/index.php\\\/2023\\\/12\\\/09\\\/posto-de-saude-do-bairro-olarias-em-lajeado-recebe-melhorias\\\/#breadcrumb\"},\"inLanguage\":\"pt-BR\",\"potentialAction\":[{\"@type\":\"ReadAction\",\"target\":[\"https:\\\/\\\/folhapopular.info\\\/index.php\\\/2023\\\/12\\\/09\\\/posto-de-saude-do-bairro-olarias-em-lajeado-recebe-melhorias\\\/\"]}]},{\"@type\":\"ImageObject\",\"inLanguage\":\"pt-BR\",\"@id\":\"https:\\\/\\\/folhapopular.info\\\/index.php\\\/2023\\\/12\\\/09\\\/posto-de-saude-do-bairro-olarias-em-lajeado-recebe-melhorias\\\/#primaryimage\",\"url\":\"https:\\\/\\\/folhapopular.info\\\/wp-content\\\/uploads\\\/2023\\\/12\\\/Posto-do-bairro-Olarias-2.jpeg\",\"contentUrl\":\"https:\\\/\\\/folhapopular.info\\\/wp-content\\\/uploads\\\/2023\\\/12\\\/Posto-do-bairro-Olarias-2.jpeg\",\"width\":1600,\"height\":1200,\"caption\":\"Reforma do posto de sa\u00fade Olarias \\\/\\\/ Cr\u00e9dito: Prefeitura de Lajeado\"},{\"@type\":\"BreadcrumbList\",\"@id\":\"https:\\\/\\\/folhapopular.info\\\/index.php\\\/2023\\\/12\\\/09\\\/posto-de-saude-do-bairro-olarias-em-lajeado-recebe-melhorias\\\/#breadcrumb\",\"itemListElement\":[{\"@type\":\"ListItem\",\"position\":1,\"name\":\"In\u00edcio\",\"item\":\"https:\\\/\\\/folhapopular.info\\\/\"},{\"@type\":\"ListItem\",\"position\":2,\"name\":\"Posto de Sa\u00fade do Bairro Olarias em Lajeado recebe melhorias\"}]},{\"@type\":\"WebSite\",\"@id\":\"https:\\\/\\\/folhapopular.info\\\/#website\",\"url\":\"https:\\\/\\\/folhapopular.info\\\/\",\"name\":\"Folha Popular\",\"description\":\"Onde voc\u00ea tem vez e voz\",\"potentialAction\":[{\"@type\":\"SearchAction\",\"target\":{\"@type\":\"EntryPoint\",\"urlTemplate\":\"https:\\\/\\\/folhapopular.info\\\/?s={search_term_string}\"},\"query-input\":{\"@type\":\"PropertyValueSpecification\",\"valueRequired\":true,\"valueName\":\"search_term_string\"}}],\"inLanguage\":\"pt-BR\"},{\"@type\":\"Person\",\"@id\":\"https:\\\/\\\/folhapopular.info\\\/#\\\/schema\\\/person\\\/2814e8a0df7643585a9ca38bc6eb9d4b\",\"name\":\"Reda\u00e7\u00e3o Folha Popular\",\"image\":{\"@type\":\"ImageObject\",\"inLanguage\":\"pt-BR\",\"@id\":\"https:\\\/\\\/folhapopular.info\\\/wp-content\\\/uploads\\\/2026\\\/04\\\/Folha-1.webp\",\"url\":\"https:\\\/\\\/folhapopular.info\\\/wp-content\\\/uploads\\\/2026\\\/04\\\/Folha-1.webp\",\"contentUrl\":\"https:\\\/\\\/folhapopular.info\\\/wp-content\\\/uploads\\\/2026\\\/04\\\/Folha-1.webp\",\"caption\":\"Reda\u00e7\u00e3o Folha Popular\"},\"url\":\"https:\\\/\\\/folhapopular.info\\\/index.php\\\/author\\\/redacao\\\/\"}]}<\/script>\n<!-- \/ Yoast SEO plugin. -->","yoast_head_json":{"title":"Posto de Sa\u00fade do Bairro Olarias em Lajeado recebe melhorias - Folha Popular","robots":{"index":"index","follow":"follow","max-snippet":"max-snippet:-1","max-image-preview":"max-image-preview:large","max-video-preview":"max-video-preview:-1"},"canonical":"https:\/\/folhapopular.info\/index.php\/2023\/12\/09\/posto-de-saude-do-bairro-olarias-em-lajeado-recebe-melhorias\/","og_locale":"pt_BR","og_type":"article","og_title":"Posto de Sa\u00fade do Bairro Olarias em Lajeado recebe melhorias - Folha Popular","og_description":"A Prefeitura de Lajeado, por meio da Secretaria de Sa\u00fade, realizou reformas e melhorias no Posto de Sa\u00fade do bairro Olarias. Os espa\u00e7os foram adequados para comportar a demanda do bairro, que teve expans\u00e3o nos \u00faltimos anos. Os espa\u00e7os readequados recebem pacientes a partir de segunda-feira, (11\/12). Com a reforma, a entrada principal ser\u00e1 pela [&hellip;]","og_url":"https:\/\/folhapopular.info\/index.php\/2023\/12\/09\/posto-de-saude-do-bairro-olarias-em-lajeado-recebe-melhorias\/","og_site_name":"Folha Popular","article_published_time":"2023-12-09T11:20:00+00:00","og_image":[{"width":1600,"height":1200,"url":"https:\/\/folhapopular.info\/wp-content\/uploads\/2023\/12\/Posto-do-bairro-Olarias-2.jpeg","type":"image\/jpeg"}],"author":"Reda\u00e7\u00e3o Folha Popular","twitter_card":"summary_large_image","twitter_misc":{"Escrito por":"Reda\u00e7\u00e3o Folha Popular","Est. tempo de leitura":"2 minutos"},"schema":{"@context":"https:\/\/schema.org","@graph":[{"@type":"Article","@id":"https:\/\/folhapopular.info\/index.php\/2023\/12\/09\/posto-de-saude-do-bairro-olarias-em-lajeado-recebe-melhorias\/#article","isPartOf":{"@id":"https:\/\/folhapopular.info\/index.php\/2023\/12\/09\/posto-de-saude-do-bairro-olarias-em-lajeado-recebe-melhorias\/"},"author":{"name":"Reda\u00e7\u00e3o Folha Popular","@id":"https:\/\/folhapopular.info\/#\/schema\/person\/2814e8a0df7643585a9ca38bc6eb9d4b"},"headline":"Posto de Sa\u00fade do Bairro Olarias em Lajeado recebe melhorias","datePublished":"2023-12-09T11:20:00+00:00","mainEntityOfPage":{"@id":"https:\/\/folhapopular.info\/index.php\/2023\/12\/09\/posto-de-saude-do-bairro-olarias-em-lajeado-recebe-melhorias\/"},"wordCount":308,"commentCount":0,"image":{"@id":"https:\/\/folhapopular.info\/index.php\/2023\/12\/09\/posto-de-saude-do-bairro-olarias-em-lajeado-recebe-melhorias\/#primaryimage"},"thumbnailUrl":"https:\/\/folhapopular.info\/wp-content\/uploads\/2023\/12\/Posto-do-bairro-Olarias-2.jpeg","keywords":["Amplia\u00e7\u00e3o","bairro olarias","Lajeado","Posto de Sa\u00fade"],"articleSection":["Destaques","Geral","Sa\u00fade"],"inLanguage":"pt-BR","potentialAction":[{"@type":"CommentAction","name":"Comment","target":["https:\/\/folhapopular.info\/index.php\/2023\/12\/09\/posto-de-saude-do-bairro-olarias-em-lajeado-recebe-melhorias\/#respond"]}]},{"@type":"WebPage","@id":"https:\/\/folhapopular.info\/index.php\/2023\/12\/09\/posto-de-saude-do-bairro-olarias-em-lajeado-recebe-melhorias\/","url":"https:\/\/folhapopular.info\/index.php\/2023\/12\/09\/posto-de-saude-do-bairro-olarias-em-lajeado-recebe-melhorias\/","name":"Posto de Sa\u00fade do Bairro Olarias em Lajeado recebe melhorias - Folha Popular","isPartOf":{"@id":"https:\/\/folhapopular.info\/#website"},"primaryImageOfPage":{"@id":"https:\/\/folhapopular.info\/index.php\/2023\/12\/09\/posto-de-saude-do-bairro-olarias-em-lajeado-recebe-melhorias\/#primaryimage"},"image":{"@id":"https:\/\/folhapopular.info\/index.php\/2023\/12\/09\/posto-de-saude-do-bairro-olarias-em-lajeado-recebe-melhorias\/#primaryimage"},"thumbnailUrl":"https:\/\/folhapopular.info\/wp-content\/uploads\/2023\/12\/Posto-do-bairro-Olarias-2.jpeg","datePublished":"2023-12-09T11:20:00+00:00","author":{"@id":"https:\/\/folhapopular.info\/#\/schema\/person\/2814e8a0df7643585a9ca38bc6eb9d4b"},"breadcrumb":{"@id":"https:\/\/folhapopular.info\/index.php\/2023\/12\/09\/posto-de-saude-do-bairro-olarias-em-lajeado-recebe-melhorias\/#breadcrumb"},"inLanguage":"pt-BR","potentialAction":[{"@type":"ReadAction","target":["https:\/\/folhapopular.info\/index.php\/2023\/12\/09\/posto-de-saude-do-bairro-olarias-em-lajeado-recebe-melhorias\/"]}]},{"@type":"ImageObject","inLanguage":"pt-BR","@id":"https:\/\/folhapopular.info\/index.php\/2023\/12\/09\/posto-de-saude-do-bairro-olarias-em-lajeado-recebe-melhorias\/#primaryimage","url":"https:\/\/folhapopular.info\/wp-content\/uploads\/2023\/12\/Posto-do-bairro-Olarias-2.jpeg","contentUrl":"https:\/\/folhapopular.info\/wp-content\/uploads\/2023\/12\/Posto-do-bairro-Olarias-2.jpeg","width":1600,"height":1200,"caption":"Reforma do posto de sa\u00fade Olarias \/\/ Cr\u00e9dito: Prefeitura de Lajeado"},{"@type":"BreadcrumbList","@id":"https:\/\/folhapopular.info\/index.php\/2023\/12\/09\/posto-de-saude-do-bairro-olarias-em-lajeado-recebe-melhorias\/#breadcrumb","itemListElement":[{"@type":"ListItem","position":1,"name":"In\u00edcio","item":"https:\/\/folhapopular.info\/"},{"@type":"ListItem","position":2,"name":"Posto de Sa\u00fade do Bairro Olarias em Lajeado recebe melhorias"}]},{"@type":"WebSite","@id":"https:\/\/folhapopular.info\/#website","url":"https:\/\/folhapopular.info\/","name":"Folha Popular","description":"Onde voc\u00ea tem vez e voz","potentialAction":[{"@type":"SearchAction","target":{"@type":"EntryPoint","urlTemplate":"https:\/\/folhapopular.info\/?s={search_term_string}"},"query-input":{"@type":"PropertyValueSpecification","valueRequired":true,"valueName":"search_term_string"}}],"inLanguage":"pt-BR"},{"@type":"Person","@id":"https:\/\/folhapopular.info\/#\/schema\/person\/2814e8a0df7643585a9ca38bc6eb9d4b","name":"Reda\u00e7\u00e3o Folha Popular","image":{"@type":"ImageObject","inLanguage":"pt-BR","@id":"https:\/\/folhapopular.info\/wp-content\/uploads\/2026\/04\/Folha-1.webp","url":"https:\/\/folhapopular.info\/wp-content\/uploads\/2026\/04\/Folha-1.webp","contentUrl":"https:\/\/folhapopular.info\/wp-content\/uploads\/2026\/04\/Folha-1.webp","caption":"Reda\u00e7\u00e3o Folha Popular"},"url":"https:\/\/folhapopular.info\/index.php\/author\/redacao\/"}]}},"jetpack_featured_media_url":"https:\/\/folhapopular.info\/wp-content\/uploads\/2023\/12\/Posto-do-bairro-Olarias-2.jpeg","jetpack_sharing_enabled":true,"amp_enabled":true,"_links":{"self":[{"href":"https:\/\/folhapopular.info\/index.php\/wp-json\/wp\/v2\/posts\/144787","targetHints":{"allow":["GET"]}}],"collection":[{"href":"https:\/\/folhapopular.info\/index.php\/wp-json\/wp\/v2\/posts"}],"about":[{"href":"https:\/\/folhapopular.info\/index.php\/wp-json\/wp\/v2\/types\/post"}],"author":[{"embeddable":true,"href":"https:\/\/folhapopular.info\/index.php\/wp-json\/wp\/v2\/users\/8"}],"replies":[{"embeddable":true,"href":"https:\/\/folhapopular.info\/index.php\/wp-json\/wp\/v2\/comments?post=144787"}],"version-history":[{"count":0,"href":"https:\/\/folhapopular.info\/index.php\/wp-json\/wp\/v2\/posts\/144787\/revisions"}],"wp:featuredmedia":[{"embeddable":true,"href":"https:\/\/folhapopular.info\/index.php\/wp-json\/wp\/v2\/media\/144788"}],"wp:attachment":[{"href":"https:\/\/folhapopular.info\/index.php\/wp-json\/wp\/v2\/media?parent=144787"}],"wp:term":[{"taxonomy":"category","embeddable":true,"href":"https:\/\/folhapopular.info\/index.php\/wp-json\/wp\/v2\/categories?post=144787"},{"taxonomy":"post_tag","embeddable":true,"href":"https:\/\/folhapopular.info\/index.php\/wp-json\/wp\/v2\/tags?post=144787"}],"curies":[{"name":"wp","href":"https:\/\/api.w.org\/{rel}","templated":true}]}}