{"id":144816,"date":"2023-12-10T08:00:00","date_gmt":"2023-12-10T11:00:00","guid":{"rendered":"https:\/\/folhapopular.info\/?p=144816"},"modified":"2023-12-10T16:59:55","modified_gmt":"2023-12-10T19:59:55","slug":"decisao-do-regional-da-aslivata-comeca-amanha-para-conhecer-novo-campeao","status":"publish","type":"post","link":"https:\/\/folhapopular.info\/index.php\/2023\/12\/10\/decisao-do-regional-da-aslivata-comeca-amanha-para-conhecer-novo-campeao\/","title":{"rendered":"Decis\u00e3o do Regional da Aslivata come\u00e7a amanh\u00e3 para conhecer novo campe\u00e3o"},"content":{"rendered":"\n<p>Os finalistas tiveram 14 dias de prepara\u00e7\u00e3o para as finais do Campeonato Regional da Aslivata. Estudiantes de Lajeado e Serrano de Encantado decidir\u00e3o o t\u00edtulo nos Titulares da Copa Certel Sicredi 2023. Juventude de Westf\u00e1lia e Serrano fazem a final dos Aspirantes. Como nenhum dos clubes levantou o trof\u00e9u nestas categorias, teremos dois campe\u00f5es in\u00e9ditos.<\/p>\n\n\n\n<p>Todas as medidas preventivas foram adotadas para um desfecho digno de um dos maiores campeonatos de futebol amador do Estado. A bola rolar\u00e1 na Arena Alvi Azul, em Lajeado, nas tardes de amanh\u00e3 (10\/12) e no pr\u00f3ximo domingo (17\/12). O jogo de ida ter\u00e1 a arbitragem de Rafael Klein e a segunda partida ser\u00e1 com Leandro Vuaden.<\/p>\n\n\n\n<p>O Estudiantes de Conventos (Lajeado) ser\u00e1 o mandante da primeira final. O clube foi finalista no ano passado, quando n\u00e3o houve um campe\u00e3o por conta da confus\u00e3o no segundo jogo entre Estudiantes e 7 de Setembro de Capit\u00e3o. O clube lajeadense persegue o t\u00edtulo na categoria Titulares, \u00fanico que falta na galeria de trof\u00e9us \u2013 j\u00e1 foi bicampe\u00e3o regional nos Aspirantes e campe\u00e3o nos Veteranos.<\/p>\n\n\n\n<p>O t\u00e9cnico Ren\u00ea do Nascimento \u201cNaco\u201d ter\u00e1 o desfalque do meia Marquinhos, expulso na semifinal diante do Juventude de Westf\u00e1lia. Quem tamb\u00e9m segue fora \u00e9 o volante Bruno, com les\u00e3o na virilha. Os demais est\u00e3o \u201ctodos aptos para o jogo\u201d, confirmou o comandante do Estudiantes. Naco levantou o trof\u00e9u de campe\u00e3o regional como t\u00e9cnico em 2010 e 2013, ambos pelo Santo Andr\u00e9 de Lajeado.<\/p>\n\n\n\n<p>O Serrano chega invicto para a decis\u00e3o e com a melhor campanha geral. O clube estreia em decis\u00f5es e conta com um elenco experiente, formado pelo t\u00e9cnico e boa parte do plantel do 7 de Setembro de Capit\u00e3o do ano passado.<\/p>\n\n\n\n<p>O t\u00e9cnico Remor Bagnara considerou importante a folga de duas semanas para recuperar fisicamente alguns atletas. Rafinha ainda preocupa e passar\u00e1 por avalia\u00e7\u00e3o antes da partida. \u201cPraticamente time completo\u201d, disse o comandante do Serrano. Bagnara foi campe\u00e3o regional como jogador em 1997, quando era volante do Canabarrense de Teut\u00f4nia.<\/p>\n\n\n\n<p>Nenhum dos finalistas t\u00eam a vantagem de jogar por dois empates, porque o regulamento desta edi\u00e7\u00e3o mudou. Em caso de igualdade de pontos ao fim dos 180 minutos, o t\u00edtulo vai para a disputa de p\u00eanaltis.<\/p>\n\n\n\n<h2 class=\"wp-block-heading\"><strong>Aspirantes<\/strong><\/h2>\n\n\n\n<p>Juventude de Westf\u00e1lia e Serrano de Encantado decidem o t\u00edtulo na categoria Aspirantes \u00e0s 14h. Nenhum dos finalistas t\u00eam a vantagem de jogar por dois empates. Em caso de igualdade de pontos ao fim dos 180 minutos, o t\u00edtulo vai para a disputa de p\u00eanaltis.<\/p>\n\n\n\n<p>A arbitragem da primeira final ser\u00e1 com Mateus Selke no apito, auxiliado por Odair Silva e Leonardo Banhara; e a mes\u00e1ria Carol Banhara.<\/p>\n\n\n\n<h2 class=\"wp-block-heading\"><strong>Veteranos<\/strong><\/h2>\n\n\n\n<p>A primeira partida da final da categoria Veteranos ser\u00e1 disputada \u00e0s 10h deste domingo (10\/12), em Santa Em\u00edlia \u2013 Ven\u00e2ncio Aires. O anfitri\u00e3o S\u00e3o Luiz recebe o Canarinho de Cruzeiro do Sul.<\/p>\n\n\n\n<p>A arbitragem ser\u00e1 sob o comando de Jorge de Freitas, auxiliado por Alexandre Horn e Rog\u00e9rio Dorigon, com o mes\u00e1rio Marco Ant\u00f4nio do Santos.<\/p>\n\n\n\n<h2 class=\"wp-block-heading\"><strong>Prov\u00e1veis equipes titulares<\/strong><\/h2>\n\n\n\n<p><strong>Estudiantes<\/strong><\/p>\n\n\n\n<p>Mael<\/p>\n\n\n\n<p>Bind\u00e9 (Bito)<\/p>\n\n\n\n<p>Teco<\/p>\n\n\n\n<p>Xand\u00e3o<\/p>\n\n\n\n<p>U\u00e9slei<\/p>\n\n\n\n<p>Fernando<\/p>\n\n\n\n<p>China<\/p>\n\n\n\n<p>Dimi<\/p>\n\n\n\n<p>Teteu<\/p>\n\n\n\n<p>Biel<\/p>\n\n\n\n<p>Jo\u00e3o Moura<\/p>\n\n\n\n<p>T\u00e9cnico: Ren\u00ea Nascimento \u201cNaco\u201d<\/p>\n\n\n\n<p><strong>Serrano<\/strong><\/p>\n\n\n\n<p>Assis<\/p>\n\n\n\n<p>Rodrigo<\/p>\n\n\n\n<p>Bregalda<\/p>\n\n\n\n<p>Zinho<\/p>\n\n\n\n<p>Vitinho<\/p>\n\n\n\n<p>Caju<\/p>\n\n\n\n<p>Luccini<\/p>\n\n\n\n<p>Peleguinho<\/p>\n\n\n\n<p>Luan<\/p>\n\n\n\n<p>Buda<\/p>\n\n\n\n<p>Dodo<\/p>\n\n\n\n<p>T\u00e9cnico: Remor Bagnara<\/p>\n\n\n\n<p>Arbitragem<\/p>\n\n\n\n<p>\u00c1rbitro: Rafael Klein<\/p>\n\n\n\n<p>Auxiliares: Michael Stanislau e Tiago Kappes Diel<\/p>\n\n\n\n<p>Mes\u00e1ria: Josi Moretto<\/p>\n\n\n\n<p>Maqueiros: Lisio Jung e Paulo Schossler<\/p>\n\n\n\n<p>Gandulas de Campo: Kau\u00ea Valesam e Luan Arend<\/p>\n\n\n\n<p>Data: 10\/12\/2023<\/p>\n\n\n\n<p>Hor\u00e1rio: 16h<\/p>\n\n\n\n<p>Local: Arena Alvi Azul \u2013 Lajeado.<\/p>\n\n\n\n<p>Ingresso: R$ 15,00.<\/p>\n","protected":false},"excerpt":{"rendered":"<p>Os finalistas tiveram 14 dias de prepara\u00e7\u00e3o para as finais do Campeonato Regional da Aslivata. Estudiantes de Lajeado e Serrano de Encantado decidir\u00e3o o t\u00edtulo nos Titulares da Copa Certel Sicredi 2023. Juventude de Westf\u00e1lia e Serrano fazem a final dos Aspirantes. Como nenhum dos clubes levantou o trof\u00e9u nestas categorias, teremos dois campe\u00f5es in\u00e9ditos. [&hellip;]<\/p>\n","protected":false},"author":7,"featured_media":144817,"comment_status":"open","ping_status":"open","sticky":false,"template":"","format":"standard","meta":{"pmpro_default_level":"","_jetpack_memberships_contains_paid_content":false,"footnotes":""},"categories":[5,240,288],"tags":[318,147,556],"class_list":{"0":"post-144816","1":"post","2":"type-post","3":"status-publish","4":"format-standard","5":"has-post-thumbnail","7":"category-esportes","8":"category-futebol-amador","9":"category-regional-da-aslivata","10":"tag-copa-certel-sicredi","11":"tag-futebol-amador","12":"tag-regional-da-aslivata","13":"pmpro-has-access"},"yoast_head":"<!-- This site is optimized with the Yoast SEO plugin v27.5 - https:\/\/yoast.com\/product\/yoast-seo-wordpress\/ -->\n<title>Decis\u00e3o do Regional da Aslivata come\u00e7a amanh\u00e3 para conhecer novo campe\u00e3o - Folha Popular<\/title>\n<meta name=\"robots\" content=\"index, follow, max-snippet:-1, max-image-preview:large, max-video-preview:-1\" \/>\n<link rel=\"canonical\" href=\"https:\/\/folhapopular.info\/index.php\/2023\/12\/10\/decisao-do-regional-da-aslivata-comeca-amanha-para-conhecer-novo-campeao\/\" \/>\n<meta property=\"og:locale\" content=\"pt_BR\" \/>\n<meta property=\"og:type\" content=\"article\" \/>\n<meta property=\"og:title\" content=\"Decis\u00e3o do Regional da Aslivata come\u00e7a amanh\u00e3 para conhecer novo campe\u00e3o - Folha Popular\" \/>\n<meta property=\"og:description\" content=\"Os finalistas tiveram 14 dias de prepara\u00e7\u00e3o para as finais do Campeonato Regional da Aslivata. Estudiantes de Lajeado e Serrano de Encantado decidir\u00e3o o t\u00edtulo nos Titulares da Copa Certel Sicredi 2023. Juventude de Westf\u00e1lia e Serrano fazem a final dos Aspirantes. Como nenhum dos clubes levantou o trof\u00e9u nestas categorias, teremos dois campe\u00f5es in\u00e9ditos. [&hellip;]\" \/>\n<meta property=\"og:url\" content=\"https:\/\/folhapopular.info\/index.php\/2023\/12\/10\/decisao-do-regional-da-aslivata-comeca-amanha-para-conhecer-novo-campeao\/\" \/>\n<meta property=\"og:site_name\" content=\"Folha Popular\" \/>\n<meta property=\"article:published_time\" content=\"2023-12-10T11:00:00+00:00\" \/>\n<meta property=\"article:modified_time\" content=\"2023-12-10T19:59:55+00:00\" \/>\n<meta property=\"og:image\" content=\"http:\/\/folhapopular.info\/wp-content\/uploads\/2023\/12\/Arena-Alvi-Azul-esta-preparada-para-as-decisoes_Marcos-Vinicius-Bilhar.jpeg\" \/>\n\t<meta property=\"og:image:width\" content=\"1600\" \/>\n\t<meta property=\"og:image:height\" content=\"900\" \/>\n\t<meta property=\"og:image:type\" content=\"image\/jpeg\" \/>\n<meta name=\"author\" content=\"Lucas Leandro Brune\" \/>\n<meta name=\"twitter:card\" content=\"summary_large_image\" \/>\n<meta name=\"twitter:label1\" content=\"Escrito por\" \/>\n\t<meta name=\"twitter:data1\" content=\"Lucas Leandro Brune\" \/>\n\t<meta name=\"twitter:label2\" content=\"Est. tempo de leitura\" \/>\n\t<meta name=\"twitter:data2\" content=\"4 minutos\" \/>\n<script type=\"application\/ld+json\" class=\"yoast-schema-graph\">{\"@context\":\"https:\\\/\\\/schema.org\",\"@graph\":[{\"@type\":\"Article\",\"@id\":\"https:\\\/\\\/folhapopular.info\\\/index.php\\\/2023\\\/12\\\/10\\\/decisao-do-regional-da-aslivata-comeca-amanha-para-conhecer-novo-campeao\\\/#article\",\"isPartOf\":{\"@id\":\"https:\\\/\\\/folhapopular.info\\\/index.php\\\/2023\\\/12\\\/10\\\/decisao-do-regional-da-aslivata-comeca-amanha-para-conhecer-novo-campeao\\\/\"},\"author\":{\"name\":\"Lucas Leandro Brune\",\"@id\":\"https:\\\/\\\/folhapopular.info\\\/#\\\/schema\\\/person\\\/533a15f60cd49e81ab3a90b4ca33cb36\"},\"headline\":\"Decis\u00e3o do Regional da Aslivata come\u00e7a amanh\u00e3 para conhecer novo campe\u00e3o\",\"datePublished\":\"2023-12-10T11:00:00+00:00\",\"dateModified\":\"2023-12-10T19:59:55+00:00\",\"mainEntityOfPage\":{\"@id\":\"https:\\\/\\\/folhapopular.info\\\/index.php\\\/2023\\\/12\\\/10\\\/decisao-do-regional-da-aslivata-comeca-amanha-para-conhecer-novo-campeao\\\/\"},\"wordCount\":623,\"commentCount\":0,\"image\":{\"@id\":\"https:\\\/\\\/folhapopular.info\\\/index.php\\\/2023\\\/12\\\/10\\\/decisao-do-regional-da-aslivata-comeca-amanha-para-conhecer-novo-campeao\\\/#primaryimage\"},\"thumbnailUrl\":\"https:\\\/\\\/folhapopular.info\\\/wp-content\\\/uploads\\\/2023\\\/12\\\/Arena-Alvi-Azul-esta-preparada-para-as-decisoes_Marcos-Vinicius-Bilhar.jpeg\",\"keywords\":[\"Copa Certel Sicredi\",\"futebol amador\",\"Regional da Aslivata\"],\"articleSection\":[\"Esportes\",\"Futebol Amador\",\"Regional da Aslivata\"],\"inLanguage\":\"pt-BR\",\"potentialAction\":[{\"@type\":\"CommentAction\",\"name\":\"Comment\",\"target\":[\"https:\\\/\\\/folhapopular.info\\\/index.php\\\/2023\\\/12\\\/10\\\/decisao-do-regional-da-aslivata-comeca-amanha-para-conhecer-novo-campeao\\\/#respond\"]}]},{\"@type\":\"WebPage\",\"@id\":\"https:\\\/\\\/folhapopular.info\\\/index.php\\\/2023\\\/12\\\/10\\\/decisao-do-regional-da-aslivata-comeca-amanha-para-conhecer-novo-campeao\\\/\",\"url\":\"https:\\\/\\\/folhapopular.info\\\/index.php\\\/2023\\\/12\\\/10\\\/decisao-do-regional-da-aslivata-comeca-amanha-para-conhecer-novo-campeao\\\/\",\"name\":\"Decis\u00e3o do Regional da Aslivata come\u00e7a amanh\u00e3 para conhecer novo campe\u00e3o - Folha Popular\",\"isPartOf\":{\"@id\":\"https:\\\/\\\/folhapopular.info\\\/#website\"},\"primaryImageOfPage\":{\"@id\":\"https:\\\/\\\/folhapopular.info\\\/index.php\\\/2023\\\/12\\\/10\\\/decisao-do-regional-da-aslivata-comeca-amanha-para-conhecer-novo-campeao\\\/#primaryimage\"},\"image\":{\"@id\":\"https:\\\/\\\/folhapopular.info\\\/index.php\\\/2023\\\/12\\\/10\\\/decisao-do-regional-da-aslivata-comeca-amanha-para-conhecer-novo-campeao\\\/#primaryimage\"},\"thumbnailUrl\":\"https:\\\/\\\/folhapopular.info\\\/wp-content\\\/uploads\\\/2023\\\/12\\\/Arena-Alvi-Azul-esta-preparada-para-as-decisoes_Marcos-Vinicius-Bilhar.jpeg\",\"datePublished\":\"2023-12-10T11:00:00+00:00\",\"dateModified\":\"2023-12-10T19:59:55+00:00\",\"author\":{\"@id\":\"https:\\\/\\\/folhapopular.info\\\/#\\\/schema\\\/person\\\/533a15f60cd49e81ab3a90b4ca33cb36\"},\"breadcrumb\":{\"@id\":\"https:\\\/\\\/folhapopular.info\\\/index.php\\\/2023\\\/12\\\/10\\\/decisao-do-regional-da-aslivata-comeca-amanha-para-conhecer-novo-campeao\\\/#breadcrumb\"},\"inLanguage\":\"pt-BR\",\"potentialAction\":[{\"@type\":\"ReadAction\",\"target\":[\"https:\\\/\\\/folhapopular.info\\\/index.php\\\/2023\\\/12\\\/10\\\/decisao-do-regional-da-aslivata-comeca-amanha-para-conhecer-novo-campeao\\\/\"]}]},{\"@type\":\"ImageObject\",\"inLanguage\":\"pt-BR\",\"@id\":\"https:\\\/\\\/folhapopular.info\\\/index.php\\\/2023\\\/12\\\/10\\\/decisao-do-regional-da-aslivata-comeca-amanha-para-conhecer-novo-campeao\\\/#primaryimage\",\"url\":\"https:\\\/\\\/folhapopular.info\\\/wp-content\\\/uploads\\\/2023\\\/12\\\/Arena-Alvi-Azul-esta-preparada-para-as-decisoes_Marcos-Vinicius-Bilhar.jpeg\",\"contentUrl\":\"https:\\\/\\\/folhapopular.info\\\/wp-content\\\/uploads\\\/2023\\\/12\\\/Arena-Alvi-Azul-esta-preparada-para-as-decisoes_Marcos-Vinicius-Bilhar.jpeg\",\"width\":1600,\"height\":900,\"caption\":\"Arena Alvi Azul \\\/\\\/ Cr\u00e9dito: Marcos Vin\u00edcius Bilhar\"},{\"@type\":\"BreadcrumbList\",\"@id\":\"https:\\\/\\\/folhapopular.info\\\/index.php\\\/2023\\\/12\\\/10\\\/decisao-do-regional-da-aslivata-comeca-amanha-para-conhecer-novo-campeao\\\/#breadcrumb\",\"itemListElement\":[{\"@type\":\"ListItem\",\"position\":1,\"name\":\"In\u00edcio\",\"item\":\"https:\\\/\\\/folhapopular.info\\\/\"},{\"@type\":\"ListItem\",\"position\":2,\"name\":\"Decis\u00e3o do Regional da Aslivata come\u00e7a amanh\u00e3 para conhecer novo campe\u00e3o\"}]},{\"@type\":\"WebSite\",\"@id\":\"https:\\\/\\\/folhapopular.info\\\/#website\",\"url\":\"https:\\\/\\\/folhapopular.info\\\/\",\"name\":\"Folha Popular\",\"description\":\"Onde voc\u00ea tem vez e voz\",\"potentialAction\":[{\"@type\":\"SearchAction\",\"target\":{\"@type\":\"EntryPoint\",\"urlTemplate\":\"https:\\\/\\\/folhapopular.info\\\/?s={search_term_string}\"},\"query-input\":{\"@type\":\"PropertyValueSpecification\",\"valueRequired\":true,\"valueName\":\"search_term_string\"}}],\"inLanguage\":\"pt-BR\"},{\"@type\":\"Person\",\"@id\":\"https:\\\/\\\/folhapopular.info\\\/#\\\/schema\\\/person\\\/533a15f60cd49e81ab3a90b4ca33cb36\",\"name\":\"Lucas Leandro Brune\",\"image\":{\"@type\":\"ImageObject\",\"inLanguage\":\"pt-BR\",\"@id\":\"https:\\\/\\\/folhapopular.info\\\/wp-content\\\/uploads\\\/2026\\\/04\\\/LUCAS-1-1.webp\",\"url\":\"https:\\\/\\\/folhapopular.info\\\/wp-content\\\/uploads\\\/2026\\\/04\\\/LUCAS-1-1.webp\",\"contentUrl\":\"https:\\\/\\\/folhapopular.info\\\/wp-content\\\/uploads\\\/2026\\\/04\\\/LUCAS-1-1.webp\",\"caption\":\"Lucas Leandro Brune\"},\"description\":\"Jornalista Profissional Diplomado MTB\\\/RS 14.333\",\"url\":\"https:\\\/\\\/folhapopular.info\\\/index.php\\\/author\\\/lucas-brune\\\/\"}]}<\/script>\n<!-- \/ Yoast SEO plugin. -->","yoast_head_json":{"title":"Decis\u00e3o do Regional da Aslivata come\u00e7a amanh\u00e3 para conhecer novo campe\u00e3o - Folha Popular","robots":{"index":"index","follow":"follow","max-snippet":"max-snippet:-1","max-image-preview":"max-image-preview:large","max-video-preview":"max-video-preview:-1"},"canonical":"https:\/\/folhapopular.info\/index.php\/2023\/12\/10\/decisao-do-regional-da-aslivata-comeca-amanha-para-conhecer-novo-campeao\/","og_locale":"pt_BR","og_type":"article","og_title":"Decis\u00e3o do Regional da Aslivata come\u00e7a amanh\u00e3 para conhecer novo campe\u00e3o - Folha Popular","og_description":"Os finalistas tiveram 14 dias de prepara\u00e7\u00e3o para as finais do Campeonato Regional da Aslivata. Estudiantes de Lajeado e Serrano de Encantado decidir\u00e3o o t\u00edtulo nos Titulares da Copa Certel Sicredi 2023. Juventude de Westf\u00e1lia e Serrano fazem a final dos Aspirantes. Como nenhum dos clubes levantou o trof\u00e9u nestas categorias, teremos dois campe\u00f5es in\u00e9ditos. [&hellip;]","og_url":"https:\/\/folhapopular.info\/index.php\/2023\/12\/10\/decisao-do-regional-da-aslivata-comeca-amanha-para-conhecer-novo-campeao\/","og_site_name":"Folha Popular","article_published_time":"2023-12-10T11:00:00+00:00","article_modified_time":"2023-12-10T19:59:55+00:00","og_image":[{"width":1600,"height":900,"url":"http:\/\/folhapopular.info\/wp-content\/uploads\/2023\/12\/Arena-Alvi-Azul-esta-preparada-para-as-decisoes_Marcos-Vinicius-Bilhar.jpeg","type":"image\/jpeg"}],"author":"Lucas Leandro Brune","twitter_card":"summary_large_image","twitter_misc":{"Escrito por":"Lucas Leandro Brune","Est. tempo de leitura":"4 minutos"},"schema":{"@context":"https:\/\/schema.org","@graph":[{"@type":"Article","@id":"https:\/\/folhapopular.info\/index.php\/2023\/12\/10\/decisao-do-regional-da-aslivata-comeca-amanha-para-conhecer-novo-campeao\/#article","isPartOf":{"@id":"https:\/\/folhapopular.info\/index.php\/2023\/12\/10\/decisao-do-regional-da-aslivata-comeca-amanha-para-conhecer-novo-campeao\/"},"author":{"name":"Lucas Leandro Brune","@id":"https:\/\/folhapopular.info\/#\/schema\/person\/533a15f60cd49e81ab3a90b4ca33cb36"},"headline":"Decis\u00e3o do Regional da Aslivata come\u00e7a amanh\u00e3 para conhecer novo campe\u00e3o","datePublished":"2023-12-10T11:00:00+00:00","dateModified":"2023-12-10T19:59:55+00:00","mainEntityOfPage":{"@id":"https:\/\/folhapopular.info\/index.php\/2023\/12\/10\/decisao-do-regional-da-aslivata-comeca-amanha-para-conhecer-novo-campeao\/"},"wordCount":623,"commentCount":0,"image":{"@id":"https:\/\/folhapopular.info\/index.php\/2023\/12\/10\/decisao-do-regional-da-aslivata-comeca-amanha-para-conhecer-novo-campeao\/#primaryimage"},"thumbnailUrl":"https:\/\/folhapopular.info\/wp-content\/uploads\/2023\/12\/Arena-Alvi-Azul-esta-preparada-para-as-decisoes_Marcos-Vinicius-Bilhar.jpeg","keywords":["Copa Certel Sicredi","futebol amador","Regional da Aslivata"],"articleSection":["Esportes","Futebol Amador","Regional da Aslivata"],"inLanguage":"pt-BR","potentialAction":[{"@type":"CommentAction","name":"Comment","target":["https:\/\/folhapopular.info\/index.php\/2023\/12\/10\/decisao-do-regional-da-aslivata-comeca-amanha-para-conhecer-novo-campeao\/#respond"]}]},{"@type":"WebPage","@id":"https:\/\/folhapopular.info\/index.php\/2023\/12\/10\/decisao-do-regional-da-aslivata-comeca-amanha-para-conhecer-novo-campeao\/","url":"https:\/\/folhapopular.info\/index.php\/2023\/12\/10\/decisao-do-regional-da-aslivata-comeca-amanha-para-conhecer-novo-campeao\/","name":"Decis\u00e3o do Regional da Aslivata come\u00e7a amanh\u00e3 para conhecer novo campe\u00e3o - Folha Popular","isPartOf":{"@id":"https:\/\/folhapopular.info\/#website"},"primaryImageOfPage":{"@id":"https:\/\/folhapopular.info\/index.php\/2023\/12\/10\/decisao-do-regional-da-aslivata-comeca-amanha-para-conhecer-novo-campeao\/#primaryimage"},"image":{"@id":"https:\/\/folhapopular.info\/index.php\/2023\/12\/10\/decisao-do-regional-da-aslivata-comeca-amanha-para-conhecer-novo-campeao\/#primaryimage"},"thumbnailUrl":"https:\/\/folhapopular.info\/wp-content\/uploads\/2023\/12\/Arena-Alvi-Azul-esta-preparada-para-as-decisoes_Marcos-Vinicius-Bilhar.jpeg","datePublished":"2023-12-10T11:00:00+00:00","dateModified":"2023-12-10T19:59:55+00:00","author":{"@id":"https:\/\/folhapopular.info\/#\/schema\/person\/533a15f60cd49e81ab3a90b4ca33cb36"},"breadcrumb":{"@id":"https:\/\/folhapopular.info\/index.php\/2023\/12\/10\/decisao-do-regional-da-aslivata-comeca-amanha-para-conhecer-novo-campeao\/#breadcrumb"},"inLanguage":"pt-BR","potentialAction":[{"@type":"ReadAction","target":["https:\/\/folhapopular.info\/index.php\/2023\/12\/10\/decisao-do-regional-da-aslivata-comeca-amanha-para-conhecer-novo-campeao\/"]}]},{"@type":"ImageObject","inLanguage":"pt-BR","@id":"https:\/\/folhapopular.info\/index.php\/2023\/12\/10\/decisao-do-regional-da-aslivata-comeca-amanha-para-conhecer-novo-campeao\/#primaryimage","url":"https:\/\/folhapopular.info\/wp-content\/uploads\/2023\/12\/Arena-Alvi-Azul-esta-preparada-para-as-decisoes_Marcos-Vinicius-Bilhar.jpeg","contentUrl":"https:\/\/folhapopular.info\/wp-content\/uploads\/2023\/12\/Arena-Alvi-Azul-esta-preparada-para-as-decisoes_Marcos-Vinicius-Bilhar.jpeg","width":1600,"height":900,"caption":"Arena Alvi Azul \/\/ Cr\u00e9dito: Marcos Vin\u00edcius Bilhar"},{"@type":"BreadcrumbList","@id":"https:\/\/folhapopular.info\/index.php\/2023\/12\/10\/decisao-do-regional-da-aslivata-comeca-amanha-para-conhecer-novo-campeao\/#breadcrumb","itemListElement":[{"@type":"ListItem","position":1,"name":"In\u00edcio","item":"https:\/\/folhapopular.info\/"},{"@type":"ListItem","position":2,"name":"Decis\u00e3o do Regional da Aslivata come\u00e7a amanh\u00e3 para conhecer novo campe\u00e3o"}]},{"@type":"WebSite","@id":"https:\/\/folhapopular.info\/#website","url":"https:\/\/folhapopular.info\/","name":"Folha Popular","description":"Onde voc\u00ea tem vez e voz","potentialAction":[{"@type":"SearchAction","target":{"@type":"EntryPoint","urlTemplate":"https:\/\/folhapopular.info\/?s={search_term_string}"},"query-input":{"@type":"PropertyValueSpecification","valueRequired":true,"valueName":"search_term_string"}}],"inLanguage":"pt-BR"},{"@type":"Person","@id":"https:\/\/folhapopular.info\/#\/schema\/person\/533a15f60cd49e81ab3a90b4ca33cb36","name":"Lucas Leandro Brune","image":{"@type":"ImageObject","inLanguage":"pt-BR","@id":"https:\/\/folhapopular.info\/wp-content\/uploads\/2026\/04\/LUCAS-1-1.webp","url":"https:\/\/folhapopular.info\/wp-content\/uploads\/2026\/04\/LUCAS-1-1.webp","contentUrl":"https:\/\/folhapopular.info\/wp-content\/uploads\/2026\/04\/LUCAS-1-1.webp","caption":"Lucas Leandro Brune"},"description":"Jornalista Profissional Diplomado MTB\/RS 14.333","url":"https:\/\/folhapopular.info\/index.php\/author\/lucas-brune\/"}]}},"jetpack_featured_media_url":"https:\/\/folhapopular.info\/wp-content\/uploads\/2023\/12\/Arena-Alvi-Azul-esta-preparada-para-as-decisoes_Marcos-Vinicius-Bilhar.jpeg","jetpack_sharing_enabled":true,"amp_enabled":true,"_links":{"self":[{"href":"https:\/\/folhapopular.info\/index.php\/wp-json\/wp\/v2\/posts\/144816","targetHints":{"allow":["GET"]}}],"collection":[{"href":"https:\/\/folhapopular.info\/index.php\/wp-json\/wp\/v2\/posts"}],"about":[{"href":"https:\/\/folhapopular.info\/index.php\/wp-json\/wp\/v2\/types\/post"}],"author":[{"embeddable":true,"href":"https:\/\/folhapopular.info\/index.php\/wp-json\/wp\/v2\/users\/7"}],"replies":[{"embeddable":true,"href":"https:\/\/folhapopular.info\/index.php\/wp-json\/wp\/v2\/comments?post=144816"}],"version-history":[{"count":0,"href":"https:\/\/folhapopular.info\/index.php\/wp-json\/wp\/v2\/posts\/144816\/revisions"}],"wp:featuredmedia":[{"embeddable":true,"href":"https:\/\/folhapopular.info\/index.php\/wp-json\/wp\/v2\/media\/144817"}],"wp:attachment":[{"href":"https:\/\/folhapopular.info\/index.php\/wp-json\/wp\/v2\/media?parent=144816"}],"wp:term":[{"taxonomy":"category","embeddable":true,"href":"https:\/\/folhapopular.info\/index.php\/wp-json\/wp\/v2\/categories?post=144816"},{"taxonomy":"post_tag","embeddable":true,"href":"https:\/\/folhapopular.info\/index.php\/wp-json\/wp\/v2\/tags?post=144816"}],"curies":[{"name":"wp","href":"https:\/\/api.w.org\/{rel}","templated":true}]}}