{"id":144845,"date":"2023-12-11T06:11:00","date_gmt":"2023-12-11T09:11:00","guid":{"rendered":"https:\/\/folhapopular.info\/?p=144845"},"modified":"2023-12-11T06:16:56","modified_gmt":"2023-12-11T09:16:56","slug":"sao-luiz-arranca-em-vantagem-na-final-do-regional-de-veteranos","status":"publish","type":"post","link":"https:\/\/folhapopular.info\/index.php\/2023\/12\/11\/sao-luiz-arranca-em-vantagem-na-final-do-regional-de-veteranos\/","title":{"rendered":"S\u00e3o Luiz arranca em vantagem na final do Regional de Veteranos"},"content":{"rendered":"\n<p>A primeira partida da final do Regional de Veteranos foi disputada na manh\u00e3 deste domingo (10\/12), em Santa Em\u00edlia &#8211; Ven\u00e2ncio Aires. O S\u00e3o Luiz fez valer o fator local e venceu o Canarinho de Cruzeiro do Sul por 3 a 1. O resultado d\u00e1 o Alvi Negro de Ven\u00e2ncio Aires a possibilidade de jogar pelo empate para ser campe\u00e3o in\u00e9dito.<\/p>\n\n\n\n<p>Vantuir abriu o marcador para o S\u00e3o Luiz. M\u00e1rcio empatou para o Canarinho. Depois disso, o S\u00e3o Luiz comandou o placar. Ainda no primeiro tempo, Pauleti colocou o time de Santa Em\u00edlia em vantagem: 2 a 1. No segundo tempo, Redondo fechou o escore em 3 a 1 para a equipe da casa.<\/p>\n\n\n\n<p>O resultado positivo deixa o time de Ven\u00e2ncio Aires muito pr\u00f3ximo do t\u00edtulo, por\u00e9m nada de euforia na palavra do t\u00e9cnico Ari Weber. &#8220;O grupo est\u00e1 de parab\u00e9ns porque assimilou o que quer\u00edamos. A vit\u00f3ria foi um passo importante, mas n\u00e3o ganhamos nada. Temos que ir a Cruzeiro do Sul respeitando o Canarinho, uma equipe forte. Vamos jogar em busca da vit\u00f3ria e respeitando, mas demos um passo importante. E valorizamos a presen\u00e7a de nossa torcida&#8221;, disse ao fim da partida.<\/p>\n\n\n\n<p>O atleta Redondo, autor de um dos gols, considerou relevante o resultado em casa. &#8220;Tive a sorte da bola desviar; se a gente n\u00e3o bater n\u00e3o faz o gol. Estou feliz pelo gol e brigando pela artilharia. \u00c9 uma satisfa\u00e7\u00e3o, ap\u00f3s anos jogar o Regional da Aslivata e agora voltar no Veterano. Esperamos a presen\u00e7a de um bom p\u00fablico no jogo da volta para prestigiar grandes &#8216;atores da bola'&#8221;, comentou.<\/p>\n\n\n\n<p>Para o atleta Ari Miguel, do Canarinho, o resultado pode ser revertido em casa. &#8220;Tomamos os gols em falhas nossas, a bola bateu no zagueiro e entrou. Foi um domingo que a gente n\u00e3o esteve bem no jogo. Temos o fator local e nossa torcida junto conosco para tentar reverter o resultado&#8221;, avaliou.<\/p>\n\n\n\n<p>O t\u00e9cnico Rodrigo Henicka &#8220;Ervilha&#8221; tamb\u00e9m considera poss\u00edvel fazer melhor no jogo de volta. &#8220;A gente veio para buscar um bom resultado, mas infelizmente n\u00e3o conseguimos. Temos qualidade e nossa equipe estar\u00e1 com a torcida a favor. Ser\u00e1 um jogo parelho como foi aqui [em Santa Em\u00edlia], o placar n\u00e3o condiz com o que aconteceu em campo porque dois gols a bola desviou na zaga. Vamos buscar o resultado em casa&#8221;, assegura.<\/p>\n\n\n\n<p>O jogo de volta da decis\u00e3o ser\u00e1 no pr\u00f3ximo domingo (17\/12), em S\u00e3o Bento &#8211; Cruzeiro do Sul, sede do Canarinho. As duas equipes buscam o trof\u00e9u in\u00e9dito do Regional de Veteranos &#8211; Copa Certel Sicredi. O S\u00e3o Luiz joga pelo empate ou vit\u00f3ria. O Canarinho necessita da vit\u00f3ria, por qualquer escore, para levar a disputa aos p\u00eanaltis.<\/p>\n\n\n\n<div class=\"wp-block-jetpack-slideshow aligncenter\" data-effect=\"slide\"><div class=\"wp-block-jetpack-slideshow_container swiper-container\"><ul class=\"wp-block-jetpack-slideshow_swiper-wrapper swiper-wrapper\"><li class=\"wp-block-jetpack-slideshow_slide swiper-slide\"><figure><img loading=\"lazy\" decoding=\"async\" width=\"1024\" height=\"526\" alt=\"\" class=\"wp-block-jetpack-slideshow_image wp-image-144894\" data-id=\"144894\" src=\"https:\/\/folhapopular.info\/wp-content\/uploads\/2023\/12\/WhatsApp-Image-2023-12-10-at-11.23.55-e1702284993691-1024x526.jpeg\" srcset=\"https:\/\/folhapopular.info\/wp-content\/uploads\/2023\/12\/WhatsApp-Image-2023-12-10-at-11.23.55-e1702284993691-1024x526.jpeg 1024w, https:\/\/folhapopular.info\/wp-content\/uploads\/2023\/12\/WhatsApp-Image-2023-12-10-at-11.23.55-e1702284993691-300x154.jpeg 300w, https:\/\/folhapopular.info\/wp-content\/uploads\/2023\/12\/WhatsApp-Image-2023-12-10-at-11.23.55-e1702284993691-768x394.jpeg 768w, https:\/\/folhapopular.info\/wp-content\/uploads\/2023\/12\/WhatsApp-Image-2023-12-10-at-11.23.55-e1702284993691-696x357.jpeg 696w, https:\/\/folhapopular.info\/wp-content\/uploads\/2023\/12\/WhatsApp-Image-2023-12-10-at-11.23.55-e1702284993691-1068x548.jpeg 1068w, https:\/\/folhapopular.info\/wp-content\/uploads\/2023\/12\/WhatsApp-Image-2023-12-10-at-11.23.55-e1702284993691.jpeg 1200w\" sizes=\"(max-width: 1024px) 100vw, 1024px\" \/><figcaption class=\"wp-block-jetpack-slideshow_caption gallery-caption\">Jogo de ida foi disputado em Santa Em\u00edlia &#8211; Ven\u00e2ncio Aires \/\/ Cr\u00e9dito: Eduardo Duarte<\/figcaption><\/figure><\/li><li class=\"wp-block-jetpack-slideshow_slide swiper-slide\"><figure><img loading=\"lazy\" decoding=\"async\" width=\"768\" height=\"1024\" alt=\"\" class=\"wp-block-jetpack-slideshow_image wp-image-144893\" data-id=\"144893\" src=\"https:\/\/folhapopular.info\/wp-content\/uploads\/2023\/12\/WhatsApp-Image-2023-12-10-at-11.40.41-768x1024.jpeg\"\/><figcaption class=\"wp-block-jetpack-slideshow_caption gallery-caption\">Jogo de ida foi disputado em Santa Em\u00edlia &#8211; Ven\u00e2ncio Aires \/\/ Cr\u00e9dito: Eduardo Duarte<\/figcaption><\/figure><\/li><li class=\"wp-block-jetpack-slideshow_slide swiper-slide\"><figure><img loading=\"lazy\" decoding=\"async\" width=\"1024\" height=\"452\" alt=\"\" class=\"wp-block-jetpack-slideshow_image wp-image-144892\" data-id=\"144892\" src=\"https:\/\/folhapopular.info\/wp-content\/uploads\/2023\/12\/WhatsApp-Image-2023-12-10-at-11.40.42-e1702285251947-1024x452.jpeg\" srcset=\"https:\/\/folhapopular.info\/wp-content\/uploads\/2023\/12\/WhatsApp-Image-2023-12-10-at-11.40.42-e1702285251947-1024x452.jpeg 1024w, https:\/\/folhapopular.info\/wp-content\/uploads\/2023\/12\/WhatsApp-Image-2023-12-10-at-11.40.42-e1702285251947-300x132.jpeg 300w, https:\/\/folhapopular.info\/wp-content\/uploads\/2023\/12\/WhatsApp-Image-2023-12-10-at-11.40.42-e1702285251947-768x339.jpeg 768w, https:\/\/folhapopular.info\/wp-content\/uploads\/2023\/12\/WhatsApp-Image-2023-12-10-at-11.40.42-e1702285251947-696x307.jpeg 696w, https:\/\/folhapopular.info\/wp-content\/uploads\/2023\/12\/WhatsApp-Image-2023-12-10-at-11.40.42-e1702285251947-1068x471.jpeg 1068w, https:\/\/folhapopular.info\/wp-content\/uploads\/2023\/12\/WhatsApp-Image-2023-12-10-at-11.40.42-e1702285251947.jpeg 1088w\" sizes=\"(max-width: 1024px) 100vw, 1024px\" \/><figcaption class=\"wp-block-jetpack-slideshow_caption gallery-caption\">S\u00e3o Luiz comemora o resultado com seus torcedores \/\/ Cr\u00e9dito: Eduardo Duarte<\/figcaption><\/figure><\/li><li class=\"wp-block-jetpack-slideshow_slide swiper-slide\"><figure><img loading=\"lazy\" decoding=\"async\" width=\"1024\" height=\"608\" alt=\"\" class=\"wp-block-jetpack-slideshow_image wp-image-144891\" data-id=\"144891\" src=\"https:\/\/folhapopular.info\/wp-content\/uploads\/2023\/12\/WhatsApp-Image-2023-12-10-at-11.40.43-e1702285273312-1024x608.jpeg\" srcset=\"https:\/\/folhapopular.info\/wp-content\/uploads\/2023\/12\/WhatsApp-Image-2023-12-10-at-11.40.43-e1702285273312-1024x608.jpeg 1024w, https:\/\/folhapopular.info\/wp-content\/uploads\/2023\/12\/WhatsApp-Image-2023-12-10-at-11.40.43-e1702285273312-300x178.jpeg 300w, https:\/\/folhapopular.info\/wp-content\/uploads\/2023\/12\/WhatsApp-Image-2023-12-10-at-11.40.43-e1702285273312-768x456.jpeg 768w, https:\/\/folhapopular.info\/wp-content\/uploads\/2023\/12\/WhatsApp-Image-2023-12-10-at-11.40.43-e1702285273312-696x413.jpeg 696w, https:\/\/folhapopular.info\/wp-content\/uploads\/2023\/12\/WhatsApp-Image-2023-12-10-at-11.40.43-e1702285273312-1068x634.jpeg 1068w, https:\/\/folhapopular.info\/wp-content\/uploads\/2023\/12\/WhatsApp-Image-2023-12-10-at-11.40.43-e1702285273312.jpeg 1200w\" sizes=\"(max-width: 1024px) 100vw, 1024px\" \/><figcaption class=\"wp-block-jetpack-slideshow_caption gallery-caption\">Jogo de ida foi disputado em Santa Em\u00edlia &#8211; Ven\u00e2ncio Aires \/\/ Cr\u00e9dito: Eduardo Duarte<\/figcaption><\/figure><\/li><li class=\"wp-block-jetpack-slideshow_slide swiper-slide\"><figure><img loading=\"lazy\" decoding=\"async\" width=\"768\" height=\"1024\" alt=\"\" class=\"wp-block-jetpack-slideshow_image wp-image-144890\" data-id=\"144890\" src=\"https:\/\/folhapopular.info\/wp-content\/uploads\/2023\/12\/2023_12_10_ED_Ari-Miguel-atleta-do-Canarinho-768x1024.jpeg\"\/><figcaption class=\"wp-block-jetpack-slideshow_caption gallery-caption\">Ari Miguel, atleta do Canarinho \/\/ Cr\u00e9dito: Eduardo Duarte<\/figcaption><\/figure><\/li><li class=\"wp-block-jetpack-slideshow_slide swiper-slide\"><figure><img loading=\"lazy\" decoding=\"async\" width=\"768\" height=\"1024\" alt=\"\" class=\"wp-block-jetpack-slideshow_image wp-image-144889\" data-id=\"144889\" src=\"https:\/\/folhapopular.info\/wp-content\/uploads\/2023\/12\/2023_12_10_ED_Redondo-atleta-do-Sao-Luiz-768x1024.jpeg\"\/><figcaption class=\"wp-block-jetpack-slideshow_caption gallery-caption\">Redondo, atleta do S\u00e3o Luiz \/\/ Cr\u00e9dito: Eduardo Duarte<\/figcaption><\/figure><\/li><li class=\"wp-block-jetpack-slideshow_slide swiper-slide\"><figure><img loading=\"lazy\" decoding=\"async\" width=\"768\" height=\"1024\" alt=\"\" class=\"wp-block-jetpack-slideshow_image wp-image-144888\" data-id=\"144888\" src=\"https:\/\/folhapopular.info\/wp-content\/uploads\/2023\/12\/2023_12_10_ED_Tecnico-do-Sao-Luiz-Ari-Weber-768x1024.jpeg\"\/><figcaption class=\"wp-block-jetpack-slideshow_caption gallery-caption\">Ari Weber, t\u00e9cnico do S\u00e3o Luiz \/\/ Cr\u00e9dito: Eduardo Duarte<\/figcaption><\/figure><\/li><li class=\"wp-block-jetpack-slideshow_slide swiper-slide\"><figure><img loading=\"lazy\" decoding=\"async\" width=\"768\" height=\"1024\" alt=\"\" class=\"wp-block-jetpack-slideshow_image wp-image-144887\" data-id=\"144887\" src=\"https:\/\/folhapopular.info\/wp-content\/uploads\/2023\/12\/2023_12_10_ED_Tecnico-do-Canarinho-Rodrigo-Henicka-Ervilha-768x1024.jpeg\"\/><figcaption class=\"wp-block-jetpack-slideshow_caption gallery-caption\">Rodrigo Henicka &#8220;Ervilha&#8221;, t\u00e9cnico do Canarinho \/\/ Cr\u00e9dito: Eduardo Duarte<\/figcaption><\/figure><\/li><li class=\"wp-block-jetpack-slideshow_slide swiper-slide\"><figure><img loading=\"lazy\" decoding=\"async\" width=\"1024\" height=\"645\" alt=\"\" class=\"wp-block-jetpack-slideshow_image wp-image-144886\" data-id=\"144886\" src=\"https:\/\/folhapopular.info\/wp-content\/uploads\/2023\/12\/2023_12_10_ED_Jorge-de-Freitas-recebeu-camiseta-do-Sao-Luiz-em-sua-despedida-dos-gramados-e1702286194786-1024x645.jpeg\" srcset=\"https:\/\/folhapopular.info\/wp-content\/uploads\/2023\/12\/2023_12_10_ED_Jorge-de-Freitas-recebeu-camiseta-do-Sao-Luiz-em-sua-despedida-dos-gramados-e1702286194786-1024x645.jpeg 1024w, https:\/\/folhapopular.info\/wp-content\/uploads\/2023\/12\/2023_12_10_ED_Jorge-de-Freitas-recebeu-camiseta-do-Sao-Luiz-em-sua-despedida-dos-gramados-e1702286194786-300x189.jpeg 300w, https:\/\/folhapopular.info\/wp-content\/uploads\/2023\/12\/2023_12_10_ED_Jorge-de-Freitas-recebeu-camiseta-do-Sao-Luiz-em-sua-despedida-dos-gramados-e1702286194786-768x484.jpeg 768w, https:\/\/folhapopular.info\/wp-content\/uploads\/2023\/12\/2023_12_10_ED_Jorge-de-Freitas-recebeu-camiseta-do-Sao-Luiz-em-sua-despedida-dos-gramados-e1702286194786-696x438.jpeg 696w, https:\/\/folhapopular.info\/wp-content\/uploads\/2023\/12\/2023_12_10_ED_Jorge-de-Freitas-recebeu-camiseta-do-Sao-Luiz-em-sua-despedida-dos-gramados-e1702286194786-1068x673.jpeg 1068w, https:\/\/folhapopular.info\/wp-content\/uploads\/2023\/12\/2023_12_10_ED_Jorge-de-Freitas-recebeu-camiseta-do-Sao-Luiz-em-sua-despedida-dos-gramados-e1702286194786.jpeg 1200w\" sizes=\"(max-width: 1024px) 100vw, 1024px\" \/><figcaption class=\"wp-block-jetpack-slideshow_caption gallery-caption\">Jorge de Freitas recebeu camiseta do S\u00e3o Luiz em sua despedida dos gramados \/\/ Cr\u00e9dito: Eduardo Duarte<\/figcaption><\/figure><\/li><\/ul><a class=\"wp-block-jetpack-slideshow_button-prev swiper-button-prev swiper-button-white\" role=\"button\"><\/a><a class=\"wp-block-jetpack-slideshow_button-next swiper-button-next swiper-button-white\" role=\"button\"><\/a><a aria-label=\"Pause Slideshow\" class=\"wp-block-jetpack-slideshow_button-pause\" role=\"button\"><\/a><div class=\"wp-block-jetpack-slideshow_pagination swiper-pagination swiper-pagination-white\"><\/div><\/div><\/div>\n","protected":false},"excerpt":{"rendered":"<p>A primeira partida da final do Regional de Veteranos foi disputada na manh\u00e3 deste domingo (10\/12), em Santa Em\u00edlia &#8211; Ven\u00e2ncio Aires. O S\u00e3o Luiz fez valer o fator local e venceu o Canarinho de Cruzeiro do Sul por 3 a 1. O resultado d\u00e1 o Alvi Negro de Ven\u00e2ncio Aires a possibilidade de jogar [&hellip;]<\/p>\n","protected":false},"author":7,"featured_media":144895,"comment_status":"open","ping_status":"open","sticky":false,"template":"","format":"standard","meta":{"pmpro_default_level":"","_jetpack_memberships_contains_paid_content":false,"footnotes":""},"categories":[5,240,288],"tags":[318,1989,156,708],"class_list":{"0":"post-144845","1":"post","2":"type-post","3":"status-publish","4":"format-standard","5":"has-post-thumbnail","7":"category-esportes","8":"category-futebol-amador","9":"category-regional-da-aslivata","10":"tag-copa-certel-sicredi","11":"tag-cruzeiro-do-sul","12":"tag-vale-do-taquari","13":"tag-venancio-aires","14":"pmpro-has-access"},"yoast_head":"<!-- This site is optimized with the Yoast SEO plugin v27.5 - https:\/\/yoast.com\/product\/yoast-seo-wordpress\/ -->\n<title>S\u00e3o Luiz arranca em vantagem na final do Regional de Veteranos - Folha Popular<\/title>\n<meta name=\"robots\" content=\"index, follow, max-snippet:-1, max-image-preview:large, max-video-preview:-1\" \/>\n<link rel=\"canonical\" href=\"https:\/\/folhapopular.info\/index.php\/2023\/12\/11\/sao-luiz-arranca-em-vantagem-na-final-do-regional-de-veteranos\/\" \/>\n<meta property=\"og:locale\" content=\"pt_BR\" \/>\n<meta property=\"og:type\" content=\"article\" \/>\n<meta property=\"og:title\" content=\"S\u00e3o Luiz arranca em vantagem na final do Regional de Veteranos - Folha Popular\" \/>\n<meta property=\"og:description\" content=\"A primeira partida da final do Regional de Veteranos foi disputada na manh\u00e3 deste domingo (10\/12), em Santa Em\u00edlia &#8211; Ven\u00e2ncio Aires. O S\u00e3o Luiz fez valer o fator local e venceu o Canarinho de Cruzeiro do Sul por 3 a 1. O resultado d\u00e1 o Alvi Negro de Ven\u00e2ncio Aires a possibilidade de jogar [&hellip;]\" \/>\n<meta property=\"og:url\" content=\"https:\/\/folhapopular.info\/index.php\/2023\/12\/11\/sao-luiz-arranca-em-vantagem-na-final-do-regional-de-veteranos\/\" \/>\n<meta property=\"og:site_name\" content=\"Folha Popular\" \/>\n<meta property=\"article:published_time\" content=\"2023-12-11T09:11:00+00:00\" \/>\n<meta property=\"article:modified_time\" content=\"2023-12-11T09:16:56+00:00\" \/>\n<meta property=\"og:image\" content=\"http:\/\/folhapopular.info\/wp-content\/uploads\/2023\/12\/WhatsApp-Image-2023-12-10-at-11.23.24-e1702284935972.jpeg\" \/>\n\t<meta property=\"og:image:width\" content=\"1024\" \/>\n\t<meta property=\"og:image:height\" content=\"728\" \/>\n\t<meta property=\"og:image:type\" content=\"image\/jpeg\" \/>\n<meta name=\"author\" content=\"Lucas Leandro Brune\" \/>\n<meta name=\"twitter:card\" content=\"summary_large_image\" \/>\n<meta name=\"twitter:label1\" content=\"Escrito por\" \/>\n\t<meta name=\"twitter:data1\" content=\"Lucas Leandro Brune\" \/>\n\t<meta name=\"twitter:label2\" content=\"Est. tempo de leitura\" \/>\n\t<meta name=\"twitter:data2\" content=\"5 minutos\" \/>\n<script type=\"application\/ld+json\" class=\"yoast-schema-graph\">{\"@context\":\"https:\\\/\\\/schema.org\",\"@graph\":[{\"@type\":\"Article\",\"@id\":\"https:\\\/\\\/folhapopular.info\\\/index.php\\\/2023\\\/12\\\/11\\\/sao-luiz-arranca-em-vantagem-na-final-do-regional-de-veteranos\\\/#article\",\"isPartOf\":{\"@id\":\"https:\\\/\\\/folhapopular.info\\\/index.php\\\/2023\\\/12\\\/11\\\/sao-luiz-arranca-em-vantagem-na-final-do-regional-de-veteranos\\\/\"},\"author\":{\"name\":\"Lucas Leandro Brune\",\"@id\":\"https:\\\/\\\/folhapopular.info\\\/#\\\/schema\\\/person\\\/533a15f60cd49e81ab3a90b4ca33cb36\"},\"headline\":\"S\u00e3o Luiz arranca em vantagem na final do Regional de Veteranos\",\"datePublished\":\"2023-12-11T09:11:00+00:00\",\"dateModified\":\"2023-12-11T09:16:56+00:00\",\"mainEntityOfPage\":{\"@id\":\"https:\\\/\\\/folhapopular.info\\\/index.php\\\/2023\\\/12\\\/11\\\/sao-luiz-arranca-em-vantagem-na-final-do-regional-de-veteranos\\\/\"},\"wordCount\":618,\"commentCount\":0,\"image\":{\"@id\":\"https:\\\/\\\/folhapopular.info\\\/index.php\\\/2023\\\/12\\\/11\\\/sao-luiz-arranca-em-vantagem-na-final-do-regional-de-veteranos\\\/#primaryimage\"},\"thumbnailUrl\":\"https:\\\/\\\/folhapopular.info\\\/wp-content\\\/uploads\\\/2023\\\/12\\\/WhatsApp-Image-2023-12-10-at-11.23.24-e1702284935972.jpeg\",\"keywords\":[\"Copa Certel Sicredi\",\"Cruzeiro do Sul\",\"Vale do Taquari\",\"Ven\u00e2ncio Aires\"],\"articleSection\":[\"Esportes\",\"Futebol Amador\",\"Regional da Aslivata\"],\"inLanguage\":\"pt-BR\",\"potentialAction\":[{\"@type\":\"CommentAction\",\"name\":\"Comment\",\"target\":[\"https:\\\/\\\/folhapopular.info\\\/index.php\\\/2023\\\/12\\\/11\\\/sao-luiz-arranca-em-vantagem-na-final-do-regional-de-veteranos\\\/#respond\"]}]},{\"@type\":\"WebPage\",\"@id\":\"https:\\\/\\\/folhapopular.info\\\/index.php\\\/2023\\\/12\\\/11\\\/sao-luiz-arranca-em-vantagem-na-final-do-regional-de-veteranos\\\/\",\"url\":\"https:\\\/\\\/folhapopular.info\\\/index.php\\\/2023\\\/12\\\/11\\\/sao-luiz-arranca-em-vantagem-na-final-do-regional-de-veteranos\\\/\",\"name\":\"S\u00e3o Luiz arranca em vantagem na final do Regional de Veteranos - Folha Popular\",\"isPartOf\":{\"@id\":\"https:\\\/\\\/folhapopular.info\\\/#website\"},\"primaryImageOfPage\":{\"@id\":\"https:\\\/\\\/folhapopular.info\\\/index.php\\\/2023\\\/12\\\/11\\\/sao-luiz-arranca-em-vantagem-na-final-do-regional-de-veteranos\\\/#primaryimage\"},\"image\":{\"@id\":\"https:\\\/\\\/folhapopular.info\\\/index.php\\\/2023\\\/12\\\/11\\\/sao-luiz-arranca-em-vantagem-na-final-do-regional-de-veteranos\\\/#primaryimage\"},\"thumbnailUrl\":\"https:\\\/\\\/folhapopular.info\\\/wp-content\\\/uploads\\\/2023\\\/12\\\/WhatsApp-Image-2023-12-10-at-11.23.24-e1702284935972.jpeg\",\"datePublished\":\"2023-12-11T09:11:00+00:00\",\"dateModified\":\"2023-12-11T09:16:56+00:00\",\"author\":{\"@id\":\"https:\\\/\\\/folhapopular.info\\\/#\\\/schema\\\/person\\\/533a15f60cd49e81ab3a90b4ca33cb36\"},\"breadcrumb\":{\"@id\":\"https:\\\/\\\/folhapopular.info\\\/index.php\\\/2023\\\/12\\\/11\\\/sao-luiz-arranca-em-vantagem-na-final-do-regional-de-veteranos\\\/#breadcrumb\"},\"inLanguage\":\"pt-BR\",\"potentialAction\":[{\"@type\":\"ReadAction\",\"target\":[\"https:\\\/\\\/folhapopular.info\\\/index.php\\\/2023\\\/12\\\/11\\\/sao-luiz-arranca-em-vantagem-na-final-do-regional-de-veteranos\\\/\"]}]},{\"@type\":\"ImageObject\",\"inLanguage\":\"pt-BR\",\"@id\":\"https:\\\/\\\/folhapopular.info\\\/index.php\\\/2023\\\/12\\\/11\\\/sao-luiz-arranca-em-vantagem-na-final-do-regional-de-veteranos\\\/#primaryimage\",\"url\":\"https:\\\/\\\/folhapopular.info\\\/wp-content\\\/uploads\\\/2023\\\/12\\\/WhatsApp-Image-2023-12-10-at-11.23.24-e1702284935972.jpeg\",\"contentUrl\":\"https:\\\/\\\/folhapopular.info\\\/wp-content\\\/uploads\\\/2023\\\/12\\\/WhatsApp-Image-2023-12-10-at-11.23.24-e1702284935972.jpeg\",\"width\":1024,\"height\":728,\"caption\":\"S\u00e3o Luiz (branco) venceu a partida de ida da final por 3 a 1, jogando em casa \\\/\\\/ Cr\u00e9dito: Eduardo Duarte\"},{\"@type\":\"BreadcrumbList\",\"@id\":\"https:\\\/\\\/folhapopular.info\\\/index.php\\\/2023\\\/12\\\/11\\\/sao-luiz-arranca-em-vantagem-na-final-do-regional-de-veteranos\\\/#breadcrumb\",\"itemListElement\":[{\"@type\":\"ListItem\",\"position\":1,\"name\":\"In\u00edcio\",\"item\":\"https:\\\/\\\/folhapopular.info\\\/\"},{\"@type\":\"ListItem\",\"position\":2,\"name\":\"S\u00e3o Luiz arranca em vantagem na final do Regional de Veteranos\"}]},{\"@type\":\"WebSite\",\"@id\":\"https:\\\/\\\/folhapopular.info\\\/#website\",\"url\":\"https:\\\/\\\/folhapopular.info\\\/\",\"name\":\"Folha Popular\",\"description\":\"Onde voc\u00ea tem vez e voz\",\"potentialAction\":[{\"@type\":\"SearchAction\",\"target\":{\"@type\":\"EntryPoint\",\"urlTemplate\":\"https:\\\/\\\/folhapopular.info\\\/?s={search_term_string}\"},\"query-input\":{\"@type\":\"PropertyValueSpecification\",\"valueRequired\":true,\"valueName\":\"search_term_string\"}}],\"inLanguage\":\"pt-BR\"},{\"@type\":\"Person\",\"@id\":\"https:\\\/\\\/folhapopular.info\\\/#\\\/schema\\\/person\\\/533a15f60cd49e81ab3a90b4ca33cb36\",\"name\":\"Lucas Leandro Brune\",\"image\":{\"@type\":\"ImageObject\",\"inLanguage\":\"pt-BR\",\"@id\":\"https:\\\/\\\/folhapopular.info\\\/wp-content\\\/uploads\\\/2026\\\/04\\\/LUCAS-1-1.webp\",\"url\":\"https:\\\/\\\/folhapopular.info\\\/wp-content\\\/uploads\\\/2026\\\/04\\\/LUCAS-1-1.webp\",\"contentUrl\":\"https:\\\/\\\/folhapopular.info\\\/wp-content\\\/uploads\\\/2026\\\/04\\\/LUCAS-1-1.webp\",\"caption\":\"Lucas Leandro Brune\"},\"description\":\"Jornalista Profissional Diplomado MTB\\\/RS 14.333\",\"url\":\"https:\\\/\\\/folhapopular.info\\\/index.php\\\/author\\\/lucas-brune\\\/\"}]}<\/script>\n<!-- \/ Yoast SEO plugin. -->","yoast_head_json":{"title":"S\u00e3o Luiz arranca em vantagem na final do Regional de Veteranos - Folha Popular","robots":{"index":"index","follow":"follow","max-snippet":"max-snippet:-1","max-image-preview":"max-image-preview:large","max-video-preview":"max-video-preview:-1"},"canonical":"https:\/\/folhapopular.info\/index.php\/2023\/12\/11\/sao-luiz-arranca-em-vantagem-na-final-do-regional-de-veteranos\/","og_locale":"pt_BR","og_type":"article","og_title":"S\u00e3o Luiz arranca em vantagem na final do Regional de Veteranos - Folha Popular","og_description":"A primeira partida da final do Regional de Veteranos foi disputada na manh\u00e3 deste domingo (10\/12), em Santa Em\u00edlia &#8211; Ven\u00e2ncio Aires. O S\u00e3o Luiz fez valer o fator local e venceu o Canarinho de Cruzeiro do Sul por 3 a 1. O resultado d\u00e1 o Alvi Negro de Ven\u00e2ncio Aires a possibilidade de jogar [&hellip;]","og_url":"https:\/\/folhapopular.info\/index.php\/2023\/12\/11\/sao-luiz-arranca-em-vantagem-na-final-do-regional-de-veteranos\/","og_site_name":"Folha Popular","article_published_time":"2023-12-11T09:11:00+00:00","article_modified_time":"2023-12-11T09:16:56+00:00","og_image":[{"width":1024,"height":728,"url":"http:\/\/folhapopular.info\/wp-content\/uploads\/2023\/12\/WhatsApp-Image-2023-12-10-at-11.23.24-e1702284935972.jpeg","type":"image\/jpeg"}],"author":"Lucas Leandro Brune","twitter_card":"summary_large_image","twitter_misc":{"Escrito por":"Lucas Leandro Brune","Est. tempo de leitura":"5 minutos"},"schema":{"@context":"https:\/\/schema.org","@graph":[{"@type":"Article","@id":"https:\/\/folhapopular.info\/index.php\/2023\/12\/11\/sao-luiz-arranca-em-vantagem-na-final-do-regional-de-veteranos\/#article","isPartOf":{"@id":"https:\/\/folhapopular.info\/index.php\/2023\/12\/11\/sao-luiz-arranca-em-vantagem-na-final-do-regional-de-veteranos\/"},"author":{"name":"Lucas Leandro Brune","@id":"https:\/\/folhapopular.info\/#\/schema\/person\/533a15f60cd49e81ab3a90b4ca33cb36"},"headline":"S\u00e3o Luiz arranca em vantagem na final do Regional de Veteranos","datePublished":"2023-12-11T09:11:00+00:00","dateModified":"2023-12-11T09:16:56+00:00","mainEntityOfPage":{"@id":"https:\/\/folhapopular.info\/index.php\/2023\/12\/11\/sao-luiz-arranca-em-vantagem-na-final-do-regional-de-veteranos\/"},"wordCount":618,"commentCount":0,"image":{"@id":"https:\/\/folhapopular.info\/index.php\/2023\/12\/11\/sao-luiz-arranca-em-vantagem-na-final-do-regional-de-veteranos\/#primaryimage"},"thumbnailUrl":"https:\/\/folhapopular.info\/wp-content\/uploads\/2023\/12\/WhatsApp-Image-2023-12-10-at-11.23.24-e1702284935972.jpeg","keywords":["Copa Certel Sicredi","Cruzeiro do Sul","Vale do Taquari","Ven\u00e2ncio Aires"],"articleSection":["Esportes","Futebol Amador","Regional da Aslivata"],"inLanguage":"pt-BR","potentialAction":[{"@type":"CommentAction","name":"Comment","target":["https:\/\/folhapopular.info\/index.php\/2023\/12\/11\/sao-luiz-arranca-em-vantagem-na-final-do-regional-de-veteranos\/#respond"]}]},{"@type":"WebPage","@id":"https:\/\/folhapopular.info\/index.php\/2023\/12\/11\/sao-luiz-arranca-em-vantagem-na-final-do-regional-de-veteranos\/","url":"https:\/\/folhapopular.info\/index.php\/2023\/12\/11\/sao-luiz-arranca-em-vantagem-na-final-do-regional-de-veteranos\/","name":"S\u00e3o Luiz arranca em vantagem na final do Regional de Veteranos - Folha Popular","isPartOf":{"@id":"https:\/\/folhapopular.info\/#website"},"primaryImageOfPage":{"@id":"https:\/\/folhapopular.info\/index.php\/2023\/12\/11\/sao-luiz-arranca-em-vantagem-na-final-do-regional-de-veteranos\/#primaryimage"},"image":{"@id":"https:\/\/folhapopular.info\/index.php\/2023\/12\/11\/sao-luiz-arranca-em-vantagem-na-final-do-regional-de-veteranos\/#primaryimage"},"thumbnailUrl":"https:\/\/folhapopular.info\/wp-content\/uploads\/2023\/12\/WhatsApp-Image-2023-12-10-at-11.23.24-e1702284935972.jpeg","datePublished":"2023-12-11T09:11:00+00:00","dateModified":"2023-12-11T09:16:56+00:00","author":{"@id":"https:\/\/folhapopular.info\/#\/schema\/person\/533a15f60cd49e81ab3a90b4ca33cb36"},"breadcrumb":{"@id":"https:\/\/folhapopular.info\/index.php\/2023\/12\/11\/sao-luiz-arranca-em-vantagem-na-final-do-regional-de-veteranos\/#breadcrumb"},"inLanguage":"pt-BR","potentialAction":[{"@type":"ReadAction","target":["https:\/\/folhapopular.info\/index.php\/2023\/12\/11\/sao-luiz-arranca-em-vantagem-na-final-do-regional-de-veteranos\/"]}]},{"@type":"ImageObject","inLanguage":"pt-BR","@id":"https:\/\/folhapopular.info\/index.php\/2023\/12\/11\/sao-luiz-arranca-em-vantagem-na-final-do-regional-de-veteranos\/#primaryimage","url":"https:\/\/folhapopular.info\/wp-content\/uploads\/2023\/12\/WhatsApp-Image-2023-12-10-at-11.23.24-e1702284935972.jpeg","contentUrl":"https:\/\/folhapopular.info\/wp-content\/uploads\/2023\/12\/WhatsApp-Image-2023-12-10-at-11.23.24-e1702284935972.jpeg","width":1024,"height":728,"caption":"S\u00e3o Luiz (branco) venceu a partida de ida da final por 3 a 1, jogando em casa \/\/ Cr\u00e9dito: Eduardo Duarte"},{"@type":"BreadcrumbList","@id":"https:\/\/folhapopular.info\/index.php\/2023\/12\/11\/sao-luiz-arranca-em-vantagem-na-final-do-regional-de-veteranos\/#breadcrumb","itemListElement":[{"@type":"ListItem","position":1,"name":"In\u00edcio","item":"https:\/\/folhapopular.info\/"},{"@type":"ListItem","position":2,"name":"S\u00e3o Luiz arranca em vantagem na final do Regional de Veteranos"}]},{"@type":"WebSite","@id":"https:\/\/folhapopular.info\/#website","url":"https:\/\/folhapopular.info\/","name":"Folha Popular","description":"Onde voc\u00ea tem vez e voz","potentialAction":[{"@type":"SearchAction","target":{"@type":"EntryPoint","urlTemplate":"https:\/\/folhapopular.info\/?s={search_term_string}"},"query-input":{"@type":"PropertyValueSpecification","valueRequired":true,"valueName":"search_term_string"}}],"inLanguage":"pt-BR"},{"@type":"Person","@id":"https:\/\/folhapopular.info\/#\/schema\/person\/533a15f60cd49e81ab3a90b4ca33cb36","name":"Lucas Leandro Brune","image":{"@type":"ImageObject","inLanguage":"pt-BR","@id":"https:\/\/folhapopular.info\/wp-content\/uploads\/2026\/04\/LUCAS-1-1.webp","url":"https:\/\/folhapopular.info\/wp-content\/uploads\/2026\/04\/LUCAS-1-1.webp","contentUrl":"https:\/\/folhapopular.info\/wp-content\/uploads\/2026\/04\/LUCAS-1-1.webp","caption":"Lucas Leandro Brune"},"description":"Jornalista Profissional Diplomado MTB\/RS 14.333","url":"https:\/\/folhapopular.info\/index.php\/author\/lucas-brune\/"}]}},"jetpack_featured_media_url":"https:\/\/folhapopular.info\/wp-content\/uploads\/2023\/12\/WhatsApp-Image-2023-12-10-at-11.23.24-e1702284935972.jpeg","jetpack_sharing_enabled":true,"amp_enabled":true,"_links":{"self":[{"href":"https:\/\/folhapopular.info\/index.php\/wp-json\/wp\/v2\/posts\/144845","targetHints":{"allow":["GET"]}}],"collection":[{"href":"https:\/\/folhapopular.info\/index.php\/wp-json\/wp\/v2\/posts"}],"about":[{"href":"https:\/\/folhapopular.info\/index.php\/wp-json\/wp\/v2\/types\/post"}],"author":[{"embeddable":true,"href":"https:\/\/folhapopular.info\/index.php\/wp-json\/wp\/v2\/users\/7"}],"replies":[{"embeddable":true,"href":"https:\/\/folhapopular.info\/index.php\/wp-json\/wp\/v2\/comments?post=144845"}],"version-history":[{"count":0,"href":"https:\/\/folhapopular.info\/index.php\/wp-json\/wp\/v2\/posts\/144845\/revisions"}],"wp:featuredmedia":[{"embeddable":true,"href":"https:\/\/folhapopular.info\/index.php\/wp-json\/wp\/v2\/media\/144895"}],"wp:attachment":[{"href":"https:\/\/folhapopular.info\/index.php\/wp-json\/wp\/v2\/media?parent=144845"}],"wp:term":[{"taxonomy":"category","embeddable":true,"href":"https:\/\/folhapopular.info\/index.php\/wp-json\/wp\/v2\/categories?post=144845"},{"taxonomy":"post_tag","embeddable":true,"href":"https:\/\/folhapopular.info\/index.php\/wp-json\/wp\/v2\/tags?post=144845"}],"curies":[{"name":"wp","href":"https:\/\/api.w.org\/{rel}","templated":true}]}}