{"id":144873,"date":"2023-12-10T18:23:35","date_gmt":"2023-12-10T21:23:35","guid":{"rendered":"https:\/\/folhapopular.info\/?p=144873"},"modified":"2023-12-11T08:49:11","modified_gmt":"2023-12-11T11:49:11","slug":"estudiantes-vence-primeira-final-da-serie-a-do-regional-certel-sicredi-aslivata","status":"publish","type":"post","link":"https:\/\/folhapopular.info\/index.php\/2023\/12\/10\/estudiantes-vence-primeira-final-da-serie-a-do-regional-certel-sicredi-aslivata\/","title":{"rendered":"Estudiantes vence primeira final da S\u00e9rie A do Regional Certel Sicredi Aslivata"},"content":{"rendered":"\n<p>A Arena Alvi Azul de Lajeado recebeu um grande p\u00fablico na tarde deste domingo (10\/12) para o primeiro jogo da final da categoria Titulares da S\u00e9rie A do Regional da Aslivata &#8211; Copa Certel Sicredi 2023. Os primeiros 90 minutos terminaram com vit\u00f3ria do Estudiantes pelo placar de 1 a 0.<\/p>\n\n\n\n<p>O jogo de volta ser\u00e1 no pr\u00f3ximo domingo (17\/12), novamente na Arena Alvi Azul, desta vez com o Serrano de Encantado como mandante. A equipe encantadense precisar\u00e1 vencer a partida para for\u00e7ar p\u00eanaltis. O clube lajeadense jogar\u00e1 pelo empate para ser campe\u00e3o in\u00e9dito do Regional.<\/p>\n\n\n\n<p>Aos 14min da etapa inicial, o Estudiantes teve lance com Dimi, que cabeceou, mas Zinho afastou para escanteio. No minuto seguinte, Teco chutou fraco e Assis pegou.<\/p>\n\n\n\n<p>O Serrano imp\u00f4s marca\u00e7\u00e3o forte e criou suas primeiras oportunidades. Aos 22min, Luan tentou finalizar de fora da \u00e1rea e o goleiro Mael saltou para evitar o gol no \u00e2ngulo superior esquerdo. Buda teve a chance aos 33min, quando cabeceou no meio do gol, facilitando a defesa do goleiro Mael. <\/p>\n\n\n\n<p>O Estudiantes abriu o marcador numa r\u00e1pida troca de passes. Dimi acionou Jo\u00e3o Moura na ponta direita, ele limpou o lance e deu lindo passe para Teteu, que s\u00f3 empurrou sob o goleiro Assis <strong>para abrir o placar para o Estudiante<\/strong>s, aos 42min da etapa inicial.<\/p>\n\n\n\n<p>O gol fez bem para o Estudiantes, pois aos 44min, nova jogada quase resultou no segundo gol, pois a bola de Dimi cruzou toda a \u00e1rea. Assis ainda salvou o Serrano aos 48min, em finaliza\u00e7\u00e3o de Jo\u00e3o Moura na marca do p\u00eanalti.<\/p>\n\n\n\n<p>No segundo tempo, logo com 3min, Peleguinho criou a primeira chance do Serrano ao bater sobre a meta de Mael. Jo\u00e3o Moura desperdi\u00e7ou o segundo gol do Estudiantes aos 4min. Ele ganhou na velocidade, cortou toda defesa e ficou com o gol vazio, mas a finaliza\u00e7\u00e3o bateu na trave e foi para fora.<\/p>\n\n\n\n<p>Aos 9min, Jo\u00e3o Moura escapou de novo, mas foi bloqueado pela defensiva no momento da finaliza\u00e7\u00e3o. Na cobran\u00e7a de escanteio, a bola ficou viva na \u00e1rea do Serrano e o Estudiantes desperdi\u00e7ou nova chance &#8211; o time de Lajeado reclamou p\u00eanalti com bola no bra\u00e7o do defensor. Aos 24min, Eto tentou finaliza\u00e7\u00e3o para o Serrano, mas Mael defendeu.<\/p>\n\n\n\n<p>A press\u00e3o do Serrano aumentou e o Estudiantes se segurou como p\u00f4de. Muitos atletas da equipe de Lajeado sentiram c\u00e3imbra e precisaram ser substitu\u00eddos. Em fun\u00e7\u00e3o das in\u00fameras paradas e trocas, o \u00e1rbitro Rafael Klein deu 9 minutos de acr\u00e9scimos na etapa final.<\/p>\n\n\n\n<p>Nos minutos finais, j\u00e1 substitu\u00eddo e p\u00f3s-banho, o meia Dimi do Estudiantes foi expulso pelo \u00e1rbitro. Retomado o jogo, aos 54min30, lance de ataque do Serrano e a bola bateu no travess\u00e3o.<\/p>\n\n\n\n<p>O atacante Jo\u00e3o Moura, do Estudiantes, foi escolhido o craque do jogo.<\/p>\n\n\n\n<div class=\"wp-block-jetpack-slideshow aligncenter\" data-effect=\"slide\"><div class=\"wp-block-jetpack-slideshow_container swiper-container\"><ul class=\"wp-block-jetpack-slideshow_swiper-wrapper swiper-wrapper\"><li class=\"wp-block-jetpack-slideshow_slide swiper-slide\"><figure><img loading=\"lazy\" decoding=\"async\" width=\"1024\" height=\"768\" alt=\"\" class=\"wp-block-jetpack-slideshow_image wp-image-144869\" data-id=\"144869\" src=\"https:\/\/folhapopular.info\/wp-content\/uploads\/2023\/12\/WhatsApp-Image-2023-12-10-at-16.17.25-1024x768.jpeg\" srcset=\"https:\/\/folhapopular.info\/wp-content\/uploads\/2023\/12\/WhatsApp-Image-2023-12-10-at-16.17.25-1024x768.jpeg 1024w, https:\/\/folhapopular.info\/wp-content\/uploads\/2023\/12\/WhatsApp-Image-2023-12-10-at-16.17.25-300x225.jpeg 300w, https:\/\/folhapopular.info\/wp-content\/uploads\/2023\/12\/WhatsApp-Image-2023-12-10-at-16.17.25-768x576.jpeg 768w, https:\/\/folhapopular.info\/wp-content\/uploads\/2023\/12\/WhatsApp-Image-2023-12-10-at-16.17.25-1536x1152.jpeg 1536w, https:\/\/folhapopular.info\/wp-content\/uploads\/2023\/12\/WhatsApp-Image-2023-12-10-at-16.17.25-2048x1536.jpeg 2048w, https:\/\/folhapopular.info\/wp-content\/uploads\/2023\/12\/WhatsApp-Image-2023-12-10-at-16.17.25-696x522.jpeg 696w, https:\/\/folhapopular.info\/wp-content\/uploads\/2023\/12\/WhatsApp-Image-2023-12-10-at-16.17.25-1068x801.jpeg 1068w, https:\/\/folhapopular.info\/wp-content\/uploads\/2023\/12\/WhatsApp-Image-2023-12-10-at-16.17.25-1920x1440.jpeg 1920w\" sizes=\"(max-width: 1024px) 100vw, 1024px\" \/><figcaption class=\"wp-block-jetpack-slideshow_caption gallery-caption\">Serrano e Estudiantes preparados para a decis\u00e3o \/\/ Cr\u00e9dito: Eduardo Duarte<\/figcaption><\/figure><\/li><li class=\"wp-block-jetpack-slideshow_slide swiper-slide\"><figure><img loading=\"lazy\" decoding=\"async\" width=\"1024\" height=\"768\" alt=\"\" class=\"wp-block-jetpack-slideshow_image wp-image-144865\" data-id=\"144865\" src=\"https:\/\/folhapopular.info\/wp-content\/uploads\/2023\/12\/WhatsApp-Image-2023-12-10-at-16.11.10-1024x768.jpeg\" srcset=\"https:\/\/folhapopular.info\/wp-content\/uploads\/2023\/12\/WhatsApp-Image-2023-12-10-at-16.11.10-1024x768.jpeg 1024w, https:\/\/folhapopular.info\/wp-content\/uploads\/2023\/12\/WhatsApp-Image-2023-12-10-at-16.11.10-300x225.jpeg 300w, https:\/\/folhapopular.info\/wp-content\/uploads\/2023\/12\/WhatsApp-Image-2023-12-10-at-16.11.10-768x576.jpeg 768w, https:\/\/folhapopular.info\/wp-content\/uploads\/2023\/12\/WhatsApp-Image-2023-12-10-at-16.11.10-1536x1152.jpeg 1536w, https:\/\/folhapopular.info\/wp-content\/uploads\/2023\/12\/WhatsApp-Image-2023-12-10-at-16.11.10-696x522.jpeg 696w, https:\/\/folhapopular.info\/wp-content\/uploads\/2023\/12\/WhatsApp-Image-2023-12-10-at-16.11.10-1068x801.jpeg 1068w, https:\/\/folhapopular.info\/wp-content\/uploads\/2023\/12\/WhatsApp-Image-2023-12-10-at-16.11.10.jpeg 1600w\" sizes=\"(max-width: 1024px) 100vw, 1024px\" \/><figcaption class=\"wp-block-jetpack-slideshow_caption gallery-caption\">Estudiantes de Lajeado \/\/ Cr\u00e9dito: Eduardo Duarte<\/figcaption><\/figure><\/li><li class=\"wp-block-jetpack-slideshow_slide swiper-slide\"><figure><img loading=\"lazy\" decoding=\"async\" width=\"1024\" height=\"768\" alt=\"\" class=\"wp-block-jetpack-slideshow_image wp-image-144867\" data-id=\"144867\" src=\"https:\/\/folhapopular.info\/wp-content\/uploads\/2023\/12\/WhatsApp-Image-2023-12-10-at-16.05.59-1024x768.jpeg\" srcset=\"https:\/\/folhapopular.info\/wp-content\/uploads\/2023\/12\/WhatsApp-Image-2023-12-10-at-16.05.59-1024x768.jpeg 1024w, https:\/\/folhapopular.info\/wp-content\/uploads\/2023\/12\/WhatsApp-Image-2023-12-10-at-16.05.59-300x225.jpeg 300w, https:\/\/folhapopular.info\/wp-content\/uploads\/2023\/12\/WhatsApp-Image-2023-12-10-at-16.05.59-768x576.jpeg 768w, https:\/\/folhapopular.info\/wp-content\/uploads\/2023\/12\/WhatsApp-Image-2023-12-10-at-16.05.59-1536x1152.jpeg 1536w, https:\/\/folhapopular.info\/wp-content\/uploads\/2023\/12\/WhatsApp-Image-2023-12-10-at-16.05.59-696x522.jpeg 696w, https:\/\/folhapopular.info\/wp-content\/uploads\/2023\/12\/WhatsApp-Image-2023-12-10-at-16.05.59-1068x801.jpeg 1068w, https:\/\/folhapopular.info\/wp-content\/uploads\/2023\/12\/WhatsApp-Image-2023-12-10-at-16.05.59.jpeg 1600w\" sizes=\"(max-width: 1024px) 100vw, 1024px\" \/><figcaption class=\"wp-block-jetpack-slideshow_caption gallery-caption\">Serrano de Encantado \/\/ Cr\u00e9dito: Eduardo Duarte<\/figcaption><\/figure><\/li><li class=\"wp-block-jetpack-slideshow_slide swiper-slide\"><figure><img loading=\"lazy\" decoding=\"async\" width=\"1024\" height=\"768\" alt=\"\" class=\"wp-block-jetpack-slideshow_image wp-image-144866\" data-id=\"144866\" src=\"https:\/\/folhapopular.info\/wp-content\/uploads\/2023\/12\/WhatsApp-Image-2023-12-10-at-16.09.37-1024x768.jpeg\" srcset=\"https:\/\/folhapopular.info\/wp-content\/uploads\/2023\/12\/WhatsApp-Image-2023-12-10-at-16.09.37-1024x768.jpeg 1024w, https:\/\/folhapopular.info\/wp-content\/uploads\/2023\/12\/WhatsApp-Image-2023-12-10-at-16.09.37-300x225.jpeg 300w, https:\/\/folhapopular.info\/wp-content\/uploads\/2023\/12\/WhatsApp-Image-2023-12-10-at-16.09.37-768x576.jpeg 768w, https:\/\/folhapopular.info\/wp-content\/uploads\/2023\/12\/WhatsApp-Image-2023-12-10-at-16.09.37-1536x1152.jpeg 1536w, https:\/\/folhapopular.info\/wp-content\/uploads\/2023\/12\/WhatsApp-Image-2023-12-10-at-16.09.37-696x522.jpeg 696w, https:\/\/folhapopular.info\/wp-content\/uploads\/2023\/12\/WhatsApp-Image-2023-12-10-at-16.09.37-1068x801.jpeg 1068w, https:\/\/folhapopular.info\/wp-content\/uploads\/2023\/12\/WhatsApp-Image-2023-12-10-at-16.09.37.jpeg 1600w\" sizes=\"(max-width: 1024px) 100vw, 1024px\" \/><figcaption class=\"wp-block-jetpack-slideshow_caption gallery-caption\">\u00c1rbitro Rafael Klein foi trazido para apitar a primeira final \/\/ Cr\u00e9dito: Eduardo Duarte<\/figcaption><\/figure><\/li><li class=\"wp-block-jetpack-slideshow_slide swiper-slide\"><figure><img loading=\"lazy\" decoding=\"async\" width=\"1024\" height=\"768\" alt=\"\" class=\"wp-block-jetpack-slideshow_image wp-image-144870\" data-id=\"144870\" src=\"https:\/\/folhapopular.info\/wp-content\/uploads\/2023\/12\/WhatsApp-Image-2023-12-10-at-16.17.30-1024x768.jpeg\" srcset=\"https:\/\/folhapopular.info\/wp-content\/uploads\/2023\/12\/WhatsApp-Image-2023-12-10-at-16.17.30-1024x768.jpeg 1024w, https:\/\/folhapopular.info\/wp-content\/uploads\/2023\/12\/WhatsApp-Image-2023-12-10-at-16.17.30-300x225.jpeg 300w, https:\/\/folhapopular.info\/wp-content\/uploads\/2023\/12\/WhatsApp-Image-2023-12-10-at-16.17.30-768x576.jpeg 768w, https:\/\/folhapopular.info\/wp-content\/uploads\/2023\/12\/WhatsApp-Image-2023-12-10-at-16.17.30-1536x1152.jpeg 1536w, https:\/\/folhapopular.info\/wp-content\/uploads\/2023\/12\/WhatsApp-Image-2023-12-10-at-16.17.30-2048x1536.jpeg 2048w, https:\/\/folhapopular.info\/wp-content\/uploads\/2023\/12\/WhatsApp-Image-2023-12-10-at-16.17.30-696x522.jpeg 696w, https:\/\/folhapopular.info\/wp-content\/uploads\/2023\/12\/WhatsApp-Image-2023-12-10-at-16.17.30-1068x801.jpeg 1068w, https:\/\/folhapopular.info\/wp-content\/uploads\/2023\/12\/WhatsApp-Image-2023-12-10-at-16.17.30-1920x1440.jpeg 1920w\" sizes=\"(max-width: 1024px) 100vw, 1024px\" \/><figcaption class=\"wp-block-jetpack-slideshow_caption gallery-caption\">Arena Alvi Azul ficou colorida para a decis\u00e3o da Copa Certel Sicredi &#8211; S\u00e9rie A \/\/ Cr\u00e9dito: Eduardo Duarte<\/figcaption><\/figure><\/li><li class=\"wp-block-jetpack-slideshow_slide swiper-slide\"><figure><img loading=\"lazy\" decoding=\"async\" width=\"1024\" height=\"768\" alt=\"\" class=\"wp-block-jetpack-slideshow_image wp-image-144884\" data-id=\"144884\" src=\"https:\/\/folhapopular.info\/wp-content\/uploads\/2023\/12\/WhatsApp-Image-2023-12-10-at-18.28.54-1024x768.jpeg\" srcset=\"https:\/\/folhapopular.info\/wp-content\/uploads\/2023\/12\/WhatsApp-Image-2023-12-10-at-18.28.54-1024x768.jpeg 1024w, https:\/\/folhapopular.info\/wp-content\/uploads\/2023\/12\/WhatsApp-Image-2023-12-10-at-18.28.54-300x225.jpeg 300w, https:\/\/folhapopular.info\/wp-content\/uploads\/2023\/12\/WhatsApp-Image-2023-12-10-at-18.28.54-768x576.jpeg 768w, https:\/\/folhapopular.info\/wp-content\/uploads\/2023\/12\/WhatsApp-Image-2023-12-10-at-18.28.54-1536x1152.jpeg 1536w, https:\/\/folhapopular.info\/wp-content\/uploads\/2023\/12\/WhatsApp-Image-2023-12-10-at-18.28.54-2048x1536.jpeg 2048w, https:\/\/folhapopular.info\/wp-content\/uploads\/2023\/12\/WhatsApp-Image-2023-12-10-at-18.28.54-696x522.jpeg 696w, https:\/\/folhapopular.info\/wp-content\/uploads\/2023\/12\/WhatsApp-Image-2023-12-10-at-18.28.54-1068x801.jpeg 1068w, https:\/\/folhapopular.info\/wp-content\/uploads\/2023\/12\/WhatsApp-Image-2023-12-10-at-18.28.54-1920x1440.jpeg 1920w\" sizes=\"(max-width: 1024px) 100vw, 1024px\" \/><figcaption class=\"wp-block-jetpack-slideshow_caption gallery-caption\">Jo\u00e3o Moura (d) recebeu a premia\u00e7\u00e3o de melhor em campo da equipe do Grupo Popular \/\/ Cr\u00e9dito: Eduardo Duarte<\/figcaption><\/figure><\/li><\/ul><a class=\"wp-block-jetpack-slideshow_button-prev swiper-button-prev swiper-button-white\" role=\"button\"><\/a><a class=\"wp-block-jetpack-slideshow_button-next swiper-button-next swiper-button-white\" role=\"button\"><\/a><a aria-label=\"Pause Slideshow\" class=\"wp-block-jetpack-slideshow_button-pause\" role=\"button\"><\/a><div class=\"wp-block-jetpack-slideshow_pagination swiper-pagination swiper-pagination-white\"><\/div><\/div><\/div>\n","protected":false},"excerpt":{"rendered":"<p>A Arena Alvi Azul de Lajeado recebeu um grande p\u00fablico na tarde deste domingo (10\/12) para o primeiro jogo da final da categoria Titulares da S\u00e9rie A do Regional da Aslivata &#8211; Copa Certel Sicredi 2023. Os primeiros 90 minutos terminaram com vit\u00f3ria do Estudiantes pelo placar de 1 a 0. O jogo de volta [&hellip;]<\/p>\n","protected":false},"author":7,"featured_media":144881,"comment_status":"open","ping_status":"open","sticky":false,"template":"","format":"standard","meta":{"pmpro_default_level":"","_jetpack_memberships_contains_paid_content":false,"footnotes":""},"categories":[5,240,288],"tags":[318,466,27,156],"class_list":{"0":"post-144873","1":"post","2":"type-post","3":"status-publish","4":"format-standard","5":"has-post-thumbnail","7":"category-esportes","8":"category-futebol-amador","9":"category-regional-da-aslivata","10":"tag-copa-certel-sicredi","11":"tag-encantado","12":"tag-lajeado","13":"tag-vale-do-taquari","14":"pmpro-has-access"},"yoast_head":"<!-- This site is optimized with the Yoast SEO plugin v27.5 - https:\/\/yoast.com\/product\/yoast-seo-wordpress\/ -->\n<title>Estudiantes vence primeira final da S\u00e9rie A do Regional Certel Sicredi Aslivata - Folha Popular<\/title>\n<meta name=\"robots\" content=\"index, follow, max-snippet:-1, max-image-preview:large, max-video-preview:-1\" \/>\n<link rel=\"canonical\" href=\"https:\/\/folhapopular.info\/index.php\/2023\/12\/10\/estudiantes-vence-primeira-final-da-serie-a-do-regional-certel-sicredi-aslivata\/\" \/>\n<meta property=\"og:locale\" content=\"pt_BR\" \/>\n<meta property=\"og:type\" content=\"article\" \/>\n<meta property=\"og:title\" content=\"Estudiantes vence primeira final da S\u00e9rie A do Regional Certel Sicredi Aslivata - Folha Popular\" \/>\n<meta property=\"og:description\" content=\"A Arena Alvi Azul de Lajeado recebeu um grande p\u00fablico na tarde deste domingo (10\/12) para o primeiro jogo da final da categoria Titulares da S\u00e9rie A do Regional da Aslivata &#8211; Copa Certel Sicredi 2023. Os primeiros 90 minutos terminaram com vit\u00f3ria do Estudiantes pelo placar de 1 a 0. O jogo de volta [&hellip;]\" \/>\n<meta property=\"og:url\" content=\"https:\/\/folhapopular.info\/index.php\/2023\/12\/10\/estudiantes-vence-primeira-final-da-serie-a-do-regional-certel-sicredi-aslivata\/\" \/>\n<meta property=\"og:site_name\" content=\"Folha Popular\" \/>\n<meta property=\"article:published_time\" content=\"2023-12-10T21:23:35+00:00\" \/>\n<meta property=\"article:modified_time\" content=\"2023-12-11T11:49:11+00:00\" \/>\n<meta property=\"og:image\" content=\"http:\/\/folhapopular.info\/wp-content\/uploads\/2023\/12\/WhatsApp-Image-2023-12-10-at-17.34.59-e1702241027831.jpeg\" \/>\n\t<meta property=\"og:image:width\" content=\"948\" \/>\n\t<meta property=\"og:image:height\" content=\"588\" \/>\n\t<meta property=\"og:image:type\" content=\"image\/jpeg\" \/>\n<meta name=\"author\" content=\"Lucas Leandro Brune\" \/>\n<meta name=\"twitter:card\" content=\"summary_large_image\" \/>\n<meta name=\"twitter:label1\" content=\"Escrito por\" \/>\n\t<meta name=\"twitter:data1\" content=\"Lucas Leandro Brune\" \/>\n\t<meta name=\"twitter:label2\" content=\"Est. tempo de leitura\" \/>\n\t<meta name=\"twitter:data2\" content=\"5 minutos\" \/>\n<script type=\"application\/ld+json\" class=\"yoast-schema-graph\">{\"@context\":\"https:\\\/\\\/schema.org\",\"@graph\":[{\"@type\":\"Article\",\"@id\":\"https:\\\/\\\/folhapopular.info\\\/index.php\\\/2023\\\/12\\\/10\\\/estudiantes-vence-primeira-final-da-serie-a-do-regional-certel-sicredi-aslivata\\\/#article\",\"isPartOf\":{\"@id\":\"https:\\\/\\\/folhapopular.info\\\/index.php\\\/2023\\\/12\\\/10\\\/estudiantes-vence-primeira-final-da-serie-a-do-regional-certel-sicredi-aslivata\\\/\"},\"author\":{\"name\":\"Lucas Leandro Brune\",\"@id\":\"https:\\\/\\\/folhapopular.info\\\/#\\\/schema\\\/person\\\/533a15f60cd49e81ab3a90b4ca33cb36\"},\"headline\":\"Estudiantes vence primeira final da S\u00e9rie A do Regional Certel Sicredi Aslivata\",\"datePublished\":\"2023-12-10T21:23:35+00:00\",\"dateModified\":\"2023-12-11T11:49:11+00:00\",\"mainEntityOfPage\":{\"@id\":\"https:\\\/\\\/folhapopular.info\\\/index.php\\\/2023\\\/12\\\/10\\\/estudiantes-vence-primeira-final-da-serie-a-do-regional-certel-sicredi-aslivata\\\/\"},\"wordCount\":583,\"commentCount\":0,\"image\":{\"@id\":\"https:\\\/\\\/folhapopular.info\\\/index.php\\\/2023\\\/12\\\/10\\\/estudiantes-vence-primeira-final-da-serie-a-do-regional-certel-sicredi-aslivata\\\/#primaryimage\"},\"thumbnailUrl\":\"https:\\\/\\\/folhapopular.info\\\/wp-content\\\/uploads\\\/2023\\\/12\\\/WhatsApp-Image-2023-12-10-at-17.34.59-e1702241027831.jpeg\",\"keywords\":[\"Copa Certel Sicredi\",\"Encantado\",\"Lajeado\",\"Vale do Taquari\"],\"articleSection\":[\"Esportes\",\"Futebol Amador\",\"Regional da Aslivata\"],\"inLanguage\":\"pt-BR\",\"potentialAction\":[{\"@type\":\"CommentAction\",\"name\":\"Comment\",\"target\":[\"https:\\\/\\\/folhapopular.info\\\/index.php\\\/2023\\\/12\\\/10\\\/estudiantes-vence-primeira-final-da-serie-a-do-regional-certel-sicredi-aslivata\\\/#respond\"]}]},{\"@type\":\"WebPage\",\"@id\":\"https:\\\/\\\/folhapopular.info\\\/index.php\\\/2023\\\/12\\\/10\\\/estudiantes-vence-primeira-final-da-serie-a-do-regional-certel-sicredi-aslivata\\\/\",\"url\":\"https:\\\/\\\/folhapopular.info\\\/index.php\\\/2023\\\/12\\\/10\\\/estudiantes-vence-primeira-final-da-serie-a-do-regional-certel-sicredi-aslivata\\\/\",\"name\":\"Estudiantes vence primeira final da S\u00e9rie A do Regional Certel Sicredi Aslivata - Folha Popular\",\"isPartOf\":{\"@id\":\"https:\\\/\\\/folhapopular.info\\\/#website\"},\"primaryImageOfPage\":{\"@id\":\"https:\\\/\\\/folhapopular.info\\\/index.php\\\/2023\\\/12\\\/10\\\/estudiantes-vence-primeira-final-da-serie-a-do-regional-certel-sicredi-aslivata\\\/#primaryimage\"},\"image\":{\"@id\":\"https:\\\/\\\/folhapopular.info\\\/index.php\\\/2023\\\/12\\\/10\\\/estudiantes-vence-primeira-final-da-serie-a-do-regional-certel-sicredi-aslivata\\\/#primaryimage\"},\"thumbnailUrl\":\"https:\\\/\\\/folhapopular.info\\\/wp-content\\\/uploads\\\/2023\\\/12\\\/WhatsApp-Image-2023-12-10-at-17.34.59-e1702241027831.jpeg\",\"datePublished\":\"2023-12-10T21:23:35+00:00\",\"dateModified\":\"2023-12-11T11:49:11+00:00\",\"author\":{\"@id\":\"https:\\\/\\\/folhapopular.info\\\/#\\\/schema\\\/person\\\/533a15f60cd49e81ab3a90b4ca33cb36\"},\"breadcrumb\":{\"@id\":\"https:\\\/\\\/folhapopular.info\\\/index.php\\\/2023\\\/12\\\/10\\\/estudiantes-vence-primeira-final-da-serie-a-do-regional-certel-sicredi-aslivata\\\/#breadcrumb\"},\"inLanguage\":\"pt-BR\",\"potentialAction\":[{\"@type\":\"ReadAction\",\"target\":[\"https:\\\/\\\/folhapopular.info\\\/index.php\\\/2023\\\/12\\\/10\\\/estudiantes-vence-primeira-final-da-serie-a-do-regional-certel-sicredi-aslivata\\\/\"]}]},{\"@type\":\"ImageObject\",\"inLanguage\":\"pt-BR\",\"@id\":\"https:\\\/\\\/folhapopular.info\\\/index.php\\\/2023\\\/12\\\/10\\\/estudiantes-vence-primeira-final-da-serie-a-do-regional-certel-sicredi-aslivata\\\/#primaryimage\",\"url\":\"https:\\\/\\\/folhapopular.info\\\/wp-content\\\/uploads\\\/2023\\\/12\\\/WhatsApp-Image-2023-12-10-at-17.34.59-e1702241027831.jpeg\",\"contentUrl\":\"https:\\\/\\\/folhapopular.info\\\/wp-content\\\/uploads\\\/2023\\\/12\\\/WhatsApp-Image-2023-12-10-at-17.34.59-e1702241027831.jpeg\",\"width\":948,\"height\":588,\"caption\":\"Arena Alvi Azul recebeu grande primeiro jogo da decis\u00e3o do Regional da Aslivata \\\/\\\/ Cr\u00e9dito: Eduardo Duarte\"},{\"@type\":\"BreadcrumbList\",\"@id\":\"https:\\\/\\\/folhapopular.info\\\/index.php\\\/2023\\\/12\\\/10\\\/estudiantes-vence-primeira-final-da-serie-a-do-regional-certel-sicredi-aslivata\\\/#breadcrumb\",\"itemListElement\":[{\"@type\":\"ListItem\",\"position\":1,\"name\":\"In\u00edcio\",\"item\":\"https:\\\/\\\/folhapopular.info\\\/\"},{\"@type\":\"ListItem\",\"position\":2,\"name\":\"Estudiantes vence primeira final da S\u00e9rie A do Regional Certel Sicredi Aslivata\"}]},{\"@type\":\"WebSite\",\"@id\":\"https:\\\/\\\/folhapopular.info\\\/#website\",\"url\":\"https:\\\/\\\/folhapopular.info\\\/\",\"name\":\"Folha Popular\",\"description\":\"Onde voc\u00ea tem vez e voz\",\"potentialAction\":[{\"@type\":\"SearchAction\",\"target\":{\"@type\":\"EntryPoint\",\"urlTemplate\":\"https:\\\/\\\/folhapopular.info\\\/?s={search_term_string}\"},\"query-input\":{\"@type\":\"PropertyValueSpecification\",\"valueRequired\":true,\"valueName\":\"search_term_string\"}}],\"inLanguage\":\"pt-BR\"},{\"@type\":\"Person\",\"@id\":\"https:\\\/\\\/folhapopular.info\\\/#\\\/schema\\\/person\\\/533a15f60cd49e81ab3a90b4ca33cb36\",\"name\":\"Lucas Leandro Brune\",\"image\":{\"@type\":\"ImageObject\",\"inLanguage\":\"pt-BR\",\"@id\":\"https:\\\/\\\/folhapopular.info\\\/wp-content\\\/uploads\\\/2026\\\/04\\\/LUCAS-1-1.webp\",\"url\":\"https:\\\/\\\/folhapopular.info\\\/wp-content\\\/uploads\\\/2026\\\/04\\\/LUCAS-1-1.webp\",\"contentUrl\":\"https:\\\/\\\/folhapopular.info\\\/wp-content\\\/uploads\\\/2026\\\/04\\\/LUCAS-1-1.webp\",\"caption\":\"Lucas Leandro Brune\"},\"description\":\"Jornalista Profissional Diplomado MTB\\\/RS 14.333\",\"url\":\"https:\\\/\\\/folhapopular.info\\\/index.php\\\/author\\\/lucas-brune\\\/\"}]}<\/script>\n<!-- \/ Yoast SEO plugin. -->","yoast_head_json":{"title":"Estudiantes vence primeira final da S\u00e9rie A do Regional Certel Sicredi Aslivata - Folha Popular","robots":{"index":"index","follow":"follow","max-snippet":"max-snippet:-1","max-image-preview":"max-image-preview:large","max-video-preview":"max-video-preview:-1"},"canonical":"https:\/\/folhapopular.info\/index.php\/2023\/12\/10\/estudiantes-vence-primeira-final-da-serie-a-do-regional-certel-sicredi-aslivata\/","og_locale":"pt_BR","og_type":"article","og_title":"Estudiantes vence primeira final da S\u00e9rie A do Regional Certel Sicredi Aslivata - Folha Popular","og_description":"A Arena Alvi Azul de Lajeado recebeu um grande p\u00fablico na tarde deste domingo (10\/12) para o primeiro jogo da final da categoria Titulares da S\u00e9rie A do Regional da Aslivata &#8211; Copa Certel Sicredi 2023. Os primeiros 90 minutos terminaram com vit\u00f3ria do Estudiantes pelo placar de 1 a 0. O jogo de volta [&hellip;]","og_url":"https:\/\/folhapopular.info\/index.php\/2023\/12\/10\/estudiantes-vence-primeira-final-da-serie-a-do-regional-certel-sicredi-aslivata\/","og_site_name":"Folha Popular","article_published_time":"2023-12-10T21:23:35+00:00","article_modified_time":"2023-12-11T11:49:11+00:00","og_image":[{"width":948,"height":588,"url":"http:\/\/folhapopular.info\/wp-content\/uploads\/2023\/12\/WhatsApp-Image-2023-12-10-at-17.34.59-e1702241027831.jpeg","type":"image\/jpeg"}],"author":"Lucas Leandro Brune","twitter_card":"summary_large_image","twitter_misc":{"Escrito por":"Lucas Leandro Brune","Est. tempo de leitura":"5 minutos"},"schema":{"@context":"https:\/\/schema.org","@graph":[{"@type":"Article","@id":"https:\/\/folhapopular.info\/index.php\/2023\/12\/10\/estudiantes-vence-primeira-final-da-serie-a-do-regional-certel-sicredi-aslivata\/#article","isPartOf":{"@id":"https:\/\/folhapopular.info\/index.php\/2023\/12\/10\/estudiantes-vence-primeira-final-da-serie-a-do-regional-certel-sicredi-aslivata\/"},"author":{"name":"Lucas Leandro Brune","@id":"https:\/\/folhapopular.info\/#\/schema\/person\/533a15f60cd49e81ab3a90b4ca33cb36"},"headline":"Estudiantes vence primeira final da S\u00e9rie A do Regional Certel Sicredi Aslivata","datePublished":"2023-12-10T21:23:35+00:00","dateModified":"2023-12-11T11:49:11+00:00","mainEntityOfPage":{"@id":"https:\/\/folhapopular.info\/index.php\/2023\/12\/10\/estudiantes-vence-primeira-final-da-serie-a-do-regional-certel-sicredi-aslivata\/"},"wordCount":583,"commentCount":0,"image":{"@id":"https:\/\/folhapopular.info\/index.php\/2023\/12\/10\/estudiantes-vence-primeira-final-da-serie-a-do-regional-certel-sicredi-aslivata\/#primaryimage"},"thumbnailUrl":"https:\/\/folhapopular.info\/wp-content\/uploads\/2023\/12\/WhatsApp-Image-2023-12-10-at-17.34.59-e1702241027831.jpeg","keywords":["Copa Certel Sicredi","Encantado","Lajeado","Vale do Taquari"],"articleSection":["Esportes","Futebol Amador","Regional da Aslivata"],"inLanguage":"pt-BR","potentialAction":[{"@type":"CommentAction","name":"Comment","target":["https:\/\/folhapopular.info\/index.php\/2023\/12\/10\/estudiantes-vence-primeira-final-da-serie-a-do-regional-certel-sicredi-aslivata\/#respond"]}]},{"@type":"WebPage","@id":"https:\/\/folhapopular.info\/index.php\/2023\/12\/10\/estudiantes-vence-primeira-final-da-serie-a-do-regional-certel-sicredi-aslivata\/","url":"https:\/\/folhapopular.info\/index.php\/2023\/12\/10\/estudiantes-vence-primeira-final-da-serie-a-do-regional-certel-sicredi-aslivata\/","name":"Estudiantes vence primeira final da S\u00e9rie A do Regional Certel Sicredi Aslivata - Folha Popular","isPartOf":{"@id":"https:\/\/folhapopular.info\/#website"},"primaryImageOfPage":{"@id":"https:\/\/folhapopular.info\/index.php\/2023\/12\/10\/estudiantes-vence-primeira-final-da-serie-a-do-regional-certel-sicredi-aslivata\/#primaryimage"},"image":{"@id":"https:\/\/folhapopular.info\/index.php\/2023\/12\/10\/estudiantes-vence-primeira-final-da-serie-a-do-regional-certel-sicredi-aslivata\/#primaryimage"},"thumbnailUrl":"https:\/\/folhapopular.info\/wp-content\/uploads\/2023\/12\/WhatsApp-Image-2023-12-10-at-17.34.59-e1702241027831.jpeg","datePublished":"2023-12-10T21:23:35+00:00","dateModified":"2023-12-11T11:49:11+00:00","author":{"@id":"https:\/\/folhapopular.info\/#\/schema\/person\/533a15f60cd49e81ab3a90b4ca33cb36"},"breadcrumb":{"@id":"https:\/\/folhapopular.info\/index.php\/2023\/12\/10\/estudiantes-vence-primeira-final-da-serie-a-do-regional-certel-sicredi-aslivata\/#breadcrumb"},"inLanguage":"pt-BR","potentialAction":[{"@type":"ReadAction","target":["https:\/\/folhapopular.info\/index.php\/2023\/12\/10\/estudiantes-vence-primeira-final-da-serie-a-do-regional-certel-sicredi-aslivata\/"]}]},{"@type":"ImageObject","inLanguage":"pt-BR","@id":"https:\/\/folhapopular.info\/index.php\/2023\/12\/10\/estudiantes-vence-primeira-final-da-serie-a-do-regional-certel-sicredi-aslivata\/#primaryimage","url":"https:\/\/folhapopular.info\/wp-content\/uploads\/2023\/12\/WhatsApp-Image-2023-12-10-at-17.34.59-e1702241027831.jpeg","contentUrl":"https:\/\/folhapopular.info\/wp-content\/uploads\/2023\/12\/WhatsApp-Image-2023-12-10-at-17.34.59-e1702241027831.jpeg","width":948,"height":588,"caption":"Arena Alvi Azul recebeu grande primeiro jogo da decis\u00e3o do Regional da Aslivata \/\/ Cr\u00e9dito: Eduardo Duarte"},{"@type":"BreadcrumbList","@id":"https:\/\/folhapopular.info\/index.php\/2023\/12\/10\/estudiantes-vence-primeira-final-da-serie-a-do-regional-certel-sicredi-aslivata\/#breadcrumb","itemListElement":[{"@type":"ListItem","position":1,"name":"In\u00edcio","item":"https:\/\/folhapopular.info\/"},{"@type":"ListItem","position":2,"name":"Estudiantes vence primeira final da S\u00e9rie A do Regional Certel Sicredi Aslivata"}]},{"@type":"WebSite","@id":"https:\/\/folhapopular.info\/#website","url":"https:\/\/folhapopular.info\/","name":"Folha Popular","description":"Onde voc\u00ea tem vez e voz","potentialAction":[{"@type":"SearchAction","target":{"@type":"EntryPoint","urlTemplate":"https:\/\/folhapopular.info\/?s={search_term_string}"},"query-input":{"@type":"PropertyValueSpecification","valueRequired":true,"valueName":"search_term_string"}}],"inLanguage":"pt-BR"},{"@type":"Person","@id":"https:\/\/folhapopular.info\/#\/schema\/person\/533a15f60cd49e81ab3a90b4ca33cb36","name":"Lucas Leandro Brune","image":{"@type":"ImageObject","inLanguage":"pt-BR","@id":"https:\/\/folhapopular.info\/wp-content\/uploads\/2026\/04\/LUCAS-1-1.webp","url":"https:\/\/folhapopular.info\/wp-content\/uploads\/2026\/04\/LUCAS-1-1.webp","contentUrl":"https:\/\/folhapopular.info\/wp-content\/uploads\/2026\/04\/LUCAS-1-1.webp","caption":"Lucas Leandro Brune"},"description":"Jornalista Profissional Diplomado MTB\/RS 14.333","url":"https:\/\/folhapopular.info\/index.php\/author\/lucas-brune\/"}]}},"jetpack_featured_media_url":"https:\/\/folhapopular.info\/wp-content\/uploads\/2023\/12\/WhatsApp-Image-2023-12-10-at-17.34.59-e1702241027831.jpeg","jetpack_sharing_enabled":true,"amp_enabled":true,"_links":{"self":[{"href":"https:\/\/folhapopular.info\/index.php\/wp-json\/wp\/v2\/posts\/144873","targetHints":{"allow":["GET"]}}],"collection":[{"href":"https:\/\/folhapopular.info\/index.php\/wp-json\/wp\/v2\/posts"}],"about":[{"href":"https:\/\/folhapopular.info\/index.php\/wp-json\/wp\/v2\/types\/post"}],"author":[{"embeddable":true,"href":"https:\/\/folhapopular.info\/index.php\/wp-json\/wp\/v2\/users\/7"}],"replies":[{"embeddable":true,"href":"https:\/\/folhapopular.info\/index.php\/wp-json\/wp\/v2\/comments?post=144873"}],"version-history":[{"count":0,"href":"https:\/\/folhapopular.info\/index.php\/wp-json\/wp\/v2\/posts\/144873\/revisions"}],"wp:featuredmedia":[{"embeddable":true,"href":"https:\/\/folhapopular.info\/index.php\/wp-json\/wp\/v2\/media\/144881"}],"wp:attachment":[{"href":"https:\/\/folhapopular.info\/index.php\/wp-json\/wp\/v2\/media?parent=144873"}],"wp:term":[{"taxonomy":"category","embeddable":true,"href":"https:\/\/folhapopular.info\/index.php\/wp-json\/wp\/v2\/categories?post=144873"},{"taxonomy":"post_tag","embeddable":true,"href":"https:\/\/folhapopular.info\/index.php\/wp-json\/wp\/v2\/tags?post=144873"}],"curies":[{"name":"wp","href":"https:\/\/api.w.org\/{rel}","templated":true}]}}