{"id":144930,"date":"2023-12-11T15:09:54","date_gmt":"2023-12-11T18:09:54","guid":{"rendered":"https:\/\/folhapopular.info\/?p=144930"},"modified":"2023-12-11T15:48:56","modified_gmt":"2023-12-11T18:48:56","slug":"em-tres-noites-espetaculo-quebra-nozes-emociona-cerca-de-1-200-pessoas-em-colinas","status":"publish","type":"post","link":"https:\/\/folhapopular.info\/index.php\/2023\/12\/11\/em-tres-noites-espetaculo-quebra-nozes-emociona-cerca-de-1-200-pessoas-em-colinas\/","title":{"rendered":"Em tr\u00eas noites, espet\u00e1culo Quebra-Nozes emociona cerca de 1.200 pessoas em Colinas"},"content":{"rendered":"\n<p>As noites de sexta-feira, s\u00e1bado e domingo (8, 9 e 10\/12) ficaram marcadas no cora\u00e7\u00e3o de mais de 1,2 mil pessoas que foram at\u00e9 o Audit\u00f3rio Municipal de Colinas para prestigiar o espet\u00e1culo Quebra-Nozes: buscando a magia do Natal&#8221;, do grupo Natal Luz e Vida. Com as tr\u00eas edi\u00e7\u00f5es lotadas, o p\u00fablico pode se admirar com o colorido do palco, as dan\u00e7as das bailarinas e a hist\u00f3ria do Quebra-Nozes, que levou sua mais nova amiga Claire para um novo mundo onde o objetivo principal era encontrar a Estrela Guia e fazer do Natal novamente um momento de amor e alegria.<\/p>\n\n\n\n<p>O diretor do espet\u00e1culo, Marcelo Brentano, afirma que a atividade foi pensada para a nova estrutura do audit\u00f3rio, que permitiu a instala\u00e7\u00e3o de 60 metros de painel de led. &#8221; E tamb\u00e9m pela estrutura especialmente montada para o show. \u201cSer\u00e3o 60 metros de painel de led instalados. &#8220;N\u00e3o tivemos cen\u00e1rio nenhum, somente virtual e com os atores em cena. Houve ainda elementos c\u00eanicos, mas ele todo foi constru\u00eddo com o cen\u00e1rio virtual\u201d, revelou.<\/p>\n\n\n\n<p>Brentano lembra que o Quebra-Nozes \u00e9 um dos maiores cl\u00e1ssicos natalinos, no qual se buscou um imagin\u00e1rio l\u00fadico, como nos reinos encantados. Contou, ainda, com a hist\u00f3ria do nascimento do menino Jesus e, ao fim, com a participa\u00e7\u00e3o de crian\u00e7as do Coral Municipal Infantojuvenil e do Papai Noel. \u201cCriamos pensando nessa quest\u00e3o mais l\u00fadica, pensando nas crian\u00e7as, no momento dif\u00edcil que Colinas viveu. Trazer algo mais pesado n\u00e3o era a ideia, o Quebra-Nozes \u00e9 um espet\u00e1culo mais leve porque leva para o l\u00fadico, para os reinos encantados. Mas nosso espet\u00e1culo vai contar tamb\u00e9m a hist\u00f3ria do nascimento do menino Jesus\u201d, explica.<\/p>\n\n\n\n<p>O diretor destaca que o cl\u00e1ssico foi adaptado para a realidade local, com apoio da core\u00f3grafa Ang\u00e9lica Pott. \u201cTrabalhamos com uma equipe maior de pessoas da comunidade. Fica o agradecimento aos atores volunt\u00e1rios, que por mais de 3 meses trabalharam na constru\u00e7\u00e3o desse espet\u00e1culo\u201d, enaltece. <\/p>\n\n\n\n<h2 class=\"wp-block-heading\">Emocionante<\/h2>\n\n\n\n<p>A advogada Patr\u00edcia Becker Delwing Wallauer esteve presente na apresenta\u00e7\u00e3o de domingo com o marido e o casal de filhos. Morando em Cruzeiro do Sul, ela relata que na sua casa entrou \u00e1gua nas duas enchentes, e que parece que o teatro foi feito pensando no sentimento de reconstruir e de acreditar. &#8220;Amamos, ficamos emocionados. Adoramos teatro e a produ\u00e7\u00e3o e vestimenta eram lindas a n\u00edvel dos espet\u00e1culos da Disney&#8221;, disse. &#8220;Em duas ou tr\u00eas vezes n\u00e3o consegui conter as l\u00e1grimas, foi lindo.&#8221;<\/p>\n\n\n\n<p>O secret\u00e1rio de Educa\u00e7\u00e3o, Turismo, Cultura e Desporto, Edelbert Jasper aponta o p\u00fablico vibrou muito com a pe\u00e7a. &#8220;Enquanto transcorria, notei que as pessoas estavam &#8216;vidradas&#8217; na hist\u00f3ria, e no fim os atores foram ovacionados. Acredito que tenha sido de aprova\u00e7\u00e3o total&#8221;, comenta. Ele espera que no pr\u00f3ximo ano seja poss\u00edvel dar continuidade a esses espet\u00e1culos, bem como trazer novas atra\u00e7\u00f5es, poss\u00edveis agora com a revitaliza\u00e7\u00e3o do audit\u00f3rio. &#8220;Vemos o quanto o p\u00fablico precisa desses eventos, principalmente ap\u00f3s as enchentes. As pessoas ficaram deprimidas, para baixo, e esse espet\u00e1culo \u00e9 l\u00fadico, divertido, mais s\u00e9rio e religioso. Foi para todos os gostos e idades&#8221;, conclui.<\/p>\n\n\n\n<p>O prefeito Sandro Ranieri Herrmann aponta que o espet\u00e1culo veio para dar for\u00e7as \u00e0 comunidade regional. &#8220;Tivemos anos dif\u00edceis com preju\u00edzos, pandemia, estiagens, a decad\u00eancia da Cooperativa Languiru e, por fim, as cheias. Estamos cansados e bastante desgastados, mas jamais desanimaremos e no ano que vem voltaremos ainda melhores. O espet\u00e1culo foi escrito em julho, antes dos acontecimentos de setembro e novembro, mas \u00e9 incr\u00edvel como fala do reflorescer, de buscarmos for\u00e7as e renovarmos as esperan\u00e7as na reconstru\u00e7\u00e3o, em melhorar nossas vidas. Foi muito prop\u00edcio&#8221;, finaliza.<\/p>\n\n\n\n<p>Aqueles que n\u00e3o puderam comparecer nos dias de espet\u00e1culo podem assisti-lo na \u00edntegra no <a href=\"https:\/\/www.youtube.com\/watch?v=VMasEaZfQ6Y\" target=\"_blank\" rel=\"noreferrer noopener\">canal do YouTube da Prefeitura<\/a>.<\/p>\n\n\n\n<p>Confira a galeria de imagens:<\/p>\n\n\n\n<figure class=\"wp-block-gallery has-nested-images columns-default is-cropped wp-block-gallery-1 is-layout-flex wp-block-gallery-is-layout-flex\">\n<figure class=\"wp-block-image size-large\"><img loading=\"lazy\" decoding=\"async\" width=\"1024\" height=\"684\" data-id=\"144947\" src=\"https:\/\/folhapopular.info\/wp-content\/uploads\/2023\/12\/DSC_0887-1024x684.jpg\" alt=\"\" class=\"wp-image-144947\" srcset=\"https:\/\/folhapopular.info\/wp-content\/uploads\/2023\/12\/DSC_0887-1024x684.jpg 1024w, https:\/\/folhapopular.info\/wp-content\/uploads\/2023\/12\/DSC_0887-300x201.jpg 300w, https:\/\/folhapopular.info\/wp-content\/uploads\/2023\/12\/DSC_0887-768x513.jpg 768w, https:\/\/folhapopular.info\/wp-content\/uploads\/2023\/12\/DSC_0887-1536x1027.jpg 1536w, https:\/\/folhapopular.info\/wp-content\/uploads\/2023\/12\/DSC_0887-2048x1369.jpg 2048w, https:\/\/folhapopular.info\/wp-content\/uploads\/2023\/12\/DSC_0887-696x465.jpg 696w, https:\/\/folhapopular.info\/wp-content\/uploads\/2023\/12\/DSC_0887-1068x714.jpg 1068w, https:\/\/folhapopular.info\/wp-content\/uploads\/2023\/12\/DSC_0887-1920x1283.jpg 1920w\" sizes=\"auto, (max-width: 1024px) 100vw, 1024px\" \/><\/figure>\n\n\n\n<figure class=\"wp-block-image size-large\"><img loading=\"lazy\" decoding=\"async\" width=\"1024\" height=\"684\" data-id=\"144932\" src=\"https:\/\/folhapopular.info\/wp-content\/uploads\/2023\/12\/DSC_0015-1024x684.jpg\" alt=\"\" class=\"wp-image-144932\" srcset=\"https:\/\/folhapopular.info\/wp-content\/uploads\/2023\/12\/DSC_0015-1024x684.jpg 1024w, https:\/\/folhapopular.info\/wp-content\/uploads\/2023\/12\/DSC_0015-300x201.jpg 300w, https:\/\/folhapopular.info\/wp-content\/uploads\/2023\/12\/DSC_0015-768x513.jpg 768w, https:\/\/folhapopular.info\/wp-content\/uploads\/2023\/12\/DSC_0015-1536x1027.jpg 1536w, https:\/\/folhapopular.info\/wp-content\/uploads\/2023\/12\/DSC_0015-2048x1369.jpg 2048w, https:\/\/folhapopular.info\/wp-content\/uploads\/2023\/12\/DSC_0015-696x465.jpg 696w, https:\/\/folhapopular.info\/wp-content\/uploads\/2023\/12\/DSC_0015-1068x714.jpg 1068w, https:\/\/folhapopular.info\/wp-content\/uploads\/2023\/12\/DSC_0015-1920x1283.jpg 1920w\" sizes=\"auto, (max-width: 1024px) 100vw, 1024px\" \/><\/figure>\n\n\n\n<figure class=\"wp-block-image size-large\"><img loading=\"lazy\" decoding=\"async\" width=\"1024\" height=\"684\" data-id=\"144952\" src=\"https:\/\/folhapopular.info\/wp-content\/uploads\/2023\/12\/DSC_0952-1024x684.jpg\" alt=\"\" class=\"wp-image-144952\" srcset=\"https:\/\/folhapopular.info\/wp-content\/uploads\/2023\/12\/DSC_0952-1024x684.jpg 1024w, https:\/\/folhapopular.info\/wp-content\/uploads\/2023\/12\/DSC_0952-300x201.jpg 300w, https:\/\/folhapopular.info\/wp-content\/uploads\/2023\/12\/DSC_0952-768x513.jpg 768w, https:\/\/folhapopular.info\/wp-content\/uploads\/2023\/12\/DSC_0952-1536x1027.jpg 1536w, https:\/\/folhapopular.info\/wp-content\/uploads\/2023\/12\/DSC_0952-2048x1369.jpg 2048w, https:\/\/folhapopular.info\/wp-content\/uploads\/2023\/12\/DSC_0952-696x465.jpg 696w, https:\/\/folhapopular.info\/wp-content\/uploads\/2023\/12\/DSC_0952-1068x714.jpg 1068w, https:\/\/folhapopular.info\/wp-content\/uploads\/2023\/12\/DSC_0952-1920x1283.jpg 1920w\" sizes=\"auto, (max-width: 1024px) 100vw, 1024px\" \/><\/figure>\n\n\n\n<figure class=\"wp-block-image size-large\"><img loading=\"lazy\" decoding=\"async\" width=\"1024\" height=\"684\" data-id=\"144941\" src=\"https:\/\/folhapopular.info\/wp-content\/uploads\/2023\/12\/DSC_0938-1024x684.jpg\" alt=\"\" class=\"wp-image-144941\" srcset=\"https:\/\/folhapopular.info\/wp-content\/uploads\/2023\/12\/DSC_0938-1024x684.jpg 1024w, https:\/\/folhapopular.info\/wp-content\/uploads\/2023\/12\/DSC_0938-300x201.jpg 300w, https:\/\/folhapopular.info\/wp-content\/uploads\/2023\/12\/DSC_0938-768x513.jpg 768w, https:\/\/folhapopular.info\/wp-content\/uploads\/2023\/12\/DSC_0938-1536x1027.jpg 1536w, https:\/\/folhapopular.info\/wp-content\/uploads\/2023\/12\/DSC_0938-2048x1369.jpg 2048w, https:\/\/folhapopular.info\/wp-content\/uploads\/2023\/12\/DSC_0938-696x465.jpg 696w, https:\/\/folhapopular.info\/wp-content\/uploads\/2023\/12\/DSC_0938-1068x714.jpg 1068w, https:\/\/folhapopular.info\/wp-content\/uploads\/2023\/12\/DSC_0938-1920x1283.jpg 1920w\" sizes=\"auto, (max-width: 1024px) 100vw, 1024px\" \/><\/figure>\n\n\n\n<figure class=\"wp-block-image size-large\"><img loading=\"lazy\" decoding=\"async\" width=\"1024\" height=\"684\" data-id=\"144940\" src=\"https:\/\/folhapopular.info\/wp-content\/uploads\/2023\/12\/DSC_0920-1024x684.jpg\" alt=\"\" class=\"wp-image-144940\" srcset=\"https:\/\/folhapopular.info\/wp-content\/uploads\/2023\/12\/DSC_0920-1024x684.jpg 1024w, https:\/\/folhapopular.info\/wp-content\/uploads\/2023\/12\/DSC_0920-300x201.jpg 300w, https:\/\/folhapopular.info\/wp-content\/uploads\/2023\/12\/DSC_0920-768x513.jpg 768w, https:\/\/folhapopular.info\/wp-content\/uploads\/2023\/12\/DSC_0920-1536x1027.jpg 1536w, https:\/\/folhapopular.info\/wp-content\/uploads\/2023\/12\/DSC_0920-2048x1369.jpg 2048w, https:\/\/folhapopular.info\/wp-content\/uploads\/2023\/12\/DSC_0920-696x465.jpg 696w, https:\/\/folhapopular.info\/wp-content\/uploads\/2023\/12\/DSC_0920-1068x714.jpg 1068w, https:\/\/folhapopular.info\/wp-content\/uploads\/2023\/12\/DSC_0920-1920x1283.jpg 1920w\" sizes=\"auto, (max-width: 1024px) 100vw, 1024px\" \/><\/figure>\n\n\n\n<figure class=\"wp-block-image size-large\"><img loading=\"lazy\" decoding=\"async\" width=\"1024\" height=\"684\" data-id=\"144944\" src=\"https:\/\/folhapopular.info\/wp-content\/uploads\/2023\/12\/DSC_0977-1024x684.jpg\" alt=\"\" class=\"wp-image-144944\" srcset=\"https:\/\/folhapopular.info\/wp-content\/uploads\/2023\/12\/DSC_0977-1024x684.jpg 1024w, https:\/\/folhapopular.info\/wp-content\/uploads\/2023\/12\/DSC_0977-300x201.jpg 300w, https:\/\/folhapopular.info\/wp-content\/uploads\/2023\/12\/DSC_0977-768x513.jpg 768w, https:\/\/folhapopular.info\/wp-content\/uploads\/2023\/12\/DSC_0977-1536x1027.jpg 1536w, https:\/\/folhapopular.info\/wp-content\/uploads\/2023\/12\/DSC_0977-2048x1369.jpg 2048w, https:\/\/folhapopular.info\/wp-content\/uploads\/2023\/12\/DSC_0977-696x465.jpg 696w, https:\/\/folhapopular.info\/wp-content\/uploads\/2023\/12\/DSC_0977-1068x714.jpg 1068w, https:\/\/folhapopular.info\/wp-content\/uploads\/2023\/12\/DSC_0977-1920x1283.jpg 1920w\" sizes=\"auto, (max-width: 1024px) 100vw, 1024px\" \/><\/figure>\n\n\n\n<figure class=\"wp-block-image size-large\"><img loading=\"lazy\" decoding=\"async\" width=\"1024\" height=\"684\" data-id=\"144943\" src=\"https:\/\/folhapopular.info\/wp-content\/uploads\/2023\/12\/DSC_0968-1024x684.jpg\" alt=\"\" class=\"wp-image-144943\" srcset=\"https:\/\/folhapopular.info\/wp-content\/uploads\/2023\/12\/DSC_0968-1024x684.jpg 1024w, https:\/\/folhapopular.info\/wp-content\/uploads\/2023\/12\/DSC_0968-300x201.jpg 300w, https:\/\/folhapopular.info\/wp-content\/uploads\/2023\/12\/DSC_0968-768x513.jpg 768w, https:\/\/folhapopular.info\/wp-content\/uploads\/2023\/12\/DSC_0968-1536x1027.jpg 1536w, https:\/\/folhapopular.info\/wp-content\/uploads\/2023\/12\/DSC_0968-2048x1369.jpg 2048w, https:\/\/folhapopular.info\/wp-content\/uploads\/2023\/12\/DSC_0968-696x465.jpg 696w, https:\/\/folhapopular.info\/wp-content\/uploads\/2023\/12\/DSC_0968-1068x714.jpg 1068w, https:\/\/folhapopular.info\/wp-content\/uploads\/2023\/12\/DSC_0968-1920x1283.jpg 1920w\" sizes=\"auto, (max-width: 1024px) 100vw, 1024px\" \/><\/figure>\n\n\n\n<figure class=\"wp-block-image size-large\"><img loading=\"lazy\" decoding=\"async\" width=\"1024\" height=\"684\" data-id=\"144946\" src=\"https:\/\/folhapopular.info\/wp-content\/uploads\/2023\/12\/DSC_0992-1024x684.jpg\" alt=\"\" class=\"wp-image-144946\" srcset=\"https:\/\/folhapopular.info\/wp-content\/uploads\/2023\/12\/DSC_0992-1024x684.jpg 1024w, https:\/\/folhapopular.info\/wp-content\/uploads\/2023\/12\/DSC_0992-300x201.jpg 300w, https:\/\/folhapopular.info\/wp-content\/uploads\/2023\/12\/DSC_0992-768x513.jpg 768w, https:\/\/folhapopular.info\/wp-content\/uploads\/2023\/12\/DSC_0992-1536x1027.jpg 1536w, https:\/\/folhapopular.info\/wp-content\/uploads\/2023\/12\/DSC_0992-2048x1369.jpg 2048w, https:\/\/folhapopular.info\/wp-content\/uploads\/2023\/12\/DSC_0992-696x465.jpg 696w, https:\/\/folhapopular.info\/wp-content\/uploads\/2023\/12\/DSC_0992-1068x714.jpg 1068w, https:\/\/folhapopular.info\/wp-content\/uploads\/2023\/12\/DSC_0992-1920x1283.jpg 1920w\" sizes=\"auto, (max-width: 1024px) 100vw, 1024px\" \/><\/figure>\n\n\n\n<figure class=\"wp-block-image size-large\"><img loading=\"lazy\" decoding=\"async\" width=\"1024\" height=\"684\" data-id=\"144933\" src=\"https:\/\/folhapopular.info\/wp-content\/uploads\/2023\/12\/DSC_0039-1024x684.jpg\" alt=\"\" class=\"wp-image-144933\" srcset=\"https:\/\/folhapopular.info\/wp-content\/uploads\/2023\/12\/DSC_0039-1024x684.jpg 1024w, https:\/\/folhapopular.info\/wp-content\/uploads\/2023\/12\/DSC_0039-300x201.jpg 300w, https:\/\/folhapopular.info\/wp-content\/uploads\/2023\/12\/DSC_0039-768x513.jpg 768w, https:\/\/folhapopular.info\/wp-content\/uploads\/2023\/12\/DSC_0039-1536x1027.jpg 1536w, https:\/\/folhapopular.info\/wp-content\/uploads\/2023\/12\/DSC_0039-2048x1369.jpg 2048w, https:\/\/folhapopular.info\/wp-content\/uploads\/2023\/12\/DSC_0039-696x465.jpg 696w, https:\/\/folhapopular.info\/wp-content\/uploads\/2023\/12\/DSC_0039-1068x714.jpg 1068w, https:\/\/folhapopular.info\/wp-content\/uploads\/2023\/12\/DSC_0039-1920x1283.jpg 1920w\" sizes=\"auto, (max-width: 1024px) 100vw, 1024px\" \/><\/figure>\n\n\n\n<figure class=\"wp-block-image size-large\"><img loading=\"lazy\" decoding=\"async\" width=\"1024\" height=\"684\" data-id=\"144934\" src=\"https:\/\/folhapopular.info\/wp-content\/uploads\/2023\/12\/DSC_0045-1024x684.jpg\" alt=\"\" class=\"wp-image-144934\" srcset=\"https:\/\/folhapopular.info\/wp-content\/uploads\/2023\/12\/DSC_0045-1024x684.jpg 1024w, https:\/\/folhapopular.info\/wp-content\/uploads\/2023\/12\/DSC_0045-300x201.jpg 300w, https:\/\/folhapopular.info\/wp-content\/uploads\/2023\/12\/DSC_0045-768x513.jpg 768w, https:\/\/folhapopular.info\/wp-content\/uploads\/2023\/12\/DSC_0045-1536x1027.jpg 1536w, https:\/\/folhapopular.info\/wp-content\/uploads\/2023\/12\/DSC_0045-2048x1369.jpg 2048w, https:\/\/folhapopular.info\/wp-content\/uploads\/2023\/12\/DSC_0045-696x465.jpg 696w, https:\/\/folhapopular.info\/wp-content\/uploads\/2023\/12\/DSC_0045-1068x714.jpg 1068w, https:\/\/folhapopular.info\/wp-content\/uploads\/2023\/12\/DSC_0045-1920x1283.jpg 1920w\" sizes=\"auto, (max-width: 1024px) 100vw, 1024px\" \/><\/figure>\n\n\n\n<figure class=\"wp-block-image size-large\"><img loading=\"lazy\" decoding=\"async\" width=\"1024\" height=\"684\" data-id=\"144935\" src=\"https:\/\/folhapopular.info\/wp-content\/uploads\/2023\/12\/DSC_0079-1024x684.jpg\" alt=\"\" class=\"wp-image-144935\" srcset=\"https:\/\/folhapopular.info\/wp-content\/uploads\/2023\/12\/DSC_0079-1024x684.jpg 1024w, https:\/\/folhapopular.info\/wp-content\/uploads\/2023\/12\/DSC_0079-300x201.jpg 300w, https:\/\/folhapopular.info\/wp-content\/uploads\/2023\/12\/DSC_0079-768x513.jpg 768w, https:\/\/folhapopular.info\/wp-content\/uploads\/2023\/12\/DSC_0079-1536x1027.jpg 1536w, https:\/\/folhapopular.info\/wp-content\/uploads\/2023\/12\/DSC_0079-2048x1369.jpg 2048w, https:\/\/folhapopular.info\/wp-content\/uploads\/2023\/12\/DSC_0079-696x465.jpg 696w, https:\/\/folhapopular.info\/wp-content\/uploads\/2023\/12\/DSC_0079-1068x714.jpg 1068w, https:\/\/folhapopular.info\/wp-content\/uploads\/2023\/12\/DSC_0079-1920x1283.jpg 1920w\" sizes=\"auto, (max-width: 1024px) 100vw, 1024px\" \/><\/figure>\n\n\n\n<figure class=\"wp-block-image size-large\"><img loading=\"lazy\" decoding=\"async\" width=\"1024\" height=\"684\" data-id=\"144950\" src=\"https:\/\/folhapopular.info\/wp-content\/uploads\/2023\/12\/DSC_0092-1024x684.jpg\" alt=\"\" class=\"wp-image-144950\" srcset=\"https:\/\/folhapopular.info\/wp-content\/uploads\/2023\/12\/DSC_0092-1024x684.jpg 1024w, https:\/\/folhapopular.info\/wp-content\/uploads\/2023\/12\/DSC_0092-300x201.jpg 300w, https:\/\/folhapopular.info\/wp-content\/uploads\/2023\/12\/DSC_0092-768x513.jpg 768w, https:\/\/folhapopular.info\/wp-content\/uploads\/2023\/12\/DSC_0092-1536x1027.jpg 1536w, https:\/\/folhapopular.info\/wp-content\/uploads\/2023\/12\/DSC_0092-2048x1369.jpg 2048w, https:\/\/folhapopular.info\/wp-content\/uploads\/2023\/12\/DSC_0092-696x465.jpg 696w, https:\/\/folhapopular.info\/wp-content\/uploads\/2023\/12\/DSC_0092-1068x714.jpg 1068w, https:\/\/folhapopular.info\/wp-content\/uploads\/2023\/12\/DSC_0092-1920x1283.jpg 1920w\" sizes=\"auto, (max-width: 1024px) 100vw, 1024px\" \/><\/figure>\n\n\n\n<figure class=\"wp-block-image size-large\"><img loading=\"lazy\" decoding=\"async\" width=\"1024\" height=\"684\" data-id=\"144938\" src=\"https:\/\/folhapopular.info\/wp-content\/uploads\/2023\/12\/DSC_0108-1024x684.jpg\" alt=\"\" class=\"wp-image-144938\" srcset=\"https:\/\/folhapopular.info\/wp-content\/uploads\/2023\/12\/DSC_0108-1024x684.jpg 1024w, https:\/\/folhapopular.info\/wp-content\/uploads\/2023\/12\/DSC_0108-300x201.jpg 300w, https:\/\/folhapopular.info\/wp-content\/uploads\/2023\/12\/DSC_0108-768x513.jpg 768w, https:\/\/folhapopular.info\/wp-content\/uploads\/2023\/12\/DSC_0108-1536x1027.jpg 1536w, https:\/\/folhapopular.info\/wp-content\/uploads\/2023\/12\/DSC_0108-2048x1369.jpg 2048w, https:\/\/folhapopular.info\/wp-content\/uploads\/2023\/12\/DSC_0108-696x465.jpg 696w, https:\/\/folhapopular.info\/wp-content\/uploads\/2023\/12\/DSC_0108-1068x714.jpg 1068w, https:\/\/folhapopular.info\/wp-content\/uploads\/2023\/12\/DSC_0108-1920x1283.jpg 1920w\" sizes=\"auto, (max-width: 1024px) 100vw, 1024px\" \/><\/figure>\n\n\n\n<figure class=\"wp-block-image size-large\"><img loading=\"lazy\" decoding=\"async\" width=\"1024\" height=\"684\" data-id=\"144937\" src=\"https:\/\/folhapopular.info\/wp-content\/uploads\/2023\/12\/DSC_0097-1024x684.jpg\" alt=\"\" class=\"wp-image-144937\" srcset=\"https:\/\/folhapopular.info\/wp-content\/uploads\/2023\/12\/DSC_0097-1024x684.jpg 1024w, https:\/\/folhapopular.info\/wp-content\/uploads\/2023\/12\/DSC_0097-300x201.jpg 300w, https:\/\/folhapopular.info\/wp-content\/uploads\/2023\/12\/DSC_0097-768x513.jpg 768w, https:\/\/folhapopular.info\/wp-content\/uploads\/2023\/12\/DSC_0097-1536x1027.jpg 1536w, https:\/\/folhapopular.info\/wp-content\/uploads\/2023\/12\/DSC_0097-2048x1369.jpg 2048w, https:\/\/folhapopular.info\/wp-content\/uploads\/2023\/12\/DSC_0097-696x465.jpg 696w, https:\/\/folhapopular.info\/wp-content\/uploads\/2023\/12\/DSC_0097-1068x714.jpg 1068w, https:\/\/folhapopular.info\/wp-content\/uploads\/2023\/12\/DSC_0097-1920x1283.jpg 1920w\" sizes=\"auto, (max-width: 1024px) 100vw, 1024px\" \/><\/figure>\n\n\n\n<figure class=\"wp-block-image size-large\"><img loading=\"lazy\" decoding=\"async\" width=\"1024\" height=\"684\" data-id=\"144939\" src=\"https:\/\/folhapopular.info\/wp-content\/uploads\/2023\/12\/DSC_0111-1024x684.jpg\" alt=\"\" class=\"wp-image-144939\" srcset=\"https:\/\/folhapopular.info\/wp-content\/uploads\/2023\/12\/DSC_0111-1024x684.jpg 1024w, https:\/\/folhapopular.info\/wp-content\/uploads\/2023\/12\/DSC_0111-300x201.jpg 300w, https:\/\/folhapopular.info\/wp-content\/uploads\/2023\/12\/DSC_0111-768x513.jpg 768w, https:\/\/folhapopular.info\/wp-content\/uploads\/2023\/12\/DSC_0111-1536x1027.jpg 1536w, https:\/\/folhapopular.info\/wp-content\/uploads\/2023\/12\/DSC_0111-2048x1369.jpg 2048w, https:\/\/folhapopular.info\/wp-content\/uploads\/2023\/12\/DSC_0111-696x465.jpg 696w, https:\/\/folhapopular.info\/wp-content\/uploads\/2023\/12\/DSC_0111-1068x714.jpg 1068w, https:\/\/folhapopular.info\/wp-content\/uploads\/2023\/12\/DSC_0111-1920x1283.jpg 1920w\" sizes=\"auto, (max-width: 1024px) 100vw, 1024px\" \/><\/figure>\n<figcaption class=\"blocks-gallery-caption wp-element-caption\">Cr\u00e9dito: Camille Lenz da Silva<\/figcaption><\/figure>\n","protected":false},"excerpt":{"rendered":"<p>As noites de sexta-feira, s\u00e1bado e domingo (8, 9 e 10\/12) ficaram marcadas no cora\u00e7\u00e3o de mais de 1,2 mil pessoas que foram at\u00e9 o Audit\u00f3rio Municipal de Colinas para prestigiar o espet\u00e1culo Quebra-Nozes: buscando a magia do Natal&#8221;, do grupo Natal Luz e Vida. Com as tr\u00eas edi\u00e7\u00f5es lotadas, o p\u00fablico pode se admirar [&hellip;]<\/p>\n","protected":false},"author":639,"featured_media":144955,"comment_status":"open","ping_status":"open","sticky":false,"template":"","format":"standard","meta":{"pmpro_default_level":"","_jetpack_memberships_contains_paid_content":false,"footnotes":""},"categories":[2,6,5795,11691],"tags":[183,7201,1154,13744],"class_list":{"0":"post-144930","1":"post","2":"type-post","3":"status-publish","4":"format-standard","5":"has-post-thumbnail","7":"category-featured","8":"category-inclusive","9":"category-positividade","10":"category-religiosidade","11":"tag-colinas","12":"tag-espetaculo-natalino","13":"tag-natal","14":"tag-quebra-nozes-2","15":"pmpro-has-access"},"yoast_head":"<!-- This site is optimized with the Yoast SEO plugin v27.5 - https:\/\/yoast.com\/product\/yoast-seo-wordpress\/ -->\n<title>Em tr\u00eas noites, espet\u00e1culo Quebra-Nozes emociona cerca de 1.200 pessoas em Colinas - Folha Popular<\/title>\n<meta name=\"robots\" content=\"index, follow, max-snippet:-1, max-image-preview:large, max-video-preview:-1\" \/>\n<link rel=\"canonical\" href=\"https:\/\/folhapopular.info\/index.php\/2023\/12\/11\/em-tres-noites-espetaculo-quebra-nozes-emociona-cerca-de-1-200-pessoas-em-colinas\/\" \/>\n<meta property=\"og:locale\" content=\"pt_BR\" \/>\n<meta property=\"og:type\" content=\"article\" \/>\n<meta property=\"og:title\" content=\"Em tr\u00eas noites, espet\u00e1culo Quebra-Nozes emociona cerca de 1.200 pessoas em Colinas - Folha Popular\" \/>\n<meta property=\"og:description\" content=\"As noites de sexta-feira, s\u00e1bado e domingo (8, 9 e 10\/12) ficaram marcadas no cora\u00e7\u00e3o de mais de 1,2 mil pessoas que foram at\u00e9 o Audit\u00f3rio Municipal de Colinas para prestigiar o espet\u00e1culo Quebra-Nozes: buscando a magia do Natal&#8221;, do grupo Natal Luz e Vida. Com as tr\u00eas edi\u00e7\u00f5es lotadas, o p\u00fablico pode se admirar [&hellip;]\" \/>\n<meta property=\"og:url\" content=\"https:\/\/folhapopular.info\/index.php\/2023\/12\/11\/em-tres-noites-espetaculo-quebra-nozes-emociona-cerca-de-1-200-pessoas-em-colinas\/\" \/>\n<meta property=\"og:site_name\" content=\"Folha Popular\" \/>\n<meta property=\"article:published_time\" content=\"2023-12-11T18:09:54+00:00\" \/>\n<meta property=\"article:modified_time\" content=\"2023-12-11T18:48:56+00:00\" \/>\n<meta property=\"og:image\" content=\"http:\/\/folhapopular.info\/wp-content\/uploads\/2023\/12\/DSC_0987-scaled.jpg\" \/>\n\t<meta property=\"og:image:width\" content=\"2560\" \/>\n\t<meta property=\"og:image:height\" content=\"1711\" \/>\n\t<meta property=\"og:image:type\" content=\"image\/jpeg\" \/>\n<meta name=\"author\" content=\"Camille Lenz da Silva\" \/>\n<meta name=\"twitter:card\" content=\"summary_large_image\" \/>\n<meta name=\"twitter:label1\" content=\"Escrito por\" \/>\n\t<meta name=\"twitter:data1\" content=\"Camille Lenz da Silva\" \/>\n\t<meta name=\"twitter:label2\" content=\"Est. tempo de leitura\" \/>\n\t<meta name=\"twitter:data2\" content=\"7 minutos\" \/>\n<script type=\"application\/ld+json\" class=\"yoast-schema-graph\">{\"@context\":\"https:\\\/\\\/schema.org\",\"@graph\":[{\"@type\":\"Article\",\"@id\":\"https:\\\/\\\/folhapopular.info\\\/index.php\\\/2023\\\/12\\\/11\\\/em-tres-noites-espetaculo-quebra-nozes-emociona-cerca-de-1-200-pessoas-em-colinas\\\/#article\",\"isPartOf\":{\"@id\":\"https:\\\/\\\/folhapopular.info\\\/index.php\\\/2023\\\/12\\\/11\\\/em-tres-noites-espetaculo-quebra-nozes-emociona-cerca-de-1-200-pessoas-em-colinas\\\/\"},\"author\":{\"name\":\"Camille Lenz da Silva\",\"@id\":\"https:\\\/\\\/folhapopular.info\\\/#\\\/schema\\\/person\\\/f0b811f932ef2505faf473ffaef49df5\"},\"headline\":\"Em tr\u00eas noites, espet\u00e1culo Quebra-Nozes emociona cerca de 1.200 pessoas em Colinas\",\"datePublished\":\"2023-12-11T18:09:54+00:00\",\"dateModified\":\"2023-12-11T18:48:56+00:00\",\"mainEntityOfPage\":{\"@id\":\"https:\\\/\\\/folhapopular.info\\\/index.php\\\/2023\\\/12\\\/11\\\/em-tres-noites-espetaculo-quebra-nozes-emociona-cerca-de-1-200-pessoas-em-colinas\\\/\"},\"wordCount\":703,\"commentCount\":0,\"image\":{\"@id\":\"https:\\\/\\\/folhapopular.info\\\/index.php\\\/2023\\\/12\\\/11\\\/em-tres-noites-espetaculo-quebra-nozes-emociona-cerca-de-1-200-pessoas-em-colinas\\\/#primaryimage\"},\"thumbnailUrl\":\"https:\\\/\\\/folhapopular.info\\\/wp-content\\\/uploads\\\/2023\\\/12\\\/DSC_0987-scaled.jpg\",\"keywords\":[\"Colinas\",\"Espet\u00e1culo natalino\",\"Natal\",\"Quebra-Nozes\"],\"articleSection\":[\"Destaques\",\"Inclusive\",\"Positividade\",\"Religiosidade\"],\"inLanguage\":\"pt-BR\",\"potentialAction\":[{\"@type\":\"CommentAction\",\"name\":\"Comment\",\"target\":[\"https:\\\/\\\/folhapopular.info\\\/index.php\\\/2023\\\/12\\\/11\\\/em-tres-noites-espetaculo-quebra-nozes-emociona-cerca-de-1-200-pessoas-em-colinas\\\/#respond\"]}]},{\"@type\":\"WebPage\",\"@id\":\"https:\\\/\\\/folhapopular.info\\\/index.php\\\/2023\\\/12\\\/11\\\/em-tres-noites-espetaculo-quebra-nozes-emociona-cerca-de-1-200-pessoas-em-colinas\\\/\",\"url\":\"https:\\\/\\\/folhapopular.info\\\/index.php\\\/2023\\\/12\\\/11\\\/em-tres-noites-espetaculo-quebra-nozes-emociona-cerca-de-1-200-pessoas-em-colinas\\\/\",\"name\":\"Em tr\u00eas noites, espet\u00e1culo Quebra-Nozes emociona cerca de 1.200 pessoas em Colinas - Folha Popular\",\"isPartOf\":{\"@id\":\"https:\\\/\\\/folhapopular.info\\\/#website\"},\"primaryImageOfPage\":{\"@id\":\"https:\\\/\\\/folhapopular.info\\\/index.php\\\/2023\\\/12\\\/11\\\/em-tres-noites-espetaculo-quebra-nozes-emociona-cerca-de-1-200-pessoas-em-colinas\\\/#primaryimage\"},\"image\":{\"@id\":\"https:\\\/\\\/folhapopular.info\\\/index.php\\\/2023\\\/12\\\/11\\\/em-tres-noites-espetaculo-quebra-nozes-emociona-cerca-de-1-200-pessoas-em-colinas\\\/#primaryimage\"},\"thumbnailUrl\":\"https:\\\/\\\/folhapopular.info\\\/wp-content\\\/uploads\\\/2023\\\/12\\\/DSC_0987-scaled.jpg\",\"datePublished\":\"2023-12-11T18:09:54+00:00\",\"dateModified\":\"2023-12-11T18:48:56+00:00\",\"author\":{\"@id\":\"https:\\\/\\\/folhapopular.info\\\/#\\\/schema\\\/person\\\/f0b811f932ef2505faf473ffaef49df5\"},\"breadcrumb\":{\"@id\":\"https:\\\/\\\/folhapopular.info\\\/index.php\\\/2023\\\/12\\\/11\\\/em-tres-noites-espetaculo-quebra-nozes-emociona-cerca-de-1-200-pessoas-em-colinas\\\/#breadcrumb\"},\"inLanguage\":\"pt-BR\",\"potentialAction\":[{\"@type\":\"ReadAction\",\"target\":[\"https:\\\/\\\/folhapopular.info\\\/index.php\\\/2023\\\/12\\\/11\\\/em-tres-noites-espetaculo-quebra-nozes-emociona-cerca-de-1-200-pessoas-em-colinas\\\/\"]}]},{\"@type\":\"ImageObject\",\"inLanguage\":\"pt-BR\",\"@id\":\"https:\\\/\\\/folhapopular.info\\\/index.php\\\/2023\\\/12\\\/11\\\/em-tres-noites-espetaculo-quebra-nozes-emociona-cerca-de-1-200-pessoas-em-colinas\\\/#primaryimage\",\"url\":\"https:\\\/\\\/folhapopular.info\\\/wp-content\\\/uploads\\\/2023\\\/12\\\/DSC_0987-scaled.jpg\",\"contentUrl\":\"https:\\\/\\\/folhapopular.info\\\/wp-content\\\/uploads\\\/2023\\\/12\\\/DSC_0987-scaled.jpg\",\"width\":2560,\"height\":1711,\"caption\":\"Cr\u00e9dito: Camille Lenz da Silva\"},{\"@type\":\"BreadcrumbList\",\"@id\":\"https:\\\/\\\/folhapopular.info\\\/index.php\\\/2023\\\/12\\\/11\\\/em-tres-noites-espetaculo-quebra-nozes-emociona-cerca-de-1-200-pessoas-em-colinas\\\/#breadcrumb\",\"itemListElement\":[{\"@type\":\"ListItem\",\"position\":1,\"name\":\"In\u00edcio\",\"item\":\"https:\\\/\\\/folhapopular.info\\\/\"},{\"@type\":\"ListItem\",\"position\":2,\"name\":\"Em tr\u00eas noites, espet\u00e1culo Quebra-Nozes emociona cerca de 1.200 pessoas em Colinas\"}]},{\"@type\":\"WebSite\",\"@id\":\"https:\\\/\\\/folhapopular.info\\\/#website\",\"url\":\"https:\\\/\\\/folhapopular.info\\\/\",\"name\":\"Folha Popular\",\"description\":\"Onde voc\u00ea tem vez e voz\",\"potentialAction\":[{\"@type\":\"SearchAction\",\"target\":{\"@type\":\"EntryPoint\",\"urlTemplate\":\"https:\\\/\\\/folhapopular.info\\\/?s={search_term_string}\"},\"query-input\":{\"@type\":\"PropertyValueSpecification\",\"valueRequired\":true,\"valueName\":\"search_term_string\"}}],\"inLanguage\":\"pt-BR\"},{\"@type\":\"Person\",\"@id\":\"https:\\\/\\\/folhapopular.info\\\/#\\\/schema\\\/person\\\/f0b811f932ef2505faf473ffaef49df5\",\"name\":\"Camille Lenz da Silva\",\"image\":{\"@type\":\"ImageObject\",\"inLanguage\":\"pt-BR\",\"@id\":\"https:\\\/\\\/secure.gravatar.com\\\/avatar\\\/50be826d73ca259ec0e0a88a407f5de800c576c46cfdc57e50ef28551e216fff?s=96&d=mm&r=g\",\"url\":\"https:\\\/\\\/secure.gravatar.com\\\/avatar\\\/50be826d73ca259ec0e0a88a407f5de800c576c46cfdc57e50ef28551e216fff?s=96&d=mm&r=g\",\"contentUrl\":\"https:\\\/\\\/secure.gravatar.com\\\/avatar\\\/50be826d73ca259ec0e0a88a407f5de800c576c46cfdc57e50ef28551e216fff?s=96&d=mm&r=g\",\"caption\":\"Camille Lenz da Silva\"},\"url\":\"https:\\\/\\\/folhapopular.info\\\/index.php\\\/author\\\/camillelenzgmail-com\\\/\"}]}<\/script>\n<!-- \/ Yoast SEO plugin. -->","yoast_head_json":{"title":"Em tr\u00eas noites, espet\u00e1culo Quebra-Nozes emociona cerca de 1.200 pessoas em Colinas - Folha Popular","robots":{"index":"index","follow":"follow","max-snippet":"max-snippet:-1","max-image-preview":"max-image-preview:large","max-video-preview":"max-video-preview:-1"},"canonical":"https:\/\/folhapopular.info\/index.php\/2023\/12\/11\/em-tres-noites-espetaculo-quebra-nozes-emociona-cerca-de-1-200-pessoas-em-colinas\/","og_locale":"pt_BR","og_type":"article","og_title":"Em tr\u00eas noites, espet\u00e1culo Quebra-Nozes emociona cerca de 1.200 pessoas em Colinas - Folha Popular","og_description":"As noites de sexta-feira, s\u00e1bado e domingo (8, 9 e 10\/12) ficaram marcadas no cora\u00e7\u00e3o de mais de 1,2 mil pessoas que foram at\u00e9 o Audit\u00f3rio Municipal de Colinas para prestigiar o espet\u00e1culo Quebra-Nozes: buscando a magia do Natal&#8221;, do grupo Natal Luz e Vida. Com as tr\u00eas edi\u00e7\u00f5es lotadas, o p\u00fablico pode se admirar [&hellip;]","og_url":"https:\/\/folhapopular.info\/index.php\/2023\/12\/11\/em-tres-noites-espetaculo-quebra-nozes-emociona-cerca-de-1-200-pessoas-em-colinas\/","og_site_name":"Folha Popular","article_published_time":"2023-12-11T18:09:54+00:00","article_modified_time":"2023-12-11T18:48:56+00:00","og_image":[{"width":2560,"height":1711,"url":"http:\/\/folhapopular.info\/wp-content\/uploads\/2023\/12\/DSC_0987-scaled.jpg","type":"image\/jpeg"}],"author":"Camille Lenz da Silva","twitter_card":"summary_large_image","twitter_misc":{"Escrito por":"Camille Lenz da Silva","Est. tempo de leitura":"7 minutos"},"schema":{"@context":"https:\/\/schema.org","@graph":[{"@type":"Article","@id":"https:\/\/folhapopular.info\/index.php\/2023\/12\/11\/em-tres-noites-espetaculo-quebra-nozes-emociona-cerca-de-1-200-pessoas-em-colinas\/#article","isPartOf":{"@id":"https:\/\/folhapopular.info\/index.php\/2023\/12\/11\/em-tres-noites-espetaculo-quebra-nozes-emociona-cerca-de-1-200-pessoas-em-colinas\/"},"author":{"name":"Camille Lenz da Silva","@id":"https:\/\/folhapopular.info\/#\/schema\/person\/f0b811f932ef2505faf473ffaef49df5"},"headline":"Em tr\u00eas noites, espet\u00e1culo Quebra-Nozes emociona cerca de 1.200 pessoas em Colinas","datePublished":"2023-12-11T18:09:54+00:00","dateModified":"2023-12-11T18:48:56+00:00","mainEntityOfPage":{"@id":"https:\/\/folhapopular.info\/index.php\/2023\/12\/11\/em-tres-noites-espetaculo-quebra-nozes-emociona-cerca-de-1-200-pessoas-em-colinas\/"},"wordCount":703,"commentCount":0,"image":{"@id":"https:\/\/folhapopular.info\/index.php\/2023\/12\/11\/em-tres-noites-espetaculo-quebra-nozes-emociona-cerca-de-1-200-pessoas-em-colinas\/#primaryimage"},"thumbnailUrl":"https:\/\/folhapopular.info\/wp-content\/uploads\/2023\/12\/DSC_0987-scaled.jpg","keywords":["Colinas","Espet\u00e1culo natalino","Natal","Quebra-Nozes"],"articleSection":["Destaques","Inclusive","Positividade","Religiosidade"],"inLanguage":"pt-BR","potentialAction":[{"@type":"CommentAction","name":"Comment","target":["https:\/\/folhapopular.info\/index.php\/2023\/12\/11\/em-tres-noites-espetaculo-quebra-nozes-emociona-cerca-de-1-200-pessoas-em-colinas\/#respond"]}]},{"@type":"WebPage","@id":"https:\/\/folhapopular.info\/index.php\/2023\/12\/11\/em-tres-noites-espetaculo-quebra-nozes-emociona-cerca-de-1-200-pessoas-em-colinas\/","url":"https:\/\/folhapopular.info\/index.php\/2023\/12\/11\/em-tres-noites-espetaculo-quebra-nozes-emociona-cerca-de-1-200-pessoas-em-colinas\/","name":"Em tr\u00eas noites, espet\u00e1culo Quebra-Nozes emociona cerca de 1.200 pessoas em Colinas - Folha Popular","isPartOf":{"@id":"https:\/\/folhapopular.info\/#website"},"primaryImageOfPage":{"@id":"https:\/\/folhapopular.info\/index.php\/2023\/12\/11\/em-tres-noites-espetaculo-quebra-nozes-emociona-cerca-de-1-200-pessoas-em-colinas\/#primaryimage"},"image":{"@id":"https:\/\/folhapopular.info\/index.php\/2023\/12\/11\/em-tres-noites-espetaculo-quebra-nozes-emociona-cerca-de-1-200-pessoas-em-colinas\/#primaryimage"},"thumbnailUrl":"https:\/\/folhapopular.info\/wp-content\/uploads\/2023\/12\/DSC_0987-scaled.jpg","datePublished":"2023-12-11T18:09:54+00:00","dateModified":"2023-12-11T18:48:56+00:00","author":{"@id":"https:\/\/folhapopular.info\/#\/schema\/person\/f0b811f932ef2505faf473ffaef49df5"},"breadcrumb":{"@id":"https:\/\/folhapopular.info\/index.php\/2023\/12\/11\/em-tres-noites-espetaculo-quebra-nozes-emociona-cerca-de-1-200-pessoas-em-colinas\/#breadcrumb"},"inLanguage":"pt-BR","potentialAction":[{"@type":"ReadAction","target":["https:\/\/folhapopular.info\/index.php\/2023\/12\/11\/em-tres-noites-espetaculo-quebra-nozes-emociona-cerca-de-1-200-pessoas-em-colinas\/"]}]},{"@type":"ImageObject","inLanguage":"pt-BR","@id":"https:\/\/folhapopular.info\/index.php\/2023\/12\/11\/em-tres-noites-espetaculo-quebra-nozes-emociona-cerca-de-1-200-pessoas-em-colinas\/#primaryimage","url":"https:\/\/folhapopular.info\/wp-content\/uploads\/2023\/12\/DSC_0987-scaled.jpg","contentUrl":"https:\/\/folhapopular.info\/wp-content\/uploads\/2023\/12\/DSC_0987-scaled.jpg","width":2560,"height":1711,"caption":"Cr\u00e9dito: Camille Lenz da Silva"},{"@type":"BreadcrumbList","@id":"https:\/\/folhapopular.info\/index.php\/2023\/12\/11\/em-tres-noites-espetaculo-quebra-nozes-emociona-cerca-de-1-200-pessoas-em-colinas\/#breadcrumb","itemListElement":[{"@type":"ListItem","position":1,"name":"In\u00edcio","item":"https:\/\/folhapopular.info\/"},{"@type":"ListItem","position":2,"name":"Em tr\u00eas noites, espet\u00e1culo Quebra-Nozes emociona cerca de 1.200 pessoas em Colinas"}]},{"@type":"WebSite","@id":"https:\/\/folhapopular.info\/#website","url":"https:\/\/folhapopular.info\/","name":"Folha Popular","description":"Onde voc\u00ea tem vez e voz","potentialAction":[{"@type":"SearchAction","target":{"@type":"EntryPoint","urlTemplate":"https:\/\/folhapopular.info\/?s={search_term_string}"},"query-input":{"@type":"PropertyValueSpecification","valueRequired":true,"valueName":"search_term_string"}}],"inLanguage":"pt-BR"},{"@type":"Person","@id":"https:\/\/folhapopular.info\/#\/schema\/person\/f0b811f932ef2505faf473ffaef49df5","name":"Camille Lenz da Silva","image":{"@type":"ImageObject","inLanguage":"pt-BR","@id":"https:\/\/secure.gravatar.com\/avatar\/50be826d73ca259ec0e0a88a407f5de800c576c46cfdc57e50ef28551e216fff?s=96&d=mm&r=g","url":"https:\/\/secure.gravatar.com\/avatar\/50be826d73ca259ec0e0a88a407f5de800c576c46cfdc57e50ef28551e216fff?s=96&d=mm&r=g","contentUrl":"https:\/\/secure.gravatar.com\/avatar\/50be826d73ca259ec0e0a88a407f5de800c576c46cfdc57e50ef28551e216fff?s=96&d=mm&r=g","caption":"Camille Lenz da Silva"},"url":"https:\/\/folhapopular.info\/index.php\/author\/camillelenzgmail-com\/"}]}},"jetpack_featured_media_url":"https:\/\/folhapopular.info\/wp-content\/uploads\/2023\/12\/DSC_0987-scaled.jpg","jetpack_sharing_enabled":true,"amp_enabled":true,"_links":{"self":[{"href":"https:\/\/folhapopular.info\/index.php\/wp-json\/wp\/v2\/posts\/144930","targetHints":{"allow":["GET"]}}],"collection":[{"href":"https:\/\/folhapopular.info\/index.php\/wp-json\/wp\/v2\/posts"}],"about":[{"href":"https:\/\/folhapopular.info\/index.php\/wp-json\/wp\/v2\/types\/post"}],"author":[{"embeddable":true,"href":"https:\/\/folhapopular.info\/index.php\/wp-json\/wp\/v2\/users\/639"}],"replies":[{"embeddable":true,"href":"https:\/\/folhapopular.info\/index.php\/wp-json\/wp\/v2\/comments?post=144930"}],"version-history":[{"count":0,"href":"https:\/\/folhapopular.info\/index.php\/wp-json\/wp\/v2\/posts\/144930\/revisions"}],"wp:featuredmedia":[{"embeddable":true,"href":"https:\/\/folhapopular.info\/index.php\/wp-json\/wp\/v2\/media\/144955"}],"wp:attachment":[{"href":"https:\/\/folhapopular.info\/index.php\/wp-json\/wp\/v2\/media?parent=144930"}],"wp:term":[{"taxonomy":"category","embeddable":true,"href":"https:\/\/folhapopular.info\/index.php\/wp-json\/wp\/v2\/categories?post=144930"},{"taxonomy":"post_tag","embeddable":true,"href":"https:\/\/folhapopular.info\/index.php\/wp-json\/wp\/v2\/tags?post=144930"}],"curies":[{"name":"wp","href":"https:\/\/api.w.org\/{rel}","templated":true}]}}