{"id":144948,"date":"2023-12-11T14:21:59","date_gmt":"2023-12-11T17:21:59","guid":{"rendered":"https:\/\/folhapopular.info\/?p=144948"},"modified":"2023-12-11T14:22:41","modified_gmt":"2023-12-11T17:22:41","slug":"juventus-conquista-o-titulo-do-festival-captacao-colorada-sub-13","status":"publish","type":"post","link":"https:\/\/folhapopular.info\/index.php\/2023\/12\/11\/juventus-conquista-o-titulo-do-festival-captacao-colorada-sub-13\/","title":{"rendered":"Juventus conquista o t\u00edtulo do Festival Capta\u00e7\u00e3o Colorada Sub-13"},"content":{"rendered":"\n<p>No s\u00e1bado (9\/12) ocorreu o Festival Capta\u00e7\u00e3o Colorada Sub-13, em Alvorada. A Juventus de Teut\u00f4nia conquistou o t\u00edtulo de forma invicta.<\/p>\n\n\n\n<p>Na fase de grupos, superou o Monitorados Inter B por 2 a 1, a Escola Rubra por 9 a 0, e o Atl\u00e9tico Ga\u00facho por 4 a 0.<\/p>\n\n\n\n<p>Na fase semifinal, o time seguiu, com uma vit\u00f3ria por 5 a 0 sobre o Ypiranga.<\/p>\n\n\n\n<p>Na final S\u00e9rie Ouro, a Juventus mostrou seu melhor futebol, vencendo o Progresso por 2 a 0 e levantando o trof\u00e9u. Os gols da partida foram marcados por L\u00e9o e Wesley.<\/p>\n","protected":false},"excerpt":{"rendered":"<p>No s\u00e1bado (9\/12) ocorreu o Festival Capta\u00e7\u00e3o Colorada Sub-13, em Alvorada. A Juventus de Teut\u00f4nia conquistou o t\u00edtulo de forma invicta. Na fase de grupos, superou o Monitorados Inter B por 2 a 1, a Escola Rubra por 9 a 0, e o Atl\u00e9tico Ga\u00facho por 4 a 0. Na fase semifinal, o time seguiu, [&hellip;]<\/p>\n","protected":false},"author":8,"featured_media":144958,"comment_status":"open","ping_status":"open","sticky":false,"template":"","format":"standard","meta":{"pmpro_default_level":"","_jetpack_memberships_contains_paid_content":false,"footnotes":""},"categories":[5],"tags":[13745,6623,26],"class_list":{"0":"post-144948","1":"post","2":"type-post","3":"status-publish","4":"format-standard","5":"has-post-thumbnail","7":"category-esportes","8":"tag-captacao-colorada","9":"tag-sub-13","10":"tag-teutonia","11":"pmpro-has-access"},"yoast_head":"<!-- This site is optimized with the Yoast SEO plugin v27.5 - https:\/\/yoast.com\/product\/yoast-seo-wordpress\/ -->\n<title>Juventus conquista o t\u00edtulo do Festival Capta\u00e7\u00e3o Colorada Sub-13 - Folha Popular<\/title>\n<meta name=\"robots\" content=\"index, follow, max-snippet:-1, max-image-preview:large, max-video-preview:-1\" \/>\n<link rel=\"canonical\" href=\"https:\/\/folhapopular.info\/index.php\/2023\/12\/11\/juventus-conquista-o-titulo-do-festival-captacao-colorada-sub-13\/\" \/>\n<meta property=\"og:locale\" content=\"pt_BR\" \/>\n<meta property=\"og:type\" content=\"article\" \/>\n<meta property=\"og:title\" content=\"Juventus conquista o t\u00edtulo do Festival Capta\u00e7\u00e3o Colorada Sub-13 - Folha Popular\" \/>\n<meta property=\"og:description\" content=\"No s\u00e1bado (9\/12) ocorreu o Festival Capta\u00e7\u00e3o Colorada Sub-13, em Alvorada. A Juventus de Teut\u00f4nia conquistou o t\u00edtulo de forma invicta. Na fase de grupos, superou o Monitorados Inter B por 2 a 1, a Escola Rubra por 9 a 0, e o Atl\u00e9tico Ga\u00facho por 4 a 0. Na fase semifinal, o time seguiu, [&hellip;]\" \/>\n<meta property=\"og:url\" content=\"https:\/\/folhapopular.info\/index.php\/2023\/12\/11\/juventus-conquista-o-titulo-do-festival-captacao-colorada-sub-13\/\" \/>\n<meta property=\"og:site_name\" content=\"Folha Popular\" \/>\n<meta property=\"article:published_time\" content=\"2023-12-11T17:21:59+00:00\" \/>\n<meta property=\"article:modified_time\" content=\"2023-12-11T17:22:41+00:00\" \/>\n<meta property=\"og:image\" content=\"http:\/\/folhapopular.info\/wp-content\/uploads\/2023\/12\/WhatsApp-Image-2023-12-11-at-10.39.57.jpeg\" \/>\n\t<meta property=\"og:image:width\" content=\"1600\" \/>\n\t<meta property=\"og:image:height\" content=\"1200\" \/>\n\t<meta property=\"og:image:type\" content=\"image\/jpeg\" \/>\n<meta name=\"author\" content=\"Reda\u00e7\u00e3o Folha Popular\" \/>\n<meta name=\"twitter:card\" content=\"summary_large_image\" \/>\n<meta name=\"twitter:label1\" content=\"Escrito por\" \/>\n\t<meta name=\"twitter:data1\" content=\"Reda\u00e7\u00e3o Folha Popular\" \/>\n\t<meta name=\"twitter:label2\" content=\"Est. tempo de leitura\" \/>\n\t<meta name=\"twitter:data2\" content=\"1 minuto\" \/>\n<script type=\"application\/ld+json\" class=\"yoast-schema-graph\">{\"@context\":\"https:\\\/\\\/schema.org\",\"@graph\":[{\"@type\":\"Article\",\"@id\":\"https:\\\/\\\/folhapopular.info\\\/index.php\\\/2023\\\/12\\\/11\\\/juventus-conquista-o-titulo-do-festival-captacao-colorada-sub-13\\\/#article\",\"isPartOf\":{\"@id\":\"https:\\\/\\\/folhapopular.info\\\/index.php\\\/2023\\\/12\\\/11\\\/juventus-conquista-o-titulo-do-festival-captacao-colorada-sub-13\\\/\"},\"author\":{\"name\":\"Reda\u00e7\u00e3o Folha Popular\",\"@id\":\"https:\\\/\\\/folhapopular.info\\\/#\\\/schema\\\/person\\\/2814e8a0df7643585a9ca38bc6eb9d4b\"},\"headline\":\"Juventus conquista o t\u00edtulo do Festival Capta\u00e7\u00e3o Colorada Sub-13\",\"datePublished\":\"2023-12-11T17:21:59+00:00\",\"dateModified\":\"2023-12-11T17:22:41+00:00\",\"mainEntityOfPage\":{\"@id\":\"https:\\\/\\\/folhapopular.info\\\/index.php\\\/2023\\\/12\\\/11\\\/juventus-conquista-o-titulo-do-festival-captacao-colorada-sub-13\\\/\"},\"wordCount\":106,\"commentCount\":0,\"image\":{\"@id\":\"https:\\\/\\\/folhapopular.info\\\/index.php\\\/2023\\\/12\\\/11\\\/juventus-conquista-o-titulo-do-festival-captacao-colorada-sub-13\\\/#primaryimage\"},\"thumbnailUrl\":\"https:\\\/\\\/folhapopular.info\\\/wp-content\\\/uploads\\\/2023\\\/12\\\/WhatsApp-Image-2023-12-11-at-10.39.57.jpeg\",\"keywords\":[\"Capta\u00e7\u00e3o Colorada\",\"Sub-13\",\"Teut\u00f4nia\"],\"articleSection\":[\"Esportes\"],\"inLanguage\":\"pt-BR\",\"potentialAction\":[{\"@type\":\"CommentAction\",\"name\":\"Comment\",\"target\":[\"https:\\\/\\\/folhapopular.info\\\/index.php\\\/2023\\\/12\\\/11\\\/juventus-conquista-o-titulo-do-festival-captacao-colorada-sub-13\\\/#respond\"]}]},{\"@type\":\"WebPage\",\"@id\":\"https:\\\/\\\/folhapopular.info\\\/index.php\\\/2023\\\/12\\\/11\\\/juventus-conquista-o-titulo-do-festival-captacao-colorada-sub-13\\\/\",\"url\":\"https:\\\/\\\/folhapopular.info\\\/index.php\\\/2023\\\/12\\\/11\\\/juventus-conquista-o-titulo-do-festival-captacao-colorada-sub-13\\\/\",\"name\":\"Juventus conquista o t\u00edtulo do Festival Capta\u00e7\u00e3o Colorada Sub-13 - Folha Popular\",\"isPartOf\":{\"@id\":\"https:\\\/\\\/folhapopular.info\\\/#website\"},\"primaryImageOfPage\":{\"@id\":\"https:\\\/\\\/folhapopular.info\\\/index.php\\\/2023\\\/12\\\/11\\\/juventus-conquista-o-titulo-do-festival-captacao-colorada-sub-13\\\/#primaryimage\"},\"image\":{\"@id\":\"https:\\\/\\\/folhapopular.info\\\/index.php\\\/2023\\\/12\\\/11\\\/juventus-conquista-o-titulo-do-festival-captacao-colorada-sub-13\\\/#primaryimage\"},\"thumbnailUrl\":\"https:\\\/\\\/folhapopular.info\\\/wp-content\\\/uploads\\\/2023\\\/12\\\/WhatsApp-Image-2023-12-11-at-10.39.57.jpeg\",\"datePublished\":\"2023-12-11T17:21:59+00:00\",\"dateModified\":\"2023-12-11T17:22:41+00:00\",\"author\":{\"@id\":\"https:\\\/\\\/folhapopular.info\\\/#\\\/schema\\\/person\\\/2814e8a0df7643585a9ca38bc6eb9d4b\"},\"breadcrumb\":{\"@id\":\"https:\\\/\\\/folhapopular.info\\\/index.php\\\/2023\\\/12\\\/11\\\/juventus-conquista-o-titulo-do-festival-captacao-colorada-sub-13\\\/#breadcrumb\"},\"inLanguage\":\"pt-BR\",\"potentialAction\":[{\"@type\":\"ReadAction\",\"target\":[\"https:\\\/\\\/folhapopular.info\\\/index.php\\\/2023\\\/12\\\/11\\\/juventus-conquista-o-titulo-do-festival-captacao-colorada-sub-13\\\/\"]}]},{\"@type\":\"ImageObject\",\"inLanguage\":\"pt-BR\",\"@id\":\"https:\\\/\\\/folhapopular.info\\\/index.php\\\/2023\\\/12\\\/11\\\/juventus-conquista-o-titulo-do-festival-captacao-colorada-sub-13\\\/#primaryimage\",\"url\":\"https:\\\/\\\/folhapopular.info\\\/wp-content\\\/uploads\\\/2023\\\/12\\\/WhatsApp-Image-2023-12-11-at-10.39.57.jpeg\",\"contentUrl\":\"https:\\\/\\\/folhapopular.info\\\/wp-content\\\/uploads\\\/2023\\\/12\\\/WhatsApp-Image-2023-12-11-at-10.39.57.jpeg\",\"width\":1600,\"height\":1200,\"caption\":\"O t\u00edtulo foi conquistado de forma invicta\"},{\"@type\":\"BreadcrumbList\",\"@id\":\"https:\\\/\\\/folhapopular.info\\\/index.php\\\/2023\\\/12\\\/11\\\/juventus-conquista-o-titulo-do-festival-captacao-colorada-sub-13\\\/#breadcrumb\",\"itemListElement\":[{\"@type\":\"ListItem\",\"position\":1,\"name\":\"In\u00edcio\",\"item\":\"https:\\\/\\\/folhapopular.info\\\/\"},{\"@type\":\"ListItem\",\"position\":2,\"name\":\"Juventus conquista o t\u00edtulo do Festival Capta\u00e7\u00e3o Colorada Sub-13\"}]},{\"@type\":\"WebSite\",\"@id\":\"https:\\\/\\\/folhapopular.info\\\/#website\",\"url\":\"https:\\\/\\\/folhapopular.info\\\/\",\"name\":\"Folha Popular\",\"description\":\"Onde voc\u00ea tem vez e voz\",\"potentialAction\":[{\"@type\":\"SearchAction\",\"target\":{\"@type\":\"EntryPoint\",\"urlTemplate\":\"https:\\\/\\\/folhapopular.info\\\/?s={search_term_string}\"},\"query-input\":{\"@type\":\"PropertyValueSpecification\",\"valueRequired\":true,\"valueName\":\"search_term_string\"}}],\"inLanguage\":\"pt-BR\"},{\"@type\":\"Person\",\"@id\":\"https:\\\/\\\/folhapopular.info\\\/#\\\/schema\\\/person\\\/2814e8a0df7643585a9ca38bc6eb9d4b\",\"name\":\"Reda\u00e7\u00e3o Folha Popular\",\"image\":{\"@type\":\"ImageObject\",\"inLanguage\":\"pt-BR\",\"@id\":\"https:\\\/\\\/folhapopular.info\\\/wp-content\\\/uploads\\\/2026\\\/04\\\/Folha-1.webp\",\"url\":\"https:\\\/\\\/folhapopular.info\\\/wp-content\\\/uploads\\\/2026\\\/04\\\/Folha-1.webp\",\"contentUrl\":\"https:\\\/\\\/folhapopular.info\\\/wp-content\\\/uploads\\\/2026\\\/04\\\/Folha-1.webp\",\"caption\":\"Reda\u00e7\u00e3o Folha Popular\"},\"url\":\"https:\\\/\\\/folhapopular.info\\\/index.php\\\/author\\\/redacao\\\/\"}]}<\/script>\n<!-- \/ Yoast SEO plugin. -->","yoast_head_json":{"title":"Juventus conquista o t\u00edtulo do Festival Capta\u00e7\u00e3o Colorada Sub-13 - Folha Popular","robots":{"index":"index","follow":"follow","max-snippet":"max-snippet:-1","max-image-preview":"max-image-preview:large","max-video-preview":"max-video-preview:-1"},"canonical":"https:\/\/folhapopular.info\/index.php\/2023\/12\/11\/juventus-conquista-o-titulo-do-festival-captacao-colorada-sub-13\/","og_locale":"pt_BR","og_type":"article","og_title":"Juventus conquista o t\u00edtulo do Festival Capta\u00e7\u00e3o Colorada Sub-13 - Folha Popular","og_description":"No s\u00e1bado (9\/12) ocorreu o Festival Capta\u00e7\u00e3o Colorada Sub-13, em Alvorada. A Juventus de Teut\u00f4nia conquistou o t\u00edtulo de forma invicta. Na fase de grupos, superou o Monitorados Inter B por 2 a 1, a Escola Rubra por 9 a 0, e o Atl\u00e9tico Ga\u00facho por 4 a 0. Na fase semifinal, o time seguiu, [&hellip;]","og_url":"https:\/\/folhapopular.info\/index.php\/2023\/12\/11\/juventus-conquista-o-titulo-do-festival-captacao-colorada-sub-13\/","og_site_name":"Folha Popular","article_published_time":"2023-12-11T17:21:59+00:00","article_modified_time":"2023-12-11T17:22:41+00:00","og_image":[{"width":1600,"height":1200,"url":"http:\/\/folhapopular.info\/wp-content\/uploads\/2023\/12\/WhatsApp-Image-2023-12-11-at-10.39.57.jpeg","type":"image\/jpeg"}],"author":"Reda\u00e7\u00e3o Folha Popular","twitter_card":"summary_large_image","twitter_misc":{"Escrito por":"Reda\u00e7\u00e3o Folha Popular","Est. tempo de leitura":"1 minuto"},"schema":{"@context":"https:\/\/schema.org","@graph":[{"@type":"Article","@id":"https:\/\/folhapopular.info\/index.php\/2023\/12\/11\/juventus-conquista-o-titulo-do-festival-captacao-colorada-sub-13\/#article","isPartOf":{"@id":"https:\/\/folhapopular.info\/index.php\/2023\/12\/11\/juventus-conquista-o-titulo-do-festival-captacao-colorada-sub-13\/"},"author":{"name":"Reda\u00e7\u00e3o Folha Popular","@id":"https:\/\/folhapopular.info\/#\/schema\/person\/2814e8a0df7643585a9ca38bc6eb9d4b"},"headline":"Juventus conquista o t\u00edtulo do Festival Capta\u00e7\u00e3o Colorada Sub-13","datePublished":"2023-12-11T17:21:59+00:00","dateModified":"2023-12-11T17:22:41+00:00","mainEntityOfPage":{"@id":"https:\/\/folhapopular.info\/index.php\/2023\/12\/11\/juventus-conquista-o-titulo-do-festival-captacao-colorada-sub-13\/"},"wordCount":106,"commentCount":0,"image":{"@id":"https:\/\/folhapopular.info\/index.php\/2023\/12\/11\/juventus-conquista-o-titulo-do-festival-captacao-colorada-sub-13\/#primaryimage"},"thumbnailUrl":"https:\/\/folhapopular.info\/wp-content\/uploads\/2023\/12\/WhatsApp-Image-2023-12-11-at-10.39.57.jpeg","keywords":["Capta\u00e7\u00e3o Colorada","Sub-13","Teut\u00f4nia"],"articleSection":["Esportes"],"inLanguage":"pt-BR","potentialAction":[{"@type":"CommentAction","name":"Comment","target":["https:\/\/folhapopular.info\/index.php\/2023\/12\/11\/juventus-conquista-o-titulo-do-festival-captacao-colorada-sub-13\/#respond"]}]},{"@type":"WebPage","@id":"https:\/\/folhapopular.info\/index.php\/2023\/12\/11\/juventus-conquista-o-titulo-do-festival-captacao-colorada-sub-13\/","url":"https:\/\/folhapopular.info\/index.php\/2023\/12\/11\/juventus-conquista-o-titulo-do-festival-captacao-colorada-sub-13\/","name":"Juventus conquista o t\u00edtulo do Festival Capta\u00e7\u00e3o Colorada Sub-13 - Folha Popular","isPartOf":{"@id":"https:\/\/folhapopular.info\/#website"},"primaryImageOfPage":{"@id":"https:\/\/folhapopular.info\/index.php\/2023\/12\/11\/juventus-conquista-o-titulo-do-festival-captacao-colorada-sub-13\/#primaryimage"},"image":{"@id":"https:\/\/folhapopular.info\/index.php\/2023\/12\/11\/juventus-conquista-o-titulo-do-festival-captacao-colorada-sub-13\/#primaryimage"},"thumbnailUrl":"https:\/\/folhapopular.info\/wp-content\/uploads\/2023\/12\/WhatsApp-Image-2023-12-11-at-10.39.57.jpeg","datePublished":"2023-12-11T17:21:59+00:00","dateModified":"2023-12-11T17:22:41+00:00","author":{"@id":"https:\/\/folhapopular.info\/#\/schema\/person\/2814e8a0df7643585a9ca38bc6eb9d4b"},"breadcrumb":{"@id":"https:\/\/folhapopular.info\/index.php\/2023\/12\/11\/juventus-conquista-o-titulo-do-festival-captacao-colorada-sub-13\/#breadcrumb"},"inLanguage":"pt-BR","potentialAction":[{"@type":"ReadAction","target":["https:\/\/folhapopular.info\/index.php\/2023\/12\/11\/juventus-conquista-o-titulo-do-festival-captacao-colorada-sub-13\/"]}]},{"@type":"ImageObject","inLanguage":"pt-BR","@id":"https:\/\/folhapopular.info\/index.php\/2023\/12\/11\/juventus-conquista-o-titulo-do-festival-captacao-colorada-sub-13\/#primaryimage","url":"https:\/\/folhapopular.info\/wp-content\/uploads\/2023\/12\/WhatsApp-Image-2023-12-11-at-10.39.57.jpeg","contentUrl":"https:\/\/folhapopular.info\/wp-content\/uploads\/2023\/12\/WhatsApp-Image-2023-12-11-at-10.39.57.jpeg","width":1600,"height":1200,"caption":"O t\u00edtulo foi conquistado de forma invicta"},{"@type":"BreadcrumbList","@id":"https:\/\/folhapopular.info\/index.php\/2023\/12\/11\/juventus-conquista-o-titulo-do-festival-captacao-colorada-sub-13\/#breadcrumb","itemListElement":[{"@type":"ListItem","position":1,"name":"In\u00edcio","item":"https:\/\/folhapopular.info\/"},{"@type":"ListItem","position":2,"name":"Juventus conquista o t\u00edtulo do Festival Capta\u00e7\u00e3o Colorada Sub-13"}]},{"@type":"WebSite","@id":"https:\/\/folhapopular.info\/#website","url":"https:\/\/folhapopular.info\/","name":"Folha Popular","description":"Onde voc\u00ea tem vez e voz","potentialAction":[{"@type":"SearchAction","target":{"@type":"EntryPoint","urlTemplate":"https:\/\/folhapopular.info\/?s={search_term_string}"},"query-input":{"@type":"PropertyValueSpecification","valueRequired":true,"valueName":"search_term_string"}}],"inLanguage":"pt-BR"},{"@type":"Person","@id":"https:\/\/folhapopular.info\/#\/schema\/person\/2814e8a0df7643585a9ca38bc6eb9d4b","name":"Reda\u00e7\u00e3o Folha Popular","image":{"@type":"ImageObject","inLanguage":"pt-BR","@id":"https:\/\/folhapopular.info\/wp-content\/uploads\/2026\/04\/Folha-1.webp","url":"https:\/\/folhapopular.info\/wp-content\/uploads\/2026\/04\/Folha-1.webp","contentUrl":"https:\/\/folhapopular.info\/wp-content\/uploads\/2026\/04\/Folha-1.webp","caption":"Reda\u00e7\u00e3o Folha Popular"},"url":"https:\/\/folhapopular.info\/index.php\/author\/redacao\/"}]}},"jetpack_featured_media_url":"https:\/\/folhapopular.info\/wp-content\/uploads\/2023\/12\/WhatsApp-Image-2023-12-11-at-10.39.57.jpeg","jetpack_sharing_enabled":true,"amp_enabled":true,"_links":{"self":[{"href":"https:\/\/folhapopular.info\/index.php\/wp-json\/wp\/v2\/posts\/144948","targetHints":{"allow":["GET"]}}],"collection":[{"href":"https:\/\/folhapopular.info\/index.php\/wp-json\/wp\/v2\/posts"}],"about":[{"href":"https:\/\/folhapopular.info\/index.php\/wp-json\/wp\/v2\/types\/post"}],"author":[{"embeddable":true,"href":"https:\/\/folhapopular.info\/index.php\/wp-json\/wp\/v2\/users\/8"}],"replies":[{"embeddable":true,"href":"https:\/\/folhapopular.info\/index.php\/wp-json\/wp\/v2\/comments?post=144948"}],"version-history":[{"count":0,"href":"https:\/\/folhapopular.info\/index.php\/wp-json\/wp\/v2\/posts\/144948\/revisions"}],"wp:featuredmedia":[{"embeddable":true,"href":"https:\/\/folhapopular.info\/index.php\/wp-json\/wp\/v2\/media\/144958"}],"wp:attachment":[{"href":"https:\/\/folhapopular.info\/index.php\/wp-json\/wp\/v2\/media?parent=144948"}],"wp:term":[{"taxonomy":"category","embeddable":true,"href":"https:\/\/folhapopular.info\/index.php\/wp-json\/wp\/v2\/categories?post=144948"},{"taxonomy":"post_tag","embeddable":true,"href":"https:\/\/folhapopular.info\/index.php\/wp-json\/wp\/v2\/tags?post=144948"}],"curies":[{"name":"wp","href":"https:\/\/api.w.org\/{rel}","templated":true}]}}