{"id":144954,"date":"2023-12-11T14:35:00","date_gmt":"2023-12-11T17:35:00","guid":{"rendered":"https:\/\/folhapopular.info\/?p=144954"},"modified":"2023-12-11T14:50:30","modified_gmt":"2023-12-11T17:50:30","slug":"prefeitura-de-lajeado-realiza-processo-seletivo-para-contratacao-de-arquiteto-e-de-engenheiro-eletrico","status":"publish","type":"post","link":"https:\/\/folhapopular.info\/index.php\/2023\/12\/11\/prefeitura-de-lajeado-realiza-processo-seletivo-para-contratacao-de-arquiteto-e-de-engenheiro-eletrico\/","title":{"rendered":"Prefeitura de Lajeado realiza processo seletivo para contrata\u00e7\u00e3o de Arquiteto e de Engenheiro El\u00e9trico"},"content":{"rendered":"\n<p>A Prefeitura de Lajeado realiza Processo Seletivo Simplificado para as fun\u00e7\u00f5es de Arquiteto e de Engenheiro El\u00e9trico. A sele\u00e7\u00e3o ocorre para duas vagas de contrata\u00e7\u00e3o imediata e mais forma\u00e7\u00e3o de cadastro reserva. As inscri\u00e7\u00f5es s\u00e3o feitas, exclusivamente pela internet, at\u00e9 as 23h59 do dia (18\/12)\u00a0<strong><a href=\"https:\/\/competo.lajeado.rs.gov.br\/listagem_processos_seletivos\" target=\"_blank\" rel=\"noreferrer noopener\">neste link<\/a><\/strong>. O sal\u00e1rio \u00e9 de R$ 7.298,46 para 33 horas semanais para ambas as vagas.<\/p>\n\n\n\n<p>Os interessados em participar da sele\u00e7\u00e3o de Arquiteto devem ter Ensino Superior em Arquitetura e Urbanismo e registro no Conselho Regional da Classe. J\u00e1 os interessados na sele\u00e7\u00e3o de Engenheiro El\u00e9trico devem ter forma\u00e7\u00e3o completa no Ensino Superior em Engenharia El\u00e9trica e registro no Conselho Regional de Engenharia e Agronomia (CREA). O candidato, nos dois casos, precisa ter 18 anos completos at\u00e9 o \u00faltimo dia de inscri\u00e7\u00e3o.<\/p>\n\n\n\n<p>O Processo Seletivo Simplificado ocorre por meio de prova de t\u00edtulos de car\u00e1ter classificat\u00f3rio, avaliados pela Comiss\u00e3o conforme crit\u00e9rios definidos no edital e de acordo com o que for encaminhado pelo candidato no momento da inscri\u00e7\u00e3o.<\/p>\n\n\n\n<p><\/p>\n","protected":false},"excerpt":{"rendered":"<p>A Prefeitura de Lajeado realiza Processo Seletivo Simplificado para as fun\u00e7\u00f5es de Arquiteto e de Engenheiro El\u00e9trico. A sele\u00e7\u00e3o ocorre para duas vagas de contrata\u00e7\u00e3o imediata e mais forma\u00e7\u00e3o de cadastro reserva. As inscri\u00e7\u00f5es s\u00e3o feitas, exclusivamente pela internet, at\u00e9 as 23h59 do dia (18\/12)\u00a0neste link. O sal\u00e1rio \u00e9 de R$ 7.298,46 para 33 horas [&hellip;]<\/p>\n","protected":false},"author":8,"featured_media":144956,"comment_status":"open","ping_status":"open","sticky":false,"template":"","format":"standard","meta":{"pmpro_default_level":"","_jetpack_memberships_contains_paid_content":false,"footnotes":""},"categories":[2,3,12041],"tags":[2095,27,1472],"class_list":{"0":"post-144954","1":"post","2":"type-post","3":"status-publish","4":"format-standard","5":"has-post-thumbnail","7":"category-featured","8":"category-geral","9":"category-oportunidades","10":"tag-contratacao","11":"tag-lajeado","12":"tag-processo-seletivo-simplificado","13":"pmpro-has-access"},"yoast_head":"<!-- This site is optimized with the Yoast SEO plugin v27.5 - https:\/\/yoast.com\/product\/yoast-seo-wordpress\/ -->\n<title>Prefeitura de Lajeado realiza processo seletivo para contrata\u00e7\u00e3o de Arquiteto e de Engenheiro El\u00e9trico - Folha Popular<\/title>\n<meta name=\"robots\" content=\"index, follow, max-snippet:-1, max-image-preview:large, max-video-preview:-1\" \/>\n<link rel=\"canonical\" href=\"https:\/\/folhapopular.info\/index.php\/2023\/12\/11\/prefeitura-de-lajeado-realiza-processo-seletivo-para-contratacao-de-arquiteto-e-de-engenheiro-eletrico\/\" \/>\n<meta property=\"og:locale\" content=\"pt_BR\" \/>\n<meta property=\"og:type\" content=\"article\" \/>\n<meta property=\"og:title\" content=\"Prefeitura de Lajeado realiza processo seletivo para contrata\u00e7\u00e3o de Arquiteto e de Engenheiro El\u00e9trico - Folha Popular\" \/>\n<meta property=\"og:description\" content=\"A Prefeitura de Lajeado realiza Processo Seletivo Simplificado para as fun\u00e7\u00f5es de Arquiteto e de Engenheiro El\u00e9trico. A sele\u00e7\u00e3o ocorre para duas vagas de contrata\u00e7\u00e3o imediata e mais forma\u00e7\u00e3o de cadastro reserva. As inscri\u00e7\u00f5es s\u00e3o feitas, exclusivamente pela internet, at\u00e9 as 23h59 do dia (18\/12)\u00a0neste link. O sal\u00e1rio \u00e9 de R$ 7.298,46 para 33 horas [&hellip;]\" \/>\n<meta property=\"og:url\" content=\"https:\/\/folhapopular.info\/index.php\/2023\/12\/11\/prefeitura-de-lajeado-realiza-processo-seletivo-para-contratacao-de-arquiteto-e-de-engenheiro-eletrico\/\" \/>\n<meta property=\"og:site_name\" content=\"Folha Popular\" \/>\n<meta property=\"article:published_time\" content=\"2023-12-11T17:35:00+00:00\" \/>\n<meta property=\"article:modified_time\" content=\"2023-12-11T17:50:30+00:00\" \/>\n<meta property=\"og:image\" content=\"http:\/\/folhapopular.info\/wp-content\/uploads\/2023\/12\/AtendimentonaprefeituraLauraMallmannArquivo1687805085581_foto-1.jpg\" \/>\n\t<meta property=\"og:image:width\" content=\"900\" \/>\n\t<meta property=\"og:image:height\" content=\"675\" \/>\n\t<meta property=\"og:image:type\" content=\"image\/jpeg\" \/>\n<meta name=\"author\" content=\"Reda\u00e7\u00e3o Folha Popular\" \/>\n<meta name=\"twitter:card\" content=\"summary_large_image\" \/>\n<meta name=\"twitter:label1\" content=\"Escrito por\" \/>\n\t<meta name=\"twitter:data1\" content=\"Reda\u00e7\u00e3o Folha Popular\" \/>\n\t<meta name=\"twitter:label2\" content=\"Est. tempo de leitura\" \/>\n\t<meta name=\"twitter:data2\" content=\"1 minuto\" \/>\n<script type=\"application\/ld+json\" class=\"yoast-schema-graph\">{\"@context\":\"https:\\\/\\\/schema.org\",\"@graph\":[{\"@type\":\"Article\",\"@id\":\"https:\\\/\\\/folhapopular.info\\\/index.php\\\/2023\\\/12\\\/11\\\/prefeitura-de-lajeado-realiza-processo-seletivo-para-contratacao-de-arquiteto-e-de-engenheiro-eletrico\\\/#article\",\"isPartOf\":{\"@id\":\"https:\\\/\\\/folhapopular.info\\\/index.php\\\/2023\\\/12\\\/11\\\/prefeitura-de-lajeado-realiza-processo-seletivo-para-contratacao-de-arquiteto-e-de-engenheiro-eletrico\\\/\"},\"author\":{\"name\":\"Reda\u00e7\u00e3o Folha Popular\",\"@id\":\"https:\\\/\\\/folhapopular.info\\\/#\\\/schema\\\/person\\\/2814e8a0df7643585a9ca38bc6eb9d4b\"},\"headline\":\"Prefeitura de Lajeado realiza processo seletivo para contrata\u00e7\u00e3o de Arquiteto e de Engenheiro El\u00e9trico\",\"datePublished\":\"2023-12-11T17:35:00+00:00\",\"dateModified\":\"2023-12-11T17:50:30+00:00\",\"mainEntityOfPage\":{\"@id\":\"https:\\\/\\\/folhapopular.info\\\/index.php\\\/2023\\\/12\\\/11\\\/prefeitura-de-lajeado-realiza-processo-seletivo-para-contratacao-de-arquiteto-e-de-engenheiro-eletrico\\\/\"},\"wordCount\":195,\"commentCount\":0,\"image\":{\"@id\":\"https:\\\/\\\/folhapopular.info\\\/index.php\\\/2023\\\/12\\\/11\\\/prefeitura-de-lajeado-realiza-processo-seletivo-para-contratacao-de-arquiteto-e-de-engenheiro-eletrico\\\/#primaryimage\"},\"thumbnailUrl\":\"https:\\\/\\\/folhapopular.info\\\/wp-content\\\/uploads\\\/2023\\\/12\\\/AtendimentonaprefeituraLauraMallmannArquivo1687805085581_foto-1-e1704982354848.jpg\",\"keywords\":[\"Contrata\u00e7\u00e3o\",\"Lajeado\",\"Processo Seletivo Simplificado\"],\"articleSection\":[\"Destaques\",\"Geral\",\"Oportunidades\"],\"inLanguage\":\"pt-BR\",\"potentialAction\":[{\"@type\":\"CommentAction\",\"name\":\"Comment\",\"target\":[\"https:\\\/\\\/folhapopular.info\\\/index.php\\\/2023\\\/12\\\/11\\\/prefeitura-de-lajeado-realiza-processo-seletivo-para-contratacao-de-arquiteto-e-de-engenheiro-eletrico\\\/#respond\"]}]},{\"@type\":\"WebPage\",\"@id\":\"https:\\\/\\\/folhapopular.info\\\/index.php\\\/2023\\\/12\\\/11\\\/prefeitura-de-lajeado-realiza-processo-seletivo-para-contratacao-de-arquiteto-e-de-engenheiro-eletrico\\\/\",\"url\":\"https:\\\/\\\/folhapopular.info\\\/index.php\\\/2023\\\/12\\\/11\\\/prefeitura-de-lajeado-realiza-processo-seletivo-para-contratacao-de-arquiteto-e-de-engenheiro-eletrico\\\/\",\"name\":\"Prefeitura de Lajeado realiza processo seletivo para contrata\u00e7\u00e3o de Arquiteto e de Engenheiro El\u00e9trico - Folha Popular\",\"isPartOf\":{\"@id\":\"https:\\\/\\\/folhapopular.info\\\/#website\"},\"primaryImageOfPage\":{\"@id\":\"https:\\\/\\\/folhapopular.info\\\/index.php\\\/2023\\\/12\\\/11\\\/prefeitura-de-lajeado-realiza-processo-seletivo-para-contratacao-de-arquiteto-e-de-engenheiro-eletrico\\\/#primaryimage\"},\"image\":{\"@id\":\"https:\\\/\\\/folhapopular.info\\\/index.php\\\/2023\\\/12\\\/11\\\/prefeitura-de-lajeado-realiza-processo-seletivo-para-contratacao-de-arquiteto-e-de-engenheiro-eletrico\\\/#primaryimage\"},\"thumbnailUrl\":\"https:\\\/\\\/folhapopular.info\\\/wp-content\\\/uploads\\\/2023\\\/12\\\/AtendimentonaprefeituraLauraMallmannArquivo1687805085581_foto-1-e1704982354848.jpg\",\"datePublished\":\"2023-12-11T17:35:00+00:00\",\"dateModified\":\"2023-12-11T17:50:30+00:00\",\"author\":{\"@id\":\"https:\\\/\\\/folhapopular.info\\\/#\\\/schema\\\/person\\\/2814e8a0df7643585a9ca38bc6eb9d4b\"},\"breadcrumb\":{\"@id\":\"https:\\\/\\\/folhapopular.info\\\/index.php\\\/2023\\\/12\\\/11\\\/prefeitura-de-lajeado-realiza-processo-seletivo-para-contratacao-de-arquiteto-e-de-engenheiro-eletrico\\\/#breadcrumb\"},\"inLanguage\":\"pt-BR\",\"potentialAction\":[{\"@type\":\"ReadAction\",\"target\":[\"https:\\\/\\\/folhapopular.info\\\/index.php\\\/2023\\\/12\\\/11\\\/prefeitura-de-lajeado-realiza-processo-seletivo-para-contratacao-de-arquiteto-e-de-engenheiro-eletrico\\\/\"]}]},{\"@type\":\"ImageObject\",\"inLanguage\":\"pt-BR\",\"@id\":\"https:\\\/\\\/folhapopular.info\\\/index.php\\\/2023\\\/12\\\/11\\\/prefeitura-de-lajeado-realiza-processo-seletivo-para-contratacao-de-arquiteto-e-de-engenheiro-eletrico\\\/#primaryimage\",\"url\":\"https:\\\/\\\/folhapopular.info\\\/wp-content\\\/uploads\\\/2023\\\/12\\\/AtendimentonaprefeituraLauraMallmannArquivo1687805085581_foto-1-e1704982354848.jpg\",\"contentUrl\":\"https:\\\/\\\/folhapopular.info\\\/wp-content\\\/uploads\\\/2023\\\/12\\\/AtendimentonaprefeituraLauraMallmannArquivo1687805085581_foto-1-e1704982354848.jpg\",\"width\":900,\"height\":556,\"caption\":\"Cr\u00e9dito: Divulga\u00e7\u00e3o Prefeitura de Lajeado\"},{\"@type\":\"BreadcrumbList\",\"@id\":\"https:\\\/\\\/folhapopular.info\\\/index.php\\\/2023\\\/12\\\/11\\\/prefeitura-de-lajeado-realiza-processo-seletivo-para-contratacao-de-arquiteto-e-de-engenheiro-eletrico\\\/#breadcrumb\",\"itemListElement\":[{\"@type\":\"ListItem\",\"position\":1,\"name\":\"In\u00edcio\",\"item\":\"https:\\\/\\\/folhapopular.info\\\/\"},{\"@type\":\"ListItem\",\"position\":2,\"name\":\"Prefeitura de Lajeado realiza processo seletivo para contrata\u00e7\u00e3o de Arquiteto e de Engenheiro El\u00e9trico\"}]},{\"@type\":\"WebSite\",\"@id\":\"https:\\\/\\\/folhapopular.info\\\/#website\",\"url\":\"https:\\\/\\\/folhapopular.info\\\/\",\"name\":\"Folha Popular\",\"description\":\"Onde voc\u00ea tem vez e voz\",\"potentialAction\":[{\"@type\":\"SearchAction\",\"target\":{\"@type\":\"EntryPoint\",\"urlTemplate\":\"https:\\\/\\\/folhapopular.info\\\/?s={search_term_string}\"},\"query-input\":{\"@type\":\"PropertyValueSpecification\",\"valueRequired\":true,\"valueName\":\"search_term_string\"}}],\"inLanguage\":\"pt-BR\"},{\"@type\":\"Person\",\"@id\":\"https:\\\/\\\/folhapopular.info\\\/#\\\/schema\\\/person\\\/2814e8a0df7643585a9ca38bc6eb9d4b\",\"name\":\"Reda\u00e7\u00e3o Folha Popular\",\"image\":{\"@type\":\"ImageObject\",\"inLanguage\":\"pt-BR\",\"@id\":\"https:\\\/\\\/folhapopular.info\\\/wp-content\\\/uploads\\\/2026\\\/04\\\/Folha-1.webp\",\"url\":\"https:\\\/\\\/folhapopular.info\\\/wp-content\\\/uploads\\\/2026\\\/04\\\/Folha-1.webp\",\"contentUrl\":\"https:\\\/\\\/folhapopular.info\\\/wp-content\\\/uploads\\\/2026\\\/04\\\/Folha-1.webp\",\"caption\":\"Reda\u00e7\u00e3o Folha Popular\"},\"url\":\"https:\\\/\\\/folhapopular.info\\\/index.php\\\/author\\\/redacao\\\/\"}]}<\/script>\n<!-- \/ Yoast SEO plugin. -->","yoast_head_json":{"title":"Prefeitura de Lajeado realiza processo seletivo para contrata\u00e7\u00e3o de Arquiteto e de Engenheiro El\u00e9trico - Folha Popular","robots":{"index":"index","follow":"follow","max-snippet":"max-snippet:-1","max-image-preview":"max-image-preview:large","max-video-preview":"max-video-preview:-1"},"canonical":"https:\/\/folhapopular.info\/index.php\/2023\/12\/11\/prefeitura-de-lajeado-realiza-processo-seletivo-para-contratacao-de-arquiteto-e-de-engenheiro-eletrico\/","og_locale":"pt_BR","og_type":"article","og_title":"Prefeitura de Lajeado realiza processo seletivo para contrata\u00e7\u00e3o de Arquiteto e de Engenheiro El\u00e9trico - Folha Popular","og_description":"A Prefeitura de Lajeado realiza Processo Seletivo Simplificado para as fun\u00e7\u00f5es de Arquiteto e de Engenheiro El\u00e9trico. A sele\u00e7\u00e3o ocorre para duas vagas de contrata\u00e7\u00e3o imediata e mais forma\u00e7\u00e3o de cadastro reserva. As inscri\u00e7\u00f5es s\u00e3o feitas, exclusivamente pela internet, at\u00e9 as 23h59 do dia (18\/12)\u00a0neste link. O sal\u00e1rio \u00e9 de R$ 7.298,46 para 33 horas [&hellip;]","og_url":"https:\/\/folhapopular.info\/index.php\/2023\/12\/11\/prefeitura-de-lajeado-realiza-processo-seletivo-para-contratacao-de-arquiteto-e-de-engenheiro-eletrico\/","og_site_name":"Folha Popular","article_published_time":"2023-12-11T17:35:00+00:00","article_modified_time":"2023-12-11T17:50:30+00:00","og_image":[{"width":900,"height":675,"url":"http:\/\/folhapopular.info\/wp-content\/uploads\/2023\/12\/AtendimentonaprefeituraLauraMallmannArquivo1687805085581_foto-1.jpg","type":"image\/jpeg"}],"author":"Reda\u00e7\u00e3o Folha Popular","twitter_card":"summary_large_image","twitter_misc":{"Escrito por":"Reda\u00e7\u00e3o Folha Popular","Est. tempo de leitura":"1 minuto"},"schema":{"@context":"https:\/\/schema.org","@graph":[{"@type":"Article","@id":"https:\/\/folhapopular.info\/index.php\/2023\/12\/11\/prefeitura-de-lajeado-realiza-processo-seletivo-para-contratacao-de-arquiteto-e-de-engenheiro-eletrico\/#article","isPartOf":{"@id":"https:\/\/folhapopular.info\/index.php\/2023\/12\/11\/prefeitura-de-lajeado-realiza-processo-seletivo-para-contratacao-de-arquiteto-e-de-engenheiro-eletrico\/"},"author":{"name":"Reda\u00e7\u00e3o Folha Popular","@id":"https:\/\/folhapopular.info\/#\/schema\/person\/2814e8a0df7643585a9ca38bc6eb9d4b"},"headline":"Prefeitura de Lajeado realiza processo seletivo para contrata\u00e7\u00e3o de Arquiteto e de Engenheiro El\u00e9trico","datePublished":"2023-12-11T17:35:00+00:00","dateModified":"2023-12-11T17:50:30+00:00","mainEntityOfPage":{"@id":"https:\/\/folhapopular.info\/index.php\/2023\/12\/11\/prefeitura-de-lajeado-realiza-processo-seletivo-para-contratacao-de-arquiteto-e-de-engenheiro-eletrico\/"},"wordCount":195,"commentCount":0,"image":{"@id":"https:\/\/folhapopular.info\/index.php\/2023\/12\/11\/prefeitura-de-lajeado-realiza-processo-seletivo-para-contratacao-de-arquiteto-e-de-engenheiro-eletrico\/#primaryimage"},"thumbnailUrl":"https:\/\/folhapopular.info\/wp-content\/uploads\/2023\/12\/AtendimentonaprefeituraLauraMallmannArquivo1687805085581_foto-1-e1704982354848.jpg","keywords":["Contrata\u00e7\u00e3o","Lajeado","Processo Seletivo Simplificado"],"articleSection":["Destaques","Geral","Oportunidades"],"inLanguage":"pt-BR","potentialAction":[{"@type":"CommentAction","name":"Comment","target":["https:\/\/folhapopular.info\/index.php\/2023\/12\/11\/prefeitura-de-lajeado-realiza-processo-seletivo-para-contratacao-de-arquiteto-e-de-engenheiro-eletrico\/#respond"]}]},{"@type":"WebPage","@id":"https:\/\/folhapopular.info\/index.php\/2023\/12\/11\/prefeitura-de-lajeado-realiza-processo-seletivo-para-contratacao-de-arquiteto-e-de-engenheiro-eletrico\/","url":"https:\/\/folhapopular.info\/index.php\/2023\/12\/11\/prefeitura-de-lajeado-realiza-processo-seletivo-para-contratacao-de-arquiteto-e-de-engenheiro-eletrico\/","name":"Prefeitura de Lajeado realiza processo seletivo para contrata\u00e7\u00e3o de Arquiteto e de Engenheiro El\u00e9trico - Folha Popular","isPartOf":{"@id":"https:\/\/folhapopular.info\/#website"},"primaryImageOfPage":{"@id":"https:\/\/folhapopular.info\/index.php\/2023\/12\/11\/prefeitura-de-lajeado-realiza-processo-seletivo-para-contratacao-de-arquiteto-e-de-engenheiro-eletrico\/#primaryimage"},"image":{"@id":"https:\/\/folhapopular.info\/index.php\/2023\/12\/11\/prefeitura-de-lajeado-realiza-processo-seletivo-para-contratacao-de-arquiteto-e-de-engenheiro-eletrico\/#primaryimage"},"thumbnailUrl":"https:\/\/folhapopular.info\/wp-content\/uploads\/2023\/12\/AtendimentonaprefeituraLauraMallmannArquivo1687805085581_foto-1-e1704982354848.jpg","datePublished":"2023-12-11T17:35:00+00:00","dateModified":"2023-12-11T17:50:30+00:00","author":{"@id":"https:\/\/folhapopular.info\/#\/schema\/person\/2814e8a0df7643585a9ca38bc6eb9d4b"},"breadcrumb":{"@id":"https:\/\/folhapopular.info\/index.php\/2023\/12\/11\/prefeitura-de-lajeado-realiza-processo-seletivo-para-contratacao-de-arquiteto-e-de-engenheiro-eletrico\/#breadcrumb"},"inLanguage":"pt-BR","potentialAction":[{"@type":"ReadAction","target":["https:\/\/folhapopular.info\/index.php\/2023\/12\/11\/prefeitura-de-lajeado-realiza-processo-seletivo-para-contratacao-de-arquiteto-e-de-engenheiro-eletrico\/"]}]},{"@type":"ImageObject","inLanguage":"pt-BR","@id":"https:\/\/folhapopular.info\/index.php\/2023\/12\/11\/prefeitura-de-lajeado-realiza-processo-seletivo-para-contratacao-de-arquiteto-e-de-engenheiro-eletrico\/#primaryimage","url":"https:\/\/folhapopular.info\/wp-content\/uploads\/2023\/12\/AtendimentonaprefeituraLauraMallmannArquivo1687805085581_foto-1-e1704982354848.jpg","contentUrl":"https:\/\/folhapopular.info\/wp-content\/uploads\/2023\/12\/AtendimentonaprefeituraLauraMallmannArquivo1687805085581_foto-1-e1704982354848.jpg","width":900,"height":556,"caption":"Cr\u00e9dito: Divulga\u00e7\u00e3o Prefeitura de Lajeado"},{"@type":"BreadcrumbList","@id":"https:\/\/folhapopular.info\/index.php\/2023\/12\/11\/prefeitura-de-lajeado-realiza-processo-seletivo-para-contratacao-de-arquiteto-e-de-engenheiro-eletrico\/#breadcrumb","itemListElement":[{"@type":"ListItem","position":1,"name":"In\u00edcio","item":"https:\/\/folhapopular.info\/"},{"@type":"ListItem","position":2,"name":"Prefeitura de Lajeado realiza processo seletivo para contrata\u00e7\u00e3o de Arquiteto e de Engenheiro El\u00e9trico"}]},{"@type":"WebSite","@id":"https:\/\/folhapopular.info\/#website","url":"https:\/\/folhapopular.info\/","name":"Folha Popular","description":"Onde voc\u00ea tem vez e voz","potentialAction":[{"@type":"SearchAction","target":{"@type":"EntryPoint","urlTemplate":"https:\/\/folhapopular.info\/?s={search_term_string}"},"query-input":{"@type":"PropertyValueSpecification","valueRequired":true,"valueName":"search_term_string"}}],"inLanguage":"pt-BR"},{"@type":"Person","@id":"https:\/\/folhapopular.info\/#\/schema\/person\/2814e8a0df7643585a9ca38bc6eb9d4b","name":"Reda\u00e7\u00e3o Folha Popular","image":{"@type":"ImageObject","inLanguage":"pt-BR","@id":"https:\/\/folhapopular.info\/wp-content\/uploads\/2026\/04\/Folha-1.webp","url":"https:\/\/folhapopular.info\/wp-content\/uploads\/2026\/04\/Folha-1.webp","contentUrl":"https:\/\/folhapopular.info\/wp-content\/uploads\/2026\/04\/Folha-1.webp","caption":"Reda\u00e7\u00e3o Folha Popular"},"url":"https:\/\/folhapopular.info\/index.php\/author\/redacao\/"}]}},"jetpack_featured_media_url":"https:\/\/folhapopular.info\/wp-content\/uploads\/2023\/12\/AtendimentonaprefeituraLauraMallmannArquivo1687805085581_foto-1-e1704982354848.jpg","jetpack_sharing_enabled":true,"amp_enabled":true,"_links":{"self":[{"href":"https:\/\/folhapopular.info\/index.php\/wp-json\/wp\/v2\/posts\/144954","targetHints":{"allow":["GET"]}}],"collection":[{"href":"https:\/\/folhapopular.info\/index.php\/wp-json\/wp\/v2\/posts"}],"about":[{"href":"https:\/\/folhapopular.info\/index.php\/wp-json\/wp\/v2\/types\/post"}],"author":[{"embeddable":true,"href":"https:\/\/folhapopular.info\/index.php\/wp-json\/wp\/v2\/users\/8"}],"replies":[{"embeddable":true,"href":"https:\/\/folhapopular.info\/index.php\/wp-json\/wp\/v2\/comments?post=144954"}],"version-history":[{"count":0,"href":"https:\/\/folhapopular.info\/index.php\/wp-json\/wp\/v2\/posts\/144954\/revisions"}],"wp:featuredmedia":[{"embeddable":true,"href":"https:\/\/folhapopular.info\/index.php\/wp-json\/wp\/v2\/media\/144956"}],"wp:attachment":[{"href":"https:\/\/folhapopular.info\/index.php\/wp-json\/wp\/v2\/media?parent=144954"}],"wp:term":[{"taxonomy":"category","embeddable":true,"href":"https:\/\/folhapopular.info\/index.php\/wp-json\/wp\/v2\/categories?post=144954"},{"taxonomy":"post_tag","embeddable":true,"href":"https:\/\/folhapopular.info\/index.php\/wp-json\/wp\/v2\/tags?post=144954"}],"curies":[{"name":"wp","href":"https:\/\/api.w.org\/{rel}","templated":true}]}}