{"id":144972,"date":"2023-12-11T17:00:00","date_gmt":"2023-12-11T20:00:00","guid":{"rendered":"https:\/\/folhapopular.info\/?p=144972"},"modified":"2023-12-11T15:48:16","modified_gmt":"2023-12-11T18:48:16","slug":"cic-teutonia-reune-diretoria-para-apresentacao-de-balanco-do-exercicio","status":"publish","type":"post","link":"https:\/\/folhapopular.info\/index.php\/2023\/12\/11\/cic-teutonia-reune-diretoria-para-apresentacao-de-balanco-do-exercicio\/","title":{"rendered":"CIC Teut\u00f4nia re\u00fane diretoria para apresenta\u00e7\u00e3o de balan\u00e7o do exerc\u00edcio"},"content":{"rendered":"\n<p>Na quinta-feira (7\/12) ocorreu a reuni\u00e3o de encerramento do ano da diretoria da CIC Teut\u00f4nia. O encontro foi realizado no audit\u00f3rio 1 da entidade e tamb\u00e9m teve a participa\u00e7\u00e3o de ex-presidentes e funcion\u00e1rios. Em pauta, resultados e a\u00e7\u00f5es de 2023 e desafios para 2024.<\/p>\n\n\n\n<p>O presidente Renato Lauri Scheffler agradeceu a presen\u00e7a e valorizou o voluntariado dos seus pares de diretoria. \u201cApesar de jovem, somos uma entidade associativa empresarial muito respeitada na regi\u00e3o e no Estado, que evoluiu muito ao longo dos seus 24 anos. O trabalho de representatividade que realizamos \u00e9 a base das nossas a\u00e7\u00f5es, com uni\u00e3o de esfor\u00e7os na busca por objetivos em comum e defendendo nossas 530 empresas associadas\u201d, destacou, mencionando tamb\u00e9m o trabalho de representatividade junto a outras organiza\u00e7\u00f5es, como Federasul e CIC Vale do Taquari. \u201cIsso nos fortalece como entidade, nos d\u00e1 mais for\u00e7a na defesa de algumas bandeiras.\u201d <\/p>\n\n\n\n<p>Por outro lado, alertou para as dificuldades que podem surgir a partir da proposta de aumento de impostos sugerida pelo Estado. \u201cEssa n\u00e3o \u00e9 a solu\u00e7\u00e3o, temos que achar outros meios para a sustentabilidade e competitividade das empresas do Rio Grande do Sul, e as entidades de classe podem auxiliar nisso\u201d, ponderou.<\/p>\n\n\n\n<p>Scheffler tamb\u00e9m adiantou a\u00e7\u00e3o da CIC para 2024: f\u00f3rum para discutir Teut\u00f4nia para os pr\u00f3ximos 15 anos. \u201cComo entidade empresarial, \u00e9 importante instigarmos o planejamento e pensamento sobre o futuro do munic\u00edpio, falar de a\u00e7\u00f5es de desenvolvimento. Esse \u00e9 o legado que deixamos para nossos filhos e netos, num cen\u00e1rio de oportunidades. N\u00e3o defendemos plano de governo, mas projetos de desenvolvimento para o Estado e o munic\u00edpio, independente de quem esteja no Poder Executivo e Legislativo municipal, estadual ou federal.\u201d<\/p>\n\n\n\n<h2 class=\"wp-block-heading\"><strong>A\u00e7\u00f5es<\/strong><\/h2>\n\n\n\n<p>A diretora-executiva da CIC, Carina Schulte Bolfe, trouxe indicadores referentes ao exerc\u00edcio de 2023 e planejamento de a\u00e7\u00f5es para o pr\u00f3ximo ano. Destaque para a revis\u00e3o do Planejamento Estrat\u00e9gico da entidade. \u201cNossa Vis\u00e3o estabelece que queremos ser reconhecidos como uma entidade parceira que promove o senso de pertencimento do empres\u00e1rio, a inova\u00e7\u00e3o e o empreendedorismo sustent\u00e1vel, com o prop\u00f3sito de promover a cultura associativa para que, de forma coordenada, contribua para o desenvolvimento local\u201d, apresentou.<\/p>\n\n\n\n<p>Tamb\u00e9m valorizou a aten\u00e7\u00e3o da entidade na forma\u00e7\u00e3o de lideran\u00e7as, a\u00e7\u00f5es focadas no desenvolvimento dos associados e do munic\u00edpio, num trabalho com olhar especial ao associativismo.<\/p>\n\n\n\n<p>Entre n\u00fameros e atividades promovidas at\u00e9 o fechamento do m\u00eas de novembro, a CIC implementou em 2023 <em>podcasts <\/em>sobre diferentes assuntos desde janeiro; inaugurou novo escrit\u00f3rio em fevereiro; deu posse \u00e0 nova diretoria e realizou mais uma edi\u00e7\u00e3o do Encontro Nacional de Ve\u00edculos Antigos em mar\u00e7o; promoveu movimento pelo Dia do Associativismo, que vem criando for\u00e7a no Vale do Taquari, em abril. A partir de maio retomou o Happy Hour Empresarial, com tr\u00eas edi\u00e7\u00f5es em 2023 e mais de 300 participantes, realizou obras de amplia\u00e7\u00e3o do audit\u00f3rio 4 e retomou cursos de gastronomia em junho; organizou o Feir\u00e3o do Com\u00e9rcio, com mais de R$ 700 mil em vendas, e foi parceira na organiza\u00e7\u00e3o do Pr\u00eamio Destaques da Economia de Teut\u00f4nia, em julho.<\/p>\n\n\n\n<p>Estruturou o Piquete do Associativismo, durante os festejos da Semana Farroupilha; em outubro, realizou a 1\u00aa Semana do Empreendedor, a 2\u00aa Conven\u00e7\u00e3o Atitude On, o 17\u00ba Feir\u00e3o de Ve\u00edculos Seminovos, eventos que contaram com grande mobiliza\u00e7\u00e3o dos associados e da comunidade; e, em novembro, deu in\u00edcio \u00e0 venda dos estandes para a Feira Comercial da Festa de Maio 2024, que j\u00e1 registra a comercializa\u00e7\u00e3o de 50% dos espa\u00e7os dispon\u00edveis, neste que \u00e9 o principal evento da entidade para 2024.<\/p>\n\n\n\n<h2 class=\"wp-block-heading\"><strong>2024<\/strong><\/h2>\n\n\n\n<p>O planejamento da entidade para 2024 prev\u00ea uma s\u00e9rie de a\u00e7\u00f5es e eventos. Entre eles est\u00e3o o Encontro Nacional de Ve\u00edculos Antigos, Festa de Maio, Feir\u00e3o do Com\u00e9rcio, Feir\u00e3o de Ve\u00edculos Seminovos e a possibilidade de retomada da Teutofrangofest.<\/p>\n\n\n\n<p>Uma das principais inova\u00e7\u00f5es ser\u00e1 a primeira edi\u00e7\u00e3o do f\u00f3rum de planejamento e discuss\u00e3o sobre o futuro de Teut\u00f4nia, agendado para o dia 18 de abril do pr\u00f3ximo ano. \u201cCom a participa\u00e7\u00e3o dos associados e lideran\u00e7as, precisamos olhar Teut\u00f4nia daqui para frente, o que queremos, propondo algumas frentes de trabalho. Inclusive, podemos avaliar a realiza\u00e7\u00e3o de eventos com a participa\u00e7\u00e3o dos candidatos ao Executivo Municipal nas pr\u00f3ximas elei\u00e7\u00f5es. A expectativa \u00e9 que esse trabalho passe a ser anual, com atualiza\u00e7\u00e3o constante, algo &#8216;vivo&#8217; na diretoria e na entidade\u201d, anunciou Carina.<\/p>\n\n\n\n<p>Outra atividade prevista \u00e9 a realiza\u00e7\u00e3o de miss\u00e3o empresarial teutoniense a Minas Gerais, em setembro, a exemplo do que j\u00e1 ocorreu em outro ano para Curitiba. <\/p>\n\n\n\n<p>Em 2024 a CIC tamb\u00e9m festeja 25 anos e, para isso, o 11\u00ba Jantar-Baile da entidade j\u00e1 tem data marcada: 30 de novembro, com momento especial na virada da noite, uma vez que o anivers\u00e1rio \u00e9 celebrado no dia 1\u00ba de dezembro.<\/p>\n\n\n\n<p>Tamb\u00e9m no pr\u00f3ximo ano deve ser iniciado o projeto da Arena CIC, complexo esportivo e multiuso a ser erguido na \u00e1rea aos fundos do pr\u00e9dio principal. \u201c\u00c9 um sonho que come\u00e7a a sair do papel, num projeto maior, de longo prazo. Mais um espa\u00e7o que estar\u00e1 dispon\u00edvel aos nossos associados e comunidade, aproveitamento de \u00e1rea com gera\u00e7\u00e3o de receita\u201d, concluiu.<\/p>\n\n\n\n<p>Por fim a entidade ainda reconheceu os diretores com o Destaque Engajamento, valorizando a participa\u00e7\u00e3o dos membros da diretoria nas atividades da CIC. \u201cAgradecemos a todos pelo trabalho. Nosso desafio \u00e9 seguirmos todos emprenhados e engajados\u201d, finalizou o presidente Renato Scheffler, tamb\u00e9m parabenizando a equipe de funcion\u00e1rios pelo trabalho.<\/p>\n","protected":false},"excerpt":{"rendered":"<p>Na quinta-feira (7\/12) ocorreu a reuni\u00e3o de encerramento do ano da diretoria da CIC Teut\u00f4nia. O encontro foi realizado no audit\u00f3rio 1 da entidade e tamb\u00e9m teve a participa\u00e7\u00e3o de ex-presidentes e funcion\u00e1rios. Em pauta, resultados e a\u00e7\u00f5es de 2023 e desafios para 2024. O presidente Renato Lauri Scheffler agradeceu a presen\u00e7a e valorizou o [&hellip;]<\/p>\n","protected":false},"author":8,"featured_media":144984,"comment_status":"open","ping_status":"open","sticky":false,"template":"","format":"standard","meta":{"pmpro_default_level":"","_jetpack_memberships_contains_paid_content":false,"footnotes":""},"categories":[2,3],"tags":[178,5703,156],"class_list":{"0":"post-144972","1":"post","2":"type-post","3":"status-publish","4":"format-standard","5":"has-post-thumbnail","7":"category-featured","8":"category-geral","9":"tag-cic-teutonia","10":"tag-diretoria","11":"tag-vale-do-taquari","12":"pmpro-has-access"},"yoast_head":"<!-- This site is optimized with the Yoast SEO plugin v27.5 - https:\/\/yoast.com\/product\/yoast-seo-wordpress\/ -->\n<title>CIC Teut\u00f4nia re\u00fane diretoria para apresenta\u00e7\u00e3o de balan\u00e7o do exerc\u00edcio - Folha Popular<\/title>\n<meta name=\"robots\" content=\"index, follow, max-snippet:-1, max-image-preview:large, max-video-preview:-1\" \/>\n<link rel=\"canonical\" href=\"https:\/\/folhapopular.info\/index.php\/2023\/12\/11\/cic-teutonia-reune-diretoria-para-apresentacao-de-balanco-do-exercicio\/\" \/>\n<meta property=\"og:locale\" content=\"pt_BR\" \/>\n<meta property=\"og:type\" content=\"article\" \/>\n<meta property=\"og:title\" content=\"CIC Teut\u00f4nia re\u00fane diretoria para apresenta\u00e7\u00e3o de balan\u00e7o do exerc\u00edcio - Folha Popular\" \/>\n<meta property=\"og:description\" content=\"Na quinta-feira (7\/12) ocorreu a reuni\u00e3o de encerramento do ano da diretoria da CIC Teut\u00f4nia. O encontro foi realizado no audit\u00f3rio 1 da entidade e tamb\u00e9m teve a participa\u00e7\u00e3o de ex-presidentes e funcion\u00e1rios. Em pauta, resultados e a\u00e7\u00f5es de 2023 e desafios para 2024. O presidente Renato Lauri Scheffler agradeceu a presen\u00e7a e valorizou o [&hellip;]\" \/>\n<meta property=\"og:url\" content=\"https:\/\/folhapopular.info\/index.php\/2023\/12\/11\/cic-teutonia-reune-diretoria-para-apresentacao-de-balanco-do-exercicio\/\" \/>\n<meta property=\"og:site_name\" content=\"Folha Popular\" \/>\n<meta property=\"article:published_time\" content=\"2023-12-11T20:00:00+00:00\" \/>\n<meta property=\"og:image\" content=\"https:\/\/folhapopular.info\/wp-content\/uploads\/2023\/12\/1-JORNAL.jpeg\" \/>\n\t<meta property=\"og:image:width\" content=\"1280\" \/>\n\t<meta property=\"og:image:height\" content=\"816\" \/>\n\t<meta property=\"og:image:type\" content=\"image\/jpeg\" \/>\n<meta name=\"author\" content=\"Reda\u00e7\u00e3o Folha Popular\" \/>\n<meta name=\"twitter:card\" content=\"summary_large_image\" \/>\n<meta name=\"twitter:label1\" content=\"Escrito por\" \/>\n\t<meta name=\"twitter:data1\" content=\"Reda\u00e7\u00e3o Folha Popular\" \/>\n\t<meta name=\"twitter:label2\" content=\"Est. tempo de leitura\" \/>\n\t<meta name=\"twitter:data2\" content=\"5 minutos\" \/>\n<script type=\"application\/ld+json\" class=\"yoast-schema-graph\">{\"@context\":\"https:\\\/\\\/schema.org\",\"@graph\":[{\"@type\":\"Article\",\"@id\":\"https:\\\/\\\/folhapopular.info\\\/index.php\\\/2023\\\/12\\\/11\\\/cic-teutonia-reune-diretoria-para-apresentacao-de-balanco-do-exercicio\\\/#article\",\"isPartOf\":{\"@id\":\"https:\\\/\\\/folhapopular.info\\\/index.php\\\/2023\\\/12\\\/11\\\/cic-teutonia-reune-diretoria-para-apresentacao-de-balanco-do-exercicio\\\/\"},\"author\":{\"name\":\"Reda\u00e7\u00e3o Folha Popular\",\"@id\":\"https:\\\/\\\/folhapopular.info\\\/#\\\/schema\\\/person\\\/2814e8a0df7643585a9ca38bc6eb9d4b\"},\"headline\":\"CIC Teut\u00f4nia re\u00fane diretoria para apresenta\u00e7\u00e3o de balan\u00e7o do exerc\u00edcio\",\"datePublished\":\"2023-12-11T20:00:00+00:00\",\"mainEntityOfPage\":{\"@id\":\"https:\\\/\\\/folhapopular.info\\\/index.php\\\/2023\\\/12\\\/11\\\/cic-teutonia-reune-diretoria-para-apresentacao-de-balanco-do-exercicio\\\/\"},\"wordCount\":966,\"commentCount\":0,\"image\":{\"@id\":\"https:\\\/\\\/folhapopular.info\\\/index.php\\\/2023\\\/12\\\/11\\\/cic-teutonia-reune-diretoria-para-apresentacao-de-balanco-do-exercicio\\\/#primaryimage\"},\"thumbnailUrl\":\"https:\\\/\\\/folhapopular.info\\\/wp-content\\\/uploads\\\/2023\\\/12\\\/1-JORNAL.jpeg\",\"keywords\":[\"CIC Teut\u00f4nia\",\"Diretoria\",\"Vale do Taquari\"],\"articleSection\":[\"Destaques\",\"Geral\"],\"inLanguage\":\"pt-BR\",\"potentialAction\":[{\"@type\":\"CommentAction\",\"name\":\"Comment\",\"target\":[\"https:\\\/\\\/folhapopular.info\\\/index.php\\\/2023\\\/12\\\/11\\\/cic-teutonia-reune-diretoria-para-apresentacao-de-balanco-do-exercicio\\\/#respond\"]}]},{\"@type\":\"WebPage\",\"@id\":\"https:\\\/\\\/folhapopular.info\\\/index.php\\\/2023\\\/12\\\/11\\\/cic-teutonia-reune-diretoria-para-apresentacao-de-balanco-do-exercicio\\\/\",\"url\":\"https:\\\/\\\/folhapopular.info\\\/index.php\\\/2023\\\/12\\\/11\\\/cic-teutonia-reune-diretoria-para-apresentacao-de-balanco-do-exercicio\\\/\",\"name\":\"CIC Teut\u00f4nia re\u00fane diretoria para apresenta\u00e7\u00e3o de balan\u00e7o do exerc\u00edcio - Folha Popular\",\"isPartOf\":{\"@id\":\"https:\\\/\\\/folhapopular.info\\\/#website\"},\"primaryImageOfPage\":{\"@id\":\"https:\\\/\\\/folhapopular.info\\\/index.php\\\/2023\\\/12\\\/11\\\/cic-teutonia-reune-diretoria-para-apresentacao-de-balanco-do-exercicio\\\/#primaryimage\"},\"image\":{\"@id\":\"https:\\\/\\\/folhapopular.info\\\/index.php\\\/2023\\\/12\\\/11\\\/cic-teutonia-reune-diretoria-para-apresentacao-de-balanco-do-exercicio\\\/#primaryimage\"},\"thumbnailUrl\":\"https:\\\/\\\/folhapopular.info\\\/wp-content\\\/uploads\\\/2023\\\/12\\\/1-JORNAL.jpeg\",\"datePublished\":\"2023-12-11T20:00:00+00:00\",\"author\":{\"@id\":\"https:\\\/\\\/folhapopular.info\\\/#\\\/schema\\\/person\\\/2814e8a0df7643585a9ca38bc6eb9d4b\"},\"breadcrumb\":{\"@id\":\"https:\\\/\\\/folhapopular.info\\\/index.php\\\/2023\\\/12\\\/11\\\/cic-teutonia-reune-diretoria-para-apresentacao-de-balanco-do-exercicio\\\/#breadcrumb\"},\"inLanguage\":\"pt-BR\",\"potentialAction\":[{\"@type\":\"ReadAction\",\"target\":[\"https:\\\/\\\/folhapopular.info\\\/index.php\\\/2023\\\/12\\\/11\\\/cic-teutonia-reune-diretoria-para-apresentacao-de-balanco-do-exercicio\\\/\"]}]},{\"@type\":\"ImageObject\",\"inLanguage\":\"pt-BR\",\"@id\":\"https:\\\/\\\/folhapopular.info\\\/index.php\\\/2023\\\/12\\\/11\\\/cic-teutonia-reune-diretoria-para-apresentacao-de-balanco-do-exercicio\\\/#primaryimage\",\"url\":\"https:\\\/\\\/folhapopular.info\\\/wp-content\\\/uploads\\\/2023\\\/12\\\/1-JORNAL.jpeg\",\"contentUrl\":\"https:\\\/\\\/folhapopular.info\\\/wp-content\\\/uploads\\\/2023\\\/12\\\/1-JORNAL.jpeg\",\"width\":1280,\"height\":816,\"caption\":\"Cr\u00e9dito: Leandro Augusto Hamester\"},{\"@type\":\"BreadcrumbList\",\"@id\":\"https:\\\/\\\/folhapopular.info\\\/index.php\\\/2023\\\/12\\\/11\\\/cic-teutonia-reune-diretoria-para-apresentacao-de-balanco-do-exercicio\\\/#breadcrumb\",\"itemListElement\":[{\"@type\":\"ListItem\",\"position\":1,\"name\":\"In\u00edcio\",\"item\":\"https:\\\/\\\/folhapopular.info\\\/\"},{\"@type\":\"ListItem\",\"position\":2,\"name\":\"CIC Teut\u00f4nia re\u00fane diretoria para apresenta\u00e7\u00e3o de balan\u00e7o do exerc\u00edcio\"}]},{\"@type\":\"WebSite\",\"@id\":\"https:\\\/\\\/folhapopular.info\\\/#website\",\"url\":\"https:\\\/\\\/folhapopular.info\\\/\",\"name\":\"Folha Popular\",\"description\":\"Onde voc\u00ea tem vez e voz\",\"potentialAction\":[{\"@type\":\"SearchAction\",\"target\":{\"@type\":\"EntryPoint\",\"urlTemplate\":\"https:\\\/\\\/folhapopular.info\\\/?s={search_term_string}\"},\"query-input\":{\"@type\":\"PropertyValueSpecification\",\"valueRequired\":true,\"valueName\":\"search_term_string\"}}],\"inLanguage\":\"pt-BR\"},{\"@type\":\"Person\",\"@id\":\"https:\\\/\\\/folhapopular.info\\\/#\\\/schema\\\/person\\\/2814e8a0df7643585a9ca38bc6eb9d4b\",\"name\":\"Reda\u00e7\u00e3o Folha Popular\",\"image\":{\"@type\":\"ImageObject\",\"inLanguage\":\"pt-BR\",\"@id\":\"https:\\\/\\\/folhapopular.info\\\/wp-content\\\/uploads\\\/2026\\\/04\\\/Folha-1.webp\",\"url\":\"https:\\\/\\\/folhapopular.info\\\/wp-content\\\/uploads\\\/2026\\\/04\\\/Folha-1.webp\",\"contentUrl\":\"https:\\\/\\\/folhapopular.info\\\/wp-content\\\/uploads\\\/2026\\\/04\\\/Folha-1.webp\",\"caption\":\"Reda\u00e7\u00e3o Folha Popular\"},\"url\":\"https:\\\/\\\/folhapopular.info\\\/index.php\\\/author\\\/redacao\\\/\"}]}<\/script>\n<!-- \/ Yoast SEO plugin. -->","yoast_head_json":{"title":"CIC Teut\u00f4nia re\u00fane diretoria para apresenta\u00e7\u00e3o de balan\u00e7o do exerc\u00edcio - Folha Popular","robots":{"index":"index","follow":"follow","max-snippet":"max-snippet:-1","max-image-preview":"max-image-preview:large","max-video-preview":"max-video-preview:-1"},"canonical":"https:\/\/folhapopular.info\/index.php\/2023\/12\/11\/cic-teutonia-reune-diretoria-para-apresentacao-de-balanco-do-exercicio\/","og_locale":"pt_BR","og_type":"article","og_title":"CIC Teut\u00f4nia re\u00fane diretoria para apresenta\u00e7\u00e3o de balan\u00e7o do exerc\u00edcio - Folha Popular","og_description":"Na quinta-feira (7\/12) ocorreu a reuni\u00e3o de encerramento do ano da diretoria da CIC Teut\u00f4nia. O encontro foi realizado no audit\u00f3rio 1 da entidade e tamb\u00e9m teve a participa\u00e7\u00e3o de ex-presidentes e funcion\u00e1rios. Em pauta, resultados e a\u00e7\u00f5es de 2023 e desafios para 2024. O presidente Renato Lauri Scheffler agradeceu a presen\u00e7a e valorizou o [&hellip;]","og_url":"https:\/\/folhapopular.info\/index.php\/2023\/12\/11\/cic-teutonia-reune-diretoria-para-apresentacao-de-balanco-do-exercicio\/","og_site_name":"Folha Popular","article_published_time":"2023-12-11T20:00:00+00:00","og_image":[{"width":1280,"height":816,"url":"https:\/\/folhapopular.info\/wp-content\/uploads\/2023\/12\/1-JORNAL.jpeg","type":"image\/jpeg"}],"author":"Reda\u00e7\u00e3o Folha Popular","twitter_card":"summary_large_image","twitter_misc":{"Escrito por":"Reda\u00e7\u00e3o Folha Popular","Est. tempo de leitura":"5 minutos"},"schema":{"@context":"https:\/\/schema.org","@graph":[{"@type":"Article","@id":"https:\/\/folhapopular.info\/index.php\/2023\/12\/11\/cic-teutonia-reune-diretoria-para-apresentacao-de-balanco-do-exercicio\/#article","isPartOf":{"@id":"https:\/\/folhapopular.info\/index.php\/2023\/12\/11\/cic-teutonia-reune-diretoria-para-apresentacao-de-balanco-do-exercicio\/"},"author":{"name":"Reda\u00e7\u00e3o Folha Popular","@id":"https:\/\/folhapopular.info\/#\/schema\/person\/2814e8a0df7643585a9ca38bc6eb9d4b"},"headline":"CIC Teut\u00f4nia re\u00fane diretoria para apresenta\u00e7\u00e3o de balan\u00e7o do exerc\u00edcio","datePublished":"2023-12-11T20:00:00+00:00","mainEntityOfPage":{"@id":"https:\/\/folhapopular.info\/index.php\/2023\/12\/11\/cic-teutonia-reune-diretoria-para-apresentacao-de-balanco-do-exercicio\/"},"wordCount":966,"commentCount":0,"image":{"@id":"https:\/\/folhapopular.info\/index.php\/2023\/12\/11\/cic-teutonia-reune-diretoria-para-apresentacao-de-balanco-do-exercicio\/#primaryimage"},"thumbnailUrl":"https:\/\/folhapopular.info\/wp-content\/uploads\/2023\/12\/1-JORNAL.jpeg","keywords":["CIC Teut\u00f4nia","Diretoria","Vale do Taquari"],"articleSection":["Destaques","Geral"],"inLanguage":"pt-BR","potentialAction":[{"@type":"CommentAction","name":"Comment","target":["https:\/\/folhapopular.info\/index.php\/2023\/12\/11\/cic-teutonia-reune-diretoria-para-apresentacao-de-balanco-do-exercicio\/#respond"]}]},{"@type":"WebPage","@id":"https:\/\/folhapopular.info\/index.php\/2023\/12\/11\/cic-teutonia-reune-diretoria-para-apresentacao-de-balanco-do-exercicio\/","url":"https:\/\/folhapopular.info\/index.php\/2023\/12\/11\/cic-teutonia-reune-diretoria-para-apresentacao-de-balanco-do-exercicio\/","name":"CIC Teut\u00f4nia re\u00fane diretoria para apresenta\u00e7\u00e3o de balan\u00e7o do exerc\u00edcio - Folha Popular","isPartOf":{"@id":"https:\/\/folhapopular.info\/#website"},"primaryImageOfPage":{"@id":"https:\/\/folhapopular.info\/index.php\/2023\/12\/11\/cic-teutonia-reune-diretoria-para-apresentacao-de-balanco-do-exercicio\/#primaryimage"},"image":{"@id":"https:\/\/folhapopular.info\/index.php\/2023\/12\/11\/cic-teutonia-reune-diretoria-para-apresentacao-de-balanco-do-exercicio\/#primaryimage"},"thumbnailUrl":"https:\/\/folhapopular.info\/wp-content\/uploads\/2023\/12\/1-JORNAL.jpeg","datePublished":"2023-12-11T20:00:00+00:00","author":{"@id":"https:\/\/folhapopular.info\/#\/schema\/person\/2814e8a0df7643585a9ca38bc6eb9d4b"},"breadcrumb":{"@id":"https:\/\/folhapopular.info\/index.php\/2023\/12\/11\/cic-teutonia-reune-diretoria-para-apresentacao-de-balanco-do-exercicio\/#breadcrumb"},"inLanguage":"pt-BR","potentialAction":[{"@type":"ReadAction","target":["https:\/\/folhapopular.info\/index.php\/2023\/12\/11\/cic-teutonia-reune-diretoria-para-apresentacao-de-balanco-do-exercicio\/"]}]},{"@type":"ImageObject","inLanguage":"pt-BR","@id":"https:\/\/folhapopular.info\/index.php\/2023\/12\/11\/cic-teutonia-reune-diretoria-para-apresentacao-de-balanco-do-exercicio\/#primaryimage","url":"https:\/\/folhapopular.info\/wp-content\/uploads\/2023\/12\/1-JORNAL.jpeg","contentUrl":"https:\/\/folhapopular.info\/wp-content\/uploads\/2023\/12\/1-JORNAL.jpeg","width":1280,"height":816,"caption":"Cr\u00e9dito: Leandro Augusto Hamester"},{"@type":"BreadcrumbList","@id":"https:\/\/folhapopular.info\/index.php\/2023\/12\/11\/cic-teutonia-reune-diretoria-para-apresentacao-de-balanco-do-exercicio\/#breadcrumb","itemListElement":[{"@type":"ListItem","position":1,"name":"In\u00edcio","item":"https:\/\/folhapopular.info\/"},{"@type":"ListItem","position":2,"name":"CIC Teut\u00f4nia re\u00fane diretoria para apresenta\u00e7\u00e3o de balan\u00e7o do exerc\u00edcio"}]},{"@type":"WebSite","@id":"https:\/\/folhapopular.info\/#website","url":"https:\/\/folhapopular.info\/","name":"Folha Popular","description":"Onde voc\u00ea tem vez e voz","potentialAction":[{"@type":"SearchAction","target":{"@type":"EntryPoint","urlTemplate":"https:\/\/folhapopular.info\/?s={search_term_string}"},"query-input":{"@type":"PropertyValueSpecification","valueRequired":true,"valueName":"search_term_string"}}],"inLanguage":"pt-BR"},{"@type":"Person","@id":"https:\/\/folhapopular.info\/#\/schema\/person\/2814e8a0df7643585a9ca38bc6eb9d4b","name":"Reda\u00e7\u00e3o Folha Popular","image":{"@type":"ImageObject","inLanguage":"pt-BR","@id":"https:\/\/folhapopular.info\/wp-content\/uploads\/2026\/04\/Folha-1.webp","url":"https:\/\/folhapopular.info\/wp-content\/uploads\/2026\/04\/Folha-1.webp","contentUrl":"https:\/\/folhapopular.info\/wp-content\/uploads\/2026\/04\/Folha-1.webp","caption":"Reda\u00e7\u00e3o Folha Popular"},"url":"https:\/\/folhapopular.info\/index.php\/author\/redacao\/"}]}},"jetpack_featured_media_url":"https:\/\/folhapopular.info\/wp-content\/uploads\/2023\/12\/1-JORNAL.jpeg","jetpack_sharing_enabled":true,"amp_enabled":true,"_links":{"self":[{"href":"https:\/\/folhapopular.info\/index.php\/wp-json\/wp\/v2\/posts\/144972","targetHints":{"allow":["GET"]}}],"collection":[{"href":"https:\/\/folhapopular.info\/index.php\/wp-json\/wp\/v2\/posts"}],"about":[{"href":"https:\/\/folhapopular.info\/index.php\/wp-json\/wp\/v2\/types\/post"}],"author":[{"embeddable":true,"href":"https:\/\/folhapopular.info\/index.php\/wp-json\/wp\/v2\/users\/8"}],"replies":[{"embeddable":true,"href":"https:\/\/folhapopular.info\/index.php\/wp-json\/wp\/v2\/comments?post=144972"}],"version-history":[{"count":0,"href":"https:\/\/folhapopular.info\/index.php\/wp-json\/wp\/v2\/posts\/144972\/revisions"}],"wp:featuredmedia":[{"embeddable":true,"href":"https:\/\/folhapopular.info\/index.php\/wp-json\/wp\/v2\/media\/144984"}],"wp:attachment":[{"href":"https:\/\/folhapopular.info\/index.php\/wp-json\/wp\/v2\/media?parent=144972"}],"wp:term":[{"taxonomy":"category","embeddable":true,"href":"https:\/\/folhapopular.info\/index.php\/wp-json\/wp\/v2\/categories?post=144972"},{"taxonomy":"post_tag","embeddable":true,"href":"https:\/\/folhapopular.info\/index.php\/wp-json\/wp\/v2\/tags?post=144972"}],"curies":[{"name":"wp","href":"https:\/\/api.w.org\/{rel}","templated":true}]}}