{"id":144991,"date":"2023-12-11T16:40:00","date_gmt":"2023-12-11T19:40:00","guid":{"rendered":"https:\/\/folhapopular.info\/?p=144991"},"modified":"2023-12-11T16:38:05","modified_gmt":"2023-12-11T19:38:05","slug":"icamento-das-vigas-de-nova-passarela-de-lajeado-exige-bloqueio-da-br-386","status":"publish","type":"post","link":"https:\/\/folhapopular.info\/index.php\/2023\/12\/11\/icamento-das-vigas-de-nova-passarela-de-lajeado-exige-bloqueio-da-br-386\/","title":{"rendered":"I\u00e7amento das vigas de nova passarela de Lajeado exige bloqueio da BR-386"},"content":{"rendered":"\n<p>Na noite desta segunda (11\/12), a CCR ViaSul far\u00e1 o i\u00e7amento das duas vigas da \u00faltima nova passarela no trecho da duplica\u00e7\u00e3o no km 344,5 em Lajeado, pr\u00f3ximo \u00e0 f\u00e1brica das Balas Florestal, na BR-386. A opera\u00e7\u00e3o ter\u00e1 in\u00edcio a partir das 21h e deve ser conclu\u00edda at\u00e9 as 5h de ter\u00e7a (12\/12).<\/p>\n\n\n\n<p>Durante o per\u00edodo, a concession\u00e1ria prev\u00ea o bloqueio total da rodovia em dois momentos, por cerca de 30 minutos cada. Neste trecho, previamente, a empresa j\u00e1 havia implantado o sistema de contrafluxo no tr\u00e1fego em uma extens\u00e3o de, aproximadamente, 800 metros, entre os kms 344,7 (em frente \u00e0 Rabaioli e Compagnoni Materiais de Constru\u00e7\u00e3o) e 343,9 (em frente \u00e0 Vidrocar), que deve permanecer at\u00e9 a conclus\u00e3o das a\u00e7\u00f5es de drenagem, pavimenta\u00e7\u00e3o e nova sinaliza\u00e7\u00e3o.<\/p>\n\n\n\n<p>Assim, a CCR ViaSul refor\u00e7a aos motoristas para que atentem \u00e0 sinaliza\u00e7\u00e3o nos pontos em obras, reduzindo a velocidade e redobrando a aten\u00e7\u00e3o.<\/p>\n\n\n\n<p>Para mais informa\u00e7\u00f5es, a concession\u00e1ria disponibiliza o site\u00a0<a href=\"http:\/\/www.ccrviasul.com.br\/\" target=\"_blank\" rel=\"noreferrer noopener\">www.ccrviasul.com.br<\/a>, o Disque CCR ViaSul pelo 0800 000 0290 ou o WhatsApp no (51) 3303-3858. Outro recurso \u00e0 disposi\u00e7\u00e3o \u00e9 o Servi\u00e7o de Informa\u00e7\u00e3o ao Cliente (SIC) pelo Whatsapp (51) 9 9761-2846.<\/p>\n\n\n\n<h2 class=\"wp-block-heading\"><strong>A estrutura<\/strong><\/h2>\n\n\n\n<p>As novas passarelas contam com tela de prote\u00e7\u00e3o no trecho de travessia sobre a pista para evitar que quaisquer res\u00edduos sejam atirados na pista. As cal\u00e7adas e passeios que d\u00e3o acesso \u00e0 rampa seguir\u00e3o todas as exig\u00eancias que garantem acessibilidade \u00e0s pessoas com defici\u00eancia. Sistemas de drenagem tamb\u00e9m ser\u00e3o instalados em todas as entradas e sa\u00eddas das rampas.<\/p>\n\n\n\n<p>Da mesma forma, ser\u00e3o implantados pontos de parada de \u00f4nibus em todas as passarelas, desde que respeitem uma dist\u00e2ncia m\u00ednima de 3,5 quil\u00f4metros entre eles.<\/p>\n\n\n\n<p>O local de implanta\u00e7\u00e3o da passarela foi determinado pelo Programa de Explora\u00e7\u00e3o da Rodovia (PER), estabelecido pelo contrato de concess\u00e3o assinado pela CCR ViaSul junto \u00e0 Ag\u00eancia Nacional de Transportes Terrestres, ap\u00f3s estudo que mostrou alto fluxo de pedestres na regi\u00e3o em raz\u00e3o das comunidades no entorno.<\/p>\n","protected":false},"excerpt":{"rendered":"<p>Na noite desta segunda (11\/12), a CCR ViaSul far\u00e1 o i\u00e7amento das duas vigas da \u00faltima nova passarela no trecho da duplica\u00e7\u00e3o no km 344,5 em Lajeado, pr\u00f3ximo \u00e0 f\u00e1brica das Balas Florestal, na BR-386. A opera\u00e7\u00e3o ter\u00e1 in\u00edcio a partir das 21h e deve ser conclu\u00edda at\u00e9 as 5h de ter\u00e7a (12\/12). Durante o [&hellip;]<\/p>\n","protected":false},"author":8,"featured_media":144992,"comment_status":"open","ping_status":"open","sticky":false,"template":"","format":"standard","meta":{"pmpro_default_level":"","_jetpack_memberships_contains_paid_content":false,"footnotes":""},"categories":[7,10983],"tags":[91,5556,9395,27],"class_list":{"0":"post-144991","1":"post","2":"type-post","3":"status-publish","4":"format-standard","5":"has-post-thumbnail","7":"category-seguranca","8":"category-transito","9":"tag-br-386","10":"tag-ccr-viasul","11":"tag-icamento","12":"tag-lajeado","13":"pmpro-has-access"},"yoast_head":"<!-- This site is optimized with the Yoast SEO plugin v27.5 - https:\/\/yoast.com\/product\/yoast-seo-wordpress\/ -->\n<title>I\u00e7amento das vigas de nova passarela de Lajeado exige bloqueio da BR-386 - Folha Popular<\/title>\n<meta name=\"robots\" content=\"index, follow, max-snippet:-1, max-image-preview:large, max-video-preview:-1\" \/>\n<link rel=\"canonical\" href=\"https:\/\/folhapopular.info\/index.php\/2023\/12\/11\/icamento-das-vigas-de-nova-passarela-de-lajeado-exige-bloqueio-da-br-386\/\" \/>\n<meta property=\"og:locale\" content=\"pt_BR\" \/>\n<meta property=\"og:type\" content=\"article\" \/>\n<meta property=\"og:title\" content=\"I\u00e7amento das vigas de nova passarela de Lajeado exige bloqueio da BR-386 - Folha Popular\" \/>\n<meta property=\"og:description\" content=\"Na noite desta segunda (11\/12), a CCR ViaSul far\u00e1 o i\u00e7amento das duas vigas da \u00faltima nova passarela no trecho da duplica\u00e7\u00e3o no km 344,5 em Lajeado, pr\u00f3ximo \u00e0 f\u00e1brica das Balas Florestal, na BR-386. A opera\u00e7\u00e3o ter\u00e1 in\u00edcio a partir das 21h e deve ser conclu\u00edda at\u00e9 as 5h de ter\u00e7a (12\/12). Durante o [&hellip;]\" \/>\n<meta property=\"og:url\" content=\"https:\/\/folhapopular.info\/index.php\/2023\/12\/11\/icamento-das-vigas-de-nova-passarela-de-lajeado-exige-bloqueio-da-br-386\/\" \/>\n<meta property=\"og:site_name\" content=\"Folha Popular\" \/>\n<meta property=\"article:published_time\" content=\"2023-12-11T19:40:00+00:00\" \/>\n<meta property=\"og:image\" content=\"https:\/\/folhapopular.info\/wp-content\/uploads\/2023\/12\/pass-344_divulgacao-CCR-VS.png\" \/>\n\t<meta property=\"og:image:width\" content=\"1420\" \/>\n\t<meta property=\"og:image:height\" content=\"822\" \/>\n\t<meta property=\"og:image:type\" content=\"image\/png\" \/>\n<meta name=\"author\" content=\"Reda\u00e7\u00e3o Folha Popular\" \/>\n<meta name=\"twitter:card\" content=\"summary_large_image\" \/>\n<meta name=\"twitter:label1\" content=\"Escrito por\" \/>\n\t<meta name=\"twitter:data1\" content=\"Reda\u00e7\u00e3o Folha Popular\" \/>\n\t<meta name=\"twitter:label2\" content=\"Est. tempo de leitura\" \/>\n\t<meta name=\"twitter:data2\" content=\"2 minutos\" \/>\n<script type=\"application\/ld+json\" class=\"yoast-schema-graph\">{\"@context\":\"https:\\\/\\\/schema.org\",\"@graph\":[{\"@type\":\"Article\",\"@id\":\"https:\\\/\\\/folhapopular.info\\\/index.php\\\/2023\\\/12\\\/11\\\/icamento-das-vigas-de-nova-passarela-de-lajeado-exige-bloqueio-da-br-386\\\/#article\",\"isPartOf\":{\"@id\":\"https:\\\/\\\/folhapopular.info\\\/index.php\\\/2023\\\/12\\\/11\\\/icamento-das-vigas-de-nova-passarela-de-lajeado-exige-bloqueio-da-br-386\\\/\"},\"author\":{\"name\":\"Reda\u00e7\u00e3o Folha Popular\",\"@id\":\"https:\\\/\\\/folhapopular.info\\\/#\\\/schema\\\/person\\\/2814e8a0df7643585a9ca38bc6eb9d4b\"},\"headline\":\"I\u00e7amento das vigas de nova passarela de Lajeado exige bloqueio da BR-386\",\"datePublished\":\"2023-12-11T19:40:00+00:00\",\"mainEntityOfPage\":{\"@id\":\"https:\\\/\\\/folhapopular.info\\\/index.php\\\/2023\\\/12\\\/11\\\/icamento-das-vigas-de-nova-passarela-de-lajeado-exige-bloqueio-da-br-386\\\/\"},\"wordCount\":362,\"commentCount\":0,\"image\":{\"@id\":\"https:\\\/\\\/folhapopular.info\\\/index.php\\\/2023\\\/12\\\/11\\\/icamento-das-vigas-de-nova-passarela-de-lajeado-exige-bloqueio-da-br-386\\\/#primaryimage\"},\"thumbnailUrl\":\"https:\\\/\\\/folhapopular.info\\\/wp-content\\\/uploads\\\/2023\\\/12\\\/pass-344_divulgacao-CCR-VS.png\",\"keywords\":[\"BR-386\",\"CCR Viasul\",\"I\u00e7amento\",\"Lajeado\"],\"articleSection\":[\"Seguran\u00e7a\",\"Tr\u00e2nsito\"],\"inLanguage\":\"pt-BR\",\"potentialAction\":[{\"@type\":\"CommentAction\",\"name\":\"Comment\",\"target\":[\"https:\\\/\\\/folhapopular.info\\\/index.php\\\/2023\\\/12\\\/11\\\/icamento-das-vigas-de-nova-passarela-de-lajeado-exige-bloqueio-da-br-386\\\/#respond\"]}]},{\"@type\":\"WebPage\",\"@id\":\"https:\\\/\\\/folhapopular.info\\\/index.php\\\/2023\\\/12\\\/11\\\/icamento-das-vigas-de-nova-passarela-de-lajeado-exige-bloqueio-da-br-386\\\/\",\"url\":\"https:\\\/\\\/folhapopular.info\\\/index.php\\\/2023\\\/12\\\/11\\\/icamento-das-vigas-de-nova-passarela-de-lajeado-exige-bloqueio-da-br-386\\\/\",\"name\":\"I\u00e7amento das vigas de nova passarela de Lajeado exige bloqueio da BR-386 - Folha Popular\",\"isPartOf\":{\"@id\":\"https:\\\/\\\/folhapopular.info\\\/#website\"},\"primaryImageOfPage\":{\"@id\":\"https:\\\/\\\/folhapopular.info\\\/index.php\\\/2023\\\/12\\\/11\\\/icamento-das-vigas-de-nova-passarela-de-lajeado-exige-bloqueio-da-br-386\\\/#primaryimage\"},\"image\":{\"@id\":\"https:\\\/\\\/folhapopular.info\\\/index.php\\\/2023\\\/12\\\/11\\\/icamento-das-vigas-de-nova-passarela-de-lajeado-exige-bloqueio-da-br-386\\\/#primaryimage\"},\"thumbnailUrl\":\"https:\\\/\\\/folhapopular.info\\\/wp-content\\\/uploads\\\/2023\\\/12\\\/pass-344_divulgacao-CCR-VS.png\",\"datePublished\":\"2023-12-11T19:40:00+00:00\",\"author\":{\"@id\":\"https:\\\/\\\/folhapopular.info\\\/#\\\/schema\\\/person\\\/2814e8a0df7643585a9ca38bc6eb9d4b\"},\"breadcrumb\":{\"@id\":\"https:\\\/\\\/folhapopular.info\\\/index.php\\\/2023\\\/12\\\/11\\\/icamento-das-vigas-de-nova-passarela-de-lajeado-exige-bloqueio-da-br-386\\\/#breadcrumb\"},\"inLanguage\":\"pt-BR\",\"potentialAction\":[{\"@type\":\"ReadAction\",\"target\":[\"https:\\\/\\\/folhapopular.info\\\/index.php\\\/2023\\\/12\\\/11\\\/icamento-das-vigas-de-nova-passarela-de-lajeado-exige-bloqueio-da-br-386\\\/\"]}]},{\"@type\":\"ImageObject\",\"inLanguage\":\"pt-BR\",\"@id\":\"https:\\\/\\\/folhapopular.info\\\/index.php\\\/2023\\\/12\\\/11\\\/icamento-das-vigas-de-nova-passarela-de-lajeado-exige-bloqueio-da-br-386\\\/#primaryimage\",\"url\":\"https:\\\/\\\/folhapopular.info\\\/wp-content\\\/uploads\\\/2023\\\/12\\\/pass-344_divulgacao-CCR-VS.png\",\"contentUrl\":\"https:\\\/\\\/folhapopular.info\\\/wp-content\\\/uploads\\\/2023\\\/12\\\/pass-344_divulgacao-CCR-VS.png\",\"width\":1420,\"height\":822,\"caption\":\"Cr\u00e9dito: Divulga\u00e7\u00e3o\"},{\"@type\":\"BreadcrumbList\",\"@id\":\"https:\\\/\\\/folhapopular.info\\\/index.php\\\/2023\\\/12\\\/11\\\/icamento-das-vigas-de-nova-passarela-de-lajeado-exige-bloqueio-da-br-386\\\/#breadcrumb\",\"itemListElement\":[{\"@type\":\"ListItem\",\"position\":1,\"name\":\"In\u00edcio\",\"item\":\"https:\\\/\\\/folhapopular.info\\\/\"},{\"@type\":\"ListItem\",\"position\":2,\"name\":\"I\u00e7amento das vigas de nova passarela de Lajeado exige bloqueio da BR-386\"}]},{\"@type\":\"WebSite\",\"@id\":\"https:\\\/\\\/folhapopular.info\\\/#website\",\"url\":\"https:\\\/\\\/folhapopular.info\\\/\",\"name\":\"Folha Popular\",\"description\":\"Onde voc\u00ea tem vez e voz\",\"potentialAction\":[{\"@type\":\"SearchAction\",\"target\":{\"@type\":\"EntryPoint\",\"urlTemplate\":\"https:\\\/\\\/folhapopular.info\\\/?s={search_term_string}\"},\"query-input\":{\"@type\":\"PropertyValueSpecification\",\"valueRequired\":true,\"valueName\":\"search_term_string\"}}],\"inLanguage\":\"pt-BR\"},{\"@type\":\"Person\",\"@id\":\"https:\\\/\\\/folhapopular.info\\\/#\\\/schema\\\/person\\\/2814e8a0df7643585a9ca38bc6eb9d4b\",\"name\":\"Reda\u00e7\u00e3o Folha Popular\",\"image\":{\"@type\":\"ImageObject\",\"inLanguage\":\"pt-BR\",\"@id\":\"https:\\\/\\\/folhapopular.info\\\/wp-content\\\/uploads\\\/2026\\\/04\\\/Folha-1.webp\",\"url\":\"https:\\\/\\\/folhapopular.info\\\/wp-content\\\/uploads\\\/2026\\\/04\\\/Folha-1.webp\",\"contentUrl\":\"https:\\\/\\\/folhapopular.info\\\/wp-content\\\/uploads\\\/2026\\\/04\\\/Folha-1.webp\",\"caption\":\"Reda\u00e7\u00e3o Folha Popular\"},\"url\":\"https:\\\/\\\/folhapopular.info\\\/index.php\\\/author\\\/redacao\\\/\"}]}<\/script>\n<!-- \/ Yoast SEO plugin. -->","yoast_head_json":{"title":"I\u00e7amento das vigas de nova passarela de Lajeado exige bloqueio da BR-386 - Folha Popular","robots":{"index":"index","follow":"follow","max-snippet":"max-snippet:-1","max-image-preview":"max-image-preview:large","max-video-preview":"max-video-preview:-1"},"canonical":"https:\/\/folhapopular.info\/index.php\/2023\/12\/11\/icamento-das-vigas-de-nova-passarela-de-lajeado-exige-bloqueio-da-br-386\/","og_locale":"pt_BR","og_type":"article","og_title":"I\u00e7amento das vigas de nova passarela de Lajeado exige bloqueio da BR-386 - Folha Popular","og_description":"Na noite desta segunda (11\/12), a CCR ViaSul far\u00e1 o i\u00e7amento das duas vigas da \u00faltima nova passarela no trecho da duplica\u00e7\u00e3o no km 344,5 em Lajeado, pr\u00f3ximo \u00e0 f\u00e1brica das Balas Florestal, na BR-386. A opera\u00e7\u00e3o ter\u00e1 in\u00edcio a partir das 21h e deve ser conclu\u00edda at\u00e9 as 5h de ter\u00e7a (12\/12). Durante o [&hellip;]","og_url":"https:\/\/folhapopular.info\/index.php\/2023\/12\/11\/icamento-das-vigas-de-nova-passarela-de-lajeado-exige-bloqueio-da-br-386\/","og_site_name":"Folha Popular","article_published_time":"2023-12-11T19:40:00+00:00","og_image":[{"width":1420,"height":822,"url":"https:\/\/folhapopular.info\/wp-content\/uploads\/2023\/12\/pass-344_divulgacao-CCR-VS.png","type":"image\/png"}],"author":"Reda\u00e7\u00e3o Folha Popular","twitter_card":"summary_large_image","twitter_misc":{"Escrito por":"Reda\u00e7\u00e3o Folha Popular","Est. tempo de leitura":"2 minutos"},"schema":{"@context":"https:\/\/schema.org","@graph":[{"@type":"Article","@id":"https:\/\/folhapopular.info\/index.php\/2023\/12\/11\/icamento-das-vigas-de-nova-passarela-de-lajeado-exige-bloqueio-da-br-386\/#article","isPartOf":{"@id":"https:\/\/folhapopular.info\/index.php\/2023\/12\/11\/icamento-das-vigas-de-nova-passarela-de-lajeado-exige-bloqueio-da-br-386\/"},"author":{"name":"Reda\u00e7\u00e3o Folha Popular","@id":"https:\/\/folhapopular.info\/#\/schema\/person\/2814e8a0df7643585a9ca38bc6eb9d4b"},"headline":"I\u00e7amento das vigas de nova passarela de Lajeado exige bloqueio da BR-386","datePublished":"2023-12-11T19:40:00+00:00","mainEntityOfPage":{"@id":"https:\/\/folhapopular.info\/index.php\/2023\/12\/11\/icamento-das-vigas-de-nova-passarela-de-lajeado-exige-bloqueio-da-br-386\/"},"wordCount":362,"commentCount":0,"image":{"@id":"https:\/\/folhapopular.info\/index.php\/2023\/12\/11\/icamento-das-vigas-de-nova-passarela-de-lajeado-exige-bloqueio-da-br-386\/#primaryimage"},"thumbnailUrl":"https:\/\/folhapopular.info\/wp-content\/uploads\/2023\/12\/pass-344_divulgacao-CCR-VS.png","keywords":["BR-386","CCR Viasul","I\u00e7amento","Lajeado"],"articleSection":["Seguran\u00e7a","Tr\u00e2nsito"],"inLanguage":"pt-BR","potentialAction":[{"@type":"CommentAction","name":"Comment","target":["https:\/\/folhapopular.info\/index.php\/2023\/12\/11\/icamento-das-vigas-de-nova-passarela-de-lajeado-exige-bloqueio-da-br-386\/#respond"]}]},{"@type":"WebPage","@id":"https:\/\/folhapopular.info\/index.php\/2023\/12\/11\/icamento-das-vigas-de-nova-passarela-de-lajeado-exige-bloqueio-da-br-386\/","url":"https:\/\/folhapopular.info\/index.php\/2023\/12\/11\/icamento-das-vigas-de-nova-passarela-de-lajeado-exige-bloqueio-da-br-386\/","name":"I\u00e7amento das vigas de nova passarela de Lajeado exige bloqueio da BR-386 - Folha Popular","isPartOf":{"@id":"https:\/\/folhapopular.info\/#website"},"primaryImageOfPage":{"@id":"https:\/\/folhapopular.info\/index.php\/2023\/12\/11\/icamento-das-vigas-de-nova-passarela-de-lajeado-exige-bloqueio-da-br-386\/#primaryimage"},"image":{"@id":"https:\/\/folhapopular.info\/index.php\/2023\/12\/11\/icamento-das-vigas-de-nova-passarela-de-lajeado-exige-bloqueio-da-br-386\/#primaryimage"},"thumbnailUrl":"https:\/\/folhapopular.info\/wp-content\/uploads\/2023\/12\/pass-344_divulgacao-CCR-VS.png","datePublished":"2023-12-11T19:40:00+00:00","author":{"@id":"https:\/\/folhapopular.info\/#\/schema\/person\/2814e8a0df7643585a9ca38bc6eb9d4b"},"breadcrumb":{"@id":"https:\/\/folhapopular.info\/index.php\/2023\/12\/11\/icamento-das-vigas-de-nova-passarela-de-lajeado-exige-bloqueio-da-br-386\/#breadcrumb"},"inLanguage":"pt-BR","potentialAction":[{"@type":"ReadAction","target":["https:\/\/folhapopular.info\/index.php\/2023\/12\/11\/icamento-das-vigas-de-nova-passarela-de-lajeado-exige-bloqueio-da-br-386\/"]}]},{"@type":"ImageObject","inLanguage":"pt-BR","@id":"https:\/\/folhapopular.info\/index.php\/2023\/12\/11\/icamento-das-vigas-de-nova-passarela-de-lajeado-exige-bloqueio-da-br-386\/#primaryimage","url":"https:\/\/folhapopular.info\/wp-content\/uploads\/2023\/12\/pass-344_divulgacao-CCR-VS.png","contentUrl":"https:\/\/folhapopular.info\/wp-content\/uploads\/2023\/12\/pass-344_divulgacao-CCR-VS.png","width":1420,"height":822,"caption":"Cr\u00e9dito: Divulga\u00e7\u00e3o"},{"@type":"BreadcrumbList","@id":"https:\/\/folhapopular.info\/index.php\/2023\/12\/11\/icamento-das-vigas-de-nova-passarela-de-lajeado-exige-bloqueio-da-br-386\/#breadcrumb","itemListElement":[{"@type":"ListItem","position":1,"name":"In\u00edcio","item":"https:\/\/folhapopular.info\/"},{"@type":"ListItem","position":2,"name":"I\u00e7amento das vigas de nova passarela de Lajeado exige bloqueio da BR-386"}]},{"@type":"WebSite","@id":"https:\/\/folhapopular.info\/#website","url":"https:\/\/folhapopular.info\/","name":"Folha Popular","description":"Onde voc\u00ea tem vez e voz","potentialAction":[{"@type":"SearchAction","target":{"@type":"EntryPoint","urlTemplate":"https:\/\/folhapopular.info\/?s={search_term_string}"},"query-input":{"@type":"PropertyValueSpecification","valueRequired":true,"valueName":"search_term_string"}}],"inLanguage":"pt-BR"},{"@type":"Person","@id":"https:\/\/folhapopular.info\/#\/schema\/person\/2814e8a0df7643585a9ca38bc6eb9d4b","name":"Reda\u00e7\u00e3o Folha Popular","image":{"@type":"ImageObject","inLanguage":"pt-BR","@id":"https:\/\/folhapopular.info\/wp-content\/uploads\/2026\/04\/Folha-1.webp","url":"https:\/\/folhapopular.info\/wp-content\/uploads\/2026\/04\/Folha-1.webp","contentUrl":"https:\/\/folhapopular.info\/wp-content\/uploads\/2026\/04\/Folha-1.webp","caption":"Reda\u00e7\u00e3o Folha Popular"},"url":"https:\/\/folhapopular.info\/index.php\/author\/redacao\/"}]}},"jetpack_featured_media_url":"https:\/\/folhapopular.info\/wp-content\/uploads\/2023\/12\/pass-344_divulgacao-CCR-VS.png","jetpack_sharing_enabled":true,"amp_enabled":true,"_links":{"self":[{"href":"https:\/\/folhapopular.info\/index.php\/wp-json\/wp\/v2\/posts\/144991","targetHints":{"allow":["GET"]}}],"collection":[{"href":"https:\/\/folhapopular.info\/index.php\/wp-json\/wp\/v2\/posts"}],"about":[{"href":"https:\/\/folhapopular.info\/index.php\/wp-json\/wp\/v2\/types\/post"}],"author":[{"embeddable":true,"href":"https:\/\/folhapopular.info\/index.php\/wp-json\/wp\/v2\/users\/8"}],"replies":[{"embeddable":true,"href":"https:\/\/folhapopular.info\/index.php\/wp-json\/wp\/v2\/comments?post=144991"}],"version-history":[{"count":0,"href":"https:\/\/folhapopular.info\/index.php\/wp-json\/wp\/v2\/posts\/144991\/revisions"}],"wp:featuredmedia":[{"embeddable":true,"href":"https:\/\/folhapopular.info\/index.php\/wp-json\/wp\/v2\/media\/144992"}],"wp:attachment":[{"href":"https:\/\/folhapopular.info\/index.php\/wp-json\/wp\/v2\/media?parent=144991"}],"wp:term":[{"taxonomy":"category","embeddable":true,"href":"https:\/\/folhapopular.info\/index.php\/wp-json\/wp\/v2\/categories?post=144991"},{"taxonomy":"post_tag","embeddable":true,"href":"https:\/\/folhapopular.info\/index.php\/wp-json\/wp\/v2\/tags?post=144991"}],"curies":[{"name":"wp","href":"https:\/\/api.w.org\/{rel}","templated":true}]}}