{"id":145131,"date":"2023-12-13T09:23:50","date_gmt":"2023-12-13T12:23:50","guid":{"rendered":"https:\/\/folhapopular.info\/?p=145131"},"modified":"2023-12-13T14:23:34","modified_gmt":"2023-12-13T17:23:34","slug":"secretaria-promete-limpeza-e-reforma-na-praca-do-bairro-languiru-apos-reclamacoes","status":"publish","type":"post","link":"https:\/\/folhapopular.info\/index.php\/2023\/12\/13\/secretaria-promete-limpeza-e-reforma-na-praca-do-bairro-languiru-apos-reclamacoes\/","title":{"rendered":"Secretaria promete limpeza e reforma na pra\u00e7a do Bairro Languiru ap\u00f3s reclama\u00e7\u00f5es"},"content":{"rendered":"\n<p>A pra\u00e7a do Bairro Languiru tem sido motivo de muitas reclama\u00e7\u00f5es na comunidade. Nas redes sociais tem repercutido v\u00eddeos, textos e fotos que mostram a sujeira e mau estado de estruturas do espa\u00e7o de lazer que fica no centro do bairro. As cobran\u00e7as tamb\u00e9m foram pauta em discursos na C\u00e2mara de Teut\u00f4nia nesta ter\u00e7a-feira (12\/12).<\/p>\n\n\n\n<p>Ap\u00f3s toda repercuss\u00e3o, a Secretaria de Obras, Via\u00e7\u00e3o e Transportes informou que planejou um mutir\u00e3o de limpeza de ruas que est\u00e1 sendo executado desde o in\u00edcio do m\u00eas. \u201cAs pra\u00e7as tamb\u00e9m ser\u00e3o contempladas, inclusive a do bairro Languiru, assim como, sua reforma\u201d, diz a nota.<\/p>\n\n\n\n<p>A pasta ainda considera que este per\u00edodo de chuva e calor \u00e9 prop\u00edcio para o crescimento acelerado da vegeta\u00e7\u00e3o, mas afirma que as equipes est\u00e3o trabalhando diariamente para manter a cidade limpa e organizada.<\/p>\n\n\n\n<h2 class=\"wp-block-heading\">Repercuss\u00e3o na C\u00e2mara<\/h2>\n\n\n\n<p>A limpeza de Teut\u00f4nia, sobretudo de espa\u00e7os p\u00fablicos e de responsabilidade do Munic\u00edpio, foi cobrada por vereadores na ter\u00e7a-feira (12\/12) na tribuna da C\u00e2mara. Evandro Biondo (MDB) disse que tem sido muito cobrado sobre a limpeza em diversos pontos. Falou tamb\u00e9m sobre os letreiros dos nomes dos bairros nos trevos e r\u00f3tulas da ERS-128 (Via L\u00e1ctea). \u201cMuitos est\u00e3o com letras faltando. Ou arruma isso, ou tira tudo logo, at\u00e9 porque recebemos muitos visitantes de outros lugares\u201d, sugere.<\/p>\n\n\n\n<p>Ele refor\u00e7ou, principalmente, a reclama\u00e7\u00e3o sobre o estado da pra\u00e7a do Bairro Languiru. \u201cNunca recebei tantas reclama\u00e7\u00f5es sobre esse ponto como agora\u201d, avalia.<\/p>\n\n\n\n<p>Ele salientou que o espa\u00e7o fica no cora\u00e7\u00e3o do Bairro Languiru. \u201cQuero pedir que, por favor, a administra\u00e7\u00e3o passe l\u00e1. N\u00e3o d\u00e1 para fazer o Natal Luz de Gramado com a pra\u00e7a daquele jeito. N\u00e3o estou criticando a programa\u00e7\u00e3o e decora\u00e7\u00e3o de Natal, est\u00e1 muito bonito, mas logo ali temos um local que est\u00e1 abandonado. S\u00e3o quest\u00f5es que s\u00e3o simples de serem resolvidas\u201d, considera.<\/p>\n\n\n\n<p>Cleudori Paniz (PSD), que j\u00e1 havia abordado o tema na semana passada, refor\u00e7ou o pedido. \u201cHouve melhora nos \u00faltimos 30 dias, sim, mas ainda tem muito entulho e muitos galhos espalhados,. As pra\u00e7as tamb\u00e9m est\u00e3o muito feias. Precisamos sim ter um Munic\u00edpio que olhe mais para essa quest\u00e3o, Teut\u00f4nia merece um pouco mais, e isso faz parte da gest\u00e3o do prefeito\u201d, pondera.<\/p>\n","protected":false},"excerpt":{"rendered":"<p>A pra\u00e7a do Bairro Languiru tem sido motivo de muitas reclama\u00e7\u00f5es na comunidade. Nas redes sociais tem repercutido v\u00eddeos, textos e fotos que mostram a sujeira e mau estado de estruturas do espa\u00e7o de lazer que fica no centro do bairro. As cobran\u00e7as tamb\u00e9m foram pauta em discursos na C\u00e2mara de Teut\u00f4nia nesta ter\u00e7a-feira (12\/12). [&hellip;]<\/p>\n","protected":false},"author":5,"featured_media":145132,"comment_status":"open","ping_status":"open","sticky":false,"template":"","format":"standard","meta":{"pmpro_default_level":"","_jetpack_memberships_contains_paid_content":false,"footnotes":""},"categories":[2,3],"tags":[217,3986,4774,5557,26],"class_list":{"0":"post-145131","1":"post","2":"type-post","3":"status-publish","4":"format-standard","5":"has-post-thumbnail","7":"category-featured","8":"category-geral","9":"tag-bairro-languiru","10":"tag-limpeza","11":"tag-praca","12":"tag-reforma","13":"tag-teutonia","14":"pmpro-has-access"},"yoast_head":"<!-- This site is optimized with the Yoast SEO plugin v27.4 - https:\/\/yoast.com\/product\/yoast-seo-wordpress\/ -->\n<title>Secretaria promete limpeza e reforma na pra\u00e7a do Bairro Languiru ap\u00f3s reclama\u00e7\u00f5es - Folha Popular<\/title>\n<meta name=\"robots\" content=\"index, follow, max-snippet:-1, max-image-preview:large, max-video-preview:-1\" \/>\n<link rel=\"canonical\" href=\"https:\/\/folhapopular.info\/index.php\/2023\/12\/13\/secretaria-promete-limpeza-e-reforma-na-praca-do-bairro-languiru-apos-reclamacoes\/\" \/>\n<meta property=\"og:locale\" content=\"pt_BR\" \/>\n<meta property=\"og:type\" content=\"article\" \/>\n<meta property=\"og:title\" content=\"Secretaria promete limpeza e reforma na pra\u00e7a do Bairro Languiru ap\u00f3s reclama\u00e7\u00f5es - Folha Popular\" \/>\n<meta property=\"og:description\" content=\"A pra\u00e7a do Bairro Languiru tem sido motivo de muitas reclama\u00e7\u00f5es na comunidade. Nas redes sociais tem repercutido v\u00eddeos, textos e fotos que mostram a sujeira e mau estado de estruturas do espa\u00e7o de lazer que fica no centro do bairro. As cobran\u00e7as tamb\u00e9m foram pauta em discursos na C\u00e2mara de Teut\u00f4nia nesta ter\u00e7a-feira (12\/12). [&hellip;]\" \/>\n<meta property=\"og:url\" content=\"https:\/\/folhapopular.info\/index.php\/2023\/12\/13\/secretaria-promete-limpeza-e-reforma-na-praca-do-bairro-languiru-apos-reclamacoes\/\" \/>\n<meta property=\"og:site_name\" content=\"Folha Popular\" \/>\n<meta property=\"article:published_time\" content=\"2023-12-13T12:23:50+00:00\" \/>\n<meta property=\"article:modified_time\" content=\"2023-12-13T17:23:34+00:00\" \/>\n<meta property=\"og:image\" content=\"http:\/\/folhapopular.info\/wp-content\/uploads\/2023\/12\/WhatsApp-Image-2023-12-13-at-09.21.36-e1702470199403.jpeg\" \/>\n\t<meta property=\"og:image:width\" content=\"1200\" \/>\n\t<meta property=\"og:image:height\" content=\"900\" \/>\n\t<meta property=\"og:image:type\" content=\"image\/jpeg\" \/>\n<meta name=\"author\" content=\"Paloma Cristine Griesang\" \/>\n<meta name=\"twitter:card\" content=\"summary_large_image\" \/>\n<meta name=\"twitter:label1\" content=\"Escrito por\" \/>\n\t<meta name=\"twitter:data1\" content=\"Paloma Cristine Griesang\" \/>\n\t<meta name=\"twitter:label2\" content=\"Est. tempo de leitura\" \/>\n\t<meta name=\"twitter:data2\" content=\"3 minutos\" \/>\n<script type=\"application\/ld+json\" class=\"yoast-schema-graph\">{\"@context\":\"https:\\\/\\\/schema.org\",\"@graph\":[{\"@type\":\"Article\",\"@id\":\"https:\\\/\\\/folhapopular.info\\\/index.php\\\/2023\\\/12\\\/13\\\/secretaria-promete-limpeza-e-reforma-na-praca-do-bairro-languiru-apos-reclamacoes\\\/#article\",\"isPartOf\":{\"@id\":\"https:\\\/\\\/folhapopular.info\\\/index.php\\\/2023\\\/12\\\/13\\\/secretaria-promete-limpeza-e-reforma-na-praca-do-bairro-languiru-apos-reclamacoes\\\/\"},\"author\":{\"name\":\"Paloma Cristine Griesang\",\"@id\":\"https:\\\/\\\/folhapopular.info\\\/#\\\/schema\\\/person\\\/6441c3adb14a6337552a9700ef5698d2\"},\"headline\":\"Secretaria promete limpeza e reforma na pra\u00e7a do Bairro Languiru ap\u00f3s reclama\u00e7\u00f5es\",\"datePublished\":\"2023-12-13T12:23:50+00:00\",\"dateModified\":\"2023-12-13T17:23:34+00:00\",\"mainEntityOfPage\":{\"@id\":\"https:\\\/\\\/folhapopular.info\\\/index.php\\\/2023\\\/12\\\/13\\\/secretaria-promete-limpeza-e-reforma-na-praca-do-bairro-languiru-apos-reclamacoes\\\/\"},\"wordCount\":431,\"commentCount\":0,\"image\":{\"@id\":\"https:\\\/\\\/folhapopular.info\\\/index.php\\\/2023\\\/12\\\/13\\\/secretaria-promete-limpeza-e-reforma-na-praca-do-bairro-languiru-apos-reclamacoes\\\/#primaryimage\"},\"thumbnailUrl\":\"https:\\\/\\\/folhapopular.info\\\/wp-content\\\/uploads\\\/2023\\\/12\\\/WhatsApp-Image-2023-12-13-at-09.21.36-e1702470199403.jpeg\",\"keywords\":[\"Bairro Languiru\",\"limpeza\",\"Pra\u00e7a\",\"reforma\",\"Teut\u00f4nia\"],\"articleSection\":[\"Destaques\",\"Geral\"],\"inLanguage\":\"pt-BR\",\"potentialAction\":[{\"@type\":\"CommentAction\",\"name\":\"Comment\",\"target\":[\"https:\\\/\\\/folhapopular.info\\\/index.php\\\/2023\\\/12\\\/13\\\/secretaria-promete-limpeza-e-reforma-na-praca-do-bairro-languiru-apos-reclamacoes\\\/#respond\"]}]},{\"@type\":\"WebPage\",\"@id\":\"https:\\\/\\\/folhapopular.info\\\/index.php\\\/2023\\\/12\\\/13\\\/secretaria-promete-limpeza-e-reforma-na-praca-do-bairro-languiru-apos-reclamacoes\\\/\",\"url\":\"https:\\\/\\\/folhapopular.info\\\/index.php\\\/2023\\\/12\\\/13\\\/secretaria-promete-limpeza-e-reforma-na-praca-do-bairro-languiru-apos-reclamacoes\\\/\",\"name\":\"Secretaria promete limpeza e reforma na pra\u00e7a do Bairro Languiru ap\u00f3s reclama\u00e7\u00f5es - Folha Popular\",\"isPartOf\":{\"@id\":\"https:\\\/\\\/folhapopular.info\\\/#website\"},\"primaryImageOfPage\":{\"@id\":\"https:\\\/\\\/folhapopular.info\\\/index.php\\\/2023\\\/12\\\/13\\\/secretaria-promete-limpeza-e-reforma-na-praca-do-bairro-languiru-apos-reclamacoes\\\/#primaryimage\"},\"image\":{\"@id\":\"https:\\\/\\\/folhapopular.info\\\/index.php\\\/2023\\\/12\\\/13\\\/secretaria-promete-limpeza-e-reforma-na-praca-do-bairro-languiru-apos-reclamacoes\\\/#primaryimage\"},\"thumbnailUrl\":\"https:\\\/\\\/folhapopular.info\\\/wp-content\\\/uploads\\\/2023\\\/12\\\/WhatsApp-Image-2023-12-13-at-09.21.36-e1702470199403.jpeg\",\"datePublished\":\"2023-12-13T12:23:50+00:00\",\"dateModified\":\"2023-12-13T17:23:34+00:00\",\"author\":{\"@id\":\"https:\\\/\\\/folhapopular.info\\\/#\\\/schema\\\/person\\\/6441c3adb14a6337552a9700ef5698d2\"},\"breadcrumb\":{\"@id\":\"https:\\\/\\\/folhapopular.info\\\/index.php\\\/2023\\\/12\\\/13\\\/secretaria-promete-limpeza-e-reforma-na-praca-do-bairro-languiru-apos-reclamacoes\\\/#breadcrumb\"},\"inLanguage\":\"pt-BR\",\"potentialAction\":[{\"@type\":\"ReadAction\",\"target\":[\"https:\\\/\\\/folhapopular.info\\\/index.php\\\/2023\\\/12\\\/13\\\/secretaria-promete-limpeza-e-reforma-na-praca-do-bairro-languiru-apos-reclamacoes\\\/\"]}]},{\"@type\":\"ImageObject\",\"inLanguage\":\"pt-BR\",\"@id\":\"https:\\\/\\\/folhapopular.info\\\/index.php\\\/2023\\\/12\\\/13\\\/secretaria-promete-limpeza-e-reforma-na-praca-do-bairro-languiru-apos-reclamacoes\\\/#primaryimage\",\"url\":\"https:\\\/\\\/folhapopular.info\\\/wp-content\\\/uploads\\\/2023\\\/12\\\/WhatsApp-Image-2023-12-13-at-09.21.36-e1702470199403.jpeg\",\"contentUrl\":\"https:\\\/\\\/folhapopular.info\\\/wp-content\\\/uploads\\\/2023\\\/12\\\/WhatsApp-Image-2023-12-13-at-09.21.36-e1702470199403.jpeg\",\"width\":1200,\"height\":900,\"caption\":\"Pra\u00e7a foi alvo de reclama\u00e7\u00f5es \\\/ Cr\u00e9dito da foto: Paloma Griesang\"},{\"@type\":\"BreadcrumbList\",\"@id\":\"https:\\\/\\\/folhapopular.info\\\/index.php\\\/2023\\\/12\\\/13\\\/secretaria-promete-limpeza-e-reforma-na-praca-do-bairro-languiru-apos-reclamacoes\\\/#breadcrumb\",\"itemListElement\":[{\"@type\":\"ListItem\",\"position\":1,\"name\":\"In\u00edcio\",\"item\":\"https:\\\/\\\/folhapopular.info\\\/\"},{\"@type\":\"ListItem\",\"position\":2,\"name\":\"Secretaria promete limpeza e reforma na pra\u00e7a do Bairro Languiru ap\u00f3s reclama\u00e7\u00f5es\"}]},{\"@type\":\"WebSite\",\"@id\":\"https:\\\/\\\/folhapopular.info\\\/#website\",\"url\":\"https:\\\/\\\/folhapopular.info\\\/\",\"name\":\"Folha Popular\",\"description\":\"Onde voc\u00ea tem vez e voz\",\"potentialAction\":[{\"@type\":\"SearchAction\",\"target\":{\"@type\":\"EntryPoint\",\"urlTemplate\":\"https:\\\/\\\/folhapopular.info\\\/?s={search_term_string}\"},\"query-input\":{\"@type\":\"PropertyValueSpecification\",\"valueRequired\":true,\"valueName\":\"search_term_string\"}}],\"inLanguage\":\"pt-BR\"},{\"@type\":\"Person\",\"@id\":\"https:\\\/\\\/folhapopular.info\\\/#\\\/schema\\\/person\\\/6441c3adb14a6337552a9700ef5698d2\",\"name\":\"Paloma Cristine Griesang\",\"image\":{\"@type\":\"ImageObject\",\"inLanguage\":\"pt-BR\",\"@id\":\"https:\\\/\\\/secure.gravatar.com\\\/avatar\\\/7a1c3f1e1b05846882a13987cf3bd04239fe0ea8fd472d7d16d7f21c265005a5?s=96&d=mm&r=g\",\"url\":\"https:\\\/\\\/secure.gravatar.com\\\/avatar\\\/7a1c3f1e1b05846882a13987cf3bd04239fe0ea8fd472d7d16d7f21c265005a5?s=96&d=mm&r=g\",\"contentUrl\":\"https:\\\/\\\/secure.gravatar.com\\\/avatar\\\/7a1c3f1e1b05846882a13987cf3bd04239fe0ea8fd472d7d16d7f21c265005a5?s=96&d=mm&r=g\",\"caption\":\"Paloma Cristine Griesang\"},\"url\":\"https:\\\/\\\/folhapopular.info\\\/index.php\\\/author\\\/paloma-griesang\\\/\"}]}<\/script>\n<!-- \/ Yoast SEO plugin. -->","yoast_head_json":{"title":"Secretaria promete limpeza e reforma na pra\u00e7a do Bairro Languiru ap\u00f3s reclama\u00e7\u00f5es - Folha Popular","robots":{"index":"index","follow":"follow","max-snippet":"max-snippet:-1","max-image-preview":"max-image-preview:large","max-video-preview":"max-video-preview:-1"},"canonical":"https:\/\/folhapopular.info\/index.php\/2023\/12\/13\/secretaria-promete-limpeza-e-reforma-na-praca-do-bairro-languiru-apos-reclamacoes\/","og_locale":"pt_BR","og_type":"article","og_title":"Secretaria promete limpeza e reforma na pra\u00e7a do Bairro Languiru ap\u00f3s reclama\u00e7\u00f5es - Folha Popular","og_description":"A pra\u00e7a do Bairro Languiru tem sido motivo de muitas reclama\u00e7\u00f5es na comunidade. Nas redes sociais tem repercutido v\u00eddeos, textos e fotos que mostram a sujeira e mau estado de estruturas do espa\u00e7o de lazer que fica no centro do bairro. As cobran\u00e7as tamb\u00e9m foram pauta em discursos na C\u00e2mara de Teut\u00f4nia nesta ter\u00e7a-feira (12\/12). [&hellip;]","og_url":"https:\/\/folhapopular.info\/index.php\/2023\/12\/13\/secretaria-promete-limpeza-e-reforma-na-praca-do-bairro-languiru-apos-reclamacoes\/","og_site_name":"Folha Popular","article_published_time":"2023-12-13T12:23:50+00:00","article_modified_time":"2023-12-13T17:23:34+00:00","og_image":[{"width":1200,"height":900,"url":"http:\/\/folhapopular.info\/wp-content\/uploads\/2023\/12\/WhatsApp-Image-2023-12-13-at-09.21.36-e1702470199403.jpeg","type":"image\/jpeg"}],"author":"Paloma Cristine Griesang","twitter_card":"summary_large_image","twitter_misc":{"Escrito por":"Paloma Cristine Griesang","Est. tempo de leitura":"3 minutos"},"schema":{"@context":"https:\/\/schema.org","@graph":[{"@type":"Article","@id":"https:\/\/folhapopular.info\/index.php\/2023\/12\/13\/secretaria-promete-limpeza-e-reforma-na-praca-do-bairro-languiru-apos-reclamacoes\/#article","isPartOf":{"@id":"https:\/\/folhapopular.info\/index.php\/2023\/12\/13\/secretaria-promete-limpeza-e-reforma-na-praca-do-bairro-languiru-apos-reclamacoes\/"},"author":{"name":"Paloma Cristine Griesang","@id":"https:\/\/folhapopular.info\/#\/schema\/person\/6441c3adb14a6337552a9700ef5698d2"},"headline":"Secretaria promete limpeza e reforma na pra\u00e7a do Bairro Languiru ap\u00f3s reclama\u00e7\u00f5es","datePublished":"2023-12-13T12:23:50+00:00","dateModified":"2023-12-13T17:23:34+00:00","mainEntityOfPage":{"@id":"https:\/\/folhapopular.info\/index.php\/2023\/12\/13\/secretaria-promete-limpeza-e-reforma-na-praca-do-bairro-languiru-apos-reclamacoes\/"},"wordCount":431,"commentCount":0,"image":{"@id":"https:\/\/folhapopular.info\/index.php\/2023\/12\/13\/secretaria-promete-limpeza-e-reforma-na-praca-do-bairro-languiru-apos-reclamacoes\/#primaryimage"},"thumbnailUrl":"https:\/\/folhapopular.info\/wp-content\/uploads\/2023\/12\/WhatsApp-Image-2023-12-13-at-09.21.36-e1702470199403.jpeg","keywords":["Bairro Languiru","limpeza","Pra\u00e7a","reforma","Teut\u00f4nia"],"articleSection":["Destaques","Geral"],"inLanguage":"pt-BR","potentialAction":[{"@type":"CommentAction","name":"Comment","target":["https:\/\/folhapopular.info\/index.php\/2023\/12\/13\/secretaria-promete-limpeza-e-reforma-na-praca-do-bairro-languiru-apos-reclamacoes\/#respond"]}]},{"@type":"WebPage","@id":"https:\/\/folhapopular.info\/index.php\/2023\/12\/13\/secretaria-promete-limpeza-e-reforma-na-praca-do-bairro-languiru-apos-reclamacoes\/","url":"https:\/\/folhapopular.info\/index.php\/2023\/12\/13\/secretaria-promete-limpeza-e-reforma-na-praca-do-bairro-languiru-apos-reclamacoes\/","name":"Secretaria promete limpeza e reforma na pra\u00e7a do Bairro Languiru ap\u00f3s reclama\u00e7\u00f5es - Folha Popular","isPartOf":{"@id":"https:\/\/folhapopular.info\/#website"},"primaryImageOfPage":{"@id":"https:\/\/folhapopular.info\/index.php\/2023\/12\/13\/secretaria-promete-limpeza-e-reforma-na-praca-do-bairro-languiru-apos-reclamacoes\/#primaryimage"},"image":{"@id":"https:\/\/folhapopular.info\/index.php\/2023\/12\/13\/secretaria-promete-limpeza-e-reforma-na-praca-do-bairro-languiru-apos-reclamacoes\/#primaryimage"},"thumbnailUrl":"https:\/\/folhapopular.info\/wp-content\/uploads\/2023\/12\/WhatsApp-Image-2023-12-13-at-09.21.36-e1702470199403.jpeg","datePublished":"2023-12-13T12:23:50+00:00","dateModified":"2023-12-13T17:23:34+00:00","author":{"@id":"https:\/\/folhapopular.info\/#\/schema\/person\/6441c3adb14a6337552a9700ef5698d2"},"breadcrumb":{"@id":"https:\/\/folhapopular.info\/index.php\/2023\/12\/13\/secretaria-promete-limpeza-e-reforma-na-praca-do-bairro-languiru-apos-reclamacoes\/#breadcrumb"},"inLanguage":"pt-BR","potentialAction":[{"@type":"ReadAction","target":["https:\/\/folhapopular.info\/index.php\/2023\/12\/13\/secretaria-promete-limpeza-e-reforma-na-praca-do-bairro-languiru-apos-reclamacoes\/"]}]},{"@type":"ImageObject","inLanguage":"pt-BR","@id":"https:\/\/folhapopular.info\/index.php\/2023\/12\/13\/secretaria-promete-limpeza-e-reforma-na-praca-do-bairro-languiru-apos-reclamacoes\/#primaryimage","url":"https:\/\/folhapopular.info\/wp-content\/uploads\/2023\/12\/WhatsApp-Image-2023-12-13-at-09.21.36-e1702470199403.jpeg","contentUrl":"https:\/\/folhapopular.info\/wp-content\/uploads\/2023\/12\/WhatsApp-Image-2023-12-13-at-09.21.36-e1702470199403.jpeg","width":1200,"height":900,"caption":"Pra\u00e7a foi alvo de reclama\u00e7\u00f5es \/ Cr\u00e9dito da foto: Paloma Griesang"},{"@type":"BreadcrumbList","@id":"https:\/\/folhapopular.info\/index.php\/2023\/12\/13\/secretaria-promete-limpeza-e-reforma-na-praca-do-bairro-languiru-apos-reclamacoes\/#breadcrumb","itemListElement":[{"@type":"ListItem","position":1,"name":"In\u00edcio","item":"https:\/\/folhapopular.info\/"},{"@type":"ListItem","position":2,"name":"Secretaria promete limpeza e reforma na pra\u00e7a do Bairro Languiru ap\u00f3s reclama\u00e7\u00f5es"}]},{"@type":"WebSite","@id":"https:\/\/folhapopular.info\/#website","url":"https:\/\/folhapopular.info\/","name":"Folha Popular","description":"Onde voc\u00ea tem vez e voz","potentialAction":[{"@type":"SearchAction","target":{"@type":"EntryPoint","urlTemplate":"https:\/\/folhapopular.info\/?s={search_term_string}"},"query-input":{"@type":"PropertyValueSpecification","valueRequired":true,"valueName":"search_term_string"}}],"inLanguage":"pt-BR"},{"@type":"Person","@id":"https:\/\/folhapopular.info\/#\/schema\/person\/6441c3adb14a6337552a9700ef5698d2","name":"Paloma Cristine Griesang","image":{"@type":"ImageObject","inLanguage":"pt-BR","@id":"https:\/\/secure.gravatar.com\/avatar\/7a1c3f1e1b05846882a13987cf3bd04239fe0ea8fd472d7d16d7f21c265005a5?s=96&d=mm&r=g","url":"https:\/\/secure.gravatar.com\/avatar\/7a1c3f1e1b05846882a13987cf3bd04239fe0ea8fd472d7d16d7f21c265005a5?s=96&d=mm&r=g","contentUrl":"https:\/\/secure.gravatar.com\/avatar\/7a1c3f1e1b05846882a13987cf3bd04239fe0ea8fd472d7d16d7f21c265005a5?s=96&d=mm&r=g","caption":"Paloma Cristine Griesang"},"url":"https:\/\/folhapopular.info\/index.php\/author\/paloma-griesang\/"}]}},"jetpack_featured_media_url":"https:\/\/folhapopular.info\/wp-content\/uploads\/2023\/12\/WhatsApp-Image-2023-12-13-at-09.21.36-e1702470199403.jpeg","jetpack_sharing_enabled":true,"amp_enabled":true,"_links":{"self":[{"href":"https:\/\/folhapopular.info\/index.php\/wp-json\/wp\/v2\/posts\/145131","targetHints":{"allow":["GET"]}}],"collection":[{"href":"https:\/\/folhapopular.info\/index.php\/wp-json\/wp\/v2\/posts"}],"about":[{"href":"https:\/\/folhapopular.info\/index.php\/wp-json\/wp\/v2\/types\/post"}],"author":[{"embeddable":true,"href":"https:\/\/folhapopular.info\/index.php\/wp-json\/wp\/v2\/users\/5"}],"replies":[{"embeddable":true,"href":"https:\/\/folhapopular.info\/index.php\/wp-json\/wp\/v2\/comments?post=145131"}],"version-history":[{"count":0,"href":"https:\/\/folhapopular.info\/index.php\/wp-json\/wp\/v2\/posts\/145131\/revisions"}],"wp:featuredmedia":[{"embeddable":true,"href":"https:\/\/folhapopular.info\/index.php\/wp-json\/wp\/v2\/media\/145132"}],"wp:attachment":[{"href":"https:\/\/folhapopular.info\/index.php\/wp-json\/wp\/v2\/media?parent=145131"}],"wp:term":[{"taxonomy":"category","embeddable":true,"href":"https:\/\/folhapopular.info\/index.php\/wp-json\/wp\/v2\/categories?post=145131"},{"taxonomy":"post_tag","embeddable":true,"href":"https:\/\/folhapopular.info\/index.php\/wp-json\/wp\/v2\/tags?post=145131"}],"curies":[{"name":"wp","href":"https:\/\/api.w.org\/{rel}","templated":true}]}}