{"id":145144,"date":"2023-12-13T14:04:49","date_gmt":"2023-12-13T17:04:49","guid":{"rendered":"https:\/\/folhapopular.info\/?p=145144"},"modified":"2023-12-13T14:22:57","modified_gmt":"2023-12-13T17:22:57","slug":"programa-lk-sustentavel-premia-alunos-que-participaram-de-acoes-ambientais-em-2023","status":"publish","type":"post","link":"https:\/\/folhapopular.info\/index.php\/2023\/12\/13\/programa-lk-sustentavel-premia-alunos-que-participaram-de-acoes-ambientais-em-2023\/","title":{"rendered":"Programa LK Sustent\u00e1vel premia alunos que participaram de a\u00e7\u00f5es ambientais em 2023"},"content":{"rendered":"\n<p>O Programa Leopoldo Klepker Sustent\u00e1vel (LKS), da Emef Leopoldo Klepker do Bairro Alesgut, em Teut\u00f4nia, premiou os alunos que realizaram as a\u00e7\u00f5es ambientais da proposta em 2023. Os alunos receberam a premia\u00e7\u00e3o de acordo com suas pontua\u00e7\u00f5es.<\/p>\n\n\n\n<p>Seis alunos receberam os pr\u00eamios principais, que s\u00e3o os de maior pontua\u00e7\u00e3o: foram entregues dois celulares e quatro bicicletas. Os outros estudantes receberam pr\u00eamios como eletrodom\u00e9sticos, brinquedos, materiais escolares, entre outros.<\/p>\n\n\n\n<p>O LKS incentiva a consci\u00eancia ambiental e a sustentabilidade entre alunos e fam\u00edlias. Crian\u00e7as e adolescentes s\u00e3o incentivados a realizar a\u00e7\u00f5es como cria\u00e7\u00e3o de composteiras, recolhimentos de lixo recicl\u00e1vel, descarte correto de \u00f3leo de cozinha, plantio de \u00e1rvores, entre outros. Cada a\u00e7\u00e3o gera um n\u00famero de pontos que s\u00e3o convertidos em LK\u2019s, uma moeda digital que pode ser trocada pelos pr\u00eamios dispon\u00edveis.<\/p>\n\n\n\n<p>Conforme o professor de ci\u00eancias e um dos coordenadores do programa, Evandro Biondo, os resultados s\u00e3o expressivos. O programa recolheu mais de 8 toneladas de papel\u00e3o, aproximadamente 2,5 toneladas de pl\u00e1stico, mais de 1 tonelada de \u00f3leo de cozinha, mais de 1 tonelada de latinhas de alum\u00ednio e distribui cerca de 900 mudas de \u00e1rvores para plantio. \u201cS\u00e3o n\u00fameros muito expressivos em rela\u00e7\u00e3o \u00e0s nossas quest\u00f5es ambientais\u201d, afirma. O projeto conta tamb\u00e9m com a participa\u00e7\u00e3o de mais de 60 volunt\u00e1rios.<\/p>\n\n\n\n<p>O LKS \u00e9 coordenado por um grupo de professores e conta com apoio das secretarias municipais de Educa\u00e7\u00e3o e Agricultura e Meio Ambiente, da cooperativa escolar Cooperales, suporte financeiro da Sicredi Ouro Branco, e apoio da Fortaleza Tec que criou e mant\u00e9m o sistema pelo qual os alunos fazem o controle de seus pontos e LK\u2019s.<\/p>\n","protected":false},"excerpt":{"rendered":"<p>O Programa Leopoldo Klepker Sustent\u00e1vel (LKS), da Emef Leopoldo Klepker do Bairro Alesgut, em Teut\u00f4nia, premiou os alunos que realizaram as a\u00e7\u00f5es ambientais da proposta em 2023. Os alunos receberam a premia\u00e7\u00e3o de acordo com suas pontua\u00e7\u00f5es. Seis alunos receberam os pr\u00eamios principais, que s\u00e3o os de maior pontua\u00e7\u00e3o: foram entregues dois celulares e quatro [&hellip;]<\/p>\n","protected":false},"author":5,"featured_media":145148,"comment_status":"open","ping_status":"open","sticky":false,"template":"","format":"standard","meta":{"pmpro_default_level":"","_jetpack_memberships_contains_paid_content":false,"footnotes":""},"categories":[2,3,11025],"tags":[700,9037,57,1285,26],"class_list":{"0":"post-145144","1":"post","2":"type-post","3":"status-publish","4":"format-standard","5":"has-post-thumbnail","7":"category-featured","8":"category-geral","9":"category-meio-ambiente","10":"tag-emef-leopoldo-klepker","11":"tag-lks","12":"tag-meio-ambiente","13":"tag-sustentabilidade","14":"tag-teutonia","15":"pmpro-has-access"},"yoast_head":"<!-- This site is optimized with the Yoast SEO plugin v27.5 - https:\/\/yoast.com\/product\/yoast-seo-wordpress\/ -->\n<title>Programa LK Sustent\u00e1vel premia alunos que participaram de a\u00e7\u00f5es ambientais em 2023 - Folha Popular<\/title>\n<meta name=\"robots\" content=\"index, follow, max-snippet:-1, max-image-preview:large, max-video-preview:-1\" \/>\n<link rel=\"canonical\" href=\"https:\/\/folhapopular.info\/index.php\/2023\/12\/13\/programa-lk-sustentavel-premia-alunos-que-participaram-de-acoes-ambientais-em-2023\/\" \/>\n<meta property=\"og:locale\" content=\"pt_BR\" \/>\n<meta property=\"og:type\" content=\"article\" \/>\n<meta property=\"og:title\" content=\"Programa LK Sustent\u00e1vel premia alunos que participaram de a\u00e7\u00f5es ambientais em 2023 - Folha Popular\" \/>\n<meta property=\"og:description\" content=\"O Programa Leopoldo Klepker Sustent\u00e1vel (LKS), da Emef Leopoldo Klepker do Bairro Alesgut, em Teut\u00f4nia, premiou os alunos que realizaram as a\u00e7\u00f5es ambientais da proposta em 2023. Os alunos receberam a premia\u00e7\u00e3o de acordo com suas pontua\u00e7\u00f5es. Seis alunos receberam os pr\u00eamios principais, que s\u00e3o os de maior pontua\u00e7\u00e3o: foram entregues dois celulares e quatro [&hellip;]\" \/>\n<meta property=\"og:url\" content=\"https:\/\/folhapopular.info\/index.php\/2023\/12\/13\/programa-lk-sustentavel-premia-alunos-que-participaram-de-acoes-ambientais-em-2023\/\" \/>\n<meta property=\"og:site_name\" content=\"Folha Popular\" \/>\n<meta property=\"article:published_time\" content=\"2023-12-13T17:04:49+00:00\" \/>\n<meta property=\"article:modified_time\" content=\"2023-12-13T17:22:57+00:00\" \/>\n<meta property=\"og:image\" content=\"http:\/\/folhapopular.info\/wp-content\/uploads\/2023\/12\/WhatsApp-Image-2023-12-13-at-13.59.58-e1702487066471.jpeg\" \/>\n\t<meta property=\"og:image:width\" content=\"1200\" \/>\n\t<meta property=\"og:image:height\" content=\"900\" \/>\n\t<meta property=\"og:image:type\" content=\"image\/jpeg\" \/>\n<meta name=\"author\" content=\"Paloma Cristine Griesang\" \/>\n<meta name=\"twitter:card\" content=\"summary_large_image\" \/>\n<meta name=\"twitter:label1\" content=\"Escrito por\" \/>\n\t<meta name=\"twitter:data1\" content=\"Paloma Cristine Griesang\" \/>\n\t<meta name=\"twitter:label2\" content=\"Est. tempo de leitura\" \/>\n\t<meta name=\"twitter:data2\" content=\"2 minutos\" \/>\n<script type=\"application\/ld+json\" class=\"yoast-schema-graph\">{\"@context\":\"https:\\\/\\\/schema.org\",\"@graph\":[{\"@type\":\"Article\",\"@id\":\"https:\\\/\\\/folhapopular.info\\\/index.php\\\/2023\\\/12\\\/13\\\/programa-lk-sustentavel-premia-alunos-que-participaram-de-acoes-ambientais-em-2023\\\/#article\",\"isPartOf\":{\"@id\":\"https:\\\/\\\/folhapopular.info\\\/index.php\\\/2023\\\/12\\\/13\\\/programa-lk-sustentavel-premia-alunos-que-participaram-de-acoes-ambientais-em-2023\\\/\"},\"author\":{\"name\":\"Paloma Cristine Griesang\",\"@id\":\"https:\\\/\\\/folhapopular.info\\\/#\\\/schema\\\/person\\\/6441c3adb14a6337552a9700ef5698d2\"},\"headline\":\"Programa LK Sustent\u00e1vel premia alunos que participaram de a\u00e7\u00f5es ambientais em 2023\",\"datePublished\":\"2023-12-13T17:04:49+00:00\",\"dateModified\":\"2023-12-13T17:22:57+00:00\",\"mainEntityOfPage\":{\"@id\":\"https:\\\/\\\/folhapopular.info\\\/index.php\\\/2023\\\/12\\\/13\\\/programa-lk-sustentavel-premia-alunos-que-participaram-de-acoes-ambientais-em-2023\\\/\"},\"wordCount\":309,\"commentCount\":0,\"image\":{\"@id\":\"https:\\\/\\\/folhapopular.info\\\/index.php\\\/2023\\\/12\\\/13\\\/programa-lk-sustentavel-premia-alunos-que-participaram-de-acoes-ambientais-em-2023\\\/#primaryimage\"},\"thumbnailUrl\":\"https:\\\/\\\/folhapopular.info\\\/wp-content\\\/uploads\\\/2023\\\/12\\\/WhatsApp-Image-2023-12-13-at-13.59.58-e1702487066471.jpeg\",\"keywords\":[\"EMEF Leopoldo Klepker\",\"LKS\",\"Meio Ambiente\",\"Sustentabilidade\",\"Teut\u00f4nia\"],\"articleSection\":[\"Destaques\",\"Geral\",\"Meio Ambiente\"],\"inLanguage\":\"pt-BR\",\"potentialAction\":[{\"@type\":\"CommentAction\",\"name\":\"Comment\",\"target\":[\"https:\\\/\\\/folhapopular.info\\\/index.php\\\/2023\\\/12\\\/13\\\/programa-lk-sustentavel-premia-alunos-que-participaram-de-acoes-ambientais-em-2023\\\/#respond\"]}]},{\"@type\":\"WebPage\",\"@id\":\"https:\\\/\\\/folhapopular.info\\\/index.php\\\/2023\\\/12\\\/13\\\/programa-lk-sustentavel-premia-alunos-que-participaram-de-acoes-ambientais-em-2023\\\/\",\"url\":\"https:\\\/\\\/folhapopular.info\\\/index.php\\\/2023\\\/12\\\/13\\\/programa-lk-sustentavel-premia-alunos-que-participaram-de-acoes-ambientais-em-2023\\\/\",\"name\":\"Programa LK Sustent\u00e1vel premia alunos que participaram de a\u00e7\u00f5es ambientais em 2023 - Folha Popular\",\"isPartOf\":{\"@id\":\"https:\\\/\\\/folhapopular.info\\\/#website\"},\"primaryImageOfPage\":{\"@id\":\"https:\\\/\\\/folhapopular.info\\\/index.php\\\/2023\\\/12\\\/13\\\/programa-lk-sustentavel-premia-alunos-que-participaram-de-acoes-ambientais-em-2023\\\/#primaryimage\"},\"image\":{\"@id\":\"https:\\\/\\\/folhapopular.info\\\/index.php\\\/2023\\\/12\\\/13\\\/programa-lk-sustentavel-premia-alunos-que-participaram-de-acoes-ambientais-em-2023\\\/#primaryimage\"},\"thumbnailUrl\":\"https:\\\/\\\/folhapopular.info\\\/wp-content\\\/uploads\\\/2023\\\/12\\\/WhatsApp-Image-2023-12-13-at-13.59.58-e1702487066471.jpeg\",\"datePublished\":\"2023-12-13T17:04:49+00:00\",\"dateModified\":\"2023-12-13T17:22:57+00:00\",\"author\":{\"@id\":\"https:\\\/\\\/folhapopular.info\\\/#\\\/schema\\\/person\\\/6441c3adb14a6337552a9700ef5698d2\"},\"breadcrumb\":{\"@id\":\"https:\\\/\\\/folhapopular.info\\\/index.php\\\/2023\\\/12\\\/13\\\/programa-lk-sustentavel-premia-alunos-que-participaram-de-acoes-ambientais-em-2023\\\/#breadcrumb\"},\"inLanguage\":\"pt-BR\",\"potentialAction\":[{\"@type\":\"ReadAction\",\"target\":[\"https:\\\/\\\/folhapopular.info\\\/index.php\\\/2023\\\/12\\\/13\\\/programa-lk-sustentavel-premia-alunos-que-participaram-de-acoes-ambientais-em-2023\\\/\"]}]},{\"@type\":\"ImageObject\",\"inLanguage\":\"pt-BR\",\"@id\":\"https:\\\/\\\/folhapopular.info\\\/index.php\\\/2023\\\/12\\\/13\\\/programa-lk-sustentavel-premia-alunos-que-participaram-de-acoes-ambientais-em-2023\\\/#primaryimage\",\"url\":\"https:\\\/\\\/folhapopular.info\\\/wp-content\\\/uploads\\\/2023\\\/12\\\/WhatsApp-Image-2023-12-13-at-13.59.58-e1702487066471.jpeg\",\"contentUrl\":\"https:\\\/\\\/folhapopular.info\\\/wp-content\\\/uploads\\\/2023\\\/12\\\/WhatsApp-Image-2023-12-13-at-13.59.58-e1702487066471.jpeg\",\"width\":1200,\"height\":900,\"caption\":\"Alunos que tiveram mais pontos ganharam bicicletas e celulares \\\/ Cr\u00e9dito da foto: Paloma Griesang\"},{\"@type\":\"BreadcrumbList\",\"@id\":\"https:\\\/\\\/folhapopular.info\\\/index.php\\\/2023\\\/12\\\/13\\\/programa-lk-sustentavel-premia-alunos-que-participaram-de-acoes-ambientais-em-2023\\\/#breadcrumb\",\"itemListElement\":[{\"@type\":\"ListItem\",\"position\":1,\"name\":\"In\u00edcio\",\"item\":\"https:\\\/\\\/folhapopular.info\\\/\"},{\"@type\":\"ListItem\",\"position\":2,\"name\":\"Programa LK Sustent\u00e1vel premia alunos que participaram de a\u00e7\u00f5es ambientais em 2023\"}]},{\"@type\":\"WebSite\",\"@id\":\"https:\\\/\\\/folhapopular.info\\\/#website\",\"url\":\"https:\\\/\\\/folhapopular.info\\\/\",\"name\":\"Folha Popular\",\"description\":\"Onde voc\u00ea tem vez e voz\",\"potentialAction\":[{\"@type\":\"SearchAction\",\"target\":{\"@type\":\"EntryPoint\",\"urlTemplate\":\"https:\\\/\\\/folhapopular.info\\\/?s={search_term_string}\"},\"query-input\":{\"@type\":\"PropertyValueSpecification\",\"valueRequired\":true,\"valueName\":\"search_term_string\"}}],\"inLanguage\":\"pt-BR\"},{\"@type\":\"Person\",\"@id\":\"https:\\\/\\\/folhapopular.info\\\/#\\\/schema\\\/person\\\/6441c3adb14a6337552a9700ef5698d2\",\"name\":\"Paloma Cristine Griesang\",\"image\":{\"@type\":\"ImageObject\",\"inLanguage\":\"pt-BR\",\"@id\":\"https:\\\/\\\/secure.gravatar.com\\\/avatar\\\/7a1c3f1e1b05846882a13987cf3bd04239fe0ea8fd472d7d16d7f21c265005a5?s=96&d=mm&r=g\",\"url\":\"https:\\\/\\\/secure.gravatar.com\\\/avatar\\\/7a1c3f1e1b05846882a13987cf3bd04239fe0ea8fd472d7d16d7f21c265005a5?s=96&d=mm&r=g\",\"contentUrl\":\"https:\\\/\\\/secure.gravatar.com\\\/avatar\\\/7a1c3f1e1b05846882a13987cf3bd04239fe0ea8fd472d7d16d7f21c265005a5?s=96&d=mm&r=g\",\"caption\":\"Paloma Cristine Griesang\"},\"url\":\"https:\\\/\\\/folhapopular.info\\\/index.php\\\/author\\\/paloma-griesang\\\/\"}]}<\/script>\n<!-- \/ Yoast SEO plugin. -->","yoast_head_json":{"title":"Programa LK Sustent\u00e1vel premia alunos que participaram de a\u00e7\u00f5es ambientais em 2023 - Folha Popular","robots":{"index":"index","follow":"follow","max-snippet":"max-snippet:-1","max-image-preview":"max-image-preview:large","max-video-preview":"max-video-preview:-1"},"canonical":"https:\/\/folhapopular.info\/index.php\/2023\/12\/13\/programa-lk-sustentavel-premia-alunos-que-participaram-de-acoes-ambientais-em-2023\/","og_locale":"pt_BR","og_type":"article","og_title":"Programa LK Sustent\u00e1vel premia alunos que participaram de a\u00e7\u00f5es ambientais em 2023 - Folha Popular","og_description":"O Programa Leopoldo Klepker Sustent\u00e1vel (LKS), da Emef Leopoldo Klepker do Bairro Alesgut, em Teut\u00f4nia, premiou os alunos que realizaram as a\u00e7\u00f5es ambientais da proposta em 2023. Os alunos receberam a premia\u00e7\u00e3o de acordo com suas pontua\u00e7\u00f5es. Seis alunos receberam os pr\u00eamios principais, que s\u00e3o os de maior pontua\u00e7\u00e3o: foram entregues dois celulares e quatro [&hellip;]","og_url":"https:\/\/folhapopular.info\/index.php\/2023\/12\/13\/programa-lk-sustentavel-premia-alunos-que-participaram-de-acoes-ambientais-em-2023\/","og_site_name":"Folha Popular","article_published_time":"2023-12-13T17:04:49+00:00","article_modified_time":"2023-12-13T17:22:57+00:00","og_image":[{"width":1200,"height":900,"url":"http:\/\/folhapopular.info\/wp-content\/uploads\/2023\/12\/WhatsApp-Image-2023-12-13-at-13.59.58-e1702487066471.jpeg","type":"image\/jpeg"}],"author":"Paloma Cristine Griesang","twitter_card":"summary_large_image","twitter_misc":{"Escrito por":"Paloma Cristine Griesang","Est. tempo de leitura":"2 minutos"},"schema":{"@context":"https:\/\/schema.org","@graph":[{"@type":"Article","@id":"https:\/\/folhapopular.info\/index.php\/2023\/12\/13\/programa-lk-sustentavel-premia-alunos-que-participaram-de-acoes-ambientais-em-2023\/#article","isPartOf":{"@id":"https:\/\/folhapopular.info\/index.php\/2023\/12\/13\/programa-lk-sustentavel-premia-alunos-que-participaram-de-acoes-ambientais-em-2023\/"},"author":{"name":"Paloma Cristine Griesang","@id":"https:\/\/folhapopular.info\/#\/schema\/person\/6441c3adb14a6337552a9700ef5698d2"},"headline":"Programa LK Sustent\u00e1vel premia alunos que participaram de a\u00e7\u00f5es ambientais em 2023","datePublished":"2023-12-13T17:04:49+00:00","dateModified":"2023-12-13T17:22:57+00:00","mainEntityOfPage":{"@id":"https:\/\/folhapopular.info\/index.php\/2023\/12\/13\/programa-lk-sustentavel-premia-alunos-que-participaram-de-acoes-ambientais-em-2023\/"},"wordCount":309,"commentCount":0,"image":{"@id":"https:\/\/folhapopular.info\/index.php\/2023\/12\/13\/programa-lk-sustentavel-premia-alunos-que-participaram-de-acoes-ambientais-em-2023\/#primaryimage"},"thumbnailUrl":"https:\/\/folhapopular.info\/wp-content\/uploads\/2023\/12\/WhatsApp-Image-2023-12-13-at-13.59.58-e1702487066471.jpeg","keywords":["EMEF Leopoldo Klepker","LKS","Meio Ambiente","Sustentabilidade","Teut\u00f4nia"],"articleSection":["Destaques","Geral","Meio Ambiente"],"inLanguage":"pt-BR","potentialAction":[{"@type":"CommentAction","name":"Comment","target":["https:\/\/folhapopular.info\/index.php\/2023\/12\/13\/programa-lk-sustentavel-premia-alunos-que-participaram-de-acoes-ambientais-em-2023\/#respond"]}]},{"@type":"WebPage","@id":"https:\/\/folhapopular.info\/index.php\/2023\/12\/13\/programa-lk-sustentavel-premia-alunos-que-participaram-de-acoes-ambientais-em-2023\/","url":"https:\/\/folhapopular.info\/index.php\/2023\/12\/13\/programa-lk-sustentavel-premia-alunos-que-participaram-de-acoes-ambientais-em-2023\/","name":"Programa LK Sustent\u00e1vel premia alunos que participaram de a\u00e7\u00f5es ambientais em 2023 - Folha Popular","isPartOf":{"@id":"https:\/\/folhapopular.info\/#website"},"primaryImageOfPage":{"@id":"https:\/\/folhapopular.info\/index.php\/2023\/12\/13\/programa-lk-sustentavel-premia-alunos-que-participaram-de-acoes-ambientais-em-2023\/#primaryimage"},"image":{"@id":"https:\/\/folhapopular.info\/index.php\/2023\/12\/13\/programa-lk-sustentavel-premia-alunos-que-participaram-de-acoes-ambientais-em-2023\/#primaryimage"},"thumbnailUrl":"https:\/\/folhapopular.info\/wp-content\/uploads\/2023\/12\/WhatsApp-Image-2023-12-13-at-13.59.58-e1702487066471.jpeg","datePublished":"2023-12-13T17:04:49+00:00","dateModified":"2023-12-13T17:22:57+00:00","author":{"@id":"https:\/\/folhapopular.info\/#\/schema\/person\/6441c3adb14a6337552a9700ef5698d2"},"breadcrumb":{"@id":"https:\/\/folhapopular.info\/index.php\/2023\/12\/13\/programa-lk-sustentavel-premia-alunos-que-participaram-de-acoes-ambientais-em-2023\/#breadcrumb"},"inLanguage":"pt-BR","potentialAction":[{"@type":"ReadAction","target":["https:\/\/folhapopular.info\/index.php\/2023\/12\/13\/programa-lk-sustentavel-premia-alunos-que-participaram-de-acoes-ambientais-em-2023\/"]}]},{"@type":"ImageObject","inLanguage":"pt-BR","@id":"https:\/\/folhapopular.info\/index.php\/2023\/12\/13\/programa-lk-sustentavel-premia-alunos-que-participaram-de-acoes-ambientais-em-2023\/#primaryimage","url":"https:\/\/folhapopular.info\/wp-content\/uploads\/2023\/12\/WhatsApp-Image-2023-12-13-at-13.59.58-e1702487066471.jpeg","contentUrl":"https:\/\/folhapopular.info\/wp-content\/uploads\/2023\/12\/WhatsApp-Image-2023-12-13-at-13.59.58-e1702487066471.jpeg","width":1200,"height":900,"caption":"Alunos que tiveram mais pontos ganharam bicicletas e celulares \/ Cr\u00e9dito da foto: Paloma Griesang"},{"@type":"BreadcrumbList","@id":"https:\/\/folhapopular.info\/index.php\/2023\/12\/13\/programa-lk-sustentavel-premia-alunos-que-participaram-de-acoes-ambientais-em-2023\/#breadcrumb","itemListElement":[{"@type":"ListItem","position":1,"name":"In\u00edcio","item":"https:\/\/folhapopular.info\/"},{"@type":"ListItem","position":2,"name":"Programa LK Sustent\u00e1vel premia alunos que participaram de a\u00e7\u00f5es ambientais em 2023"}]},{"@type":"WebSite","@id":"https:\/\/folhapopular.info\/#website","url":"https:\/\/folhapopular.info\/","name":"Folha Popular","description":"Onde voc\u00ea tem vez e voz","potentialAction":[{"@type":"SearchAction","target":{"@type":"EntryPoint","urlTemplate":"https:\/\/folhapopular.info\/?s={search_term_string}"},"query-input":{"@type":"PropertyValueSpecification","valueRequired":true,"valueName":"search_term_string"}}],"inLanguage":"pt-BR"},{"@type":"Person","@id":"https:\/\/folhapopular.info\/#\/schema\/person\/6441c3adb14a6337552a9700ef5698d2","name":"Paloma Cristine Griesang","image":{"@type":"ImageObject","inLanguage":"pt-BR","@id":"https:\/\/secure.gravatar.com\/avatar\/7a1c3f1e1b05846882a13987cf3bd04239fe0ea8fd472d7d16d7f21c265005a5?s=96&d=mm&r=g","url":"https:\/\/secure.gravatar.com\/avatar\/7a1c3f1e1b05846882a13987cf3bd04239fe0ea8fd472d7d16d7f21c265005a5?s=96&d=mm&r=g","contentUrl":"https:\/\/secure.gravatar.com\/avatar\/7a1c3f1e1b05846882a13987cf3bd04239fe0ea8fd472d7d16d7f21c265005a5?s=96&d=mm&r=g","caption":"Paloma Cristine Griesang"},"url":"https:\/\/folhapopular.info\/index.php\/author\/paloma-griesang\/"}]}},"jetpack_featured_media_url":"https:\/\/folhapopular.info\/wp-content\/uploads\/2023\/12\/WhatsApp-Image-2023-12-13-at-13.59.58-e1702487066471.jpeg","jetpack_sharing_enabled":true,"amp_enabled":true,"_links":{"self":[{"href":"https:\/\/folhapopular.info\/index.php\/wp-json\/wp\/v2\/posts\/145144","targetHints":{"allow":["GET"]}}],"collection":[{"href":"https:\/\/folhapopular.info\/index.php\/wp-json\/wp\/v2\/posts"}],"about":[{"href":"https:\/\/folhapopular.info\/index.php\/wp-json\/wp\/v2\/types\/post"}],"author":[{"embeddable":true,"href":"https:\/\/folhapopular.info\/index.php\/wp-json\/wp\/v2\/users\/5"}],"replies":[{"embeddable":true,"href":"https:\/\/folhapopular.info\/index.php\/wp-json\/wp\/v2\/comments?post=145144"}],"version-history":[{"count":0,"href":"https:\/\/folhapopular.info\/index.php\/wp-json\/wp\/v2\/posts\/145144\/revisions"}],"wp:featuredmedia":[{"embeddable":true,"href":"https:\/\/folhapopular.info\/index.php\/wp-json\/wp\/v2\/media\/145148"}],"wp:attachment":[{"href":"https:\/\/folhapopular.info\/index.php\/wp-json\/wp\/v2\/media?parent=145144"}],"wp:term":[{"taxonomy":"category","embeddable":true,"href":"https:\/\/folhapopular.info\/index.php\/wp-json\/wp\/v2\/categories?post=145144"},{"taxonomy":"post_tag","embeddable":true,"href":"https:\/\/folhapopular.info\/index.php\/wp-json\/wp\/v2\/tags?post=145144"}],"curies":[{"name":"wp","href":"https:\/\/api.w.org\/{rel}","templated":true}]}}