{"id":145153,"date":"2023-12-13T15:24:10","date_gmt":"2023-12-13T18:24:10","guid":{"rendered":"https:\/\/folhapopular.info\/?p=145153"},"modified":"2023-12-13T15:24:13","modified_gmt":"2023-12-13T18:24:13","slug":"colinas-apresenta-conto-por-todos-os-cantos-neste-domingo","status":"publish","type":"post","link":"https:\/\/folhapopular.info\/index.php\/2023\/12\/13\/colinas-apresenta-conto-por-todos-os-cantos-neste-domingo\/","title":{"rendered":"Colinas apresenta &#8220;Conto por todos os Cantos&#8221; neste domingo"},"content":{"rendered":"\n<p>O show de patina\u00e7\u00e3o art\u00edstica &#8220;Contos por todos os cantos&#8221;, da Companhia de Patina\u00e7\u00e3o Sobre Rodas ser\u00e1 realizado no domingo (17\/12), \u00e0s 20h, no gin\u00e1sio da Emef Ipiranga. Prometendo magia e mist\u00e9rios que passaram de gera\u00e7\u00e3o em gera\u00e7\u00e3o encantando cora\u00e7\u00f5es, o evento tem entrada franca. A realiza\u00e7\u00e3o do evento tem o apoio da Prefeitura de Colinas.<br><\/p>\n","protected":false},"excerpt":{"rendered":"<p>O show de patina\u00e7\u00e3o art\u00edstica &#8220;Contos por todos os cantos&#8221;, da Companhia de Patina\u00e7\u00e3o Sobre Rodas ser\u00e1 realizado no domingo (17\/12), \u00e0s 20h, no gin\u00e1sio da Emef Ipiranga. Prometendo magia e mist\u00e9rios que passaram de gera\u00e7\u00e3o em gera\u00e7\u00e3o encantando cora\u00e7\u00f5es, o evento tem entrada franca. A realiza\u00e7\u00e3o do evento tem o apoio da Prefeitura de [&hellip;]<\/p>\n","protected":false},"author":8,"featured_media":145154,"comment_status":"open","ping_status":"open","sticky":false,"template":"","format":"standard","meta":{"pmpro_default_level":"","_jetpack_memberships_contains_paid_content":false,"footnotes":""},"categories":[10999,6],"tags":[183,13759,13760],"class_list":{"0":"post-145153","1":"post","2":"type-post","3":"status-publish","4":"format-standard","5":"has-post-thumbnail","7":"category-entretenimento","8":"category-inclusive","9":"tag-colinas","10":"tag-ginasio-da-escola-ipiranga","11":"tag-prefeitura-municipal-de-colinas","12":"pmpro-has-access"},"yoast_head":"<!-- This site is optimized with the Yoast SEO plugin v27.5 - https:\/\/yoast.com\/product\/yoast-seo-wordpress\/ -->\n<title>Colinas apresenta &quot;Conto por todos os Cantos&quot; neste domingo - Folha Popular<\/title>\n<meta name=\"robots\" content=\"index, follow, max-snippet:-1, max-image-preview:large, max-video-preview:-1\" \/>\n<link rel=\"canonical\" href=\"https:\/\/folhapopular.info\/index.php\/2023\/12\/13\/colinas-apresenta-conto-por-todos-os-cantos-neste-domingo\/\" \/>\n<meta property=\"og:locale\" content=\"pt_BR\" \/>\n<meta property=\"og:type\" content=\"article\" \/>\n<meta property=\"og:title\" content=\"Colinas apresenta &quot;Conto por todos os Cantos&quot; neste domingo - Folha Popular\" \/>\n<meta property=\"og:description\" content=\"O show de patina\u00e7\u00e3o art\u00edstica &#8220;Contos por todos os cantos&#8221;, da Companhia de Patina\u00e7\u00e3o Sobre Rodas ser\u00e1 realizado no domingo (17\/12), \u00e0s 20h, no gin\u00e1sio da Emef Ipiranga. Prometendo magia e mist\u00e9rios que passaram de gera\u00e7\u00e3o em gera\u00e7\u00e3o encantando cora\u00e7\u00f5es, o evento tem entrada franca. A realiza\u00e7\u00e3o do evento tem o apoio da Prefeitura de [&hellip;]\" \/>\n<meta property=\"og:url\" content=\"https:\/\/folhapopular.info\/index.php\/2023\/12\/13\/colinas-apresenta-conto-por-todos-os-cantos-neste-domingo\/\" \/>\n<meta property=\"og:site_name\" content=\"Folha Popular\" \/>\n<meta property=\"article:published_time\" content=\"2023-12-13T18:24:10+00:00\" \/>\n<meta property=\"article:modified_time\" content=\"2023-12-13T18:24:13+00:00\" \/>\n<meta property=\"og:image\" content=\"http:\/\/folhapopular.info\/wp-content\/uploads\/2023\/12\/Capturar-e1702491806661.png\" \/>\n\t<meta property=\"og:image:width\" content=\"532\" \/>\n\t<meta property=\"og:image:height\" content=\"366\" \/>\n\t<meta property=\"og:image:type\" content=\"image\/png\" \/>\n<meta name=\"author\" content=\"Reda\u00e7\u00e3o Folha Popular\" \/>\n<meta name=\"twitter:card\" content=\"summary_large_image\" \/>\n<meta name=\"twitter:label1\" content=\"Escrito por\" \/>\n\t<meta name=\"twitter:data1\" content=\"Reda\u00e7\u00e3o Folha Popular\" \/>\n\t<meta name=\"twitter:label2\" content=\"Est. tempo de leitura\" \/>\n\t<meta name=\"twitter:data2\" content=\"1 minuto\" \/>\n<script type=\"application\/ld+json\" class=\"yoast-schema-graph\">{\"@context\":\"https:\\\/\\\/schema.org\",\"@graph\":[{\"@type\":\"Article\",\"@id\":\"https:\\\/\\\/folhapopular.info\\\/index.php\\\/2023\\\/12\\\/13\\\/colinas-apresenta-conto-por-todos-os-cantos-neste-domingo\\\/#article\",\"isPartOf\":{\"@id\":\"https:\\\/\\\/folhapopular.info\\\/index.php\\\/2023\\\/12\\\/13\\\/colinas-apresenta-conto-por-todos-os-cantos-neste-domingo\\\/\"},\"author\":{\"name\":\"Reda\u00e7\u00e3o Folha Popular\",\"@id\":\"https:\\\/\\\/folhapopular.info\\\/#\\\/schema\\\/person\\\/2814e8a0df7643585a9ca38bc6eb9d4b\"},\"headline\":\"Colinas apresenta &#8220;Conto por todos os Cantos&#8221; neste domingo\",\"datePublished\":\"2023-12-13T18:24:10+00:00\",\"dateModified\":\"2023-12-13T18:24:13+00:00\",\"mainEntityOfPage\":{\"@id\":\"https:\\\/\\\/folhapopular.info\\\/index.php\\\/2023\\\/12\\\/13\\\/colinas-apresenta-conto-por-todos-os-cantos-neste-domingo\\\/\"},\"wordCount\":73,\"commentCount\":0,\"image\":{\"@id\":\"https:\\\/\\\/folhapopular.info\\\/index.php\\\/2023\\\/12\\\/13\\\/colinas-apresenta-conto-por-todos-os-cantos-neste-domingo\\\/#primaryimage\"},\"thumbnailUrl\":\"https:\\\/\\\/folhapopular.info\\\/wp-content\\\/uploads\\\/2023\\\/12\\\/Capturar-e1702491806661.png\",\"keywords\":[\"Colinas\",\"Gin\u00e1sio da Escola Ipiranga\",\"Prefeitura Municipal de Colinas\"],\"articleSection\":[\"Entretenimento\",\"Inclusive\"],\"inLanguage\":\"pt-BR\",\"potentialAction\":[{\"@type\":\"CommentAction\",\"name\":\"Comment\",\"target\":[\"https:\\\/\\\/folhapopular.info\\\/index.php\\\/2023\\\/12\\\/13\\\/colinas-apresenta-conto-por-todos-os-cantos-neste-domingo\\\/#respond\"]}]},{\"@type\":\"WebPage\",\"@id\":\"https:\\\/\\\/folhapopular.info\\\/index.php\\\/2023\\\/12\\\/13\\\/colinas-apresenta-conto-por-todos-os-cantos-neste-domingo\\\/\",\"url\":\"https:\\\/\\\/folhapopular.info\\\/index.php\\\/2023\\\/12\\\/13\\\/colinas-apresenta-conto-por-todos-os-cantos-neste-domingo\\\/\",\"name\":\"Colinas apresenta \\\"Conto por todos os Cantos\\\" neste domingo - Folha Popular\",\"isPartOf\":{\"@id\":\"https:\\\/\\\/folhapopular.info\\\/#website\"},\"primaryImageOfPage\":{\"@id\":\"https:\\\/\\\/folhapopular.info\\\/index.php\\\/2023\\\/12\\\/13\\\/colinas-apresenta-conto-por-todos-os-cantos-neste-domingo\\\/#primaryimage\"},\"image\":{\"@id\":\"https:\\\/\\\/folhapopular.info\\\/index.php\\\/2023\\\/12\\\/13\\\/colinas-apresenta-conto-por-todos-os-cantos-neste-domingo\\\/#primaryimage\"},\"thumbnailUrl\":\"https:\\\/\\\/folhapopular.info\\\/wp-content\\\/uploads\\\/2023\\\/12\\\/Capturar-e1702491806661.png\",\"datePublished\":\"2023-12-13T18:24:10+00:00\",\"dateModified\":\"2023-12-13T18:24:13+00:00\",\"author\":{\"@id\":\"https:\\\/\\\/folhapopular.info\\\/#\\\/schema\\\/person\\\/2814e8a0df7643585a9ca38bc6eb9d4b\"},\"breadcrumb\":{\"@id\":\"https:\\\/\\\/folhapopular.info\\\/index.php\\\/2023\\\/12\\\/13\\\/colinas-apresenta-conto-por-todos-os-cantos-neste-domingo\\\/#breadcrumb\"},\"inLanguage\":\"pt-BR\",\"potentialAction\":[{\"@type\":\"ReadAction\",\"target\":[\"https:\\\/\\\/folhapopular.info\\\/index.php\\\/2023\\\/12\\\/13\\\/colinas-apresenta-conto-por-todos-os-cantos-neste-domingo\\\/\"]}]},{\"@type\":\"ImageObject\",\"inLanguage\":\"pt-BR\",\"@id\":\"https:\\\/\\\/folhapopular.info\\\/index.php\\\/2023\\\/12\\\/13\\\/colinas-apresenta-conto-por-todos-os-cantos-neste-domingo\\\/#primaryimage\",\"url\":\"https:\\\/\\\/folhapopular.info\\\/wp-content\\\/uploads\\\/2023\\\/12\\\/Capturar-e1702491806661.png\",\"contentUrl\":\"https:\\\/\\\/folhapopular.info\\\/wp-content\\\/uploads\\\/2023\\\/12\\\/Capturar-e1702491806661.png\",\"width\":532,\"height\":366,\"caption\":\"Cr\u00e9dito: Divulga\u00e7\u00e3o \\\/ Prefeitura de Colinas\"},{\"@type\":\"BreadcrumbList\",\"@id\":\"https:\\\/\\\/folhapopular.info\\\/index.php\\\/2023\\\/12\\\/13\\\/colinas-apresenta-conto-por-todos-os-cantos-neste-domingo\\\/#breadcrumb\",\"itemListElement\":[{\"@type\":\"ListItem\",\"position\":1,\"name\":\"In\u00edcio\",\"item\":\"https:\\\/\\\/folhapopular.info\\\/\"},{\"@type\":\"ListItem\",\"position\":2,\"name\":\"Colinas apresenta &#8220;Conto por todos os Cantos&#8221; neste domingo\"}]},{\"@type\":\"WebSite\",\"@id\":\"https:\\\/\\\/folhapopular.info\\\/#website\",\"url\":\"https:\\\/\\\/folhapopular.info\\\/\",\"name\":\"Folha Popular\",\"description\":\"Onde voc\u00ea tem vez e voz\",\"potentialAction\":[{\"@type\":\"SearchAction\",\"target\":{\"@type\":\"EntryPoint\",\"urlTemplate\":\"https:\\\/\\\/folhapopular.info\\\/?s={search_term_string}\"},\"query-input\":{\"@type\":\"PropertyValueSpecification\",\"valueRequired\":true,\"valueName\":\"search_term_string\"}}],\"inLanguage\":\"pt-BR\"},{\"@type\":\"Person\",\"@id\":\"https:\\\/\\\/folhapopular.info\\\/#\\\/schema\\\/person\\\/2814e8a0df7643585a9ca38bc6eb9d4b\",\"name\":\"Reda\u00e7\u00e3o Folha Popular\",\"image\":{\"@type\":\"ImageObject\",\"inLanguage\":\"pt-BR\",\"@id\":\"https:\\\/\\\/folhapopular.info\\\/wp-content\\\/uploads\\\/2026\\\/04\\\/Folha-1.webp\",\"url\":\"https:\\\/\\\/folhapopular.info\\\/wp-content\\\/uploads\\\/2026\\\/04\\\/Folha-1.webp\",\"contentUrl\":\"https:\\\/\\\/folhapopular.info\\\/wp-content\\\/uploads\\\/2026\\\/04\\\/Folha-1.webp\",\"caption\":\"Reda\u00e7\u00e3o Folha Popular\"},\"url\":\"https:\\\/\\\/folhapopular.info\\\/index.php\\\/author\\\/redacao\\\/\"}]}<\/script>\n<!-- \/ Yoast SEO plugin. -->","yoast_head_json":{"title":"Colinas apresenta \"Conto por todos os Cantos\" neste domingo - Folha Popular","robots":{"index":"index","follow":"follow","max-snippet":"max-snippet:-1","max-image-preview":"max-image-preview:large","max-video-preview":"max-video-preview:-1"},"canonical":"https:\/\/folhapopular.info\/index.php\/2023\/12\/13\/colinas-apresenta-conto-por-todos-os-cantos-neste-domingo\/","og_locale":"pt_BR","og_type":"article","og_title":"Colinas apresenta \"Conto por todos os Cantos\" neste domingo - Folha Popular","og_description":"O show de patina\u00e7\u00e3o art\u00edstica &#8220;Contos por todos os cantos&#8221;, da Companhia de Patina\u00e7\u00e3o Sobre Rodas ser\u00e1 realizado no domingo (17\/12), \u00e0s 20h, no gin\u00e1sio da Emef Ipiranga. Prometendo magia e mist\u00e9rios que passaram de gera\u00e7\u00e3o em gera\u00e7\u00e3o encantando cora\u00e7\u00f5es, o evento tem entrada franca. A realiza\u00e7\u00e3o do evento tem o apoio da Prefeitura de [&hellip;]","og_url":"https:\/\/folhapopular.info\/index.php\/2023\/12\/13\/colinas-apresenta-conto-por-todos-os-cantos-neste-domingo\/","og_site_name":"Folha Popular","article_published_time":"2023-12-13T18:24:10+00:00","article_modified_time":"2023-12-13T18:24:13+00:00","og_image":[{"width":532,"height":366,"url":"http:\/\/folhapopular.info\/wp-content\/uploads\/2023\/12\/Capturar-e1702491806661.png","type":"image\/png"}],"author":"Reda\u00e7\u00e3o Folha Popular","twitter_card":"summary_large_image","twitter_misc":{"Escrito por":"Reda\u00e7\u00e3o Folha Popular","Est. tempo de leitura":"1 minuto"},"schema":{"@context":"https:\/\/schema.org","@graph":[{"@type":"Article","@id":"https:\/\/folhapopular.info\/index.php\/2023\/12\/13\/colinas-apresenta-conto-por-todos-os-cantos-neste-domingo\/#article","isPartOf":{"@id":"https:\/\/folhapopular.info\/index.php\/2023\/12\/13\/colinas-apresenta-conto-por-todos-os-cantos-neste-domingo\/"},"author":{"name":"Reda\u00e7\u00e3o Folha Popular","@id":"https:\/\/folhapopular.info\/#\/schema\/person\/2814e8a0df7643585a9ca38bc6eb9d4b"},"headline":"Colinas apresenta &#8220;Conto por todos os Cantos&#8221; neste domingo","datePublished":"2023-12-13T18:24:10+00:00","dateModified":"2023-12-13T18:24:13+00:00","mainEntityOfPage":{"@id":"https:\/\/folhapopular.info\/index.php\/2023\/12\/13\/colinas-apresenta-conto-por-todos-os-cantos-neste-domingo\/"},"wordCount":73,"commentCount":0,"image":{"@id":"https:\/\/folhapopular.info\/index.php\/2023\/12\/13\/colinas-apresenta-conto-por-todos-os-cantos-neste-domingo\/#primaryimage"},"thumbnailUrl":"https:\/\/folhapopular.info\/wp-content\/uploads\/2023\/12\/Capturar-e1702491806661.png","keywords":["Colinas","Gin\u00e1sio da Escola Ipiranga","Prefeitura Municipal de Colinas"],"articleSection":["Entretenimento","Inclusive"],"inLanguage":"pt-BR","potentialAction":[{"@type":"CommentAction","name":"Comment","target":["https:\/\/folhapopular.info\/index.php\/2023\/12\/13\/colinas-apresenta-conto-por-todos-os-cantos-neste-domingo\/#respond"]}]},{"@type":"WebPage","@id":"https:\/\/folhapopular.info\/index.php\/2023\/12\/13\/colinas-apresenta-conto-por-todos-os-cantos-neste-domingo\/","url":"https:\/\/folhapopular.info\/index.php\/2023\/12\/13\/colinas-apresenta-conto-por-todos-os-cantos-neste-domingo\/","name":"Colinas apresenta \"Conto por todos os Cantos\" neste domingo - Folha Popular","isPartOf":{"@id":"https:\/\/folhapopular.info\/#website"},"primaryImageOfPage":{"@id":"https:\/\/folhapopular.info\/index.php\/2023\/12\/13\/colinas-apresenta-conto-por-todos-os-cantos-neste-domingo\/#primaryimage"},"image":{"@id":"https:\/\/folhapopular.info\/index.php\/2023\/12\/13\/colinas-apresenta-conto-por-todos-os-cantos-neste-domingo\/#primaryimage"},"thumbnailUrl":"https:\/\/folhapopular.info\/wp-content\/uploads\/2023\/12\/Capturar-e1702491806661.png","datePublished":"2023-12-13T18:24:10+00:00","dateModified":"2023-12-13T18:24:13+00:00","author":{"@id":"https:\/\/folhapopular.info\/#\/schema\/person\/2814e8a0df7643585a9ca38bc6eb9d4b"},"breadcrumb":{"@id":"https:\/\/folhapopular.info\/index.php\/2023\/12\/13\/colinas-apresenta-conto-por-todos-os-cantos-neste-domingo\/#breadcrumb"},"inLanguage":"pt-BR","potentialAction":[{"@type":"ReadAction","target":["https:\/\/folhapopular.info\/index.php\/2023\/12\/13\/colinas-apresenta-conto-por-todos-os-cantos-neste-domingo\/"]}]},{"@type":"ImageObject","inLanguage":"pt-BR","@id":"https:\/\/folhapopular.info\/index.php\/2023\/12\/13\/colinas-apresenta-conto-por-todos-os-cantos-neste-domingo\/#primaryimage","url":"https:\/\/folhapopular.info\/wp-content\/uploads\/2023\/12\/Capturar-e1702491806661.png","contentUrl":"https:\/\/folhapopular.info\/wp-content\/uploads\/2023\/12\/Capturar-e1702491806661.png","width":532,"height":366,"caption":"Cr\u00e9dito: Divulga\u00e7\u00e3o \/ Prefeitura de Colinas"},{"@type":"BreadcrumbList","@id":"https:\/\/folhapopular.info\/index.php\/2023\/12\/13\/colinas-apresenta-conto-por-todos-os-cantos-neste-domingo\/#breadcrumb","itemListElement":[{"@type":"ListItem","position":1,"name":"In\u00edcio","item":"https:\/\/folhapopular.info\/"},{"@type":"ListItem","position":2,"name":"Colinas apresenta &#8220;Conto por todos os Cantos&#8221; neste domingo"}]},{"@type":"WebSite","@id":"https:\/\/folhapopular.info\/#website","url":"https:\/\/folhapopular.info\/","name":"Folha Popular","description":"Onde voc\u00ea tem vez e voz","potentialAction":[{"@type":"SearchAction","target":{"@type":"EntryPoint","urlTemplate":"https:\/\/folhapopular.info\/?s={search_term_string}"},"query-input":{"@type":"PropertyValueSpecification","valueRequired":true,"valueName":"search_term_string"}}],"inLanguage":"pt-BR"},{"@type":"Person","@id":"https:\/\/folhapopular.info\/#\/schema\/person\/2814e8a0df7643585a9ca38bc6eb9d4b","name":"Reda\u00e7\u00e3o Folha Popular","image":{"@type":"ImageObject","inLanguage":"pt-BR","@id":"https:\/\/folhapopular.info\/wp-content\/uploads\/2026\/04\/Folha-1.webp","url":"https:\/\/folhapopular.info\/wp-content\/uploads\/2026\/04\/Folha-1.webp","contentUrl":"https:\/\/folhapopular.info\/wp-content\/uploads\/2026\/04\/Folha-1.webp","caption":"Reda\u00e7\u00e3o Folha Popular"},"url":"https:\/\/folhapopular.info\/index.php\/author\/redacao\/"}]}},"jetpack_featured_media_url":"https:\/\/folhapopular.info\/wp-content\/uploads\/2023\/12\/Capturar-e1702491806661.png","jetpack_sharing_enabled":true,"amp_enabled":true,"_links":{"self":[{"href":"https:\/\/folhapopular.info\/index.php\/wp-json\/wp\/v2\/posts\/145153","targetHints":{"allow":["GET"]}}],"collection":[{"href":"https:\/\/folhapopular.info\/index.php\/wp-json\/wp\/v2\/posts"}],"about":[{"href":"https:\/\/folhapopular.info\/index.php\/wp-json\/wp\/v2\/types\/post"}],"author":[{"embeddable":true,"href":"https:\/\/folhapopular.info\/index.php\/wp-json\/wp\/v2\/users\/8"}],"replies":[{"embeddable":true,"href":"https:\/\/folhapopular.info\/index.php\/wp-json\/wp\/v2\/comments?post=145153"}],"version-history":[{"count":0,"href":"https:\/\/folhapopular.info\/index.php\/wp-json\/wp\/v2\/posts\/145153\/revisions"}],"wp:featuredmedia":[{"embeddable":true,"href":"https:\/\/folhapopular.info\/index.php\/wp-json\/wp\/v2\/media\/145154"}],"wp:attachment":[{"href":"https:\/\/folhapopular.info\/index.php\/wp-json\/wp\/v2\/media?parent=145153"}],"wp:term":[{"taxonomy":"category","embeddable":true,"href":"https:\/\/folhapopular.info\/index.php\/wp-json\/wp\/v2\/categories?post=145153"},{"taxonomy":"post_tag","embeddable":true,"href":"https:\/\/folhapopular.info\/index.php\/wp-json\/wp\/v2\/tags?post=145153"}],"curies":[{"name":"wp","href":"https:\/\/api.w.org\/{rel}","templated":true}]}}