{"id":145191,"date":"2023-12-14T15:02:24","date_gmt":"2023-12-14T18:02:24","guid":{"rendered":"https:\/\/folhapopular.info\/?p=145191"},"modified":"2023-12-14T15:02:27","modified_gmt":"2023-12-14T18:02:27","slug":"2o-concurso-de-melhor-ornamentacao-natalina-de-imigrante-encerra-inscricoes-nesta-quinta-feira","status":"publish","type":"post","link":"https:\/\/folhapopular.info\/index.php\/2023\/12\/14\/2o-concurso-de-melhor-ornamentacao-natalina-de-imigrante-encerra-inscricoes-nesta-quinta-feira\/","title":{"rendered":"2\u00ba Concurso de Melhor Ornamenta\u00e7\u00e3o Natalina de Imigrante encerra inscri\u00e7\u00f5es nesta quinta-feira"},"content":{"rendered":"\n<p>Encerram nesta quinta-feira (14\/12) as inscri\u00e7\u00f5es para o 2\u00ba Concurso de Melhor Ornamenta\u00e7\u00e3o Natalina de Imigrante. A inscri\u00e7\u00e3o \u00e9 gratuita e deve ser feita na Secretaria de Cultura. As ornamenta\u00e7\u00f5es ser\u00e3o avaliadas na noite de 14 de dezembro pela comiss\u00e3o julgadora. A divulga\u00e7\u00e3o do resultado ser\u00e1 no dia 17 de dezembro, no encerramento do Natal na Pra\u00e7a.<\/p>\n\n\n\n<p>Haver\u00e1 duas categorias de premia\u00e7\u00e3o. A categoria A premiar\u00e1 do 1\u00ba ao 3\u00ba lugar para a melhor ornamenta\u00e7\u00e3o do com\u00e9rcio, empresas e entidades. A Categoria B premiar\u00e1 do 1\u00ba ao 6\u00ba colocado a melhor ornamenta\u00e7\u00e3o de resid\u00eancias (rurais e urbanas).<\/p>\n\n\n\n<p>Os quesitos a serem avaliados ser\u00e3o a criatividade, originalidade dos materiais utilizados, presen\u00e7a de elementos diferenciados, al\u00e9m do realce da ornamenta\u00e7\u00e3o diurna e noturna. No quesito ilumina\u00e7\u00e3o ser\u00e1 considerada a riqueza decorativa das luzes, independentemente da quantidade. E no quesito harmonia, ser\u00e1 considerado o senso est\u00e9tico e o equil\u00edbrio entre a ornamenta\u00e7\u00e3o e o ambiente.<\/p>\n\n\n\n<p>O regulamento completo e as fichas de inscri\u00e7\u00e3o podem ser obtidos no site <a href=\"https:\/\/www.imigrante-rs.com.br\/\">www.imigrante-rs.com.br<\/a> na aba Licita\u00e7\u00f5es, 2022, link Concurso,  pelo celular\/WhatsApp (51) 98175-1072 ou diretamente na Secretaria Municipal de Cultura, Desporto e Turismo.<\/p>\n\n\n\n<h2 class=\"wp-block-heading\">Premia\u00e7\u00f5es<\/h2>\n\n\n\n<p><strong>Com\u00e9rcio\/Entidades\/empresas<\/strong> <strong>(lojas, restaurantes, bares, Igrejas, clubes):<\/strong><br>1\u00ba lugar: R$ 400,00<br>2\u00ba lugar: R$ 300,00<br>3\u00ba lugar: R$ 200,00<\/p>\n\n\n\n<p><strong>Resid\u00eancias (Rurais e Urbanas)<\/strong>:<br>1\u00ba lugar: R$ 600,00<br>2\u00ba lugar: R$ 400,00<br>3\u00ba lugar: R$ 300,00<br>4\u00ba lugar: R$ 150,00<br>5\u00ba lugar: R$ 150,00<br>6\u00ba lugar: R$ 150,00<\/p>\n","protected":false},"excerpt":{"rendered":"<p>Encerram nesta quinta-feira (14\/12) as inscri\u00e7\u00f5es para o 2\u00ba Concurso de Melhor Ornamenta\u00e7\u00e3o Natalina de Imigrante. A inscri\u00e7\u00e3o \u00e9 gratuita e deve ser feita na Secretaria de Cultura. As ornamenta\u00e7\u00f5es ser\u00e3o avaliadas na noite de 14 de dezembro pela comiss\u00e3o julgadora. A divulga\u00e7\u00e3o do resultado ser\u00e1 no dia 17 de dezembro, no encerramento do Natal [&hellip;]<\/p>\n","protected":false},"author":8,"featured_media":145193,"comment_status":"open","ping_status":"open","sticky":false,"template":"","format":"standard","meta":{"pmpro_default_level":"","_jetpack_memberships_contains_paid_content":false,"footnotes":""},"categories":[2,10999,6],"tags":[873,34,13765],"class_list":{"0":"post-145191","1":"post","2":"type-post","3":"status-publish","4":"format-standard","5":"has-post-thumbnail","7":"category-featured","8":"category-entretenimento","9":"category-inclusive","10":"tag-concurso","11":"tag-imigrante","12":"tag-ornamentacao-natalina","13":"pmpro-has-access"},"yoast_head":"<!-- This site is optimized with the Yoast SEO plugin v27.5 - https:\/\/yoast.com\/product\/yoast-seo-wordpress\/ -->\n<title>2\u00ba Concurso de Melhor Ornamenta\u00e7\u00e3o Natalina de Imigrante encerra inscri\u00e7\u00f5es nesta quinta-feira - Folha Popular<\/title>\n<meta name=\"robots\" content=\"index, follow, max-snippet:-1, max-image-preview:large, max-video-preview:-1\" \/>\n<link rel=\"canonical\" href=\"https:\/\/folhapopular.info\/index.php\/2023\/12\/14\/2o-concurso-de-melhor-ornamentacao-natalina-de-imigrante-encerra-inscricoes-nesta-quinta-feira\/\" \/>\n<meta property=\"og:locale\" content=\"pt_BR\" \/>\n<meta property=\"og:type\" content=\"article\" \/>\n<meta property=\"og:title\" content=\"2\u00ba Concurso de Melhor Ornamenta\u00e7\u00e3o Natalina de Imigrante encerra inscri\u00e7\u00f5es nesta quinta-feira - Folha Popular\" \/>\n<meta property=\"og:description\" content=\"Encerram nesta quinta-feira (14\/12) as inscri\u00e7\u00f5es para o 2\u00ba Concurso de Melhor Ornamenta\u00e7\u00e3o Natalina de Imigrante. A inscri\u00e7\u00e3o \u00e9 gratuita e deve ser feita na Secretaria de Cultura. As ornamenta\u00e7\u00f5es ser\u00e3o avaliadas na noite de 14 de dezembro pela comiss\u00e3o julgadora. A divulga\u00e7\u00e3o do resultado ser\u00e1 no dia 17 de dezembro, no encerramento do Natal [&hellip;]\" \/>\n<meta property=\"og:url\" content=\"https:\/\/folhapopular.info\/index.php\/2023\/12\/14\/2o-concurso-de-melhor-ornamentacao-natalina-de-imigrante-encerra-inscricoes-nesta-quinta-feira\/\" \/>\n<meta property=\"og:site_name\" content=\"Folha Popular\" \/>\n<meta property=\"article:published_time\" content=\"2023-12-14T18:02:24+00:00\" \/>\n<meta property=\"article:modified_time\" content=\"2023-12-14T18:02:27+00:00\" \/>\n<meta property=\"og:image\" content=\"http:\/\/folhapopular.info\/wp-content\/uploads\/2023\/12\/Capturar-1-e1702494133228.png\" \/>\n\t<meta property=\"og:image:width\" content=\"680\" \/>\n\t<meta property=\"og:image:height\" content=\"387\" \/>\n\t<meta property=\"og:image:type\" content=\"image\/png\" \/>\n<meta name=\"author\" content=\"Reda\u00e7\u00e3o Folha Popular\" \/>\n<meta name=\"twitter:card\" content=\"summary_large_image\" \/>\n<meta name=\"twitter:label1\" content=\"Escrito por\" \/>\n\t<meta name=\"twitter:data1\" content=\"Reda\u00e7\u00e3o Folha Popular\" \/>\n\t<meta name=\"twitter:label2\" content=\"Est. tempo de leitura\" \/>\n\t<meta name=\"twitter:data2\" content=\"2 minutos\" \/>\n<script type=\"application\/ld+json\" class=\"yoast-schema-graph\">{\"@context\":\"https:\\\/\\\/schema.org\",\"@graph\":[{\"@type\":\"Article\",\"@id\":\"https:\\\/\\\/folhapopular.info\\\/index.php\\\/2023\\\/12\\\/14\\\/2o-concurso-de-melhor-ornamentacao-natalina-de-imigrante-encerra-inscricoes-nesta-quinta-feira\\\/#article\",\"isPartOf\":{\"@id\":\"https:\\\/\\\/folhapopular.info\\\/index.php\\\/2023\\\/12\\\/14\\\/2o-concurso-de-melhor-ornamentacao-natalina-de-imigrante-encerra-inscricoes-nesta-quinta-feira\\\/\"},\"author\":{\"name\":\"Reda\u00e7\u00e3o Folha Popular\",\"@id\":\"https:\\\/\\\/folhapopular.info\\\/#\\\/schema\\\/person\\\/2814e8a0df7643585a9ca38bc6eb9d4b\"},\"headline\":\"2\u00ba Concurso de Melhor Ornamenta\u00e7\u00e3o Natalina de Imigrante encerra inscri\u00e7\u00f5es nesta quinta-feira\",\"datePublished\":\"2023-12-14T18:02:24+00:00\",\"dateModified\":\"2023-12-14T18:02:27+00:00\",\"mainEntityOfPage\":{\"@id\":\"https:\\\/\\\/folhapopular.info\\\/index.php\\\/2023\\\/12\\\/14\\\/2o-concurso-de-melhor-ornamentacao-natalina-de-imigrante-encerra-inscricoes-nesta-quinta-feira\\\/\"},\"wordCount\":249,\"commentCount\":0,\"image\":{\"@id\":\"https:\\\/\\\/folhapopular.info\\\/index.php\\\/2023\\\/12\\\/14\\\/2o-concurso-de-melhor-ornamentacao-natalina-de-imigrante-encerra-inscricoes-nesta-quinta-feira\\\/#primaryimage\"},\"thumbnailUrl\":\"https:\\\/\\\/folhapopular.info\\\/wp-content\\\/uploads\\\/2023\\\/12\\\/Capturar-1-e1702494133228.png\",\"keywords\":[\"Concurso\",\"Imigrante\",\"Ornamenta\u00e7\u00e3o Natalina\"],\"articleSection\":[\"Destaques\",\"Entretenimento\",\"Inclusive\"],\"inLanguage\":\"pt-BR\",\"potentialAction\":[{\"@type\":\"CommentAction\",\"name\":\"Comment\",\"target\":[\"https:\\\/\\\/folhapopular.info\\\/index.php\\\/2023\\\/12\\\/14\\\/2o-concurso-de-melhor-ornamentacao-natalina-de-imigrante-encerra-inscricoes-nesta-quinta-feira\\\/#respond\"]}]},{\"@type\":\"WebPage\",\"@id\":\"https:\\\/\\\/folhapopular.info\\\/index.php\\\/2023\\\/12\\\/14\\\/2o-concurso-de-melhor-ornamentacao-natalina-de-imigrante-encerra-inscricoes-nesta-quinta-feira\\\/\",\"url\":\"https:\\\/\\\/folhapopular.info\\\/index.php\\\/2023\\\/12\\\/14\\\/2o-concurso-de-melhor-ornamentacao-natalina-de-imigrante-encerra-inscricoes-nesta-quinta-feira\\\/\",\"name\":\"2\u00ba Concurso de Melhor Ornamenta\u00e7\u00e3o Natalina de Imigrante encerra inscri\u00e7\u00f5es nesta quinta-feira - Folha Popular\",\"isPartOf\":{\"@id\":\"https:\\\/\\\/folhapopular.info\\\/#website\"},\"primaryImageOfPage\":{\"@id\":\"https:\\\/\\\/folhapopular.info\\\/index.php\\\/2023\\\/12\\\/14\\\/2o-concurso-de-melhor-ornamentacao-natalina-de-imigrante-encerra-inscricoes-nesta-quinta-feira\\\/#primaryimage\"},\"image\":{\"@id\":\"https:\\\/\\\/folhapopular.info\\\/index.php\\\/2023\\\/12\\\/14\\\/2o-concurso-de-melhor-ornamentacao-natalina-de-imigrante-encerra-inscricoes-nesta-quinta-feira\\\/#primaryimage\"},\"thumbnailUrl\":\"https:\\\/\\\/folhapopular.info\\\/wp-content\\\/uploads\\\/2023\\\/12\\\/Capturar-1-e1702494133228.png\",\"datePublished\":\"2023-12-14T18:02:24+00:00\",\"dateModified\":\"2023-12-14T18:02:27+00:00\",\"author\":{\"@id\":\"https:\\\/\\\/folhapopular.info\\\/#\\\/schema\\\/person\\\/2814e8a0df7643585a9ca38bc6eb9d4b\"},\"breadcrumb\":{\"@id\":\"https:\\\/\\\/folhapopular.info\\\/index.php\\\/2023\\\/12\\\/14\\\/2o-concurso-de-melhor-ornamentacao-natalina-de-imigrante-encerra-inscricoes-nesta-quinta-feira\\\/#breadcrumb\"},\"inLanguage\":\"pt-BR\",\"potentialAction\":[{\"@type\":\"ReadAction\",\"target\":[\"https:\\\/\\\/folhapopular.info\\\/index.php\\\/2023\\\/12\\\/14\\\/2o-concurso-de-melhor-ornamentacao-natalina-de-imigrante-encerra-inscricoes-nesta-quinta-feira\\\/\"]}]},{\"@type\":\"ImageObject\",\"inLanguage\":\"pt-BR\",\"@id\":\"https:\\\/\\\/folhapopular.info\\\/index.php\\\/2023\\\/12\\\/14\\\/2o-concurso-de-melhor-ornamentacao-natalina-de-imigrante-encerra-inscricoes-nesta-quinta-feira\\\/#primaryimage\",\"url\":\"https:\\\/\\\/folhapopular.info\\\/wp-content\\\/uploads\\\/2023\\\/12\\\/Capturar-1-e1702494133228.png\",\"contentUrl\":\"https:\\\/\\\/folhapopular.info\\\/wp-content\\\/uploads\\\/2023\\\/12\\\/Capturar-1-e1702494133228.png\",\"width\":680,\"height\":387,\"caption\":\"Cr\u00e9dito: Divulga\u00e7\u00e3o \\\/ Prefeitura de Imigrante\"},{\"@type\":\"BreadcrumbList\",\"@id\":\"https:\\\/\\\/folhapopular.info\\\/index.php\\\/2023\\\/12\\\/14\\\/2o-concurso-de-melhor-ornamentacao-natalina-de-imigrante-encerra-inscricoes-nesta-quinta-feira\\\/#breadcrumb\",\"itemListElement\":[{\"@type\":\"ListItem\",\"position\":1,\"name\":\"In\u00edcio\",\"item\":\"https:\\\/\\\/folhapopular.info\\\/\"},{\"@type\":\"ListItem\",\"position\":2,\"name\":\"2\u00ba Concurso de Melhor Ornamenta\u00e7\u00e3o Natalina de Imigrante encerra inscri\u00e7\u00f5es nesta quinta-feira\"}]},{\"@type\":\"WebSite\",\"@id\":\"https:\\\/\\\/folhapopular.info\\\/#website\",\"url\":\"https:\\\/\\\/folhapopular.info\\\/\",\"name\":\"Folha Popular\",\"description\":\"Onde voc\u00ea tem vez e voz\",\"potentialAction\":[{\"@type\":\"SearchAction\",\"target\":{\"@type\":\"EntryPoint\",\"urlTemplate\":\"https:\\\/\\\/folhapopular.info\\\/?s={search_term_string}\"},\"query-input\":{\"@type\":\"PropertyValueSpecification\",\"valueRequired\":true,\"valueName\":\"search_term_string\"}}],\"inLanguage\":\"pt-BR\"},{\"@type\":\"Person\",\"@id\":\"https:\\\/\\\/folhapopular.info\\\/#\\\/schema\\\/person\\\/2814e8a0df7643585a9ca38bc6eb9d4b\",\"name\":\"Reda\u00e7\u00e3o Folha Popular\",\"image\":{\"@type\":\"ImageObject\",\"inLanguage\":\"pt-BR\",\"@id\":\"https:\\\/\\\/folhapopular.info\\\/wp-content\\\/uploads\\\/2026\\\/04\\\/Folha-1.webp\",\"url\":\"https:\\\/\\\/folhapopular.info\\\/wp-content\\\/uploads\\\/2026\\\/04\\\/Folha-1.webp\",\"contentUrl\":\"https:\\\/\\\/folhapopular.info\\\/wp-content\\\/uploads\\\/2026\\\/04\\\/Folha-1.webp\",\"caption\":\"Reda\u00e7\u00e3o Folha Popular\"},\"url\":\"https:\\\/\\\/folhapopular.info\\\/index.php\\\/author\\\/redacao\\\/\"}]}<\/script>\n<!-- \/ Yoast SEO plugin. -->","yoast_head_json":{"title":"2\u00ba Concurso de Melhor Ornamenta\u00e7\u00e3o Natalina de Imigrante encerra inscri\u00e7\u00f5es nesta quinta-feira - Folha Popular","robots":{"index":"index","follow":"follow","max-snippet":"max-snippet:-1","max-image-preview":"max-image-preview:large","max-video-preview":"max-video-preview:-1"},"canonical":"https:\/\/folhapopular.info\/index.php\/2023\/12\/14\/2o-concurso-de-melhor-ornamentacao-natalina-de-imigrante-encerra-inscricoes-nesta-quinta-feira\/","og_locale":"pt_BR","og_type":"article","og_title":"2\u00ba Concurso de Melhor Ornamenta\u00e7\u00e3o Natalina de Imigrante encerra inscri\u00e7\u00f5es nesta quinta-feira - Folha Popular","og_description":"Encerram nesta quinta-feira (14\/12) as inscri\u00e7\u00f5es para o 2\u00ba Concurso de Melhor Ornamenta\u00e7\u00e3o Natalina de Imigrante. A inscri\u00e7\u00e3o \u00e9 gratuita e deve ser feita na Secretaria de Cultura. As ornamenta\u00e7\u00f5es ser\u00e3o avaliadas na noite de 14 de dezembro pela comiss\u00e3o julgadora. A divulga\u00e7\u00e3o do resultado ser\u00e1 no dia 17 de dezembro, no encerramento do Natal [&hellip;]","og_url":"https:\/\/folhapopular.info\/index.php\/2023\/12\/14\/2o-concurso-de-melhor-ornamentacao-natalina-de-imigrante-encerra-inscricoes-nesta-quinta-feira\/","og_site_name":"Folha Popular","article_published_time":"2023-12-14T18:02:24+00:00","article_modified_time":"2023-12-14T18:02:27+00:00","og_image":[{"width":680,"height":387,"url":"http:\/\/folhapopular.info\/wp-content\/uploads\/2023\/12\/Capturar-1-e1702494133228.png","type":"image\/png"}],"author":"Reda\u00e7\u00e3o Folha Popular","twitter_card":"summary_large_image","twitter_misc":{"Escrito por":"Reda\u00e7\u00e3o Folha Popular","Est. tempo de leitura":"2 minutos"},"schema":{"@context":"https:\/\/schema.org","@graph":[{"@type":"Article","@id":"https:\/\/folhapopular.info\/index.php\/2023\/12\/14\/2o-concurso-de-melhor-ornamentacao-natalina-de-imigrante-encerra-inscricoes-nesta-quinta-feira\/#article","isPartOf":{"@id":"https:\/\/folhapopular.info\/index.php\/2023\/12\/14\/2o-concurso-de-melhor-ornamentacao-natalina-de-imigrante-encerra-inscricoes-nesta-quinta-feira\/"},"author":{"name":"Reda\u00e7\u00e3o Folha Popular","@id":"https:\/\/folhapopular.info\/#\/schema\/person\/2814e8a0df7643585a9ca38bc6eb9d4b"},"headline":"2\u00ba Concurso de Melhor Ornamenta\u00e7\u00e3o Natalina de Imigrante encerra inscri\u00e7\u00f5es nesta quinta-feira","datePublished":"2023-12-14T18:02:24+00:00","dateModified":"2023-12-14T18:02:27+00:00","mainEntityOfPage":{"@id":"https:\/\/folhapopular.info\/index.php\/2023\/12\/14\/2o-concurso-de-melhor-ornamentacao-natalina-de-imigrante-encerra-inscricoes-nesta-quinta-feira\/"},"wordCount":249,"commentCount":0,"image":{"@id":"https:\/\/folhapopular.info\/index.php\/2023\/12\/14\/2o-concurso-de-melhor-ornamentacao-natalina-de-imigrante-encerra-inscricoes-nesta-quinta-feira\/#primaryimage"},"thumbnailUrl":"https:\/\/folhapopular.info\/wp-content\/uploads\/2023\/12\/Capturar-1-e1702494133228.png","keywords":["Concurso","Imigrante","Ornamenta\u00e7\u00e3o Natalina"],"articleSection":["Destaques","Entretenimento","Inclusive"],"inLanguage":"pt-BR","potentialAction":[{"@type":"CommentAction","name":"Comment","target":["https:\/\/folhapopular.info\/index.php\/2023\/12\/14\/2o-concurso-de-melhor-ornamentacao-natalina-de-imigrante-encerra-inscricoes-nesta-quinta-feira\/#respond"]}]},{"@type":"WebPage","@id":"https:\/\/folhapopular.info\/index.php\/2023\/12\/14\/2o-concurso-de-melhor-ornamentacao-natalina-de-imigrante-encerra-inscricoes-nesta-quinta-feira\/","url":"https:\/\/folhapopular.info\/index.php\/2023\/12\/14\/2o-concurso-de-melhor-ornamentacao-natalina-de-imigrante-encerra-inscricoes-nesta-quinta-feira\/","name":"2\u00ba Concurso de Melhor Ornamenta\u00e7\u00e3o Natalina de Imigrante encerra inscri\u00e7\u00f5es nesta quinta-feira - Folha Popular","isPartOf":{"@id":"https:\/\/folhapopular.info\/#website"},"primaryImageOfPage":{"@id":"https:\/\/folhapopular.info\/index.php\/2023\/12\/14\/2o-concurso-de-melhor-ornamentacao-natalina-de-imigrante-encerra-inscricoes-nesta-quinta-feira\/#primaryimage"},"image":{"@id":"https:\/\/folhapopular.info\/index.php\/2023\/12\/14\/2o-concurso-de-melhor-ornamentacao-natalina-de-imigrante-encerra-inscricoes-nesta-quinta-feira\/#primaryimage"},"thumbnailUrl":"https:\/\/folhapopular.info\/wp-content\/uploads\/2023\/12\/Capturar-1-e1702494133228.png","datePublished":"2023-12-14T18:02:24+00:00","dateModified":"2023-12-14T18:02:27+00:00","author":{"@id":"https:\/\/folhapopular.info\/#\/schema\/person\/2814e8a0df7643585a9ca38bc6eb9d4b"},"breadcrumb":{"@id":"https:\/\/folhapopular.info\/index.php\/2023\/12\/14\/2o-concurso-de-melhor-ornamentacao-natalina-de-imigrante-encerra-inscricoes-nesta-quinta-feira\/#breadcrumb"},"inLanguage":"pt-BR","potentialAction":[{"@type":"ReadAction","target":["https:\/\/folhapopular.info\/index.php\/2023\/12\/14\/2o-concurso-de-melhor-ornamentacao-natalina-de-imigrante-encerra-inscricoes-nesta-quinta-feira\/"]}]},{"@type":"ImageObject","inLanguage":"pt-BR","@id":"https:\/\/folhapopular.info\/index.php\/2023\/12\/14\/2o-concurso-de-melhor-ornamentacao-natalina-de-imigrante-encerra-inscricoes-nesta-quinta-feira\/#primaryimage","url":"https:\/\/folhapopular.info\/wp-content\/uploads\/2023\/12\/Capturar-1-e1702494133228.png","contentUrl":"https:\/\/folhapopular.info\/wp-content\/uploads\/2023\/12\/Capturar-1-e1702494133228.png","width":680,"height":387,"caption":"Cr\u00e9dito: Divulga\u00e7\u00e3o \/ Prefeitura de Imigrante"},{"@type":"BreadcrumbList","@id":"https:\/\/folhapopular.info\/index.php\/2023\/12\/14\/2o-concurso-de-melhor-ornamentacao-natalina-de-imigrante-encerra-inscricoes-nesta-quinta-feira\/#breadcrumb","itemListElement":[{"@type":"ListItem","position":1,"name":"In\u00edcio","item":"https:\/\/folhapopular.info\/"},{"@type":"ListItem","position":2,"name":"2\u00ba Concurso de Melhor Ornamenta\u00e7\u00e3o Natalina de Imigrante encerra inscri\u00e7\u00f5es nesta quinta-feira"}]},{"@type":"WebSite","@id":"https:\/\/folhapopular.info\/#website","url":"https:\/\/folhapopular.info\/","name":"Folha Popular","description":"Onde voc\u00ea tem vez e voz","potentialAction":[{"@type":"SearchAction","target":{"@type":"EntryPoint","urlTemplate":"https:\/\/folhapopular.info\/?s={search_term_string}"},"query-input":{"@type":"PropertyValueSpecification","valueRequired":true,"valueName":"search_term_string"}}],"inLanguage":"pt-BR"},{"@type":"Person","@id":"https:\/\/folhapopular.info\/#\/schema\/person\/2814e8a0df7643585a9ca38bc6eb9d4b","name":"Reda\u00e7\u00e3o Folha Popular","image":{"@type":"ImageObject","inLanguage":"pt-BR","@id":"https:\/\/folhapopular.info\/wp-content\/uploads\/2026\/04\/Folha-1.webp","url":"https:\/\/folhapopular.info\/wp-content\/uploads\/2026\/04\/Folha-1.webp","contentUrl":"https:\/\/folhapopular.info\/wp-content\/uploads\/2026\/04\/Folha-1.webp","caption":"Reda\u00e7\u00e3o Folha Popular"},"url":"https:\/\/folhapopular.info\/index.php\/author\/redacao\/"}]}},"jetpack_featured_media_url":"https:\/\/folhapopular.info\/wp-content\/uploads\/2023\/12\/Capturar-1-e1702494133228.png","jetpack_sharing_enabled":true,"amp_enabled":true,"_links":{"self":[{"href":"https:\/\/folhapopular.info\/index.php\/wp-json\/wp\/v2\/posts\/145191","targetHints":{"allow":["GET"]}}],"collection":[{"href":"https:\/\/folhapopular.info\/index.php\/wp-json\/wp\/v2\/posts"}],"about":[{"href":"https:\/\/folhapopular.info\/index.php\/wp-json\/wp\/v2\/types\/post"}],"author":[{"embeddable":true,"href":"https:\/\/folhapopular.info\/index.php\/wp-json\/wp\/v2\/users\/8"}],"replies":[{"embeddable":true,"href":"https:\/\/folhapopular.info\/index.php\/wp-json\/wp\/v2\/comments?post=145191"}],"version-history":[{"count":0,"href":"https:\/\/folhapopular.info\/index.php\/wp-json\/wp\/v2\/posts\/145191\/revisions"}],"wp:featuredmedia":[{"embeddable":true,"href":"https:\/\/folhapopular.info\/index.php\/wp-json\/wp\/v2\/media\/145193"}],"wp:attachment":[{"href":"https:\/\/folhapopular.info\/index.php\/wp-json\/wp\/v2\/media?parent=145191"}],"wp:term":[{"taxonomy":"category","embeddable":true,"href":"https:\/\/folhapopular.info\/index.php\/wp-json\/wp\/v2\/categories?post=145191"},{"taxonomy":"post_tag","embeddable":true,"href":"https:\/\/folhapopular.info\/index.php\/wp-json\/wp\/v2\/tags?post=145191"}],"curies":[{"name":"wp","href":"https:\/\/api.w.org\/{rel}","templated":true}]}}