{"id":145298,"date":"2023-12-14T16:30:00","date_gmt":"2023-12-14T19:30:00","guid":{"rendered":"https:\/\/folhapopular.info\/?p=145298"},"modified":"2023-12-15T14:42:42","modified_gmt":"2023-12-15T17:42:42","slug":"bom-retiro-do-sul-recebe-selo-bronze-do-sebrae","status":"publish","type":"post","link":"https:\/\/folhapopular.info\/index.php\/2023\/12\/14\/bom-retiro-do-sul-recebe-selo-bronze-do-sebrae\/","title":{"rendered":"Bom Retiro do Sul recebe Selo Bronze do Sebrae"},"content":{"rendered":"\n<p>Em evento realizado na Fecom\u00e9rcio-RS em Porto Alegre na ter\u00e7a-feira (12\/12), Bom Retiro do Sul foi agraciado com o Selo Bronze 2023 em reconhecimento pela excel\u00eancia no servi\u00e7o prestado aos empreendedores locais.<\/p>\n\n\n\n<p>A Sala do Empreendedor fornece atendimento qualificado \u00e0s Micro e Pequenas Empresas (MPEs) e aos Microempreendedores Individuais (MEIs), atrav\u00e9s da consultoria implementada pelo secret\u00e1rio Carlos Henrique Dullius junto ao Sebrae regional, que visa facilitar o processo de abertura, regulariza\u00e7\u00e3o e gest\u00e3o de pequenos neg\u00f3cios. O objetivo \u00e9 impulsionar o desenvolvimento econ\u00f4mico e social como ponto de apoio, oferecendo informa\u00e7\u00f5es, capacita\u00e7\u00e3o, consultorias, formaliza\u00e7\u00e3o de empresas, orienta\u00e7\u00f5es sobre legisla\u00e7\u00f5es e acesso a programas de incentivo ao empreendedorismo.<\/p>\n\n\n\n<p>O pr\u00eamio concedido pelo Sebrae RS e pela Funda\u00e7\u00e3o Nacional da Qualidade (FNQ) foi recebido pelo Prefeito Edmilson Busatto e pelo Secret\u00e1rio de Administra\u00e7\u00e3o e Planejamento, Carlos Henrique Dullius.<\/p>\n\n\n\n<p>Em Bom Retiro do Sul, a Sala do Empreendedor funciona junto ao Centro Administrativo, com atendimento de segunda a sexta-feira, das 8h \u00e0s 12h e das 13h \u00e0s 17h. Junto ao espa\u00e7o tamb\u00e9m est\u00e1 dispon\u00edvel a ag\u00eancia do Sine.<\/p>\n","protected":false},"excerpt":{"rendered":"<p>Em evento realizado na Fecom\u00e9rcio-RS em Porto Alegre na ter\u00e7a-feira (12\/12), Bom Retiro do Sul foi agraciado com o Selo Bronze 2023 em reconhecimento pela excel\u00eancia no servi\u00e7o prestado aos empreendedores locais. A Sala do Empreendedor fornece atendimento qualificado \u00e0s Micro e Pequenas Empresas (MPEs) e aos Microempreendedores Individuais (MEIs), atrav\u00e9s da consultoria implementada pelo [&hellip;]<\/p>\n","protected":false},"author":8,"featured_media":145299,"comment_status":"open","ping_status":"open","sticky":false,"template":"","format":"standard","meta":{"pmpro_default_level":"","_jetpack_memberships_contains_paid_content":false,"footnotes":""},"categories":[2,3],"tags":[146,1342,3123,13776],"class_list":{"0":"post-145298","1":"post","2":"type-post","3":"status-publish","4":"format-standard","5":"has-post-thumbnail","7":"category-featured","8":"category-geral","9":"tag-bom-retiro-do-sul","10":"tag-sala-do-empreendedor","11":"tag-sebrae","12":"tag-selo-bronze","13":"pmpro-has-access"},"yoast_head":"<!-- This site is optimized with the Yoast SEO plugin v27.5 - https:\/\/yoast.com\/product\/yoast-seo-wordpress\/ -->\n<title>Bom Retiro do Sul recebe Selo Bronze do Sebrae - Folha Popular<\/title>\n<meta name=\"robots\" content=\"index, follow, max-snippet:-1, max-image-preview:large, max-video-preview:-1\" \/>\n<link rel=\"canonical\" href=\"https:\/\/folhapopular.info\/index.php\/2023\/12\/14\/bom-retiro-do-sul-recebe-selo-bronze-do-sebrae\/\" \/>\n<meta property=\"og:locale\" content=\"pt_BR\" \/>\n<meta property=\"og:type\" content=\"article\" \/>\n<meta property=\"og:title\" content=\"Bom Retiro do Sul recebe Selo Bronze do Sebrae - Folha Popular\" \/>\n<meta property=\"og:description\" content=\"Em evento realizado na Fecom\u00e9rcio-RS em Porto Alegre na ter\u00e7a-feira (12\/12), Bom Retiro do Sul foi agraciado com o Selo Bronze 2023 em reconhecimento pela excel\u00eancia no servi\u00e7o prestado aos empreendedores locais. A Sala do Empreendedor fornece atendimento qualificado \u00e0s Micro e Pequenas Empresas (MPEs) e aos Microempreendedores Individuais (MEIs), atrav\u00e9s da consultoria implementada pelo [&hellip;]\" \/>\n<meta property=\"og:url\" content=\"https:\/\/folhapopular.info\/index.php\/2023\/12\/14\/bom-retiro-do-sul-recebe-selo-bronze-do-sebrae\/\" \/>\n<meta property=\"og:site_name\" content=\"Folha Popular\" \/>\n<meta property=\"article:published_time\" content=\"2023-12-14T19:30:00+00:00\" \/>\n<meta property=\"article:modified_time\" content=\"2023-12-15T17:42:42+00:00\" \/>\n<meta property=\"og:image\" content=\"http:\/\/folhapopular.info\/wp-content\/uploads\/2023\/12\/IMG_20231212_163705-1024x796.jpg\" \/>\n\t<meta property=\"og:image:width\" content=\"1024\" \/>\n\t<meta property=\"og:image:height\" content=\"796\" \/>\n\t<meta property=\"og:image:type\" content=\"image\/jpeg\" \/>\n<meta name=\"author\" content=\"Reda\u00e7\u00e3o Folha Popular\" \/>\n<meta name=\"twitter:card\" content=\"summary_large_image\" \/>\n<meta name=\"twitter:label1\" content=\"Escrito por\" \/>\n\t<meta name=\"twitter:data1\" content=\"Reda\u00e7\u00e3o Folha Popular\" \/>\n\t<meta name=\"twitter:label2\" content=\"Est. tempo de leitura\" \/>\n\t<meta name=\"twitter:data2\" content=\"2 minutos\" \/>\n<script type=\"application\/ld+json\" class=\"yoast-schema-graph\">{\"@context\":\"https:\\\/\\\/schema.org\",\"@graph\":[{\"@type\":\"Article\",\"@id\":\"https:\\\/\\\/folhapopular.info\\\/index.php\\\/2023\\\/12\\\/14\\\/bom-retiro-do-sul-recebe-selo-bronze-do-sebrae\\\/#article\",\"isPartOf\":{\"@id\":\"https:\\\/\\\/folhapopular.info\\\/index.php\\\/2023\\\/12\\\/14\\\/bom-retiro-do-sul-recebe-selo-bronze-do-sebrae\\\/\"},\"author\":{\"name\":\"Reda\u00e7\u00e3o Folha Popular\",\"@id\":\"https:\\\/\\\/folhapopular.info\\\/#\\\/schema\\\/person\\\/2814e8a0df7643585a9ca38bc6eb9d4b\"},\"headline\":\"Bom Retiro do Sul recebe Selo Bronze do Sebrae\",\"datePublished\":\"2023-12-14T19:30:00+00:00\",\"dateModified\":\"2023-12-15T17:42:42+00:00\",\"mainEntityOfPage\":{\"@id\":\"https:\\\/\\\/folhapopular.info\\\/index.php\\\/2023\\\/12\\\/14\\\/bom-retiro-do-sul-recebe-selo-bronze-do-sebrae\\\/\"},\"wordCount\":204,\"commentCount\":0,\"image\":{\"@id\":\"https:\\\/\\\/folhapopular.info\\\/index.php\\\/2023\\\/12\\\/14\\\/bom-retiro-do-sul-recebe-selo-bronze-do-sebrae\\\/#primaryimage\"},\"thumbnailUrl\":\"https:\\\/\\\/folhapopular.info\\\/wp-content\\\/uploads\\\/2023\\\/12\\\/IMG_20231212_163705.jpg\",\"keywords\":[\"Bom Retiro do Sul\",\"Sala do Empreendedor\",\"Sebrae\",\"Selo Bronze\"],\"articleSection\":[\"Destaques\",\"Geral\"],\"inLanguage\":\"pt-BR\",\"potentialAction\":[{\"@type\":\"CommentAction\",\"name\":\"Comment\",\"target\":[\"https:\\\/\\\/folhapopular.info\\\/index.php\\\/2023\\\/12\\\/14\\\/bom-retiro-do-sul-recebe-selo-bronze-do-sebrae\\\/#respond\"]}]},{\"@type\":\"WebPage\",\"@id\":\"https:\\\/\\\/folhapopular.info\\\/index.php\\\/2023\\\/12\\\/14\\\/bom-retiro-do-sul-recebe-selo-bronze-do-sebrae\\\/\",\"url\":\"https:\\\/\\\/folhapopular.info\\\/index.php\\\/2023\\\/12\\\/14\\\/bom-retiro-do-sul-recebe-selo-bronze-do-sebrae\\\/\",\"name\":\"Bom Retiro do Sul recebe Selo Bronze do Sebrae - Folha Popular\",\"isPartOf\":{\"@id\":\"https:\\\/\\\/folhapopular.info\\\/#website\"},\"primaryImageOfPage\":{\"@id\":\"https:\\\/\\\/folhapopular.info\\\/index.php\\\/2023\\\/12\\\/14\\\/bom-retiro-do-sul-recebe-selo-bronze-do-sebrae\\\/#primaryimage\"},\"image\":{\"@id\":\"https:\\\/\\\/folhapopular.info\\\/index.php\\\/2023\\\/12\\\/14\\\/bom-retiro-do-sul-recebe-selo-bronze-do-sebrae\\\/#primaryimage\"},\"thumbnailUrl\":\"https:\\\/\\\/folhapopular.info\\\/wp-content\\\/uploads\\\/2023\\\/12\\\/IMG_20231212_163705.jpg\",\"datePublished\":\"2023-12-14T19:30:00+00:00\",\"dateModified\":\"2023-12-15T17:42:42+00:00\",\"author\":{\"@id\":\"https:\\\/\\\/folhapopular.info\\\/#\\\/schema\\\/person\\\/2814e8a0df7643585a9ca38bc6eb9d4b\"},\"breadcrumb\":{\"@id\":\"https:\\\/\\\/folhapopular.info\\\/index.php\\\/2023\\\/12\\\/14\\\/bom-retiro-do-sul-recebe-selo-bronze-do-sebrae\\\/#breadcrumb\"},\"inLanguage\":\"pt-BR\",\"potentialAction\":[{\"@type\":\"ReadAction\",\"target\":[\"https:\\\/\\\/folhapopular.info\\\/index.php\\\/2023\\\/12\\\/14\\\/bom-retiro-do-sul-recebe-selo-bronze-do-sebrae\\\/\"]}]},{\"@type\":\"ImageObject\",\"inLanguage\":\"pt-BR\",\"@id\":\"https:\\\/\\\/folhapopular.info\\\/index.php\\\/2023\\\/12\\\/14\\\/bom-retiro-do-sul-recebe-selo-bronze-do-sebrae\\\/#primaryimage\",\"url\":\"https:\\\/\\\/folhapopular.info\\\/wp-content\\\/uploads\\\/2023\\\/12\\\/IMG_20231212_163705.jpg\",\"contentUrl\":\"https:\\\/\\\/folhapopular.info\\\/wp-content\\\/uploads\\\/2023\\\/12\\\/IMG_20231212_163705.jpg\",\"width\":2080,\"height\":1616,\"caption\":\"Cr\u00e9dito: Fernando Dias\"},{\"@type\":\"BreadcrumbList\",\"@id\":\"https:\\\/\\\/folhapopular.info\\\/index.php\\\/2023\\\/12\\\/14\\\/bom-retiro-do-sul-recebe-selo-bronze-do-sebrae\\\/#breadcrumb\",\"itemListElement\":[{\"@type\":\"ListItem\",\"position\":1,\"name\":\"In\u00edcio\",\"item\":\"https:\\\/\\\/folhapopular.info\\\/\"},{\"@type\":\"ListItem\",\"position\":2,\"name\":\"Bom Retiro do Sul recebe Selo Bronze do Sebrae\"}]},{\"@type\":\"WebSite\",\"@id\":\"https:\\\/\\\/folhapopular.info\\\/#website\",\"url\":\"https:\\\/\\\/folhapopular.info\\\/\",\"name\":\"Folha Popular\",\"description\":\"Onde voc\u00ea tem vez e voz\",\"potentialAction\":[{\"@type\":\"SearchAction\",\"target\":{\"@type\":\"EntryPoint\",\"urlTemplate\":\"https:\\\/\\\/folhapopular.info\\\/?s={search_term_string}\"},\"query-input\":{\"@type\":\"PropertyValueSpecification\",\"valueRequired\":true,\"valueName\":\"search_term_string\"}}],\"inLanguage\":\"pt-BR\"},{\"@type\":\"Person\",\"@id\":\"https:\\\/\\\/folhapopular.info\\\/#\\\/schema\\\/person\\\/2814e8a0df7643585a9ca38bc6eb9d4b\",\"name\":\"Reda\u00e7\u00e3o Folha Popular\",\"image\":{\"@type\":\"ImageObject\",\"inLanguage\":\"pt-BR\",\"@id\":\"https:\\\/\\\/folhapopular.info\\\/wp-content\\\/uploads\\\/2026\\\/04\\\/Folha-1.webp\",\"url\":\"https:\\\/\\\/folhapopular.info\\\/wp-content\\\/uploads\\\/2026\\\/04\\\/Folha-1.webp\",\"contentUrl\":\"https:\\\/\\\/folhapopular.info\\\/wp-content\\\/uploads\\\/2026\\\/04\\\/Folha-1.webp\",\"caption\":\"Reda\u00e7\u00e3o Folha Popular\"},\"url\":\"https:\\\/\\\/folhapopular.info\\\/index.php\\\/author\\\/redacao\\\/\"}]}<\/script>\n<!-- \/ Yoast SEO plugin. -->","yoast_head_json":{"title":"Bom Retiro do Sul recebe Selo Bronze do Sebrae - Folha Popular","robots":{"index":"index","follow":"follow","max-snippet":"max-snippet:-1","max-image-preview":"max-image-preview:large","max-video-preview":"max-video-preview:-1"},"canonical":"https:\/\/folhapopular.info\/index.php\/2023\/12\/14\/bom-retiro-do-sul-recebe-selo-bronze-do-sebrae\/","og_locale":"pt_BR","og_type":"article","og_title":"Bom Retiro do Sul recebe Selo Bronze do Sebrae - Folha Popular","og_description":"Em evento realizado na Fecom\u00e9rcio-RS em Porto Alegre na ter\u00e7a-feira (12\/12), Bom Retiro do Sul foi agraciado com o Selo Bronze 2023 em reconhecimento pela excel\u00eancia no servi\u00e7o prestado aos empreendedores locais. A Sala do Empreendedor fornece atendimento qualificado \u00e0s Micro e Pequenas Empresas (MPEs) e aos Microempreendedores Individuais (MEIs), atrav\u00e9s da consultoria implementada pelo [&hellip;]","og_url":"https:\/\/folhapopular.info\/index.php\/2023\/12\/14\/bom-retiro-do-sul-recebe-selo-bronze-do-sebrae\/","og_site_name":"Folha Popular","article_published_time":"2023-12-14T19:30:00+00:00","article_modified_time":"2023-12-15T17:42:42+00:00","og_image":[{"width":1024,"height":796,"url":"http:\/\/folhapopular.info\/wp-content\/uploads\/2023\/12\/IMG_20231212_163705-1024x796.jpg","type":"image\/jpeg"}],"author":"Reda\u00e7\u00e3o Folha Popular","twitter_card":"summary_large_image","twitter_misc":{"Escrito por":"Reda\u00e7\u00e3o Folha Popular","Est. tempo de leitura":"2 minutos"},"schema":{"@context":"https:\/\/schema.org","@graph":[{"@type":"Article","@id":"https:\/\/folhapopular.info\/index.php\/2023\/12\/14\/bom-retiro-do-sul-recebe-selo-bronze-do-sebrae\/#article","isPartOf":{"@id":"https:\/\/folhapopular.info\/index.php\/2023\/12\/14\/bom-retiro-do-sul-recebe-selo-bronze-do-sebrae\/"},"author":{"name":"Reda\u00e7\u00e3o Folha Popular","@id":"https:\/\/folhapopular.info\/#\/schema\/person\/2814e8a0df7643585a9ca38bc6eb9d4b"},"headline":"Bom Retiro do Sul recebe Selo Bronze do Sebrae","datePublished":"2023-12-14T19:30:00+00:00","dateModified":"2023-12-15T17:42:42+00:00","mainEntityOfPage":{"@id":"https:\/\/folhapopular.info\/index.php\/2023\/12\/14\/bom-retiro-do-sul-recebe-selo-bronze-do-sebrae\/"},"wordCount":204,"commentCount":0,"image":{"@id":"https:\/\/folhapopular.info\/index.php\/2023\/12\/14\/bom-retiro-do-sul-recebe-selo-bronze-do-sebrae\/#primaryimage"},"thumbnailUrl":"https:\/\/folhapopular.info\/wp-content\/uploads\/2023\/12\/IMG_20231212_163705.jpg","keywords":["Bom Retiro do Sul","Sala do Empreendedor","Sebrae","Selo Bronze"],"articleSection":["Destaques","Geral"],"inLanguage":"pt-BR","potentialAction":[{"@type":"CommentAction","name":"Comment","target":["https:\/\/folhapopular.info\/index.php\/2023\/12\/14\/bom-retiro-do-sul-recebe-selo-bronze-do-sebrae\/#respond"]}]},{"@type":"WebPage","@id":"https:\/\/folhapopular.info\/index.php\/2023\/12\/14\/bom-retiro-do-sul-recebe-selo-bronze-do-sebrae\/","url":"https:\/\/folhapopular.info\/index.php\/2023\/12\/14\/bom-retiro-do-sul-recebe-selo-bronze-do-sebrae\/","name":"Bom Retiro do Sul recebe Selo Bronze do Sebrae - Folha Popular","isPartOf":{"@id":"https:\/\/folhapopular.info\/#website"},"primaryImageOfPage":{"@id":"https:\/\/folhapopular.info\/index.php\/2023\/12\/14\/bom-retiro-do-sul-recebe-selo-bronze-do-sebrae\/#primaryimage"},"image":{"@id":"https:\/\/folhapopular.info\/index.php\/2023\/12\/14\/bom-retiro-do-sul-recebe-selo-bronze-do-sebrae\/#primaryimage"},"thumbnailUrl":"https:\/\/folhapopular.info\/wp-content\/uploads\/2023\/12\/IMG_20231212_163705.jpg","datePublished":"2023-12-14T19:30:00+00:00","dateModified":"2023-12-15T17:42:42+00:00","author":{"@id":"https:\/\/folhapopular.info\/#\/schema\/person\/2814e8a0df7643585a9ca38bc6eb9d4b"},"breadcrumb":{"@id":"https:\/\/folhapopular.info\/index.php\/2023\/12\/14\/bom-retiro-do-sul-recebe-selo-bronze-do-sebrae\/#breadcrumb"},"inLanguage":"pt-BR","potentialAction":[{"@type":"ReadAction","target":["https:\/\/folhapopular.info\/index.php\/2023\/12\/14\/bom-retiro-do-sul-recebe-selo-bronze-do-sebrae\/"]}]},{"@type":"ImageObject","inLanguage":"pt-BR","@id":"https:\/\/folhapopular.info\/index.php\/2023\/12\/14\/bom-retiro-do-sul-recebe-selo-bronze-do-sebrae\/#primaryimage","url":"https:\/\/folhapopular.info\/wp-content\/uploads\/2023\/12\/IMG_20231212_163705.jpg","contentUrl":"https:\/\/folhapopular.info\/wp-content\/uploads\/2023\/12\/IMG_20231212_163705.jpg","width":2080,"height":1616,"caption":"Cr\u00e9dito: Fernando Dias"},{"@type":"BreadcrumbList","@id":"https:\/\/folhapopular.info\/index.php\/2023\/12\/14\/bom-retiro-do-sul-recebe-selo-bronze-do-sebrae\/#breadcrumb","itemListElement":[{"@type":"ListItem","position":1,"name":"In\u00edcio","item":"https:\/\/folhapopular.info\/"},{"@type":"ListItem","position":2,"name":"Bom Retiro do Sul recebe Selo Bronze do Sebrae"}]},{"@type":"WebSite","@id":"https:\/\/folhapopular.info\/#website","url":"https:\/\/folhapopular.info\/","name":"Folha Popular","description":"Onde voc\u00ea tem vez e voz","potentialAction":[{"@type":"SearchAction","target":{"@type":"EntryPoint","urlTemplate":"https:\/\/folhapopular.info\/?s={search_term_string}"},"query-input":{"@type":"PropertyValueSpecification","valueRequired":true,"valueName":"search_term_string"}}],"inLanguage":"pt-BR"},{"@type":"Person","@id":"https:\/\/folhapopular.info\/#\/schema\/person\/2814e8a0df7643585a9ca38bc6eb9d4b","name":"Reda\u00e7\u00e3o Folha Popular","image":{"@type":"ImageObject","inLanguage":"pt-BR","@id":"https:\/\/folhapopular.info\/wp-content\/uploads\/2026\/04\/Folha-1.webp","url":"https:\/\/folhapopular.info\/wp-content\/uploads\/2026\/04\/Folha-1.webp","contentUrl":"https:\/\/folhapopular.info\/wp-content\/uploads\/2026\/04\/Folha-1.webp","caption":"Reda\u00e7\u00e3o Folha Popular"},"url":"https:\/\/folhapopular.info\/index.php\/author\/redacao\/"}]}},"jetpack_featured_media_url":"https:\/\/folhapopular.info\/wp-content\/uploads\/2023\/12\/IMG_20231212_163705.jpg","jetpack_sharing_enabled":true,"amp_enabled":true,"_links":{"self":[{"href":"https:\/\/folhapopular.info\/index.php\/wp-json\/wp\/v2\/posts\/145298","targetHints":{"allow":["GET"]}}],"collection":[{"href":"https:\/\/folhapopular.info\/index.php\/wp-json\/wp\/v2\/posts"}],"about":[{"href":"https:\/\/folhapopular.info\/index.php\/wp-json\/wp\/v2\/types\/post"}],"author":[{"embeddable":true,"href":"https:\/\/folhapopular.info\/index.php\/wp-json\/wp\/v2\/users\/8"}],"replies":[{"embeddable":true,"href":"https:\/\/folhapopular.info\/index.php\/wp-json\/wp\/v2\/comments?post=145298"}],"version-history":[{"count":0,"href":"https:\/\/folhapopular.info\/index.php\/wp-json\/wp\/v2\/posts\/145298\/revisions"}],"wp:featuredmedia":[{"embeddable":true,"href":"https:\/\/folhapopular.info\/index.php\/wp-json\/wp\/v2\/media\/145299"}],"wp:attachment":[{"href":"https:\/\/folhapopular.info\/index.php\/wp-json\/wp\/v2\/media?parent=145298"}],"wp:term":[{"taxonomy":"category","embeddable":true,"href":"https:\/\/folhapopular.info\/index.php\/wp-json\/wp\/v2\/categories?post=145298"},{"taxonomy":"post_tag","embeddable":true,"href":"https:\/\/folhapopular.info\/index.php\/wp-json\/wp\/v2\/tags?post=145298"}],"curies":[{"name":"wp","href":"https:\/\/api.w.org\/{rel}","templated":true}]}}