{"id":145350,"date":"2023-12-14T21:41:25","date_gmt":"2023-12-15T00:41:25","guid":{"rendered":"https:\/\/folhapopular.info\/?p=145350"},"modified":"2023-12-15T07:25:20","modified_gmt":"2023-12-15T10:25:20","slug":"ara-divulga-escala-de-arbitragem-para-finais-do-regional-certel-sicredi-aslivata","status":"publish","type":"post","link":"https:\/\/folhapopular.info\/index.php\/2023\/12\/14\/ara-divulga-escala-de-arbitragem-para-finais-do-regional-certel-sicredi-aslivata\/","title":{"rendered":"ARA divulga escala de arbitragem para finais do Regional Certel Sicredi Aslivata"},"content":{"rendered":"\n<p>A Associa\u00e7\u00e3o Regional de \u00c1rbitros (ARA) divulgou, por volta das 21h desta quinta-feira (14\/12), a escala de arbitragem para os tr\u00eas jogos decisivos da Copa Certel Sicredi 2023 &#8211; Regional da Aslivata. Os jogos decisivos ser\u00e3o disputados no domingo (17\/12).<\/p>\n\n\n\n<p>Em Cruzeiro do Sul, pela manh\u00e3, no segundo jogo final da categoria Veterano, o \u00e1rbitro ser\u00e1 Fernando Henz, auxiliado por Diego Hemming e Darlan Rohr. O S\u00e3o Luiz venceu o primeiro jogo e tem a vantagem do empate. O Canarinho precisa vencer para for\u00e7ar p\u00eanaltis.<\/p>\n\n\n\n<p>Na Arena Alvi Azul, em Lajeado, ser\u00e3o realizadas as partidas de volta das outras duas categorias, \u00e0 tarde. Na final de Aspirantes, entre Serrano e Juventude, o \u00e1rbitro ser\u00e1 Tiago Stodutto, que ao longo da competi\u00e7\u00e3o apitou v\u00e1rios jogos da categoria Titulares. O Serrano joga pelo empate e o Juventude da Berlim precisa vencer para levar a p\u00eanaltis.<\/p>\n\n\n\n<p>Na categoria Titulares, Leandro Pedro Vuaden ser\u00e1 o \u00e1rbitro da decis\u00e3o, auxiliado por Jorge Bernardi e Fabr\u00edcio Lima Bassegio. O Estudiantes jogar\u00e1 pelo empate, enquanto que o Serrano precisa vencer para levar a disputa para p\u00eanaltis.<\/p>\n\n\n\n<p><strong>Escala de arbitragem finais<\/strong><br>17\/12\/2023<br><strong>\u26a0\ufe0fVeterano &#8211; 10h &#8211; S\u00e3o Bento \/ Cruzeiro do Sul<\/strong><br>Canarinho x S\u00e3o Luiz<br>Fernando Henz\u26bd<br>Diego Hemming\ud83c\udfc1<br>Darlan Rohr\ud83c\udfc1<br>Katia Lammers\ud83d\udcd2\ud83d\udd8b\ufe0f<\/p>\n\n\n\n<p><strong>\u26a0\ufe0fAspirantes &#8211; 14h &#8211; Arena Alvi Azul \/ Lajeado<\/strong><br>Serrano x Juventude<br>Tiago Pires Stoduto\u26bd<br>Rodrigo Valter \ud83c\udfc1<br>Vinicius Junqueira \ud83c\udfc1<br>Josi Moretto \ud83d\udcd2\ud83d\udd8b\ufe0f<\/p>\n\n\n\n<p><strong>\u26a0\ufe0fTitulares &#8211; 16h &#8211; Arena Alvi Azul \/ Lajeado<\/strong><br>Serrano x Estudiantes<br>Leandro Vuaden\u26bd<br>Jorge Bernardi\ud83c\udfc1<br>Fabricio Lima Bassegio\ud83c\udfc1<br>Karol Valesan\ud83d\udcd2\ud83d\udd8b\ufe0f<\/p>\n","protected":false},"excerpt":{"rendered":"<p>A Associa\u00e7\u00e3o Regional de \u00c1rbitros (ARA) divulgou, por volta das 21h desta quinta-feira (14\/12), a escala de arbitragem para os tr\u00eas jogos decisivos da Copa Certel Sicredi 2023 &#8211; Regional da Aslivata. Os jogos decisivos ser\u00e3o disputados no domingo (17\/12). Em Cruzeiro do Sul, pela manh\u00e3, no segundo jogo final da categoria Veterano, o \u00e1rbitro [&hellip;]<\/p>\n","protected":false},"author":7,"featured_media":144881,"comment_status":"open","ping_status":"open","sticky":false,"template":"","format":"standard","meta":{"pmpro_default_level":"","_jetpack_memberships_contains_paid_content":false,"footnotes":""},"categories":[5,240,288],"tags":[318,1989,466,27,156,708],"class_list":{"0":"post-145350","1":"post","2":"type-post","3":"status-publish","4":"format-standard","5":"has-post-thumbnail","7":"category-esportes","8":"category-futebol-amador","9":"category-regional-da-aslivata","10":"tag-copa-certel-sicredi","11":"tag-cruzeiro-do-sul","12":"tag-encantado","13":"tag-lajeado","14":"tag-vale-do-taquari","15":"tag-venancio-aires","16":"pmpro-has-access"},"yoast_head":"<!-- This site is optimized with the Yoast SEO plugin v27.5 - https:\/\/yoast.com\/product\/yoast-seo-wordpress\/ -->\n<title>ARA divulga escala de arbitragem para finais do Regional Certel Sicredi Aslivata - Folha Popular<\/title>\n<meta name=\"robots\" content=\"index, follow, max-snippet:-1, max-image-preview:large, max-video-preview:-1\" \/>\n<link rel=\"canonical\" href=\"https:\/\/folhapopular.info\/index.php\/2023\/12\/14\/ara-divulga-escala-de-arbitragem-para-finais-do-regional-certel-sicredi-aslivata\/\" \/>\n<meta property=\"og:locale\" content=\"pt_BR\" \/>\n<meta property=\"og:type\" content=\"article\" \/>\n<meta property=\"og:title\" content=\"ARA divulga escala de arbitragem para finais do Regional Certel Sicredi Aslivata - Folha Popular\" \/>\n<meta property=\"og:description\" content=\"A Associa\u00e7\u00e3o Regional de \u00c1rbitros (ARA) divulgou, por volta das 21h desta quinta-feira (14\/12), a escala de arbitragem para os tr\u00eas jogos decisivos da Copa Certel Sicredi 2023 &#8211; Regional da Aslivata. Os jogos decisivos ser\u00e3o disputados no domingo (17\/12). Em Cruzeiro do Sul, pela manh\u00e3, no segundo jogo final da categoria Veterano, o \u00e1rbitro [&hellip;]\" \/>\n<meta property=\"og:url\" content=\"https:\/\/folhapopular.info\/index.php\/2023\/12\/14\/ara-divulga-escala-de-arbitragem-para-finais-do-regional-certel-sicredi-aslivata\/\" \/>\n<meta property=\"og:site_name\" content=\"Folha Popular\" \/>\n<meta property=\"article:published_time\" content=\"2023-12-15T00:41:25+00:00\" \/>\n<meta property=\"article:modified_time\" content=\"2023-12-15T10:25:20+00:00\" \/>\n<meta property=\"og:image\" content=\"http:\/\/folhapopular.info\/wp-content\/uploads\/2023\/12\/WhatsApp-Image-2023-12-10-at-17.34.59-e1702241027831.jpeg\" \/>\n\t<meta property=\"og:image:width\" content=\"948\" \/>\n\t<meta property=\"og:image:height\" content=\"588\" \/>\n\t<meta property=\"og:image:type\" content=\"image\/jpeg\" \/>\n<meta name=\"author\" content=\"Lucas Leandro Brune\" \/>\n<meta name=\"twitter:card\" content=\"summary_large_image\" \/>\n<meta name=\"twitter:label1\" content=\"Escrito por\" \/>\n\t<meta name=\"twitter:data1\" content=\"Lucas Leandro Brune\" \/>\n\t<meta name=\"twitter:label2\" content=\"Est. tempo de leitura\" \/>\n\t<meta name=\"twitter:data2\" content=\"2 minutos\" \/>\n<script type=\"application\/ld+json\" class=\"yoast-schema-graph\">{\"@context\":\"https:\\\/\\\/schema.org\",\"@graph\":[{\"@type\":\"Article\",\"@id\":\"https:\\\/\\\/folhapopular.info\\\/index.php\\\/2023\\\/12\\\/14\\\/ara-divulga-escala-de-arbitragem-para-finais-do-regional-certel-sicredi-aslivata\\\/#article\",\"isPartOf\":{\"@id\":\"https:\\\/\\\/folhapopular.info\\\/index.php\\\/2023\\\/12\\\/14\\\/ara-divulga-escala-de-arbitragem-para-finais-do-regional-certel-sicredi-aslivata\\\/\"},\"author\":{\"name\":\"Lucas Leandro Brune\",\"@id\":\"https:\\\/\\\/folhapopular.info\\\/#\\\/schema\\\/person\\\/533a15f60cd49e81ab3a90b4ca33cb36\"},\"headline\":\"ARA divulga escala de arbitragem para finais do Regional Certel Sicredi Aslivata\",\"datePublished\":\"2023-12-15T00:41:25+00:00\",\"dateModified\":\"2023-12-15T10:25:20+00:00\",\"mainEntityOfPage\":{\"@id\":\"https:\\\/\\\/folhapopular.info\\\/index.php\\\/2023\\\/12\\\/14\\\/ara-divulga-escala-de-arbitragem-para-finais-do-regional-certel-sicredi-aslivata\\\/\"},\"wordCount\":264,\"commentCount\":0,\"image\":{\"@id\":\"https:\\\/\\\/folhapopular.info\\\/index.php\\\/2023\\\/12\\\/14\\\/ara-divulga-escala-de-arbitragem-para-finais-do-regional-certel-sicredi-aslivata\\\/#primaryimage\"},\"thumbnailUrl\":\"https:\\\/\\\/folhapopular.info\\\/wp-content\\\/uploads\\\/2023\\\/12\\\/WhatsApp-Image-2023-12-10-at-17.34.59-e1702241027831.jpeg\",\"keywords\":[\"Copa Certel Sicredi\",\"Cruzeiro do Sul\",\"Encantado\",\"Lajeado\",\"Vale do Taquari\",\"Ven\u00e2ncio Aires\"],\"articleSection\":[\"Esportes\",\"Futebol Amador\",\"Regional da Aslivata\"],\"inLanguage\":\"pt-BR\",\"potentialAction\":[{\"@type\":\"CommentAction\",\"name\":\"Comment\",\"target\":[\"https:\\\/\\\/folhapopular.info\\\/index.php\\\/2023\\\/12\\\/14\\\/ara-divulga-escala-de-arbitragem-para-finais-do-regional-certel-sicredi-aslivata\\\/#respond\"]}]},{\"@type\":\"WebPage\",\"@id\":\"https:\\\/\\\/folhapopular.info\\\/index.php\\\/2023\\\/12\\\/14\\\/ara-divulga-escala-de-arbitragem-para-finais-do-regional-certel-sicredi-aslivata\\\/\",\"url\":\"https:\\\/\\\/folhapopular.info\\\/index.php\\\/2023\\\/12\\\/14\\\/ara-divulga-escala-de-arbitragem-para-finais-do-regional-certel-sicredi-aslivata\\\/\",\"name\":\"ARA divulga escala de arbitragem para finais do Regional Certel Sicredi Aslivata - Folha Popular\",\"isPartOf\":{\"@id\":\"https:\\\/\\\/folhapopular.info\\\/#website\"},\"primaryImageOfPage\":{\"@id\":\"https:\\\/\\\/folhapopular.info\\\/index.php\\\/2023\\\/12\\\/14\\\/ara-divulga-escala-de-arbitragem-para-finais-do-regional-certel-sicredi-aslivata\\\/#primaryimage\"},\"image\":{\"@id\":\"https:\\\/\\\/folhapopular.info\\\/index.php\\\/2023\\\/12\\\/14\\\/ara-divulga-escala-de-arbitragem-para-finais-do-regional-certel-sicredi-aslivata\\\/#primaryimage\"},\"thumbnailUrl\":\"https:\\\/\\\/folhapopular.info\\\/wp-content\\\/uploads\\\/2023\\\/12\\\/WhatsApp-Image-2023-12-10-at-17.34.59-e1702241027831.jpeg\",\"datePublished\":\"2023-12-15T00:41:25+00:00\",\"dateModified\":\"2023-12-15T10:25:20+00:00\",\"author\":{\"@id\":\"https:\\\/\\\/folhapopular.info\\\/#\\\/schema\\\/person\\\/533a15f60cd49e81ab3a90b4ca33cb36\"},\"breadcrumb\":{\"@id\":\"https:\\\/\\\/folhapopular.info\\\/index.php\\\/2023\\\/12\\\/14\\\/ara-divulga-escala-de-arbitragem-para-finais-do-regional-certel-sicredi-aslivata\\\/#breadcrumb\"},\"inLanguage\":\"pt-BR\",\"potentialAction\":[{\"@type\":\"ReadAction\",\"target\":[\"https:\\\/\\\/folhapopular.info\\\/index.php\\\/2023\\\/12\\\/14\\\/ara-divulga-escala-de-arbitragem-para-finais-do-regional-certel-sicredi-aslivata\\\/\"]}]},{\"@type\":\"ImageObject\",\"inLanguage\":\"pt-BR\",\"@id\":\"https:\\\/\\\/folhapopular.info\\\/index.php\\\/2023\\\/12\\\/14\\\/ara-divulga-escala-de-arbitragem-para-finais-do-regional-certel-sicredi-aslivata\\\/#primaryimage\",\"url\":\"https:\\\/\\\/folhapopular.info\\\/wp-content\\\/uploads\\\/2023\\\/12\\\/WhatsApp-Image-2023-12-10-at-17.34.59-e1702241027831.jpeg\",\"contentUrl\":\"https:\\\/\\\/folhapopular.info\\\/wp-content\\\/uploads\\\/2023\\\/12\\\/WhatsApp-Image-2023-12-10-at-17.34.59-e1702241027831.jpeg\",\"width\":948,\"height\":588,\"caption\":\"Arena Alvi Azul recebeu grande primeiro jogo da decis\u00e3o do Regional da Aslivata \\\/\\\/ Cr\u00e9dito: Eduardo Duarte\"},{\"@type\":\"BreadcrumbList\",\"@id\":\"https:\\\/\\\/folhapopular.info\\\/index.php\\\/2023\\\/12\\\/14\\\/ara-divulga-escala-de-arbitragem-para-finais-do-regional-certel-sicredi-aslivata\\\/#breadcrumb\",\"itemListElement\":[{\"@type\":\"ListItem\",\"position\":1,\"name\":\"In\u00edcio\",\"item\":\"https:\\\/\\\/folhapopular.info\\\/\"},{\"@type\":\"ListItem\",\"position\":2,\"name\":\"ARA divulga escala de arbitragem para finais do Regional Certel Sicredi Aslivata\"}]},{\"@type\":\"WebSite\",\"@id\":\"https:\\\/\\\/folhapopular.info\\\/#website\",\"url\":\"https:\\\/\\\/folhapopular.info\\\/\",\"name\":\"Folha Popular\",\"description\":\"Onde voc\u00ea tem vez e voz\",\"potentialAction\":[{\"@type\":\"SearchAction\",\"target\":{\"@type\":\"EntryPoint\",\"urlTemplate\":\"https:\\\/\\\/folhapopular.info\\\/?s={search_term_string}\"},\"query-input\":{\"@type\":\"PropertyValueSpecification\",\"valueRequired\":true,\"valueName\":\"search_term_string\"}}],\"inLanguage\":\"pt-BR\"},{\"@type\":\"Person\",\"@id\":\"https:\\\/\\\/folhapopular.info\\\/#\\\/schema\\\/person\\\/533a15f60cd49e81ab3a90b4ca33cb36\",\"name\":\"Lucas Leandro Brune\",\"image\":{\"@type\":\"ImageObject\",\"inLanguage\":\"pt-BR\",\"@id\":\"https:\\\/\\\/folhapopular.info\\\/wp-content\\\/uploads\\\/2026\\\/04\\\/LUCAS-1-1.webp\",\"url\":\"https:\\\/\\\/folhapopular.info\\\/wp-content\\\/uploads\\\/2026\\\/04\\\/LUCAS-1-1.webp\",\"contentUrl\":\"https:\\\/\\\/folhapopular.info\\\/wp-content\\\/uploads\\\/2026\\\/04\\\/LUCAS-1-1.webp\",\"caption\":\"Lucas Leandro Brune\"},\"description\":\"Jornalista Profissional Diplomado MTB\\\/RS 14.333\",\"url\":\"https:\\\/\\\/folhapopular.info\\\/index.php\\\/author\\\/lucas-brune\\\/\"}]}<\/script>\n<!-- \/ Yoast SEO plugin. -->","yoast_head_json":{"title":"ARA divulga escala de arbitragem para finais do Regional Certel Sicredi Aslivata - Folha Popular","robots":{"index":"index","follow":"follow","max-snippet":"max-snippet:-1","max-image-preview":"max-image-preview:large","max-video-preview":"max-video-preview:-1"},"canonical":"https:\/\/folhapopular.info\/index.php\/2023\/12\/14\/ara-divulga-escala-de-arbitragem-para-finais-do-regional-certel-sicredi-aslivata\/","og_locale":"pt_BR","og_type":"article","og_title":"ARA divulga escala de arbitragem para finais do Regional Certel Sicredi Aslivata - Folha Popular","og_description":"A Associa\u00e7\u00e3o Regional de \u00c1rbitros (ARA) divulgou, por volta das 21h desta quinta-feira (14\/12), a escala de arbitragem para os tr\u00eas jogos decisivos da Copa Certel Sicredi 2023 &#8211; Regional da Aslivata. Os jogos decisivos ser\u00e3o disputados no domingo (17\/12). Em Cruzeiro do Sul, pela manh\u00e3, no segundo jogo final da categoria Veterano, o \u00e1rbitro [&hellip;]","og_url":"https:\/\/folhapopular.info\/index.php\/2023\/12\/14\/ara-divulga-escala-de-arbitragem-para-finais-do-regional-certel-sicredi-aslivata\/","og_site_name":"Folha Popular","article_published_time":"2023-12-15T00:41:25+00:00","article_modified_time":"2023-12-15T10:25:20+00:00","og_image":[{"width":948,"height":588,"url":"http:\/\/folhapopular.info\/wp-content\/uploads\/2023\/12\/WhatsApp-Image-2023-12-10-at-17.34.59-e1702241027831.jpeg","type":"image\/jpeg"}],"author":"Lucas Leandro Brune","twitter_card":"summary_large_image","twitter_misc":{"Escrito por":"Lucas Leandro Brune","Est. tempo de leitura":"2 minutos"},"schema":{"@context":"https:\/\/schema.org","@graph":[{"@type":"Article","@id":"https:\/\/folhapopular.info\/index.php\/2023\/12\/14\/ara-divulga-escala-de-arbitragem-para-finais-do-regional-certel-sicredi-aslivata\/#article","isPartOf":{"@id":"https:\/\/folhapopular.info\/index.php\/2023\/12\/14\/ara-divulga-escala-de-arbitragem-para-finais-do-regional-certel-sicredi-aslivata\/"},"author":{"name":"Lucas Leandro Brune","@id":"https:\/\/folhapopular.info\/#\/schema\/person\/533a15f60cd49e81ab3a90b4ca33cb36"},"headline":"ARA divulga escala de arbitragem para finais do Regional Certel Sicredi Aslivata","datePublished":"2023-12-15T00:41:25+00:00","dateModified":"2023-12-15T10:25:20+00:00","mainEntityOfPage":{"@id":"https:\/\/folhapopular.info\/index.php\/2023\/12\/14\/ara-divulga-escala-de-arbitragem-para-finais-do-regional-certel-sicredi-aslivata\/"},"wordCount":264,"commentCount":0,"image":{"@id":"https:\/\/folhapopular.info\/index.php\/2023\/12\/14\/ara-divulga-escala-de-arbitragem-para-finais-do-regional-certel-sicredi-aslivata\/#primaryimage"},"thumbnailUrl":"https:\/\/folhapopular.info\/wp-content\/uploads\/2023\/12\/WhatsApp-Image-2023-12-10-at-17.34.59-e1702241027831.jpeg","keywords":["Copa Certel Sicredi","Cruzeiro do Sul","Encantado","Lajeado","Vale do Taquari","Ven\u00e2ncio Aires"],"articleSection":["Esportes","Futebol Amador","Regional da Aslivata"],"inLanguage":"pt-BR","potentialAction":[{"@type":"CommentAction","name":"Comment","target":["https:\/\/folhapopular.info\/index.php\/2023\/12\/14\/ara-divulga-escala-de-arbitragem-para-finais-do-regional-certel-sicredi-aslivata\/#respond"]}]},{"@type":"WebPage","@id":"https:\/\/folhapopular.info\/index.php\/2023\/12\/14\/ara-divulga-escala-de-arbitragem-para-finais-do-regional-certel-sicredi-aslivata\/","url":"https:\/\/folhapopular.info\/index.php\/2023\/12\/14\/ara-divulga-escala-de-arbitragem-para-finais-do-regional-certel-sicredi-aslivata\/","name":"ARA divulga escala de arbitragem para finais do Regional Certel Sicredi Aslivata - Folha Popular","isPartOf":{"@id":"https:\/\/folhapopular.info\/#website"},"primaryImageOfPage":{"@id":"https:\/\/folhapopular.info\/index.php\/2023\/12\/14\/ara-divulga-escala-de-arbitragem-para-finais-do-regional-certel-sicredi-aslivata\/#primaryimage"},"image":{"@id":"https:\/\/folhapopular.info\/index.php\/2023\/12\/14\/ara-divulga-escala-de-arbitragem-para-finais-do-regional-certel-sicredi-aslivata\/#primaryimage"},"thumbnailUrl":"https:\/\/folhapopular.info\/wp-content\/uploads\/2023\/12\/WhatsApp-Image-2023-12-10-at-17.34.59-e1702241027831.jpeg","datePublished":"2023-12-15T00:41:25+00:00","dateModified":"2023-12-15T10:25:20+00:00","author":{"@id":"https:\/\/folhapopular.info\/#\/schema\/person\/533a15f60cd49e81ab3a90b4ca33cb36"},"breadcrumb":{"@id":"https:\/\/folhapopular.info\/index.php\/2023\/12\/14\/ara-divulga-escala-de-arbitragem-para-finais-do-regional-certel-sicredi-aslivata\/#breadcrumb"},"inLanguage":"pt-BR","potentialAction":[{"@type":"ReadAction","target":["https:\/\/folhapopular.info\/index.php\/2023\/12\/14\/ara-divulga-escala-de-arbitragem-para-finais-do-regional-certel-sicredi-aslivata\/"]}]},{"@type":"ImageObject","inLanguage":"pt-BR","@id":"https:\/\/folhapopular.info\/index.php\/2023\/12\/14\/ara-divulga-escala-de-arbitragem-para-finais-do-regional-certel-sicredi-aslivata\/#primaryimage","url":"https:\/\/folhapopular.info\/wp-content\/uploads\/2023\/12\/WhatsApp-Image-2023-12-10-at-17.34.59-e1702241027831.jpeg","contentUrl":"https:\/\/folhapopular.info\/wp-content\/uploads\/2023\/12\/WhatsApp-Image-2023-12-10-at-17.34.59-e1702241027831.jpeg","width":948,"height":588,"caption":"Arena Alvi Azul recebeu grande primeiro jogo da decis\u00e3o do Regional da Aslivata \/\/ Cr\u00e9dito: Eduardo Duarte"},{"@type":"BreadcrumbList","@id":"https:\/\/folhapopular.info\/index.php\/2023\/12\/14\/ara-divulga-escala-de-arbitragem-para-finais-do-regional-certel-sicredi-aslivata\/#breadcrumb","itemListElement":[{"@type":"ListItem","position":1,"name":"In\u00edcio","item":"https:\/\/folhapopular.info\/"},{"@type":"ListItem","position":2,"name":"ARA divulga escala de arbitragem para finais do Regional Certel Sicredi Aslivata"}]},{"@type":"WebSite","@id":"https:\/\/folhapopular.info\/#website","url":"https:\/\/folhapopular.info\/","name":"Folha Popular","description":"Onde voc\u00ea tem vez e voz","potentialAction":[{"@type":"SearchAction","target":{"@type":"EntryPoint","urlTemplate":"https:\/\/folhapopular.info\/?s={search_term_string}"},"query-input":{"@type":"PropertyValueSpecification","valueRequired":true,"valueName":"search_term_string"}}],"inLanguage":"pt-BR"},{"@type":"Person","@id":"https:\/\/folhapopular.info\/#\/schema\/person\/533a15f60cd49e81ab3a90b4ca33cb36","name":"Lucas Leandro Brune","image":{"@type":"ImageObject","inLanguage":"pt-BR","@id":"https:\/\/folhapopular.info\/wp-content\/uploads\/2026\/04\/LUCAS-1-1.webp","url":"https:\/\/folhapopular.info\/wp-content\/uploads\/2026\/04\/LUCAS-1-1.webp","contentUrl":"https:\/\/folhapopular.info\/wp-content\/uploads\/2026\/04\/LUCAS-1-1.webp","caption":"Lucas Leandro Brune"},"description":"Jornalista Profissional Diplomado MTB\/RS 14.333","url":"https:\/\/folhapopular.info\/index.php\/author\/lucas-brune\/"}]}},"jetpack_featured_media_url":"https:\/\/folhapopular.info\/wp-content\/uploads\/2023\/12\/WhatsApp-Image-2023-12-10-at-17.34.59-e1702241027831.jpeg","jetpack_sharing_enabled":true,"amp_enabled":true,"_links":{"self":[{"href":"https:\/\/folhapopular.info\/index.php\/wp-json\/wp\/v2\/posts\/145350","targetHints":{"allow":["GET"]}}],"collection":[{"href":"https:\/\/folhapopular.info\/index.php\/wp-json\/wp\/v2\/posts"}],"about":[{"href":"https:\/\/folhapopular.info\/index.php\/wp-json\/wp\/v2\/types\/post"}],"author":[{"embeddable":true,"href":"https:\/\/folhapopular.info\/index.php\/wp-json\/wp\/v2\/users\/7"}],"replies":[{"embeddable":true,"href":"https:\/\/folhapopular.info\/index.php\/wp-json\/wp\/v2\/comments?post=145350"}],"version-history":[{"count":0,"href":"https:\/\/folhapopular.info\/index.php\/wp-json\/wp\/v2\/posts\/145350\/revisions"}],"wp:featuredmedia":[{"embeddable":true,"href":"https:\/\/folhapopular.info\/index.php\/wp-json\/wp\/v2\/media\/144881"}],"wp:attachment":[{"href":"https:\/\/folhapopular.info\/index.php\/wp-json\/wp\/v2\/media?parent=145350"}],"wp:term":[{"taxonomy":"category","embeddable":true,"href":"https:\/\/folhapopular.info\/index.php\/wp-json\/wp\/v2\/categories?post=145350"},{"taxonomy":"post_tag","embeddable":true,"href":"https:\/\/folhapopular.info\/index.php\/wp-json\/wp\/v2\/tags?post=145350"}],"curies":[{"name":"wp","href":"https:\/\/api.w.org\/{rel}","templated":true}]}}