{"id":145393,"date":"2023-12-18T07:29:00","date_gmt":"2023-12-18T10:29:00","guid":{"rendered":"https:\/\/folhapopular.info\/?p=145393"},"modified":"2023-12-17T22:13:54","modified_gmt":"2023-12-18T01:13:54","slug":"prefeitura-de-lajeado-abre-inscricoes-para-exposicoes-artisticas-na-casa-de-cultura-em-2024","status":"publish","type":"post","link":"https:\/\/folhapopular.info\/index.php\/2023\/12\/18\/prefeitura-de-lajeado-abre-inscricoes-para-exposicoes-artisticas-na-casa-de-cultura-em-2024\/","title":{"rendered":"Prefeitura de Lajeado abre inscri\u00e7\u00f5es para exposi\u00e7\u00f5es art\u00edsticas na Casa de Cultura em 2024"},"content":{"rendered":"\n<p>A Prefeitura de Lajeado, por meio da Secretaria de Cultura, Esporte e Lazer (Secel), est\u00e1 com as inscri\u00e7\u00f5es abertas para os artistas que desejam expor seus trabalhos de forma gratuita na Casa de Cultura durante o ano de 2024. O espa\u00e7o \u00e9 gratuito e aberto para a visita\u00e7\u00e3o do p\u00fablico.<\/p>\n\n\n\n<p>O espa\u00e7o destinado a exposi\u00e7\u00f5es tem um sal\u00e3o principal e duas salas secund\u00e1rias (ambas no 2\u00ba andar do pr\u00e9dio), com \u00e1reas destinadas a diversas t\u00e9cnicas art\u00edsticas, como pintura, desenho, gravura, artesanato, escultura e fotografia, entre outras.<\/p>\n\n\n\n<p>Todos os meses, o espa\u00e7o recebe tr\u00eas exposi\u00e7\u00f5es diferentes, reunindo quadros, fotografias, esculturas e muito mais. Os trabalhos ficam expostos por um m\u00eas para aprecia\u00e7\u00e3o dos visitantes.<\/p>\n\n\n\n<p>Os interessados em expor na Casa de Cultura podem entrar em contato pelo telefone (51) 3982-1081, pelo WhatsApp (51) 9 9613-5839 ou presencialmente na Rua Borges de Medeiros, n\u00b0 285, Bairro Centro.<\/p>\n","protected":false},"excerpt":{"rendered":"<p>A Prefeitura de Lajeado, por meio da Secretaria de Cultura, Esporte e Lazer (Secel), est\u00e1 com as inscri\u00e7\u00f5es abertas para os artistas que desejam expor seus trabalhos de forma gratuita na Casa de Cultura durante o ano de 2024. O espa\u00e7o \u00e9 gratuito e aberto para a visita\u00e7\u00e3o do p\u00fablico. O espa\u00e7o destinado a exposi\u00e7\u00f5es [&hellip;]<\/p>\n","protected":false},"author":8,"featured_media":145394,"comment_status":"open","ping_status":"open","sticky":false,"template":"","format":"standard","meta":{"pmpro_default_level":"","_jetpack_memberships_contains_paid_content":false,"footnotes":""},"categories":[10996,6],"tags":[10493,5083,3741],"class_list":{"0":"post-145393","1":"post","2":"type-post","3":"status-publish","4":"format-standard","5":"has-post-thumbnail","7":"category-cultura","8":"category-inclusive","9":"tag-casa-de-cultura-de-lajeado","10":"tag-prefeitura-de-lajeado","11":"tag-secel","12":"pmpro-has-access"},"yoast_head":"<!-- This site is optimized with the Yoast SEO plugin v27.5 - https:\/\/yoast.com\/product\/yoast-seo-wordpress\/ -->\n<title>Prefeitura de Lajeado abre inscri\u00e7\u00f5es para exposi\u00e7\u00f5es art\u00edsticas na Casa de Cultura em 2024 - Folha Popular<\/title>\n<meta name=\"robots\" content=\"index, follow, max-snippet:-1, max-image-preview:large, max-video-preview:-1\" \/>\n<link rel=\"canonical\" href=\"https:\/\/folhapopular.info\/index.php\/2023\/12\/18\/prefeitura-de-lajeado-abre-inscricoes-para-exposicoes-artisticas-na-casa-de-cultura-em-2024\/\" \/>\n<meta property=\"og:locale\" content=\"pt_BR\" \/>\n<meta property=\"og:type\" content=\"article\" \/>\n<meta property=\"og:title\" content=\"Prefeitura de Lajeado abre inscri\u00e7\u00f5es para exposi\u00e7\u00f5es art\u00edsticas na Casa de Cultura em 2024 - Folha Popular\" \/>\n<meta property=\"og:description\" content=\"A Prefeitura de Lajeado, por meio da Secretaria de Cultura, Esporte e Lazer (Secel), est\u00e1 com as inscri\u00e7\u00f5es abertas para os artistas que desejam expor seus trabalhos de forma gratuita na Casa de Cultura durante o ano de 2024. O espa\u00e7o \u00e9 gratuito e aberto para a visita\u00e7\u00e3o do p\u00fablico. O espa\u00e7o destinado a exposi\u00e7\u00f5es [&hellip;]\" \/>\n<meta property=\"og:url\" content=\"https:\/\/folhapopular.info\/index.php\/2023\/12\/18\/prefeitura-de-lajeado-abre-inscricoes-para-exposicoes-artisticas-na-casa-de-cultura-em-2024\/\" \/>\n<meta property=\"og:site_name\" content=\"Folha Popular\" \/>\n<meta property=\"article:published_time\" content=\"2023-12-18T10:29:00+00:00\" \/>\n<meta property=\"og:image\" content=\"https:\/\/folhapopular.info\/wp-content\/uploads\/2023\/12\/Lajeado-em-Telas_exposicao_Silvio-Farias_Credito-das-fotos-Jonas-Betti-1.jpg\" \/>\n\t<meta property=\"og:image:width\" content=\"1600\" \/>\n\t<meta property=\"og:image:height\" content=\"1066\" \/>\n\t<meta property=\"og:image:type\" content=\"image\/jpeg\" \/>\n<meta name=\"author\" content=\"Reda\u00e7\u00e3o Folha Popular\" \/>\n<meta name=\"twitter:card\" content=\"summary_large_image\" \/>\n<meta name=\"twitter:label1\" content=\"Escrito por\" \/>\n\t<meta name=\"twitter:data1\" content=\"Reda\u00e7\u00e3o Folha Popular\" \/>\n\t<meta name=\"twitter:label2\" content=\"Est. tempo de leitura\" \/>\n\t<meta name=\"twitter:data2\" content=\"2 minutos\" \/>\n<script type=\"application\/ld+json\" class=\"yoast-schema-graph\">{\"@context\":\"https:\\\/\\\/schema.org\",\"@graph\":[{\"@type\":\"Article\",\"@id\":\"https:\\\/\\\/folhapopular.info\\\/index.php\\\/2023\\\/12\\\/18\\\/prefeitura-de-lajeado-abre-inscricoes-para-exposicoes-artisticas-na-casa-de-cultura-em-2024\\\/#article\",\"isPartOf\":{\"@id\":\"https:\\\/\\\/folhapopular.info\\\/index.php\\\/2023\\\/12\\\/18\\\/prefeitura-de-lajeado-abre-inscricoes-para-exposicoes-artisticas-na-casa-de-cultura-em-2024\\\/\"},\"author\":{\"name\":\"Reda\u00e7\u00e3o Folha Popular\",\"@id\":\"https:\\\/\\\/folhapopular.info\\\/#\\\/schema\\\/person\\\/2814e8a0df7643585a9ca38bc6eb9d4b\"},\"headline\":\"Prefeitura de Lajeado abre inscri\u00e7\u00f5es para exposi\u00e7\u00f5es art\u00edsticas na Casa de Cultura em 2024\",\"datePublished\":\"2023-12-18T10:29:00+00:00\",\"mainEntityOfPage\":{\"@id\":\"https:\\\/\\\/folhapopular.info\\\/index.php\\\/2023\\\/12\\\/18\\\/prefeitura-de-lajeado-abre-inscricoes-para-exposicoes-artisticas-na-casa-de-cultura-em-2024\\\/\"},\"wordCount\":170,\"commentCount\":0,\"image\":{\"@id\":\"https:\\\/\\\/folhapopular.info\\\/index.php\\\/2023\\\/12\\\/18\\\/prefeitura-de-lajeado-abre-inscricoes-para-exposicoes-artisticas-na-casa-de-cultura-em-2024\\\/#primaryimage\"},\"thumbnailUrl\":\"https:\\\/\\\/folhapopular.info\\\/wp-content\\\/uploads\\\/2023\\\/12\\\/Lajeado-em-Telas_exposicao_Silvio-Farias_Credito-das-fotos-Jonas-Betti-1.jpg\",\"keywords\":[\"casa de cultura de lajeado\",\"Prefeitura de Lajeado\",\"Secel\"],\"articleSection\":[\"Cultura\",\"Inclusive\"],\"inLanguage\":\"pt-BR\",\"potentialAction\":[{\"@type\":\"CommentAction\",\"name\":\"Comment\",\"target\":[\"https:\\\/\\\/folhapopular.info\\\/index.php\\\/2023\\\/12\\\/18\\\/prefeitura-de-lajeado-abre-inscricoes-para-exposicoes-artisticas-na-casa-de-cultura-em-2024\\\/#respond\"]}]},{\"@type\":\"WebPage\",\"@id\":\"https:\\\/\\\/folhapopular.info\\\/index.php\\\/2023\\\/12\\\/18\\\/prefeitura-de-lajeado-abre-inscricoes-para-exposicoes-artisticas-na-casa-de-cultura-em-2024\\\/\",\"url\":\"https:\\\/\\\/folhapopular.info\\\/index.php\\\/2023\\\/12\\\/18\\\/prefeitura-de-lajeado-abre-inscricoes-para-exposicoes-artisticas-na-casa-de-cultura-em-2024\\\/\",\"name\":\"Prefeitura de Lajeado abre inscri\u00e7\u00f5es para exposi\u00e7\u00f5es art\u00edsticas na Casa de Cultura em 2024 - Folha Popular\",\"isPartOf\":{\"@id\":\"https:\\\/\\\/folhapopular.info\\\/#website\"},\"primaryImageOfPage\":{\"@id\":\"https:\\\/\\\/folhapopular.info\\\/index.php\\\/2023\\\/12\\\/18\\\/prefeitura-de-lajeado-abre-inscricoes-para-exposicoes-artisticas-na-casa-de-cultura-em-2024\\\/#primaryimage\"},\"image\":{\"@id\":\"https:\\\/\\\/folhapopular.info\\\/index.php\\\/2023\\\/12\\\/18\\\/prefeitura-de-lajeado-abre-inscricoes-para-exposicoes-artisticas-na-casa-de-cultura-em-2024\\\/#primaryimage\"},\"thumbnailUrl\":\"https:\\\/\\\/folhapopular.info\\\/wp-content\\\/uploads\\\/2023\\\/12\\\/Lajeado-em-Telas_exposicao_Silvio-Farias_Credito-das-fotos-Jonas-Betti-1.jpg\",\"datePublished\":\"2023-12-18T10:29:00+00:00\",\"author\":{\"@id\":\"https:\\\/\\\/folhapopular.info\\\/#\\\/schema\\\/person\\\/2814e8a0df7643585a9ca38bc6eb9d4b\"},\"breadcrumb\":{\"@id\":\"https:\\\/\\\/folhapopular.info\\\/index.php\\\/2023\\\/12\\\/18\\\/prefeitura-de-lajeado-abre-inscricoes-para-exposicoes-artisticas-na-casa-de-cultura-em-2024\\\/#breadcrumb\"},\"inLanguage\":\"pt-BR\",\"potentialAction\":[{\"@type\":\"ReadAction\",\"target\":[\"https:\\\/\\\/folhapopular.info\\\/index.php\\\/2023\\\/12\\\/18\\\/prefeitura-de-lajeado-abre-inscricoes-para-exposicoes-artisticas-na-casa-de-cultura-em-2024\\\/\"]}]},{\"@type\":\"ImageObject\",\"inLanguage\":\"pt-BR\",\"@id\":\"https:\\\/\\\/folhapopular.info\\\/index.php\\\/2023\\\/12\\\/18\\\/prefeitura-de-lajeado-abre-inscricoes-para-exposicoes-artisticas-na-casa-de-cultura-em-2024\\\/#primaryimage\",\"url\":\"https:\\\/\\\/folhapopular.info\\\/wp-content\\\/uploads\\\/2023\\\/12\\\/Lajeado-em-Telas_exposicao_Silvio-Farias_Credito-das-fotos-Jonas-Betti-1.jpg\",\"contentUrl\":\"https:\\\/\\\/folhapopular.info\\\/wp-content\\\/uploads\\\/2023\\\/12\\\/Lajeado-em-Telas_exposicao_Silvio-Farias_Credito-das-fotos-Jonas-Betti-1.jpg\",\"width\":1600,\"height\":1066,\"caption\":\"Cr\u00e9dito: Jonas Betti\"},{\"@type\":\"BreadcrumbList\",\"@id\":\"https:\\\/\\\/folhapopular.info\\\/index.php\\\/2023\\\/12\\\/18\\\/prefeitura-de-lajeado-abre-inscricoes-para-exposicoes-artisticas-na-casa-de-cultura-em-2024\\\/#breadcrumb\",\"itemListElement\":[{\"@type\":\"ListItem\",\"position\":1,\"name\":\"In\u00edcio\",\"item\":\"https:\\\/\\\/folhapopular.info\\\/\"},{\"@type\":\"ListItem\",\"position\":2,\"name\":\"Prefeitura de Lajeado abre inscri\u00e7\u00f5es para exposi\u00e7\u00f5es art\u00edsticas na Casa de Cultura em 2024\"}]},{\"@type\":\"WebSite\",\"@id\":\"https:\\\/\\\/folhapopular.info\\\/#website\",\"url\":\"https:\\\/\\\/folhapopular.info\\\/\",\"name\":\"Folha Popular\",\"description\":\"Onde voc\u00ea tem vez e voz\",\"potentialAction\":[{\"@type\":\"SearchAction\",\"target\":{\"@type\":\"EntryPoint\",\"urlTemplate\":\"https:\\\/\\\/folhapopular.info\\\/?s={search_term_string}\"},\"query-input\":{\"@type\":\"PropertyValueSpecification\",\"valueRequired\":true,\"valueName\":\"search_term_string\"}}],\"inLanguage\":\"pt-BR\"},{\"@type\":\"Person\",\"@id\":\"https:\\\/\\\/folhapopular.info\\\/#\\\/schema\\\/person\\\/2814e8a0df7643585a9ca38bc6eb9d4b\",\"name\":\"Reda\u00e7\u00e3o Folha Popular\",\"image\":{\"@type\":\"ImageObject\",\"inLanguage\":\"pt-BR\",\"@id\":\"https:\\\/\\\/folhapopular.info\\\/wp-content\\\/uploads\\\/2026\\\/04\\\/Folha-1.webp\",\"url\":\"https:\\\/\\\/folhapopular.info\\\/wp-content\\\/uploads\\\/2026\\\/04\\\/Folha-1.webp\",\"contentUrl\":\"https:\\\/\\\/folhapopular.info\\\/wp-content\\\/uploads\\\/2026\\\/04\\\/Folha-1.webp\",\"caption\":\"Reda\u00e7\u00e3o Folha Popular\"},\"url\":\"https:\\\/\\\/folhapopular.info\\\/index.php\\\/author\\\/redacao\\\/\"}]}<\/script>\n<!-- \/ Yoast SEO plugin. -->","yoast_head_json":{"title":"Prefeitura de Lajeado abre inscri\u00e7\u00f5es para exposi\u00e7\u00f5es art\u00edsticas na Casa de Cultura em 2024 - Folha Popular","robots":{"index":"index","follow":"follow","max-snippet":"max-snippet:-1","max-image-preview":"max-image-preview:large","max-video-preview":"max-video-preview:-1"},"canonical":"https:\/\/folhapopular.info\/index.php\/2023\/12\/18\/prefeitura-de-lajeado-abre-inscricoes-para-exposicoes-artisticas-na-casa-de-cultura-em-2024\/","og_locale":"pt_BR","og_type":"article","og_title":"Prefeitura de Lajeado abre inscri\u00e7\u00f5es para exposi\u00e7\u00f5es art\u00edsticas na Casa de Cultura em 2024 - Folha Popular","og_description":"A Prefeitura de Lajeado, por meio da Secretaria de Cultura, Esporte e Lazer (Secel), est\u00e1 com as inscri\u00e7\u00f5es abertas para os artistas que desejam expor seus trabalhos de forma gratuita na Casa de Cultura durante o ano de 2024. O espa\u00e7o \u00e9 gratuito e aberto para a visita\u00e7\u00e3o do p\u00fablico. O espa\u00e7o destinado a exposi\u00e7\u00f5es [&hellip;]","og_url":"https:\/\/folhapopular.info\/index.php\/2023\/12\/18\/prefeitura-de-lajeado-abre-inscricoes-para-exposicoes-artisticas-na-casa-de-cultura-em-2024\/","og_site_name":"Folha Popular","article_published_time":"2023-12-18T10:29:00+00:00","og_image":[{"width":1600,"height":1066,"url":"https:\/\/folhapopular.info\/wp-content\/uploads\/2023\/12\/Lajeado-em-Telas_exposicao_Silvio-Farias_Credito-das-fotos-Jonas-Betti-1.jpg","type":"image\/jpeg"}],"author":"Reda\u00e7\u00e3o Folha Popular","twitter_card":"summary_large_image","twitter_misc":{"Escrito por":"Reda\u00e7\u00e3o Folha Popular","Est. tempo de leitura":"2 minutos"},"schema":{"@context":"https:\/\/schema.org","@graph":[{"@type":"Article","@id":"https:\/\/folhapopular.info\/index.php\/2023\/12\/18\/prefeitura-de-lajeado-abre-inscricoes-para-exposicoes-artisticas-na-casa-de-cultura-em-2024\/#article","isPartOf":{"@id":"https:\/\/folhapopular.info\/index.php\/2023\/12\/18\/prefeitura-de-lajeado-abre-inscricoes-para-exposicoes-artisticas-na-casa-de-cultura-em-2024\/"},"author":{"name":"Reda\u00e7\u00e3o Folha Popular","@id":"https:\/\/folhapopular.info\/#\/schema\/person\/2814e8a0df7643585a9ca38bc6eb9d4b"},"headline":"Prefeitura de Lajeado abre inscri\u00e7\u00f5es para exposi\u00e7\u00f5es art\u00edsticas na Casa de Cultura em 2024","datePublished":"2023-12-18T10:29:00+00:00","mainEntityOfPage":{"@id":"https:\/\/folhapopular.info\/index.php\/2023\/12\/18\/prefeitura-de-lajeado-abre-inscricoes-para-exposicoes-artisticas-na-casa-de-cultura-em-2024\/"},"wordCount":170,"commentCount":0,"image":{"@id":"https:\/\/folhapopular.info\/index.php\/2023\/12\/18\/prefeitura-de-lajeado-abre-inscricoes-para-exposicoes-artisticas-na-casa-de-cultura-em-2024\/#primaryimage"},"thumbnailUrl":"https:\/\/folhapopular.info\/wp-content\/uploads\/2023\/12\/Lajeado-em-Telas_exposicao_Silvio-Farias_Credito-das-fotos-Jonas-Betti-1.jpg","keywords":["casa de cultura de lajeado","Prefeitura de Lajeado","Secel"],"articleSection":["Cultura","Inclusive"],"inLanguage":"pt-BR","potentialAction":[{"@type":"CommentAction","name":"Comment","target":["https:\/\/folhapopular.info\/index.php\/2023\/12\/18\/prefeitura-de-lajeado-abre-inscricoes-para-exposicoes-artisticas-na-casa-de-cultura-em-2024\/#respond"]}]},{"@type":"WebPage","@id":"https:\/\/folhapopular.info\/index.php\/2023\/12\/18\/prefeitura-de-lajeado-abre-inscricoes-para-exposicoes-artisticas-na-casa-de-cultura-em-2024\/","url":"https:\/\/folhapopular.info\/index.php\/2023\/12\/18\/prefeitura-de-lajeado-abre-inscricoes-para-exposicoes-artisticas-na-casa-de-cultura-em-2024\/","name":"Prefeitura de Lajeado abre inscri\u00e7\u00f5es para exposi\u00e7\u00f5es art\u00edsticas na Casa de Cultura em 2024 - Folha Popular","isPartOf":{"@id":"https:\/\/folhapopular.info\/#website"},"primaryImageOfPage":{"@id":"https:\/\/folhapopular.info\/index.php\/2023\/12\/18\/prefeitura-de-lajeado-abre-inscricoes-para-exposicoes-artisticas-na-casa-de-cultura-em-2024\/#primaryimage"},"image":{"@id":"https:\/\/folhapopular.info\/index.php\/2023\/12\/18\/prefeitura-de-lajeado-abre-inscricoes-para-exposicoes-artisticas-na-casa-de-cultura-em-2024\/#primaryimage"},"thumbnailUrl":"https:\/\/folhapopular.info\/wp-content\/uploads\/2023\/12\/Lajeado-em-Telas_exposicao_Silvio-Farias_Credito-das-fotos-Jonas-Betti-1.jpg","datePublished":"2023-12-18T10:29:00+00:00","author":{"@id":"https:\/\/folhapopular.info\/#\/schema\/person\/2814e8a0df7643585a9ca38bc6eb9d4b"},"breadcrumb":{"@id":"https:\/\/folhapopular.info\/index.php\/2023\/12\/18\/prefeitura-de-lajeado-abre-inscricoes-para-exposicoes-artisticas-na-casa-de-cultura-em-2024\/#breadcrumb"},"inLanguage":"pt-BR","potentialAction":[{"@type":"ReadAction","target":["https:\/\/folhapopular.info\/index.php\/2023\/12\/18\/prefeitura-de-lajeado-abre-inscricoes-para-exposicoes-artisticas-na-casa-de-cultura-em-2024\/"]}]},{"@type":"ImageObject","inLanguage":"pt-BR","@id":"https:\/\/folhapopular.info\/index.php\/2023\/12\/18\/prefeitura-de-lajeado-abre-inscricoes-para-exposicoes-artisticas-na-casa-de-cultura-em-2024\/#primaryimage","url":"https:\/\/folhapopular.info\/wp-content\/uploads\/2023\/12\/Lajeado-em-Telas_exposicao_Silvio-Farias_Credito-das-fotos-Jonas-Betti-1.jpg","contentUrl":"https:\/\/folhapopular.info\/wp-content\/uploads\/2023\/12\/Lajeado-em-Telas_exposicao_Silvio-Farias_Credito-das-fotos-Jonas-Betti-1.jpg","width":1600,"height":1066,"caption":"Cr\u00e9dito: Jonas Betti"},{"@type":"BreadcrumbList","@id":"https:\/\/folhapopular.info\/index.php\/2023\/12\/18\/prefeitura-de-lajeado-abre-inscricoes-para-exposicoes-artisticas-na-casa-de-cultura-em-2024\/#breadcrumb","itemListElement":[{"@type":"ListItem","position":1,"name":"In\u00edcio","item":"https:\/\/folhapopular.info\/"},{"@type":"ListItem","position":2,"name":"Prefeitura de Lajeado abre inscri\u00e7\u00f5es para exposi\u00e7\u00f5es art\u00edsticas na Casa de Cultura em 2024"}]},{"@type":"WebSite","@id":"https:\/\/folhapopular.info\/#website","url":"https:\/\/folhapopular.info\/","name":"Folha Popular","description":"Onde voc\u00ea tem vez e voz","potentialAction":[{"@type":"SearchAction","target":{"@type":"EntryPoint","urlTemplate":"https:\/\/folhapopular.info\/?s={search_term_string}"},"query-input":{"@type":"PropertyValueSpecification","valueRequired":true,"valueName":"search_term_string"}}],"inLanguage":"pt-BR"},{"@type":"Person","@id":"https:\/\/folhapopular.info\/#\/schema\/person\/2814e8a0df7643585a9ca38bc6eb9d4b","name":"Reda\u00e7\u00e3o Folha Popular","image":{"@type":"ImageObject","inLanguage":"pt-BR","@id":"https:\/\/folhapopular.info\/wp-content\/uploads\/2026\/04\/Folha-1.webp","url":"https:\/\/folhapopular.info\/wp-content\/uploads\/2026\/04\/Folha-1.webp","contentUrl":"https:\/\/folhapopular.info\/wp-content\/uploads\/2026\/04\/Folha-1.webp","caption":"Reda\u00e7\u00e3o Folha Popular"},"url":"https:\/\/folhapopular.info\/index.php\/author\/redacao\/"}]}},"jetpack_featured_media_url":"https:\/\/folhapopular.info\/wp-content\/uploads\/2023\/12\/Lajeado-em-Telas_exposicao_Silvio-Farias_Credito-das-fotos-Jonas-Betti-1.jpg","jetpack_sharing_enabled":true,"amp_enabled":true,"_links":{"self":[{"href":"https:\/\/folhapopular.info\/index.php\/wp-json\/wp\/v2\/posts\/145393","targetHints":{"allow":["GET"]}}],"collection":[{"href":"https:\/\/folhapopular.info\/index.php\/wp-json\/wp\/v2\/posts"}],"about":[{"href":"https:\/\/folhapopular.info\/index.php\/wp-json\/wp\/v2\/types\/post"}],"author":[{"embeddable":true,"href":"https:\/\/folhapopular.info\/index.php\/wp-json\/wp\/v2\/users\/8"}],"replies":[{"embeddable":true,"href":"https:\/\/folhapopular.info\/index.php\/wp-json\/wp\/v2\/comments?post=145393"}],"version-history":[{"count":0,"href":"https:\/\/folhapopular.info\/index.php\/wp-json\/wp\/v2\/posts\/145393\/revisions"}],"wp:featuredmedia":[{"embeddable":true,"href":"https:\/\/folhapopular.info\/index.php\/wp-json\/wp\/v2\/media\/145394"}],"wp:attachment":[{"href":"https:\/\/folhapopular.info\/index.php\/wp-json\/wp\/v2\/media?parent=145393"}],"wp:term":[{"taxonomy":"category","embeddable":true,"href":"https:\/\/folhapopular.info\/index.php\/wp-json\/wp\/v2\/categories?post=145393"},{"taxonomy":"post_tag","embeddable":true,"href":"https:\/\/folhapopular.info\/index.php\/wp-json\/wp\/v2\/tags?post=145393"}],"curies":[{"name":"wp","href":"https:\/\/api.w.org\/{rel}","templated":true}]}}