{"id":145513,"date":"2023-12-18T06:30:00","date_gmt":"2023-12-18T09:30:00","guid":{"rendered":"https:\/\/folhapopular.info\/?p=145513"},"modified":"2023-12-17T21:56:44","modified_gmt":"2023-12-18T00:56:44","slug":"alunos-da-leopoldo-klepker-recebem-premiacoes-por-acoes-ambientais","status":"publish","type":"post","link":"https:\/\/folhapopular.info\/index.php\/2023\/12\/18\/alunos-da-leopoldo-klepker-recebem-premiacoes-por-acoes-ambientais\/","title":{"rendered":"Alunos da Leopoldo Klepker recebem premia\u00e7\u00f5es por a\u00e7\u00f5es ambientais"},"content":{"rendered":"\n<p>O Programa Leopoldo Klepker Sustent\u00e1vel (LKS), da Emef Leopoldo Klepker do Bairro Alesgut, em Teut\u00f4nia, premiou os alunos que realizaram as a\u00e7\u00f5es ambientais da proposta em 2023. Os alunos receberam a premia\u00e7\u00e3o de acordo com suas pontua\u00e7\u00f5es.<\/p>\n\n\n\n<p>Seis alunos receberam os pr\u00eamios principais, que s\u00e3o os de maior pontua\u00e7\u00e3o: foram entregues dois celulares e quatro bicicletas. Os outros estudantes receberam pr\u00eamios como eletrodom\u00e9sticos, brinquedos, materiais escolares, entre outros.<\/p>\n\n\n\n<p>O LKS incentiva a consci\u00eancia ambiental e a sustentabilidade entre alunos e fam\u00edlias. Crian\u00e7as ee adolescentes s\u00e3o incentivados a realizar a\u00e7\u00f5es como cria\u00e7\u00e3o de composteiras, recolhimentos de lixo recicl\u00e1vel, descarte correto de \u00f3leo de cozinha, plantio de \u00e1rvores, entre outros. Cada a\u00e7\u00e3o gera um n\u00famero de pontos que s\u00e3o convertidos em LK\u2019s, uma moeda digital que pode ser trocada pelos pr\u00eamios dispon\u00edveis.<\/p>\n\n\n\n<p>Conforme o professor de ci\u00eancias e um dos coordenadores do programa, Evandro Biondo, os resultados s\u00e3o expressivos. O programa recolheu foram mais de 8 toneladas de papel\u00e3o, aproximadamente 2,5 toneladas de pl\u00e1stico, mais de 1 tonelada de \u00f3leo de cozinha, mais de 1 tonelada de latinhas de alum\u00ednio e cerca de 900 mudas de \u00e1rvores distribu\u00eddas para plantio. \u201cS\u00e3o n\u00fameros muito expressivos em rela\u00e7\u00e3o \u00e0s nossas quest\u00f5es ambientais\u201d, afirma. O projeto conta tamb\u00e9m com a participa\u00e7\u00e3o de mais de 60 volunt\u00e1rios.<\/p>\n\n\n\n<p>O LKS \u00e9 coordenado por um grupo de professores e conta com apoio das secretarias municipais de Educa\u00e7\u00e3o e Agricultura e Meio Ambiente, da cooperativa escolar Cooperales, suporte financeiro da Sicredi Ouro Branco, e apoio da Fortaleza Tec que criou e mant\u00e9m o sistema pelo qual os alunos fazem o controle de seus pontos e LK\u2019s.<\/p>\n\n\n\n<h2 class=\"wp-block-heading\">Frutos colhidos<\/h2>\n\n\n\n<p>O LKS come\u00e7ou no ano passado como um projeto, ganhou corpo e se tornou um programa. Em seu segundo ano, a a\u00e7\u00e3o j\u00e1 apresenta frutos, para al\u00e9m de seus n\u00fameros expressivos. O professor Biondo considera que o projeto \u00e9 de suma import\u00e2ncia. \u201cPorque estamos trabalhando a consci\u00eancia ambiental e ecol\u00f3gica de cuidado com o ambiente. Todo mundo sabe que estamos passando por momentos que n\u00e3o s\u00e3o muito bons na hist\u00f3ria da humanidade com o clima mudando, estamos sofrendo consequ\u00eancias inclusive aqui no Vale do Taquari\u201d, avalia.<\/p>\n\n\n\n<p>O professor avalia ainda que o momento de premia\u00e7\u00e3o \u00e9 motivo de alegria n\u00e3o s\u00f3 por entregar pr\u00eamios aos alunos, mas principalmente pela cria\u00e7\u00e3o da consci\u00eancia ambiental. \u201cDesenvolvendo toda essa quest\u00e3o de sustentabilidade que ser\u00e1 primordial para o futuro do nosso planeta\u201d, conclui.<\/p>\n","protected":false},"excerpt":{"rendered":"<p>O Programa Leopoldo Klepker Sustent\u00e1vel (LKS), da Emef Leopoldo Klepker do Bairro Alesgut, em Teut\u00f4nia, premiou os alunos que realizaram as a\u00e7\u00f5es ambientais da proposta em 2023. Os alunos receberam a premia\u00e7\u00e3o de acordo com suas pontua\u00e7\u00f5es. Seis alunos receberam os pr\u00eamios principais, que s\u00e3o os de maior pontua\u00e7\u00e3o: foram entregues dois celulares e quatro [&hellip;]<\/p>\n","protected":false},"author":5,"featured_media":145514,"comment_status":"open","ping_status":"open","sticky":false,"template":"","format":"standard","meta":{"pmpro_default_level":"","_jetpack_memberships_contains_paid_content":false,"footnotes":""},"categories":[2,10988,3,11025],"tags":[6655,9037,1285],"class_list":{"0":"post-145513","1":"post","2":"type-post","3":"status-publish","4":"format-standard","5":"has-post-thumbnail","7":"category-featured","8":"category-educacao","9":"category-geral","10":"category-meio-ambiente","11":"tag-acoes-ambientais","12":"tag-lks","13":"tag-sustentabilidade","14":"pmpro-has-access"},"yoast_head":"<!-- This site is optimized with the Yoast SEO plugin v27.5 - https:\/\/yoast.com\/product\/yoast-seo-wordpress\/ -->\n<title>Alunos da Leopoldo Klepker recebem premia\u00e7\u00f5es por a\u00e7\u00f5es ambientais - Folha Popular<\/title>\n<meta name=\"robots\" content=\"index, follow, max-snippet:-1, max-image-preview:large, max-video-preview:-1\" \/>\n<link rel=\"canonical\" href=\"https:\/\/folhapopular.info\/index.php\/2023\/12\/18\/alunos-da-leopoldo-klepker-recebem-premiacoes-por-acoes-ambientais\/\" \/>\n<meta property=\"og:locale\" content=\"pt_BR\" \/>\n<meta property=\"og:type\" content=\"article\" \/>\n<meta property=\"og:title\" content=\"Alunos da Leopoldo Klepker recebem premia\u00e7\u00f5es por a\u00e7\u00f5es ambientais - Folha Popular\" \/>\n<meta property=\"og:description\" content=\"O Programa Leopoldo Klepker Sustent\u00e1vel (LKS), da Emef Leopoldo Klepker do Bairro Alesgut, em Teut\u00f4nia, premiou os alunos que realizaram as a\u00e7\u00f5es ambientais da proposta em 2023. Os alunos receberam a premia\u00e7\u00e3o de acordo com suas pontua\u00e7\u00f5es. Seis alunos receberam os pr\u00eamios principais, que s\u00e3o os de maior pontua\u00e7\u00e3o: foram entregues dois celulares e quatro [&hellip;]\" \/>\n<meta property=\"og:url\" content=\"https:\/\/folhapopular.info\/index.php\/2023\/12\/18\/alunos-da-leopoldo-klepker-recebem-premiacoes-por-acoes-ambientais\/\" \/>\n<meta property=\"og:site_name\" content=\"Folha Popular\" \/>\n<meta property=\"article:published_time\" content=\"2023-12-18T09:30:00+00:00\" \/>\n<meta property=\"og:image\" content=\"https:\/\/folhapopular.info\/wp-content\/uploads\/2023\/12\/WhatsApp-Image-2023-12-13-at-13.59.58-1.jpeg\" \/>\n\t<meta property=\"og:image:width\" content=\"1600\" \/>\n\t<meta property=\"og:image:height\" content=\"1200\" \/>\n\t<meta property=\"og:image:type\" content=\"image\/jpeg\" \/>\n<meta name=\"author\" content=\"Paloma Cristine Griesang\" \/>\n<meta name=\"twitter:card\" content=\"summary_large_image\" \/>\n<meta name=\"twitter:label1\" content=\"Escrito por\" \/>\n\t<meta name=\"twitter:data1\" content=\"Paloma Cristine Griesang\" \/>\n\t<meta name=\"twitter:label2\" content=\"Est. tempo de leitura\" \/>\n\t<meta name=\"twitter:data2\" content=\"3 minutos\" \/>\n<script type=\"application\/ld+json\" class=\"yoast-schema-graph\">{\"@context\":\"https:\\\/\\\/schema.org\",\"@graph\":[{\"@type\":\"Article\",\"@id\":\"https:\\\/\\\/folhapopular.info\\\/index.php\\\/2023\\\/12\\\/18\\\/alunos-da-leopoldo-klepker-recebem-premiacoes-por-acoes-ambientais\\\/#article\",\"isPartOf\":{\"@id\":\"https:\\\/\\\/folhapopular.info\\\/index.php\\\/2023\\\/12\\\/18\\\/alunos-da-leopoldo-klepker-recebem-premiacoes-por-acoes-ambientais\\\/\"},\"author\":{\"name\":\"Paloma Cristine Griesang\",\"@id\":\"https:\\\/\\\/folhapopular.info\\\/#\\\/schema\\\/person\\\/6441c3adb14a6337552a9700ef5698d2\"},\"headline\":\"Alunos da Leopoldo Klepker recebem premia\u00e7\u00f5es por a\u00e7\u00f5es ambientais\",\"datePublished\":\"2023-12-18T09:30:00+00:00\",\"mainEntityOfPage\":{\"@id\":\"https:\\\/\\\/folhapopular.info\\\/index.php\\\/2023\\\/12\\\/18\\\/alunos-da-leopoldo-klepker-recebem-premiacoes-por-acoes-ambientais\\\/\"},\"wordCount\":455,\"commentCount\":0,\"image\":{\"@id\":\"https:\\\/\\\/folhapopular.info\\\/index.php\\\/2023\\\/12\\\/18\\\/alunos-da-leopoldo-klepker-recebem-premiacoes-por-acoes-ambientais\\\/#primaryimage\"},\"thumbnailUrl\":\"https:\\\/\\\/folhapopular.info\\\/wp-content\\\/uploads\\\/2023\\\/12\\\/WhatsApp-Image-2023-12-13-at-13.59.58-1.jpeg\",\"keywords\":[\"A\u00e7\u00f5es Ambientais\",\"LKS\",\"Sustentabilidade\"],\"articleSection\":[\"Destaques\",\"Educa\u00e7\u00e3o\",\"Geral\",\"Meio Ambiente\"],\"inLanguage\":\"pt-BR\",\"potentialAction\":[{\"@type\":\"CommentAction\",\"name\":\"Comment\",\"target\":[\"https:\\\/\\\/folhapopular.info\\\/index.php\\\/2023\\\/12\\\/18\\\/alunos-da-leopoldo-klepker-recebem-premiacoes-por-acoes-ambientais\\\/#respond\"]}]},{\"@type\":\"WebPage\",\"@id\":\"https:\\\/\\\/folhapopular.info\\\/index.php\\\/2023\\\/12\\\/18\\\/alunos-da-leopoldo-klepker-recebem-premiacoes-por-acoes-ambientais\\\/\",\"url\":\"https:\\\/\\\/folhapopular.info\\\/index.php\\\/2023\\\/12\\\/18\\\/alunos-da-leopoldo-klepker-recebem-premiacoes-por-acoes-ambientais\\\/\",\"name\":\"Alunos da Leopoldo Klepker recebem premia\u00e7\u00f5es por a\u00e7\u00f5es ambientais - Folha Popular\",\"isPartOf\":{\"@id\":\"https:\\\/\\\/folhapopular.info\\\/#website\"},\"primaryImageOfPage\":{\"@id\":\"https:\\\/\\\/folhapopular.info\\\/index.php\\\/2023\\\/12\\\/18\\\/alunos-da-leopoldo-klepker-recebem-premiacoes-por-acoes-ambientais\\\/#primaryimage\"},\"image\":{\"@id\":\"https:\\\/\\\/folhapopular.info\\\/index.php\\\/2023\\\/12\\\/18\\\/alunos-da-leopoldo-klepker-recebem-premiacoes-por-acoes-ambientais\\\/#primaryimage\"},\"thumbnailUrl\":\"https:\\\/\\\/folhapopular.info\\\/wp-content\\\/uploads\\\/2023\\\/12\\\/WhatsApp-Image-2023-12-13-at-13.59.58-1.jpeg\",\"datePublished\":\"2023-12-18T09:30:00+00:00\",\"author\":{\"@id\":\"https:\\\/\\\/folhapopular.info\\\/#\\\/schema\\\/person\\\/6441c3adb14a6337552a9700ef5698d2\"},\"breadcrumb\":{\"@id\":\"https:\\\/\\\/folhapopular.info\\\/index.php\\\/2023\\\/12\\\/18\\\/alunos-da-leopoldo-klepker-recebem-premiacoes-por-acoes-ambientais\\\/#breadcrumb\"},\"inLanguage\":\"pt-BR\",\"potentialAction\":[{\"@type\":\"ReadAction\",\"target\":[\"https:\\\/\\\/folhapopular.info\\\/index.php\\\/2023\\\/12\\\/18\\\/alunos-da-leopoldo-klepker-recebem-premiacoes-por-acoes-ambientais\\\/\"]}]},{\"@type\":\"ImageObject\",\"inLanguage\":\"pt-BR\",\"@id\":\"https:\\\/\\\/folhapopular.info\\\/index.php\\\/2023\\\/12\\\/18\\\/alunos-da-leopoldo-klepker-recebem-premiacoes-por-acoes-ambientais\\\/#primaryimage\",\"url\":\"https:\\\/\\\/folhapopular.info\\\/wp-content\\\/uploads\\\/2023\\\/12\\\/WhatsApp-Image-2023-12-13-at-13.59.58-1.jpeg\",\"contentUrl\":\"https:\\\/\\\/folhapopular.info\\\/wp-content\\\/uploads\\\/2023\\\/12\\\/WhatsApp-Image-2023-12-13-at-13.59.58-1.jpeg\",\"width\":1600,\"height\":1200,\"caption\":\"Seis alunos receberam os pr\u00eamios principais do programa: celulares e bicicletas \\\/\\\/ Cr\u00e9dito: Paloma Griesang\"},{\"@type\":\"BreadcrumbList\",\"@id\":\"https:\\\/\\\/folhapopular.info\\\/index.php\\\/2023\\\/12\\\/18\\\/alunos-da-leopoldo-klepker-recebem-premiacoes-por-acoes-ambientais\\\/#breadcrumb\",\"itemListElement\":[{\"@type\":\"ListItem\",\"position\":1,\"name\":\"In\u00edcio\",\"item\":\"https:\\\/\\\/folhapopular.info\\\/\"},{\"@type\":\"ListItem\",\"position\":2,\"name\":\"Alunos da Leopoldo Klepker recebem premia\u00e7\u00f5es por a\u00e7\u00f5es ambientais\"}]},{\"@type\":\"WebSite\",\"@id\":\"https:\\\/\\\/folhapopular.info\\\/#website\",\"url\":\"https:\\\/\\\/folhapopular.info\\\/\",\"name\":\"Folha Popular\",\"description\":\"Onde voc\u00ea tem vez e voz\",\"potentialAction\":[{\"@type\":\"SearchAction\",\"target\":{\"@type\":\"EntryPoint\",\"urlTemplate\":\"https:\\\/\\\/folhapopular.info\\\/?s={search_term_string}\"},\"query-input\":{\"@type\":\"PropertyValueSpecification\",\"valueRequired\":true,\"valueName\":\"search_term_string\"}}],\"inLanguage\":\"pt-BR\"},{\"@type\":\"Person\",\"@id\":\"https:\\\/\\\/folhapopular.info\\\/#\\\/schema\\\/person\\\/6441c3adb14a6337552a9700ef5698d2\",\"name\":\"Paloma Cristine Griesang\",\"image\":{\"@type\":\"ImageObject\",\"inLanguage\":\"pt-BR\",\"@id\":\"https:\\\/\\\/secure.gravatar.com\\\/avatar\\\/7a1c3f1e1b05846882a13987cf3bd04239fe0ea8fd472d7d16d7f21c265005a5?s=96&d=mm&r=g\",\"url\":\"https:\\\/\\\/secure.gravatar.com\\\/avatar\\\/7a1c3f1e1b05846882a13987cf3bd04239fe0ea8fd472d7d16d7f21c265005a5?s=96&d=mm&r=g\",\"contentUrl\":\"https:\\\/\\\/secure.gravatar.com\\\/avatar\\\/7a1c3f1e1b05846882a13987cf3bd04239fe0ea8fd472d7d16d7f21c265005a5?s=96&d=mm&r=g\",\"caption\":\"Paloma Cristine Griesang\"},\"url\":\"https:\\\/\\\/folhapopular.info\\\/index.php\\\/author\\\/paloma-griesang\\\/\"}]}<\/script>\n<!-- \/ Yoast SEO plugin. -->","yoast_head_json":{"title":"Alunos da Leopoldo Klepker recebem premia\u00e7\u00f5es por a\u00e7\u00f5es ambientais - Folha Popular","robots":{"index":"index","follow":"follow","max-snippet":"max-snippet:-1","max-image-preview":"max-image-preview:large","max-video-preview":"max-video-preview:-1"},"canonical":"https:\/\/folhapopular.info\/index.php\/2023\/12\/18\/alunos-da-leopoldo-klepker-recebem-premiacoes-por-acoes-ambientais\/","og_locale":"pt_BR","og_type":"article","og_title":"Alunos da Leopoldo Klepker recebem premia\u00e7\u00f5es por a\u00e7\u00f5es ambientais - Folha Popular","og_description":"O Programa Leopoldo Klepker Sustent\u00e1vel (LKS), da Emef Leopoldo Klepker do Bairro Alesgut, em Teut\u00f4nia, premiou os alunos que realizaram as a\u00e7\u00f5es ambientais da proposta em 2023. Os alunos receberam a premia\u00e7\u00e3o de acordo com suas pontua\u00e7\u00f5es. Seis alunos receberam os pr\u00eamios principais, que s\u00e3o os de maior pontua\u00e7\u00e3o: foram entregues dois celulares e quatro [&hellip;]","og_url":"https:\/\/folhapopular.info\/index.php\/2023\/12\/18\/alunos-da-leopoldo-klepker-recebem-premiacoes-por-acoes-ambientais\/","og_site_name":"Folha Popular","article_published_time":"2023-12-18T09:30:00+00:00","og_image":[{"width":1600,"height":1200,"url":"https:\/\/folhapopular.info\/wp-content\/uploads\/2023\/12\/WhatsApp-Image-2023-12-13-at-13.59.58-1.jpeg","type":"image\/jpeg"}],"author":"Paloma Cristine Griesang","twitter_card":"summary_large_image","twitter_misc":{"Escrito por":"Paloma Cristine Griesang","Est. tempo de leitura":"3 minutos"},"schema":{"@context":"https:\/\/schema.org","@graph":[{"@type":"Article","@id":"https:\/\/folhapopular.info\/index.php\/2023\/12\/18\/alunos-da-leopoldo-klepker-recebem-premiacoes-por-acoes-ambientais\/#article","isPartOf":{"@id":"https:\/\/folhapopular.info\/index.php\/2023\/12\/18\/alunos-da-leopoldo-klepker-recebem-premiacoes-por-acoes-ambientais\/"},"author":{"name":"Paloma Cristine Griesang","@id":"https:\/\/folhapopular.info\/#\/schema\/person\/6441c3adb14a6337552a9700ef5698d2"},"headline":"Alunos da Leopoldo Klepker recebem premia\u00e7\u00f5es por a\u00e7\u00f5es ambientais","datePublished":"2023-12-18T09:30:00+00:00","mainEntityOfPage":{"@id":"https:\/\/folhapopular.info\/index.php\/2023\/12\/18\/alunos-da-leopoldo-klepker-recebem-premiacoes-por-acoes-ambientais\/"},"wordCount":455,"commentCount":0,"image":{"@id":"https:\/\/folhapopular.info\/index.php\/2023\/12\/18\/alunos-da-leopoldo-klepker-recebem-premiacoes-por-acoes-ambientais\/#primaryimage"},"thumbnailUrl":"https:\/\/folhapopular.info\/wp-content\/uploads\/2023\/12\/WhatsApp-Image-2023-12-13-at-13.59.58-1.jpeg","keywords":["A\u00e7\u00f5es Ambientais","LKS","Sustentabilidade"],"articleSection":["Destaques","Educa\u00e7\u00e3o","Geral","Meio Ambiente"],"inLanguage":"pt-BR","potentialAction":[{"@type":"CommentAction","name":"Comment","target":["https:\/\/folhapopular.info\/index.php\/2023\/12\/18\/alunos-da-leopoldo-klepker-recebem-premiacoes-por-acoes-ambientais\/#respond"]}]},{"@type":"WebPage","@id":"https:\/\/folhapopular.info\/index.php\/2023\/12\/18\/alunos-da-leopoldo-klepker-recebem-premiacoes-por-acoes-ambientais\/","url":"https:\/\/folhapopular.info\/index.php\/2023\/12\/18\/alunos-da-leopoldo-klepker-recebem-premiacoes-por-acoes-ambientais\/","name":"Alunos da Leopoldo Klepker recebem premia\u00e7\u00f5es por a\u00e7\u00f5es ambientais - Folha Popular","isPartOf":{"@id":"https:\/\/folhapopular.info\/#website"},"primaryImageOfPage":{"@id":"https:\/\/folhapopular.info\/index.php\/2023\/12\/18\/alunos-da-leopoldo-klepker-recebem-premiacoes-por-acoes-ambientais\/#primaryimage"},"image":{"@id":"https:\/\/folhapopular.info\/index.php\/2023\/12\/18\/alunos-da-leopoldo-klepker-recebem-premiacoes-por-acoes-ambientais\/#primaryimage"},"thumbnailUrl":"https:\/\/folhapopular.info\/wp-content\/uploads\/2023\/12\/WhatsApp-Image-2023-12-13-at-13.59.58-1.jpeg","datePublished":"2023-12-18T09:30:00+00:00","author":{"@id":"https:\/\/folhapopular.info\/#\/schema\/person\/6441c3adb14a6337552a9700ef5698d2"},"breadcrumb":{"@id":"https:\/\/folhapopular.info\/index.php\/2023\/12\/18\/alunos-da-leopoldo-klepker-recebem-premiacoes-por-acoes-ambientais\/#breadcrumb"},"inLanguage":"pt-BR","potentialAction":[{"@type":"ReadAction","target":["https:\/\/folhapopular.info\/index.php\/2023\/12\/18\/alunos-da-leopoldo-klepker-recebem-premiacoes-por-acoes-ambientais\/"]}]},{"@type":"ImageObject","inLanguage":"pt-BR","@id":"https:\/\/folhapopular.info\/index.php\/2023\/12\/18\/alunos-da-leopoldo-klepker-recebem-premiacoes-por-acoes-ambientais\/#primaryimage","url":"https:\/\/folhapopular.info\/wp-content\/uploads\/2023\/12\/WhatsApp-Image-2023-12-13-at-13.59.58-1.jpeg","contentUrl":"https:\/\/folhapopular.info\/wp-content\/uploads\/2023\/12\/WhatsApp-Image-2023-12-13-at-13.59.58-1.jpeg","width":1600,"height":1200,"caption":"Seis alunos receberam os pr\u00eamios principais do programa: celulares e bicicletas \/\/ Cr\u00e9dito: Paloma Griesang"},{"@type":"BreadcrumbList","@id":"https:\/\/folhapopular.info\/index.php\/2023\/12\/18\/alunos-da-leopoldo-klepker-recebem-premiacoes-por-acoes-ambientais\/#breadcrumb","itemListElement":[{"@type":"ListItem","position":1,"name":"In\u00edcio","item":"https:\/\/folhapopular.info\/"},{"@type":"ListItem","position":2,"name":"Alunos da Leopoldo Klepker recebem premia\u00e7\u00f5es por a\u00e7\u00f5es ambientais"}]},{"@type":"WebSite","@id":"https:\/\/folhapopular.info\/#website","url":"https:\/\/folhapopular.info\/","name":"Folha Popular","description":"Onde voc\u00ea tem vez e voz","potentialAction":[{"@type":"SearchAction","target":{"@type":"EntryPoint","urlTemplate":"https:\/\/folhapopular.info\/?s={search_term_string}"},"query-input":{"@type":"PropertyValueSpecification","valueRequired":true,"valueName":"search_term_string"}}],"inLanguage":"pt-BR"},{"@type":"Person","@id":"https:\/\/folhapopular.info\/#\/schema\/person\/6441c3adb14a6337552a9700ef5698d2","name":"Paloma Cristine Griesang","image":{"@type":"ImageObject","inLanguage":"pt-BR","@id":"https:\/\/secure.gravatar.com\/avatar\/7a1c3f1e1b05846882a13987cf3bd04239fe0ea8fd472d7d16d7f21c265005a5?s=96&d=mm&r=g","url":"https:\/\/secure.gravatar.com\/avatar\/7a1c3f1e1b05846882a13987cf3bd04239fe0ea8fd472d7d16d7f21c265005a5?s=96&d=mm&r=g","contentUrl":"https:\/\/secure.gravatar.com\/avatar\/7a1c3f1e1b05846882a13987cf3bd04239fe0ea8fd472d7d16d7f21c265005a5?s=96&d=mm&r=g","caption":"Paloma Cristine Griesang"},"url":"https:\/\/folhapopular.info\/index.php\/author\/paloma-griesang\/"}]}},"jetpack_featured_media_url":"https:\/\/folhapopular.info\/wp-content\/uploads\/2023\/12\/WhatsApp-Image-2023-12-13-at-13.59.58-1.jpeg","jetpack_sharing_enabled":true,"amp_enabled":true,"_links":{"self":[{"href":"https:\/\/folhapopular.info\/index.php\/wp-json\/wp\/v2\/posts\/145513","targetHints":{"allow":["GET"]}}],"collection":[{"href":"https:\/\/folhapopular.info\/index.php\/wp-json\/wp\/v2\/posts"}],"about":[{"href":"https:\/\/folhapopular.info\/index.php\/wp-json\/wp\/v2\/types\/post"}],"author":[{"embeddable":true,"href":"https:\/\/folhapopular.info\/index.php\/wp-json\/wp\/v2\/users\/5"}],"replies":[{"embeddable":true,"href":"https:\/\/folhapopular.info\/index.php\/wp-json\/wp\/v2\/comments?post=145513"}],"version-history":[{"count":0,"href":"https:\/\/folhapopular.info\/index.php\/wp-json\/wp\/v2\/posts\/145513\/revisions"}],"wp:featuredmedia":[{"embeddable":true,"href":"https:\/\/folhapopular.info\/index.php\/wp-json\/wp\/v2\/media\/145514"}],"wp:attachment":[{"href":"https:\/\/folhapopular.info\/index.php\/wp-json\/wp\/v2\/media?parent=145513"}],"wp:term":[{"taxonomy":"category","embeddable":true,"href":"https:\/\/folhapopular.info\/index.php\/wp-json\/wp\/v2\/categories?post=145513"},{"taxonomy":"post_tag","embeddable":true,"href":"https:\/\/folhapopular.info\/index.php\/wp-json\/wp\/v2\/tags?post=145513"}],"curies":[{"name":"wp","href":"https:\/\/api.w.org\/{rel}","templated":true}]}}