{"id":145516,"date":"2023-12-17T10:39:46","date_gmt":"2023-12-17T13:39:46","guid":{"rendered":"https:\/\/folhapopular.info\/?p=145516"},"modified":"2023-12-16T12:03:20","modified_gmt":"2023-12-16T15:03:20","slug":"grupo-tholl-e-a-atracao-do-domingo-em-imigrante","status":"publish","type":"post","link":"https:\/\/folhapopular.info\/index.php\/2023\/12\/17\/grupo-tholl-e-a-atracao-do-domingo-em-imigrante\/","title":{"rendered":"Grupo Tholl \u00e9 a atra\u00e7\u00e3o do domingo em Imigrante"},"content":{"rendered":"\n<p>Continua neste domingo (16\/12) a programa\u00e7\u00e3o do \u201cDer Tannenbaum \u2013 O Natal do Pinheiro M\u00e1gico\u201d em Imigrante. A segunda noite de evento iniciar\u00e1 \u00e0s 19h30 com a Orquestra Municipal de Imigrante e a chegada do Papai Noel. \u00c0s 21h inicia a apresenta\u00e7\u00e3o do Grupo Tholl. A trupe pelotense apresenta o seu novo espet\u00e1culo \u201cA noite de Natal\u201d, no qual a famosa hist\u00f3ria do bal\u00e9 Quebra-Nozes ganha uma vers\u00e3o onde 12 artistas se revezam em 12 n\u00fameros in\u00e9ditos, tendo a m\u00fasica de Tchaikovsky como grande inspira\u00e7\u00e3o. Jo\u00e3o Bachilli assina a dire\u00e7\u00e3o e os figurinos desse espet\u00e1culo.<\/p>\n\n\n\n<p>O primeiro dia do Der Tannenbaum, no domingo passado (10\/12), lotou o gin\u00e1sio municipal com cerca de 800 espectadores. A noite contou com a apresenta\u00e7\u00e3o do Grupo de Dan\u00e7as Sonnenlicht. Em seguida, mesclando arte, malabarismo e m\u00fasica, a pe\u00e7a \u201cCirkou Trupe de Natal\u201d alegrou o p\u00fablico. As atividades encerraram com a apresenta\u00e7\u00e3o do Coral Municipal e da Orquestra Jovem que entoaram, juntos, can\u00e7\u00f5es natalinas.<\/p>\n\n\n\n<p>Tamb\u00e9m \u00e9 atra\u00e7\u00e3o do Natal em Imigrante a Vila Noel, na pra\u00e7a ao lado do gin\u00e1sio municipal, local onde o Papai Noel recebe a crian\u00e7as.<\/p>\n\n\n\n<p>O prefeito Germano Stevens avalia que o ano foi muito dif\u00edcil, por isso os gestores precisam se esfor\u00e7ar para trazer este esp\u00edrito natalino para as comunidades. O prefeito salienta que a primeira noite focou em dar espa\u00e7o para os artistas locais. \u201cAs pessoas da nossa comunidade\u201d, refor\u00e7a.<\/p>\n\n\n\n<p>Stevens refor\u00e7a que a entrada no evento \u00e9 gratuita. \u201cEsperamos um bom p\u00fablico. Lembrando que s\u00f3 \u00e9 poss\u00edvel fazer isso gra\u00e7as ao projeto que conseguimos aprovar por meio da Lei Rouanet e tamb\u00e9m pela Lei de Incentivo \u00e0 Cultura (LIC), sen\u00e3o seria invi\u00e1vel. Tamb\u00e9m fomos castigados pelas enxurradas e n\u00e3o ter\u00edamos recursos para fazer o que estamos fazendo\u201d, destaca, salientando e agradecendo o patroc\u00ednio da Metal\u00fargica Hassmann.<\/p>\n","protected":false},"excerpt":{"rendered":"<p>Continua neste domingo (16\/12) a programa\u00e7\u00e3o do \u201cDer Tannenbaum \u2013 O Natal do Pinheiro M\u00e1gico\u201d em Imigrante. A segunda noite de evento iniciar\u00e1 \u00e0s 19h30 com a Orquestra Municipal de Imigrante e a chegada do Papai Noel. \u00c0s 21h inicia a apresenta\u00e7\u00e3o do Grupo Tholl. A trupe pelotense apresenta o seu novo espet\u00e1culo \u201cA noite [&hellip;]<\/p>\n","protected":false},"author":5,"featured_media":145517,"comment_status":"open","ping_status":"open","sticky":false,"template":"","format":"standard","meta":{"pmpro_default_level":"","_jetpack_memberships_contains_paid_content":false,"footnotes":""},"categories":[2,10999,6],"tags":[34,13799,13800],"class_list":{"0":"post-145516","1":"post","2":"type-post","3":"status-publish","4":"format-standard","5":"has-post-thumbnail","7":"category-featured","8":"category-entretenimento","9":"category-inclusive","10":"tag-imigrante","11":"tag-natal-do-pinheiro-magico","12":"tag-vila-noel","13":"pmpro-has-access"},"yoast_head":"<!-- This site is optimized with the Yoast SEO plugin v27.5 - https:\/\/yoast.com\/product\/yoast-seo-wordpress\/ -->\n<title>Grupo Tholl \u00e9 a atra\u00e7\u00e3o do domingo em Imigrante - Folha Popular<\/title>\n<meta name=\"robots\" content=\"index, follow, max-snippet:-1, max-image-preview:large, max-video-preview:-1\" \/>\n<link rel=\"canonical\" href=\"https:\/\/folhapopular.info\/index.php\/2023\/12\/17\/grupo-tholl-e-a-atracao-do-domingo-em-imigrante\/\" \/>\n<meta property=\"og:locale\" content=\"pt_BR\" \/>\n<meta property=\"og:type\" content=\"article\" \/>\n<meta property=\"og:title\" content=\"Grupo Tholl \u00e9 a atra\u00e7\u00e3o do domingo em Imigrante - Folha Popular\" \/>\n<meta property=\"og:description\" content=\"Continua neste domingo (16\/12) a programa\u00e7\u00e3o do \u201cDer Tannenbaum \u2013 O Natal do Pinheiro M\u00e1gico\u201d em Imigrante. A segunda noite de evento iniciar\u00e1 \u00e0s 19h30 com a Orquestra Municipal de Imigrante e a chegada do Papai Noel. \u00c0s 21h inicia a apresenta\u00e7\u00e3o do Grupo Tholl. A trupe pelotense apresenta o seu novo espet\u00e1culo \u201cA noite [&hellip;]\" \/>\n<meta property=\"og:url\" content=\"https:\/\/folhapopular.info\/index.php\/2023\/12\/17\/grupo-tholl-e-a-atracao-do-domingo-em-imigrante\/\" \/>\n<meta property=\"og:site_name\" content=\"Folha Popular\" \/>\n<meta property=\"article:published_time\" content=\"2023-12-17T13:39:46+00:00\" \/>\n<meta property=\"og:image\" content=\"https:\/\/folhapopular.info\/wp-content\/uploads\/2023\/12\/IMG-20231211-WA0062-1.jpg\" \/>\n\t<meta property=\"og:image:width\" content=\"1600\" \/>\n\t<meta property=\"og:image:height\" content=\"1066\" \/>\n\t<meta property=\"og:image:type\" content=\"image\/jpeg\" \/>\n<meta name=\"author\" content=\"Paloma Cristine Griesang\" \/>\n<meta name=\"twitter:card\" content=\"summary_large_image\" \/>\n<meta name=\"twitter:label1\" content=\"Escrito por\" \/>\n\t<meta name=\"twitter:data1\" content=\"Paloma Cristine Griesang\" \/>\n\t<meta name=\"twitter:label2\" content=\"Est. tempo de leitura\" \/>\n\t<meta name=\"twitter:data2\" content=\"2 minutos\" \/>\n<script type=\"application\/ld+json\" class=\"yoast-schema-graph\">{\"@context\":\"https:\\\/\\\/schema.org\",\"@graph\":[{\"@type\":\"Article\",\"@id\":\"https:\\\/\\\/folhapopular.info\\\/index.php\\\/2023\\\/12\\\/17\\\/grupo-tholl-e-a-atracao-do-domingo-em-imigrante\\\/#article\",\"isPartOf\":{\"@id\":\"https:\\\/\\\/folhapopular.info\\\/index.php\\\/2023\\\/12\\\/17\\\/grupo-tholl-e-a-atracao-do-domingo-em-imigrante\\\/\"},\"author\":{\"name\":\"Paloma Cristine Griesang\",\"@id\":\"https:\\\/\\\/folhapopular.info\\\/#\\\/schema\\\/person\\\/6441c3adb14a6337552a9700ef5698d2\"},\"headline\":\"Grupo Tholl \u00e9 a atra\u00e7\u00e3o do domingo em Imigrante\",\"datePublished\":\"2023-12-17T13:39:46+00:00\",\"mainEntityOfPage\":{\"@id\":\"https:\\\/\\\/folhapopular.info\\\/index.php\\\/2023\\\/12\\\/17\\\/grupo-tholl-e-a-atracao-do-domingo-em-imigrante\\\/\"},\"wordCount\":340,\"commentCount\":0,\"image\":{\"@id\":\"https:\\\/\\\/folhapopular.info\\\/index.php\\\/2023\\\/12\\\/17\\\/grupo-tholl-e-a-atracao-do-domingo-em-imigrante\\\/#primaryimage\"},\"thumbnailUrl\":\"https:\\\/\\\/folhapopular.info\\\/wp-content\\\/uploads\\\/2023\\\/12\\\/IMG-20231211-WA0062-1.jpg\",\"keywords\":[\"Imigrante\",\"natal do pinheiro m\u00e1gico\",\"vila noel\"],\"articleSection\":[\"Destaques\",\"Entretenimento\",\"Inclusive\"],\"inLanguage\":\"pt-BR\",\"potentialAction\":[{\"@type\":\"CommentAction\",\"name\":\"Comment\",\"target\":[\"https:\\\/\\\/folhapopular.info\\\/index.php\\\/2023\\\/12\\\/17\\\/grupo-tholl-e-a-atracao-do-domingo-em-imigrante\\\/#respond\"]}]},{\"@type\":\"WebPage\",\"@id\":\"https:\\\/\\\/folhapopular.info\\\/index.php\\\/2023\\\/12\\\/17\\\/grupo-tholl-e-a-atracao-do-domingo-em-imigrante\\\/\",\"url\":\"https:\\\/\\\/folhapopular.info\\\/index.php\\\/2023\\\/12\\\/17\\\/grupo-tholl-e-a-atracao-do-domingo-em-imigrante\\\/\",\"name\":\"Grupo Tholl \u00e9 a atra\u00e7\u00e3o do domingo em Imigrante - Folha Popular\",\"isPartOf\":{\"@id\":\"https:\\\/\\\/folhapopular.info\\\/#website\"},\"primaryImageOfPage\":{\"@id\":\"https:\\\/\\\/folhapopular.info\\\/index.php\\\/2023\\\/12\\\/17\\\/grupo-tholl-e-a-atracao-do-domingo-em-imigrante\\\/#primaryimage\"},\"image\":{\"@id\":\"https:\\\/\\\/folhapopular.info\\\/index.php\\\/2023\\\/12\\\/17\\\/grupo-tholl-e-a-atracao-do-domingo-em-imigrante\\\/#primaryimage\"},\"thumbnailUrl\":\"https:\\\/\\\/folhapopular.info\\\/wp-content\\\/uploads\\\/2023\\\/12\\\/IMG-20231211-WA0062-1.jpg\",\"datePublished\":\"2023-12-17T13:39:46+00:00\",\"author\":{\"@id\":\"https:\\\/\\\/folhapopular.info\\\/#\\\/schema\\\/person\\\/6441c3adb14a6337552a9700ef5698d2\"},\"breadcrumb\":{\"@id\":\"https:\\\/\\\/folhapopular.info\\\/index.php\\\/2023\\\/12\\\/17\\\/grupo-tholl-e-a-atracao-do-domingo-em-imigrante\\\/#breadcrumb\"},\"inLanguage\":\"pt-BR\",\"potentialAction\":[{\"@type\":\"ReadAction\",\"target\":[\"https:\\\/\\\/folhapopular.info\\\/index.php\\\/2023\\\/12\\\/17\\\/grupo-tholl-e-a-atracao-do-domingo-em-imigrante\\\/\"]}]},{\"@type\":\"ImageObject\",\"inLanguage\":\"pt-BR\",\"@id\":\"https:\\\/\\\/folhapopular.info\\\/index.php\\\/2023\\\/12\\\/17\\\/grupo-tholl-e-a-atracao-do-domingo-em-imigrante\\\/#primaryimage\",\"url\":\"https:\\\/\\\/folhapopular.info\\\/wp-content\\\/uploads\\\/2023\\\/12\\\/IMG-20231211-WA0062-1.jpg\",\"contentUrl\":\"https:\\\/\\\/folhapopular.info\\\/wp-content\\\/uploads\\\/2023\\\/12\\\/IMG-20231211-WA0062-1.jpg\",\"width\":1600,\"height\":1066,\"caption\":\"No primeiro fim de semana, evento valorizou artistas locais. Cr\u00e9dito: Cris Thom\u00e9 \\\/ Divulga\u00e7\u00e3o\"},{\"@type\":\"BreadcrumbList\",\"@id\":\"https:\\\/\\\/folhapopular.info\\\/index.php\\\/2023\\\/12\\\/17\\\/grupo-tholl-e-a-atracao-do-domingo-em-imigrante\\\/#breadcrumb\",\"itemListElement\":[{\"@type\":\"ListItem\",\"position\":1,\"name\":\"In\u00edcio\",\"item\":\"https:\\\/\\\/folhapopular.info\\\/\"},{\"@type\":\"ListItem\",\"position\":2,\"name\":\"Grupo Tholl \u00e9 a atra\u00e7\u00e3o do domingo em Imigrante\"}]},{\"@type\":\"WebSite\",\"@id\":\"https:\\\/\\\/folhapopular.info\\\/#website\",\"url\":\"https:\\\/\\\/folhapopular.info\\\/\",\"name\":\"Folha Popular\",\"description\":\"Onde voc\u00ea tem vez e voz\",\"potentialAction\":[{\"@type\":\"SearchAction\",\"target\":{\"@type\":\"EntryPoint\",\"urlTemplate\":\"https:\\\/\\\/folhapopular.info\\\/?s={search_term_string}\"},\"query-input\":{\"@type\":\"PropertyValueSpecification\",\"valueRequired\":true,\"valueName\":\"search_term_string\"}}],\"inLanguage\":\"pt-BR\"},{\"@type\":\"Person\",\"@id\":\"https:\\\/\\\/folhapopular.info\\\/#\\\/schema\\\/person\\\/6441c3adb14a6337552a9700ef5698d2\",\"name\":\"Paloma Cristine Griesang\",\"image\":{\"@type\":\"ImageObject\",\"inLanguage\":\"pt-BR\",\"@id\":\"https:\\\/\\\/secure.gravatar.com\\\/avatar\\\/7a1c3f1e1b05846882a13987cf3bd04239fe0ea8fd472d7d16d7f21c265005a5?s=96&d=mm&r=g\",\"url\":\"https:\\\/\\\/secure.gravatar.com\\\/avatar\\\/7a1c3f1e1b05846882a13987cf3bd04239fe0ea8fd472d7d16d7f21c265005a5?s=96&d=mm&r=g\",\"contentUrl\":\"https:\\\/\\\/secure.gravatar.com\\\/avatar\\\/7a1c3f1e1b05846882a13987cf3bd04239fe0ea8fd472d7d16d7f21c265005a5?s=96&d=mm&r=g\",\"caption\":\"Paloma Cristine Griesang\"},\"url\":\"https:\\\/\\\/folhapopular.info\\\/index.php\\\/author\\\/paloma-griesang\\\/\"}]}<\/script>\n<!-- \/ Yoast SEO plugin. -->","yoast_head_json":{"title":"Grupo Tholl \u00e9 a atra\u00e7\u00e3o do domingo em Imigrante - Folha Popular","robots":{"index":"index","follow":"follow","max-snippet":"max-snippet:-1","max-image-preview":"max-image-preview:large","max-video-preview":"max-video-preview:-1"},"canonical":"https:\/\/folhapopular.info\/index.php\/2023\/12\/17\/grupo-tholl-e-a-atracao-do-domingo-em-imigrante\/","og_locale":"pt_BR","og_type":"article","og_title":"Grupo Tholl \u00e9 a atra\u00e7\u00e3o do domingo em Imigrante - Folha Popular","og_description":"Continua neste domingo (16\/12) a programa\u00e7\u00e3o do \u201cDer Tannenbaum \u2013 O Natal do Pinheiro M\u00e1gico\u201d em Imigrante. A segunda noite de evento iniciar\u00e1 \u00e0s 19h30 com a Orquestra Municipal de Imigrante e a chegada do Papai Noel. \u00c0s 21h inicia a apresenta\u00e7\u00e3o do Grupo Tholl. A trupe pelotense apresenta o seu novo espet\u00e1culo \u201cA noite [&hellip;]","og_url":"https:\/\/folhapopular.info\/index.php\/2023\/12\/17\/grupo-tholl-e-a-atracao-do-domingo-em-imigrante\/","og_site_name":"Folha Popular","article_published_time":"2023-12-17T13:39:46+00:00","og_image":[{"width":1600,"height":1066,"url":"https:\/\/folhapopular.info\/wp-content\/uploads\/2023\/12\/IMG-20231211-WA0062-1.jpg","type":"image\/jpeg"}],"author":"Paloma Cristine Griesang","twitter_card":"summary_large_image","twitter_misc":{"Escrito por":"Paloma Cristine Griesang","Est. tempo de leitura":"2 minutos"},"schema":{"@context":"https:\/\/schema.org","@graph":[{"@type":"Article","@id":"https:\/\/folhapopular.info\/index.php\/2023\/12\/17\/grupo-tholl-e-a-atracao-do-domingo-em-imigrante\/#article","isPartOf":{"@id":"https:\/\/folhapopular.info\/index.php\/2023\/12\/17\/grupo-tholl-e-a-atracao-do-domingo-em-imigrante\/"},"author":{"name":"Paloma Cristine Griesang","@id":"https:\/\/folhapopular.info\/#\/schema\/person\/6441c3adb14a6337552a9700ef5698d2"},"headline":"Grupo Tholl \u00e9 a atra\u00e7\u00e3o do domingo em Imigrante","datePublished":"2023-12-17T13:39:46+00:00","mainEntityOfPage":{"@id":"https:\/\/folhapopular.info\/index.php\/2023\/12\/17\/grupo-tholl-e-a-atracao-do-domingo-em-imigrante\/"},"wordCount":340,"commentCount":0,"image":{"@id":"https:\/\/folhapopular.info\/index.php\/2023\/12\/17\/grupo-tholl-e-a-atracao-do-domingo-em-imigrante\/#primaryimage"},"thumbnailUrl":"https:\/\/folhapopular.info\/wp-content\/uploads\/2023\/12\/IMG-20231211-WA0062-1.jpg","keywords":["Imigrante","natal do pinheiro m\u00e1gico","vila noel"],"articleSection":["Destaques","Entretenimento","Inclusive"],"inLanguage":"pt-BR","potentialAction":[{"@type":"CommentAction","name":"Comment","target":["https:\/\/folhapopular.info\/index.php\/2023\/12\/17\/grupo-tholl-e-a-atracao-do-domingo-em-imigrante\/#respond"]}]},{"@type":"WebPage","@id":"https:\/\/folhapopular.info\/index.php\/2023\/12\/17\/grupo-tholl-e-a-atracao-do-domingo-em-imigrante\/","url":"https:\/\/folhapopular.info\/index.php\/2023\/12\/17\/grupo-tholl-e-a-atracao-do-domingo-em-imigrante\/","name":"Grupo Tholl \u00e9 a atra\u00e7\u00e3o do domingo em Imigrante - Folha Popular","isPartOf":{"@id":"https:\/\/folhapopular.info\/#website"},"primaryImageOfPage":{"@id":"https:\/\/folhapopular.info\/index.php\/2023\/12\/17\/grupo-tholl-e-a-atracao-do-domingo-em-imigrante\/#primaryimage"},"image":{"@id":"https:\/\/folhapopular.info\/index.php\/2023\/12\/17\/grupo-tholl-e-a-atracao-do-domingo-em-imigrante\/#primaryimage"},"thumbnailUrl":"https:\/\/folhapopular.info\/wp-content\/uploads\/2023\/12\/IMG-20231211-WA0062-1.jpg","datePublished":"2023-12-17T13:39:46+00:00","author":{"@id":"https:\/\/folhapopular.info\/#\/schema\/person\/6441c3adb14a6337552a9700ef5698d2"},"breadcrumb":{"@id":"https:\/\/folhapopular.info\/index.php\/2023\/12\/17\/grupo-tholl-e-a-atracao-do-domingo-em-imigrante\/#breadcrumb"},"inLanguage":"pt-BR","potentialAction":[{"@type":"ReadAction","target":["https:\/\/folhapopular.info\/index.php\/2023\/12\/17\/grupo-tholl-e-a-atracao-do-domingo-em-imigrante\/"]}]},{"@type":"ImageObject","inLanguage":"pt-BR","@id":"https:\/\/folhapopular.info\/index.php\/2023\/12\/17\/grupo-tholl-e-a-atracao-do-domingo-em-imigrante\/#primaryimage","url":"https:\/\/folhapopular.info\/wp-content\/uploads\/2023\/12\/IMG-20231211-WA0062-1.jpg","contentUrl":"https:\/\/folhapopular.info\/wp-content\/uploads\/2023\/12\/IMG-20231211-WA0062-1.jpg","width":1600,"height":1066,"caption":"No primeiro fim de semana, evento valorizou artistas locais. Cr\u00e9dito: Cris Thom\u00e9 \/ Divulga\u00e7\u00e3o"},{"@type":"BreadcrumbList","@id":"https:\/\/folhapopular.info\/index.php\/2023\/12\/17\/grupo-tholl-e-a-atracao-do-domingo-em-imigrante\/#breadcrumb","itemListElement":[{"@type":"ListItem","position":1,"name":"In\u00edcio","item":"https:\/\/folhapopular.info\/"},{"@type":"ListItem","position":2,"name":"Grupo Tholl \u00e9 a atra\u00e7\u00e3o do domingo em Imigrante"}]},{"@type":"WebSite","@id":"https:\/\/folhapopular.info\/#website","url":"https:\/\/folhapopular.info\/","name":"Folha Popular","description":"Onde voc\u00ea tem vez e voz","potentialAction":[{"@type":"SearchAction","target":{"@type":"EntryPoint","urlTemplate":"https:\/\/folhapopular.info\/?s={search_term_string}"},"query-input":{"@type":"PropertyValueSpecification","valueRequired":true,"valueName":"search_term_string"}}],"inLanguage":"pt-BR"},{"@type":"Person","@id":"https:\/\/folhapopular.info\/#\/schema\/person\/6441c3adb14a6337552a9700ef5698d2","name":"Paloma Cristine Griesang","image":{"@type":"ImageObject","inLanguage":"pt-BR","@id":"https:\/\/secure.gravatar.com\/avatar\/7a1c3f1e1b05846882a13987cf3bd04239fe0ea8fd472d7d16d7f21c265005a5?s=96&d=mm&r=g","url":"https:\/\/secure.gravatar.com\/avatar\/7a1c3f1e1b05846882a13987cf3bd04239fe0ea8fd472d7d16d7f21c265005a5?s=96&d=mm&r=g","contentUrl":"https:\/\/secure.gravatar.com\/avatar\/7a1c3f1e1b05846882a13987cf3bd04239fe0ea8fd472d7d16d7f21c265005a5?s=96&d=mm&r=g","caption":"Paloma Cristine Griesang"},"url":"https:\/\/folhapopular.info\/index.php\/author\/paloma-griesang\/"}]}},"jetpack_featured_media_url":"https:\/\/folhapopular.info\/wp-content\/uploads\/2023\/12\/IMG-20231211-WA0062-1.jpg","jetpack_sharing_enabled":true,"amp_enabled":true,"_links":{"self":[{"href":"https:\/\/folhapopular.info\/index.php\/wp-json\/wp\/v2\/posts\/145516","targetHints":{"allow":["GET"]}}],"collection":[{"href":"https:\/\/folhapopular.info\/index.php\/wp-json\/wp\/v2\/posts"}],"about":[{"href":"https:\/\/folhapopular.info\/index.php\/wp-json\/wp\/v2\/types\/post"}],"author":[{"embeddable":true,"href":"https:\/\/folhapopular.info\/index.php\/wp-json\/wp\/v2\/users\/5"}],"replies":[{"embeddable":true,"href":"https:\/\/folhapopular.info\/index.php\/wp-json\/wp\/v2\/comments?post=145516"}],"version-history":[{"count":0,"href":"https:\/\/folhapopular.info\/index.php\/wp-json\/wp\/v2\/posts\/145516\/revisions"}],"wp:featuredmedia":[{"embeddable":true,"href":"https:\/\/folhapopular.info\/index.php\/wp-json\/wp\/v2\/media\/145517"}],"wp:attachment":[{"href":"https:\/\/folhapopular.info\/index.php\/wp-json\/wp\/v2\/media?parent=145516"}],"wp:term":[{"taxonomy":"category","embeddable":true,"href":"https:\/\/folhapopular.info\/index.php\/wp-json\/wp\/v2\/categories?post=145516"},{"taxonomy":"post_tag","embeddable":true,"href":"https:\/\/folhapopular.info\/index.php\/wp-json\/wp\/v2\/tags?post=145516"}],"curies":[{"name":"wp","href":"https:\/\/api.w.org\/{rel}","templated":true}]}}