{"id":145558,"date":"2023-12-17T17:33:00","date_gmt":"2023-12-17T20:33:00","guid":{"rendered":"https:\/\/folhapopular.info\/?p=145558"},"modified":"2023-12-17T17:33:05","modified_gmt":"2023-12-17T20:33:05","slug":"serrano-e-campeao-regional-de-aspirantes","status":"publish","type":"post","link":"https:\/\/folhapopular.info\/index.php\/2023\/12\/17\/serrano-e-campeao-regional-de-aspirantes\/","title":{"rendered":"Serrano \u00e9 campe\u00e3o regional de Aspirantes"},"content":{"rendered":"\n<p>A torcida apaixonada do Serrano de Encantado come\u00e7ou a tarde de domingo (17\/12) comemorando o t\u00edtulo da categoria Aspirantes da S\u00e9rie A do Regional da Aslivata &#8211; Copa Certel Sicredi 2023. O Serrano venceu o Juventude de Westf\u00e1lia por 3 a 1 e confirmou o t\u00edtulo, em jogo disputado na Arena Alvi Azul, em Lajeado.<\/p>\n\n\n\n<p>Mesmo jogando pelo empate &#8211; por ter vencido o primeiro jogo por 1 a 0 &#8211; o Serrano partiu para cima do Juventude e definiu o duelo em um intervalo de 14 minutos da etapa inicial. Aos 24min30, Pingo arriscou de longa dist\u00e2ncia e a bola enganou Fred para abrir o placar: 1 a 0. Aos 34min, Pingo dominou e tocou por cobertura na sa\u00edda do goleiro Fred: 2 a 0. Aos 38min, Pingo foi derrubado na \u00e1rea &#8211; o p\u00eanalti foi convertido por William: 3 a 0.<\/p>\n\n\n\n<p>No segundo tempo, o Juventude ampliou sua press\u00e3o sobre o Serrano e arriscou mais, por\u00e9m n\u00e3o conseguiu descontar no placar logo de in\u00edcio, quando ficou por alguns minutos com um jogador a mais &#8211; porque teve atleta do Serrano expulso ap\u00f3s parar com falta uma chance clara do Juventude. O Serrano tamb\u00e9m desperdi\u00e7ou algumas oportunidades.<\/p>\n\n\n\n<p>O Juventude teve bola no poste e logo depois um escanteio. Aos 29min30seg, Willian entrou e deu seu primeiro toque na bola para descontar para o Juventude: 3 a 1. E o placar n\u00e3o foi mais alterado. Ao final da partida, muita comemora\u00e7\u00e3o do Serrano pela conquista do Regional Certel Sicredi Aslivata &#8211; Aspirantes. O Juventude tamb\u00e9m valorizou o vice-campeonato.<\/p>\n\n\n\n<p>A entrega da premia\u00e7\u00e3o foi realizada pela organiza\u00e7\u00e3o e patrocinadores. A entrega oficial dos pr\u00eamios ser\u00e1 na pr\u00f3xima quarta-feira (20\/12), \u00e0s 20h, na sede da SER S\u00e3o Crist\u00f3v\u00e3o, em Lajeado.<\/p>\n\n\n\n<div class=\"wp-block-jetpack-slideshow aligncenter\" data-effect=\"slide\"><div class=\"wp-block-jetpack-slideshow_container swiper-container\"><ul class=\"wp-block-jetpack-slideshow_swiper-wrapper swiper-wrapper\"><li class=\"wp-block-jetpack-slideshow_slide swiper-slide\"><figure><img loading=\"lazy\" decoding=\"async\" width=\"1024\" height=\"768\" alt=\"\" class=\"wp-block-jetpack-slideshow_image wp-image-145564\" data-id=\"145564\" src=\"https:\/\/folhapopular.info\/wp-content\/uploads\/2023\/12\/WhatsApp-Image-2023-12-17-at-17.04.51-1024x768.jpeg\" srcset=\"https:\/\/folhapopular.info\/wp-content\/uploads\/2023\/12\/WhatsApp-Image-2023-12-17-at-17.04.51-1024x768.jpeg 1024w, https:\/\/folhapopular.info\/wp-content\/uploads\/2023\/12\/WhatsApp-Image-2023-12-17-at-17.04.51-300x225.jpeg 300w, https:\/\/folhapopular.info\/wp-content\/uploads\/2023\/12\/WhatsApp-Image-2023-12-17-at-17.04.51-768x576.jpeg 768w, https:\/\/folhapopular.info\/wp-content\/uploads\/2023\/12\/WhatsApp-Image-2023-12-17-at-17.04.51-1536x1152.jpeg 1536w, https:\/\/folhapopular.info\/wp-content\/uploads\/2023\/12\/WhatsApp-Image-2023-12-17-at-17.04.51-696x522.jpeg 696w, https:\/\/folhapopular.info\/wp-content\/uploads\/2023\/12\/WhatsApp-Image-2023-12-17-at-17.04.51-1068x801.jpeg 1068w, https:\/\/folhapopular.info\/wp-content\/uploads\/2023\/12\/WhatsApp-Image-2023-12-17-at-17.04.51.jpeg 1600w\" sizes=\"(max-width: 1024px) 100vw, 1024px\" \/><figcaption class=\"wp-block-jetpack-slideshow_caption gallery-caption\">Pingo, do Serrano, foi o craque dos Aspirantes \/\/ Cr\u00e9dito: Eduardo Duarte<\/figcaption><\/figure><\/li><li class=\"wp-block-jetpack-slideshow_slide swiper-slide\"><figure><img loading=\"lazy\" decoding=\"async\" width=\"1024\" height=\"682\" alt=\"\" class=\"wp-block-jetpack-slideshow_image wp-image-145565\" data-id=\"145565\" src=\"https:\/\/folhapopular.info\/wp-content\/uploads\/2023\/12\/WhatsApp-Image-2023-12-17-at-17.03.45-1024x682.jpeg\" srcset=\"https:\/\/folhapopular.info\/wp-content\/uploads\/2023\/12\/WhatsApp-Image-2023-12-17-at-17.03.45-1024x682.jpeg 1024w, https:\/\/folhapopular.info\/wp-content\/uploads\/2023\/12\/WhatsApp-Image-2023-12-17-at-17.03.45-300x200.jpeg 300w, https:\/\/folhapopular.info\/wp-content\/uploads\/2023\/12\/WhatsApp-Image-2023-12-17-at-17.03.45-768x512.jpeg 768w, https:\/\/folhapopular.info\/wp-content\/uploads\/2023\/12\/WhatsApp-Image-2023-12-17-at-17.03.45-1536x1023.jpeg 1536w, https:\/\/folhapopular.info\/wp-content\/uploads\/2023\/12\/WhatsApp-Image-2023-12-17-at-17.03.45-696x464.jpeg 696w, https:\/\/folhapopular.info\/wp-content\/uploads\/2023\/12\/WhatsApp-Image-2023-12-17-at-17.03.45-1068x712.jpeg 1068w, https:\/\/folhapopular.info\/wp-content\/uploads\/2023\/12\/WhatsApp-Image-2023-12-17-at-17.03.45.jpeg 1600w\" sizes=\"(max-width: 1024px) 100vw, 1024px\" \/><figcaption class=\"wp-block-jetpack-slideshow_caption gallery-caption\">Serrano foi superior ao longo de toda partida \/\/ Cr\u00e9dito: Carla Beckmann<\/figcaption><\/figure><\/li><li class=\"wp-block-jetpack-slideshow_slide swiper-slide\"><figure><img loading=\"lazy\" decoding=\"async\" width=\"1024\" height=\"682\" alt=\"\" class=\"wp-block-jetpack-slideshow_image wp-image-145567\" data-id=\"145567\" src=\"https:\/\/folhapopular.info\/wp-content\/uploads\/2023\/12\/WhatsApp-Image-2023-12-17-at-17.03.43-1024x682.jpeg\" srcset=\"https:\/\/folhapopular.info\/wp-content\/uploads\/2023\/12\/WhatsApp-Image-2023-12-17-at-17.03.43-1024x682.jpeg 1024w, https:\/\/folhapopular.info\/wp-content\/uploads\/2023\/12\/WhatsApp-Image-2023-12-17-at-17.03.43-300x200.jpeg 300w, https:\/\/folhapopular.info\/wp-content\/uploads\/2023\/12\/WhatsApp-Image-2023-12-17-at-17.03.43-768x512.jpeg 768w, https:\/\/folhapopular.info\/wp-content\/uploads\/2023\/12\/WhatsApp-Image-2023-12-17-at-17.03.43-1536x1023.jpeg 1536w, https:\/\/folhapopular.info\/wp-content\/uploads\/2023\/12\/WhatsApp-Image-2023-12-17-at-17.03.43-696x464.jpeg 696w, https:\/\/folhapopular.info\/wp-content\/uploads\/2023\/12\/WhatsApp-Image-2023-12-17-at-17.03.43-1068x712.jpeg 1068w, https:\/\/folhapopular.info\/wp-content\/uploads\/2023\/12\/WhatsApp-Image-2023-12-17-at-17.03.43.jpeg 1600w\" sizes=\"(max-width: 1024px) 100vw, 1024px\" \/><figcaption class=\"wp-block-jetpack-slideshow_caption gallery-caption\">Juventude de Westf\u00e1lia valorizou o vice-campeonato \/\/ Cr\u00e9dito: Carla Beckmann<\/figcaption><\/figure><\/li><\/ul><a class=\"wp-block-jetpack-slideshow_button-prev swiper-button-prev swiper-button-white\" role=\"button\"><\/a><a class=\"wp-block-jetpack-slideshow_button-next swiper-button-next swiper-button-white\" role=\"button\"><\/a><a aria-label=\"Pause Slideshow\" class=\"wp-block-jetpack-slideshow_button-pause\" role=\"button\"><\/a><div class=\"wp-block-jetpack-slideshow_pagination swiper-pagination swiper-pagination-white\"><\/div><\/div><\/div>\n","protected":false},"excerpt":{"rendered":"<p>A torcida apaixonada do Serrano de Encantado come\u00e7ou a tarde de domingo (17\/12) comemorando o t\u00edtulo da categoria Aspirantes da S\u00e9rie A do Regional da Aslivata &#8211; Copa Certel Sicredi 2023. O Serrano venceu o Juventude de Westf\u00e1lia por 3 a 1 e confirmou o t\u00edtulo, em jogo disputado na Arena Alvi Azul, em Lajeado. [&hellip;]<\/p>\n","protected":false},"author":7,"featured_media":145566,"comment_status":"open","ping_status":"open","sticky":false,"template":"","format":"standard","meta":{"pmpro_default_level":"","_jetpack_memberships_contains_paid_content":false,"footnotes":""},"categories":[5,240,288],"tags":[318,466,27,156],"class_list":{"0":"post-145558","1":"post","2":"type-post","3":"status-publish","4":"format-standard","5":"has-post-thumbnail","7":"category-esportes","8":"category-futebol-amador","9":"category-regional-da-aslivata","10":"tag-copa-certel-sicredi","11":"tag-encantado","12":"tag-lajeado","13":"tag-vale-do-taquari","14":"pmpro-has-access"},"yoast_head":"<!-- This site is optimized with the Yoast SEO plugin v27.5 - https:\/\/yoast.com\/product\/yoast-seo-wordpress\/ -->\n<title>Serrano \u00e9 campe\u00e3o regional de Aspirantes - Folha Popular<\/title>\n<meta name=\"robots\" content=\"index, follow, max-snippet:-1, max-image-preview:large, max-video-preview:-1\" \/>\n<link rel=\"canonical\" href=\"https:\/\/folhapopular.info\/index.php\/2023\/12\/17\/serrano-e-campeao-regional-de-aspirantes\/\" \/>\n<meta property=\"og:locale\" content=\"pt_BR\" \/>\n<meta property=\"og:type\" content=\"article\" \/>\n<meta property=\"og:title\" content=\"Serrano \u00e9 campe\u00e3o regional de Aspirantes - Folha Popular\" \/>\n<meta property=\"og:description\" content=\"A torcida apaixonada do Serrano de Encantado come\u00e7ou a tarde de domingo (17\/12) comemorando o t\u00edtulo da categoria Aspirantes da S\u00e9rie A do Regional da Aslivata &#8211; Copa Certel Sicredi 2023. O Serrano venceu o Juventude de Westf\u00e1lia por 3 a 1 e confirmou o t\u00edtulo, em jogo disputado na Arena Alvi Azul, em Lajeado. [&hellip;]\" \/>\n<meta property=\"og:url\" content=\"https:\/\/folhapopular.info\/index.php\/2023\/12\/17\/serrano-e-campeao-regional-de-aspirantes\/\" \/>\n<meta property=\"og:site_name\" content=\"Folha Popular\" \/>\n<meta property=\"article:published_time\" content=\"2023-12-17T20:33:00+00:00\" \/>\n<meta property=\"article:modified_time\" content=\"2023-12-17T20:33:05+00:00\" \/>\n<meta property=\"og:image\" content=\"http:\/\/folhapopular.info\/wp-content\/uploads\/2023\/12\/WhatsApp-Image-2023-12-17-at-17.03.44.jpeg\" \/>\n\t<meta property=\"og:image:width\" content=\"1600\" \/>\n\t<meta property=\"og:image:height\" content=\"1066\" \/>\n\t<meta property=\"og:image:type\" content=\"image\/jpeg\" \/>\n<meta name=\"author\" content=\"Lucas Leandro Brune\" \/>\n<meta name=\"twitter:card\" content=\"summary_large_image\" \/>\n<meta name=\"twitter:label1\" content=\"Escrito por\" \/>\n\t<meta name=\"twitter:data1\" content=\"Lucas Leandro Brune\" \/>\n\t<meta name=\"twitter:label2\" content=\"Est. tempo de leitura\" \/>\n\t<meta name=\"twitter:data2\" content=\"3 minutos\" \/>\n<script type=\"application\/ld+json\" class=\"yoast-schema-graph\">{\"@context\":\"https:\\\/\\\/schema.org\",\"@graph\":[{\"@type\":\"Article\",\"@id\":\"https:\\\/\\\/folhapopular.info\\\/index.php\\\/2023\\\/12\\\/17\\\/serrano-e-campeao-regional-de-aspirantes\\\/#article\",\"isPartOf\":{\"@id\":\"https:\\\/\\\/folhapopular.info\\\/index.php\\\/2023\\\/12\\\/17\\\/serrano-e-campeao-regional-de-aspirantes\\\/\"},\"author\":{\"name\":\"Lucas Leandro Brune\",\"@id\":\"https:\\\/\\\/folhapopular.info\\\/#\\\/schema\\\/person\\\/533a15f60cd49e81ab3a90b4ca33cb36\"},\"headline\":\"Serrano \u00e9 campe\u00e3o regional de Aspirantes\",\"datePublished\":\"2023-12-17T20:33:00+00:00\",\"dateModified\":\"2023-12-17T20:33:05+00:00\",\"mainEntityOfPage\":{\"@id\":\"https:\\\/\\\/folhapopular.info\\\/index.php\\\/2023\\\/12\\\/17\\\/serrano-e-campeao-regional-de-aspirantes\\\/\"},\"wordCount\":339,\"commentCount\":0,\"image\":{\"@id\":\"https:\\\/\\\/folhapopular.info\\\/index.php\\\/2023\\\/12\\\/17\\\/serrano-e-campeao-regional-de-aspirantes\\\/#primaryimage\"},\"thumbnailUrl\":\"https:\\\/\\\/folhapopular.info\\\/wp-content\\\/uploads\\\/2023\\\/12\\\/WhatsApp-Image-2023-12-17-at-17.03.44.jpeg\",\"keywords\":[\"Copa Certel Sicredi\",\"Encantado\",\"Lajeado\",\"Vale do Taquari\"],\"articleSection\":[\"Esportes\",\"Futebol Amador\",\"Regional da Aslivata\"],\"inLanguage\":\"pt-BR\",\"potentialAction\":[{\"@type\":\"CommentAction\",\"name\":\"Comment\",\"target\":[\"https:\\\/\\\/folhapopular.info\\\/index.php\\\/2023\\\/12\\\/17\\\/serrano-e-campeao-regional-de-aspirantes\\\/#respond\"]}]},{\"@type\":\"WebPage\",\"@id\":\"https:\\\/\\\/folhapopular.info\\\/index.php\\\/2023\\\/12\\\/17\\\/serrano-e-campeao-regional-de-aspirantes\\\/\",\"url\":\"https:\\\/\\\/folhapopular.info\\\/index.php\\\/2023\\\/12\\\/17\\\/serrano-e-campeao-regional-de-aspirantes\\\/\",\"name\":\"Serrano \u00e9 campe\u00e3o regional de Aspirantes - Folha Popular\",\"isPartOf\":{\"@id\":\"https:\\\/\\\/folhapopular.info\\\/#website\"},\"primaryImageOfPage\":{\"@id\":\"https:\\\/\\\/folhapopular.info\\\/index.php\\\/2023\\\/12\\\/17\\\/serrano-e-campeao-regional-de-aspirantes\\\/#primaryimage\"},\"image\":{\"@id\":\"https:\\\/\\\/folhapopular.info\\\/index.php\\\/2023\\\/12\\\/17\\\/serrano-e-campeao-regional-de-aspirantes\\\/#primaryimage\"},\"thumbnailUrl\":\"https:\\\/\\\/folhapopular.info\\\/wp-content\\\/uploads\\\/2023\\\/12\\\/WhatsApp-Image-2023-12-17-at-17.03.44.jpeg\",\"datePublished\":\"2023-12-17T20:33:00+00:00\",\"dateModified\":\"2023-12-17T20:33:05+00:00\",\"author\":{\"@id\":\"https:\\\/\\\/folhapopular.info\\\/#\\\/schema\\\/person\\\/533a15f60cd49e81ab3a90b4ca33cb36\"},\"breadcrumb\":{\"@id\":\"https:\\\/\\\/folhapopular.info\\\/index.php\\\/2023\\\/12\\\/17\\\/serrano-e-campeao-regional-de-aspirantes\\\/#breadcrumb\"},\"inLanguage\":\"pt-BR\",\"potentialAction\":[{\"@type\":\"ReadAction\",\"target\":[\"https:\\\/\\\/folhapopular.info\\\/index.php\\\/2023\\\/12\\\/17\\\/serrano-e-campeao-regional-de-aspirantes\\\/\"]}]},{\"@type\":\"ImageObject\",\"inLanguage\":\"pt-BR\",\"@id\":\"https:\\\/\\\/folhapopular.info\\\/index.php\\\/2023\\\/12\\\/17\\\/serrano-e-campeao-regional-de-aspirantes\\\/#primaryimage\",\"url\":\"https:\\\/\\\/folhapopular.info\\\/wp-content\\\/uploads\\\/2023\\\/12\\\/WhatsApp-Image-2023-12-17-at-17.03.44.jpeg\",\"contentUrl\":\"https:\\\/\\\/folhapopular.info\\\/wp-content\\\/uploads\\\/2023\\\/12\\\/WhatsApp-Image-2023-12-17-at-17.03.44.jpeg\",\"width\":1600,\"height\":1066,\"caption\":\"Serrano festejou o t\u00edtulo da categoria Aspirantes \\\/\\\/ Cr\u00e9dito: Carla Beckmann\"},{\"@type\":\"BreadcrumbList\",\"@id\":\"https:\\\/\\\/folhapopular.info\\\/index.php\\\/2023\\\/12\\\/17\\\/serrano-e-campeao-regional-de-aspirantes\\\/#breadcrumb\",\"itemListElement\":[{\"@type\":\"ListItem\",\"position\":1,\"name\":\"In\u00edcio\",\"item\":\"https:\\\/\\\/folhapopular.info\\\/\"},{\"@type\":\"ListItem\",\"position\":2,\"name\":\"Serrano \u00e9 campe\u00e3o regional de Aspirantes\"}]},{\"@type\":\"WebSite\",\"@id\":\"https:\\\/\\\/folhapopular.info\\\/#website\",\"url\":\"https:\\\/\\\/folhapopular.info\\\/\",\"name\":\"Folha Popular\",\"description\":\"Onde voc\u00ea tem vez e voz\",\"potentialAction\":[{\"@type\":\"SearchAction\",\"target\":{\"@type\":\"EntryPoint\",\"urlTemplate\":\"https:\\\/\\\/folhapopular.info\\\/?s={search_term_string}\"},\"query-input\":{\"@type\":\"PropertyValueSpecification\",\"valueRequired\":true,\"valueName\":\"search_term_string\"}}],\"inLanguage\":\"pt-BR\"},{\"@type\":\"Person\",\"@id\":\"https:\\\/\\\/folhapopular.info\\\/#\\\/schema\\\/person\\\/533a15f60cd49e81ab3a90b4ca33cb36\",\"name\":\"Lucas Leandro Brune\",\"image\":{\"@type\":\"ImageObject\",\"inLanguage\":\"pt-BR\",\"@id\":\"https:\\\/\\\/folhapopular.info\\\/wp-content\\\/uploads\\\/2026\\\/04\\\/LUCAS-1-1.webp\",\"url\":\"https:\\\/\\\/folhapopular.info\\\/wp-content\\\/uploads\\\/2026\\\/04\\\/LUCAS-1-1.webp\",\"contentUrl\":\"https:\\\/\\\/folhapopular.info\\\/wp-content\\\/uploads\\\/2026\\\/04\\\/LUCAS-1-1.webp\",\"caption\":\"Lucas Leandro Brune\"},\"description\":\"Jornalista Profissional Diplomado MTB\\\/RS 14.333\",\"url\":\"https:\\\/\\\/folhapopular.info\\\/index.php\\\/author\\\/lucas-brune\\\/\"}]}<\/script>\n<!-- \/ Yoast SEO plugin. -->","yoast_head_json":{"title":"Serrano \u00e9 campe\u00e3o regional de Aspirantes - Folha Popular","robots":{"index":"index","follow":"follow","max-snippet":"max-snippet:-1","max-image-preview":"max-image-preview:large","max-video-preview":"max-video-preview:-1"},"canonical":"https:\/\/folhapopular.info\/index.php\/2023\/12\/17\/serrano-e-campeao-regional-de-aspirantes\/","og_locale":"pt_BR","og_type":"article","og_title":"Serrano \u00e9 campe\u00e3o regional de Aspirantes - Folha Popular","og_description":"A torcida apaixonada do Serrano de Encantado come\u00e7ou a tarde de domingo (17\/12) comemorando o t\u00edtulo da categoria Aspirantes da S\u00e9rie A do Regional da Aslivata &#8211; Copa Certel Sicredi 2023. O Serrano venceu o Juventude de Westf\u00e1lia por 3 a 1 e confirmou o t\u00edtulo, em jogo disputado na Arena Alvi Azul, em Lajeado. [&hellip;]","og_url":"https:\/\/folhapopular.info\/index.php\/2023\/12\/17\/serrano-e-campeao-regional-de-aspirantes\/","og_site_name":"Folha Popular","article_published_time":"2023-12-17T20:33:00+00:00","article_modified_time":"2023-12-17T20:33:05+00:00","og_image":[{"width":1600,"height":1066,"url":"http:\/\/folhapopular.info\/wp-content\/uploads\/2023\/12\/WhatsApp-Image-2023-12-17-at-17.03.44.jpeg","type":"image\/jpeg"}],"author":"Lucas Leandro Brune","twitter_card":"summary_large_image","twitter_misc":{"Escrito por":"Lucas Leandro Brune","Est. tempo de leitura":"3 minutos"},"schema":{"@context":"https:\/\/schema.org","@graph":[{"@type":"Article","@id":"https:\/\/folhapopular.info\/index.php\/2023\/12\/17\/serrano-e-campeao-regional-de-aspirantes\/#article","isPartOf":{"@id":"https:\/\/folhapopular.info\/index.php\/2023\/12\/17\/serrano-e-campeao-regional-de-aspirantes\/"},"author":{"name":"Lucas Leandro Brune","@id":"https:\/\/folhapopular.info\/#\/schema\/person\/533a15f60cd49e81ab3a90b4ca33cb36"},"headline":"Serrano \u00e9 campe\u00e3o regional de Aspirantes","datePublished":"2023-12-17T20:33:00+00:00","dateModified":"2023-12-17T20:33:05+00:00","mainEntityOfPage":{"@id":"https:\/\/folhapopular.info\/index.php\/2023\/12\/17\/serrano-e-campeao-regional-de-aspirantes\/"},"wordCount":339,"commentCount":0,"image":{"@id":"https:\/\/folhapopular.info\/index.php\/2023\/12\/17\/serrano-e-campeao-regional-de-aspirantes\/#primaryimage"},"thumbnailUrl":"https:\/\/folhapopular.info\/wp-content\/uploads\/2023\/12\/WhatsApp-Image-2023-12-17-at-17.03.44.jpeg","keywords":["Copa Certel Sicredi","Encantado","Lajeado","Vale do Taquari"],"articleSection":["Esportes","Futebol Amador","Regional da Aslivata"],"inLanguage":"pt-BR","potentialAction":[{"@type":"CommentAction","name":"Comment","target":["https:\/\/folhapopular.info\/index.php\/2023\/12\/17\/serrano-e-campeao-regional-de-aspirantes\/#respond"]}]},{"@type":"WebPage","@id":"https:\/\/folhapopular.info\/index.php\/2023\/12\/17\/serrano-e-campeao-regional-de-aspirantes\/","url":"https:\/\/folhapopular.info\/index.php\/2023\/12\/17\/serrano-e-campeao-regional-de-aspirantes\/","name":"Serrano \u00e9 campe\u00e3o regional de Aspirantes - Folha Popular","isPartOf":{"@id":"https:\/\/folhapopular.info\/#website"},"primaryImageOfPage":{"@id":"https:\/\/folhapopular.info\/index.php\/2023\/12\/17\/serrano-e-campeao-regional-de-aspirantes\/#primaryimage"},"image":{"@id":"https:\/\/folhapopular.info\/index.php\/2023\/12\/17\/serrano-e-campeao-regional-de-aspirantes\/#primaryimage"},"thumbnailUrl":"https:\/\/folhapopular.info\/wp-content\/uploads\/2023\/12\/WhatsApp-Image-2023-12-17-at-17.03.44.jpeg","datePublished":"2023-12-17T20:33:00+00:00","dateModified":"2023-12-17T20:33:05+00:00","author":{"@id":"https:\/\/folhapopular.info\/#\/schema\/person\/533a15f60cd49e81ab3a90b4ca33cb36"},"breadcrumb":{"@id":"https:\/\/folhapopular.info\/index.php\/2023\/12\/17\/serrano-e-campeao-regional-de-aspirantes\/#breadcrumb"},"inLanguage":"pt-BR","potentialAction":[{"@type":"ReadAction","target":["https:\/\/folhapopular.info\/index.php\/2023\/12\/17\/serrano-e-campeao-regional-de-aspirantes\/"]}]},{"@type":"ImageObject","inLanguage":"pt-BR","@id":"https:\/\/folhapopular.info\/index.php\/2023\/12\/17\/serrano-e-campeao-regional-de-aspirantes\/#primaryimage","url":"https:\/\/folhapopular.info\/wp-content\/uploads\/2023\/12\/WhatsApp-Image-2023-12-17-at-17.03.44.jpeg","contentUrl":"https:\/\/folhapopular.info\/wp-content\/uploads\/2023\/12\/WhatsApp-Image-2023-12-17-at-17.03.44.jpeg","width":1600,"height":1066,"caption":"Serrano festejou o t\u00edtulo da categoria Aspirantes \/\/ Cr\u00e9dito: Carla Beckmann"},{"@type":"BreadcrumbList","@id":"https:\/\/folhapopular.info\/index.php\/2023\/12\/17\/serrano-e-campeao-regional-de-aspirantes\/#breadcrumb","itemListElement":[{"@type":"ListItem","position":1,"name":"In\u00edcio","item":"https:\/\/folhapopular.info\/"},{"@type":"ListItem","position":2,"name":"Serrano \u00e9 campe\u00e3o regional de Aspirantes"}]},{"@type":"WebSite","@id":"https:\/\/folhapopular.info\/#website","url":"https:\/\/folhapopular.info\/","name":"Folha Popular","description":"Onde voc\u00ea tem vez e voz","potentialAction":[{"@type":"SearchAction","target":{"@type":"EntryPoint","urlTemplate":"https:\/\/folhapopular.info\/?s={search_term_string}"},"query-input":{"@type":"PropertyValueSpecification","valueRequired":true,"valueName":"search_term_string"}}],"inLanguage":"pt-BR"},{"@type":"Person","@id":"https:\/\/folhapopular.info\/#\/schema\/person\/533a15f60cd49e81ab3a90b4ca33cb36","name":"Lucas Leandro Brune","image":{"@type":"ImageObject","inLanguage":"pt-BR","@id":"https:\/\/folhapopular.info\/wp-content\/uploads\/2026\/04\/LUCAS-1-1.webp","url":"https:\/\/folhapopular.info\/wp-content\/uploads\/2026\/04\/LUCAS-1-1.webp","contentUrl":"https:\/\/folhapopular.info\/wp-content\/uploads\/2026\/04\/LUCAS-1-1.webp","caption":"Lucas Leandro Brune"},"description":"Jornalista Profissional Diplomado MTB\/RS 14.333","url":"https:\/\/folhapopular.info\/index.php\/author\/lucas-brune\/"}]}},"jetpack_featured_media_url":"https:\/\/folhapopular.info\/wp-content\/uploads\/2023\/12\/WhatsApp-Image-2023-12-17-at-17.03.44.jpeg","jetpack_sharing_enabled":true,"amp_enabled":true,"_links":{"self":[{"href":"https:\/\/folhapopular.info\/index.php\/wp-json\/wp\/v2\/posts\/145558","targetHints":{"allow":["GET"]}}],"collection":[{"href":"https:\/\/folhapopular.info\/index.php\/wp-json\/wp\/v2\/posts"}],"about":[{"href":"https:\/\/folhapopular.info\/index.php\/wp-json\/wp\/v2\/types\/post"}],"author":[{"embeddable":true,"href":"https:\/\/folhapopular.info\/index.php\/wp-json\/wp\/v2\/users\/7"}],"replies":[{"embeddable":true,"href":"https:\/\/folhapopular.info\/index.php\/wp-json\/wp\/v2\/comments?post=145558"}],"version-history":[{"count":0,"href":"https:\/\/folhapopular.info\/index.php\/wp-json\/wp\/v2\/posts\/145558\/revisions"}],"wp:featuredmedia":[{"embeddable":true,"href":"https:\/\/folhapopular.info\/index.php\/wp-json\/wp\/v2\/media\/145566"}],"wp:attachment":[{"href":"https:\/\/folhapopular.info\/index.php\/wp-json\/wp\/v2\/media?parent=145558"}],"wp:term":[{"taxonomy":"category","embeddable":true,"href":"https:\/\/folhapopular.info\/index.php\/wp-json\/wp\/v2\/categories?post=145558"},{"taxonomy":"post_tag","embeddable":true,"href":"https:\/\/folhapopular.info\/index.php\/wp-json\/wp\/v2\/tags?post=145558"}],"curies":[{"name":"wp","href":"https:\/\/api.w.org\/{rel}","templated":true}]}}