{"id":145563,"date":"2023-12-17T18:53:17","date_gmt":"2023-12-17T21:53:17","guid":{"rendered":"https:\/\/folhapopular.info\/?p=145563"},"modified":"2023-12-18T19:14:55","modified_gmt":"2023-12-18T22:14:55","slug":"estudiantes-e-campeao-regional-de-2023","status":"publish","type":"post","link":"https:\/\/folhapopular.info\/index.php\/2023\/12\/17\/estudiantes-e-campeao-regional-de-2023\/","title":{"rendered":"Estudiantes \u00e9 campe\u00e3o regional de 2023"},"content":{"rendered":"\n<p>A decis\u00e3o da categoria Titulares da S\u00e9rie A do Campeonato Regional da Aslivata &#8211; Copa Certel Sicredi 2023 &#8211; foi disputada na tarde deste domingo (17\/12), na Arena Alvi Azul, em Lajeado. O forte calor de 40 graus e sensa\u00e7\u00e3o t\u00e9rmica de 50 graus afastaram o p\u00fablico do est\u00e1dio. Mesmo assim, um bom p\u00fablico assistiu Serrano x Estudiantes. E o placar de 0 a 0 garantiu o t\u00edtulo ao Estudiantes de Conventos &#8211; campe\u00e3o in\u00e9dito do Campeonato Regional da Aslivata.<\/p>\n\n\n\n<p>O primeiro tempo foi de equil\u00edbrio. Aos 36min, Marquinhos deixou Jo\u00e3o Moura em boa condi\u00e7\u00e3o, mas ele foi parado por Rodrigo com falta. Bind\u00e9 cobrou e o goleiro Assis fez pela defesa. O Serrano respondeu aos 41min, tamb\u00e9m em cobran\u00e7a de falta. Dartora cobrou falta no \u00e2ngulo e Mael fez defesa. Aos 45min, Dartora driblou pela direita e cruzou, mas Eto chegou atrasado para finalizar dentro da \u00e1rea.<\/p>\n\n\n\n<p>No segundo tempo, o Estudiantes iniciou mais aceso e logo com 4min30, Biel recebeu passe de Jo\u00e3o Moura e bateu cruzado para fora. O Serrano respondeu aos 8min, com Dartora, que arriscou de esquerda, mas o goleiro Mael defendeu firme. O Serrano aumentou a press\u00e3o com as mudan\u00e7as de velocidade. Aos 20min, Peleguinho arriscou de longe e bateu para fora.<\/p>\n\n\n\n<p>Aos 28min, Dartora puxou da esquerda para a direita e chutou, a bola desviou, mas Ismael fez a defesa. O Estudiantes respondeu aos 32min, quando U\u00e9slei cruzou da esquerda e Bito entrou sozinho, mas chutou para fora. Aos 38min, Rafinha tentou cruzar, mas a bola tomou efeito e Ismael botou para escanteio.<\/p>\n\n\n\n<p>Foram 8 minutos de acr\u00e9scimos. Aos 46min, Jean recebeu bom passe, mas tentou a finaliza\u00e7\u00e3o, que saiu alta por cima. O clube de Lajeado segurou o \u00edmpeto do Serrano e o clube levantou o trof\u00e9u de campe\u00e3o.<\/p>\n\n\n\n<p>Assim que Leandro Pedro Vuaden apitou o fim do jogo, iniciou a festa da torcida de Conventos. O \u00fanico gol dos 180 minutos foi marcado por Teteu, no primeiro jogo, que decidiu o campeonato em favor do Estudiantes.<\/p>\n\n\n","protected":false},"excerpt":{"rendered":"<p>A decis\u00e3o da categoria Titulares da S\u00e9rie A do Campeonato Regional da Aslivata &#8211; Copa Certel Sicredi 2023 &#8211; foi disputada na tarde deste domingo (17\/12), na Arena Alvi Azul, em Lajeado. O forte calor de 40 graus e sensa\u00e7\u00e3o t\u00e9rmica de 50 graus afastaram o p\u00fablico do est\u00e1dio. Mesmo assim, um bom p\u00fablico assistiu [&hellip;]<\/p>\n","protected":false},"author":7,"featured_media":145569,"comment_status":"open","ping_status":"open","sticky":false,"template":"","format":"standard","meta":{"pmpro_default_level":"","_jetpack_memberships_contains_paid_content":false,"footnotes":""},"categories":[5,240,288],"tags":[318,466,27,26,156],"class_list":{"0":"post-145563","1":"post","2":"type-post","3":"status-publish","4":"format-standard","5":"has-post-thumbnail","7":"category-esportes","8":"category-futebol-amador","9":"category-regional-da-aslivata","10":"tag-copa-certel-sicredi","11":"tag-encantado","12":"tag-lajeado","13":"tag-teutonia","14":"tag-vale-do-taquari","15":"pmpro-has-access"},"yoast_head":"<!-- This site is optimized with the Yoast SEO plugin v27.5 - https:\/\/yoast.com\/product\/yoast-seo-wordpress\/ -->\n<title>Estudiantes \u00e9 campe\u00e3o regional de 2023 - Folha Popular<\/title>\n<meta name=\"robots\" content=\"index, follow, max-snippet:-1, max-image-preview:large, max-video-preview:-1\" \/>\n<link rel=\"canonical\" href=\"https:\/\/folhapopular.info\/index.php\/2023\/12\/17\/estudiantes-e-campeao-regional-de-2023\/\" \/>\n<meta property=\"og:locale\" content=\"pt_BR\" \/>\n<meta property=\"og:type\" content=\"article\" \/>\n<meta property=\"og:title\" content=\"Estudiantes \u00e9 campe\u00e3o regional de 2023 - Folha Popular\" \/>\n<meta property=\"og:description\" content=\"A decis\u00e3o da categoria Titulares da S\u00e9rie A do Campeonato Regional da Aslivata &#8211; Copa Certel Sicredi 2023 &#8211; foi disputada na tarde deste domingo (17\/12), na Arena Alvi Azul, em Lajeado. O forte calor de 40 graus e sensa\u00e7\u00e3o t\u00e9rmica de 50 graus afastaram o p\u00fablico do est\u00e1dio. Mesmo assim, um bom p\u00fablico assistiu [&hellip;]\" \/>\n<meta property=\"og:url\" content=\"https:\/\/folhapopular.info\/index.php\/2023\/12\/17\/estudiantes-e-campeao-regional-de-2023\/\" \/>\n<meta property=\"og:site_name\" content=\"Folha Popular\" \/>\n<meta property=\"article:published_time\" content=\"2023-12-17T21:53:17+00:00\" \/>\n<meta property=\"article:modified_time\" content=\"2023-12-18T22:14:55+00:00\" \/>\n<meta property=\"og:image\" content=\"http:\/\/folhapopular.info\/wp-content\/uploads\/2023\/12\/WhatsApp-Image-2023-12-17-at-18.45.29.jpeg\" \/>\n\t<meta property=\"og:image:width\" content=\"1600\" \/>\n\t<meta property=\"og:image:height\" content=\"1066\" \/>\n\t<meta property=\"og:image:type\" content=\"image\/jpeg\" \/>\n<meta name=\"author\" content=\"Lucas Leandro Brune\" \/>\n<meta name=\"twitter:card\" content=\"summary_large_image\" \/>\n<meta name=\"twitter:label1\" content=\"Escrito por\" \/>\n\t<meta name=\"twitter:data1\" content=\"Lucas Leandro Brune\" \/>\n\t<meta name=\"twitter:label2\" content=\"Est. tempo de leitura\" \/>\n\t<meta name=\"twitter:data2\" content=\"3 minutos\" \/>\n<script type=\"application\/ld+json\" class=\"yoast-schema-graph\">{\"@context\":\"https:\\\/\\\/schema.org\",\"@graph\":[{\"@type\":\"Article\",\"@id\":\"https:\\\/\\\/folhapopular.info\\\/index.php\\\/2023\\\/12\\\/17\\\/estudiantes-e-campeao-regional-de-2023\\\/#article\",\"isPartOf\":{\"@id\":\"https:\\\/\\\/folhapopular.info\\\/index.php\\\/2023\\\/12\\\/17\\\/estudiantes-e-campeao-regional-de-2023\\\/\"},\"author\":{\"name\":\"Lucas Leandro Brune\",\"@id\":\"https:\\\/\\\/folhapopular.info\\\/#\\\/schema\\\/person\\\/533a15f60cd49e81ab3a90b4ca33cb36\"},\"headline\":\"Estudiantes \u00e9 campe\u00e3o regional de 2023\",\"datePublished\":\"2023-12-17T21:53:17+00:00\",\"dateModified\":\"2023-12-18T22:14:55+00:00\",\"mainEntityOfPage\":{\"@id\":\"https:\\\/\\\/folhapopular.info\\\/index.php\\\/2023\\\/12\\\/17\\\/estudiantes-e-campeao-regional-de-2023\\\/\"},\"wordCount\":355,\"commentCount\":0,\"image\":{\"@id\":\"https:\\\/\\\/folhapopular.info\\\/index.php\\\/2023\\\/12\\\/17\\\/estudiantes-e-campeao-regional-de-2023\\\/#primaryimage\"},\"thumbnailUrl\":\"https:\\\/\\\/folhapopular.info\\\/wp-content\\\/uploads\\\/2023\\\/12\\\/WhatsApp-Image-2023-12-17-at-18.45.29.jpeg\",\"keywords\":[\"Copa Certel Sicredi\",\"Encantado\",\"Lajeado\",\"Teut\u00f4nia\",\"Vale do Taquari\"],\"articleSection\":[\"Esportes\",\"Futebol Amador\",\"Regional da Aslivata\"],\"inLanguage\":\"pt-BR\",\"potentialAction\":[{\"@type\":\"CommentAction\",\"name\":\"Comment\",\"target\":[\"https:\\\/\\\/folhapopular.info\\\/index.php\\\/2023\\\/12\\\/17\\\/estudiantes-e-campeao-regional-de-2023\\\/#respond\"]}]},{\"@type\":\"WebPage\",\"@id\":\"https:\\\/\\\/folhapopular.info\\\/index.php\\\/2023\\\/12\\\/17\\\/estudiantes-e-campeao-regional-de-2023\\\/\",\"url\":\"https:\\\/\\\/folhapopular.info\\\/index.php\\\/2023\\\/12\\\/17\\\/estudiantes-e-campeao-regional-de-2023\\\/\",\"name\":\"Estudiantes \u00e9 campe\u00e3o regional de 2023 - Folha Popular\",\"isPartOf\":{\"@id\":\"https:\\\/\\\/folhapopular.info\\\/#website\"},\"primaryImageOfPage\":{\"@id\":\"https:\\\/\\\/folhapopular.info\\\/index.php\\\/2023\\\/12\\\/17\\\/estudiantes-e-campeao-regional-de-2023\\\/#primaryimage\"},\"image\":{\"@id\":\"https:\\\/\\\/folhapopular.info\\\/index.php\\\/2023\\\/12\\\/17\\\/estudiantes-e-campeao-regional-de-2023\\\/#primaryimage\"},\"thumbnailUrl\":\"https:\\\/\\\/folhapopular.info\\\/wp-content\\\/uploads\\\/2023\\\/12\\\/WhatsApp-Image-2023-12-17-at-18.45.29.jpeg\",\"datePublished\":\"2023-12-17T21:53:17+00:00\",\"dateModified\":\"2023-12-18T22:14:55+00:00\",\"author\":{\"@id\":\"https:\\\/\\\/folhapopular.info\\\/#\\\/schema\\\/person\\\/533a15f60cd49e81ab3a90b4ca33cb36\"},\"breadcrumb\":{\"@id\":\"https:\\\/\\\/folhapopular.info\\\/index.php\\\/2023\\\/12\\\/17\\\/estudiantes-e-campeao-regional-de-2023\\\/#breadcrumb\"},\"inLanguage\":\"pt-BR\",\"potentialAction\":[{\"@type\":\"ReadAction\",\"target\":[\"https:\\\/\\\/folhapopular.info\\\/index.php\\\/2023\\\/12\\\/17\\\/estudiantes-e-campeao-regional-de-2023\\\/\"]}]},{\"@type\":\"ImageObject\",\"inLanguage\":\"pt-BR\",\"@id\":\"https:\\\/\\\/folhapopular.info\\\/index.php\\\/2023\\\/12\\\/17\\\/estudiantes-e-campeao-regional-de-2023\\\/#primaryimage\",\"url\":\"https:\\\/\\\/folhapopular.info\\\/wp-content\\\/uploads\\\/2023\\\/12\\\/WhatsApp-Image-2023-12-17-at-18.45.29.jpeg\",\"contentUrl\":\"https:\\\/\\\/folhapopular.info\\\/wp-content\\\/uploads\\\/2023\\\/12\\\/WhatsApp-Image-2023-12-17-at-18.45.29.jpeg\",\"width\":1600,\"height\":1066,\"caption\":\"Estudiantes levantou o t\u00edtulo regional ap\u00f3s a solidez defensiva do clube \\\/\\\/ Cr\u00e9dito: Carla Beckmann\"},{\"@type\":\"BreadcrumbList\",\"@id\":\"https:\\\/\\\/folhapopular.info\\\/index.php\\\/2023\\\/12\\\/17\\\/estudiantes-e-campeao-regional-de-2023\\\/#breadcrumb\",\"itemListElement\":[{\"@type\":\"ListItem\",\"position\":1,\"name\":\"In\u00edcio\",\"item\":\"https:\\\/\\\/folhapopular.info\\\/\"},{\"@type\":\"ListItem\",\"position\":2,\"name\":\"Estudiantes \u00e9 campe\u00e3o regional de 2023\"}]},{\"@type\":\"WebSite\",\"@id\":\"https:\\\/\\\/folhapopular.info\\\/#website\",\"url\":\"https:\\\/\\\/folhapopular.info\\\/\",\"name\":\"Folha Popular\",\"description\":\"Onde voc\u00ea tem vez e voz\",\"potentialAction\":[{\"@type\":\"SearchAction\",\"target\":{\"@type\":\"EntryPoint\",\"urlTemplate\":\"https:\\\/\\\/folhapopular.info\\\/?s={search_term_string}\"},\"query-input\":{\"@type\":\"PropertyValueSpecification\",\"valueRequired\":true,\"valueName\":\"search_term_string\"}}],\"inLanguage\":\"pt-BR\"},{\"@type\":\"Person\",\"@id\":\"https:\\\/\\\/folhapopular.info\\\/#\\\/schema\\\/person\\\/533a15f60cd49e81ab3a90b4ca33cb36\",\"name\":\"Lucas Leandro Brune\",\"image\":{\"@type\":\"ImageObject\",\"inLanguage\":\"pt-BR\",\"@id\":\"https:\\\/\\\/folhapopular.info\\\/wp-content\\\/uploads\\\/2026\\\/04\\\/LUCAS-1-1.webp\",\"url\":\"https:\\\/\\\/folhapopular.info\\\/wp-content\\\/uploads\\\/2026\\\/04\\\/LUCAS-1-1.webp\",\"contentUrl\":\"https:\\\/\\\/folhapopular.info\\\/wp-content\\\/uploads\\\/2026\\\/04\\\/LUCAS-1-1.webp\",\"caption\":\"Lucas Leandro Brune\"},\"description\":\"Jornalista Profissional Diplomado MTB\\\/RS 14.333\",\"url\":\"https:\\\/\\\/folhapopular.info\\\/index.php\\\/author\\\/lucas-brune\\\/\"}]}<\/script>\n<!-- \/ Yoast SEO plugin. -->","yoast_head_json":{"title":"Estudiantes \u00e9 campe\u00e3o regional de 2023 - Folha Popular","robots":{"index":"index","follow":"follow","max-snippet":"max-snippet:-1","max-image-preview":"max-image-preview:large","max-video-preview":"max-video-preview:-1"},"canonical":"https:\/\/folhapopular.info\/index.php\/2023\/12\/17\/estudiantes-e-campeao-regional-de-2023\/","og_locale":"pt_BR","og_type":"article","og_title":"Estudiantes \u00e9 campe\u00e3o regional de 2023 - Folha Popular","og_description":"A decis\u00e3o da categoria Titulares da S\u00e9rie A do Campeonato Regional da Aslivata &#8211; Copa Certel Sicredi 2023 &#8211; foi disputada na tarde deste domingo (17\/12), na Arena Alvi Azul, em Lajeado. O forte calor de 40 graus e sensa\u00e7\u00e3o t\u00e9rmica de 50 graus afastaram o p\u00fablico do est\u00e1dio. Mesmo assim, um bom p\u00fablico assistiu [&hellip;]","og_url":"https:\/\/folhapopular.info\/index.php\/2023\/12\/17\/estudiantes-e-campeao-regional-de-2023\/","og_site_name":"Folha Popular","article_published_time":"2023-12-17T21:53:17+00:00","article_modified_time":"2023-12-18T22:14:55+00:00","og_image":[{"width":1600,"height":1066,"url":"http:\/\/folhapopular.info\/wp-content\/uploads\/2023\/12\/WhatsApp-Image-2023-12-17-at-18.45.29.jpeg","type":"image\/jpeg"}],"author":"Lucas Leandro Brune","twitter_card":"summary_large_image","twitter_misc":{"Escrito por":"Lucas Leandro Brune","Est. tempo de leitura":"3 minutos"},"schema":{"@context":"https:\/\/schema.org","@graph":[{"@type":"Article","@id":"https:\/\/folhapopular.info\/index.php\/2023\/12\/17\/estudiantes-e-campeao-regional-de-2023\/#article","isPartOf":{"@id":"https:\/\/folhapopular.info\/index.php\/2023\/12\/17\/estudiantes-e-campeao-regional-de-2023\/"},"author":{"name":"Lucas Leandro Brune","@id":"https:\/\/folhapopular.info\/#\/schema\/person\/533a15f60cd49e81ab3a90b4ca33cb36"},"headline":"Estudiantes \u00e9 campe\u00e3o regional de 2023","datePublished":"2023-12-17T21:53:17+00:00","dateModified":"2023-12-18T22:14:55+00:00","mainEntityOfPage":{"@id":"https:\/\/folhapopular.info\/index.php\/2023\/12\/17\/estudiantes-e-campeao-regional-de-2023\/"},"wordCount":355,"commentCount":0,"image":{"@id":"https:\/\/folhapopular.info\/index.php\/2023\/12\/17\/estudiantes-e-campeao-regional-de-2023\/#primaryimage"},"thumbnailUrl":"https:\/\/folhapopular.info\/wp-content\/uploads\/2023\/12\/WhatsApp-Image-2023-12-17-at-18.45.29.jpeg","keywords":["Copa Certel Sicredi","Encantado","Lajeado","Teut\u00f4nia","Vale do Taquari"],"articleSection":["Esportes","Futebol Amador","Regional da Aslivata"],"inLanguage":"pt-BR","potentialAction":[{"@type":"CommentAction","name":"Comment","target":["https:\/\/folhapopular.info\/index.php\/2023\/12\/17\/estudiantes-e-campeao-regional-de-2023\/#respond"]}]},{"@type":"WebPage","@id":"https:\/\/folhapopular.info\/index.php\/2023\/12\/17\/estudiantes-e-campeao-regional-de-2023\/","url":"https:\/\/folhapopular.info\/index.php\/2023\/12\/17\/estudiantes-e-campeao-regional-de-2023\/","name":"Estudiantes \u00e9 campe\u00e3o regional de 2023 - Folha Popular","isPartOf":{"@id":"https:\/\/folhapopular.info\/#website"},"primaryImageOfPage":{"@id":"https:\/\/folhapopular.info\/index.php\/2023\/12\/17\/estudiantes-e-campeao-regional-de-2023\/#primaryimage"},"image":{"@id":"https:\/\/folhapopular.info\/index.php\/2023\/12\/17\/estudiantes-e-campeao-regional-de-2023\/#primaryimage"},"thumbnailUrl":"https:\/\/folhapopular.info\/wp-content\/uploads\/2023\/12\/WhatsApp-Image-2023-12-17-at-18.45.29.jpeg","datePublished":"2023-12-17T21:53:17+00:00","dateModified":"2023-12-18T22:14:55+00:00","author":{"@id":"https:\/\/folhapopular.info\/#\/schema\/person\/533a15f60cd49e81ab3a90b4ca33cb36"},"breadcrumb":{"@id":"https:\/\/folhapopular.info\/index.php\/2023\/12\/17\/estudiantes-e-campeao-regional-de-2023\/#breadcrumb"},"inLanguage":"pt-BR","potentialAction":[{"@type":"ReadAction","target":["https:\/\/folhapopular.info\/index.php\/2023\/12\/17\/estudiantes-e-campeao-regional-de-2023\/"]}]},{"@type":"ImageObject","inLanguage":"pt-BR","@id":"https:\/\/folhapopular.info\/index.php\/2023\/12\/17\/estudiantes-e-campeao-regional-de-2023\/#primaryimage","url":"https:\/\/folhapopular.info\/wp-content\/uploads\/2023\/12\/WhatsApp-Image-2023-12-17-at-18.45.29.jpeg","contentUrl":"https:\/\/folhapopular.info\/wp-content\/uploads\/2023\/12\/WhatsApp-Image-2023-12-17-at-18.45.29.jpeg","width":1600,"height":1066,"caption":"Estudiantes levantou o t\u00edtulo regional ap\u00f3s a solidez defensiva do clube \/\/ Cr\u00e9dito: Carla Beckmann"},{"@type":"BreadcrumbList","@id":"https:\/\/folhapopular.info\/index.php\/2023\/12\/17\/estudiantes-e-campeao-regional-de-2023\/#breadcrumb","itemListElement":[{"@type":"ListItem","position":1,"name":"In\u00edcio","item":"https:\/\/folhapopular.info\/"},{"@type":"ListItem","position":2,"name":"Estudiantes \u00e9 campe\u00e3o regional de 2023"}]},{"@type":"WebSite","@id":"https:\/\/folhapopular.info\/#website","url":"https:\/\/folhapopular.info\/","name":"Folha Popular","description":"Onde voc\u00ea tem vez e voz","potentialAction":[{"@type":"SearchAction","target":{"@type":"EntryPoint","urlTemplate":"https:\/\/folhapopular.info\/?s={search_term_string}"},"query-input":{"@type":"PropertyValueSpecification","valueRequired":true,"valueName":"search_term_string"}}],"inLanguage":"pt-BR"},{"@type":"Person","@id":"https:\/\/folhapopular.info\/#\/schema\/person\/533a15f60cd49e81ab3a90b4ca33cb36","name":"Lucas Leandro Brune","image":{"@type":"ImageObject","inLanguage":"pt-BR","@id":"https:\/\/folhapopular.info\/wp-content\/uploads\/2026\/04\/LUCAS-1-1.webp","url":"https:\/\/folhapopular.info\/wp-content\/uploads\/2026\/04\/LUCAS-1-1.webp","contentUrl":"https:\/\/folhapopular.info\/wp-content\/uploads\/2026\/04\/LUCAS-1-1.webp","caption":"Lucas Leandro Brune"},"description":"Jornalista Profissional Diplomado MTB\/RS 14.333","url":"https:\/\/folhapopular.info\/index.php\/author\/lucas-brune\/"}]}},"jetpack_featured_media_url":"https:\/\/folhapopular.info\/wp-content\/uploads\/2023\/12\/WhatsApp-Image-2023-12-17-at-18.45.29.jpeg","jetpack_sharing_enabled":true,"amp_enabled":true,"_links":{"self":[{"href":"https:\/\/folhapopular.info\/index.php\/wp-json\/wp\/v2\/posts\/145563","targetHints":{"allow":["GET"]}}],"collection":[{"href":"https:\/\/folhapopular.info\/index.php\/wp-json\/wp\/v2\/posts"}],"about":[{"href":"https:\/\/folhapopular.info\/index.php\/wp-json\/wp\/v2\/types\/post"}],"author":[{"embeddable":true,"href":"https:\/\/folhapopular.info\/index.php\/wp-json\/wp\/v2\/users\/7"}],"replies":[{"embeddable":true,"href":"https:\/\/folhapopular.info\/index.php\/wp-json\/wp\/v2\/comments?post=145563"}],"version-history":[{"count":0,"href":"https:\/\/folhapopular.info\/index.php\/wp-json\/wp\/v2\/posts\/145563\/revisions"}],"wp:featuredmedia":[{"embeddable":true,"href":"https:\/\/folhapopular.info\/index.php\/wp-json\/wp\/v2\/media\/145569"}],"wp:attachment":[{"href":"https:\/\/folhapopular.info\/index.php\/wp-json\/wp\/v2\/media?parent=145563"}],"wp:term":[{"taxonomy":"category","embeddable":true,"href":"https:\/\/folhapopular.info\/index.php\/wp-json\/wp\/v2\/categories?post=145563"},{"taxonomy":"post_tag","embeddable":true,"href":"https:\/\/folhapopular.info\/index.php\/wp-json\/wp\/v2\/tags?post=145563"}],"curies":[{"name":"wp","href":"https:\/\/api.w.org\/{rel}","templated":true}]}}