{"id":145666,"date":"2023-12-18T17:00:00","date_gmt":"2023-12-18T20:00:00","guid":{"rendered":"https:\/\/folhapopular.info\/?p=145666"},"modified":"2023-12-18T15:18:56","modified_gmt":"2023-12-18T18:18:56","slug":"dezoito-familias-ja-aderiram-ao-reedifica-rural-de-bom-retiro-do-sul","status":"publish","type":"post","link":"https:\/\/folhapopular.info\/index.php\/2023\/12\/18\/dezoito-familias-ja-aderiram-ao-reedifica-rural-de-bom-retiro-do-sul\/","title":{"rendered":"Dezoito fam\u00edlias j\u00e1 aderiram ao Reedifica Rural de Bom Retiro do Sul"},"content":{"rendered":"\n<p>Com o objetivo de auxiliar e incentivar a recupera\u00e7\u00e3o agr\u00edcola das fam\u00edlias atingidas pelas grandes cheias do Rio Taquari neste ano, a<br>Administra\u00e7\u00e3o Municipal de Bom Retiro do Sul trabalha para fomentar a retomada da produtividade no campo.<\/p>\n\n\n\n<p>Um dos programas j\u00e1 implantados pela Administra\u00e7\u00e3o foi o Reedifica Rural, em parceria com a Cooperativa Sicredi. Desde seu lan\u00e7amento em outubro, 18 fam\u00edlias j\u00e1 aderiram ao programa de cr\u00e9dito, que concede o valor m\u00e1ximo de at\u00e9 R$ 20 mil por contrato, com car\u00eancia de at\u00e9 seis meses para in\u00edcio do pagamento do financiamento.<\/p>\n\n\n\n<p>No Reedifica Rural, o Munic\u00edpio custeia os juros de cada contrata\u00e7\u00e3o, cabendo ao produtor apenas o pagamento das parcelas do valor financiado. As ades\u00f5es ao programa ainda est\u00e3o abertas. Podem solicitar o cr\u00e9dito deste programa apenas os produtores com tal\u00e3o de produtor ativo em Bom Retiro do Sul que foram atingidos pela cheia do rio Taquari no m\u00eas de setembro de 2023.<\/p>\n\n\n\n<p>A avalia\u00e7\u00e3o da capacidade de cr\u00e9dito do interessado e o enquadramento dentro dos crit\u00e9rios exigidos para o financiamento ser\u00e3o feitas<br>exclusivamente pela Cooperativa Sicredi.<\/p>\n","protected":false},"excerpt":{"rendered":"<p>Com o objetivo de auxiliar e incentivar a recupera\u00e7\u00e3o agr\u00edcola das fam\u00edlias atingidas pelas grandes cheias do Rio Taquari neste ano, aAdministra\u00e7\u00e3o Municipal de Bom Retiro do Sul trabalha para fomentar a retomada da produtividade no campo. Um dos programas j\u00e1 implantados pela Administra\u00e7\u00e3o foi o Reedifica Rural, em parceria com a Cooperativa Sicredi. Desde [&hellip;]<\/p>\n","protected":false},"author":8,"featured_media":145669,"comment_status":"open","ping_status":"open","sticky":false,"template":"","format":"standard","meta":{"pmpro_default_level":"","_jetpack_memberships_contains_paid_content":false,"footnotes":""},"categories":[2,10991],"tags":[146,13550,207],"class_list":{"0":"post-145666","1":"post","2":"type-post","3":"status-publish","4":"format-standard","5":"has-post-thumbnail","7":"category-featured","8":"category-economia","9":"tag-bom-retiro-do-sul","10":"tag-reedifica-rural","11":"tag-rio-taquari","12":"pmpro-has-access"},"yoast_head":"<!-- This site is optimized with the Yoast SEO plugin v27.5 - https:\/\/yoast.com\/product\/yoast-seo-wordpress\/ -->\n<title>Dezoito fam\u00edlias j\u00e1 aderiram ao Reedifica Rural de Bom Retiro do Sul - Folha Popular<\/title>\n<meta name=\"robots\" content=\"index, follow, max-snippet:-1, max-image-preview:large, max-video-preview:-1\" \/>\n<link rel=\"canonical\" href=\"https:\/\/folhapopular.info\/index.php\/2023\/12\/18\/dezoito-familias-ja-aderiram-ao-reedifica-rural-de-bom-retiro-do-sul\/\" \/>\n<meta property=\"og:locale\" content=\"pt_BR\" \/>\n<meta property=\"og:type\" content=\"article\" \/>\n<meta property=\"og:title\" content=\"Dezoito fam\u00edlias j\u00e1 aderiram ao Reedifica Rural de Bom Retiro do Sul - Folha Popular\" \/>\n<meta property=\"og:description\" content=\"Com o objetivo de auxiliar e incentivar a recupera\u00e7\u00e3o agr\u00edcola das fam\u00edlias atingidas pelas grandes cheias do Rio Taquari neste ano, aAdministra\u00e7\u00e3o Municipal de Bom Retiro do Sul trabalha para fomentar a retomada da produtividade no campo. Um dos programas j\u00e1 implantados pela Administra\u00e7\u00e3o foi o Reedifica Rural, em parceria com a Cooperativa Sicredi. Desde [&hellip;]\" \/>\n<meta property=\"og:url\" content=\"https:\/\/folhapopular.info\/index.php\/2023\/12\/18\/dezoito-familias-ja-aderiram-ao-reedifica-rural-de-bom-retiro-do-sul\/\" \/>\n<meta property=\"og:site_name\" content=\"Folha Popular\" \/>\n<meta property=\"article:published_time\" content=\"2023-12-18T20:00:00+00:00\" \/>\n<meta property=\"og:image\" content=\"https:\/\/folhapopular.info\/wp-content\/uploads\/2023\/12\/WhatsApp-Image-2023-12-18-at-13.46.20.jpeg\" \/>\n\t<meta property=\"og:image:width\" content=\"963\" \/>\n\t<meta property=\"og:image:height\" content=\"950\" \/>\n\t<meta property=\"og:image:type\" content=\"image\/jpeg\" \/>\n<meta name=\"author\" content=\"Reda\u00e7\u00e3o Folha Popular\" \/>\n<meta name=\"twitter:card\" content=\"summary_large_image\" \/>\n<meta name=\"twitter:label1\" content=\"Escrito por\" \/>\n\t<meta name=\"twitter:data1\" content=\"Reda\u00e7\u00e3o Folha Popular\" \/>\n\t<meta name=\"twitter:label2\" content=\"Est. tempo de leitura\" \/>\n\t<meta name=\"twitter:data2\" content=\"2 minutos\" \/>\n<script type=\"application\/ld+json\" class=\"yoast-schema-graph\">{\"@context\":\"https:\\\/\\\/schema.org\",\"@graph\":[{\"@type\":\"Article\",\"@id\":\"https:\\\/\\\/folhapopular.info\\\/index.php\\\/2023\\\/12\\\/18\\\/dezoito-familias-ja-aderiram-ao-reedifica-rural-de-bom-retiro-do-sul\\\/#article\",\"isPartOf\":{\"@id\":\"https:\\\/\\\/folhapopular.info\\\/index.php\\\/2023\\\/12\\\/18\\\/dezoito-familias-ja-aderiram-ao-reedifica-rural-de-bom-retiro-do-sul\\\/\"},\"author\":{\"name\":\"Reda\u00e7\u00e3o Folha Popular\",\"@id\":\"https:\\\/\\\/folhapopular.info\\\/#\\\/schema\\\/person\\\/2814e8a0df7643585a9ca38bc6eb9d4b\"},\"headline\":\"Dezoito fam\u00edlias j\u00e1 aderiram ao Reedifica Rural de Bom Retiro do Sul\",\"datePublished\":\"2023-12-18T20:00:00+00:00\",\"mainEntityOfPage\":{\"@id\":\"https:\\\/\\\/folhapopular.info\\\/index.php\\\/2023\\\/12\\\/18\\\/dezoito-familias-ja-aderiram-ao-reedifica-rural-de-bom-retiro-do-sul\\\/\"},\"wordCount\":208,\"commentCount\":0,\"image\":{\"@id\":\"https:\\\/\\\/folhapopular.info\\\/index.php\\\/2023\\\/12\\\/18\\\/dezoito-familias-ja-aderiram-ao-reedifica-rural-de-bom-retiro-do-sul\\\/#primaryimage\"},\"thumbnailUrl\":\"https:\\\/\\\/folhapopular.info\\\/wp-content\\\/uploads\\\/2023\\\/12\\\/WhatsApp-Image-2023-12-18-at-13.46.20.jpeg\",\"keywords\":[\"Bom Retiro do Sul\",\"Reedifica Rural\",\"Rio Taquari\"],\"articleSection\":[\"Destaques\",\"Economia\"],\"inLanguage\":\"pt-BR\",\"potentialAction\":[{\"@type\":\"CommentAction\",\"name\":\"Comment\",\"target\":[\"https:\\\/\\\/folhapopular.info\\\/index.php\\\/2023\\\/12\\\/18\\\/dezoito-familias-ja-aderiram-ao-reedifica-rural-de-bom-retiro-do-sul\\\/#respond\"]}]},{\"@type\":\"WebPage\",\"@id\":\"https:\\\/\\\/folhapopular.info\\\/index.php\\\/2023\\\/12\\\/18\\\/dezoito-familias-ja-aderiram-ao-reedifica-rural-de-bom-retiro-do-sul\\\/\",\"url\":\"https:\\\/\\\/folhapopular.info\\\/index.php\\\/2023\\\/12\\\/18\\\/dezoito-familias-ja-aderiram-ao-reedifica-rural-de-bom-retiro-do-sul\\\/\",\"name\":\"Dezoito fam\u00edlias j\u00e1 aderiram ao Reedifica Rural de Bom Retiro do Sul - Folha Popular\",\"isPartOf\":{\"@id\":\"https:\\\/\\\/folhapopular.info\\\/#website\"},\"primaryImageOfPage\":{\"@id\":\"https:\\\/\\\/folhapopular.info\\\/index.php\\\/2023\\\/12\\\/18\\\/dezoito-familias-ja-aderiram-ao-reedifica-rural-de-bom-retiro-do-sul\\\/#primaryimage\"},\"image\":{\"@id\":\"https:\\\/\\\/folhapopular.info\\\/index.php\\\/2023\\\/12\\\/18\\\/dezoito-familias-ja-aderiram-ao-reedifica-rural-de-bom-retiro-do-sul\\\/#primaryimage\"},\"thumbnailUrl\":\"https:\\\/\\\/folhapopular.info\\\/wp-content\\\/uploads\\\/2023\\\/12\\\/WhatsApp-Image-2023-12-18-at-13.46.20.jpeg\",\"datePublished\":\"2023-12-18T20:00:00+00:00\",\"author\":{\"@id\":\"https:\\\/\\\/folhapopular.info\\\/#\\\/schema\\\/person\\\/2814e8a0df7643585a9ca38bc6eb9d4b\"},\"breadcrumb\":{\"@id\":\"https:\\\/\\\/folhapopular.info\\\/index.php\\\/2023\\\/12\\\/18\\\/dezoito-familias-ja-aderiram-ao-reedifica-rural-de-bom-retiro-do-sul\\\/#breadcrumb\"},\"inLanguage\":\"pt-BR\",\"potentialAction\":[{\"@type\":\"ReadAction\",\"target\":[\"https:\\\/\\\/folhapopular.info\\\/index.php\\\/2023\\\/12\\\/18\\\/dezoito-familias-ja-aderiram-ao-reedifica-rural-de-bom-retiro-do-sul\\\/\"]}]},{\"@type\":\"ImageObject\",\"inLanguage\":\"pt-BR\",\"@id\":\"https:\\\/\\\/folhapopular.info\\\/index.php\\\/2023\\\/12\\\/18\\\/dezoito-familias-ja-aderiram-ao-reedifica-rural-de-bom-retiro-do-sul\\\/#primaryimage\",\"url\":\"https:\\\/\\\/folhapopular.info\\\/wp-content\\\/uploads\\\/2023\\\/12\\\/WhatsApp-Image-2023-12-18-at-13.46.20.jpeg\",\"contentUrl\":\"https:\\\/\\\/folhapopular.info\\\/wp-content\\\/uploads\\\/2023\\\/12\\\/WhatsApp-Image-2023-12-18-at-13.46.20.jpeg\",\"width\":963,\"height\":950,\"caption\":\"Cr\u00e9dito: AI Bom Retiro do Sul\"},{\"@type\":\"BreadcrumbList\",\"@id\":\"https:\\\/\\\/folhapopular.info\\\/index.php\\\/2023\\\/12\\\/18\\\/dezoito-familias-ja-aderiram-ao-reedifica-rural-de-bom-retiro-do-sul\\\/#breadcrumb\",\"itemListElement\":[{\"@type\":\"ListItem\",\"position\":1,\"name\":\"In\u00edcio\",\"item\":\"https:\\\/\\\/folhapopular.info\\\/\"},{\"@type\":\"ListItem\",\"position\":2,\"name\":\"Dezoito fam\u00edlias j\u00e1 aderiram ao Reedifica Rural de Bom Retiro do Sul\"}]},{\"@type\":\"WebSite\",\"@id\":\"https:\\\/\\\/folhapopular.info\\\/#website\",\"url\":\"https:\\\/\\\/folhapopular.info\\\/\",\"name\":\"Folha Popular\",\"description\":\"Onde voc\u00ea tem vez e voz\",\"potentialAction\":[{\"@type\":\"SearchAction\",\"target\":{\"@type\":\"EntryPoint\",\"urlTemplate\":\"https:\\\/\\\/folhapopular.info\\\/?s={search_term_string}\"},\"query-input\":{\"@type\":\"PropertyValueSpecification\",\"valueRequired\":true,\"valueName\":\"search_term_string\"}}],\"inLanguage\":\"pt-BR\"},{\"@type\":\"Person\",\"@id\":\"https:\\\/\\\/folhapopular.info\\\/#\\\/schema\\\/person\\\/2814e8a0df7643585a9ca38bc6eb9d4b\",\"name\":\"Reda\u00e7\u00e3o Folha Popular\",\"image\":{\"@type\":\"ImageObject\",\"inLanguage\":\"pt-BR\",\"@id\":\"https:\\\/\\\/folhapopular.info\\\/wp-content\\\/uploads\\\/2026\\\/04\\\/Folha-1.webp\",\"url\":\"https:\\\/\\\/folhapopular.info\\\/wp-content\\\/uploads\\\/2026\\\/04\\\/Folha-1.webp\",\"contentUrl\":\"https:\\\/\\\/folhapopular.info\\\/wp-content\\\/uploads\\\/2026\\\/04\\\/Folha-1.webp\",\"caption\":\"Reda\u00e7\u00e3o Folha Popular\"},\"url\":\"https:\\\/\\\/folhapopular.info\\\/index.php\\\/author\\\/redacao\\\/\"}]}<\/script>\n<!-- \/ Yoast SEO plugin. -->","yoast_head_json":{"title":"Dezoito fam\u00edlias j\u00e1 aderiram ao Reedifica Rural de Bom Retiro do Sul - Folha Popular","robots":{"index":"index","follow":"follow","max-snippet":"max-snippet:-1","max-image-preview":"max-image-preview:large","max-video-preview":"max-video-preview:-1"},"canonical":"https:\/\/folhapopular.info\/index.php\/2023\/12\/18\/dezoito-familias-ja-aderiram-ao-reedifica-rural-de-bom-retiro-do-sul\/","og_locale":"pt_BR","og_type":"article","og_title":"Dezoito fam\u00edlias j\u00e1 aderiram ao Reedifica Rural de Bom Retiro do Sul - Folha Popular","og_description":"Com o objetivo de auxiliar e incentivar a recupera\u00e7\u00e3o agr\u00edcola das fam\u00edlias atingidas pelas grandes cheias do Rio Taquari neste ano, aAdministra\u00e7\u00e3o Municipal de Bom Retiro do Sul trabalha para fomentar a retomada da produtividade no campo. Um dos programas j\u00e1 implantados pela Administra\u00e7\u00e3o foi o Reedifica Rural, em parceria com a Cooperativa Sicredi. Desde [&hellip;]","og_url":"https:\/\/folhapopular.info\/index.php\/2023\/12\/18\/dezoito-familias-ja-aderiram-ao-reedifica-rural-de-bom-retiro-do-sul\/","og_site_name":"Folha Popular","article_published_time":"2023-12-18T20:00:00+00:00","og_image":[{"width":963,"height":950,"url":"https:\/\/folhapopular.info\/wp-content\/uploads\/2023\/12\/WhatsApp-Image-2023-12-18-at-13.46.20.jpeg","type":"image\/jpeg"}],"author":"Reda\u00e7\u00e3o Folha Popular","twitter_card":"summary_large_image","twitter_misc":{"Escrito por":"Reda\u00e7\u00e3o Folha Popular","Est. tempo de leitura":"2 minutos"},"schema":{"@context":"https:\/\/schema.org","@graph":[{"@type":"Article","@id":"https:\/\/folhapopular.info\/index.php\/2023\/12\/18\/dezoito-familias-ja-aderiram-ao-reedifica-rural-de-bom-retiro-do-sul\/#article","isPartOf":{"@id":"https:\/\/folhapopular.info\/index.php\/2023\/12\/18\/dezoito-familias-ja-aderiram-ao-reedifica-rural-de-bom-retiro-do-sul\/"},"author":{"name":"Reda\u00e7\u00e3o Folha Popular","@id":"https:\/\/folhapopular.info\/#\/schema\/person\/2814e8a0df7643585a9ca38bc6eb9d4b"},"headline":"Dezoito fam\u00edlias j\u00e1 aderiram ao Reedifica Rural de Bom Retiro do Sul","datePublished":"2023-12-18T20:00:00+00:00","mainEntityOfPage":{"@id":"https:\/\/folhapopular.info\/index.php\/2023\/12\/18\/dezoito-familias-ja-aderiram-ao-reedifica-rural-de-bom-retiro-do-sul\/"},"wordCount":208,"commentCount":0,"image":{"@id":"https:\/\/folhapopular.info\/index.php\/2023\/12\/18\/dezoito-familias-ja-aderiram-ao-reedifica-rural-de-bom-retiro-do-sul\/#primaryimage"},"thumbnailUrl":"https:\/\/folhapopular.info\/wp-content\/uploads\/2023\/12\/WhatsApp-Image-2023-12-18-at-13.46.20.jpeg","keywords":["Bom Retiro do Sul","Reedifica Rural","Rio Taquari"],"articleSection":["Destaques","Economia"],"inLanguage":"pt-BR","potentialAction":[{"@type":"CommentAction","name":"Comment","target":["https:\/\/folhapopular.info\/index.php\/2023\/12\/18\/dezoito-familias-ja-aderiram-ao-reedifica-rural-de-bom-retiro-do-sul\/#respond"]}]},{"@type":"WebPage","@id":"https:\/\/folhapopular.info\/index.php\/2023\/12\/18\/dezoito-familias-ja-aderiram-ao-reedifica-rural-de-bom-retiro-do-sul\/","url":"https:\/\/folhapopular.info\/index.php\/2023\/12\/18\/dezoito-familias-ja-aderiram-ao-reedifica-rural-de-bom-retiro-do-sul\/","name":"Dezoito fam\u00edlias j\u00e1 aderiram ao Reedifica Rural de Bom Retiro do Sul - Folha Popular","isPartOf":{"@id":"https:\/\/folhapopular.info\/#website"},"primaryImageOfPage":{"@id":"https:\/\/folhapopular.info\/index.php\/2023\/12\/18\/dezoito-familias-ja-aderiram-ao-reedifica-rural-de-bom-retiro-do-sul\/#primaryimage"},"image":{"@id":"https:\/\/folhapopular.info\/index.php\/2023\/12\/18\/dezoito-familias-ja-aderiram-ao-reedifica-rural-de-bom-retiro-do-sul\/#primaryimage"},"thumbnailUrl":"https:\/\/folhapopular.info\/wp-content\/uploads\/2023\/12\/WhatsApp-Image-2023-12-18-at-13.46.20.jpeg","datePublished":"2023-12-18T20:00:00+00:00","author":{"@id":"https:\/\/folhapopular.info\/#\/schema\/person\/2814e8a0df7643585a9ca38bc6eb9d4b"},"breadcrumb":{"@id":"https:\/\/folhapopular.info\/index.php\/2023\/12\/18\/dezoito-familias-ja-aderiram-ao-reedifica-rural-de-bom-retiro-do-sul\/#breadcrumb"},"inLanguage":"pt-BR","potentialAction":[{"@type":"ReadAction","target":["https:\/\/folhapopular.info\/index.php\/2023\/12\/18\/dezoito-familias-ja-aderiram-ao-reedifica-rural-de-bom-retiro-do-sul\/"]}]},{"@type":"ImageObject","inLanguage":"pt-BR","@id":"https:\/\/folhapopular.info\/index.php\/2023\/12\/18\/dezoito-familias-ja-aderiram-ao-reedifica-rural-de-bom-retiro-do-sul\/#primaryimage","url":"https:\/\/folhapopular.info\/wp-content\/uploads\/2023\/12\/WhatsApp-Image-2023-12-18-at-13.46.20.jpeg","contentUrl":"https:\/\/folhapopular.info\/wp-content\/uploads\/2023\/12\/WhatsApp-Image-2023-12-18-at-13.46.20.jpeg","width":963,"height":950,"caption":"Cr\u00e9dito: AI Bom Retiro do Sul"},{"@type":"BreadcrumbList","@id":"https:\/\/folhapopular.info\/index.php\/2023\/12\/18\/dezoito-familias-ja-aderiram-ao-reedifica-rural-de-bom-retiro-do-sul\/#breadcrumb","itemListElement":[{"@type":"ListItem","position":1,"name":"In\u00edcio","item":"https:\/\/folhapopular.info\/"},{"@type":"ListItem","position":2,"name":"Dezoito fam\u00edlias j\u00e1 aderiram ao Reedifica Rural de Bom Retiro do Sul"}]},{"@type":"WebSite","@id":"https:\/\/folhapopular.info\/#website","url":"https:\/\/folhapopular.info\/","name":"Folha Popular","description":"Onde voc\u00ea tem vez e voz","potentialAction":[{"@type":"SearchAction","target":{"@type":"EntryPoint","urlTemplate":"https:\/\/folhapopular.info\/?s={search_term_string}"},"query-input":{"@type":"PropertyValueSpecification","valueRequired":true,"valueName":"search_term_string"}}],"inLanguage":"pt-BR"},{"@type":"Person","@id":"https:\/\/folhapopular.info\/#\/schema\/person\/2814e8a0df7643585a9ca38bc6eb9d4b","name":"Reda\u00e7\u00e3o Folha Popular","image":{"@type":"ImageObject","inLanguage":"pt-BR","@id":"https:\/\/folhapopular.info\/wp-content\/uploads\/2026\/04\/Folha-1.webp","url":"https:\/\/folhapopular.info\/wp-content\/uploads\/2026\/04\/Folha-1.webp","contentUrl":"https:\/\/folhapopular.info\/wp-content\/uploads\/2026\/04\/Folha-1.webp","caption":"Reda\u00e7\u00e3o Folha Popular"},"url":"https:\/\/folhapopular.info\/index.php\/author\/redacao\/"}]}},"jetpack_featured_media_url":"https:\/\/folhapopular.info\/wp-content\/uploads\/2023\/12\/WhatsApp-Image-2023-12-18-at-13.46.20.jpeg","jetpack_sharing_enabled":true,"amp_enabled":true,"_links":{"self":[{"href":"https:\/\/folhapopular.info\/index.php\/wp-json\/wp\/v2\/posts\/145666","targetHints":{"allow":["GET"]}}],"collection":[{"href":"https:\/\/folhapopular.info\/index.php\/wp-json\/wp\/v2\/posts"}],"about":[{"href":"https:\/\/folhapopular.info\/index.php\/wp-json\/wp\/v2\/types\/post"}],"author":[{"embeddable":true,"href":"https:\/\/folhapopular.info\/index.php\/wp-json\/wp\/v2\/users\/8"}],"replies":[{"embeddable":true,"href":"https:\/\/folhapopular.info\/index.php\/wp-json\/wp\/v2\/comments?post=145666"}],"version-history":[{"count":0,"href":"https:\/\/folhapopular.info\/index.php\/wp-json\/wp\/v2\/posts\/145666\/revisions"}],"wp:featuredmedia":[{"embeddable":true,"href":"https:\/\/folhapopular.info\/index.php\/wp-json\/wp\/v2\/media\/145669"}],"wp:attachment":[{"href":"https:\/\/folhapopular.info\/index.php\/wp-json\/wp\/v2\/media?parent=145666"}],"wp:term":[{"taxonomy":"category","embeddable":true,"href":"https:\/\/folhapopular.info\/index.php\/wp-json\/wp\/v2\/categories?post=145666"},{"taxonomy":"post_tag","embeddable":true,"href":"https:\/\/folhapopular.info\/index.php\/wp-json\/wp\/v2\/tags?post=145666"}],"curies":[{"name":"wp","href":"https:\/\/api.w.org\/{rel}","templated":true}]}}