{"id":145698,"date":"2023-12-19T07:00:00","date_gmt":"2023-12-19T10:00:00","guid":{"rendered":"https:\/\/folhapopular.info\/?p=145698"},"modified":"2023-12-18T16:49:49","modified_gmt":"2023-12-18T19:49:49","slug":"agroindustria-vitivinicola-e-inaugurada-em-poco-das-antas","status":"publish","type":"post","link":"https:\/\/folhapopular.info\/index.php\/2023\/12\/19\/agroindustria-vitivinicola-e-inaugurada-em-poco-das-antas\/","title":{"rendered":"Agroind\u00fastria vitivin\u00edcola \u00e9 inaugurada em Po\u00e7o das Antas\u00a0"},"content":{"rendered":"\n<p>A tarde de sexta-feira (15\/12) foi de celebra\u00e7\u00e3o para o casal Miriam Santiago e Irani Krindges, da comunidade de Boa Vista, em Po\u00e7o das Antas. Na ocasi\u00e3o, os produtores receberam de representantes da Emater\/RS-Ascar o certificado que legaliza a agroind\u00fastria vitivin\u00edcola S\u00edtio Rosa do Vale para a comercializa\u00e7\u00e3o de vinhos e espumantes. Com o documento, o empreendimento est\u00e1 oficialmente incluso no Programa Estadual de Agricultura Familiar (Peaf) da Secretaria de Desenvolvimento Rural (SDR) do Governo do Estado, estando apto para opera\u00e7\u00f5es nas esferas sanit\u00e1ria, tribut\u00e1ria e ambiental.&nbsp;<\/p>\n\n\n\n<p>De forma concomitante, o estabelecimento tamb\u00e9m est\u00e1 registrado no Minist\u00e9rio da Agricultura e Pecu\u00e1ria (Mapa) do Governo Federal. Com o projeto iniciado em meados de 2022, o s\u00edtio tinha o objetivo de oferecer aos visitantes uma experi\u00eancia diferente, para al\u00e9m da compra de produtos. Nesse sentido, a fam\u00edlia disponibiliza a\u00e7\u00f5es de imers\u00e3o, que incluem passeios de trator em pontos tur\u00edsticos da comunidade, degusta\u00e7\u00e3o de caf\u00e9 colonial, piquenique na parreira e momentos de aprecia\u00e7\u00e3o da natureza. \u201cPara n\u00f3s \u00e9 uma realiza\u00e7\u00e3o e estamos muito gratos por todos que nos apoiaram at\u00e9 aqui\u201d, comentou Miriam.\u00a0<\/p>\n\n\n\n<figure class=\"wp-block-image size-large is-resized\"><img loading=\"lazy\" decoding=\"async\" src=\"https:\/\/folhapopular.info\/wp-content\/uploads\/2023\/12\/inauguracao_agroindustria_sitio_rosa_do_vale-8-1024x683.jpg\" alt=\"\" class=\"wp-image-145708\" width=\"1024\" height=\"683\" srcset=\"https:\/\/folhapopular.info\/wp-content\/uploads\/2023\/12\/inauguracao_agroindustria_sitio_rosa_do_vale-8-1024x683.jpg 1024w, https:\/\/folhapopular.info\/wp-content\/uploads\/2023\/12\/inauguracao_agroindustria_sitio_rosa_do_vale-8-300x200.jpg 300w, https:\/\/folhapopular.info\/wp-content\/uploads\/2023\/12\/inauguracao_agroindustria_sitio_rosa_do_vale-8-768x512.jpg 768w, https:\/\/folhapopular.info\/wp-content\/uploads\/2023\/12\/inauguracao_agroindustria_sitio_rosa_do_vale-8-1536x1024.jpg 1536w, https:\/\/folhapopular.info\/wp-content\/uploads\/2023\/12\/inauguracao_agroindustria_sitio_rosa_do_vale-8-2048x1365.jpg 2048w, https:\/\/folhapopular.info\/wp-content\/uploads\/2023\/12\/inauguracao_agroindustria_sitio_rosa_do_vale-8-696x464.jpg 696w, https:\/\/folhapopular.info\/wp-content\/uploads\/2023\/12\/inauguracao_agroindustria_sitio_rosa_do_vale-8-1068x712.jpg 1068w, https:\/\/folhapopular.info\/wp-content\/uploads\/2023\/12\/inauguracao_agroindustria_sitio_rosa_do_vale-8-1920x1280.jpg 1920w\" sizes=\"auto, (max-width: 1024px) 100vw, 1024px\" \/><figcaption class=\"wp-element-caption\">Cr\u00e9dito: Tiago Bald \/ Emater\/RS-Ascar<\/figcaption><\/figure>\n\n\n\n<p>Advogada de forma\u00e7\u00e3o e natural do Estado de S\u00e3o Paulo, Miriam explica que o apoio da Emater\/RS-Ascar e do extensionista Ricardo Cord foi fundamental na consolida\u00e7\u00e3o do projeto. \u201cA gente j\u00e1 elaborava os vinhos e os sucos artesanais j\u00e1 que temos parreirais de uvas, ent\u00e3o esse foi um caminho meio natural especialmente a partir da amplia\u00e7\u00e3o do fomento ao turismo no munic\u00edpio\u201d, salienta. Com a formaliza\u00e7\u00e3o do empreendimento, a agricultora celebra a oportunidade de comercializar seus produtos para al\u00e9m dos limites geogr\u00e1ficos do munic\u00edpio, em feiras e outros. \u201cAcho que se n\u00f3s crescemos, o munic\u00edpio como um todo se fortalece\u201d, avalia.&nbsp;<\/p>\n\n\n\n<p>Como mulher preta, \u00e9 praticamente imposs\u00edvel para Miriam n\u00e3o comentar sobre os desafios de implantar um empreendimento em um pequeno munic\u00edpio tipicamente alem\u00e3o, ainda mais com eventos de pisa da uva em meio a rodas de samba, conex\u00f5es com a ancestralidade, resgate da hist\u00f3ria dos povos pretos e ideais de afroturismo. Ainda assim, a agricultora comenta o apoio que tem recebido n\u00e3o apenas da comunidade, mas tamb\u00e9m de lideran\u00e7as. \u201cDepois do nascimento da minha filha foi que tomei a decis\u00e3o de investir na atividade rural ao lado do meu marido e posso dizer que estou feliz demais com isso\u201d, comenta.&nbsp;<\/p>\n","protected":false},"excerpt":{"rendered":"<p>A tarde de sexta-feira (15\/12) foi de celebra\u00e7\u00e3o para o casal Miriam Santiago e Irani Krindges, da comunidade de Boa Vista, em Po\u00e7o das Antas. Na ocasi\u00e3o, os produtores receberam de representantes da Emater\/RS-Ascar o certificado que legaliza a agroind\u00fastria vitivin\u00edcola S\u00edtio Rosa do Vale para a comercializa\u00e7\u00e3o de vinhos e espumantes. Com o documento, [&hellip;]<\/p>\n","protected":false},"author":8,"featured_media":145701,"comment_status":"open","ping_status":"open","sticky":false,"template":"","format":"standard","meta":{"pmpro_default_level":"","_jetpack_memberships_contains_paid_content":false,"footnotes":""},"categories":[2,10991,10993,10994],"tags":[3360,173,40,13817],"class_list":{"0":"post-145698","1":"post","2":"type-post","3":"status-publish","4":"format-standard","5":"has-post-thumbnail","7":"category-featured","8":"category-economia","9":"category-empreender","10":"category-rural","11":"tag-agroindustria","12":"tag-emater","13":"tag-poco-das-antas","14":"tag-vitivinicola","15":"pmpro-has-access"},"yoast_head":"<!-- This site is optimized with the Yoast SEO plugin v27.5 - https:\/\/yoast.com\/product\/yoast-seo-wordpress\/ -->\n<title>Agroind\u00fastria vitivin\u00edcola \u00e9 inaugurada em Po\u00e7o das Antas\u00a0 - Folha Popular<\/title>\n<meta name=\"robots\" content=\"index, follow, max-snippet:-1, max-image-preview:large, max-video-preview:-1\" \/>\n<link rel=\"canonical\" href=\"https:\/\/folhapopular.info\/index.php\/2023\/12\/19\/agroindustria-vitivinicola-e-inaugurada-em-poco-das-antas\/\" \/>\n<meta property=\"og:locale\" content=\"pt_BR\" \/>\n<meta property=\"og:type\" content=\"article\" \/>\n<meta property=\"og:title\" content=\"Agroind\u00fastria vitivin\u00edcola \u00e9 inaugurada em Po\u00e7o das Antas\u00a0 - Folha Popular\" \/>\n<meta property=\"og:description\" content=\"A tarde de sexta-feira (15\/12) foi de celebra\u00e7\u00e3o para o casal Miriam Santiago e Irani Krindges, da comunidade de Boa Vista, em Po\u00e7o das Antas. Na ocasi\u00e3o, os produtores receberam de representantes da Emater\/RS-Ascar o certificado que legaliza a agroind\u00fastria vitivin\u00edcola S\u00edtio Rosa do Vale para a comercializa\u00e7\u00e3o de vinhos e espumantes. Com o documento, [&hellip;]\" \/>\n<meta property=\"og:url\" content=\"https:\/\/folhapopular.info\/index.php\/2023\/12\/19\/agroindustria-vitivinicola-e-inaugurada-em-poco-das-antas\/\" \/>\n<meta property=\"og:site_name\" content=\"Folha Popular\" \/>\n<meta property=\"article:published_time\" content=\"2023-12-19T10:00:00+00:00\" \/>\n<meta property=\"og:image\" content=\"https:\/\/folhapopular.info\/wp-content\/uploads\/2023\/12\/inauguracao_agroindustria_sitio_rosa_do_vale-7-scaled.jpg\" \/>\n\t<meta property=\"og:image:width\" content=\"2560\" \/>\n\t<meta property=\"og:image:height\" content=\"1706\" \/>\n\t<meta property=\"og:image:type\" content=\"image\/jpeg\" \/>\n<meta name=\"author\" content=\"Reda\u00e7\u00e3o Folha Popular\" \/>\n<meta name=\"twitter:card\" content=\"summary_large_image\" \/>\n<meta name=\"twitter:label1\" content=\"Escrito por\" \/>\n\t<meta name=\"twitter:data1\" content=\"Reda\u00e7\u00e3o Folha Popular\" \/>\n\t<meta name=\"twitter:label2\" content=\"Est. tempo de leitura\" \/>\n\t<meta name=\"twitter:data2\" content=\"3 minutos\" \/>\n<script type=\"application\/ld+json\" class=\"yoast-schema-graph\">{\"@context\":\"https:\\\/\\\/schema.org\",\"@graph\":[{\"@type\":\"Article\",\"@id\":\"https:\\\/\\\/folhapopular.info\\\/index.php\\\/2023\\\/12\\\/19\\\/agroindustria-vitivinicola-e-inaugurada-em-poco-das-antas\\\/#article\",\"isPartOf\":{\"@id\":\"https:\\\/\\\/folhapopular.info\\\/index.php\\\/2023\\\/12\\\/19\\\/agroindustria-vitivinicola-e-inaugurada-em-poco-das-antas\\\/\"},\"author\":{\"name\":\"Reda\u00e7\u00e3o Folha Popular\",\"@id\":\"https:\\\/\\\/folhapopular.info\\\/#\\\/schema\\\/person\\\/2814e8a0df7643585a9ca38bc6eb9d4b\"},\"headline\":\"Agroind\u00fastria vitivin\u00edcola \u00e9 inaugurada em Po\u00e7o das Antas\u00a0\",\"datePublished\":\"2023-12-19T10:00:00+00:00\",\"mainEntityOfPage\":{\"@id\":\"https:\\\/\\\/folhapopular.info\\\/index.php\\\/2023\\\/12\\\/19\\\/agroindustria-vitivinicola-e-inaugurada-em-poco-das-antas\\\/\"},\"wordCount\":444,\"commentCount\":0,\"image\":{\"@id\":\"https:\\\/\\\/folhapopular.info\\\/index.php\\\/2023\\\/12\\\/19\\\/agroindustria-vitivinicola-e-inaugurada-em-poco-das-antas\\\/#primaryimage\"},\"thumbnailUrl\":\"https:\\\/\\\/folhapopular.info\\\/wp-content\\\/uploads\\\/2023\\\/12\\\/inauguracao_agroindustria_sitio_rosa_do_vale-7-scaled.jpg\",\"keywords\":[\"Agroindustria\",\"Emater\",\"Po\u00e7o das Antas\",\"Vitivin\u00edcola\"],\"articleSection\":[\"Destaques\",\"Economia\",\"Empreender\",\"Rural\"],\"inLanguage\":\"pt-BR\",\"potentialAction\":[{\"@type\":\"CommentAction\",\"name\":\"Comment\",\"target\":[\"https:\\\/\\\/folhapopular.info\\\/index.php\\\/2023\\\/12\\\/19\\\/agroindustria-vitivinicola-e-inaugurada-em-poco-das-antas\\\/#respond\"]}]},{\"@type\":\"WebPage\",\"@id\":\"https:\\\/\\\/folhapopular.info\\\/index.php\\\/2023\\\/12\\\/19\\\/agroindustria-vitivinicola-e-inaugurada-em-poco-das-antas\\\/\",\"url\":\"https:\\\/\\\/folhapopular.info\\\/index.php\\\/2023\\\/12\\\/19\\\/agroindustria-vitivinicola-e-inaugurada-em-poco-das-antas\\\/\",\"name\":\"Agroind\u00fastria vitivin\u00edcola \u00e9 inaugurada em Po\u00e7o das Antas\u00a0 - Folha Popular\",\"isPartOf\":{\"@id\":\"https:\\\/\\\/folhapopular.info\\\/#website\"},\"primaryImageOfPage\":{\"@id\":\"https:\\\/\\\/folhapopular.info\\\/index.php\\\/2023\\\/12\\\/19\\\/agroindustria-vitivinicola-e-inaugurada-em-poco-das-antas\\\/#primaryimage\"},\"image\":{\"@id\":\"https:\\\/\\\/folhapopular.info\\\/index.php\\\/2023\\\/12\\\/19\\\/agroindustria-vitivinicola-e-inaugurada-em-poco-das-antas\\\/#primaryimage\"},\"thumbnailUrl\":\"https:\\\/\\\/folhapopular.info\\\/wp-content\\\/uploads\\\/2023\\\/12\\\/inauguracao_agroindustria_sitio_rosa_do_vale-7-scaled.jpg\",\"datePublished\":\"2023-12-19T10:00:00+00:00\",\"author\":{\"@id\":\"https:\\\/\\\/folhapopular.info\\\/#\\\/schema\\\/person\\\/2814e8a0df7643585a9ca38bc6eb9d4b\"},\"breadcrumb\":{\"@id\":\"https:\\\/\\\/folhapopular.info\\\/index.php\\\/2023\\\/12\\\/19\\\/agroindustria-vitivinicola-e-inaugurada-em-poco-das-antas\\\/#breadcrumb\"},\"inLanguage\":\"pt-BR\",\"potentialAction\":[{\"@type\":\"ReadAction\",\"target\":[\"https:\\\/\\\/folhapopular.info\\\/index.php\\\/2023\\\/12\\\/19\\\/agroindustria-vitivinicola-e-inaugurada-em-poco-das-antas\\\/\"]}]},{\"@type\":\"ImageObject\",\"inLanguage\":\"pt-BR\",\"@id\":\"https:\\\/\\\/folhapopular.info\\\/index.php\\\/2023\\\/12\\\/19\\\/agroindustria-vitivinicola-e-inaugurada-em-poco-das-antas\\\/#primaryimage\",\"url\":\"https:\\\/\\\/folhapopular.info\\\/wp-content\\\/uploads\\\/2023\\\/12\\\/inauguracao_agroindustria_sitio_rosa_do_vale-7-scaled.jpg\",\"contentUrl\":\"https:\\\/\\\/folhapopular.info\\\/wp-content\\\/uploads\\\/2023\\\/12\\\/inauguracao_agroindustria_sitio_rosa_do_vale-7-scaled.jpg\",\"width\":2560,\"height\":1706,\"caption\":\"Cr\u00e9dito: Tiago Bald \\\/ Emater\\\/RS-Ascar\"},{\"@type\":\"BreadcrumbList\",\"@id\":\"https:\\\/\\\/folhapopular.info\\\/index.php\\\/2023\\\/12\\\/19\\\/agroindustria-vitivinicola-e-inaugurada-em-poco-das-antas\\\/#breadcrumb\",\"itemListElement\":[{\"@type\":\"ListItem\",\"position\":1,\"name\":\"In\u00edcio\",\"item\":\"https:\\\/\\\/folhapopular.info\\\/\"},{\"@type\":\"ListItem\",\"position\":2,\"name\":\"Agroind\u00fastria vitivin\u00edcola \u00e9 inaugurada em Po\u00e7o das Antas\u00a0\"}]},{\"@type\":\"WebSite\",\"@id\":\"https:\\\/\\\/folhapopular.info\\\/#website\",\"url\":\"https:\\\/\\\/folhapopular.info\\\/\",\"name\":\"Folha Popular\",\"description\":\"Onde voc\u00ea tem vez e voz\",\"potentialAction\":[{\"@type\":\"SearchAction\",\"target\":{\"@type\":\"EntryPoint\",\"urlTemplate\":\"https:\\\/\\\/folhapopular.info\\\/?s={search_term_string}\"},\"query-input\":{\"@type\":\"PropertyValueSpecification\",\"valueRequired\":true,\"valueName\":\"search_term_string\"}}],\"inLanguage\":\"pt-BR\"},{\"@type\":\"Person\",\"@id\":\"https:\\\/\\\/folhapopular.info\\\/#\\\/schema\\\/person\\\/2814e8a0df7643585a9ca38bc6eb9d4b\",\"name\":\"Reda\u00e7\u00e3o Folha Popular\",\"image\":{\"@type\":\"ImageObject\",\"inLanguage\":\"pt-BR\",\"@id\":\"https:\\\/\\\/folhapopular.info\\\/wp-content\\\/uploads\\\/2026\\\/04\\\/Folha-1.webp\",\"url\":\"https:\\\/\\\/folhapopular.info\\\/wp-content\\\/uploads\\\/2026\\\/04\\\/Folha-1.webp\",\"contentUrl\":\"https:\\\/\\\/folhapopular.info\\\/wp-content\\\/uploads\\\/2026\\\/04\\\/Folha-1.webp\",\"caption\":\"Reda\u00e7\u00e3o Folha Popular\"},\"url\":\"https:\\\/\\\/folhapopular.info\\\/index.php\\\/author\\\/redacao\\\/\"}]}<\/script>\n<!-- \/ Yoast SEO plugin. -->","yoast_head_json":{"title":"Agroind\u00fastria vitivin\u00edcola \u00e9 inaugurada em Po\u00e7o das Antas\u00a0 - Folha Popular","robots":{"index":"index","follow":"follow","max-snippet":"max-snippet:-1","max-image-preview":"max-image-preview:large","max-video-preview":"max-video-preview:-1"},"canonical":"https:\/\/folhapopular.info\/index.php\/2023\/12\/19\/agroindustria-vitivinicola-e-inaugurada-em-poco-das-antas\/","og_locale":"pt_BR","og_type":"article","og_title":"Agroind\u00fastria vitivin\u00edcola \u00e9 inaugurada em Po\u00e7o das Antas\u00a0 - Folha Popular","og_description":"A tarde de sexta-feira (15\/12) foi de celebra\u00e7\u00e3o para o casal Miriam Santiago e Irani Krindges, da comunidade de Boa Vista, em Po\u00e7o das Antas. Na ocasi\u00e3o, os produtores receberam de representantes da Emater\/RS-Ascar o certificado que legaliza a agroind\u00fastria vitivin\u00edcola S\u00edtio Rosa do Vale para a comercializa\u00e7\u00e3o de vinhos e espumantes. Com o documento, [&hellip;]","og_url":"https:\/\/folhapopular.info\/index.php\/2023\/12\/19\/agroindustria-vitivinicola-e-inaugurada-em-poco-das-antas\/","og_site_name":"Folha Popular","article_published_time":"2023-12-19T10:00:00+00:00","og_image":[{"width":2560,"height":1706,"url":"https:\/\/folhapopular.info\/wp-content\/uploads\/2023\/12\/inauguracao_agroindustria_sitio_rosa_do_vale-7-scaled.jpg","type":"image\/jpeg"}],"author":"Reda\u00e7\u00e3o Folha Popular","twitter_card":"summary_large_image","twitter_misc":{"Escrito por":"Reda\u00e7\u00e3o Folha Popular","Est. tempo de leitura":"3 minutos"},"schema":{"@context":"https:\/\/schema.org","@graph":[{"@type":"Article","@id":"https:\/\/folhapopular.info\/index.php\/2023\/12\/19\/agroindustria-vitivinicola-e-inaugurada-em-poco-das-antas\/#article","isPartOf":{"@id":"https:\/\/folhapopular.info\/index.php\/2023\/12\/19\/agroindustria-vitivinicola-e-inaugurada-em-poco-das-antas\/"},"author":{"name":"Reda\u00e7\u00e3o Folha Popular","@id":"https:\/\/folhapopular.info\/#\/schema\/person\/2814e8a0df7643585a9ca38bc6eb9d4b"},"headline":"Agroind\u00fastria vitivin\u00edcola \u00e9 inaugurada em Po\u00e7o das Antas\u00a0","datePublished":"2023-12-19T10:00:00+00:00","mainEntityOfPage":{"@id":"https:\/\/folhapopular.info\/index.php\/2023\/12\/19\/agroindustria-vitivinicola-e-inaugurada-em-poco-das-antas\/"},"wordCount":444,"commentCount":0,"image":{"@id":"https:\/\/folhapopular.info\/index.php\/2023\/12\/19\/agroindustria-vitivinicola-e-inaugurada-em-poco-das-antas\/#primaryimage"},"thumbnailUrl":"https:\/\/folhapopular.info\/wp-content\/uploads\/2023\/12\/inauguracao_agroindustria_sitio_rosa_do_vale-7-scaled.jpg","keywords":["Agroindustria","Emater","Po\u00e7o das Antas","Vitivin\u00edcola"],"articleSection":["Destaques","Economia","Empreender","Rural"],"inLanguage":"pt-BR","potentialAction":[{"@type":"CommentAction","name":"Comment","target":["https:\/\/folhapopular.info\/index.php\/2023\/12\/19\/agroindustria-vitivinicola-e-inaugurada-em-poco-das-antas\/#respond"]}]},{"@type":"WebPage","@id":"https:\/\/folhapopular.info\/index.php\/2023\/12\/19\/agroindustria-vitivinicola-e-inaugurada-em-poco-das-antas\/","url":"https:\/\/folhapopular.info\/index.php\/2023\/12\/19\/agroindustria-vitivinicola-e-inaugurada-em-poco-das-antas\/","name":"Agroind\u00fastria vitivin\u00edcola \u00e9 inaugurada em Po\u00e7o das Antas\u00a0 - Folha Popular","isPartOf":{"@id":"https:\/\/folhapopular.info\/#website"},"primaryImageOfPage":{"@id":"https:\/\/folhapopular.info\/index.php\/2023\/12\/19\/agroindustria-vitivinicola-e-inaugurada-em-poco-das-antas\/#primaryimage"},"image":{"@id":"https:\/\/folhapopular.info\/index.php\/2023\/12\/19\/agroindustria-vitivinicola-e-inaugurada-em-poco-das-antas\/#primaryimage"},"thumbnailUrl":"https:\/\/folhapopular.info\/wp-content\/uploads\/2023\/12\/inauguracao_agroindustria_sitio_rosa_do_vale-7-scaled.jpg","datePublished":"2023-12-19T10:00:00+00:00","author":{"@id":"https:\/\/folhapopular.info\/#\/schema\/person\/2814e8a0df7643585a9ca38bc6eb9d4b"},"breadcrumb":{"@id":"https:\/\/folhapopular.info\/index.php\/2023\/12\/19\/agroindustria-vitivinicola-e-inaugurada-em-poco-das-antas\/#breadcrumb"},"inLanguage":"pt-BR","potentialAction":[{"@type":"ReadAction","target":["https:\/\/folhapopular.info\/index.php\/2023\/12\/19\/agroindustria-vitivinicola-e-inaugurada-em-poco-das-antas\/"]}]},{"@type":"ImageObject","inLanguage":"pt-BR","@id":"https:\/\/folhapopular.info\/index.php\/2023\/12\/19\/agroindustria-vitivinicola-e-inaugurada-em-poco-das-antas\/#primaryimage","url":"https:\/\/folhapopular.info\/wp-content\/uploads\/2023\/12\/inauguracao_agroindustria_sitio_rosa_do_vale-7-scaled.jpg","contentUrl":"https:\/\/folhapopular.info\/wp-content\/uploads\/2023\/12\/inauguracao_agroindustria_sitio_rosa_do_vale-7-scaled.jpg","width":2560,"height":1706,"caption":"Cr\u00e9dito: Tiago Bald \/ Emater\/RS-Ascar"},{"@type":"BreadcrumbList","@id":"https:\/\/folhapopular.info\/index.php\/2023\/12\/19\/agroindustria-vitivinicola-e-inaugurada-em-poco-das-antas\/#breadcrumb","itemListElement":[{"@type":"ListItem","position":1,"name":"In\u00edcio","item":"https:\/\/folhapopular.info\/"},{"@type":"ListItem","position":2,"name":"Agroind\u00fastria vitivin\u00edcola \u00e9 inaugurada em Po\u00e7o das Antas\u00a0"}]},{"@type":"WebSite","@id":"https:\/\/folhapopular.info\/#website","url":"https:\/\/folhapopular.info\/","name":"Folha Popular","description":"Onde voc\u00ea tem vez e voz","potentialAction":[{"@type":"SearchAction","target":{"@type":"EntryPoint","urlTemplate":"https:\/\/folhapopular.info\/?s={search_term_string}"},"query-input":{"@type":"PropertyValueSpecification","valueRequired":true,"valueName":"search_term_string"}}],"inLanguage":"pt-BR"},{"@type":"Person","@id":"https:\/\/folhapopular.info\/#\/schema\/person\/2814e8a0df7643585a9ca38bc6eb9d4b","name":"Reda\u00e7\u00e3o Folha Popular","image":{"@type":"ImageObject","inLanguage":"pt-BR","@id":"https:\/\/folhapopular.info\/wp-content\/uploads\/2026\/04\/Folha-1.webp","url":"https:\/\/folhapopular.info\/wp-content\/uploads\/2026\/04\/Folha-1.webp","contentUrl":"https:\/\/folhapopular.info\/wp-content\/uploads\/2026\/04\/Folha-1.webp","caption":"Reda\u00e7\u00e3o Folha Popular"},"url":"https:\/\/folhapopular.info\/index.php\/author\/redacao\/"}]}},"jetpack_featured_media_url":"https:\/\/folhapopular.info\/wp-content\/uploads\/2023\/12\/inauguracao_agroindustria_sitio_rosa_do_vale-7-scaled.jpg","jetpack_sharing_enabled":true,"amp_enabled":true,"_links":{"self":[{"href":"https:\/\/folhapopular.info\/index.php\/wp-json\/wp\/v2\/posts\/145698","targetHints":{"allow":["GET"]}}],"collection":[{"href":"https:\/\/folhapopular.info\/index.php\/wp-json\/wp\/v2\/posts"}],"about":[{"href":"https:\/\/folhapopular.info\/index.php\/wp-json\/wp\/v2\/types\/post"}],"author":[{"embeddable":true,"href":"https:\/\/folhapopular.info\/index.php\/wp-json\/wp\/v2\/users\/8"}],"replies":[{"embeddable":true,"href":"https:\/\/folhapopular.info\/index.php\/wp-json\/wp\/v2\/comments?post=145698"}],"version-history":[{"count":0,"href":"https:\/\/folhapopular.info\/index.php\/wp-json\/wp\/v2\/posts\/145698\/revisions"}],"wp:featuredmedia":[{"embeddable":true,"href":"https:\/\/folhapopular.info\/index.php\/wp-json\/wp\/v2\/media\/145701"}],"wp:attachment":[{"href":"https:\/\/folhapopular.info\/index.php\/wp-json\/wp\/v2\/media?parent=145698"}],"wp:term":[{"taxonomy":"category","embeddable":true,"href":"https:\/\/folhapopular.info\/index.php\/wp-json\/wp\/v2\/categories?post=145698"},{"taxonomy":"post_tag","embeddable":true,"href":"https:\/\/folhapopular.info\/index.php\/wp-json\/wp\/v2\/tags?post=145698"}],"curies":[{"name":"wp","href":"https:\/\/api.w.org\/{rel}","templated":true}]}}