{"id":145732,"date":"2023-12-20T08:30:28","date_gmt":"2023-12-20T11:30:28","guid":{"rendered":"https:\/\/folhapopular.info\/?p=145732"},"modified":"2023-12-20T10:12:45","modified_gmt":"2023-12-20T13:12:45","slug":"aslivata-premia-destaques-da-copa-certel-sicredi-nesta-quarta-feira","status":"publish","type":"post","link":"https:\/\/folhapopular.info\/index.php\/2023\/12\/20\/aslivata-premia-destaques-da-copa-certel-sicredi-nesta-quarta-feira\/","title":{"rendered":"Aslivata premia destaques da Copa Certel Sicredi nesta quarta-feira"},"content":{"rendered":"\n<p>Os melhores do Campeonato Regional da Aslivata \u2013 Copa Certel Sicredi 2023 \u2013 ser\u00e3o premiados nesta quarta-feira (20\/12), a partir das 20h, na sede social da SER S\u00e3o Crist\u00f3v\u00e3o, em Lajeado. Haver\u00e1 a entrega oficial de trof\u00e9us e outros pr\u00eamios para os dirigentes do Regional S\u00e9rie A &#8211; <strong><a href=\"https:\/\/folhapopular.info\/index.php\/2023\/12\/17\/serrano-e-campeao-regional-de-aspirantes\/\">Aspirantes<\/a><\/strong> e <strong><a href=\"https:\/\/folhapopular.info\/index.php\/2023\/12\/17\/estudiantes-e-campeao-regional-de-2023\/\">Titulares<\/a><\/strong>, <strong><a href=\"https:\/\/folhapopular.info\/index.php\/2023\/12\/17\/sao-luiz-conquista-titulo-regional-na-categoria-veteranos\/\">Veteranos<\/a><\/strong> e <strong><a href=\"https:\/\/folhapopular.info\/index.php\/2023\/12\/04\/11-amigos-conquista-copa-vale-do-boa-vista\/\">Copa Vale do Boa Vista &#8211; Aspirantes e Titulares<\/a><\/strong>.<\/p>\n\n\n\n<p>Desde 6 de agosto deste ano, a bola rolou pelos gramados, em jogos que movimentaram equipes em todas as pontas da regi\u00e3o. Levaram vida a comunidades. Levaram esperan\u00e7a e sorriso no rosto quando todos fal\u00e1vamos em trag\u00e9dias clim\u00e1ticas. A bola rolando sempre foi o sin\u00f4nimo de uni\u00e3o, de alegria, de cooperativismo e sobretudo ao amor por esse esporte que mexe com nosso imagin\u00e1rio.<\/p>\n\n\n\n<p>Ainda mais, quando o que est\u00e1 em jogo \u00e9 o t\u00edtulo do mais importante, melhor e maior campeonato de futebol amador do Rio Grande do Sul. A parceria da ASLIVATA, Certel e Sicredi, mais uma vez se solidificou e mostrou a for\u00e7a da integra\u00e7\u00e3o regional.<\/p>\n\n\n\n<p>O presidente Vianei Batista Hammes, o vice-presidente Jo\u00e3o Jung e os demais membros da diretoria recepcionar\u00e3o os convidados. Depois, haver\u00e1 jantar de confraterniza\u00e7\u00e3o. A entrega da premia\u00e7\u00e3o ser\u00e1 a partir das 21h30.<\/p>\n\n\n\n<h2 class=\"wp-block-heading\"><strong>Veteranos<\/strong><\/h2>\n\n\n\n<p><em><strong>Goleiro menos vazado:<\/strong><\/em>&nbsp;6 GOSL SOFRIDOS \u2013 DALTRO GRUGER JUNIOR &#8211; PENHAROL\/LAJEADO<\/p>\n\n\n\n<p><em><strong>Goleador:<\/strong><\/em>&nbsp;7 GOLS MARCADOS \u2013 JEFERSON LUIS DE SOUZA \u201cREDONDO\u201d \u2013 S\u00c3O L.<\/p>\n\n\n\n<p><em><strong>Melhor t\u00e9cnico:<\/strong><\/em>&nbsp;RODRIGO HENICKA \u2013 EC CANARINHO e ARI WEBER \u2013 EC S\u00c3O LUIZ<\/p>\n\n\n\n<p><em><strong>Campe\u00e3o Disciplina:<\/strong><\/em>&nbsp;EC CANARINHO\/CRUZEIRO DO SUL<\/p>\n\n\n\n<p><em><strong>Vice-campe\u00e3o:<\/strong><\/em>&nbsp;EC CANARINHO\/CRUZEIRO DO SUL<\/p>\n\n\n\n<p><em><strong>Campe\u00e3o:<\/strong><\/em>&nbsp;EC S\u00c3O LUIZ\/VEN\u00c2NCIO AIRES<\/p>\n\n\n\n<h2 class=\"wp-block-heading\"><strong>Copa Vale do Boa Vista<\/strong><br><strong>Aspirantes<\/strong><\/h2>\n\n\n\n<p><em><strong>Goleiro menos vazado:<\/strong><\/em>&nbsp;5 GOLS SOFRIDOS &#8211; ISAIAS ALDROVANDIZ \u2013 DELFINENSE\/ESTRELA<\/p>\n\n\n\n<p><em><strong>Goleador:<\/strong><\/em>&nbsp;5 GOLS MARCADOS \u2013 DARLEI LUIS DEUNER \u2013 EC 11 AMIGOS<\/p>\n\n\n\n<p><em><strong>Melhor t\u00e9cnico:<\/strong><\/em>&nbsp;MARCIO PATZLAFF \u2013 11 AMIGOS e RODRIGO FETZNER \u2013 JUVENTUDE BROCHIER<\/p>\n\n\n\n<p><em><strong>Campe\u00e3o Disciplina:<\/strong><\/em>&nbsp;AE UNI\u00c3O DA GERMANO\/TEUT\u00d4NIA<\/p>\n\n\n\n<p><em><strong>Vice campe\u00e3o:<\/strong><\/em>&nbsp;SERC JUVENTUDE\/BROCHIER<\/p>\n\n\n\n<p><em><strong>Campe\u00e3o:<\/strong><\/em>&nbsp;EC 11 AMIGOS\/PO\u00c7O DAS ANTAS<\/p>\n\n\n\n<h2 class=\"wp-block-heading\"><strong>Copa Vale do Boa Vista<\/strong><br><strong>Titulares<\/strong><\/h2>\n\n\n\n<p><em><strong>Goleiro menos vazado:<\/strong><\/em>&nbsp;10 GOLS SOFRIDOS \u2013 ARILSON FERNANDO LOPES \u2013 11 AMIGOS<\/p>\n\n\n\n<p><em><strong>Goleador:<\/strong><\/em>&nbsp;10 GOLS MARCADOS \u2013 ADRIANO ALFONSO SCHNEIDER \u2013 11 AMIGOS<\/p>\n\n\n\n<p><em><strong>Melhor t\u00e9cnico:<\/strong><\/em>&nbsp;ROGERIO LUIS WILHELM \u2013 11 AMIGOS e LORIMAR KLEINSCHMITT \u2013 JUVENTUDE BROCHIER<\/p>\n\n\n\n<p><em><strong>Campe\u00e3o Disciplina:<\/strong><\/em>&nbsp;EC PO\u00c7O DAS ANTAS<\/p>\n\n\n\n<p><em><strong>Vice campe\u00e3o:<\/strong><\/em>&nbsp;SERC JUVENTUDE\/BROCHIER<\/p>\n\n\n\n<p><em><strong>Campe\u00e3o:<\/strong><\/em>&nbsp;EC 11 AMIGOS\/PO\u00c7O DAS ANTAS<\/p>\n\n\n\n<h2 class=\"wp-block-heading\"><strong>S\u00e9rie A &#8211; Aspirantes<\/strong><\/h2>\n\n\n\n<p><em><strong>Goleiro menos vazado:<\/strong><\/em>\u00a07 GOLS SOFRIDOS \u2013 JULIANO BAGATINI \/ EDUARDO SOUZA (SERRANO)<\/p>\n\n\n\n<p><em><strong>Goleador:<\/strong><\/em>&nbsp;9 GOLS GABRIEL RENAN GERHARDT \u2013 ESTUDIANTES<\/p>\n\n\n\n<p><em><strong>Melhor t\u00e9cnico:<\/strong><\/em>&nbsp;ADAIR LORDES \u2013 SERRANO e LEONARDO KLIKS \u2013 EC JUVENTUDE<\/p>\n\n\n\n<p><em><strong>Campe\u00e3o Disciplina:<\/strong><\/em>&nbsp;SRC TIRADENTES\/NOVA BR\u00c9SCIA<\/p>\n\n\n\n<p><em><strong>Vice campe\u00e3o<\/strong><\/em>:&nbsp;EC JUVENTUDE\/WESTF\u00c1LIA<\/p>\n\n\n\n<p><em><strong>Campe\u00e3o:<\/strong><\/em>&nbsp;SDRC SERRANO\/ENCANTADO<\/p>\n\n\n\n<h2 class=\"wp-block-heading\"><strong>S\u00e9rie A &#8211; Titulares<\/strong><\/h2>\n\n\n\n<p><em><strong>Goleiro menos vazado:<\/strong><\/em>&nbsp;7 GOLS SOFRIDOS \u2013 ASSIS GIOVANAZ \u2013 SERRANO<\/p>\n\n\n\n<p><em><strong>Goleador:<\/strong><\/em>&nbsp;13 GOLS MARCADOS \u2013 MAIQUEL H. KALKMANN \u2013 JUVENTUDE WEST.<\/p>\n\n\n\n<p><em><strong>Melhor t\u00e9cnico<\/strong><\/em>: REN\u00ca DO NASCIMENTO \u201cNACO\u201d \u2013 ESTUDIANTES e REMOR BAGNARA \u2013 SERRANO<\/p>\n\n\n\n<p><em><strong>Campe\u00e3o Disciplina<\/strong><\/em>: EC BRASIL\/MARQUES DE SOUZA<\/p>\n\n\n\n<p><em><strong>Vice campe\u00e3o<\/strong><\/em>: SDRC SERRANO\/ENCANTADO<\/p>\n\n\n\n<p><em><strong>Campe\u00e3o<\/strong>:<\/em>&nbsp;EC ESTUDIANTES\/LAJEADO<\/p>\n\n\n\n<figure class=\"wp-block-image size-large\"><img loading=\"lazy\" decoding=\"async\" width=\"1024\" height=\"682\" src=\"https:\/\/folhapopular.info\/wp-content\/uploads\/2023\/12\/WhatsApp-Image-2023-12-17-at-19.15.20-2-1024x682.jpeg\" alt=\"\" class=\"wp-image-145858\" srcset=\"https:\/\/folhapopular.info\/wp-content\/uploads\/2023\/12\/WhatsApp-Image-2023-12-17-at-19.15.20-2-1024x682.jpeg 1024w, https:\/\/folhapopular.info\/wp-content\/uploads\/2023\/12\/WhatsApp-Image-2023-12-17-at-19.15.20-2-300x200.jpeg 300w, https:\/\/folhapopular.info\/wp-content\/uploads\/2023\/12\/WhatsApp-Image-2023-12-17-at-19.15.20-2-768x512.jpeg 768w, https:\/\/folhapopular.info\/wp-content\/uploads\/2023\/12\/WhatsApp-Image-2023-12-17-at-19.15.20-2-1536x1023.jpeg 1536w, https:\/\/folhapopular.info\/wp-content\/uploads\/2023\/12\/WhatsApp-Image-2023-12-17-at-19.15.20-2-696x464.jpeg 696w, https:\/\/folhapopular.info\/wp-content\/uploads\/2023\/12\/WhatsApp-Image-2023-12-17-at-19.15.20-2-1068x712.jpeg 1068w, https:\/\/folhapopular.info\/wp-content\/uploads\/2023\/12\/WhatsApp-Image-2023-12-17-at-19.15.20-2.jpeg 1600w\" sizes=\"auto, (max-width: 1024px) 100vw, 1024px\" \/><figcaption class=\"wp-element-caption\">Serrano de Encantado, vice-campe\u00e3o dos Titulares da S\u00e9rie A \/\/ Cr\u00e9dito: Carla Beckmann<\/figcaption><\/figure>\n","protected":false},"excerpt":{"rendered":"<p>Os melhores do Campeonato Regional da Aslivata \u2013 Copa Certel Sicredi 2023 \u2013 ser\u00e3o premiados nesta quarta-feira (20\/12), a partir das 20h, na sede social da SER S\u00e3o Crist\u00f3v\u00e3o, em Lajeado. Haver\u00e1 a entrega oficial de trof\u00e9us e outros pr\u00eamios para os dirigentes do Regional S\u00e9rie A &#8211; Aspirantes e Titulares, Veteranos e Copa Vale [&hellip;]<\/p>\n","protected":false},"author":7,"featured_media":145859,"comment_status":"open","ping_status":"open","sticky":false,"template":"","format":"standard","meta":{"pmpro_default_level":"","_jetpack_memberships_contains_paid_content":false,"footnotes":""},"categories":[5,240,288],"tags":[318,147,156],"class_list":{"0":"post-145732","1":"post","2":"type-post","3":"status-publish","4":"format-standard","5":"has-post-thumbnail","7":"category-esportes","8":"category-futebol-amador","9":"category-regional-da-aslivata","10":"tag-copa-certel-sicredi","11":"tag-futebol-amador","12":"tag-vale-do-taquari","13":"pmpro-has-access"},"yoast_head":"<!-- This site is optimized with the Yoast SEO plugin v27.5 - https:\/\/yoast.com\/product\/yoast-seo-wordpress\/ -->\n<title>Aslivata premia destaques da Copa Certel Sicredi nesta quarta-feira - Folha Popular<\/title>\n<meta name=\"robots\" content=\"index, follow, max-snippet:-1, max-image-preview:large, max-video-preview:-1\" \/>\n<link rel=\"canonical\" href=\"https:\/\/folhapopular.info\/index.php\/2023\/12\/20\/aslivata-premia-destaques-da-copa-certel-sicredi-nesta-quarta-feira\/\" \/>\n<meta property=\"og:locale\" content=\"pt_BR\" \/>\n<meta property=\"og:type\" content=\"article\" \/>\n<meta property=\"og:title\" content=\"Aslivata premia destaques da Copa Certel Sicredi nesta quarta-feira - Folha Popular\" \/>\n<meta property=\"og:description\" content=\"Os melhores do Campeonato Regional da Aslivata \u2013 Copa Certel Sicredi 2023 \u2013 ser\u00e3o premiados nesta quarta-feira (20\/12), a partir das 20h, na sede social da SER S\u00e3o Crist\u00f3v\u00e3o, em Lajeado. Haver\u00e1 a entrega oficial de trof\u00e9us e outros pr\u00eamios para os dirigentes do Regional S\u00e9rie A &#8211; Aspirantes e Titulares, Veteranos e Copa Vale [&hellip;]\" \/>\n<meta property=\"og:url\" content=\"https:\/\/folhapopular.info\/index.php\/2023\/12\/20\/aslivata-premia-destaques-da-copa-certel-sicredi-nesta-quarta-feira\/\" \/>\n<meta property=\"og:site_name\" content=\"Folha Popular\" \/>\n<meta property=\"article:published_time\" content=\"2023-12-20T11:30:28+00:00\" \/>\n<meta property=\"article:modified_time\" content=\"2023-12-20T13:12:45+00:00\" \/>\n<meta property=\"og:image\" content=\"http:\/\/folhapopular.info\/wp-content\/uploads\/2023\/12\/WhatsApp-Image-2023-12-17-at-19.15.20.jpeg\" \/>\n\t<meta property=\"og:image:width\" content=\"1600\" \/>\n\t<meta property=\"og:image:height\" content=\"1066\" \/>\n\t<meta property=\"og:image:type\" content=\"image\/jpeg\" \/>\n<meta name=\"author\" content=\"Lucas Leandro Brune\" \/>\n<meta name=\"twitter:card\" content=\"summary_large_image\" \/>\n<meta name=\"twitter:label1\" content=\"Escrito por\" \/>\n\t<meta name=\"twitter:data1\" content=\"Lucas Leandro Brune\" \/>\n\t<meta name=\"twitter:label2\" content=\"Est. tempo de leitura\" \/>\n\t<meta name=\"twitter:data2\" content=\"3 minutos\" \/>\n<script type=\"application\/ld+json\" class=\"yoast-schema-graph\">{\"@context\":\"https:\\\/\\\/schema.org\",\"@graph\":[{\"@type\":\"Article\",\"@id\":\"https:\\\/\\\/folhapopular.info\\\/index.php\\\/2023\\\/12\\\/20\\\/aslivata-premia-destaques-da-copa-certel-sicredi-nesta-quarta-feira\\\/#article\",\"isPartOf\":{\"@id\":\"https:\\\/\\\/folhapopular.info\\\/index.php\\\/2023\\\/12\\\/20\\\/aslivata-premia-destaques-da-copa-certel-sicredi-nesta-quarta-feira\\\/\"},\"author\":{\"name\":\"Lucas Leandro Brune\",\"@id\":\"https:\\\/\\\/folhapopular.info\\\/#\\\/schema\\\/person\\\/533a15f60cd49e81ab3a90b4ca33cb36\"},\"headline\":\"Aslivata premia destaques da Copa Certel Sicredi nesta quarta-feira\",\"datePublished\":\"2023-12-20T11:30:28+00:00\",\"dateModified\":\"2023-12-20T13:12:45+00:00\",\"mainEntityOfPage\":{\"@id\":\"https:\\\/\\\/folhapopular.info\\\/index.php\\\/2023\\\/12\\\/20\\\/aslivata-premia-destaques-da-copa-certel-sicredi-nesta-quarta-feira\\\/\"},\"wordCount\":548,\"commentCount\":0,\"image\":{\"@id\":\"https:\\\/\\\/folhapopular.info\\\/index.php\\\/2023\\\/12\\\/20\\\/aslivata-premia-destaques-da-copa-certel-sicredi-nesta-quarta-feira\\\/#primaryimage\"},\"thumbnailUrl\":\"https:\\\/\\\/folhapopular.info\\\/wp-content\\\/uploads\\\/2023\\\/12\\\/WhatsApp-Image-2023-12-17-at-19.15.20.jpeg\",\"keywords\":[\"Copa Certel Sicredi\",\"futebol amador\",\"Vale do Taquari\"],\"articleSection\":[\"Esportes\",\"Futebol Amador\",\"Regional da Aslivata\"],\"inLanguage\":\"pt-BR\",\"potentialAction\":[{\"@type\":\"CommentAction\",\"name\":\"Comment\",\"target\":[\"https:\\\/\\\/folhapopular.info\\\/index.php\\\/2023\\\/12\\\/20\\\/aslivata-premia-destaques-da-copa-certel-sicredi-nesta-quarta-feira\\\/#respond\"]}]},{\"@type\":\"WebPage\",\"@id\":\"https:\\\/\\\/folhapopular.info\\\/index.php\\\/2023\\\/12\\\/20\\\/aslivata-premia-destaques-da-copa-certel-sicredi-nesta-quarta-feira\\\/\",\"url\":\"https:\\\/\\\/folhapopular.info\\\/index.php\\\/2023\\\/12\\\/20\\\/aslivata-premia-destaques-da-copa-certel-sicredi-nesta-quarta-feira\\\/\",\"name\":\"Aslivata premia destaques da Copa Certel Sicredi nesta quarta-feira - Folha Popular\",\"isPartOf\":{\"@id\":\"https:\\\/\\\/folhapopular.info\\\/#website\"},\"primaryImageOfPage\":{\"@id\":\"https:\\\/\\\/folhapopular.info\\\/index.php\\\/2023\\\/12\\\/20\\\/aslivata-premia-destaques-da-copa-certel-sicredi-nesta-quarta-feira\\\/#primaryimage\"},\"image\":{\"@id\":\"https:\\\/\\\/folhapopular.info\\\/index.php\\\/2023\\\/12\\\/20\\\/aslivata-premia-destaques-da-copa-certel-sicredi-nesta-quarta-feira\\\/#primaryimage\"},\"thumbnailUrl\":\"https:\\\/\\\/folhapopular.info\\\/wp-content\\\/uploads\\\/2023\\\/12\\\/WhatsApp-Image-2023-12-17-at-19.15.20.jpeg\",\"datePublished\":\"2023-12-20T11:30:28+00:00\",\"dateModified\":\"2023-12-20T13:12:45+00:00\",\"author\":{\"@id\":\"https:\\\/\\\/folhapopular.info\\\/#\\\/schema\\\/person\\\/533a15f60cd49e81ab3a90b4ca33cb36\"},\"breadcrumb\":{\"@id\":\"https:\\\/\\\/folhapopular.info\\\/index.php\\\/2023\\\/12\\\/20\\\/aslivata-premia-destaques-da-copa-certel-sicredi-nesta-quarta-feira\\\/#breadcrumb\"},\"inLanguage\":\"pt-BR\",\"potentialAction\":[{\"@type\":\"ReadAction\",\"target\":[\"https:\\\/\\\/folhapopular.info\\\/index.php\\\/2023\\\/12\\\/20\\\/aslivata-premia-destaques-da-copa-certel-sicredi-nesta-quarta-feira\\\/\"]}]},{\"@type\":\"ImageObject\",\"inLanguage\":\"pt-BR\",\"@id\":\"https:\\\/\\\/folhapopular.info\\\/index.php\\\/2023\\\/12\\\/20\\\/aslivata-premia-destaques-da-copa-certel-sicredi-nesta-quarta-feira\\\/#primaryimage\",\"url\":\"https:\\\/\\\/folhapopular.info\\\/wp-content\\\/uploads\\\/2023\\\/12\\\/WhatsApp-Image-2023-12-17-at-19.15.20.jpeg\",\"contentUrl\":\"https:\\\/\\\/folhapopular.info\\\/wp-content\\\/uploads\\\/2023\\\/12\\\/WhatsApp-Image-2023-12-17-at-19.15.20.jpeg\",\"width\":1600,\"height\":1066,\"caption\":\"Estudiantes - atual campe\u00e3o da S\u00e9rie A nos Titulares \\\/ Cr\u00e9dito: Carla Beckmann\"},{\"@type\":\"BreadcrumbList\",\"@id\":\"https:\\\/\\\/folhapopular.info\\\/index.php\\\/2023\\\/12\\\/20\\\/aslivata-premia-destaques-da-copa-certel-sicredi-nesta-quarta-feira\\\/#breadcrumb\",\"itemListElement\":[{\"@type\":\"ListItem\",\"position\":1,\"name\":\"In\u00edcio\",\"item\":\"https:\\\/\\\/folhapopular.info\\\/\"},{\"@type\":\"ListItem\",\"position\":2,\"name\":\"Aslivata premia destaques da Copa Certel Sicredi nesta quarta-feira\"}]},{\"@type\":\"WebSite\",\"@id\":\"https:\\\/\\\/folhapopular.info\\\/#website\",\"url\":\"https:\\\/\\\/folhapopular.info\\\/\",\"name\":\"Folha Popular\",\"description\":\"Onde voc\u00ea tem vez e voz\",\"potentialAction\":[{\"@type\":\"SearchAction\",\"target\":{\"@type\":\"EntryPoint\",\"urlTemplate\":\"https:\\\/\\\/folhapopular.info\\\/?s={search_term_string}\"},\"query-input\":{\"@type\":\"PropertyValueSpecification\",\"valueRequired\":true,\"valueName\":\"search_term_string\"}}],\"inLanguage\":\"pt-BR\"},{\"@type\":\"Person\",\"@id\":\"https:\\\/\\\/folhapopular.info\\\/#\\\/schema\\\/person\\\/533a15f60cd49e81ab3a90b4ca33cb36\",\"name\":\"Lucas Leandro Brune\",\"image\":{\"@type\":\"ImageObject\",\"inLanguage\":\"pt-BR\",\"@id\":\"https:\\\/\\\/folhapopular.info\\\/wp-content\\\/uploads\\\/2026\\\/04\\\/LUCAS-1-1.webp\",\"url\":\"https:\\\/\\\/folhapopular.info\\\/wp-content\\\/uploads\\\/2026\\\/04\\\/LUCAS-1-1.webp\",\"contentUrl\":\"https:\\\/\\\/folhapopular.info\\\/wp-content\\\/uploads\\\/2026\\\/04\\\/LUCAS-1-1.webp\",\"caption\":\"Lucas Leandro Brune\"},\"description\":\"Jornalista Profissional Diplomado MTB\\\/RS 14.333\",\"url\":\"https:\\\/\\\/folhapopular.info\\\/index.php\\\/author\\\/lucas-brune\\\/\"}]}<\/script>\n<!-- \/ Yoast SEO plugin. -->","yoast_head_json":{"title":"Aslivata premia destaques da Copa Certel Sicredi nesta quarta-feira - Folha Popular","robots":{"index":"index","follow":"follow","max-snippet":"max-snippet:-1","max-image-preview":"max-image-preview:large","max-video-preview":"max-video-preview:-1"},"canonical":"https:\/\/folhapopular.info\/index.php\/2023\/12\/20\/aslivata-premia-destaques-da-copa-certel-sicredi-nesta-quarta-feira\/","og_locale":"pt_BR","og_type":"article","og_title":"Aslivata premia destaques da Copa Certel Sicredi nesta quarta-feira - Folha Popular","og_description":"Os melhores do Campeonato Regional da Aslivata \u2013 Copa Certel Sicredi 2023 \u2013 ser\u00e3o premiados nesta quarta-feira (20\/12), a partir das 20h, na sede social da SER S\u00e3o Crist\u00f3v\u00e3o, em Lajeado. Haver\u00e1 a entrega oficial de trof\u00e9us e outros pr\u00eamios para os dirigentes do Regional S\u00e9rie A &#8211; Aspirantes e Titulares, Veteranos e Copa Vale [&hellip;]","og_url":"https:\/\/folhapopular.info\/index.php\/2023\/12\/20\/aslivata-premia-destaques-da-copa-certel-sicredi-nesta-quarta-feira\/","og_site_name":"Folha Popular","article_published_time":"2023-12-20T11:30:28+00:00","article_modified_time":"2023-12-20T13:12:45+00:00","og_image":[{"width":1600,"height":1066,"url":"http:\/\/folhapopular.info\/wp-content\/uploads\/2023\/12\/WhatsApp-Image-2023-12-17-at-19.15.20.jpeg","type":"image\/jpeg"}],"author":"Lucas Leandro Brune","twitter_card":"summary_large_image","twitter_misc":{"Escrito por":"Lucas Leandro Brune","Est. tempo de leitura":"3 minutos"},"schema":{"@context":"https:\/\/schema.org","@graph":[{"@type":"Article","@id":"https:\/\/folhapopular.info\/index.php\/2023\/12\/20\/aslivata-premia-destaques-da-copa-certel-sicredi-nesta-quarta-feira\/#article","isPartOf":{"@id":"https:\/\/folhapopular.info\/index.php\/2023\/12\/20\/aslivata-premia-destaques-da-copa-certel-sicredi-nesta-quarta-feira\/"},"author":{"name":"Lucas Leandro Brune","@id":"https:\/\/folhapopular.info\/#\/schema\/person\/533a15f60cd49e81ab3a90b4ca33cb36"},"headline":"Aslivata premia destaques da Copa Certel Sicredi nesta quarta-feira","datePublished":"2023-12-20T11:30:28+00:00","dateModified":"2023-12-20T13:12:45+00:00","mainEntityOfPage":{"@id":"https:\/\/folhapopular.info\/index.php\/2023\/12\/20\/aslivata-premia-destaques-da-copa-certel-sicredi-nesta-quarta-feira\/"},"wordCount":548,"commentCount":0,"image":{"@id":"https:\/\/folhapopular.info\/index.php\/2023\/12\/20\/aslivata-premia-destaques-da-copa-certel-sicredi-nesta-quarta-feira\/#primaryimage"},"thumbnailUrl":"https:\/\/folhapopular.info\/wp-content\/uploads\/2023\/12\/WhatsApp-Image-2023-12-17-at-19.15.20.jpeg","keywords":["Copa Certel Sicredi","futebol amador","Vale do Taquari"],"articleSection":["Esportes","Futebol Amador","Regional da Aslivata"],"inLanguage":"pt-BR","potentialAction":[{"@type":"CommentAction","name":"Comment","target":["https:\/\/folhapopular.info\/index.php\/2023\/12\/20\/aslivata-premia-destaques-da-copa-certel-sicredi-nesta-quarta-feira\/#respond"]}]},{"@type":"WebPage","@id":"https:\/\/folhapopular.info\/index.php\/2023\/12\/20\/aslivata-premia-destaques-da-copa-certel-sicredi-nesta-quarta-feira\/","url":"https:\/\/folhapopular.info\/index.php\/2023\/12\/20\/aslivata-premia-destaques-da-copa-certel-sicredi-nesta-quarta-feira\/","name":"Aslivata premia destaques da Copa Certel Sicredi nesta quarta-feira - Folha Popular","isPartOf":{"@id":"https:\/\/folhapopular.info\/#website"},"primaryImageOfPage":{"@id":"https:\/\/folhapopular.info\/index.php\/2023\/12\/20\/aslivata-premia-destaques-da-copa-certel-sicredi-nesta-quarta-feira\/#primaryimage"},"image":{"@id":"https:\/\/folhapopular.info\/index.php\/2023\/12\/20\/aslivata-premia-destaques-da-copa-certel-sicredi-nesta-quarta-feira\/#primaryimage"},"thumbnailUrl":"https:\/\/folhapopular.info\/wp-content\/uploads\/2023\/12\/WhatsApp-Image-2023-12-17-at-19.15.20.jpeg","datePublished":"2023-12-20T11:30:28+00:00","dateModified":"2023-12-20T13:12:45+00:00","author":{"@id":"https:\/\/folhapopular.info\/#\/schema\/person\/533a15f60cd49e81ab3a90b4ca33cb36"},"breadcrumb":{"@id":"https:\/\/folhapopular.info\/index.php\/2023\/12\/20\/aslivata-premia-destaques-da-copa-certel-sicredi-nesta-quarta-feira\/#breadcrumb"},"inLanguage":"pt-BR","potentialAction":[{"@type":"ReadAction","target":["https:\/\/folhapopular.info\/index.php\/2023\/12\/20\/aslivata-premia-destaques-da-copa-certel-sicredi-nesta-quarta-feira\/"]}]},{"@type":"ImageObject","inLanguage":"pt-BR","@id":"https:\/\/folhapopular.info\/index.php\/2023\/12\/20\/aslivata-premia-destaques-da-copa-certel-sicredi-nesta-quarta-feira\/#primaryimage","url":"https:\/\/folhapopular.info\/wp-content\/uploads\/2023\/12\/WhatsApp-Image-2023-12-17-at-19.15.20.jpeg","contentUrl":"https:\/\/folhapopular.info\/wp-content\/uploads\/2023\/12\/WhatsApp-Image-2023-12-17-at-19.15.20.jpeg","width":1600,"height":1066,"caption":"Estudiantes - atual campe\u00e3o da S\u00e9rie A nos Titulares \/ Cr\u00e9dito: Carla Beckmann"},{"@type":"BreadcrumbList","@id":"https:\/\/folhapopular.info\/index.php\/2023\/12\/20\/aslivata-premia-destaques-da-copa-certel-sicredi-nesta-quarta-feira\/#breadcrumb","itemListElement":[{"@type":"ListItem","position":1,"name":"In\u00edcio","item":"https:\/\/folhapopular.info\/"},{"@type":"ListItem","position":2,"name":"Aslivata premia destaques da Copa Certel Sicredi nesta quarta-feira"}]},{"@type":"WebSite","@id":"https:\/\/folhapopular.info\/#website","url":"https:\/\/folhapopular.info\/","name":"Folha Popular","description":"Onde voc\u00ea tem vez e voz","potentialAction":[{"@type":"SearchAction","target":{"@type":"EntryPoint","urlTemplate":"https:\/\/folhapopular.info\/?s={search_term_string}"},"query-input":{"@type":"PropertyValueSpecification","valueRequired":true,"valueName":"search_term_string"}}],"inLanguage":"pt-BR"},{"@type":"Person","@id":"https:\/\/folhapopular.info\/#\/schema\/person\/533a15f60cd49e81ab3a90b4ca33cb36","name":"Lucas Leandro Brune","image":{"@type":"ImageObject","inLanguage":"pt-BR","@id":"https:\/\/folhapopular.info\/wp-content\/uploads\/2026\/04\/LUCAS-1-1.webp","url":"https:\/\/folhapopular.info\/wp-content\/uploads\/2026\/04\/LUCAS-1-1.webp","contentUrl":"https:\/\/folhapopular.info\/wp-content\/uploads\/2026\/04\/LUCAS-1-1.webp","caption":"Lucas Leandro Brune"},"description":"Jornalista Profissional Diplomado MTB\/RS 14.333","url":"https:\/\/folhapopular.info\/index.php\/author\/lucas-brune\/"}]}},"jetpack_featured_media_url":"https:\/\/folhapopular.info\/wp-content\/uploads\/2023\/12\/WhatsApp-Image-2023-12-17-at-19.15.20.jpeg","jetpack_sharing_enabled":true,"amp_enabled":true,"_links":{"self":[{"href":"https:\/\/folhapopular.info\/index.php\/wp-json\/wp\/v2\/posts\/145732","targetHints":{"allow":["GET"]}}],"collection":[{"href":"https:\/\/folhapopular.info\/index.php\/wp-json\/wp\/v2\/posts"}],"about":[{"href":"https:\/\/folhapopular.info\/index.php\/wp-json\/wp\/v2\/types\/post"}],"author":[{"embeddable":true,"href":"https:\/\/folhapopular.info\/index.php\/wp-json\/wp\/v2\/users\/7"}],"replies":[{"embeddable":true,"href":"https:\/\/folhapopular.info\/index.php\/wp-json\/wp\/v2\/comments?post=145732"}],"version-history":[{"count":0,"href":"https:\/\/folhapopular.info\/index.php\/wp-json\/wp\/v2\/posts\/145732\/revisions"}],"wp:featuredmedia":[{"embeddable":true,"href":"https:\/\/folhapopular.info\/index.php\/wp-json\/wp\/v2\/media\/145859"}],"wp:attachment":[{"href":"https:\/\/folhapopular.info\/index.php\/wp-json\/wp\/v2\/media?parent=145732"}],"wp:term":[{"taxonomy":"category","embeddable":true,"href":"https:\/\/folhapopular.info\/index.php\/wp-json\/wp\/v2\/categories?post=145732"},{"taxonomy":"post_tag","embeddable":true,"href":"https:\/\/folhapopular.info\/index.php\/wp-json\/wp\/v2\/tags?post=145732"}],"curies":[{"name":"wp","href":"https:\/\/api.w.org\/{rel}","templated":true}]}}