{"id":145761,"date":"2023-12-19T11:05:11","date_gmt":"2023-12-19T14:05:11","guid":{"rendered":"https:\/\/folhapopular.info\/?p=145761"},"modified":"2023-12-19T11:05:15","modified_gmt":"2023-12-19T14:05:15","slug":"espetaculo-natalino-de-poco-das-antas-acontece-nesta-sexta-feira","status":"publish","type":"post","link":"https:\/\/folhapopular.info\/index.php\/2023\/12\/19\/espetaculo-natalino-de-poco-das-antas-acontece-nesta-sexta-feira\/","title":{"rendered":"Espet\u00e1culo Natalino de Po\u00e7o das Antas acontece nesta sexta-feira"},"content":{"rendered":"\n<p>Nesta sexta-feira \u00e0 noite (22\/12) acontece em Po\u00e7o das Antas o Natal da Fam\u00edlia \u2013 Espet\u00e1culo Natalino \u201c\u00c9 tempo de Recome\u00e7ar \u2013 3\u00aa edi\u00e7\u00e3o\u201d. A atividade ocorrer\u00e1 em frente \u00e0 Prefeitura. As atra\u00e7\u00f5es culturais iniciam \u00e0s 19h30 com a apresenta\u00e7\u00e3o das oficinas de m\u00fasica do munic\u00edpio. O espet\u00e1culo inicia \u00e0s 20h\u00a0e contar\u00e1 a hist\u00f3ria do nascimento do menino Jesus numa mescla das mais diversas manifesta\u00e7\u00f5es da arte: atrav\u00e9s do teatro, da dan\u00e7a e do canto. Al\u00e9m dos atores volunt\u00e1rios, haver\u00e1 participa\u00e7\u00e3o de grupos de dan\u00e7as alem\u00e3s e gauchescas, Coral Municipal e Grupo Vocal de Po\u00e7o das Antas, bem como de cantores locais e da regi\u00e3o.\u00a0O espet\u00e1culo est\u00e1 sob dire\u00e7\u00e3o de Marcelo Brentano.<\/p>\n\n\n\n<p>Ap\u00f3s\u00a0a pe\u00e7a, haver\u00e1 o \u00faltimo sorteio da campanha Minha Nota Vale Pr\u00eamios, apresentando os ganhadores da Moto Yamaha 0KM e de R$ 1 mil reais em dinheiro. O evento encerra com a chegada do Papai Noel e a distribui\u00e7\u00e3o de pacotinhos. Haver\u00e1 venda de lanches e bebidas e \u00e9 preciso trazer cadeira para melhor comodidade. A programa\u00e7\u00e3o natalina de Po\u00e7o das Antas conta com o apoio da Cooperativa Sicredi Ouro Branco RS\/MG.<\/p>\n\n\n\n<h2 class=\"wp-block-heading\">Tr\u00e2nsito<\/h2>\n\n\n\n<p>Haver\u00e1 altera\u00e7\u00f5es no tr\u00e2nsito de ve\u00edculos no Munic\u00edpio das 16h de quinta-feira (21\/12) at\u00e9 as 24h de sexta-feira. O bloqueio de ruas se faz necess\u00e1rio em virtude da instala\u00e7\u00e3o dos equipamentos de luz,\u00a0som e montagem do cen\u00e1rio para o Espet\u00e1culo Natalino. Estar\u00e3o fechadas a\u00a0Avenida S\u00e3o Pedro, a partir do pr\u00e9dio da Brigada Militar at\u00e9 o acesso \u00e0 Rua 12 de Maio (esta estar\u00e1 liberada para circula\u00e7\u00e3o de pedestres e ve\u00edculos) e tamb\u00e9m a Avenida Po\u00e7o das Antas, a partir da Loja D\u2019Kora\u00e7\u00e3o at\u00e9 a Padaria Bock. Na noite do espet\u00e1culo natalino, tamb\u00e9m estar\u00e1 fechada a Rua Pedro M\u00fcller e o trecho entre a Ponte e a Pra\u00e7a Municipal.\u00a0Pede-se a colabora\u00e7\u00e3o de todos e a aten\u00e7\u00e3o dos motoristas, procurando por vias alternativas.<\/p>\n\n\n\n<figure class=\"wp-block-image size-large\"><img loading=\"lazy\" decoding=\"async\" width=\"1024\" height=\"724\" src=\"https:\/\/folhapopular.info\/wp-content\/uploads\/2023\/12\/2-Espetaculo-Natalino-do-Municipio-de-Poco-das-Antas-acontece-nesta-sexta-feira-dia-22-1024x724.jpeg\" alt=\"\" class=\"wp-image-145763\" srcset=\"https:\/\/folhapopular.info\/wp-content\/uploads\/2023\/12\/2-Espetaculo-Natalino-do-Municipio-de-Poco-das-Antas-acontece-nesta-sexta-feira-dia-22-1024x724.jpeg 1024w, https:\/\/folhapopular.info\/wp-content\/uploads\/2023\/12\/2-Espetaculo-Natalino-do-Municipio-de-Poco-das-Antas-acontece-nesta-sexta-feira-dia-22-300x212.jpeg 300w, https:\/\/folhapopular.info\/wp-content\/uploads\/2023\/12\/2-Espetaculo-Natalino-do-Municipio-de-Poco-das-Antas-acontece-nesta-sexta-feira-dia-22-768x543.jpeg 768w, https:\/\/folhapopular.info\/wp-content\/uploads\/2023\/12\/2-Espetaculo-Natalino-do-Municipio-de-Poco-das-Antas-acontece-nesta-sexta-feira-dia-22-696x492.jpeg 696w, https:\/\/folhapopular.info\/wp-content\/uploads\/2023\/12\/2-Espetaculo-Natalino-do-Municipio-de-Poco-das-Antas-acontece-nesta-sexta-feira-dia-22-1068x755.jpeg 1068w, https:\/\/folhapopular.info\/wp-content\/uploads\/2023\/12\/2-Espetaculo-Natalino-do-Municipio-de-Poco-das-Antas-acontece-nesta-sexta-feira-dia-22.jpeg 1280w\" sizes=\"auto, (max-width: 1024px) 100vw, 1024px\" \/><figcaption class=\"wp-element-caption\">Cr\u00e9dito: AI Po\u00e7o das Antas<\/figcaption><\/figure>\n","protected":false},"excerpt":{"rendered":"<p>Nesta sexta-feira \u00e0 noite (22\/12) acontece em Po\u00e7o das Antas o Natal da Fam\u00edlia \u2013 Espet\u00e1culo Natalino \u201c\u00c9 tempo de Recome\u00e7ar \u2013 3\u00aa edi\u00e7\u00e3o\u201d. A atividade ocorrer\u00e1 em frente \u00e0 Prefeitura. As atra\u00e7\u00f5es culturais iniciam \u00e0s 19h30 com a apresenta\u00e7\u00e3o das oficinas de m\u00fasica do munic\u00edpio. O espet\u00e1culo inicia \u00e0s 20h\u00a0e contar\u00e1 a hist\u00f3ria do [&hellip;]<\/p>\n","protected":false},"author":8,"featured_media":145762,"comment_status":"open","ping_status":"open","sticky":false,"template":"","format":"standard","meta":{"pmpro_default_level":"","_jetpack_memberships_contains_paid_content":false,"footnotes":""},"categories":[2,10999,6],"tags":[7201,13829,40],"class_list":{"0":"post-145761","1":"post","2":"type-post","3":"status-publish","4":"format-standard","5":"has-post-thumbnail","7":"category-featured","8":"category-entretenimento","9":"category-inclusive","10":"tag-espetaculo-natalino","11":"tag-natal-da-familia","12":"tag-poco-das-antas","13":"pmpro-has-access"},"yoast_head":"<!-- This site is optimized with the Yoast SEO plugin v27.5 - https:\/\/yoast.com\/product\/yoast-seo-wordpress\/ -->\n<title>Espet\u00e1culo Natalino de Po\u00e7o das Antas acontece nesta sexta-feira - Folha Popular<\/title>\n<meta name=\"robots\" content=\"index, follow, max-snippet:-1, max-image-preview:large, max-video-preview:-1\" \/>\n<link rel=\"canonical\" href=\"https:\/\/folhapopular.info\/index.php\/2023\/12\/19\/espetaculo-natalino-de-poco-das-antas-acontece-nesta-sexta-feira\/\" \/>\n<meta property=\"og:locale\" content=\"pt_BR\" \/>\n<meta property=\"og:type\" content=\"article\" \/>\n<meta property=\"og:title\" content=\"Espet\u00e1culo Natalino de Po\u00e7o das Antas acontece nesta sexta-feira - Folha Popular\" \/>\n<meta property=\"og:description\" content=\"Nesta sexta-feira \u00e0 noite (22\/12) acontece em Po\u00e7o das Antas o Natal da Fam\u00edlia \u2013 Espet\u00e1culo Natalino \u201c\u00c9 tempo de Recome\u00e7ar \u2013 3\u00aa edi\u00e7\u00e3o\u201d. A atividade ocorrer\u00e1 em frente \u00e0 Prefeitura. As atra\u00e7\u00f5es culturais iniciam \u00e0s 19h30 com a apresenta\u00e7\u00e3o das oficinas de m\u00fasica do munic\u00edpio. O espet\u00e1culo inicia \u00e0s 20h\u00a0e contar\u00e1 a hist\u00f3ria do [&hellip;]\" \/>\n<meta property=\"og:url\" content=\"https:\/\/folhapopular.info\/index.php\/2023\/12\/19\/espetaculo-natalino-de-poco-das-antas-acontece-nesta-sexta-feira\/\" \/>\n<meta property=\"og:site_name\" content=\"Folha Popular\" \/>\n<meta property=\"article:published_time\" content=\"2023-12-19T14:05:11+00:00\" \/>\n<meta property=\"article:modified_time\" content=\"2023-12-19T14:05:15+00:00\" \/>\n<meta property=\"og:image\" content=\"http:\/\/folhapopular.info\/wp-content\/uploads\/2023\/12\/1-Espetaculo-Natalino-do-Municipio-de-Poco-das-Antas-acontece-nesta-sexta-feira-dia-22.jpg\" \/>\n\t<meta property=\"og:image:width\" content=\"1800\" \/>\n\t<meta property=\"og:image:height\" content=\"1200\" \/>\n\t<meta property=\"og:image:type\" content=\"image\/jpeg\" \/>\n<meta name=\"author\" content=\"Reda\u00e7\u00e3o Folha Popular\" \/>\n<meta name=\"twitter:card\" content=\"summary_large_image\" \/>\n<meta name=\"twitter:label1\" content=\"Escrito por\" \/>\n\t<meta name=\"twitter:data1\" content=\"Reda\u00e7\u00e3o Folha Popular\" \/>\n\t<meta name=\"twitter:label2\" content=\"Est. tempo de leitura\" \/>\n\t<meta name=\"twitter:data2\" content=\"3 minutos\" \/>\n<script type=\"application\/ld+json\" class=\"yoast-schema-graph\">{\"@context\":\"https:\\\/\\\/schema.org\",\"@graph\":[{\"@type\":\"Article\",\"@id\":\"https:\\\/\\\/folhapopular.info\\\/index.php\\\/2023\\\/12\\\/19\\\/espetaculo-natalino-de-poco-das-antas-acontece-nesta-sexta-feira\\\/#article\",\"isPartOf\":{\"@id\":\"https:\\\/\\\/folhapopular.info\\\/index.php\\\/2023\\\/12\\\/19\\\/espetaculo-natalino-de-poco-das-antas-acontece-nesta-sexta-feira\\\/\"},\"author\":{\"name\":\"Reda\u00e7\u00e3o Folha Popular\",\"@id\":\"https:\\\/\\\/folhapopular.info\\\/#\\\/schema\\\/person\\\/2814e8a0df7643585a9ca38bc6eb9d4b\"},\"headline\":\"Espet\u00e1culo Natalino de Po\u00e7o das Antas acontece nesta sexta-feira\",\"datePublished\":\"2023-12-19T14:05:11+00:00\",\"dateModified\":\"2023-12-19T14:05:15+00:00\",\"mainEntityOfPage\":{\"@id\":\"https:\\\/\\\/folhapopular.info\\\/index.php\\\/2023\\\/12\\\/19\\\/espetaculo-natalino-de-poco-das-antas-acontece-nesta-sexta-feira\\\/\"},\"wordCount\":372,\"commentCount\":0,\"image\":{\"@id\":\"https:\\\/\\\/folhapopular.info\\\/index.php\\\/2023\\\/12\\\/19\\\/espetaculo-natalino-de-poco-das-antas-acontece-nesta-sexta-feira\\\/#primaryimage\"},\"thumbnailUrl\":\"https:\\\/\\\/folhapopular.info\\\/wp-content\\\/uploads\\\/2023\\\/12\\\/1-Espetaculo-Natalino-do-Municipio-de-Poco-das-Antas-acontece-nesta-sexta-feira-dia-22.jpg\",\"keywords\":[\"Espet\u00e1culo natalino\",\"Natal da Fam\u00edlia\",\"Po\u00e7o das Antas\"],\"articleSection\":[\"Destaques\",\"Entretenimento\",\"Inclusive\"],\"inLanguage\":\"pt-BR\",\"potentialAction\":[{\"@type\":\"CommentAction\",\"name\":\"Comment\",\"target\":[\"https:\\\/\\\/folhapopular.info\\\/index.php\\\/2023\\\/12\\\/19\\\/espetaculo-natalino-de-poco-das-antas-acontece-nesta-sexta-feira\\\/#respond\"]}]},{\"@type\":\"WebPage\",\"@id\":\"https:\\\/\\\/folhapopular.info\\\/index.php\\\/2023\\\/12\\\/19\\\/espetaculo-natalino-de-poco-das-antas-acontece-nesta-sexta-feira\\\/\",\"url\":\"https:\\\/\\\/folhapopular.info\\\/index.php\\\/2023\\\/12\\\/19\\\/espetaculo-natalino-de-poco-das-antas-acontece-nesta-sexta-feira\\\/\",\"name\":\"Espet\u00e1culo Natalino de Po\u00e7o das Antas acontece nesta sexta-feira - Folha Popular\",\"isPartOf\":{\"@id\":\"https:\\\/\\\/folhapopular.info\\\/#website\"},\"primaryImageOfPage\":{\"@id\":\"https:\\\/\\\/folhapopular.info\\\/index.php\\\/2023\\\/12\\\/19\\\/espetaculo-natalino-de-poco-das-antas-acontece-nesta-sexta-feira\\\/#primaryimage\"},\"image\":{\"@id\":\"https:\\\/\\\/folhapopular.info\\\/index.php\\\/2023\\\/12\\\/19\\\/espetaculo-natalino-de-poco-das-antas-acontece-nesta-sexta-feira\\\/#primaryimage\"},\"thumbnailUrl\":\"https:\\\/\\\/folhapopular.info\\\/wp-content\\\/uploads\\\/2023\\\/12\\\/1-Espetaculo-Natalino-do-Municipio-de-Poco-das-Antas-acontece-nesta-sexta-feira-dia-22.jpg\",\"datePublished\":\"2023-12-19T14:05:11+00:00\",\"dateModified\":\"2023-12-19T14:05:15+00:00\",\"author\":{\"@id\":\"https:\\\/\\\/folhapopular.info\\\/#\\\/schema\\\/person\\\/2814e8a0df7643585a9ca38bc6eb9d4b\"},\"breadcrumb\":{\"@id\":\"https:\\\/\\\/folhapopular.info\\\/index.php\\\/2023\\\/12\\\/19\\\/espetaculo-natalino-de-poco-das-antas-acontece-nesta-sexta-feira\\\/#breadcrumb\"},\"inLanguage\":\"pt-BR\",\"potentialAction\":[{\"@type\":\"ReadAction\",\"target\":[\"https:\\\/\\\/folhapopular.info\\\/index.php\\\/2023\\\/12\\\/19\\\/espetaculo-natalino-de-poco-das-antas-acontece-nesta-sexta-feira\\\/\"]}]},{\"@type\":\"ImageObject\",\"inLanguage\":\"pt-BR\",\"@id\":\"https:\\\/\\\/folhapopular.info\\\/index.php\\\/2023\\\/12\\\/19\\\/espetaculo-natalino-de-poco-das-antas-acontece-nesta-sexta-feira\\\/#primaryimage\",\"url\":\"https:\\\/\\\/folhapopular.info\\\/wp-content\\\/uploads\\\/2023\\\/12\\\/1-Espetaculo-Natalino-do-Municipio-de-Poco-das-Antas-acontece-nesta-sexta-feira-dia-22.jpg\",\"contentUrl\":\"https:\\\/\\\/folhapopular.info\\\/wp-content\\\/uploads\\\/2023\\\/12\\\/1-Espetaculo-Natalino-do-Municipio-de-Poco-das-Antas-acontece-nesta-sexta-feira-dia-22.jpg\",\"width\":1800,\"height\":1200,\"caption\":\"Cr\u00e9dito: AI Po\u00e7o das Antas\"},{\"@type\":\"BreadcrumbList\",\"@id\":\"https:\\\/\\\/folhapopular.info\\\/index.php\\\/2023\\\/12\\\/19\\\/espetaculo-natalino-de-poco-das-antas-acontece-nesta-sexta-feira\\\/#breadcrumb\",\"itemListElement\":[{\"@type\":\"ListItem\",\"position\":1,\"name\":\"In\u00edcio\",\"item\":\"https:\\\/\\\/folhapopular.info\\\/\"},{\"@type\":\"ListItem\",\"position\":2,\"name\":\"Espet\u00e1culo Natalino de Po\u00e7o das Antas acontece nesta sexta-feira\"}]},{\"@type\":\"WebSite\",\"@id\":\"https:\\\/\\\/folhapopular.info\\\/#website\",\"url\":\"https:\\\/\\\/folhapopular.info\\\/\",\"name\":\"Folha Popular\",\"description\":\"Onde voc\u00ea tem vez e voz\",\"potentialAction\":[{\"@type\":\"SearchAction\",\"target\":{\"@type\":\"EntryPoint\",\"urlTemplate\":\"https:\\\/\\\/folhapopular.info\\\/?s={search_term_string}\"},\"query-input\":{\"@type\":\"PropertyValueSpecification\",\"valueRequired\":true,\"valueName\":\"search_term_string\"}}],\"inLanguage\":\"pt-BR\"},{\"@type\":\"Person\",\"@id\":\"https:\\\/\\\/folhapopular.info\\\/#\\\/schema\\\/person\\\/2814e8a0df7643585a9ca38bc6eb9d4b\",\"name\":\"Reda\u00e7\u00e3o Folha Popular\",\"image\":{\"@type\":\"ImageObject\",\"inLanguage\":\"pt-BR\",\"@id\":\"https:\\\/\\\/folhapopular.info\\\/wp-content\\\/uploads\\\/2026\\\/04\\\/Folha-1.webp\",\"url\":\"https:\\\/\\\/folhapopular.info\\\/wp-content\\\/uploads\\\/2026\\\/04\\\/Folha-1.webp\",\"contentUrl\":\"https:\\\/\\\/folhapopular.info\\\/wp-content\\\/uploads\\\/2026\\\/04\\\/Folha-1.webp\",\"caption\":\"Reda\u00e7\u00e3o Folha Popular\"},\"url\":\"https:\\\/\\\/folhapopular.info\\\/index.php\\\/author\\\/redacao\\\/\"}]}<\/script>\n<!-- \/ Yoast SEO plugin. -->","yoast_head_json":{"title":"Espet\u00e1culo Natalino de Po\u00e7o das Antas acontece nesta sexta-feira - Folha Popular","robots":{"index":"index","follow":"follow","max-snippet":"max-snippet:-1","max-image-preview":"max-image-preview:large","max-video-preview":"max-video-preview:-1"},"canonical":"https:\/\/folhapopular.info\/index.php\/2023\/12\/19\/espetaculo-natalino-de-poco-das-antas-acontece-nesta-sexta-feira\/","og_locale":"pt_BR","og_type":"article","og_title":"Espet\u00e1culo Natalino de Po\u00e7o das Antas acontece nesta sexta-feira - Folha Popular","og_description":"Nesta sexta-feira \u00e0 noite (22\/12) acontece em Po\u00e7o das Antas o Natal da Fam\u00edlia \u2013 Espet\u00e1culo Natalino \u201c\u00c9 tempo de Recome\u00e7ar \u2013 3\u00aa edi\u00e7\u00e3o\u201d. A atividade ocorrer\u00e1 em frente \u00e0 Prefeitura. As atra\u00e7\u00f5es culturais iniciam \u00e0s 19h30 com a apresenta\u00e7\u00e3o das oficinas de m\u00fasica do munic\u00edpio. O espet\u00e1culo inicia \u00e0s 20h\u00a0e contar\u00e1 a hist\u00f3ria do [&hellip;]","og_url":"https:\/\/folhapopular.info\/index.php\/2023\/12\/19\/espetaculo-natalino-de-poco-das-antas-acontece-nesta-sexta-feira\/","og_site_name":"Folha Popular","article_published_time":"2023-12-19T14:05:11+00:00","article_modified_time":"2023-12-19T14:05:15+00:00","og_image":[{"width":1800,"height":1200,"url":"http:\/\/folhapopular.info\/wp-content\/uploads\/2023\/12\/1-Espetaculo-Natalino-do-Municipio-de-Poco-das-Antas-acontece-nesta-sexta-feira-dia-22.jpg","type":"image\/jpeg"}],"author":"Reda\u00e7\u00e3o Folha Popular","twitter_card":"summary_large_image","twitter_misc":{"Escrito por":"Reda\u00e7\u00e3o Folha Popular","Est. tempo de leitura":"3 minutos"},"schema":{"@context":"https:\/\/schema.org","@graph":[{"@type":"Article","@id":"https:\/\/folhapopular.info\/index.php\/2023\/12\/19\/espetaculo-natalino-de-poco-das-antas-acontece-nesta-sexta-feira\/#article","isPartOf":{"@id":"https:\/\/folhapopular.info\/index.php\/2023\/12\/19\/espetaculo-natalino-de-poco-das-antas-acontece-nesta-sexta-feira\/"},"author":{"name":"Reda\u00e7\u00e3o Folha Popular","@id":"https:\/\/folhapopular.info\/#\/schema\/person\/2814e8a0df7643585a9ca38bc6eb9d4b"},"headline":"Espet\u00e1culo Natalino de Po\u00e7o das Antas acontece nesta sexta-feira","datePublished":"2023-12-19T14:05:11+00:00","dateModified":"2023-12-19T14:05:15+00:00","mainEntityOfPage":{"@id":"https:\/\/folhapopular.info\/index.php\/2023\/12\/19\/espetaculo-natalino-de-poco-das-antas-acontece-nesta-sexta-feira\/"},"wordCount":372,"commentCount":0,"image":{"@id":"https:\/\/folhapopular.info\/index.php\/2023\/12\/19\/espetaculo-natalino-de-poco-das-antas-acontece-nesta-sexta-feira\/#primaryimage"},"thumbnailUrl":"https:\/\/folhapopular.info\/wp-content\/uploads\/2023\/12\/1-Espetaculo-Natalino-do-Municipio-de-Poco-das-Antas-acontece-nesta-sexta-feira-dia-22.jpg","keywords":["Espet\u00e1culo natalino","Natal da Fam\u00edlia","Po\u00e7o das Antas"],"articleSection":["Destaques","Entretenimento","Inclusive"],"inLanguage":"pt-BR","potentialAction":[{"@type":"CommentAction","name":"Comment","target":["https:\/\/folhapopular.info\/index.php\/2023\/12\/19\/espetaculo-natalino-de-poco-das-antas-acontece-nesta-sexta-feira\/#respond"]}]},{"@type":"WebPage","@id":"https:\/\/folhapopular.info\/index.php\/2023\/12\/19\/espetaculo-natalino-de-poco-das-antas-acontece-nesta-sexta-feira\/","url":"https:\/\/folhapopular.info\/index.php\/2023\/12\/19\/espetaculo-natalino-de-poco-das-antas-acontece-nesta-sexta-feira\/","name":"Espet\u00e1culo Natalino de Po\u00e7o das Antas acontece nesta sexta-feira - Folha Popular","isPartOf":{"@id":"https:\/\/folhapopular.info\/#website"},"primaryImageOfPage":{"@id":"https:\/\/folhapopular.info\/index.php\/2023\/12\/19\/espetaculo-natalino-de-poco-das-antas-acontece-nesta-sexta-feira\/#primaryimage"},"image":{"@id":"https:\/\/folhapopular.info\/index.php\/2023\/12\/19\/espetaculo-natalino-de-poco-das-antas-acontece-nesta-sexta-feira\/#primaryimage"},"thumbnailUrl":"https:\/\/folhapopular.info\/wp-content\/uploads\/2023\/12\/1-Espetaculo-Natalino-do-Municipio-de-Poco-das-Antas-acontece-nesta-sexta-feira-dia-22.jpg","datePublished":"2023-12-19T14:05:11+00:00","dateModified":"2023-12-19T14:05:15+00:00","author":{"@id":"https:\/\/folhapopular.info\/#\/schema\/person\/2814e8a0df7643585a9ca38bc6eb9d4b"},"breadcrumb":{"@id":"https:\/\/folhapopular.info\/index.php\/2023\/12\/19\/espetaculo-natalino-de-poco-das-antas-acontece-nesta-sexta-feira\/#breadcrumb"},"inLanguage":"pt-BR","potentialAction":[{"@type":"ReadAction","target":["https:\/\/folhapopular.info\/index.php\/2023\/12\/19\/espetaculo-natalino-de-poco-das-antas-acontece-nesta-sexta-feira\/"]}]},{"@type":"ImageObject","inLanguage":"pt-BR","@id":"https:\/\/folhapopular.info\/index.php\/2023\/12\/19\/espetaculo-natalino-de-poco-das-antas-acontece-nesta-sexta-feira\/#primaryimage","url":"https:\/\/folhapopular.info\/wp-content\/uploads\/2023\/12\/1-Espetaculo-Natalino-do-Municipio-de-Poco-das-Antas-acontece-nesta-sexta-feira-dia-22.jpg","contentUrl":"https:\/\/folhapopular.info\/wp-content\/uploads\/2023\/12\/1-Espetaculo-Natalino-do-Municipio-de-Poco-das-Antas-acontece-nesta-sexta-feira-dia-22.jpg","width":1800,"height":1200,"caption":"Cr\u00e9dito: AI Po\u00e7o das Antas"},{"@type":"BreadcrumbList","@id":"https:\/\/folhapopular.info\/index.php\/2023\/12\/19\/espetaculo-natalino-de-poco-das-antas-acontece-nesta-sexta-feira\/#breadcrumb","itemListElement":[{"@type":"ListItem","position":1,"name":"In\u00edcio","item":"https:\/\/folhapopular.info\/"},{"@type":"ListItem","position":2,"name":"Espet\u00e1culo Natalino de Po\u00e7o das Antas acontece nesta sexta-feira"}]},{"@type":"WebSite","@id":"https:\/\/folhapopular.info\/#website","url":"https:\/\/folhapopular.info\/","name":"Folha Popular","description":"Onde voc\u00ea tem vez e voz","potentialAction":[{"@type":"SearchAction","target":{"@type":"EntryPoint","urlTemplate":"https:\/\/folhapopular.info\/?s={search_term_string}"},"query-input":{"@type":"PropertyValueSpecification","valueRequired":true,"valueName":"search_term_string"}}],"inLanguage":"pt-BR"},{"@type":"Person","@id":"https:\/\/folhapopular.info\/#\/schema\/person\/2814e8a0df7643585a9ca38bc6eb9d4b","name":"Reda\u00e7\u00e3o Folha Popular","image":{"@type":"ImageObject","inLanguage":"pt-BR","@id":"https:\/\/folhapopular.info\/wp-content\/uploads\/2026\/04\/Folha-1.webp","url":"https:\/\/folhapopular.info\/wp-content\/uploads\/2026\/04\/Folha-1.webp","contentUrl":"https:\/\/folhapopular.info\/wp-content\/uploads\/2026\/04\/Folha-1.webp","caption":"Reda\u00e7\u00e3o Folha Popular"},"url":"https:\/\/folhapopular.info\/index.php\/author\/redacao\/"}]}},"jetpack_featured_media_url":"https:\/\/folhapopular.info\/wp-content\/uploads\/2023\/12\/1-Espetaculo-Natalino-do-Municipio-de-Poco-das-Antas-acontece-nesta-sexta-feira-dia-22.jpg","jetpack_sharing_enabled":true,"amp_enabled":true,"_links":{"self":[{"href":"https:\/\/folhapopular.info\/index.php\/wp-json\/wp\/v2\/posts\/145761","targetHints":{"allow":["GET"]}}],"collection":[{"href":"https:\/\/folhapopular.info\/index.php\/wp-json\/wp\/v2\/posts"}],"about":[{"href":"https:\/\/folhapopular.info\/index.php\/wp-json\/wp\/v2\/types\/post"}],"author":[{"embeddable":true,"href":"https:\/\/folhapopular.info\/index.php\/wp-json\/wp\/v2\/users\/8"}],"replies":[{"embeddable":true,"href":"https:\/\/folhapopular.info\/index.php\/wp-json\/wp\/v2\/comments?post=145761"}],"version-history":[{"count":0,"href":"https:\/\/folhapopular.info\/index.php\/wp-json\/wp\/v2\/posts\/145761\/revisions"}],"wp:featuredmedia":[{"embeddable":true,"href":"https:\/\/folhapopular.info\/index.php\/wp-json\/wp\/v2\/media\/145762"}],"wp:attachment":[{"href":"https:\/\/folhapopular.info\/index.php\/wp-json\/wp\/v2\/media?parent=145761"}],"wp:term":[{"taxonomy":"category","embeddable":true,"href":"https:\/\/folhapopular.info\/index.php\/wp-json\/wp\/v2\/categories?post=145761"},{"taxonomy":"post_tag","embeddable":true,"href":"https:\/\/folhapopular.info\/index.php\/wp-json\/wp\/v2\/tags?post=145761"}],"curies":[{"name":"wp","href":"https:\/\/api.w.org\/{rel}","templated":true}]}}