{"id":145773,"date":"2023-12-19T14:27:26","date_gmt":"2023-12-19T17:27:26","guid":{"rendered":"https:\/\/folhapopular.info\/?p=145773"},"modified":"2023-12-19T14:27:29","modified_gmt":"2023-12-19T17:27:29","slug":"jaque-weber-realiza-testes-no-laboratorio-olimpico","status":"publish","type":"post","link":"https:\/\/folhapopular.info\/index.php\/2023\/12\/19\/jaque-weber-realiza-testes-no-laboratorio-olimpico\/","title":{"rendered":"Jaque Weber realiza testes no Laborat\u00f3rio Ol\u00edmpico"},"content":{"rendered":"\n<p>A atleta teutoniense do Praia Clube\/Miller\/Certel\/Florestal\/Fila, Jaque Weber, realizou testes na sede do Comit\u00ea Ol\u00edmpico do Brasil, no Rio de Janeiro, na semana passada. A prepara\u00e7\u00e3o visa a temporada Ol\u00edmpica. <\/p>\n\n\n\n<p>\u201cProcuramos mapear alguns marcadores fisiol\u00f3gicos, de for\u00e7a e biomec\u00e2nica que possam ser melhorados em treinamentos. Quando falamos em uma melhora de 1 segundo numa prova de 800 metros, em alta performance, a evolu\u00e7\u00e3o pode estar nos detalhes\u201d, destaca a atleta.<\/p>\n\n\n\n<p>O treinador, Fabiano Pe\u00e7anha, que estava no Rio de Janeiro, tamb\u00e9m p\u00f4de acompanhar uma parte dos testes.<\/p>\n\n\n\n<p>\u201cO COB possui um laborat\u00f3rio completo, com profissionais qualificados para testar e acompanhar os atletas do Time Brasil (sele\u00e7\u00e3o brasileira) nesses assuntos fisiol\u00f3gicos e biomec\u00e2nicos. Os resultados obtidos nos ajudar\u00e3o a planejar melhor a temporada da Jaque, especificamente no que diz respeito as cargas de treinos ideais a serem trabalhadas nos diferentes per\u00edodos, microciclos e mesociclos do ano\u201d, explica.<\/p>\n","protected":false},"excerpt":{"rendered":"<p>A atleta teutoniense do Praia Clube\/Miller\/Certel\/Florestal\/Fila, Jaque Weber, realizou testes na sede do Comit\u00ea Ol\u00edmpico do Brasil, no Rio de Janeiro, na semana passada. A prepara\u00e7\u00e3o visa a temporada Ol\u00edmpica. \u201cProcuramos mapear alguns marcadores fisiol\u00f3gicos, de for\u00e7a e biomec\u00e2nica que possam ser melhorados em treinamentos. Quando falamos em uma melhora de 1 segundo numa prova [&hellip;]<\/p>\n","protected":false},"author":8,"featured_media":145774,"comment_status":"open","ping_status":"open","sticky":false,"template":"","format":"standard","meta":{"pmpro_default_level":"","_jetpack_memberships_contains_paid_content":false,"footnotes":""},"categories":[5],"tags":[4939,13830,5474],"class_list":{"0":"post-145773","1":"post","2":"type-post","3":"status-publish","4":"format-standard","5":"has-post-thumbnail","7":"category-esportes","8":"tag-jaque-weber","9":"tag-laboratorio-olimpico","10":"tag-testes","11":"pmpro-has-access"},"yoast_head":"<!-- This site is optimized with the Yoast SEO plugin v27.5 - https:\/\/yoast.com\/product\/yoast-seo-wordpress\/ -->\n<title>Jaque Weber realiza testes no Laborat\u00f3rio Ol\u00edmpico - Folha Popular<\/title>\n<meta name=\"robots\" content=\"index, follow, max-snippet:-1, max-image-preview:large, max-video-preview:-1\" \/>\n<link rel=\"canonical\" href=\"https:\/\/folhapopular.info\/index.php\/2023\/12\/19\/jaque-weber-realiza-testes-no-laboratorio-olimpico\/\" \/>\n<meta property=\"og:locale\" content=\"pt_BR\" \/>\n<meta property=\"og:type\" content=\"article\" \/>\n<meta property=\"og:title\" content=\"Jaque Weber realiza testes no Laborat\u00f3rio Ol\u00edmpico - Folha Popular\" \/>\n<meta property=\"og:description\" content=\"A atleta teutoniense do Praia Clube\/Miller\/Certel\/Florestal\/Fila, Jaque Weber, realizou testes na sede do Comit\u00ea Ol\u00edmpico do Brasil, no Rio de Janeiro, na semana passada. A prepara\u00e7\u00e3o visa a temporada Ol\u00edmpica. \u201cProcuramos mapear alguns marcadores fisiol\u00f3gicos, de for\u00e7a e biomec\u00e2nica que possam ser melhorados em treinamentos. Quando falamos em uma melhora de 1 segundo numa prova [&hellip;]\" \/>\n<meta property=\"og:url\" content=\"https:\/\/folhapopular.info\/index.php\/2023\/12\/19\/jaque-weber-realiza-testes-no-laboratorio-olimpico\/\" \/>\n<meta property=\"og:site_name\" content=\"Folha Popular\" \/>\n<meta property=\"article:published_time\" content=\"2023-12-19T17:27:26+00:00\" \/>\n<meta property=\"article:modified_time\" content=\"2023-12-19T17:27:29+00:00\" \/>\n<meta property=\"og:image\" content=\"http:\/\/folhapopular.info\/wp-content\/uploads\/2023\/12\/WhatsApp-Image-2023-12-19-at-12.27.40-scaled.jpeg\" \/>\n\t<meta property=\"og:image:width\" content=\"2560\" \/>\n\t<meta property=\"og:image:height\" content=\"1441\" \/>\n\t<meta property=\"og:image:type\" content=\"image\/jpeg\" \/>\n<meta name=\"author\" content=\"Reda\u00e7\u00e3o Folha Popular\" \/>\n<meta name=\"twitter:card\" content=\"summary_large_image\" \/>\n<meta name=\"twitter:label1\" content=\"Escrito por\" \/>\n\t<meta name=\"twitter:data1\" content=\"Reda\u00e7\u00e3o Folha Popular\" \/>\n\t<meta name=\"twitter:label2\" content=\"Est. tempo de leitura\" \/>\n\t<meta name=\"twitter:data2\" content=\"2 minutos\" \/>\n<script type=\"application\/ld+json\" class=\"yoast-schema-graph\">{\"@context\":\"https:\\\/\\\/schema.org\",\"@graph\":[{\"@type\":\"Article\",\"@id\":\"https:\\\/\\\/folhapopular.info\\\/index.php\\\/2023\\\/12\\\/19\\\/jaque-weber-realiza-testes-no-laboratorio-olimpico\\\/#article\",\"isPartOf\":{\"@id\":\"https:\\\/\\\/folhapopular.info\\\/index.php\\\/2023\\\/12\\\/19\\\/jaque-weber-realiza-testes-no-laboratorio-olimpico\\\/\"},\"author\":{\"name\":\"Reda\u00e7\u00e3o Folha Popular\",\"@id\":\"https:\\\/\\\/folhapopular.info\\\/#\\\/schema\\\/person\\\/2814e8a0df7643585a9ca38bc6eb9d4b\"},\"headline\":\"Jaque Weber realiza testes no Laborat\u00f3rio Ol\u00edmpico\",\"datePublished\":\"2023-12-19T17:27:26+00:00\",\"dateModified\":\"2023-12-19T17:27:29+00:00\",\"mainEntityOfPage\":{\"@id\":\"https:\\\/\\\/folhapopular.info\\\/index.php\\\/2023\\\/12\\\/19\\\/jaque-weber-realiza-testes-no-laboratorio-olimpico\\\/\"},\"wordCount\":173,\"commentCount\":0,\"image\":{\"@id\":\"https:\\\/\\\/folhapopular.info\\\/index.php\\\/2023\\\/12\\\/19\\\/jaque-weber-realiza-testes-no-laboratorio-olimpico\\\/#primaryimage\"},\"thumbnailUrl\":\"https:\\\/\\\/folhapopular.info\\\/wp-content\\\/uploads\\\/2023\\\/12\\\/WhatsApp-Image-2023-12-19-at-12.27.40-scaled.jpeg\",\"keywords\":[\"Jaque Weber\",\"Laborat\u00f3rio Ol\u00edmpico\",\"testes\"],\"articleSection\":[\"Esportes\"],\"inLanguage\":\"pt-BR\",\"potentialAction\":[{\"@type\":\"CommentAction\",\"name\":\"Comment\",\"target\":[\"https:\\\/\\\/folhapopular.info\\\/index.php\\\/2023\\\/12\\\/19\\\/jaque-weber-realiza-testes-no-laboratorio-olimpico\\\/#respond\"]}]},{\"@type\":\"WebPage\",\"@id\":\"https:\\\/\\\/folhapopular.info\\\/index.php\\\/2023\\\/12\\\/19\\\/jaque-weber-realiza-testes-no-laboratorio-olimpico\\\/\",\"url\":\"https:\\\/\\\/folhapopular.info\\\/index.php\\\/2023\\\/12\\\/19\\\/jaque-weber-realiza-testes-no-laboratorio-olimpico\\\/\",\"name\":\"Jaque Weber realiza testes no Laborat\u00f3rio Ol\u00edmpico - Folha Popular\",\"isPartOf\":{\"@id\":\"https:\\\/\\\/folhapopular.info\\\/#website\"},\"primaryImageOfPage\":{\"@id\":\"https:\\\/\\\/folhapopular.info\\\/index.php\\\/2023\\\/12\\\/19\\\/jaque-weber-realiza-testes-no-laboratorio-olimpico\\\/#primaryimage\"},\"image\":{\"@id\":\"https:\\\/\\\/folhapopular.info\\\/index.php\\\/2023\\\/12\\\/19\\\/jaque-weber-realiza-testes-no-laboratorio-olimpico\\\/#primaryimage\"},\"thumbnailUrl\":\"https:\\\/\\\/folhapopular.info\\\/wp-content\\\/uploads\\\/2023\\\/12\\\/WhatsApp-Image-2023-12-19-at-12.27.40-scaled.jpeg\",\"datePublished\":\"2023-12-19T17:27:26+00:00\",\"dateModified\":\"2023-12-19T17:27:29+00:00\",\"author\":{\"@id\":\"https:\\\/\\\/folhapopular.info\\\/#\\\/schema\\\/person\\\/2814e8a0df7643585a9ca38bc6eb9d4b\"},\"breadcrumb\":{\"@id\":\"https:\\\/\\\/folhapopular.info\\\/index.php\\\/2023\\\/12\\\/19\\\/jaque-weber-realiza-testes-no-laboratorio-olimpico\\\/#breadcrumb\"},\"inLanguage\":\"pt-BR\",\"potentialAction\":[{\"@type\":\"ReadAction\",\"target\":[\"https:\\\/\\\/folhapopular.info\\\/index.php\\\/2023\\\/12\\\/19\\\/jaque-weber-realiza-testes-no-laboratorio-olimpico\\\/\"]}]},{\"@type\":\"ImageObject\",\"inLanguage\":\"pt-BR\",\"@id\":\"https:\\\/\\\/folhapopular.info\\\/index.php\\\/2023\\\/12\\\/19\\\/jaque-weber-realiza-testes-no-laboratorio-olimpico\\\/#primaryimage\",\"url\":\"https:\\\/\\\/folhapopular.info\\\/wp-content\\\/uploads\\\/2023\\\/12\\\/WhatsApp-Image-2023-12-19-at-12.27.40-scaled.jpeg\",\"contentUrl\":\"https:\\\/\\\/folhapopular.info\\\/wp-content\\\/uploads\\\/2023\\\/12\\\/WhatsApp-Image-2023-12-19-at-12.27.40-scaled.jpeg\",\"width\":2560,\"height\":1441,\"caption\":\"Testes aconteceram no Rio de Janeiro\"},{\"@type\":\"BreadcrumbList\",\"@id\":\"https:\\\/\\\/folhapopular.info\\\/index.php\\\/2023\\\/12\\\/19\\\/jaque-weber-realiza-testes-no-laboratorio-olimpico\\\/#breadcrumb\",\"itemListElement\":[{\"@type\":\"ListItem\",\"position\":1,\"name\":\"In\u00edcio\",\"item\":\"https:\\\/\\\/folhapopular.info\\\/\"},{\"@type\":\"ListItem\",\"position\":2,\"name\":\"Jaque Weber realiza testes no Laborat\u00f3rio Ol\u00edmpico\"}]},{\"@type\":\"WebSite\",\"@id\":\"https:\\\/\\\/folhapopular.info\\\/#website\",\"url\":\"https:\\\/\\\/folhapopular.info\\\/\",\"name\":\"Folha Popular\",\"description\":\"Onde voc\u00ea tem vez e voz\",\"potentialAction\":[{\"@type\":\"SearchAction\",\"target\":{\"@type\":\"EntryPoint\",\"urlTemplate\":\"https:\\\/\\\/folhapopular.info\\\/?s={search_term_string}\"},\"query-input\":{\"@type\":\"PropertyValueSpecification\",\"valueRequired\":true,\"valueName\":\"search_term_string\"}}],\"inLanguage\":\"pt-BR\"},{\"@type\":\"Person\",\"@id\":\"https:\\\/\\\/folhapopular.info\\\/#\\\/schema\\\/person\\\/2814e8a0df7643585a9ca38bc6eb9d4b\",\"name\":\"Reda\u00e7\u00e3o Folha Popular\",\"image\":{\"@type\":\"ImageObject\",\"inLanguage\":\"pt-BR\",\"@id\":\"https:\\\/\\\/folhapopular.info\\\/wp-content\\\/uploads\\\/2026\\\/04\\\/Folha-1.webp\",\"url\":\"https:\\\/\\\/folhapopular.info\\\/wp-content\\\/uploads\\\/2026\\\/04\\\/Folha-1.webp\",\"contentUrl\":\"https:\\\/\\\/folhapopular.info\\\/wp-content\\\/uploads\\\/2026\\\/04\\\/Folha-1.webp\",\"caption\":\"Reda\u00e7\u00e3o Folha Popular\"},\"url\":\"https:\\\/\\\/folhapopular.info\\\/index.php\\\/author\\\/redacao\\\/\"}]}<\/script>\n<!-- \/ Yoast SEO plugin. -->","yoast_head_json":{"title":"Jaque Weber realiza testes no Laborat\u00f3rio Ol\u00edmpico - Folha Popular","robots":{"index":"index","follow":"follow","max-snippet":"max-snippet:-1","max-image-preview":"max-image-preview:large","max-video-preview":"max-video-preview:-1"},"canonical":"https:\/\/folhapopular.info\/index.php\/2023\/12\/19\/jaque-weber-realiza-testes-no-laboratorio-olimpico\/","og_locale":"pt_BR","og_type":"article","og_title":"Jaque Weber realiza testes no Laborat\u00f3rio Ol\u00edmpico - Folha Popular","og_description":"A atleta teutoniense do Praia Clube\/Miller\/Certel\/Florestal\/Fila, Jaque Weber, realizou testes na sede do Comit\u00ea Ol\u00edmpico do Brasil, no Rio de Janeiro, na semana passada. A prepara\u00e7\u00e3o visa a temporada Ol\u00edmpica. \u201cProcuramos mapear alguns marcadores fisiol\u00f3gicos, de for\u00e7a e biomec\u00e2nica que possam ser melhorados em treinamentos. Quando falamos em uma melhora de 1 segundo numa prova [&hellip;]","og_url":"https:\/\/folhapopular.info\/index.php\/2023\/12\/19\/jaque-weber-realiza-testes-no-laboratorio-olimpico\/","og_site_name":"Folha Popular","article_published_time":"2023-12-19T17:27:26+00:00","article_modified_time":"2023-12-19T17:27:29+00:00","og_image":[{"width":2560,"height":1441,"url":"http:\/\/folhapopular.info\/wp-content\/uploads\/2023\/12\/WhatsApp-Image-2023-12-19-at-12.27.40-scaled.jpeg","type":"image\/jpeg"}],"author":"Reda\u00e7\u00e3o Folha Popular","twitter_card":"summary_large_image","twitter_misc":{"Escrito por":"Reda\u00e7\u00e3o Folha Popular","Est. tempo de leitura":"2 minutos"},"schema":{"@context":"https:\/\/schema.org","@graph":[{"@type":"Article","@id":"https:\/\/folhapopular.info\/index.php\/2023\/12\/19\/jaque-weber-realiza-testes-no-laboratorio-olimpico\/#article","isPartOf":{"@id":"https:\/\/folhapopular.info\/index.php\/2023\/12\/19\/jaque-weber-realiza-testes-no-laboratorio-olimpico\/"},"author":{"name":"Reda\u00e7\u00e3o Folha Popular","@id":"https:\/\/folhapopular.info\/#\/schema\/person\/2814e8a0df7643585a9ca38bc6eb9d4b"},"headline":"Jaque Weber realiza testes no Laborat\u00f3rio Ol\u00edmpico","datePublished":"2023-12-19T17:27:26+00:00","dateModified":"2023-12-19T17:27:29+00:00","mainEntityOfPage":{"@id":"https:\/\/folhapopular.info\/index.php\/2023\/12\/19\/jaque-weber-realiza-testes-no-laboratorio-olimpico\/"},"wordCount":173,"commentCount":0,"image":{"@id":"https:\/\/folhapopular.info\/index.php\/2023\/12\/19\/jaque-weber-realiza-testes-no-laboratorio-olimpico\/#primaryimage"},"thumbnailUrl":"https:\/\/folhapopular.info\/wp-content\/uploads\/2023\/12\/WhatsApp-Image-2023-12-19-at-12.27.40-scaled.jpeg","keywords":["Jaque Weber","Laborat\u00f3rio Ol\u00edmpico","testes"],"articleSection":["Esportes"],"inLanguage":"pt-BR","potentialAction":[{"@type":"CommentAction","name":"Comment","target":["https:\/\/folhapopular.info\/index.php\/2023\/12\/19\/jaque-weber-realiza-testes-no-laboratorio-olimpico\/#respond"]}]},{"@type":"WebPage","@id":"https:\/\/folhapopular.info\/index.php\/2023\/12\/19\/jaque-weber-realiza-testes-no-laboratorio-olimpico\/","url":"https:\/\/folhapopular.info\/index.php\/2023\/12\/19\/jaque-weber-realiza-testes-no-laboratorio-olimpico\/","name":"Jaque Weber realiza testes no Laborat\u00f3rio Ol\u00edmpico - Folha Popular","isPartOf":{"@id":"https:\/\/folhapopular.info\/#website"},"primaryImageOfPage":{"@id":"https:\/\/folhapopular.info\/index.php\/2023\/12\/19\/jaque-weber-realiza-testes-no-laboratorio-olimpico\/#primaryimage"},"image":{"@id":"https:\/\/folhapopular.info\/index.php\/2023\/12\/19\/jaque-weber-realiza-testes-no-laboratorio-olimpico\/#primaryimage"},"thumbnailUrl":"https:\/\/folhapopular.info\/wp-content\/uploads\/2023\/12\/WhatsApp-Image-2023-12-19-at-12.27.40-scaled.jpeg","datePublished":"2023-12-19T17:27:26+00:00","dateModified":"2023-12-19T17:27:29+00:00","author":{"@id":"https:\/\/folhapopular.info\/#\/schema\/person\/2814e8a0df7643585a9ca38bc6eb9d4b"},"breadcrumb":{"@id":"https:\/\/folhapopular.info\/index.php\/2023\/12\/19\/jaque-weber-realiza-testes-no-laboratorio-olimpico\/#breadcrumb"},"inLanguage":"pt-BR","potentialAction":[{"@type":"ReadAction","target":["https:\/\/folhapopular.info\/index.php\/2023\/12\/19\/jaque-weber-realiza-testes-no-laboratorio-olimpico\/"]}]},{"@type":"ImageObject","inLanguage":"pt-BR","@id":"https:\/\/folhapopular.info\/index.php\/2023\/12\/19\/jaque-weber-realiza-testes-no-laboratorio-olimpico\/#primaryimage","url":"https:\/\/folhapopular.info\/wp-content\/uploads\/2023\/12\/WhatsApp-Image-2023-12-19-at-12.27.40-scaled.jpeg","contentUrl":"https:\/\/folhapopular.info\/wp-content\/uploads\/2023\/12\/WhatsApp-Image-2023-12-19-at-12.27.40-scaled.jpeg","width":2560,"height":1441,"caption":"Testes aconteceram no Rio de Janeiro"},{"@type":"BreadcrumbList","@id":"https:\/\/folhapopular.info\/index.php\/2023\/12\/19\/jaque-weber-realiza-testes-no-laboratorio-olimpico\/#breadcrumb","itemListElement":[{"@type":"ListItem","position":1,"name":"In\u00edcio","item":"https:\/\/folhapopular.info\/"},{"@type":"ListItem","position":2,"name":"Jaque Weber realiza testes no Laborat\u00f3rio Ol\u00edmpico"}]},{"@type":"WebSite","@id":"https:\/\/folhapopular.info\/#website","url":"https:\/\/folhapopular.info\/","name":"Folha Popular","description":"Onde voc\u00ea tem vez e voz","potentialAction":[{"@type":"SearchAction","target":{"@type":"EntryPoint","urlTemplate":"https:\/\/folhapopular.info\/?s={search_term_string}"},"query-input":{"@type":"PropertyValueSpecification","valueRequired":true,"valueName":"search_term_string"}}],"inLanguage":"pt-BR"},{"@type":"Person","@id":"https:\/\/folhapopular.info\/#\/schema\/person\/2814e8a0df7643585a9ca38bc6eb9d4b","name":"Reda\u00e7\u00e3o Folha Popular","image":{"@type":"ImageObject","inLanguage":"pt-BR","@id":"https:\/\/folhapopular.info\/wp-content\/uploads\/2026\/04\/Folha-1.webp","url":"https:\/\/folhapopular.info\/wp-content\/uploads\/2026\/04\/Folha-1.webp","contentUrl":"https:\/\/folhapopular.info\/wp-content\/uploads\/2026\/04\/Folha-1.webp","caption":"Reda\u00e7\u00e3o Folha Popular"},"url":"https:\/\/folhapopular.info\/index.php\/author\/redacao\/"}]}},"jetpack_featured_media_url":"https:\/\/folhapopular.info\/wp-content\/uploads\/2023\/12\/WhatsApp-Image-2023-12-19-at-12.27.40-scaled.jpeg","jetpack_sharing_enabled":true,"amp_enabled":true,"_links":{"self":[{"href":"https:\/\/folhapopular.info\/index.php\/wp-json\/wp\/v2\/posts\/145773","targetHints":{"allow":["GET"]}}],"collection":[{"href":"https:\/\/folhapopular.info\/index.php\/wp-json\/wp\/v2\/posts"}],"about":[{"href":"https:\/\/folhapopular.info\/index.php\/wp-json\/wp\/v2\/types\/post"}],"author":[{"embeddable":true,"href":"https:\/\/folhapopular.info\/index.php\/wp-json\/wp\/v2\/users\/8"}],"replies":[{"embeddable":true,"href":"https:\/\/folhapopular.info\/index.php\/wp-json\/wp\/v2\/comments?post=145773"}],"version-history":[{"count":0,"href":"https:\/\/folhapopular.info\/index.php\/wp-json\/wp\/v2\/posts\/145773\/revisions"}],"wp:featuredmedia":[{"embeddable":true,"href":"https:\/\/folhapopular.info\/index.php\/wp-json\/wp\/v2\/media\/145774"}],"wp:attachment":[{"href":"https:\/\/folhapopular.info\/index.php\/wp-json\/wp\/v2\/media?parent=145773"}],"wp:term":[{"taxonomy":"category","embeddable":true,"href":"https:\/\/folhapopular.info\/index.php\/wp-json\/wp\/v2\/categories?post=145773"},{"taxonomy":"post_tag","embeddable":true,"href":"https:\/\/folhapopular.info\/index.php\/wp-json\/wp\/v2\/tags?post=145773"}],"curies":[{"name":"wp","href":"https:\/\/api.w.org\/{rel}","templated":true}]}}