{"id":145828,"date":"2023-12-19T17:16:16","date_gmt":"2023-12-19T20:16:16","guid":{"rendered":"https:\/\/folhapopular.info\/?p=145828"},"modified":"2023-12-19T17:16:19","modified_gmt":"2023-12-19T20:16:19","slug":"enxurrada-atinge-12-familias-em-imigrante-e-municipio-prepara-decreto-de-emergencia","status":"publish","type":"post","link":"https:\/\/folhapopular.info\/index.php\/2023\/12\/19\/enxurrada-atinge-12-familias-em-imigrante-e-municipio-prepara-decreto-de-emergencia\/","title":{"rendered":"Enxurrada atinge 12 fam\u00edlias em Imigrante e Munic\u00edpio prepara decreto de emerg\u00eancia"},"content":{"rendered":"\n<p>Na noite dessa segunda-feira (18\/12) o munic\u00edpio de Imigrante foi atingido por grande volume de chuva. Foram registrados cerca de 130 mil\u00edmetros em 40 minutos, o que provocou estragos de grande monta, principalmente no centro da cidade. Conforme o Centro de Refer\u00eancia de Assist\u00eancia Social (Cras), foram atingidas 12 fam\u00edlias, quatro estabelecimentos e o pr\u00e9dio da Secretaria da Agricultura, Meio Ambiente e Desenvolvimento Econ\u00f4mico, totalizando 27 pessoas.<\/p>\n\n\n\n<p>\u201cN\u00e3o temos nenhum desabrigado, mas duas fam\u00edlias ficaram desalojadas e j\u00e1 voltaram para casa. Ainda na noite de ontem entregamos 10 kits de limpeza a fam\u00edlias atingidas. O Cras disp\u00f5e de cestas b\u00e1sicas para as fam\u00edlias que necessitarem. A Sala do Cidad\u00e3o est\u00e1 \u00e0 disposi\u00e7\u00e3o para a retirada de roupas e confec\u00e7\u00e3o de documentos\u201d, declarou o coordenador Andr\u00e9 Parleze.<\/p>\n\n\n\n<p>Ruas centrais ficaram alagadas e a enxurrada invadiu casas. Uma fam\u00edlia perdeu todos os m\u00f3veis. Entre os itens que as fam\u00edlias atingidas perderam est\u00e3o arm\u00e1rio de cozinha, guarda-roupa, colch\u00f5es, m\u00e1quina de lavar roupa, mesas, cadeiras, estantes, secadora de roupas, geladeira, cama, sof\u00e1, ventilador e notebook.<\/p>\n\n\n\n<p>A ponte situada na Rua Get\u00falio Vargas foi danificada e trechos de pavimenta\u00e7\u00e3o foram arrancados pela f\u00faria da \u00e1gua. Uma fam\u00edlia precisou ser retirada de retroescavadeira, pois n\u00e3o havia mais chance de deixar o local de outra maneira. \u201cEquipes trabalham desde ontem \u00e0 noite para desobstruir ruas e acessos, al\u00e9m de limpar os trechos onde a terra invadiu a pista. Estamos buscando normalizar tudo da forma mais c\u00e9lere poss\u00edvel, e estamos finalizando o decreto de emerg\u00eancia para a obten\u00e7\u00e3o de recursos\u201d, disse o prefeito Germano Stevens.<\/p>\n\n\n\n<figure class=\"wp-block-gallery has-nested-images columns-default is-cropped wp-block-gallery-1 is-layout-flex wp-block-gallery-is-layout-flex\">\n<figure class=\"wp-block-image size-large\"><img loading=\"lazy\" decoding=\"async\" width=\"1024\" height=\"768\" data-id=\"145833\" src=\"https:\/\/folhapopular.info\/wp-content\/uploads\/2023\/12\/IMG-20231219-WA0144-1024x768.jpg\" alt=\"\" class=\"wp-image-145833\" srcset=\"https:\/\/folhapopular.info\/wp-content\/uploads\/2023\/12\/IMG-20231219-WA0144-1024x768.jpg 1024w, https:\/\/folhapopular.info\/wp-content\/uploads\/2023\/12\/IMG-20231219-WA0144-300x225.jpg 300w, https:\/\/folhapopular.info\/wp-content\/uploads\/2023\/12\/IMG-20231219-WA0144-768x576.jpg 768w, https:\/\/folhapopular.info\/wp-content\/uploads\/2023\/12\/IMG-20231219-WA0144-1536x1152.jpg 1536w, https:\/\/folhapopular.info\/wp-content\/uploads\/2023\/12\/IMG-20231219-WA0144-696x522.jpg 696w, https:\/\/folhapopular.info\/wp-content\/uploads\/2023\/12\/IMG-20231219-WA0144-1068x801.jpg 1068w, https:\/\/folhapopular.info\/wp-content\/uploads\/2023\/12\/IMG-20231219-WA0144.jpg 1600w\" sizes=\"auto, (max-width: 1024px) 100vw, 1024px\" \/><\/figure>\n\n\n\n<figure class=\"wp-block-image size-large\"><img loading=\"lazy\" decoding=\"async\" width=\"1024\" height=\"768\" data-id=\"145834\" src=\"https:\/\/folhapopular.info\/wp-content\/uploads\/2023\/12\/IMG-20231219-WA0136-1024x768.jpg\" alt=\"\" class=\"wp-image-145834\" srcset=\"https:\/\/folhapopular.info\/wp-content\/uploads\/2023\/12\/IMG-20231219-WA0136-1024x768.jpg 1024w, https:\/\/folhapopular.info\/wp-content\/uploads\/2023\/12\/IMG-20231219-WA0136-300x225.jpg 300w, https:\/\/folhapopular.info\/wp-content\/uploads\/2023\/12\/IMG-20231219-WA0136-768x576.jpg 768w, https:\/\/folhapopular.info\/wp-content\/uploads\/2023\/12\/IMG-20231219-WA0136-1536x1152.jpg 1536w, https:\/\/folhapopular.info\/wp-content\/uploads\/2023\/12\/IMG-20231219-WA0136-696x522.jpg 696w, https:\/\/folhapopular.info\/wp-content\/uploads\/2023\/12\/IMG-20231219-WA0136-1068x801.jpg 1068w, https:\/\/folhapopular.info\/wp-content\/uploads\/2023\/12\/IMG-20231219-WA0136.jpg 1600w\" sizes=\"auto, (max-width: 1024px) 100vw, 1024px\" \/><\/figure>\n\n\n\n<figure class=\"wp-block-image size-large\"><img loading=\"lazy\" decoding=\"async\" width=\"1024\" height=\"576\" data-id=\"145832\" src=\"https:\/\/folhapopular.info\/wp-content\/uploads\/2023\/12\/IMG-20231219-WA0074-1024x576.jpg\" alt=\"\" class=\"wp-image-145832\" srcset=\"https:\/\/folhapopular.info\/wp-content\/uploads\/2023\/12\/IMG-20231219-WA0074-1024x576.jpg 1024w, https:\/\/folhapopular.info\/wp-content\/uploads\/2023\/12\/IMG-20231219-WA0074-300x169.jpg 300w, https:\/\/folhapopular.info\/wp-content\/uploads\/2023\/12\/IMG-20231219-WA0074-768x432.jpg 768w, https:\/\/folhapopular.info\/wp-content\/uploads\/2023\/12\/IMG-20231219-WA0074-696x392.jpg 696w, https:\/\/folhapopular.info\/wp-content\/uploads\/2023\/12\/IMG-20231219-WA0074-1068x601.jpg 1068w, https:\/\/folhapopular.info\/wp-content\/uploads\/2023\/12\/IMG-20231219-WA0074.jpg 1440w\" sizes=\"auto, (max-width: 1024px) 100vw, 1024px\" \/><\/figure>\n\n\n\n<figure class=\"wp-block-image size-large\"><img loading=\"lazy\" decoding=\"async\" width=\"1024\" height=\"576\" data-id=\"145837\" src=\"https:\/\/folhapopular.info\/wp-content\/uploads\/2023\/12\/IMG-20231219-WA0068-1024x576.jpg\" alt=\"\" class=\"wp-image-145837\" srcset=\"https:\/\/folhapopular.info\/wp-content\/uploads\/2023\/12\/IMG-20231219-WA0068-1024x576.jpg 1024w, https:\/\/folhapopular.info\/wp-content\/uploads\/2023\/12\/IMG-20231219-WA0068-300x169.jpg 300w, https:\/\/folhapopular.info\/wp-content\/uploads\/2023\/12\/IMG-20231219-WA0068-768x432.jpg 768w, https:\/\/folhapopular.info\/wp-content\/uploads\/2023\/12\/IMG-20231219-WA0068-696x392.jpg 696w, https:\/\/folhapopular.info\/wp-content\/uploads\/2023\/12\/IMG-20231219-WA0068-1068x601.jpg 1068w, https:\/\/folhapopular.info\/wp-content\/uploads\/2023\/12\/IMG-20231219-WA0068.jpg 1440w\" sizes=\"auto, (max-width: 1024px) 100vw, 1024px\" \/><\/figure>\n\n\n\n<figure class=\"wp-block-image size-large\"><img loading=\"lazy\" decoding=\"async\" width=\"1024\" height=\"768\" data-id=\"145838\" src=\"https:\/\/folhapopular.info\/wp-content\/uploads\/2023\/12\/IMG-20231219-WA0126-1024x768.jpg\" alt=\"\" class=\"wp-image-145838\" srcset=\"https:\/\/folhapopular.info\/wp-content\/uploads\/2023\/12\/IMG-20231219-WA0126-1024x768.jpg 1024w, https:\/\/folhapopular.info\/wp-content\/uploads\/2023\/12\/IMG-20231219-WA0126-300x225.jpg 300w, https:\/\/folhapopular.info\/wp-content\/uploads\/2023\/12\/IMG-20231219-WA0126-768x576.jpg 768w, https:\/\/folhapopular.info\/wp-content\/uploads\/2023\/12\/IMG-20231219-WA0126-1536x1152.jpg 1536w, https:\/\/folhapopular.info\/wp-content\/uploads\/2023\/12\/IMG-20231219-WA0126-696x522.jpg 696w, https:\/\/folhapopular.info\/wp-content\/uploads\/2023\/12\/IMG-20231219-WA0126-1068x801.jpg 1068w, https:\/\/folhapopular.info\/wp-content\/uploads\/2023\/12\/IMG-20231219-WA0126.jpg 1600w\" sizes=\"auto, (max-width: 1024px) 100vw, 1024px\" \/><\/figure>\n\n\n\n<figure class=\"wp-block-image size-large\"><img loading=\"lazy\" decoding=\"async\" width=\"1024\" height=\"768\" data-id=\"145836\" src=\"https:\/\/folhapopular.info\/wp-content\/uploads\/2023\/12\/IMG-20231219-WA0119-1024x768.jpg\" alt=\"\" class=\"wp-image-145836\" srcset=\"https:\/\/folhapopular.info\/wp-content\/uploads\/2023\/12\/IMG-20231219-WA0119-1024x768.jpg 1024w, https:\/\/folhapopular.info\/wp-content\/uploads\/2023\/12\/IMG-20231219-WA0119-300x225.jpg 300w, https:\/\/folhapopular.info\/wp-content\/uploads\/2023\/12\/IMG-20231219-WA0119-768x576.jpg 768w, https:\/\/folhapopular.info\/wp-content\/uploads\/2023\/12\/IMG-20231219-WA0119-1536x1152.jpg 1536w, https:\/\/folhapopular.info\/wp-content\/uploads\/2023\/12\/IMG-20231219-WA0119-696x522.jpg 696w, https:\/\/folhapopular.info\/wp-content\/uploads\/2023\/12\/IMG-20231219-WA0119-1068x801.jpg 1068w, https:\/\/folhapopular.info\/wp-content\/uploads\/2023\/12\/IMG-20231219-WA0119.jpg 1600w\" sizes=\"auto, (max-width: 1024px) 100vw, 1024px\" \/><\/figure>\n\n\n\n<figure class=\"wp-block-image size-large\"><img loading=\"lazy\" decoding=\"async\" width=\"1024\" height=\"576\" data-id=\"145835\" src=\"https:\/\/folhapopular.info\/wp-content\/uploads\/2023\/12\/IMG-20231219-WA0072-1024x576.jpg\" alt=\"\" class=\"wp-image-145835\" srcset=\"https:\/\/folhapopular.info\/wp-content\/uploads\/2023\/12\/IMG-20231219-WA0072-1024x576.jpg 1024w, https:\/\/folhapopular.info\/wp-content\/uploads\/2023\/12\/IMG-20231219-WA0072-300x169.jpg 300w, https:\/\/folhapopular.info\/wp-content\/uploads\/2023\/12\/IMG-20231219-WA0072-768x432.jpg 768w, https:\/\/folhapopular.info\/wp-content\/uploads\/2023\/12\/IMG-20231219-WA0072-696x392.jpg 696w, https:\/\/folhapopular.info\/wp-content\/uploads\/2023\/12\/IMG-20231219-WA0072-1068x601.jpg 1068w, https:\/\/folhapopular.info\/wp-content\/uploads\/2023\/12\/IMG-20231219-WA0072.jpg 1440w\" sizes=\"auto, (max-width: 1024px) 100vw, 1024px\" \/><\/figure>\n<figcaption class=\"blocks-gallery-caption wp-element-caption\">Cr\u00e9dito: Carlos Eduardo Schneider \/ AI Prefeitura de Imigrante<\/figcaption><\/figure>\n","protected":false},"excerpt":{"rendered":"<p>Na noite dessa segunda-feira (18\/12) o munic\u00edpio de Imigrante foi atingido por grande volume de chuva. Foram registrados cerca de 130 mil\u00edmetros em 40 minutos, o que provocou estragos de grande monta, principalmente no centro da cidade. Conforme o Centro de Refer\u00eancia de Assist\u00eancia Social (Cras), foram atingidas 12 fam\u00edlias, quatro estabelecimentos e o pr\u00e9dio [&hellip;]<\/p>\n","protected":false},"author":8,"featured_media":145831,"comment_status":"open","ping_status":"open","sticky":false,"template":"","format":"standard","meta":{"pmpro_default_level":"","_jetpack_memberships_contains_paid_content":false,"footnotes":""},"categories":[12655,2,3],"tags":[51,1840,34,156],"class_list":{"0":"post-145828","1":"post","2":"type-post","3":"status-publish","4":"format-standard","5":"has-post-thumbnail","7":"category-clima","8":"category-featured","9":"category-geral","10":"tag-cras","11":"tag-enxurrada","12":"tag-imigrante","13":"tag-vale-do-taquari","14":"pmpro-has-access"},"yoast_head":"<!-- This site is optimized with the Yoast SEO plugin v27.5 - https:\/\/yoast.com\/product\/yoast-seo-wordpress\/ -->\n<title>Enxurrada atinge 12 fam\u00edlias em Imigrante e Munic\u00edpio prepara decreto de emerg\u00eancia - Folha Popular<\/title>\n<meta name=\"robots\" content=\"index, follow, max-snippet:-1, max-image-preview:large, max-video-preview:-1\" \/>\n<link rel=\"canonical\" href=\"https:\/\/folhapopular.info\/index.php\/2023\/12\/19\/enxurrada-atinge-12-familias-em-imigrante-e-municipio-prepara-decreto-de-emergencia\/\" \/>\n<meta property=\"og:locale\" content=\"pt_BR\" \/>\n<meta property=\"og:type\" content=\"article\" \/>\n<meta property=\"og:title\" content=\"Enxurrada atinge 12 fam\u00edlias em Imigrante e Munic\u00edpio prepara decreto de emerg\u00eancia - Folha Popular\" \/>\n<meta property=\"og:description\" content=\"Na noite dessa segunda-feira (18\/12) o munic\u00edpio de Imigrante foi atingido por grande volume de chuva. Foram registrados cerca de 130 mil\u00edmetros em 40 minutos, o que provocou estragos de grande monta, principalmente no centro da cidade. Conforme o Centro de Refer\u00eancia de Assist\u00eancia Social (Cras), foram atingidas 12 fam\u00edlias, quatro estabelecimentos e o pr\u00e9dio [&hellip;]\" \/>\n<meta property=\"og:url\" content=\"https:\/\/folhapopular.info\/index.php\/2023\/12\/19\/enxurrada-atinge-12-familias-em-imigrante-e-municipio-prepara-decreto-de-emergencia\/\" \/>\n<meta property=\"og:site_name\" content=\"Folha Popular\" \/>\n<meta property=\"article:published_time\" content=\"2023-12-19T20:16:16+00:00\" \/>\n<meta property=\"article:modified_time\" content=\"2023-12-19T20:16:19+00:00\" \/>\n<meta property=\"og:image\" content=\"http:\/\/folhapopular.info\/wp-content\/uploads\/2023\/12\/IMG-20231219-WA0160.jpg\" \/>\n\t<meta property=\"og:image:width\" content=\"1600\" \/>\n\t<meta property=\"og:image:height\" content=\"1200\" \/>\n\t<meta property=\"og:image:type\" content=\"image\/jpeg\" \/>\n<meta name=\"author\" content=\"Reda\u00e7\u00e3o Folha Popular\" \/>\n<meta name=\"twitter:card\" content=\"summary_large_image\" \/>\n<meta name=\"twitter:label1\" content=\"Escrito por\" \/>\n\t<meta name=\"twitter:data1\" content=\"Reda\u00e7\u00e3o Folha Popular\" \/>\n\t<meta name=\"twitter:label2\" content=\"Est. tempo de leitura\" \/>\n\t<meta name=\"twitter:data2\" content=\"4 minutos\" \/>\n<script type=\"application\/ld+json\" class=\"yoast-schema-graph\">{\"@context\":\"https:\\\/\\\/schema.org\",\"@graph\":[{\"@type\":\"Article\",\"@id\":\"https:\\\/\\\/folhapopular.info\\\/index.php\\\/2023\\\/12\\\/19\\\/enxurrada-atinge-12-familias-em-imigrante-e-municipio-prepara-decreto-de-emergencia\\\/#article\",\"isPartOf\":{\"@id\":\"https:\\\/\\\/folhapopular.info\\\/index.php\\\/2023\\\/12\\\/19\\\/enxurrada-atinge-12-familias-em-imigrante-e-municipio-prepara-decreto-de-emergencia\\\/\"},\"author\":{\"name\":\"Reda\u00e7\u00e3o Folha Popular\",\"@id\":\"https:\\\/\\\/folhapopular.info\\\/#\\\/schema\\\/person\\\/2814e8a0df7643585a9ca38bc6eb9d4b\"},\"headline\":\"Enxurrada atinge 12 fam\u00edlias em Imigrante e Munic\u00edpio prepara decreto de emerg\u00eancia\",\"datePublished\":\"2023-12-19T20:16:16+00:00\",\"dateModified\":\"2023-12-19T20:16:19+00:00\",\"mainEntityOfPage\":{\"@id\":\"https:\\\/\\\/folhapopular.info\\\/index.php\\\/2023\\\/12\\\/19\\\/enxurrada-atinge-12-familias-em-imigrante-e-municipio-prepara-decreto-de-emergencia\\\/\"},\"wordCount\":305,\"commentCount\":0,\"image\":{\"@id\":\"https:\\\/\\\/folhapopular.info\\\/index.php\\\/2023\\\/12\\\/19\\\/enxurrada-atinge-12-familias-em-imigrante-e-municipio-prepara-decreto-de-emergencia\\\/#primaryimage\"},\"thumbnailUrl\":\"https:\\\/\\\/folhapopular.info\\\/wp-content\\\/uploads\\\/2023\\\/12\\\/IMG-20231219-WA0160.jpg\",\"keywords\":[\"CRAS\",\"enxurrada\",\"Imigrante\",\"Vale do Taquari\"],\"articleSection\":[\"Clima\",\"Destaques\",\"Geral\"],\"inLanguage\":\"pt-BR\",\"potentialAction\":[{\"@type\":\"CommentAction\",\"name\":\"Comment\",\"target\":[\"https:\\\/\\\/folhapopular.info\\\/index.php\\\/2023\\\/12\\\/19\\\/enxurrada-atinge-12-familias-em-imigrante-e-municipio-prepara-decreto-de-emergencia\\\/#respond\"]}]},{\"@type\":\"WebPage\",\"@id\":\"https:\\\/\\\/folhapopular.info\\\/index.php\\\/2023\\\/12\\\/19\\\/enxurrada-atinge-12-familias-em-imigrante-e-municipio-prepara-decreto-de-emergencia\\\/\",\"url\":\"https:\\\/\\\/folhapopular.info\\\/index.php\\\/2023\\\/12\\\/19\\\/enxurrada-atinge-12-familias-em-imigrante-e-municipio-prepara-decreto-de-emergencia\\\/\",\"name\":\"Enxurrada atinge 12 fam\u00edlias em Imigrante e Munic\u00edpio prepara decreto de emerg\u00eancia - Folha Popular\",\"isPartOf\":{\"@id\":\"https:\\\/\\\/folhapopular.info\\\/#website\"},\"primaryImageOfPage\":{\"@id\":\"https:\\\/\\\/folhapopular.info\\\/index.php\\\/2023\\\/12\\\/19\\\/enxurrada-atinge-12-familias-em-imigrante-e-municipio-prepara-decreto-de-emergencia\\\/#primaryimage\"},\"image\":{\"@id\":\"https:\\\/\\\/folhapopular.info\\\/index.php\\\/2023\\\/12\\\/19\\\/enxurrada-atinge-12-familias-em-imigrante-e-municipio-prepara-decreto-de-emergencia\\\/#primaryimage\"},\"thumbnailUrl\":\"https:\\\/\\\/folhapopular.info\\\/wp-content\\\/uploads\\\/2023\\\/12\\\/IMG-20231219-WA0160.jpg\",\"datePublished\":\"2023-12-19T20:16:16+00:00\",\"dateModified\":\"2023-12-19T20:16:19+00:00\",\"author\":{\"@id\":\"https:\\\/\\\/folhapopular.info\\\/#\\\/schema\\\/person\\\/2814e8a0df7643585a9ca38bc6eb9d4b\"},\"breadcrumb\":{\"@id\":\"https:\\\/\\\/folhapopular.info\\\/index.php\\\/2023\\\/12\\\/19\\\/enxurrada-atinge-12-familias-em-imigrante-e-municipio-prepara-decreto-de-emergencia\\\/#breadcrumb\"},\"inLanguage\":\"pt-BR\",\"potentialAction\":[{\"@type\":\"ReadAction\",\"target\":[\"https:\\\/\\\/folhapopular.info\\\/index.php\\\/2023\\\/12\\\/19\\\/enxurrada-atinge-12-familias-em-imigrante-e-municipio-prepara-decreto-de-emergencia\\\/\"]}]},{\"@type\":\"ImageObject\",\"inLanguage\":\"pt-BR\",\"@id\":\"https:\\\/\\\/folhapopular.info\\\/index.php\\\/2023\\\/12\\\/19\\\/enxurrada-atinge-12-familias-em-imigrante-e-municipio-prepara-decreto-de-emergencia\\\/#primaryimage\",\"url\":\"https:\\\/\\\/folhapopular.info\\\/wp-content\\\/uploads\\\/2023\\\/12\\\/IMG-20231219-WA0160.jpg\",\"contentUrl\":\"https:\\\/\\\/folhapopular.info\\\/wp-content\\\/uploads\\\/2023\\\/12\\\/IMG-20231219-WA0160.jpg\",\"width\":1600,\"height\":1200,\"caption\":\"Cr\u00e9dito: Carlos Eduardo Schneider \\\/ AI Prefeitura de Imigrante\"},{\"@type\":\"BreadcrumbList\",\"@id\":\"https:\\\/\\\/folhapopular.info\\\/index.php\\\/2023\\\/12\\\/19\\\/enxurrada-atinge-12-familias-em-imigrante-e-municipio-prepara-decreto-de-emergencia\\\/#breadcrumb\",\"itemListElement\":[{\"@type\":\"ListItem\",\"position\":1,\"name\":\"In\u00edcio\",\"item\":\"https:\\\/\\\/folhapopular.info\\\/\"},{\"@type\":\"ListItem\",\"position\":2,\"name\":\"Enxurrada atinge 12 fam\u00edlias em Imigrante e Munic\u00edpio prepara decreto de emerg\u00eancia\"}]},{\"@type\":\"WebSite\",\"@id\":\"https:\\\/\\\/folhapopular.info\\\/#website\",\"url\":\"https:\\\/\\\/folhapopular.info\\\/\",\"name\":\"Folha Popular\",\"description\":\"Onde voc\u00ea tem vez e voz\",\"potentialAction\":[{\"@type\":\"SearchAction\",\"target\":{\"@type\":\"EntryPoint\",\"urlTemplate\":\"https:\\\/\\\/folhapopular.info\\\/?s={search_term_string}\"},\"query-input\":{\"@type\":\"PropertyValueSpecification\",\"valueRequired\":true,\"valueName\":\"search_term_string\"}}],\"inLanguage\":\"pt-BR\"},{\"@type\":\"Person\",\"@id\":\"https:\\\/\\\/folhapopular.info\\\/#\\\/schema\\\/person\\\/2814e8a0df7643585a9ca38bc6eb9d4b\",\"name\":\"Reda\u00e7\u00e3o Folha Popular\",\"image\":{\"@type\":\"ImageObject\",\"inLanguage\":\"pt-BR\",\"@id\":\"https:\\\/\\\/folhapopular.info\\\/wp-content\\\/uploads\\\/2026\\\/04\\\/Folha-1.webp\",\"url\":\"https:\\\/\\\/folhapopular.info\\\/wp-content\\\/uploads\\\/2026\\\/04\\\/Folha-1.webp\",\"contentUrl\":\"https:\\\/\\\/folhapopular.info\\\/wp-content\\\/uploads\\\/2026\\\/04\\\/Folha-1.webp\",\"caption\":\"Reda\u00e7\u00e3o Folha Popular\"},\"url\":\"https:\\\/\\\/folhapopular.info\\\/index.php\\\/author\\\/redacao\\\/\"}]}<\/script>\n<!-- \/ Yoast SEO plugin. -->","yoast_head_json":{"title":"Enxurrada atinge 12 fam\u00edlias em Imigrante e Munic\u00edpio prepara decreto de emerg\u00eancia - Folha Popular","robots":{"index":"index","follow":"follow","max-snippet":"max-snippet:-1","max-image-preview":"max-image-preview:large","max-video-preview":"max-video-preview:-1"},"canonical":"https:\/\/folhapopular.info\/index.php\/2023\/12\/19\/enxurrada-atinge-12-familias-em-imigrante-e-municipio-prepara-decreto-de-emergencia\/","og_locale":"pt_BR","og_type":"article","og_title":"Enxurrada atinge 12 fam\u00edlias em Imigrante e Munic\u00edpio prepara decreto de emerg\u00eancia - Folha Popular","og_description":"Na noite dessa segunda-feira (18\/12) o munic\u00edpio de Imigrante foi atingido por grande volume de chuva. Foram registrados cerca de 130 mil\u00edmetros em 40 minutos, o que provocou estragos de grande monta, principalmente no centro da cidade. Conforme o Centro de Refer\u00eancia de Assist\u00eancia Social (Cras), foram atingidas 12 fam\u00edlias, quatro estabelecimentos e o pr\u00e9dio [&hellip;]","og_url":"https:\/\/folhapopular.info\/index.php\/2023\/12\/19\/enxurrada-atinge-12-familias-em-imigrante-e-municipio-prepara-decreto-de-emergencia\/","og_site_name":"Folha Popular","article_published_time":"2023-12-19T20:16:16+00:00","article_modified_time":"2023-12-19T20:16:19+00:00","og_image":[{"width":1600,"height":1200,"url":"http:\/\/folhapopular.info\/wp-content\/uploads\/2023\/12\/IMG-20231219-WA0160.jpg","type":"image\/jpeg"}],"author":"Reda\u00e7\u00e3o Folha Popular","twitter_card":"summary_large_image","twitter_misc":{"Escrito por":"Reda\u00e7\u00e3o Folha Popular","Est. tempo de leitura":"4 minutos"},"schema":{"@context":"https:\/\/schema.org","@graph":[{"@type":"Article","@id":"https:\/\/folhapopular.info\/index.php\/2023\/12\/19\/enxurrada-atinge-12-familias-em-imigrante-e-municipio-prepara-decreto-de-emergencia\/#article","isPartOf":{"@id":"https:\/\/folhapopular.info\/index.php\/2023\/12\/19\/enxurrada-atinge-12-familias-em-imigrante-e-municipio-prepara-decreto-de-emergencia\/"},"author":{"name":"Reda\u00e7\u00e3o Folha Popular","@id":"https:\/\/folhapopular.info\/#\/schema\/person\/2814e8a0df7643585a9ca38bc6eb9d4b"},"headline":"Enxurrada atinge 12 fam\u00edlias em Imigrante e Munic\u00edpio prepara decreto de emerg\u00eancia","datePublished":"2023-12-19T20:16:16+00:00","dateModified":"2023-12-19T20:16:19+00:00","mainEntityOfPage":{"@id":"https:\/\/folhapopular.info\/index.php\/2023\/12\/19\/enxurrada-atinge-12-familias-em-imigrante-e-municipio-prepara-decreto-de-emergencia\/"},"wordCount":305,"commentCount":0,"image":{"@id":"https:\/\/folhapopular.info\/index.php\/2023\/12\/19\/enxurrada-atinge-12-familias-em-imigrante-e-municipio-prepara-decreto-de-emergencia\/#primaryimage"},"thumbnailUrl":"https:\/\/folhapopular.info\/wp-content\/uploads\/2023\/12\/IMG-20231219-WA0160.jpg","keywords":["CRAS","enxurrada","Imigrante","Vale do Taquari"],"articleSection":["Clima","Destaques","Geral"],"inLanguage":"pt-BR","potentialAction":[{"@type":"CommentAction","name":"Comment","target":["https:\/\/folhapopular.info\/index.php\/2023\/12\/19\/enxurrada-atinge-12-familias-em-imigrante-e-municipio-prepara-decreto-de-emergencia\/#respond"]}]},{"@type":"WebPage","@id":"https:\/\/folhapopular.info\/index.php\/2023\/12\/19\/enxurrada-atinge-12-familias-em-imigrante-e-municipio-prepara-decreto-de-emergencia\/","url":"https:\/\/folhapopular.info\/index.php\/2023\/12\/19\/enxurrada-atinge-12-familias-em-imigrante-e-municipio-prepara-decreto-de-emergencia\/","name":"Enxurrada atinge 12 fam\u00edlias em Imigrante e Munic\u00edpio prepara decreto de emerg\u00eancia - Folha Popular","isPartOf":{"@id":"https:\/\/folhapopular.info\/#website"},"primaryImageOfPage":{"@id":"https:\/\/folhapopular.info\/index.php\/2023\/12\/19\/enxurrada-atinge-12-familias-em-imigrante-e-municipio-prepara-decreto-de-emergencia\/#primaryimage"},"image":{"@id":"https:\/\/folhapopular.info\/index.php\/2023\/12\/19\/enxurrada-atinge-12-familias-em-imigrante-e-municipio-prepara-decreto-de-emergencia\/#primaryimage"},"thumbnailUrl":"https:\/\/folhapopular.info\/wp-content\/uploads\/2023\/12\/IMG-20231219-WA0160.jpg","datePublished":"2023-12-19T20:16:16+00:00","dateModified":"2023-12-19T20:16:19+00:00","author":{"@id":"https:\/\/folhapopular.info\/#\/schema\/person\/2814e8a0df7643585a9ca38bc6eb9d4b"},"breadcrumb":{"@id":"https:\/\/folhapopular.info\/index.php\/2023\/12\/19\/enxurrada-atinge-12-familias-em-imigrante-e-municipio-prepara-decreto-de-emergencia\/#breadcrumb"},"inLanguage":"pt-BR","potentialAction":[{"@type":"ReadAction","target":["https:\/\/folhapopular.info\/index.php\/2023\/12\/19\/enxurrada-atinge-12-familias-em-imigrante-e-municipio-prepara-decreto-de-emergencia\/"]}]},{"@type":"ImageObject","inLanguage":"pt-BR","@id":"https:\/\/folhapopular.info\/index.php\/2023\/12\/19\/enxurrada-atinge-12-familias-em-imigrante-e-municipio-prepara-decreto-de-emergencia\/#primaryimage","url":"https:\/\/folhapopular.info\/wp-content\/uploads\/2023\/12\/IMG-20231219-WA0160.jpg","contentUrl":"https:\/\/folhapopular.info\/wp-content\/uploads\/2023\/12\/IMG-20231219-WA0160.jpg","width":1600,"height":1200,"caption":"Cr\u00e9dito: Carlos Eduardo Schneider \/ AI Prefeitura de Imigrante"},{"@type":"BreadcrumbList","@id":"https:\/\/folhapopular.info\/index.php\/2023\/12\/19\/enxurrada-atinge-12-familias-em-imigrante-e-municipio-prepara-decreto-de-emergencia\/#breadcrumb","itemListElement":[{"@type":"ListItem","position":1,"name":"In\u00edcio","item":"https:\/\/folhapopular.info\/"},{"@type":"ListItem","position":2,"name":"Enxurrada atinge 12 fam\u00edlias em Imigrante e Munic\u00edpio prepara decreto de emerg\u00eancia"}]},{"@type":"WebSite","@id":"https:\/\/folhapopular.info\/#website","url":"https:\/\/folhapopular.info\/","name":"Folha Popular","description":"Onde voc\u00ea tem vez e voz","potentialAction":[{"@type":"SearchAction","target":{"@type":"EntryPoint","urlTemplate":"https:\/\/folhapopular.info\/?s={search_term_string}"},"query-input":{"@type":"PropertyValueSpecification","valueRequired":true,"valueName":"search_term_string"}}],"inLanguage":"pt-BR"},{"@type":"Person","@id":"https:\/\/folhapopular.info\/#\/schema\/person\/2814e8a0df7643585a9ca38bc6eb9d4b","name":"Reda\u00e7\u00e3o Folha Popular","image":{"@type":"ImageObject","inLanguage":"pt-BR","@id":"https:\/\/folhapopular.info\/wp-content\/uploads\/2026\/04\/Folha-1.webp","url":"https:\/\/folhapopular.info\/wp-content\/uploads\/2026\/04\/Folha-1.webp","contentUrl":"https:\/\/folhapopular.info\/wp-content\/uploads\/2026\/04\/Folha-1.webp","caption":"Reda\u00e7\u00e3o Folha Popular"},"url":"https:\/\/folhapopular.info\/index.php\/author\/redacao\/"}]}},"jetpack_featured_media_url":"https:\/\/folhapopular.info\/wp-content\/uploads\/2023\/12\/IMG-20231219-WA0160.jpg","jetpack_sharing_enabled":true,"amp_enabled":true,"_links":{"self":[{"href":"https:\/\/folhapopular.info\/index.php\/wp-json\/wp\/v2\/posts\/145828","targetHints":{"allow":["GET"]}}],"collection":[{"href":"https:\/\/folhapopular.info\/index.php\/wp-json\/wp\/v2\/posts"}],"about":[{"href":"https:\/\/folhapopular.info\/index.php\/wp-json\/wp\/v2\/types\/post"}],"author":[{"embeddable":true,"href":"https:\/\/folhapopular.info\/index.php\/wp-json\/wp\/v2\/users\/8"}],"replies":[{"embeddable":true,"href":"https:\/\/folhapopular.info\/index.php\/wp-json\/wp\/v2\/comments?post=145828"}],"version-history":[{"count":0,"href":"https:\/\/folhapopular.info\/index.php\/wp-json\/wp\/v2\/posts\/145828\/revisions"}],"wp:featuredmedia":[{"embeddable":true,"href":"https:\/\/folhapopular.info\/index.php\/wp-json\/wp\/v2\/media\/145831"}],"wp:attachment":[{"href":"https:\/\/folhapopular.info\/index.php\/wp-json\/wp\/v2\/media?parent=145828"}],"wp:term":[{"taxonomy":"category","embeddable":true,"href":"https:\/\/folhapopular.info\/index.php\/wp-json\/wp\/v2\/categories?post=145828"},{"taxonomy":"post_tag","embeddable":true,"href":"https:\/\/folhapopular.info\/index.php\/wp-json\/wp\/v2\/tags?post=145828"}],"curies":[{"name":"wp","href":"https:\/\/api.w.org\/{rel}","templated":true}]}}