{"id":146005,"date":"2023-12-22T07:59:09","date_gmt":"2023-12-22T10:59:09","guid":{"rendered":"https:\/\/folhapopular.info\/?p=146005"},"modified":"2023-12-22T07:59:14","modified_gmt":"2023-12-22T10:59:14","slug":"equipes-da-prefeitura-de-lajeado-vistoriam-as-margens-e-o-leito-do-rio-taquari","status":"publish","type":"post","link":"https:\/\/folhapopular.info\/index.php\/2023\/12\/22\/equipes-da-prefeitura-de-lajeado-vistoriam-as-margens-e-o-leito-do-rio-taquari\/","title":{"rendered":"Equipes da Prefeitura de Lajeado vistoriam as margens e o leito do Rio Taquari"},"content":{"rendered":"\n<p>Equipes da Prefeitura de Lajeado e da Defesa Civil vistoriaram, durante esta quinta-feira (21\/12), as margens e o leito do Rio Taquari para averiguar os danos e estragos causados ap\u00f3s as cheias hist\u00f3ricas de setembro e novembro. A vistoria ocorreu ap\u00f3s as comportas da barragem eclusa de Bom Retiro do Sul terem sido abertas, o que provocou a redu\u00e7\u00e3o do n\u00edvel do Rio Taquari.<\/p>\n\n\n\n<p>Conforme o prefeito Marcelo Caumo, com a baixa das \u00e1guas foi poss\u00edvel fazer uma avalia\u00e7\u00e3o mais detalhada dos estragos, verificando o que pode causar risco \u00e0 seguran\u00e7a das pessoas.<\/p>\n\n\n\n<p>Durante a vistoria, foi poss\u00edvel verificar danos nas margens do rio, como queda de \u00e1rvores e desbarrancamentos, o ac\u00famulo de sedimentos como areia, terra e cascalhos no leito do rio, com a forma\u00e7\u00e3o de ilhas e o ac\u00famulo de lixo e entulho.<\/p>\n\n\n\n<p>&#8220;Os pontos de acesso ao rio por embarca\u00e7\u00f5es, por exemplo, foram danificados e necessitam ser refeitos, assim como a recupera\u00e7\u00e3o da mata ciliar que protege as nossas margens. A vistoria tamb\u00e9m nos mostra como est\u00e1 a navegabilidade do rio, j\u00e1 que ele \u00e9 um ponto de lazer para a popula\u00e7\u00e3o no ver\u00e3o e um dos cart\u00f5es-postais do munic\u00edpio&#8221;, explica o prefeito.<\/p>\n\n\n\n<figure class=\"wp-block-gallery has-nested-images columns-default is-cropped wp-block-gallery-1 is-layout-flex wp-block-gallery-is-layout-flex\">\n<figure class=\"wp-block-image size-large\"><img loading=\"lazy\" decoding=\"async\" width=\"1024\" height=\"768\" data-id=\"146014\" src=\"https:\/\/folhapopular.info\/wp-content\/uploads\/2023\/12\/Margem-do-rio-Conservas-1-1024x768.jpg\" alt=\"\" class=\"wp-image-146014\" srcset=\"https:\/\/folhapopular.info\/wp-content\/uploads\/2023\/12\/Margem-do-rio-Conservas-1-1024x768.jpg 1024w, https:\/\/folhapopular.info\/wp-content\/uploads\/2023\/12\/Margem-do-rio-Conservas-1-300x225.jpg 300w, https:\/\/folhapopular.info\/wp-content\/uploads\/2023\/12\/Margem-do-rio-Conservas-1-768x576.jpg 768w, https:\/\/folhapopular.info\/wp-content\/uploads\/2023\/12\/Margem-do-rio-Conservas-1-1536x1152.jpg 1536w, https:\/\/folhapopular.info\/wp-content\/uploads\/2023\/12\/Margem-do-rio-Conservas-1-2048x1536.jpg 2048w, https:\/\/folhapopular.info\/wp-content\/uploads\/2023\/12\/Margem-do-rio-Conservas-1-696x522.jpg 696w, https:\/\/folhapopular.info\/wp-content\/uploads\/2023\/12\/Margem-do-rio-Conservas-1-1068x801.jpg 1068w, https:\/\/folhapopular.info\/wp-content\/uploads\/2023\/12\/Margem-do-rio-Conservas-1-1920x1440.jpg 1920w\" sizes=\"auto, (max-width: 1024px) 100vw, 1024px\" \/><figcaption class=\"wp-element-caption\">Margem do rio na altura do Bairro Conservas<\/figcaption><\/figure>\n\n\n\n<figure class=\"wp-block-image size-large\"><img loading=\"lazy\" decoding=\"async\" width=\"1024\" height=\"768\" data-id=\"146016\" src=\"https:\/\/folhapopular.info\/wp-content\/uploads\/2023\/12\/Altura-do-Atacado-Ferrari-1024x768.jpg\" alt=\"\" class=\"wp-image-146016\" srcset=\"https:\/\/folhapopular.info\/wp-content\/uploads\/2023\/12\/Altura-do-Atacado-Ferrari-1024x768.jpg 1024w, https:\/\/folhapopular.info\/wp-content\/uploads\/2023\/12\/Altura-do-Atacado-Ferrari-300x225.jpg 300w, https:\/\/folhapopular.info\/wp-content\/uploads\/2023\/12\/Altura-do-Atacado-Ferrari-768x576.jpg 768w, https:\/\/folhapopular.info\/wp-content\/uploads\/2023\/12\/Altura-do-Atacado-Ferrari-1536x1152.jpg 1536w, https:\/\/folhapopular.info\/wp-content\/uploads\/2023\/12\/Altura-do-Atacado-Ferrari-2048x1536.jpg 2048w, https:\/\/folhapopular.info\/wp-content\/uploads\/2023\/12\/Altura-do-Atacado-Ferrari-696x522.jpg 696w, https:\/\/folhapopular.info\/wp-content\/uploads\/2023\/12\/Altura-do-Atacado-Ferrari-1068x801.jpg 1068w, https:\/\/folhapopular.info\/wp-content\/uploads\/2023\/12\/Altura-do-Atacado-Ferrari-1920x1440.jpg 1920w\" sizes=\"auto, (max-width: 1024px) 100vw, 1024px\" \/><figcaption class=\"wp-element-caption\">Altura do Atacado Ferrari<\/figcaption><\/figure>\n\n\n\n<figure class=\"wp-block-image size-large\"><img loading=\"lazy\" decoding=\"async\" width=\"1024\" height=\"768\" data-id=\"146015\" src=\"https:\/\/folhapopular.info\/wp-content\/uploads\/2023\/12\/Margem-do-Rio-na-Ponte-1024x768.jpg\" alt=\"\" class=\"wp-image-146015\" srcset=\"https:\/\/folhapopular.info\/wp-content\/uploads\/2023\/12\/Margem-do-Rio-na-Ponte-1024x768.jpg 1024w, https:\/\/folhapopular.info\/wp-content\/uploads\/2023\/12\/Margem-do-Rio-na-Ponte-300x225.jpg 300w, https:\/\/folhapopular.info\/wp-content\/uploads\/2023\/12\/Margem-do-Rio-na-Ponte-768x576.jpg 768w, https:\/\/folhapopular.info\/wp-content\/uploads\/2023\/12\/Margem-do-Rio-na-Ponte-1536x1152.jpg 1536w, https:\/\/folhapopular.info\/wp-content\/uploads\/2023\/12\/Margem-do-Rio-na-Ponte-2048x1536.jpg 2048w, https:\/\/folhapopular.info\/wp-content\/uploads\/2023\/12\/Margem-do-Rio-na-Ponte-696x522.jpg 696w, https:\/\/folhapopular.info\/wp-content\/uploads\/2023\/12\/Margem-do-Rio-na-Ponte-1068x801.jpg 1068w, https:\/\/folhapopular.info\/wp-content\/uploads\/2023\/12\/Margem-do-Rio-na-Ponte-1920x1440.jpg 1920w\" sizes=\"auto, (max-width: 1024px) 100vw, 1024px\" \/><figcaption class=\"wp-element-caption\">Margem do rio na altura da ponte<\/figcaption><\/figure>\n<figcaption class=\"blocks-gallery-caption wp-element-caption\">Cr\u00e9dito: Leandro Fernandes \/ Divulga\u00e7\u00e3o<\/figcaption><\/figure>\n","protected":false},"excerpt":{"rendered":"<p>Equipes da Prefeitura de Lajeado e da Defesa Civil vistoriaram, durante esta quinta-feira (21\/12), as margens e o leito do Rio Taquari para averiguar os danos e estragos causados ap\u00f3s as cheias hist\u00f3ricas de setembro e novembro. A vistoria ocorreu ap\u00f3s as comportas da barragem eclusa de Bom Retiro do Sul terem sido abertas, o [&hellip;]<\/p>\n","protected":false},"author":8,"featured_media":146013,"comment_status":"open","ping_status":"open","sticky":false,"template":"","format":"standard","meta":{"pmpro_default_level":"","_jetpack_memberships_contains_paid_content":false,"footnotes":""},"categories":[2,3],"tags":[5083,207,5902],"class_list":{"0":"post-146005","1":"post","2":"type-post","3":"status-publish","4":"format-standard","5":"has-post-thumbnail","7":"category-featured","8":"category-geral","9":"tag-prefeitura-de-lajeado","10":"tag-rio-taquari","11":"tag-vistoria","12":"pmpro-has-access"},"yoast_head":"<!-- This site is optimized with the Yoast SEO plugin v27.5 - https:\/\/yoast.com\/product\/yoast-seo-wordpress\/ -->\n<title>Equipes da Prefeitura de Lajeado vistoriam as margens e o leito do Rio Taquari - Folha Popular<\/title>\n<meta name=\"robots\" content=\"index, follow, max-snippet:-1, max-image-preview:large, max-video-preview:-1\" \/>\n<link rel=\"canonical\" href=\"https:\/\/folhapopular.info\/index.php\/2023\/12\/22\/equipes-da-prefeitura-de-lajeado-vistoriam-as-margens-e-o-leito-do-rio-taquari\/\" \/>\n<meta property=\"og:locale\" content=\"pt_BR\" \/>\n<meta property=\"og:type\" content=\"article\" \/>\n<meta property=\"og:title\" content=\"Equipes da Prefeitura de Lajeado vistoriam as margens e o leito do Rio Taquari - Folha Popular\" \/>\n<meta property=\"og:description\" content=\"Equipes da Prefeitura de Lajeado e da Defesa Civil vistoriaram, durante esta quinta-feira (21\/12), as margens e o leito do Rio Taquari para averiguar os danos e estragos causados ap\u00f3s as cheias hist\u00f3ricas de setembro e novembro. A vistoria ocorreu ap\u00f3s as comportas da barragem eclusa de Bom Retiro do Sul terem sido abertas, o [&hellip;]\" \/>\n<meta property=\"og:url\" content=\"https:\/\/folhapopular.info\/index.php\/2023\/12\/22\/equipes-da-prefeitura-de-lajeado-vistoriam-as-margens-e-o-leito-do-rio-taquari\/\" \/>\n<meta property=\"og:site_name\" content=\"Folha Popular\" \/>\n<meta property=\"article:published_time\" content=\"2023-12-22T10:59:09+00:00\" \/>\n<meta property=\"article:modified_time\" content=\"2023-12-22T10:59:14+00:00\" \/>\n<meta property=\"og:image\" content=\"http:\/\/folhapopular.info\/wp-content\/uploads\/2023\/12\/Ilha-de-cascalhos-em-Carneiros-scaled.jpg\" \/>\n\t<meta property=\"og:image:width\" content=\"2560\" \/>\n\t<meta property=\"og:image:height\" content=\"1920\" \/>\n\t<meta property=\"og:image:type\" content=\"image\/jpeg\" \/>\n<meta name=\"author\" content=\"Reda\u00e7\u00e3o Folha Popular\" \/>\n<meta name=\"twitter:card\" content=\"summary_large_image\" \/>\n<meta name=\"twitter:label1\" content=\"Escrito por\" \/>\n\t<meta name=\"twitter:data1\" content=\"Reda\u00e7\u00e3o Folha Popular\" \/>\n\t<meta name=\"twitter:label2\" content=\"Est. tempo de leitura\" \/>\n\t<meta name=\"twitter:data2\" content=\"3 minutos\" \/>\n<script type=\"application\/ld+json\" class=\"yoast-schema-graph\">{\"@context\":\"https:\\\/\\\/schema.org\",\"@graph\":[{\"@type\":\"Article\",\"@id\":\"https:\\\/\\\/folhapopular.info\\\/index.php\\\/2023\\\/12\\\/22\\\/equipes-da-prefeitura-de-lajeado-vistoriam-as-margens-e-o-leito-do-rio-taquari\\\/#article\",\"isPartOf\":{\"@id\":\"https:\\\/\\\/folhapopular.info\\\/index.php\\\/2023\\\/12\\\/22\\\/equipes-da-prefeitura-de-lajeado-vistoriam-as-margens-e-o-leito-do-rio-taquari\\\/\"},\"author\":{\"name\":\"Reda\u00e7\u00e3o Folha Popular\",\"@id\":\"https:\\\/\\\/folhapopular.info\\\/#\\\/schema\\\/person\\\/2814e8a0df7643585a9ca38bc6eb9d4b\"},\"headline\":\"Equipes da Prefeitura de Lajeado vistoriam as margens e o leito do Rio Taquari\",\"datePublished\":\"2023-12-22T10:59:09+00:00\",\"dateModified\":\"2023-12-22T10:59:14+00:00\",\"mainEntityOfPage\":{\"@id\":\"https:\\\/\\\/folhapopular.info\\\/index.php\\\/2023\\\/12\\\/22\\\/equipes-da-prefeitura-de-lajeado-vistoriam-as-margens-e-o-leito-do-rio-taquari\\\/\"},\"wordCount\":251,\"commentCount\":0,\"image\":{\"@id\":\"https:\\\/\\\/folhapopular.info\\\/index.php\\\/2023\\\/12\\\/22\\\/equipes-da-prefeitura-de-lajeado-vistoriam-as-margens-e-o-leito-do-rio-taquari\\\/#primaryimage\"},\"thumbnailUrl\":\"https:\\\/\\\/folhapopular.info\\\/wp-content\\\/uploads\\\/2023\\\/12\\\/Ilha-de-cascalhos-em-Carneiros-scaled.jpg\",\"keywords\":[\"Prefeitura de Lajeado\",\"Rio Taquari\",\"vistoria\"],\"articleSection\":[\"Destaques\",\"Geral\"],\"inLanguage\":\"pt-BR\",\"potentialAction\":[{\"@type\":\"CommentAction\",\"name\":\"Comment\",\"target\":[\"https:\\\/\\\/folhapopular.info\\\/index.php\\\/2023\\\/12\\\/22\\\/equipes-da-prefeitura-de-lajeado-vistoriam-as-margens-e-o-leito-do-rio-taquari\\\/#respond\"]}]},{\"@type\":\"WebPage\",\"@id\":\"https:\\\/\\\/folhapopular.info\\\/index.php\\\/2023\\\/12\\\/22\\\/equipes-da-prefeitura-de-lajeado-vistoriam-as-margens-e-o-leito-do-rio-taquari\\\/\",\"url\":\"https:\\\/\\\/folhapopular.info\\\/index.php\\\/2023\\\/12\\\/22\\\/equipes-da-prefeitura-de-lajeado-vistoriam-as-margens-e-o-leito-do-rio-taquari\\\/\",\"name\":\"Equipes da Prefeitura de Lajeado vistoriam as margens e o leito do Rio Taquari - Folha Popular\",\"isPartOf\":{\"@id\":\"https:\\\/\\\/folhapopular.info\\\/#website\"},\"primaryImageOfPage\":{\"@id\":\"https:\\\/\\\/folhapopular.info\\\/index.php\\\/2023\\\/12\\\/22\\\/equipes-da-prefeitura-de-lajeado-vistoriam-as-margens-e-o-leito-do-rio-taquari\\\/#primaryimage\"},\"image\":{\"@id\":\"https:\\\/\\\/folhapopular.info\\\/index.php\\\/2023\\\/12\\\/22\\\/equipes-da-prefeitura-de-lajeado-vistoriam-as-margens-e-o-leito-do-rio-taquari\\\/#primaryimage\"},\"thumbnailUrl\":\"https:\\\/\\\/folhapopular.info\\\/wp-content\\\/uploads\\\/2023\\\/12\\\/Ilha-de-cascalhos-em-Carneiros-scaled.jpg\",\"datePublished\":\"2023-12-22T10:59:09+00:00\",\"dateModified\":\"2023-12-22T10:59:14+00:00\",\"author\":{\"@id\":\"https:\\\/\\\/folhapopular.info\\\/#\\\/schema\\\/person\\\/2814e8a0df7643585a9ca38bc6eb9d4b\"},\"breadcrumb\":{\"@id\":\"https:\\\/\\\/folhapopular.info\\\/index.php\\\/2023\\\/12\\\/22\\\/equipes-da-prefeitura-de-lajeado-vistoriam-as-margens-e-o-leito-do-rio-taquari\\\/#breadcrumb\"},\"inLanguage\":\"pt-BR\",\"potentialAction\":[{\"@type\":\"ReadAction\",\"target\":[\"https:\\\/\\\/folhapopular.info\\\/index.php\\\/2023\\\/12\\\/22\\\/equipes-da-prefeitura-de-lajeado-vistoriam-as-margens-e-o-leito-do-rio-taquari\\\/\"]}]},{\"@type\":\"ImageObject\",\"inLanguage\":\"pt-BR\",\"@id\":\"https:\\\/\\\/folhapopular.info\\\/index.php\\\/2023\\\/12\\\/22\\\/equipes-da-prefeitura-de-lajeado-vistoriam-as-margens-e-o-leito-do-rio-taquari\\\/#primaryimage\",\"url\":\"https:\\\/\\\/folhapopular.info\\\/wp-content\\\/uploads\\\/2023\\\/12\\\/Ilha-de-cascalhos-em-Carneiros-scaled.jpg\",\"contentUrl\":\"https:\\\/\\\/folhapopular.info\\\/wp-content\\\/uploads\\\/2023\\\/12\\\/Ilha-de-cascalhos-em-Carneiros-scaled.jpg\",\"width\":2560,\"height\":1920,\"caption\":\"Ilha de cascalhos na altura do Bairro Carneiros. Cr\u00e9dito: Leandro Fernandes \\\/ Divulga\u00e7\u00e3o\"},{\"@type\":\"BreadcrumbList\",\"@id\":\"https:\\\/\\\/folhapopular.info\\\/index.php\\\/2023\\\/12\\\/22\\\/equipes-da-prefeitura-de-lajeado-vistoriam-as-margens-e-o-leito-do-rio-taquari\\\/#breadcrumb\",\"itemListElement\":[{\"@type\":\"ListItem\",\"position\":1,\"name\":\"In\u00edcio\",\"item\":\"https:\\\/\\\/folhapopular.info\\\/\"},{\"@type\":\"ListItem\",\"position\":2,\"name\":\"Equipes da Prefeitura de Lajeado vistoriam as margens e o leito do Rio Taquari\"}]},{\"@type\":\"WebSite\",\"@id\":\"https:\\\/\\\/folhapopular.info\\\/#website\",\"url\":\"https:\\\/\\\/folhapopular.info\\\/\",\"name\":\"Folha Popular\",\"description\":\"Onde voc\u00ea tem vez e voz\",\"potentialAction\":[{\"@type\":\"SearchAction\",\"target\":{\"@type\":\"EntryPoint\",\"urlTemplate\":\"https:\\\/\\\/folhapopular.info\\\/?s={search_term_string}\"},\"query-input\":{\"@type\":\"PropertyValueSpecification\",\"valueRequired\":true,\"valueName\":\"search_term_string\"}}],\"inLanguage\":\"pt-BR\"},{\"@type\":\"Person\",\"@id\":\"https:\\\/\\\/folhapopular.info\\\/#\\\/schema\\\/person\\\/2814e8a0df7643585a9ca38bc6eb9d4b\",\"name\":\"Reda\u00e7\u00e3o Folha Popular\",\"image\":{\"@type\":\"ImageObject\",\"inLanguage\":\"pt-BR\",\"@id\":\"https:\\\/\\\/folhapopular.info\\\/wp-content\\\/uploads\\\/2026\\\/04\\\/Folha-1.webp\",\"url\":\"https:\\\/\\\/folhapopular.info\\\/wp-content\\\/uploads\\\/2026\\\/04\\\/Folha-1.webp\",\"contentUrl\":\"https:\\\/\\\/folhapopular.info\\\/wp-content\\\/uploads\\\/2026\\\/04\\\/Folha-1.webp\",\"caption\":\"Reda\u00e7\u00e3o Folha Popular\"},\"url\":\"https:\\\/\\\/folhapopular.info\\\/index.php\\\/author\\\/redacao\\\/\"}]}<\/script>\n<!-- \/ Yoast SEO plugin. -->","yoast_head_json":{"title":"Equipes da Prefeitura de Lajeado vistoriam as margens e o leito do Rio Taquari - Folha Popular","robots":{"index":"index","follow":"follow","max-snippet":"max-snippet:-1","max-image-preview":"max-image-preview:large","max-video-preview":"max-video-preview:-1"},"canonical":"https:\/\/folhapopular.info\/index.php\/2023\/12\/22\/equipes-da-prefeitura-de-lajeado-vistoriam-as-margens-e-o-leito-do-rio-taquari\/","og_locale":"pt_BR","og_type":"article","og_title":"Equipes da Prefeitura de Lajeado vistoriam as margens e o leito do Rio Taquari - Folha Popular","og_description":"Equipes da Prefeitura de Lajeado e da Defesa Civil vistoriaram, durante esta quinta-feira (21\/12), as margens e o leito do Rio Taquari para averiguar os danos e estragos causados ap\u00f3s as cheias hist\u00f3ricas de setembro e novembro. A vistoria ocorreu ap\u00f3s as comportas da barragem eclusa de Bom Retiro do Sul terem sido abertas, o [&hellip;]","og_url":"https:\/\/folhapopular.info\/index.php\/2023\/12\/22\/equipes-da-prefeitura-de-lajeado-vistoriam-as-margens-e-o-leito-do-rio-taquari\/","og_site_name":"Folha Popular","article_published_time":"2023-12-22T10:59:09+00:00","article_modified_time":"2023-12-22T10:59:14+00:00","og_image":[{"width":2560,"height":1920,"url":"http:\/\/folhapopular.info\/wp-content\/uploads\/2023\/12\/Ilha-de-cascalhos-em-Carneiros-scaled.jpg","type":"image\/jpeg"}],"author":"Reda\u00e7\u00e3o Folha Popular","twitter_card":"summary_large_image","twitter_misc":{"Escrito por":"Reda\u00e7\u00e3o Folha Popular","Est. tempo de leitura":"3 minutos"},"schema":{"@context":"https:\/\/schema.org","@graph":[{"@type":"Article","@id":"https:\/\/folhapopular.info\/index.php\/2023\/12\/22\/equipes-da-prefeitura-de-lajeado-vistoriam-as-margens-e-o-leito-do-rio-taquari\/#article","isPartOf":{"@id":"https:\/\/folhapopular.info\/index.php\/2023\/12\/22\/equipes-da-prefeitura-de-lajeado-vistoriam-as-margens-e-o-leito-do-rio-taquari\/"},"author":{"name":"Reda\u00e7\u00e3o Folha Popular","@id":"https:\/\/folhapopular.info\/#\/schema\/person\/2814e8a0df7643585a9ca38bc6eb9d4b"},"headline":"Equipes da Prefeitura de Lajeado vistoriam as margens e o leito do Rio Taquari","datePublished":"2023-12-22T10:59:09+00:00","dateModified":"2023-12-22T10:59:14+00:00","mainEntityOfPage":{"@id":"https:\/\/folhapopular.info\/index.php\/2023\/12\/22\/equipes-da-prefeitura-de-lajeado-vistoriam-as-margens-e-o-leito-do-rio-taquari\/"},"wordCount":251,"commentCount":0,"image":{"@id":"https:\/\/folhapopular.info\/index.php\/2023\/12\/22\/equipes-da-prefeitura-de-lajeado-vistoriam-as-margens-e-o-leito-do-rio-taquari\/#primaryimage"},"thumbnailUrl":"https:\/\/folhapopular.info\/wp-content\/uploads\/2023\/12\/Ilha-de-cascalhos-em-Carneiros-scaled.jpg","keywords":["Prefeitura de Lajeado","Rio Taquari","vistoria"],"articleSection":["Destaques","Geral"],"inLanguage":"pt-BR","potentialAction":[{"@type":"CommentAction","name":"Comment","target":["https:\/\/folhapopular.info\/index.php\/2023\/12\/22\/equipes-da-prefeitura-de-lajeado-vistoriam-as-margens-e-o-leito-do-rio-taquari\/#respond"]}]},{"@type":"WebPage","@id":"https:\/\/folhapopular.info\/index.php\/2023\/12\/22\/equipes-da-prefeitura-de-lajeado-vistoriam-as-margens-e-o-leito-do-rio-taquari\/","url":"https:\/\/folhapopular.info\/index.php\/2023\/12\/22\/equipes-da-prefeitura-de-lajeado-vistoriam-as-margens-e-o-leito-do-rio-taquari\/","name":"Equipes da Prefeitura de Lajeado vistoriam as margens e o leito do Rio Taquari - Folha Popular","isPartOf":{"@id":"https:\/\/folhapopular.info\/#website"},"primaryImageOfPage":{"@id":"https:\/\/folhapopular.info\/index.php\/2023\/12\/22\/equipes-da-prefeitura-de-lajeado-vistoriam-as-margens-e-o-leito-do-rio-taquari\/#primaryimage"},"image":{"@id":"https:\/\/folhapopular.info\/index.php\/2023\/12\/22\/equipes-da-prefeitura-de-lajeado-vistoriam-as-margens-e-o-leito-do-rio-taquari\/#primaryimage"},"thumbnailUrl":"https:\/\/folhapopular.info\/wp-content\/uploads\/2023\/12\/Ilha-de-cascalhos-em-Carneiros-scaled.jpg","datePublished":"2023-12-22T10:59:09+00:00","dateModified":"2023-12-22T10:59:14+00:00","author":{"@id":"https:\/\/folhapopular.info\/#\/schema\/person\/2814e8a0df7643585a9ca38bc6eb9d4b"},"breadcrumb":{"@id":"https:\/\/folhapopular.info\/index.php\/2023\/12\/22\/equipes-da-prefeitura-de-lajeado-vistoriam-as-margens-e-o-leito-do-rio-taquari\/#breadcrumb"},"inLanguage":"pt-BR","potentialAction":[{"@type":"ReadAction","target":["https:\/\/folhapopular.info\/index.php\/2023\/12\/22\/equipes-da-prefeitura-de-lajeado-vistoriam-as-margens-e-o-leito-do-rio-taquari\/"]}]},{"@type":"ImageObject","inLanguage":"pt-BR","@id":"https:\/\/folhapopular.info\/index.php\/2023\/12\/22\/equipes-da-prefeitura-de-lajeado-vistoriam-as-margens-e-o-leito-do-rio-taquari\/#primaryimage","url":"https:\/\/folhapopular.info\/wp-content\/uploads\/2023\/12\/Ilha-de-cascalhos-em-Carneiros-scaled.jpg","contentUrl":"https:\/\/folhapopular.info\/wp-content\/uploads\/2023\/12\/Ilha-de-cascalhos-em-Carneiros-scaled.jpg","width":2560,"height":1920,"caption":"Ilha de cascalhos na altura do Bairro Carneiros. Cr\u00e9dito: Leandro Fernandes \/ Divulga\u00e7\u00e3o"},{"@type":"BreadcrumbList","@id":"https:\/\/folhapopular.info\/index.php\/2023\/12\/22\/equipes-da-prefeitura-de-lajeado-vistoriam-as-margens-e-o-leito-do-rio-taquari\/#breadcrumb","itemListElement":[{"@type":"ListItem","position":1,"name":"In\u00edcio","item":"https:\/\/folhapopular.info\/"},{"@type":"ListItem","position":2,"name":"Equipes da Prefeitura de Lajeado vistoriam as margens e o leito do Rio Taquari"}]},{"@type":"WebSite","@id":"https:\/\/folhapopular.info\/#website","url":"https:\/\/folhapopular.info\/","name":"Folha Popular","description":"Onde voc\u00ea tem vez e voz","potentialAction":[{"@type":"SearchAction","target":{"@type":"EntryPoint","urlTemplate":"https:\/\/folhapopular.info\/?s={search_term_string}"},"query-input":{"@type":"PropertyValueSpecification","valueRequired":true,"valueName":"search_term_string"}}],"inLanguage":"pt-BR"},{"@type":"Person","@id":"https:\/\/folhapopular.info\/#\/schema\/person\/2814e8a0df7643585a9ca38bc6eb9d4b","name":"Reda\u00e7\u00e3o Folha Popular","image":{"@type":"ImageObject","inLanguage":"pt-BR","@id":"https:\/\/folhapopular.info\/wp-content\/uploads\/2026\/04\/Folha-1.webp","url":"https:\/\/folhapopular.info\/wp-content\/uploads\/2026\/04\/Folha-1.webp","contentUrl":"https:\/\/folhapopular.info\/wp-content\/uploads\/2026\/04\/Folha-1.webp","caption":"Reda\u00e7\u00e3o Folha Popular"},"url":"https:\/\/folhapopular.info\/index.php\/author\/redacao\/"}]}},"jetpack_featured_media_url":"https:\/\/folhapopular.info\/wp-content\/uploads\/2023\/12\/Ilha-de-cascalhos-em-Carneiros-scaled.jpg","jetpack_sharing_enabled":true,"amp_enabled":true,"_links":{"self":[{"href":"https:\/\/folhapopular.info\/index.php\/wp-json\/wp\/v2\/posts\/146005","targetHints":{"allow":["GET"]}}],"collection":[{"href":"https:\/\/folhapopular.info\/index.php\/wp-json\/wp\/v2\/posts"}],"about":[{"href":"https:\/\/folhapopular.info\/index.php\/wp-json\/wp\/v2\/types\/post"}],"author":[{"embeddable":true,"href":"https:\/\/folhapopular.info\/index.php\/wp-json\/wp\/v2\/users\/8"}],"replies":[{"embeddable":true,"href":"https:\/\/folhapopular.info\/index.php\/wp-json\/wp\/v2\/comments?post=146005"}],"version-history":[{"count":0,"href":"https:\/\/folhapopular.info\/index.php\/wp-json\/wp\/v2\/posts\/146005\/revisions"}],"wp:featuredmedia":[{"embeddable":true,"href":"https:\/\/folhapopular.info\/index.php\/wp-json\/wp\/v2\/media\/146013"}],"wp:attachment":[{"href":"https:\/\/folhapopular.info\/index.php\/wp-json\/wp\/v2\/media?parent=146005"}],"wp:term":[{"taxonomy":"category","embeddable":true,"href":"https:\/\/folhapopular.info\/index.php\/wp-json\/wp\/v2\/categories?post=146005"},{"taxonomy":"post_tag","embeddable":true,"href":"https:\/\/folhapopular.info\/index.php\/wp-json\/wp\/v2\/tags?post=146005"}],"curies":[{"name":"wp","href":"https:\/\/api.w.org\/{rel}","templated":true}]}}