{"id":146042,"date":"2023-12-22T15:24:37","date_gmt":"2023-12-22T18:24:37","guid":{"rendered":"https:\/\/folhapopular.info\/?p=146042"},"modified":"2023-12-22T15:26:55","modified_gmt":"2023-12-22T18:26:55","slug":"languiru-detalha-negociacoes-a-associados-e-projeta-parceria-no-segmento-da-avicultura","status":"publish","type":"post","link":"https:\/\/folhapopular.info\/index.php\/2023\/12\/22\/languiru-detalha-negociacoes-a-associados-e-projeta-parceria-no-segmento-da-avicultura\/","title":{"rendered":"Languiru detalha negocia\u00e7\u00f5es a associados e projeta parceria no segmento da avicultura"},"content":{"rendered":"\n<p>Na tarde de quinta-feira (21\/12) a Cooperativa Languiru realizou sua assembleia geral extraordin\u00e1ria. Tendo por local a Associa\u00e7\u00e3o dos Funcion\u00e1rios da Languiru, em Teut\u00f4nia, o evento reuniu 135 pessoas, das quais 102 associados votantes. A ordem do dia deliberou sobre relat\u00f3rio e balan\u00e7o do procedimento da liquida\u00e7\u00e3o e sobre a presta\u00e7\u00e3o de contas dos atos praticados durante o processo de liquida\u00e7\u00e3o extrajudicial da cooperativa, sobre os ajustes do Regimento Interno do Conselho Fiscal durante o per\u00edodo de liquida\u00e7\u00e3o e sobre reajuste do valor da c\u00e9dula de presen\u00e7a do Conselho Fiscal.<\/p>\n\n\n\n<p>Conduzida pelo presidente liquidante Paulo Roberto Birck, foram destacadas as a\u00e7\u00f5es realizadas desde a assembleia de instala\u00e7\u00e3o do processo de liquida\u00e7\u00e3o extrajudicial, no dia 18 de julho, em especial negocia\u00e7\u00f5es efetivadas e em andamento at\u00e9 o fim do m\u00eas de outubro.<\/p>\n\n\n\n<p>Foram retomados n\u00fameros que haviam sido apresentados em reuni\u00e3o com associados no fim do m\u00eas de novembro, como indicadores relacionados aos credores, folha de pagamento do quadro funcional e parcelamento das rescis\u00f5es. Destaque \u00e0 prorroga\u00e7\u00e3o do prazo para apresenta\u00e7\u00e3o de habilita\u00e7\u00e3o ou impugna\u00e7\u00e3o dos cr\u00e9ditos relacionados at\u00e9 26 de dezembro de 2023 em virtude da identifica\u00e7\u00e3o de instabilidade no sistema durante o dia 15 de dezembro, que era o prazo anteriormente definido.<\/p>\n\n\n\n<h2 class=\"wp-block-heading\">Avicultura<\/h2>\n\n\n\n<p>Birck falou dos segmentos aos quais a Languiru dar\u00e1 continuidade: lojas Agrocenter \u2013 Bazar, Ferramentas, Cal\u00e7ados e Confec\u00e7\u00f5es e Agrocenter \u2013 Insumos, em Teut\u00f4nia, segmentos de leite, gr\u00e3os e aves, recursos com alugu\u00e9is de instala\u00e7\u00f5es da cooperativa a terceiros, que j\u00e1 somam mais de R$ 130 mil mensais e presta\u00e7\u00e3o de servi\u00e7os, principalmente nos segmentos de leite, aves e ra\u00e7\u00f5es.<\/p>\n\n\n\n<p>Para a avicultura, ele trouxe not\u00edcias positivas no que diz respeito \u00e0s negocia\u00e7\u00f5es de presta\u00e7\u00e3o de servi\u00e7os \u00e0 empresa terceira. \u201cAs tratativas para presta\u00e7\u00e3o de servi\u00e7os no nosso Frigor\u00edfico de Aves, em Westf\u00e1lia, est\u00e3o avan\u00e7adas, com a minuta de contrato sendo finalizada\u201d, adiantou.<\/p>\n\n\n\n<p>A parceria prev\u00ea que, j\u00e1 em janeiro de 2024, essa empresa passe a abater 50 mil frangos\/dia na unidade da Languiru. Com isso, o frigor\u00edfico passaria a abater 75 mil aves\/dia em um turno, considerando a produ\u00e7\u00e3o de 25 mil\/aves dia com a marca Languiru. At\u00e9 o m\u00eas de abril de 2024, o volume de abate para a empresa parceira deve passar a 125 mil aves\/dia que, somado ao volume pr\u00f3prio da Languiru, chegaria ao abate de 150 mil aves\/dia em dois turnos. <\/p>\n\n\n\n<p>\u201cEsse novo cen\u00e1rio, com a ativa\u00e7\u00e3o do segundo turno, demandaria a contrata\u00e7\u00e3o de cerca de 230 funcion\u00e1rios. Esse volume de produ\u00e7\u00e3o torna a planta industrial rent\u00e1vel, passo importante tamb\u00e9m para a preserva\u00e7\u00e3o do campo, que sempre foi nossa prioridade. Negocia\u00e7\u00f5es como essa nos possibilitam uma proje\u00e7\u00e3o de futuro bastante otimista\u201d, frisou Birck.<\/p>\n\n\n\n<p>Ainda no segmento da avicultura, foi informado aos associados que o Matrizeiro da Languiru, em Teut\u00f4nia, est\u00e1 como integrado na recria da empresa Naturovos e que o Incubat\u00f3rio da Cooperativa, em Teut\u00f4nia, tem tratativas de negocia\u00e7\u00e3o em andamento.<\/p>\n\n\n\n<h2 class=\"wp-block-heading\">Negocia\u00e7\u00f5es<\/h2>\n\n\n\n<p>Birck detalhou todos os neg\u00f3cios realizados e em andamento a partir da data de instala\u00e7\u00e3o da liquida\u00e7\u00e3o at\u00e9 o m\u00eas de outubro.<\/p>\n\n\n\n<p><strong>&#8211; Posto de Combust\u00edveis e Restaurante<\/strong>&nbsp;(Westf\u00e1lia): distrato com o propriet\u00e1rio das instala\u00e7\u00f5es, com venda do estoque de g\u00eaneros aliment\u00edcios e ativo imobilizado, sem o pagamento de multa compensat\u00f3ria por rescis\u00e3o antecipada do contrato;<\/p>\n\n\n\n<p><strong>&#8211; \u00c1reas de terra<\/strong>: vendidas \u00e1reas de terra em Teut\u00f4nia (Centro Administrativo, Linha Harmonia e Linha Germano) e em Colinas;<\/p>\n\n\n\n<p><strong>&#8211; Centro de Distribui\u00e7\u00e3o \u2013 Insumos<\/strong>&nbsp;(Bairro Alesgut\/Teut\u00f4nia): pr\u00e9dio alugado para Mantech Com\u00e9rcio de M\u00e1quinas e Equipamentos at\u00e9 agosto de 2025;<\/p>\n\n\n\n<p><strong>&#8211; Agrocenter de Rio Pardo e de Ven\u00e2ncio Aires<\/strong>: negociados com Grupo Vaccaro, de Erechim;<\/p>\n\n\n\n<p><strong>&#8211; Agrocenter de S\u00e3o Louren\u00e7o do Sul<\/strong>: negociado com Comercial Mikro e sa\u00edda de aluguel;<\/p>\n\n\n\n<p><strong>&#8211; Agrocenter M\u00e1quinas<\/strong>&nbsp;(Teut\u00f4nia): atividades encerradas em julho e pr\u00e9dio da Languiru alienado;<\/p>\n\n\n\n<p><strong>&#8211; Agrocenter de Arroio do Meio<\/strong>: distrato com STR de Arroio do Meio e sa\u00edda de aluguel;<\/p>\n\n\n\n<p><strong>&#8211; Agrocenter do Bairro Canabarro<\/strong>&nbsp;(Teut\u00f4nia): atividades encerradas em julho e sa\u00edda de aluguel;<\/p>\n\n\n\n<p><strong>&#8211; Agrocenter Shopping Lajeado<\/strong>: distrato com Montalar Empreendimentos Imobili\u00e1rios;<\/p>\n\n\n\n<p><strong>&#8211; Supermercados do Bairro Alesgut (Teut\u00f4nia) e de Estrela<\/strong>: negocia\u00e7\u00e3o do fundo de com\u00e9rcio e imobilizado com propriet\u00e1rio das instala\u00e7\u00f5es e sa\u00edda de alugu\u00e9is;<\/p>\n\n\n\n<p><strong>&#8211; Supermercado de Bom Retiro do Sul<\/strong>: negocia\u00e7\u00e3o do imobilizado com propriet\u00e1rio das instala\u00e7\u00f5es e sa\u00edda de aluguel;<\/p>\n\n\n\n<p><strong>&#8211; Supermercado Bairro Languiru<\/strong>&nbsp;(Teut\u00f4nia): venda do fundo de com\u00e9rcio e imobilizado e contrato de aluguel por 15 anos com o Grupo Passarela;<\/p>\n\n\n\n<p><strong>&#8211; Supermercado de Arroio do Meio<\/strong>: atividades encerradas em outubro e em negocia\u00e7\u00e3o;<\/p>\n\n\n\n<p><strong>&#8211; Supermercado de Po\u00e7o das Antas<\/strong>: atividades encerradas em outubro e em negocia\u00e7\u00e3o;<\/p>\n\n\n\n<p><strong>&#8211; Supermercado do Bairro Canabarro<\/strong>\u00a0(Teut\u00f4nia) \u2013 unidade pr\u00f3xima \u00e0 Escola Estadual Reynaldo Affonso Augustin): atividades encerradas em outubro e em negocia\u00e7\u00e3o;<\/p>\n\n\n\n<p><strong>&#8211; Supermercado do Bairro Canabarro<\/strong>&nbsp;(Teut\u00f4nia \u2013 unidade pr\u00f3xima \u00e0 Ind\u00fastria de Cal\u00e7ados Beira Rio): negociado imobilizado com o propriet\u00e1rio das instala\u00e7\u00f5es e sa\u00edda de aluguel;<\/p>\n\n\n\n<p><strong>&#8211; Supermercado de Cruzeiro do Sul<\/strong>: atividades encerradas em outubro, sa\u00edda de aluguel, fundo de com\u00e9rcio e imobilizado em negocia\u00e7\u00e3o;<\/p>\n\n\n\n<p><strong>&#8211; Porto de Estrela<\/strong>: distrato de compra sem pagamento de multa com propriet\u00e1rio anterior, a Agropan.<\/p>\n\n\n\n<p>\u201cAt\u00e9 o momento a economia mensal da Languiru com alugu\u00e9is j\u00e1 \u00e9 de R$ 448 mil, sem contabilizarmos os alugu\u00e9is de estruturas de Centrais de Distribui\u00e7\u00e3o que mant\u00ednhamos em outras regi\u00f5es e Estados. Estamos procurando todas as formas para resolver e desatar alguns n\u00f3s que foram feitos\u201d, valorizou o presidente liquidante.<\/p>\n\n\n\n<h2 class=\"wp-block-heading\">Auditoria externa<\/h2>\n\n\n\n<p>Os trabalhos de auditoria externa investigativa na Languiru, que v\u00eam sendo realizados pela empresa Dickel &amp; Maffi, tamb\u00e9m foram abordados. O s\u00f3cio da empresa, Jos\u00e9 Roberto Simas, falou da experi\u00eancia no trabalho com cooperativas e dos principais objetivos do processo, destacando que haver\u00e1 novo per\u00edodo de atendimento presencial a associados, ex-associados, funcion\u00e1rios, ex-funcion\u00e1rios, prestadores de servi\u00e7os e comunidade que queiram contribuir com informa\u00e7\u00f5es, sugest\u00f5es, den\u00fancias e outros fatos para o trabalho. Ser\u00e1 no per\u00edodo de 8 a 12 de janeiro de 2024. Al\u00e9m disso, segue dispon\u00edvel o endere\u00e7o eletr\u00f4nico\u00a0<a href=\"mailto:ouvidoria.languiru@dickelemaffi.com.br\" target=\"_blank\" rel=\"noreferrer noopener\">ouvidoria.languiru@dickelemaffi.com.br<\/a>\u00a0para o encaminhamento dessas informa\u00e7\u00f5es, que s\u00e3o tratadas com total sigilo e somente a empresa contratada tem acesso. A apura\u00e7\u00e3o contempla os exerc\u00edcios de 2018 a 2022.<\/p>\n\n\n\n<p>\u201cA auditoria sozinha n\u00e3o vai chegar a lugar nenhum, precisamos da ajuda dos associados, dos funcion\u00e1rios, da comunidade, de todos os envolvidos ou que j\u00e1 estiveram envolvidos e conhecem a realidade da Languiru. Contamos com a ajuda dos maiores interessados, que s\u00e3o os associados. Nossa fun\u00e7\u00e3o \u00e9 ajudar a entender, por meio dos n\u00fameros, um pouco do que aconteceu. A movimenta\u00e7\u00e3o de documentos da Languiru \u00e9 muito grande, por isso, nos ajudem a identificar os problemas, nos tragam o que voc\u00eas t\u00eam e o que voc\u00eas conhecem, vamos levantar essa situa\u00e7\u00e3o juntos\u201d, disse Simas.<\/p>\n\n\n\n<h2 class=\"wp-block-heading\">Pr\u00f3ximas assembleias<\/h2>\n\n\n\n<p>Os associados tamb\u00e9m deliberaram sobre relat\u00f3rio e balan\u00e7o do procedimento da liquida\u00e7\u00e3o e sobre a presta\u00e7\u00e3o de contas dos atos praticados durante o processo de liquida\u00e7\u00e3o extrajudicial da Cooperativa Languiru, ficando definidas as datas das pr\u00f3ximas assembleias:<\/p>\n\n\n\n<p><strong>Mar\u00e7o de 2024<\/strong>:\u00a0Assembleia Geral Ordin\u00e1ria e Extraordin\u00e1ria (contas de 1\u00ba\/1\/2023 at\u00e9 a data de Liquida\u00e7\u00e3o Extrajudicial e contas do in\u00edcio da Liquida\u00e7\u00e3o Extrajudicial at\u00e9 31\/12\/2023);<\/p>\n\n\n\n<p><strong>Setembro de 2024<\/strong>\u00a0Assembleia Geral Extraordin\u00e1ria (contas do primeiro semestre de 2024 da Liquida\u00e7\u00e3o Extrajudicial).<\/p>\n\n\n\n<h2 class=\"wp-block-heading\">Conselho Fiscal<\/h2>\n\n\n\n<p>Integrantes do Conselho Fiscal tamb\u00e9m apresentaram resumo de atividades de 18 de julho a 21 de dezembro de 2023, com \u00eanfase \u00e0 cria\u00e7\u00e3o do novo regimento interno para o regime de liquida\u00e7\u00e3o extrajudicial da cooperativa, o qual suspende e substitui o regimento homologado em assembleia no dia 29 de mar\u00e7o de 2019, enquanto perdurar o regime de liquida\u00e7\u00e3o extrajudicial. As atualiza\u00e7\u00f5es foram aprovadas pelos associados presentes.<\/p>\n\n\n\n<p>Outro item tratou do reajuste do valor da c\u00e9dula de presen\u00e7a do Conselho Fiscal, cuja proposta apresentada foi rejeitada pelos associados presentes.<\/p>\n","protected":false},"excerpt":{"rendered":"<p>Na tarde de quinta-feira (21\/12) a Cooperativa Languiru realizou sua assembleia geral extraordin\u00e1ria. Tendo por local a Associa\u00e7\u00e3o dos Funcion\u00e1rios da Languiru, em Teut\u00f4nia, o evento reuniu 135 pessoas, das quais 102 associados votantes. A ordem do dia deliberou sobre relat\u00f3rio e balan\u00e7o do procedimento da liquida\u00e7\u00e3o e sobre a presta\u00e7\u00e3o de contas dos atos [&hellip;]<\/p>\n","protected":false},"author":8,"featured_media":146043,"comment_status":"open","ping_status":"open","sticky":false,"template":"","format":"standard","meta":{"pmpro_default_level":"","_jetpack_memberships_contains_paid_content":false,"footnotes":""},"categories":[10992,2,10991],"tags":[13870,6033,406],"class_list":{"0":"post-146042","1":"post","2":"type-post","3":"status-publish","4":"format-standard","5":"has-post-thumbnail","7":"category-coopop","8":"category-featured","9":"category-economia","10":"tag-assembleia-geral-extraordinaria","11":"tag-avicultura","12":"tag-languiru","13":"pmpro-has-access"},"yoast_head":"<!-- This site is optimized with the Yoast SEO plugin v27.5 - https:\/\/yoast.com\/product\/yoast-seo-wordpress\/ -->\n<title>Languiru detalha negocia\u00e7\u00f5es a associados e projeta parceria no segmento da avicultura - Folha Popular<\/title>\n<meta name=\"robots\" content=\"index, follow, max-snippet:-1, max-image-preview:large, max-video-preview:-1\" \/>\n<link rel=\"canonical\" href=\"https:\/\/folhapopular.info\/index.php\/2023\/12\/22\/languiru-detalha-negociacoes-a-associados-e-projeta-parceria-no-segmento-da-avicultura\/\" \/>\n<meta property=\"og:locale\" content=\"pt_BR\" \/>\n<meta property=\"og:type\" content=\"article\" \/>\n<meta property=\"og:title\" content=\"Languiru detalha negocia\u00e7\u00f5es a associados e projeta parceria no segmento da avicultura - Folha Popular\" \/>\n<meta property=\"og:description\" content=\"Na tarde de quinta-feira (21\/12) a Cooperativa Languiru realizou sua assembleia geral extraordin\u00e1ria. Tendo por local a Associa\u00e7\u00e3o dos Funcion\u00e1rios da Languiru, em Teut\u00f4nia, o evento reuniu 135 pessoas, das quais 102 associados votantes. A ordem do dia deliberou sobre relat\u00f3rio e balan\u00e7o do procedimento da liquida\u00e7\u00e3o e sobre a presta\u00e7\u00e3o de contas dos atos [&hellip;]\" \/>\n<meta property=\"og:url\" content=\"https:\/\/folhapopular.info\/index.php\/2023\/12\/22\/languiru-detalha-negociacoes-a-associados-e-projeta-parceria-no-segmento-da-avicultura\/\" \/>\n<meta property=\"og:site_name\" content=\"Folha Popular\" \/>\n<meta property=\"article:published_time\" content=\"2023-12-22T18:24:37+00:00\" \/>\n<meta property=\"article:modified_time\" content=\"2023-12-22T18:26:55+00:00\" \/>\n<meta property=\"og:image\" content=\"http:\/\/folhapopular.info\/wp-content\/uploads\/2023\/12\/DSC_0788-JORNAL-scaled.jpg\" \/>\n\t<meta property=\"og:image:width\" content=\"2560\" \/>\n\t<meta property=\"og:image:height\" content=\"1707\" \/>\n\t<meta property=\"og:image:type\" content=\"image\/jpeg\" \/>\n<meta name=\"author\" content=\"Reda\u00e7\u00e3o Folha Popular\" \/>\n<meta name=\"twitter:card\" content=\"summary_large_image\" \/>\n<meta name=\"twitter:label1\" content=\"Escrito por\" \/>\n\t<meta name=\"twitter:data1\" content=\"Reda\u00e7\u00e3o Folha Popular\" \/>\n\t<meta name=\"twitter:label2\" content=\"Est. tempo de leitura\" \/>\n\t<meta name=\"twitter:data2\" content=\"8 minutos\" \/>\n<script type=\"application\/ld+json\" class=\"yoast-schema-graph\">{\"@context\":\"https:\\\/\\\/schema.org\",\"@graph\":[{\"@type\":\"Article\",\"@id\":\"https:\\\/\\\/folhapopular.info\\\/index.php\\\/2023\\\/12\\\/22\\\/languiru-detalha-negociacoes-a-associados-e-projeta-parceria-no-segmento-da-avicultura\\\/#article\",\"isPartOf\":{\"@id\":\"https:\\\/\\\/folhapopular.info\\\/index.php\\\/2023\\\/12\\\/22\\\/languiru-detalha-negociacoes-a-associados-e-projeta-parceria-no-segmento-da-avicultura\\\/\"},\"author\":{\"name\":\"Reda\u00e7\u00e3o Folha Popular\",\"@id\":\"https:\\\/\\\/folhapopular.info\\\/#\\\/schema\\\/person\\\/2814e8a0df7643585a9ca38bc6eb9d4b\"},\"headline\":\"Languiru detalha negocia\u00e7\u00f5es a associados e projeta parceria no segmento da avicultura\",\"datePublished\":\"2023-12-22T18:24:37+00:00\",\"dateModified\":\"2023-12-22T18:26:55+00:00\",\"mainEntityOfPage\":{\"@id\":\"https:\\\/\\\/folhapopular.info\\\/index.php\\\/2023\\\/12\\\/22\\\/languiru-detalha-negociacoes-a-associados-e-projeta-parceria-no-segmento-da-avicultura\\\/\"},\"wordCount\":1437,\"commentCount\":0,\"image\":{\"@id\":\"https:\\\/\\\/folhapopular.info\\\/index.php\\\/2023\\\/12\\\/22\\\/languiru-detalha-negociacoes-a-associados-e-projeta-parceria-no-segmento-da-avicultura\\\/#primaryimage\"},\"thumbnailUrl\":\"https:\\\/\\\/folhapopular.info\\\/wp-content\\\/uploads\\\/2023\\\/12\\\/DSC_0788-JORNAL-scaled.jpg\",\"keywords\":[\"Assembleia Geral Extraordin\u00e1ria\",\"avicultura\",\"Languiru\"],\"articleSection\":[\"Coopop\",\"Destaques\",\"Economia\"],\"inLanguage\":\"pt-BR\",\"potentialAction\":[{\"@type\":\"CommentAction\",\"name\":\"Comment\",\"target\":[\"https:\\\/\\\/folhapopular.info\\\/index.php\\\/2023\\\/12\\\/22\\\/languiru-detalha-negociacoes-a-associados-e-projeta-parceria-no-segmento-da-avicultura\\\/#respond\"]}]},{\"@type\":\"WebPage\",\"@id\":\"https:\\\/\\\/folhapopular.info\\\/index.php\\\/2023\\\/12\\\/22\\\/languiru-detalha-negociacoes-a-associados-e-projeta-parceria-no-segmento-da-avicultura\\\/\",\"url\":\"https:\\\/\\\/folhapopular.info\\\/index.php\\\/2023\\\/12\\\/22\\\/languiru-detalha-negociacoes-a-associados-e-projeta-parceria-no-segmento-da-avicultura\\\/\",\"name\":\"Languiru detalha negocia\u00e7\u00f5es a associados e projeta parceria no segmento da avicultura - Folha Popular\",\"isPartOf\":{\"@id\":\"https:\\\/\\\/folhapopular.info\\\/#website\"},\"primaryImageOfPage\":{\"@id\":\"https:\\\/\\\/folhapopular.info\\\/index.php\\\/2023\\\/12\\\/22\\\/languiru-detalha-negociacoes-a-associados-e-projeta-parceria-no-segmento-da-avicultura\\\/#primaryimage\"},\"image\":{\"@id\":\"https:\\\/\\\/folhapopular.info\\\/index.php\\\/2023\\\/12\\\/22\\\/languiru-detalha-negociacoes-a-associados-e-projeta-parceria-no-segmento-da-avicultura\\\/#primaryimage\"},\"thumbnailUrl\":\"https:\\\/\\\/folhapopular.info\\\/wp-content\\\/uploads\\\/2023\\\/12\\\/DSC_0788-JORNAL-scaled.jpg\",\"datePublished\":\"2023-12-22T18:24:37+00:00\",\"dateModified\":\"2023-12-22T18:26:55+00:00\",\"author\":{\"@id\":\"https:\\\/\\\/folhapopular.info\\\/#\\\/schema\\\/person\\\/2814e8a0df7643585a9ca38bc6eb9d4b\"},\"breadcrumb\":{\"@id\":\"https:\\\/\\\/folhapopular.info\\\/index.php\\\/2023\\\/12\\\/22\\\/languiru-detalha-negociacoes-a-associados-e-projeta-parceria-no-segmento-da-avicultura\\\/#breadcrumb\"},\"inLanguage\":\"pt-BR\",\"potentialAction\":[{\"@type\":\"ReadAction\",\"target\":[\"https:\\\/\\\/folhapopular.info\\\/index.php\\\/2023\\\/12\\\/22\\\/languiru-detalha-negociacoes-a-associados-e-projeta-parceria-no-segmento-da-avicultura\\\/\"]}]},{\"@type\":\"ImageObject\",\"inLanguage\":\"pt-BR\",\"@id\":\"https:\\\/\\\/folhapopular.info\\\/index.php\\\/2023\\\/12\\\/22\\\/languiru-detalha-negociacoes-a-associados-e-projeta-parceria-no-segmento-da-avicultura\\\/#primaryimage\",\"url\":\"https:\\\/\\\/folhapopular.info\\\/wp-content\\\/uploads\\\/2023\\\/12\\\/DSC_0788-JORNAL-scaled.jpg\",\"contentUrl\":\"https:\\\/\\\/folhapopular.info\\\/wp-content\\\/uploads\\\/2023\\\/12\\\/DSC_0788-JORNAL-scaled.jpg\",\"width\":2560,\"height\":1707,\"caption\":\"Presidente liquidante, Paulo Roberto Birck \\\/\\\/ Cr\u00e9dito: Leandro Augusto Hamester\"},{\"@type\":\"BreadcrumbList\",\"@id\":\"https:\\\/\\\/folhapopular.info\\\/index.php\\\/2023\\\/12\\\/22\\\/languiru-detalha-negociacoes-a-associados-e-projeta-parceria-no-segmento-da-avicultura\\\/#breadcrumb\",\"itemListElement\":[{\"@type\":\"ListItem\",\"position\":1,\"name\":\"In\u00edcio\",\"item\":\"https:\\\/\\\/folhapopular.info\\\/\"},{\"@type\":\"ListItem\",\"position\":2,\"name\":\"Languiru detalha negocia\u00e7\u00f5es a associados e projeta parceria no segmento da avicultura\"}]},{\"@type\":\"WebSite\",\"@id\":\"https:\\\/\\\/folhapopular.info\\\/#website\",\"url\":\"https:\\\/\\\/folhapopular.info\\\/\",\"name\":\"Folha Popular\",\"description\":\"Onde voc\u00ea tem vez e voz\",\"potentialAction\":[{\"@type\":\"SearchAction\",\"target\":{\"@type\":\"EntryPoint\",\"urlTemplate\":\"https:\\\/\\\/folhapopular.info\\\/?s={search_term_string}\"},\"query-input\":{\"@type\":\"PropertyValueSpecification\",\"valueRequired\":true,\"valueName\":\"search_term_string\"}}],\"inLanguage\":\"pt-BR\"},{\"@type\":\"Person\",\"@id\":\"https:\\\/\\\/folhapopular.info\\\/#\\\/schema\\\/person\\\/2814e8a0df7643585a9ca38bc6eb9d4b\",\"name\":\"Reda\u00e7\u00e3o Folha Popular\",\"image\":{\"@type\":\"ImageObject\",\"inLanguage\":\"pt-BR\",\"@id\":\"https:\\\/\\\/folhapopular.info\\\/wp-content\\\/uploads\\\/2026\\\/04\\\/Folha-1.webp\",\"url\":\"https:\\\/\\\/folhapopular.info\\\/wp-content\\\/uploads\\\/2026\\\/04\\\/Folha-1.webp\",\"contentUrl\":\"https:\\\/\\\/folhapopular.info\\\/wp-content\\\/uploads\\\/2026\\\/04\\\/Folha-1.webp\",\"caption\":\"Reda\u00e7\u00e3o Folha Popular\"},\"url\":\"https:\\\/\\\/folhapopular.info\\\/index.php\\\/author\\\/redacao\\\/\"}]}<\/script>\n<!-- \/ Yoast SEO plugin. -->","yoast_head_json":{"title":"Languiru detalha negocia\u00e7\u00f5es a associados e projeta parceria no segmento da avicultura - Folha Popular","robots":{"index":"index","follow":"follow","max-snippet":"max-snippet:-1","max-image-preview":"max-image-preview:large","max-video-preview":"max-video-preview:-1"},"canonical":"https:\/\/folhapopular.info\/index.php\/2023\/12\/22\/languiru-detalha-negociacoes-a-associados-e-projeta-parceria-no-segmento-da-avicultura\/","og_locale":"pt_BR","og_type":"article","og_title":"Languiru detalha negocia\u00e7\u00f5es a associados e projeta parceria no segmento da avicultura - Folha Popular","og_description":"Na tarde de quinta-feira (21\/12) a Cooperativa Languiru realizou sua assembleia geral extraordin\u00e1ria. Tendo por local a Associa\u00e7\u00e3o dos Funcion\u00e1rios da Languiru, em Teut\u00f4nia, o evento reuniu 135 pessoas, das quais 102 associados votantes. A ordem do dia deliberou sobre relat\u00f3rio e balan\u00e7o do procedimento da liquida\u00e7\u00e3o e sobre a presta\u00e7\u00e3o de contas dos atos [&hellip;]","og_url":"https:\/\/folhapopular.info\/index.php\/2023\/12\/22\/languiru-detalha-negociacoes-a-associados-e-projeta-parceria-no-segmento-da-avicultura\/","og_site_name":"Folha Popular","article_published_time":"2023-12-22T18:24:37+00:00","article_modified_time":"2023-12-22T18:26:55+00:00","og_image":[{"width":2560,"height":1707,"url":"http:\/\/folhapopular.info\/wp-content\/uploads\/2023\/12\/DSC_0788-JORNAL-scaled.jpg","type":"image\/jpeg"}],"author":"Reda\u00e7\u00e3o Folha Popular","twitter_card":"summary_large_image","twitter_misc":{"Escrito por":"Reda\u00e7\u00e3o Folha Popular","Est. tempo de leitura":"8 minutos"},"schema":{"@context":"https:\/\/schema.org","@graph":[{"@type":"Article","@id":"https:\/\/folhapopular.info\/index.php\/2023\/12\/22\/languiru-detalha-negociacoes-a-associados-e-projeta-parceria-no-segmento-da-avicultura\/#article","isPartOf":{"@id":"https:\/\/folhapopular.info\/index.php\/2023\/12\/22\/languiru-detalha-negociacoes-a-associados-e-projeta-parceria-no-segmento-da-avicultura\/"},"author":{"name":"Reda\u00e7\u00e3o Folha Popular","@id":"https:\/\/folhapopular.info\/#\/schema\/person\/2814e8a0df7643585a9ca38bc6eb9d4b"},"headline":"Languiru detalha negocia\u00e7\u00f5es a associados e projeta parceria no segmento da avicultura","datePublished":"2023-12-22T18:24:37+00:00","dateModified":"2023-12-22T18:26:55+00:00","mainEntityOfPage":{"@id":"https:\/\/folhapopular.info\/index.php\/2023\/12\/22\/languiru-detalha-negociacoes-a-associados-e-projeta-parceria-no-segmento-da-avicultura\/"},"wordCount":1437,"commentCount":0,"image":{"@id":"https:\/\/folhapopular.info\/index.php\/2023\/12\/22\/languiru-detalha-negociacoes-a-associados-e-projeta-parceria-no-segmento-da-avicultura\/#primaryimage"},"thumbnailUrl":"https:\/\/folhapopular.info\/wp-content\/uploads\/2023\/12\/DSC_0788-JORNAL-scaled.jpg","keywords":["Assembleia Geral Extraordin\u00e1ria","avicultura","Languiru"],"articleSection":["Coopop","Destaques","Economia"],"inLanguage":"pt-BR","potentialAction":[{"@type":"CommentAction","name":"Comment","target":["https:\/\/folhapopular.info\/index.php\/2023\/12\/22\/languiru-detalha-negociacoes-a-associados-e-projeta-parceria-no-segmento-da-avicultura\/#respond"]}]},{"@type":"WebPage","@id":"https:\/\/folhapopular.info\/index.php\/2023\/12\/22\/languiru-detalha-negociacoes-a-associados-e-projeta-parceria-no-segmento-da-avicultura\/","url":"https:\/\/folhapopular.info\/index.php\/2023\/12\/22\/languiru-detalha-negociacoes-a-associados-e-projeta-parceria-no-segmento-da-avicultura\/","name":"Languiru detalha negocia\u00e7\u00f5es a associados e projeta parceria no segmento da avicultura - Folha Popular","isPartOf":{"@id":"https:\/\/folhapopular.info\/#website"},"primaryImageOfPage":{"@id":"https:\/\/folhapopular.info\/index.php\/2023\/12\/22\/languiru-detalha-negociacoes-a-associados-e-projeta-parceria-no-segmento-da-avicultura\/#primaryimage"},"image":{"@id":"https:\/\/folhapopular.info\/index.php\/2023\/12\/22\/languiru-detalha-negociacoes-a-associados-e-projeta-parceria-no-segmento-da-avicultura\/#primaryimage"},"thumbnailUrl":"https:\/\/folhapopular.info\/wp-content\/uploads\/2023\/12\/DSC_0788-JORNAL-scaled.jpg","datePublished":"2023-12-22T18:24:37+00:00","dateModified":"2023-12-22T18:26:55+00:00","author":{"@id":"https:\/\/folhapopular.info\/#\/schema\/person\/2814e8a0df7643585a9ca38bc6eb9d4b"},"breadcrumb":{"@id":"https:\/\/folhapopular.info\/index.php\/2023\/12\/22\/languiru-detalha-negociacoes-a-associados-e-projeta-parceria-no-segmento-da-avicultura\/#breadcrumb"},"inLanguage":"pt-BR","potentialAction":[{"@type":"ReadAction","target":["https:\/\/folhapopular.info\/index.php\/2023\/12\/22\/languiru-detalha-negociacoes-a-associados-e-projeta-parceria-no-segmento-da-avicultura\/"]}]},{"@type":"ImageObject","inLanguage":"pt-BR","@id":"https:\/\/folhapopular.info\/index.php\/2023\/12\/22\/languiru-detalha-negociacoes-a-associados-e-projeta-parceria-no-segmento-da-avicultura\/#primaryimage","url":"https:\/\/folhapopular.info\/wp-content\/uploads\/2023\/12\/DSC_0788-JORNAL-scaled.jpg","contentUrl":"https:\/\/folhapopular.info\/wp-content\/uploads\/2023\/12\/DSC_0788-JORNAL-scaled.jpg","width":2560,"height":1707,"caption":"Presidente liquidante, Paulo Roberto Birck \/\/ Cr\u00e9dito: Leandro Augusto Hamester"},{"@type":"BreadcrumbList","@id":"https:\/\/folhapopular.info\/index.php\/2023\/12\/22\/languiru-detalha-negociacoes-a-associados-e-projeta-parceria-no-segmento-da-avicultura\/#breadcrumb","itemListElement":[{"@type":"ListItem","position":1,"name":"In\u00edcio","item":"https:\/\/folhapopular.info\/"},{"@type":"ListItem","position":2,"name":"Languiru detalha negocia\u00e7\u00f5es a associados e projeta parceria no segmento da avicultura"}]},{"@type":"WebSite","@id":"https:\/\/folhapopular.info\/#website","url":"https:\/\/folhapopular.info\/","name":"Folha Popular","description":"Onde voc\u00ea tem vez e voz","potentialAction":[{"@type":"SearchAction","target":{"@type":"EntryPoint","urlTemplate":"https:\/\/folhapopular.info\/?s={search_term_string}"},"query-input":{"@type":"PropertyValueSpecification","valueRequired":true,"valueName":"search_term_string"}}],"inLanguage":"pt-BR"},{"@type":"Person","@id":"https:\/\/folhapopular.info\/#\/schema\/person\/2814e8a0df7643585a9ca38bc6eb9d4b","name":"Reda\u00e7\u00e3o Folha Popular","image":{"@type":"ImageObject","inLanguage":"pt-BR","@id":"https:\/\/folhapopular.info\/wp-content\/uploads\/2026\/04\/Folha-1.webp","url":"https:\/\/folhapopular.info\/wp-content\/uploads\/2026\/04\/Folha-1.webp","contentUrl":"https:\/\/folhapopular.info\/wp-content\/uploads\/2026\/04\/Folha-1.webp","caption":"Reda\u00e7\u00e3o Folha Popular"},"url":"https:\/\/folhapopular.info\/index.php\/author\/redacao\/"}]}},"jetpack_featured_media_url":"https:\/\/folhapopular.info\/wp-content\/uploads\/2023\/12\/DSC_0788-JORNAL-scaled.jpg","jetpack_sharing_enabled":true,"amp_enabled":true,"_links":{"self":[{"href":"https:\/\/folhapopular.info\/index.php\/wp-json\/wp\/v2\/posts\/146042","targetHints":{"allow":["GET"]}}],"collection":[{"href":"https:\/\/folhapopular.info\/index.php\/wp-json\/wp\/v2\/posts"}],"about":[{"href":"https:\/\/folhapopular.info\/index.php\/wp-json\/wp\/v2\/types\/post"}],"author":[{"embeddable":true,"href":"https:\/\/folhapopular.info\/index.php\/wp-json\/wp\/v2\/users\/8"}],"replies":[{"embeddable":true,"href":"https:\/\/folhapopular.info\/index.php\/wp-json\/wp\/v2\/comments?post=146042"}],"version-history":[{"count":0,"href":"https:\/\/folhapopular.info\/index.php\/wp-json\/wp\/v2\/posts\/146042\/revisions"}],"wp:featuredmedia":[{"embeddable":true,"href":"https:\/\/folhapopular.info\/index.php\/wp-json\/wp\/v2\/media\/146043"}],"wp:attachment":[{"href":"https:\/\/folhapopular.info\/index.php\/wp-json\/wp\/v2\/media?parent=146042"}],"wp:term":[{"taxonomy":"category","embeddable":true,"href":"https:\/\/folhapopular.info\/index.php\/wp-json\/wp\/v2\/categories?post=146042"},{"taxonomy":"post_tag","embeddable":true,"href":"https:\/\/folhapopular.info\/index.php\/wp-json\/wp\/v2\/tags?post=146042"}],"curies":[{"name":"wp","href":"https:\/\/api.w.org\/{rel}","templated":true}]}}