{"id":146285,"date":"2023-12-26T16:25:00","date_gmt":"2023-12-26T19:25:00","guid":{"rendered":"https:\/\/folhapopular.info\/?p=146285"},"modified":"2023-12-26T15:20:34","modified_gmt":"2023-12-26T18:20:34","slug":"estado-oficializa-promocao-de-2-540-servidores-da-seguranca-publica","status":"publish","type":"post","link":"https:\/\/folhapopular.info\/index.php\/2023\/12\/26\/estado-oficializa-promocao-de-2-540-servidores-da-seguranca-publica\/","title":{"rendered":"Estado oficializa promo\u00e7\u00e3o de 2.540 servidores da seguran\u00e7a p\u00fablica"},"content":{"rendered":"\n<p>Em edi\u00e7\u00e3o extraordin\u00e1ria do Di\u00e1rio Oficial do Estado na noite de sexta-feira (22\/12), o Governo do RS promoveu 2.540 servidores da Brigada Militar (BM), da Pol\u00edcia Civil (PC), do Corpo de Bombeiros Militar (CBMRS), do Instituto-Geral de Per\u00edcias (IGP) e da Superintend\u00eancia dos Servi\u00e7os Penitenci\u00e1rios (Susepe).<\/p>\n\n\n\n<p>Segundo Eduardo Leite, o avan\u00e7o nas carreiras \u00e9 um reconhecimento \u00e0 dedica\u00e7\u00e3o das for\u00e7as de seguran\u00e7a que, ao longo do ano, trabalharam em defesa da popula\u00e7\u00e3o ga\u00facha. Para garantir as promo\u00e7\u00f5es, ser\u00e3o investidos cerca de R$ 80 milh\u00f5es.<\/p>\n\n\n\n<p>Pelas redes sociais, o governador destacou o empenho de todos os trabalhadores que atuam na ponta, garantindo a seguran\u00e7a e defesa dos cidad\u00e3os. \u201cCom muita alegria reconhecemos o valor de quem muito se dedicou ao longo de um ano dif\u00edcil. Tivemos enchentes, enxurradas e ciclones que exigiram muito das nossas for\u00e7as de seguran\u00e7a. Fazemos as devidas promo\u00e7\u00f5es como reconhecimento pelo esfor\u00e7o e empenho de todos&#8221;, destacou.<\/p>\n\n\n\n<p>As promo\u00e7\u00f5es ocorreram pelas modalidades de antiguidade e merecimento, que levam em conta a classifica\u00e7\u00e3o dos servidores em crit\u00e9rios internos relacionados \u00e0 atividade deles em cada institui\u00e7\u00e3o.<\/p>\n\n\n\n<p>Os pedidos das promo\u00e7\u00f5es passaram pela an\u00e1lise do Grupo de Assessoramento Especial (GAE) e, ap\u00f3s a conclus\u00e3o dos estudos or\u00e7ament\u00e1rios, foram autorizados pelo Piratini. A lista completa dos servidores promovidos pode ser conferida no DOE <a href=\"http:\/\/www.diariooficial.rs.gov.br\/diario?td=DOE&amp;dt=2023-12-22&amp;pg=189\" target=\"_blank\" rel=\"noreferrer noopener\">clicando aqui<\/a>.<\/p>\n\n\n\n<h2 class=\"wp-block-heading\">Promo\u00e7\u00f5es por setor<\/h2>\n\n\n\n<p><strong>Brigada Militar<\/strong><\/p>\n\n\n\n<ul class=\"wp-block-list\">\n<li>Primeiro-sargento: 319<\/li>\n\n\n\n<li>Terceiro-sargento: 1<\/li>\n\n\n\n<li>Major: 71<\/li>\n\n\n\n<li>Tenente-coronel: 65<\/li>\n\n\n\n<li>Coronel: 30<\/li>\n<\/ul>\n\n\n\n<p>Total: 486<\/p>\n\n\n\n<p><strong>Corpo de Bombeiros Militar<\/strong><\/p>\n\n\n\n<ul class=\"wp-block-list\">\n<li>Segundo-sargento: 316 (Curso T\u00e9cnico em Seguran\u00e7a P\u00fablica)<\/li>\n\n\n\n<li>Capit\u00e3o: 6<\/li>\n\n\n\n<li>Major: 18<\/li>\n\n\n\n<li>Tenente-coronel: 7<\/li>\n<\/ul>\n\n\n\n<p>Total: 347<\/p>\n\n\n\n<p><strong>Pol\u00edcia Civil<\/strong><\/p>\n\n\n\n<ul class=\"wp-block-list\">\n<li>Delegados: 84<\/li>\n\n\n\n<li>Agentes: 1.162<\/li>\n\n\n\n<li>Investigadores: 15<\/li>\n<\/ul>\n\n\n\n<p>Total: 1.261<\/p>\n\n\n\n<p><strong>IGP<\/strong><\/p>\n\n\n\n<ul class=\"wp-block-list\">\n<li>Servidores: 80<\/li>\n<\/ul>\n\n\n\n<p>Total: 80<\/p>\n\n\n\n<p><strong>Susepe<\/strong><\/p>\n\n\n\n<ul class=\"wp-block-list\">\n<li>Agentes penitenci\u00e1rios: 232<\/li>\n\n\n\n<li>Agentes penitenci\u00e1rios administrativos: 126<\/li>\n\n\n\n<li>T\u00e9cnicos superiores penitenci\u00e1rios: 8<\/li>\n<\/ul>\n\n\n\n<p>Total: 366<\/p>\n","protected":false},"excerpt":{"rendered":"<p>Em edi\u00e7\u00e3o extraordin\u00e1ria do Di\u00e1rio Oficial do Estado na noite de sexta-feira (22\/12), o Governo do RS promoveu 2.540 servidores da Brigada Militar (BM), da Pol\u00edcia Civil (PC), do Corpo de Bombeiros Militar (CBMRS), do Instituto-Geral de Per\u00edcias (IGP) e da Superintend\u00eancia dos Servi\u00e7os Penitenci\u00e1rios (Susepe). Segundo Eduardo Leite, o avan\u00e7o nas carreiras \u00e9 um [&hellip;]<\/p>\n","protected":false},"author":8,"featured_media":146289,"comment_status":"open","ping_status":"open","sticky":false,"template":"","format":"standard","meta":{"pmpro_default_level":"","_jetpack_memberships_contains_paid_content":false,"footnotes":""},"categories":[2,7],"tags":[251,269,7895],"class_list":{"0":"post-146285","1":"post","2":"type-post","3":"status-publish","4":"format-standard","5":"has-post-thumbnail","7":"category-featured","8":"category-seguranca","9":"tag-brigada-militar","10":"tag-seguranca-publica","11":"tag-sistema-prisional","12":"pmpro-has-access"},"yoast_head":"<!-- This site is optimized with the Yoast SEO plugin v27.5 - https:\/\/yoast.com\/product\/yoast-seo-wordpress\/ -->\n<title>Estado oficializa promo\u00e7\u00e3o de 2.540 servidores da seguran\u00e7a p\u00fablica - Folha Popular<\/title>\n<meta name=\"robots\" content=\"index, follow, max-snippet:-1, max-image-preview:large, max-video-preview:-1\" \/>\n<link rel=\"canonical\" href=\"https:\/\/folhapopular.info\/index.php\/2023\/12\/26\/estado-oficializa-promocao-de-2-540-servidores-da-seguranca-publica\/\" \/>\n<meta property=\"og:locale\" content=\"pt_BR\" \/>\n<meta property=\"og:type\" content=\"article\" \/>\n<meta property=\"og:title\" content=\"Estado oficializa promo\u00e7\u00e3o de 2.540 servidores da seguran\u00e7a p\u00fablica - Folha Popular\" \/>\n<meta property=\"og:description\" content=\"Em edi\u00e7\u00e3o extraordin\u00e1ria do Di\u00e1rio Oficial do Estado na noite de sexta-feira (22\/12), o Governo do RS promoveu 2.540 servidores da Brigada Militar (BM), da Pol\u00edcia Civil (PC), do Corpo de Bombeiros Militar (CBMRS), do Instituto-Geral de Per\u00edcias (IGP) e da Superintend\u00eancia dos Servi\u00e7os Penitenci\u00e1rios (Susepe). Segundo Eduardo Leite, o avan\u00e7o nas carreiras \u00e9 um [&hellip;]\" \/>\n<meta property=\"og:url\" content=\"https:\/\/folhapopular.info\/index.php\/2023\/12\/26\/estado-oficializa-promocao-de-2-540-servidores-da-seguranca-publica\/\" \/>\n<meta property=\"og:site_name\" content=\"Folha Popular\" \/>\n<meta property=\"article:published_time\" content=\"2023-12-26T19:25:00+00:00\" \/>\n<meta property=\"og:image\" content=\"https:\/\/folhapopular.info\/wp-content\/uploads\/2023\/12\/26091804_2070751_GD.jpeg\" \/>\n\t<meta property=\"og:image:width\" content=\"800\" \/>\n\t<meta property=\"og:image:height\" content=\"450\" \/>\n\t<meta property=\"og:image:type\" content=\"image\/jpeg\" \/>\n<meta name=\"author\" content=\"Reda\u00e7\u00e3o Folha Popular\" \/>\n<meta name=\"twitter:card\" content=\"summary_large_image\" \/>\n<meta name=\"twitter:label1\" content=\"Escrito por\" \/>\n\t<meta name=\"twitter:data1\" content=\"Reda\u00e7\u00e3o Folha Popular\" \/>\n\t<meta name=\"twitter:label2\" content=\"Est. tempo de leitura\" \/>\n\t<meta name=\"twitter:data2\" content=\"2 minutos\" \/>\n<script type=\"application\/ld+json\" class=\"yoast-schema-graph\">{\"@context\":\"https:\\\/\\\/schema.org\",\"@graph\":[{\"@type\":\"Article\",\"@id\":\"https:\\\/\\\/folhapopular.info\\\/index.php\\\/2023\\\/12\\\/26\\\/estado-oficializa-promocao-de-2-540-servidores-da-seguranca-publica\\\/#article\",\"isPartOf\":{\"@id\":\"https:\\\/\\\/folhapopular.info\\\/index.php\\\/2023\\\/12\\\/26\\\/estado-oficializa-promocao-de-2-540-servidores-da-seguranca-publica\\\/\"},\"author\":{\"name\":\"Reda\u00e7\u00e3o Folha Popular\",\"@id\":\"https:\\\/\\\/folhapopular.info\\\/#\\\/schema\\\/person\\\/2814e8a0df7643585a9ca38bc6eb9d4b\"},\"headline\":\"Estado oficializa promo\u00e7\u00e3o de 2.540 servidores da seguran\u00e7a p\u00fablica\",\"datePublished\":\"2023-12-26T19:25:00+00:00\",\"mainEntityOfPage\":{\"@id\":\"https:\\\/\\\/folhapopular.info\\\/index.php\\\/2023\\\/12\\\/26\\\/estado-oficializa-promocao-de-2-540-servidores-da-seguranca-publica\\\/\"},\"wordCount\":307,\"commentCount\":0,\"image\":{\"@id\":\"https:\\\/\\\/folhapopular.info\\\/index.php\\\/2023\\\/12\\\/26\\\/estado-oficializa-promocao-de-2-540-servidores-da-seguranca-publica\\\/#primaryimage\"},\"thumbnailUrl\":\"https:\\\/\\\/folhapopular.info\\\/wp-content\\\/uploads\\\/2023\\\/12\\\/26091804_2070751_GD.jpeg\",\"keywords\":[\"Brigada Militar\",\"Seguran\u00e7a P\u00fablica\",\"Sistema prisional\"],\"articleSection\":[\"Destaques\",\"Seguran\u00e7a\"],\"inLanguage\":\"pt-BR\",\"potentialAction\":[{\"@type\":\"CommentAction\",\"name\":\"Comment\",\"target\":[\"https:\\\/\\\/folhapopular.info\\\/index.php\\\/2023\\\/12\\\/26\\\/estado-oficializa-promocao-de-2-540-servidores-da-seguranca-publica\\\/#respond\"]}]},{\"@type\":\"WebPage\",\"@id\":\"https:\\\/\\\/folhapopular.info\\\/index.php\\\/2023\\\/12\\\/26\\\/estado-oficializa-promocao-de-2-540-servidores-da-seguranca-publica\\\/\",\"url\":\"https:\\\/\\\/folhapopular.info\\\/index.php\\\/2023\\\/12\\\/26\\\/estado-oficializa-promocao-de-2-540-servidores-da-seguranca-publica\\\/\",\"name\":\"Estado oficializa promo\u00e7\u00e3o de 2.540 servidores da seguran\u00e7a p\u00fablica - Folha Popular\",\"isPartOf\":{\"@id\":\"https:\\\/\\\/folhapopular.info\\\/#website\"},\"primaryImageOfPage\":{\"@id\":\"https:\\\/\\\/folhapopular.info\\\/index.php\\\/2023\\\/12\\\/26\\\/estado-oficializa-promocao-de-2-540-servidores-da-seguranca-publica\\\/#primaryimage\"},\"image\":{\"@id\":\"https:\\\/\\\/folhapopular.info\\\/index.php\\\/2023\\\/12\\\/26\\\/estado-oficializa-promocao-de-2-540-servidores-da-seguranca-publica\\\/#primaryimage\"},\"thumbnailUrl\":\"https:\\\/\\\/folhapopular.info\\\/wp-content\\\/uploads\\\/2023\\\/12\\\/26091804_2070751_GD.jpeg\",\"datePublished\":\"2023-12-26T19:25:00+00:00\",\"author\":{\"@id\":\"https:\\\/\\\/folhapopular.info\\\/#\\\/schema\\\/person\\\/2814e8a0df7643585a9ca38bc6eb9d4b\"},\"breadcrumb\":{\"@id\":\"https:\\\/\\\/folhapopular.info\\\/index.php\\\/2023\\\/12\\\/26\\\/estado-oficializa-promocao-de-2-540-servidores-da-seguranca-publica\\\/#breadcrumb\"},\"inLanguage\":\"pt-BR\",\"potentialAction\":[{\"@type\":\"ReadAction\",\"target\":[\"https:\\\/\\\/folhapopular.info\\\/index.php\\\/2023\\\/12\\\/26\\\/estado-oficializa-promocao-de-2-540-servidores-da-seguranca-publica\\\/\"]}]},{\"@type\":\"ImageObject\",\"inLanguage\":\"pt-BR\",\"@id\":\"https:\\\/\\\/folhapopular.info\\\/index.php\\\/2023\\\/12\\\/26\\\/estado-oficializa-promocao-de-2-540-servidores-da-seguranca-publica\\\/#primaryimage\",\"url\":\"https:\\\/\\\/folhapopular.info\\\/wp-content\\\/uploads\\\/2023\\\/12\\\/26091804_2070751_GD.jpeg\",\"contentUrl\":\"https:\\\/\\\/folhapopular.info\\\/wp-content\\\/uploads\\\/2023\\\/12\\\/26091804_2070751_GD.jpeg\",\"width\":800,\"height\":450,\"caption\":\"Cr\u00e9dito: Diego Mendes\\\/Ascom Susepe\"},{\"@type\":\"BreadcrumbList\",\"@id\":\"https:\\\/\\\/folhapopular.info\\\/index.php\\\/2023\\\/12\\\/26\\\/estado-oficializa-promocao-de-2-540-servidores-da-seguranca-publica\\\/#breadcrumb\",\"itemListElement\":[{\"@type\":\"ListItem\",\"position\":1,\"name\":\"In\u00edcio\",\"item\":\"https:\\\/\\\/folhapopular.info\\\/\"},{\"@type\":\"ListItem\",\"position\":2,\"name\":\"Estado oficializa promo\u00e7\u00e3o de 2.540 servidores da seguran\u00e7a p\u00fablica\"}]},{\"@type\":\"WebSite\",\"@id\":\"https:\\\/\\\/folhapopular.info\\\/#website\",\"url\":\"https:\\\/\\\/folhapopular.info\\\/\",\"name\":\"Folha Popular\",\"description\":\"Onde voc\u00ea tem vez e voz\",\"potentialAction\":[{\"@type\":\"SearchAction\",\"target\":{\"@type\":\"EntryPoint\",\"urlTemplate\":\"https:\\\/\\\/folhapopular.info\\\/?s={search_term_string}\"},\"query-input\":{\"@type\":\"PropertyValueSpecification\",\"valueRequired\":true,\"valueName\":\"search_term_string\"}}],\"inLanguage\":\"pt-BR\"},{\"@type\":\"Person\",\"@id\":\"https:\\\/\\\/folhapopular.info\\\/#\\\/schema\\\/person\\\/2814e8a0df7643585a9ca38bc6eb9d4b\",\"name\":\"Reda\u00e7\u00e3o Folha Popular\",\"image\":{\"@type\":\"ImageObject\",\"inLanguage\":\"pt-BR\",\"@id\":\"https:\\\/\\\/folhapopular.info\\\/wp-content\\\/uploads\\\/2026\\\/04\\\/Folha-1.webp\",\"url\":\"https:\\\/\\\/folhapopular.info\\\/wp-content\\\/uploads\\\/2026\\\/04\\\/Folha-1.webp\",\"contentUrl\":\"https:\\\/\\\/folhapopular.info\\\/wp-content\\\/uploads\\\/2026\\\/04\\\/Folha-1.webp\",\"caption\":\"Reda\u00e7\u00e3o Folha Popular\"},\"url\":\"https:\\\/\\\/folhapopular.info\\\/index.php\\\/author\\\/redacao\\\/\"}]}<\/script>\n<!-- \/ Yoast SEO plugin. -->","yoast_head_json":{"title":"Estado oficializa promo\u00e7\u00e3o de 2.540 servidores da seguran\u00e7a p\u00fablica - Folha Popular","robots":{"index":"index","follow":"follow","max-snippet":"max-snippet:-1","max-image-preview":"max-image-preview:large","max-video-preview":"max-video-preview:-1"},"canonical":"https:\/\/folhapopular.info\/index.php\/2023\/12\/26\/estado-oficializa-promocao-de-2-540-servidores-da-seguranca-publica\/","og_locale":"pt_BR","og_type":"article","og_title":"Estado oficializa promo\u00e7\u00e3o de 2.540 servidores da seguran\u00e7a p\u00fablica - Folha Popular","og_description":"Em edi\u00e7\u00e3o extraordin\u00e1ria do Di\u00e1rio Oficial do Estado na noite de sexta-feira (22\/12), o Governo do RS promoveu 2.540 servidores da Brigada Militar (BM), da Pol\u00edcia Civil (PC), do Corpo de Bombeiros Militar (CBMRS), do Instituto-Geral de Per\u00edcias (IGP) e da Superintend\u00eancia dos Servi\u00e7os Penitenci\u00e1rios (Susepe). Segundo Eduardo Leite, o avan\u00e7o nas carreiras \u00e9 um [&hellip;]","og_url":"https:\/\/folhapopular.info\/index.php\/2023\/12\/26\/estado-oficializa-promocao-de-2-540-servidores-da-seguranca-publica\/","og_site_name":"Folha Popular","article_published_time":"2023-12-26T19:25:00+00:00","og_image":[{"width":800,"height":450,"url":"https:\/\/folhapopular.info\/wp-content\/uploads\/2023\/12\/26091804_2070751_GD.jpeg","type":"image\/jpeg"}],"author":"Reda\u00e7\u00e3o Folha Popular","twitter_card":"summary_large_image","twitter_misc":{"Escrito por":"Reda\u00e7\u00e3o Folha Popular","Est. tempo de leitura":"2 minutos"},"schema":{"@context":"https:\/\/schema.org","@graph":[{"@type":"Article","@id":"https:\/\/folhapopular.info\/index.php\/2023\/12\/26\/estado-oficializa-promocao-de-2-540-servidores-da-seguranca-publica\/#article","isPartOf":{"@id":"https:\/\/folhapopular.info\/index.php\/2023\/12\/26\/estado-oficializa-promocao-de-2-540-servidores-da-seguranca-publica\/"},"author":{"name":"Reda\u00e7\u00e3o Folha Popular","@id":"https:\/\/folhapopular.info\/#\/schema\/person\/2814e8a0df7643585a9ca38bc6eb9d4b"},"headline":"Estado oficializa promo\u00e7\u00e3o de 2.540 servidores da seguran\u00e7a p\u00fablica","datePublished":"2023-12-26T19:25:00+00:00","mainEntityOfPage":{"@id":"https:\/\/folhapopular.info\/index.php\/2023\/12\/26\/estado-oficializa-promocao-de-2-540-servidores-da-seguranca-publica\/"},"wordCount":307,"commentCount":0,"image":{"@id":"https:\/\/folhapopular.info\/index.php\/2023\/12\/26\/estado-oficializa-promocao-de-2-540-servidores-da-seguranca-publica\/#primaryimage"},"thumbnailUrl":"https:\/\/folhapopular.info\/wp-content\/uploads\/2023\/12\/26091804_2070751_GD.jpeg","keywords":["Brigada Militar","Seguran\u00e7a P\u00fablica","Sistema prisional"],"articleSection":["Destaques","Seguran\u00e7a"],"inLanguage":"pt-BR","potentialAction":[{"@type":"CommentAction","name":"Comment","target":["https:\/\/folhapopular.info\/index.php\/2023\/12\/26\/estado-oficializa-promocao-de-2-540-servidores-da-seguranca-publica\/#respond"]}]},{"@type":"WebPage","@id":"https:\/\/folhapopular.info\/index.php\/2023\/12\/26\/estado-oficializa-promocao-de-2-540-servidores-da-seguranca-publica\/","url":"https:\/\/folhapopular.info\/index.php\/2023\/12\/26\/estado-oficializa-promocao-de-2-540-servidores-da-seguranca-publica\/","name":"Estado oficializa promo\u00e7\u00e3o de 2.540 servidores da seguran\u00e7a p\u00fablica - Folha Popular","isPartOf":{"@id":"https:\/\/folhapopular.info\/#website"},"primaryImageOfPage":{"@id":"https:\/\/folhapopular.info\/index.php\/2023\/12\/26\/estado-oficializa-promocao-de-2-540-servidores-da-seguranca-publica\/#primaryimage"},"image":{"@id":"https:\/\/folhapopular.info\/index.php\/2023\/12\/26\/estado-oficializa-promocao-de-2-540-servidores-da-seguranca-publica\/#primaryimage"},"thumbnailUrl":"https:\/\/folhapopular.info\/wp-content\/uploads\/2023\/12\/26091804_2070751_GD.jpeg","datePublished":"2023-12-26T19:25:00+00:00","author":{"@id":"https:\/\/folhapopular.info\/#\/schema\/person\/2814e8a0df7643585a9ca38bc6eb9d4b"},"breadcrumb":{"@id":"https:\/\/folhapopular.info\/index.php\/2023\/12\/26\/estado-oficializa-promocao-de-2-540-servidores-da-seguranca-publica\/#breadcrumb"},"inLanguage":"pt-BR","potentialAction":[{"@type":"ReadAction","target":["https:\/\/folhapopular.info\/index.php\/2023\/12\/26\/estado-oficializa-promocao-de-2-540-servidores-da-seguranca-publica\/"]}]},{"@type":"ImageObject","inLanguage":"pt-BR","@id":"https:\/\/folhapopular.info\/index.php\/2023\/12\/26\/estado-oficializa-promocao-de-2-540-servidores-da-seguranca-publica\/#primaryimage","url":"https:\/\/folhapopular.info\/wp-content\/uploads\/2023\/12\/26091804_2070751_GD.jpeg","contentUrl":"https:\/\/folhapopular.info\/wp-content\/uploads\/2023\/12\/26091804_2070751_GD.jpeg","width":800,"height":450,"caption":"Cr\u00e9dito: Diego Mendes\/Ascom Susepe"},{"@type":"BreadcrumbList","@id":"https:\/\/folhapopular.info\/index.php\/2023\/12\/26\/estado-oficializa-promocao-de-2-540-servidores-da-seguranca-publica\/#breadcrumb","itemListElement":[{"@type":"ListItem","position":1,"name":"In\u00edcio","item":"https:\/\/folhapopular.info\/"},{"@type":"ListItem","position":2,"name":"Estado oficializa promo\u00e7\u00e3o de 2.540 servidores da seguran\u00e7a p\u00fablica"}]},{"@type":"WebSite","@id":"https:\/\/folhapopular.info\/#website","url":"https:\/\/folhapopular.info\/","name":"Folha Popular","description":"Onde voc\u00ea tem vez e voz","potentialAction":[{"@type":"SearchAction","target":{"@type":"EntryPoint","urlTemplate":"https:\/\/folhapopular.info\/?s={search_term_string}"},"query-input":{"@type":"PropertyValueSpecification","valueRequired":true,"valueName":"search_term_string"}}],"inLanguage":"pt-BR"},{"@type":"Person","@id":"https:\/\/folhapopular.info\/#\/schema\/person\/2814e8a0df7643585a9ca38bc6eb9d4b","name":"Reda\u00e7\u00e3o Folha Popular","image":{"@type":"ImageObject","inLanguage":"pt-BR","@id":"https:\/\/folhapopular.info\/wp-content\/uploads\/2026\/04\/Folha-1.webp","url":"https:\/\/folhapopular.info\/wp-content\/uploads\/2026\/04\/Folha-1.webp","contentUrl":"https:\/\/folhapopular.info\/wp-content\/uploads\/2026\/04\/Folha-1.webp","caption":"Reda\u00e7\u00e3o Folha Popular"},"url":"https:\/\/folhapopular.info\/index.php\/author\/redacao\/"}]}},"jetpack_featured_media_url":"https:\/\/folhapopular.info\/wp-content\/uploads\/2023\/12\/26091804_2070751_GD.jpeg","jetpack_sharing_enabled":true,"amp_enabled":true,"_links":{"self":[{"href":"https:\/\/folhapopular.info\/index.php\/wp-json\/wp\/v2\/posts\/146285","targetHints":{"allow":["GET"]}}],"collection":[{"href":"https:\/\/folhapopular.info\/index.php\/wp-json\/wp\/v2\/posts"}],"about":[{"href":"https:\/\/folhapopular.info\/index.php\/wp-json\/wp\/v2\/types\/post"}],"author":[{"embeddable":true,"href":"https:\/\/folhapopular.info\/index.php\/wp-json\/wp\/v2\/users\/8"}],"replies":[{"embeddable":true,"href":"https:\/\/folhapopular.info\/index.php\/wp-json\/wp\/v2\/comments?post=146285"}],"version-history":[{"count":0,"href":"https:\/\/folhapopular.info\/index.php\/wp-json\/wp\/v2\/posts\/146285\/revisions"}],"wp:featuredmedia":[{"embeddable":true,"href":"https:\/\/folhapopular.info\/index.php\/wp-json\/wp\/v2\/media\/146289"}],"wp:attachment":[{"href":"https:\/\/folhapopular.info\/index.php\/wp-json\/wp\/v2\/media?parent=146285"}],"wp:term":[{"taxonomy":"category","embeddable":true,"href":"https:\/\/folhapopular.info\/index.php\/wp-json\/wp\/v2\/categories?post=146285"},{"taxonomy":"post_tag","embeddable":true,"href":"https:\/\/folhapopular.info\/index.php\/wp-json\/wp\/v2\/tags?post=146285"}],"curies":[{"name":"wp","href":"https:\/\/api.w.org\/{rel}","templated":true}]}}